{"id":104,"date":"2019-10-29T09:49:35","date_gmt":"2019-10-29T08:49:35","guid":{"rendered":"https:\/\/jumpers.work\/actionproject\/?p=104"},"modified":"2025-07-02T11:13:03","modified_gmt":"2025-07-02T09:13:03","slug":"el-interim-manager-una-solucion-adaptada-a-la-pyme","status":"publish","type":"post","link":"https:\/\/www.actionproject.es\/en_gb\/blog\/el-interim-manager-una-solucion-adaptada-a-la-pyme\/","title":{"rendered":"The \u2018interim manager\u2019: a solution adapted to the sme"},"content":{"rendered":"","protected":false},"excerpt":{"rendered":"<p>Si cre\u00edas que todo esto de la <strong>contrataci\u00f3n de directivos<\/strong> or<em> <strong>interim manager<\/strong><\/em> estaba dise\u00f1ado para grandes empresas, es hora de resetear y de darle al play.<\/p>\n<h3>\n<p><strong>\u00bfQu\u00e9 es el<em> interim manager<\/em>?<\/strong><\/h3>\n<p>Este t\u00e9rmino del ingl\u00e9s responde a la contrataci\u00f3n de directivos de manera temporal. Es decir, las empresas recurren a este servicio para un proyecto o situaci\u00f3n concreta en b\u00fasqueda del conocimiento o know how de un perfil.<\/p>\n<p>Visto de esta manera, quiz\u00e1 cueste un poco imaginarse al due\u00f1o de una de las miles de pymes que hay en Espa\u00f1a cogiendo el tel\u00e9fono o haciendo una b\u00fasqueda para contratar este servicio. Para empezar, porque de primeras pensar\u00e1 que no puede permit\u00edrselo.<\/p>\n<p><iframe class=\"giphy-embed lazyload\" data-src=\"https:\/\/giphy.com\/embed\/l378iA8T0vfaGZ9h6\" width=\"480\" height=\"270\" frameborder=\"0\" allowfullscreen=\"allowfullscreen\" src=\"data:image\/svg+xml;base64,PHN2ZyB3aWR0aD0iMSIgaGVpZ2h0PSIxIiB4bWxucz0iaHR0cDovL3d3dy53My5vcmcvMjAwMC9zdmciPjwvc3ZnPg==\" data-load-mode=\"1\"><\/iframe><\/p>\n<p>\u00a0<\/p>\n<p>Pero lo cierto es que se equivoca. Y mucho.<\/p>\n<p><strong><span style=\"text-decoration: underline;\">El empleado m\u00e1s estrat\u00e9gico para una pyme<\/span><\/strong><br \/>3 de cada 4 empresas que contratan este servicio en Espa\u00f1a son pymes, seg\u00fan los datos reflejados en la Gu\u00eda del Mercado Laboral 2019. Y la verdad es que no es de extra\u00f1ar si tenemos en cuenta que m\u00e1s del 90% de empresas espa\u00f1olas entran en esta categor\u00eda. <\/p>\n<p>Pero \u00bfqu\u00e9 buscan las pymes en este servicio y por qu\u00e9 el<a title=\"Toma el control de tu negocio con un liderazgo profesional\" href=\"\/en_gb\/servicios\/profesionalizacion-de-la-empresa\/\"><em> interim manager<\/em> <\/a>es tan atractivo para ellas?:<\/p>\n<p><strong>1.\u00a0\u00a0\u00a0 Gestor con experiencia acreditada.<\/strong> Las dotes directivas no nacen de la noche a la ma\u00f1ana. \u00bfQu\u00e9 hacer cuando nadie en el equipo tiene las competencias deseadas para resolver una crisis, una reestructuraci\u00f3n o el desarrollo de una nueva l\u00ednea de negocio? Pues s\u00ed, contratar a un \u201cgu\u00eda\u201d especializado durante un tiempo es la mejor decisi\u00f3n.<\/p>\n<p><iframe class=\"giphy-embed lazyload\" data-src=\"https:\/\/giphy.com\/embed\/TCDHJPxeWgTsY\" width=\"480\" height=\"250\" frameborder=\"0\" allowfullscreen=\"allowfullscreen\" src=\"data:image\/svg+xml;base64,PHN2ZyB3aWR0aD0iMSIgaGVpZ2h0PSIxIiB4bWxucz0iaHR0cDovL3d3dy53My5vcmcvMjAwMC9zdmciPjwvc3ZnPg==\" data-load-mode=\"1\"><\/iframe><\/p>\n<p><strong>2.\u00a0\u00a0\u00a0 Capacita al empresario y a los cargos directivos.<\/strong> Este profesional se integra dentro de la plantilla para cumplir una misi\u00f3n. Durante ese tiempo no solo se encarga de gestionar todo para llegar a ese hito, sino de formar y aportar competencias al equipo actual. As\u00ed su paso por la empresa habr\u00e1 sido realmente \u00fatil.<\/p>\n<p><strong>3.\u00a0\u00a0\u00a0 Enchufa una buena dosis de motivaci\u00f3n.<\/strong> En momentos de crisis hay que ser un verdadero experto en gesti\u00f3n de equipos para dar el callo. No contaminar a tus empleados de esa carga negativa o apat\u00eda puede resultar complicado. Sin embargo, alguien fresco, con una visi\u00f3n limpia, sin ser una amenaza para nadie, puede contagiar de positivismo y de ilusi\u00f3n a todos los miembros.<\/p>\n<p><iframe class=\"giphy-embed lazyload\" data-src=\"https:\/\/giphy.com\/embed\/4GXUa4U05Q0JAM972c\" width=\"480\" height=\"267\" frameborder=\"0\" allowfullscreen=\"allowfullscreen\" src=\"data:image\/svg+xml;base64,PHN2ZyB3aWR0aD0iMSIgaGVpZ2h0PSIxIiB4bWxucz0iaHR0cDovL3d3dy53My5vcmcvMjAwMC9zdmciPjwvc3ZnPg==\" data-load-mode=\"1\"><\/iframe><\/p>\n<p>\u00a0<\/p>\n<p>In <strong>Action Project<\/strong> estamos convencidos del poder revelador del interim manager para las pymes. No solo porque las empresas pasan del blanco y negro al Technicolor en su gesti\u00f3n global; es que esa nueva imagen que proyectan se traduce en ventas, \u00e9xitos y futuro. \u00bfPor qu\u00e9 postergar algo tan bueno para tu pyme? La <a title=\"Alta direcci\u00f3n para tu pyme, sea cual sea su tama\u00f1o\" href=\"https:\/\/www.actionproject.es\/en_gb\/\">Alta Direcci\u00f3n<\/a>\u00a0tambi\u00e9n es para tu empresa. Solo tienes que hablar con nosotros.<\/p>","protected":false},"author":2,"featured_media":1466,"comment_status":"closed","ping_status":"open","sticky":false,"template":"","format":"standard","meta":{"_acf_changed":false,"_joinchat":[],"footnotes":""},"categories":[10],"tags":[25,26,27,24,28],"class_list":["post-104","post","type-post","status-publish","format-standard","has-post-thumbnail","hentry","category-estrategia-empresarial","tag-alta-direccion","tag-cargos-directivos","tag-empresario","tag-interim-manager","tag-pymes"],"acf":[],"aioseo_notices":[],"yoast_head":"<!-- This site is optimized with the Yoast SEO plugin v27.3 - https:\/\/yoast.com\/product\/yoast-seo-wordpress\/ -->\n<title>El \u2018interim manager\u2019: una soluci\u00f3n adaptada a la pyme - Action Project<\/title>\n<meta name=\"robots\" content=\"index, follow, max-snippet:-1, max-image-preview:large, max-video-preview:-1\" \/>\n<link rel=\"canonical\" href=\"https:\/\/www.actionproject.es\/en_gb\/blog\/el-interim-manager-una-solucion-adaptada-a-la-pyme\/\" \/>\n<meta property=\"og:locale\" content=\"en_GB\" \/>\n<meta property=\"og:type\" content=\"article\" \/>\n<meta property=\"og:title\" content=\"El \u2018interim manager\u2019: una soluci\u00f3n adaptada a la pyme - Action Project\" \/>\n<meta property=\"og:description\" content=\"Si cre\u00edas que todo esto de la contrataci\u00f3n de directivos o interim manager estaba dise\u00f1ado para grandes empresas, es hora de resetear y de darle al play. \u00bfQu\u00e9 es el interim manager? Este t\u00e9rmino del ingl\u00e9s responde a la contrataci\u00f3n de directivos de manera temporal. Es decir, las empresas recurren a este servicio para un proyecto o situaci\u00f3n concreta en b\u00fasqueda del conocimiento o know how de un perfil.Visto de esta manera, quiz\u00e1 cueste un poco imaginarse al due\u00f1o de una de las miles de pymes que hay en Espa\u00f1a cogiendo el tel\u00e9fono o haciendo una b\u00fasqueda para contratar este servicio. Para empezar, porque de primeras pensar\u00e1 que no puede permit\u00edrselo. \u00a0 Pero lo cierto es que se equivoca. Y mucho.El empleado m\u00e1s estrat\u00e9gico para una pyme3 de cada 4 empresas que contratan este servicio en Espa\u00f1a son pymes, seg\u00fan los datos reflejados en la Gu\u00eda del Mercado Laboral 2019. Y la verdad es que no es de extra\u00f1ar si tenemos en cuenta que m\u00e1s del 90% de empresas espa\u00f1olas entran en esta categor\u00eda. Pero \u00bfqu\u00e9 buscan las pymes en este servicio y por qu\u00e9 el interim manager es tan atractivo para ellas?:1.\u00a0\u00a0\u00a0 Gestor con experiencia acreditada. Las dotes directivas no nacen de la noche a la ma\u00f1ana. \u00bfQu\u00e9 hacer cuando nadie en el equipo tiene las competencias deseadas para resolver una crisis, una reestructuraci\u00f3n o el desarrollo de una nueva l\u00ednea de negocio? Pues s\u00ed, contratar a un \u201cgu\u00eda\u201d especializado durante un tiempo es la mejor decisi\u00f3n. 2.\u00a0\u00a0\u00a0 Capacita al empresario y a los cargos directivos. Este profesional se integra dentro de la plantilla para cumplir una misi\u00f3n. Durante ese tiempo no solo se encarga de gestionar todo para llegar a ese hito, sino de formar y aportar competencias al equipo actual. As\u00ed su paso por la empresa habr\u00e1 sido realmente \u00fatil.3.\u00a0\u00a0\u00a0 Enchufa una buena dosis de motivaci\u00f3n. En momentos de crisis hay que ser un verdadero experto en gesti\u00f3n de equipos para dar el callo. No contaminar a tus empleados de esa carga negativa o apat\u00eda puede resultar complicado. Sin embargo, alguien fresco, con una visi\u00f3n limpia, sin ser una amenaza para nadie, puede contagiar de positivismo y de ilusi\u00f3n a todos los miembros. \u00a0 En Action Project estamos convencidos del poder revelador del interim manager para las pymes. No solo porque las empresas pasan del blanco y negro al Technicolor en su gesti\u00f3n global; es que esa nueva imagen que proyectan se traduce en ventas, \u00e9xitos y futuro. \u00bfPor qu\u00e9 postergar algo tan bueno para tu pyme? La Alta Direcci\u00f3n\u00a0tambi\u00e9n es para tu empresa. Solo tienes que hablar con nosotros.\" \/>\n<meta property=\"og:url\" content=\"https:\/\/www.actionproject.es\/en_gb\/blog\/el-interim-manager-una-solucion-adaptada-a-la-pyme\/\" \/>\n<meta property=\"og:site_name\" content=\"Action Project\" \/>\n<meta property=\"article:published_time\" content=\"2019-10-29T08:49:35+00:00\" \/>\n<meta property=\"article:modified_time\" content=\"2025-07-02T09:13:03+00:00\" \/>\n<meta property=\"og:image\" content=\"https:\/\/www.actionproject.es\/wp-content\/uploads\/2025\/07\/interim-manage_20201209-090116_1.jpg\" \/>\n\t<meta property=\"og:image:width\" content=\"1200\" \/>\n\t<meta property=\"og:image:height\" content=\"927\" \/>\n\t<meta property=\"og:image:type\" content=\"image\/jpeg\" \/>\n<meta name=\"author\" content=\"Juanma\" \/>\n<meta name=\"twitter:card\" content=\"summary_large_image\" \/>\n<meta name=\"twitter:label1\" content=\"Written by\" \/>\n\t<meta name=\"twitter:data1\" content=\"Juanma\" \/>\n\t<meta name=\"twitter:label2\" content=\"Estimated reading time\" \/>\n\t<meta name=\"twitter:data2\" content=\"2 minutes\" \/>\n<script type=\"application\/ld+json\" class=\"yoast-schema-graph\">{\"@context\":\"https:\\\/\\\/schema.org\",\"@graph\":[{\"@type\":\"Article\",\"@id\":\"https:\\\/\\\/www.actionproject.es\\\/blog\\\/el-interim-manager-una-solucion-adaptada-a-la-pyme\\\/#article\",\"isPartOf\":{\"@id\":\"https:\\\/\\\/www.actionproject.es\\\/blog\\\/el-interim-manager-una-solucion-adaptada-a-la-pyme\\\/\"},\"author\":{\"name\":\"Juanma\",\"@id\":\"https:\\\/\\\/www.actionproject.es\\\/#\\\/schema\\\/person\\\/01aa5bb80cabd3235975fa1fccb16e23\"},\"headline\":\"El \u2018interim manager\u2019: una soluci\u00f3n adaptada a la pyme\",\"datePublished\":\"2019-10-29T08:49:35+00:00\",\"dateModified\":\"2025-07-02T09:13:03+00:00\",\"mainEntityOfPage\":{\"@id\":\"https:\\\/\\\/www.actionproject.es\\\/blog\\\/el-interim-manager-una-solucion-adaptada-a-la-pyme\\\/\"},\"wordCount\":10,\"publisher\":{\"@id\":\"https:\\\/\\\/www.actionproject.es\\\/#organization\"},\"image\":{\"@id\":\"https:\\\/\\\/www.actionproject.es\\\/blog\\\/el-interim-manager-una-solucion-adaptada-a-la-pyme\\\/#primaryimage\"},\"thumbnailUrl\":\"https:\\\/\\\/www.actionproject.es\\\/wp-content\\\/uploads\\\/2025\\\/07\\\/interim-manage_20201209-090116_1.jpg\",\"keywords\":[\"alta direcci\u00f3n\",\"cargos directivos\",\"empresario\",\"interim manager\",\"Pymes\"],\"articleSection\":[\"Estrategia empresarial\"],\"inLanguage\":\"en-GB\"},{\"@type\":\"WebPage\",\"@id\":\"https:\\\/\\\/www.actionproject.es\\\/blog\\\/el-interim-manager-una-solucion-adaptada-a-la-pyme\\\/\",\"url\":\"https:\\\/\\\/www.actionproject.es\\\/blog\\\/el-interim-manager-una-solucion-adaptada-a-la-pyme\\\/\",\"name\":\"El \u2018interim manager\u2019: una soluci\u00f3n adaptada a la pyme - Action Project\",\"isPartOf\":{\"@id\":\"https:\\\/\\\/www.actionproject.es\\\/#website\"},\"primaryImageOfPage\":{\"@id\":\"https:\\\/\\\/www.actionproject.es\\\/blog\\\/el-interim-manager-una-solucion-adaptada-a-la-pyme\\\/#primaryimage\"},\"image\":{\"@id\":\"https:\\\/\\\/www.actionproject.es\\\/blog\\\/el-interim-manager-una-solucion-adaptada-a-la-pyme\\\/#primaryimage\"},\"thumbnailUrl\":\"https:\\\/\\\/www.actionproject.es\\\/wp-content\\\/uploads\\\/2025\\\/07\\\/interim-manage_20201209-090116_1.jpg\",\"datePublished\":\"2019-10-29T08:49:35+00:00\",\"dateModified\":\"2025-07-02T09:13:03+00:00\",\"breadcrumb\":{\"@id\":\"https:\\\/\\\/www.actionproject.es\\\/blog\\\/el-interim-manager-una-solucion-adaptada-a-la-pyme\\\/#breadcrumb\"},\"inLanguage\":\"en-GB\",\"potentialAction\":[{\"@type\":\"ReadAction\",\"target\":[\"https:\\\/\\\/www.actionproject.es\\\/blog\\\/el-interim-manager-una-solucion-adaptada-a-la-pyme\\\/\"]}]},{\"@type\":\"ImageObject\",\"inLanguage\":\"en-GB\",\"@id\":\"https:\\\/\\\/www.actionproject.es\\\/blog\\\/el-interim-manager-una-solucion-adaptada-a-la-pyme\\\/#primaryimage\",\"url\":\"https:\\\/\\\/www.actionproject.es\\\/wp-content\\\/uploads\\\/2025\\\/07\\\/interim-manage_20201209-090116_1.jpg\",\"contentUrl\":\"https:\\\/\\\/www.actionproject.es\\\/wp-content\\\/uploads\\\/2025\\\/07\\\/interim-manage_20201209-090116_1.jpg\",\"width\":1200,\"height\":927},{\"@type\":\"BreadcrumbList\",\"@id\":\"https:\\\/\\\/www.actionproject.es\\\/blog\\\/el-interim-manager-una-solucion-adaptada-a-la-pyme\\\/#breadcrumb\",\"itemListElement\":[{\"@type\":\"ListItem\",\"position\":1,\"name\":\"Portada\",\"item\":\"https:\\\/\\\/www.actionproject.es\\\/\"},{\"@type\":\"ListItem\",\"position\":2,\"name\":\"El \u2018interim manager\u2019: una soluci\u00f3n adaptada a la pyme\"}]},{\"@type\":\"WebSite\",\"@id\":\"https:\\\/\\\/www.actionproject.es\\\/#website\",\"url\":\"https:\\\/\\\/www.actionproject.es\\\/\",\"name\":\"Action Project\",\"description\":\"\",\"publisher\":{\"@id\":\"https:\\\/\\\/www.actionproject.es\\\/#organization\"},\"potentialAction\":[{\"@type\":\"SearchAction\",\"target\":{\"@type\":\"EntryPoint\",\"urlTemplate\":\"https:\\\/\\\/www.actionproject.es\\\/?s={search_term_string}\"},\"query-input\":{\"@type\":\"PropertyValueSpecification\",\"valueRequired\":true,\"valueName\":\"search_term_string\"}}],\"inLanguage\":\"en-GB\"},{\"@type\":\"Organization\",\"@id\":\"https:\\\/\\\/www.actionproject.es\\\/#organization\",\"name\":\"Action Project\",\"url\":\"https:\\\/\\\/www.actionproject.es\\\/\",\"logo\":{\"@type\":\"ImageObject\",\"inLanguage\":\"en-GB\",\"@id\":\"https:\\\/\\\/www.actionproject.es\\\/#\\\/schema\\\/logo\\\/image\\\/\",\"url\":\"https:\\\/\\\/www.actionproject.es\\\/wp-content\\\/uploads\\\/2025\\\/02\\\/favicon-action.png\",\"contentUrl\":\"https:\\\/\\\/www.actionproject.es\\\/wp-content\\\/uploads\\\/2025\\\/02\\\/favicon-action.png\",\"width\":512,\"height\":512,\"caption\":\"Action Project\"},\"image\":{\"@id\":\"https:\\\/\\\/www.actionproject.es\\\/#\\\/schema\\\/logo\\\/image\\\/\"}},{\"@type\":\"Person\",\"@id\":\"https:\\\/\\\/www.actionproject.es\\\/#\\\/schema\\\/person\\\/01aa5bb80cabd3235975fa1fccb16e23\",\"name\":\"Juanma\",\"image\":{\"@type\":\"ImageObject\",\"inLanguage\":\"en-GB\",\"@id\":\"https:\\\/\\\/secure.gravatar.com\\\/avatar\\\/85f0c3c9ba6a2b2ba51b0df3346eaf50cafa606989920561324eac0dd1c938f4?s=96&d=mm&r=g\",\"url\":\"https:\\\/\\\/secure.gravatar.com\\\/avatar\\\/85f0c3c9ba6a2b2ba51b0df3346eaf50cafa606989920561324eac0dd1c938f4?s=96&d=mm&r=g\",\"contentUrl\":\"https:\\\/\\\/secure.gravatar.com\\\/avatar\\\/85f0c3c9ba6a2b2ba51b0df3346eaf50cafa606989920561324eac0dd1c938f4?s=96&d=mm&r=g\",\"caption\":\"Juanma\"},\"url\":\"https:\\\/\\\/www.actionproject.es\\\/en_gb\\\/blog\\\/author\\\/juanma\\\/\"}]}<\/script>\n<!-- \/ Yoast SEO plugin. -->","yoast_head_json":{"title":"El \u2018interim manager\u2019: una soluci\u00f3n adaptada a la pyme - Action Project","robots":{"index":"index","follow":"follow","max-snippet":"max-snippet:-1","max-image-preview":"max-image-preview:large","max-video-preview":"max-video-preview:-1"},"canonical":"https:\/\/www.actionproject.es\/en_gb\/blog\/el-interim-manager-una-solucion-adaptada-a-la-pyme\/","og_locale":"en_GB","og_type":"article","og_title":"El \u2018interim manager\u2019: una soluci\u00f3n adaptada a la pyme - Action Project","og_description":"Si cre\u00edas que todo esto de la contrataci\u00f3n de directivos o interim manager estaba dise\u00f1ado para grandes empresas, es hora de resetear y de darle al play. \u00bfQu\u00e9 es el interim manager? Este t\u00e9rmino del ingl\u00e9s responde a la contrataci\u00f3n de directivos de manera temporal. Es decir, las empresas recurren a este servicio para un proyecto o situaci\u00f3n concreta en b\u00fasqueda del conocimiento o know how de un perfil.Visto de esta manera, quiz\u00e1 cueste un poco imaginarse al due\u00f1o de una de las miles de pymes que hay en Espa\u00f1a cogiendo el tel\u00e9fono o haciendo una b\u00fasqueda para contratar este servicio. Para empezar, porque de primeras pensar\u00e1 que no puede permit\u00edrselo. \u00a0 Pero lo cierto es que se equivoca. Y mucho.El empleado m\u00e1s estrat\u00e9gico para una pyme3 de cada 4 empresas que contratan este servicio en Espa\u00f1a son pymes, seg\u00fan los datos reflejados en la Gu\u00eda del Mercado Laboral 2019. Y la verdad es que no es de extra\u00f1ar si tenemos en cuenta que m\u00e1s del 90% de empresas espa\u00f1olas entran en esta categor\u00eda. Pero \u00bfqu\u00e9 buscan las pymes en este servicio y por qu\u00e9 el interim manager es tan atractivo para ellas?:1.\u00a0\u00a0\u00a0 Gestor con experiencia acreditada. Las dotes directivas no nacen de la noche a la ma\u00f1ana. \u00bfQu\u00e9 hacer cuando nadie en el equipo tiene las competencias deseadas para resolver una crisis, una reestructuraci\u00f3n o el desarrollo de una nueva l\u00ednea de negocio? Pues s\u00ed, contratar a un \u201cgu\u00eda\u201d especializado durante un tiempo es la mejor decisi\u00f3n. 2.\u00a0\u00a0\u00a0 Capacita al empresario y a los cargos directivos. Este profesional se integra dentro de la plantilla para cumplir una misi\u00f3n. Durante ese tiempo no solo se encarga de gestionar todo para llegar a ese hito, sino de formar y aportar competencias al equipo actual. As\u00ed su paso por la empresa habr\u00e1 sido realmente \u00fatil.3.\u00a0\u00a0\u00a0 Enchufa una buena dosis de motivaci\u00f3n. En momentos de crisis hay que ser un verdadero experto en gesti\u00f3n de equipos para dar el callo. No contaminar a tus empleados de esa carga negativa o apat\u00eda puede resultar complicado. Sin embargo, alguien fresco, con una visi\u00f3n limpia, sin ser una amenaza para nadie, puede contagiar de positivismo y de ilusi\u00f3n a todos los miembros. \u00a0 En Action Project estamos convencidos del poder revelador del interim manager para las pymes. No solo porque las empresas pasan del blanco y negro al Technicolor en su gesti\u00f3n global; es que esa nueva imagen que proyectan se traduce en ventas, \u00e9xitos y futuro. \u00bfPor qu\u00e9 postergar algo tan bueno para tu pyme? La Alta Direcci\u00f3n\u00a0tambi\u00e9n es para tu empresa. Solo tienes que hablar con nosotros.","og_url":"https:\/\/www.actionproject.es\/en_gb\/blog\/el-interim-manager-una-solucion-adaptada-a-la-pyme\/","og_site_name":"Action Project","article_published_time":"2019-10-29T08:49:35+00:00","article_modified_time":"2025-07-02T09:13:03+00:00","og_image":[{"width":1200,"height":927,"url":"https:\/\/www.actionproject.es\/wp-content\/uploads\/2025\/07\/interim-manage_20201209-090116_1.jpg","type":"image\/jpeg"}],"author":"Juanma","twitter_card":"summary_large_image","twitter_misc":{"Written by":"Juanma","Estimated reading time":"2 minutes"},"schema":{"@context":"https:\/\/schema.org","@graph":[{"@type":"Article","@id":"https:\/\/www.actionproject.es\/blog\/el-interim-manager-una-solucion-adaptada-a-la-pyme\/#article","isPartOf":{"@id":"https:\/\/www.actionproject.es\/blog\/el-interim-manager-una-solucion-adaptada-a-la-pyme\/"},"author":{"name":"Juanma","@id":"https:\/\/www.actionproject.es\/#\/schema\/person\/01aa5bb80cabd3235975fa1fccb16e23"},"headline":"El \u2018interim manager\u2019: una soluci\u00f3n adaptada a la pyme","datePublished":"2019-10-29T08:49:35+00:00","dateModified":"2025-07-02T09:13:03+00:00","mainEntityOfPage":{"@id":"https:\/\/www.actionproject.es\/blog\/el-interim-manager-una-solucion-adaptada-a-la-pyme\/"},"wordCount":10,"publisher":{"@id":"https:\/\/www.actionproject.es\/#organization"},"image":{"@id":"https:\/\/www.actionproject.es\/blog\/el-interim-manager-una-solucion-adaptada-a-la-pyme\/#primaryimage"},"thumbnailUrl":"https:\/\/www.actionproject.es\/wp-content\/uploads\/2025\/07\/interim-manage_20201209-090116_1.jpg","keywords":["alta direcci\u00f3n","cargos directivos","empresario","interim manager","Pymes"],"articleSection":["Estrategia empresarial"],"inLanguage":"en-GB"},{"@type":"WebPage","@id":"https:\/\/www.actionproject.es\/blog\/el-interim-manager-una-solucion-adaptada-a-la-pyme\/","url":"https:\/\/www.actionproject.es\/blog\/el-interim-manager-una-solucion-adaptada-a-la-pyme\/","name":"El \u2018interim manager\u2019: una soluci\u00f3n adaptada a la pyme - Action Project","isPartOf":{"@id":"https:\/\/www.actionproject.es\/#website"},"primaryImageOfPage":{"@id":"https:\/\/www.actionproject.es\/blog\/el-interim-manager-una-solucion-adaptada-a-la-pyme\/#primaryimage"},"image":{"@id":"https:\/\/www.actionproject.es\/blog\/el-interim-manager-una-solucion-adaptada-a-la-pyme\/#primaryimage"},"thumbnailUrl":"https:\/\/www.actionproject.es\/wp-content\/uploads\/2025\/07\/interim-manage_20201209-090116_1.jpg","datePublished":"2019-10-29T08:49:35+00:00","dateModified":"2025-07-02T09:13:03+00:00","breadcrumb":{"@id":"https:\/\/www.actionproject.es\/blog\/el-interim-manager-una-solucion-adaptada-a-la-pyme\/#breadcrumb"},"inLanguage":"en-GB","potentialAction":[{"@type":"ReadAction","target":["https:\/\/www.actionproject.es\/blog\/el-interim-manager-una-solucion-adaptada-a-la-pyme\/"]}]},{"@type":"ImageObject","inLanguage":"en-GB","@id":"https:\/\/www.actionproject.es\/blog\/el-interim-manager-una-solucion-adaptada-a-la-pyme\/#primaryimage","url":"https:\/\/www.actionproject.es\/wp-content\/uploads\/2025\/07\/interim-manage_20201209-090116_1.jpg","contentUrl":"https:\/\/www.actionproject.es\/wp-content\/uploads\/2025\/07\/interim-manage_20201209-090116_1.jpg","width":1200,"height":927},{"@type":"BreadcrumbList","@id":"https:\/\/www.actionproject.es\/blog\/el-interim-manager-una-solucion-adaptada-a-la-pyme\/#breadcrumb","itemListElement":[{"@type":"ListItem","position":1,"name":"Portada","item":"https:\/\/www.actionproject.es\/"},{"@type":"ListItem","position":2,"name":"El \u2018interim manager\u2019: una soluci\u00f3n adaptada a la pyme"}]},{"@type":"WebSite","@id":"https:\/\/www.actionproject.es\/#website","url":"https:\/\/www.actionproject.es\/","name":"Action Project","description":"","publisher":{"@id":"https:\/\/www.actionproject.es\/#organization"},"potentialAction":[{"@type":"SearchAction","target":{"@type":"EntryPoint","urlTemplate":"https:\/\/www.actionproject.es\/?s={search_term_string}"},"query-input":{"@type":"PropertyValueSpecification","valueRequired":true,"valueName":"search_term_string"}}],"inLanguage":"en-GB"},{"@type":"Organization","@id":"https:\/\/www.actionproject.es\/#organization","name":"Action Project","url":"https:\/\/www.actionproject.es\/","logo":{"@type":"ImageObject","inLanguage":"en-GB","@id":"https:\/\/www.actionproject.es\/#\/schema\/logo\/image\/","url":"https:\/\/www.actionproject.es\/wp-content\/uploads\/2025\/02\/favicon-action.png","contentUrl":"https:\/\/www.actionproject.es\/wp-content\/uploads\/2025\/02\/favicon-action.png","width":512,"height":512,"caption":"Action Project"},"image":{"@id":"https:\/\/www.actionproject.es\/#\/schema\/logo\/image\/"}},{"@type":"Person","@id":"https:\/\/www.actionproject.es\/#\/schema\/person\/01aa5bb80cabd3235975fa1fccb16e23","name":"Juanma","image":{"@type":"ImageObject","inLanguage":"en-GB","@id":"https:\/\/secure.gravatar.com\/avatar\/85f0c3c9ba6a2b2ba51b0df3346eaf50cafa606989920561324eac0dd1c938f4?s=96&d=mm&r=g","url":"https:\/\/secure.gravatar.com\/avatar\/85f0c3c9ba6a2b2ba51b0df3346eaf50cafa606989920561324eac0dd1c938f4?s=96&d=mm&r=g","contentUrl":"https:\/\/secure.gravatar.com\/avatar\/85f0c3c9ba6a2b2ba51b0df3346eaf50cafa606989920561324eac0dd1c938f4?s=96&d=mm&r=g","caption":"Juanma"},"url":"https:\/\/www.actionproject.es\/en_gb\/blog\/author\/juanma\/"}]}},"_links":{"self":[{"href":"https:\/\/www.actionproject.es\/en_gb\/wp-json\/wp\/v2\/posts\/104","targetHints":{"allow":["GET"]}}],"collection":[{"href":"https:\/\/www.actionproject.es\/en_gb\/wp-json\/wp\/v2\/posts"}],"about":[{"href":"https:\/\/www.actionproject.es\/en_gb\/wp-json\/wp\/v2\/types\/post"}],"author":[{"embeddable":true,"href":"https:\/\/www.actionproject.es\/en_gb\/wp-json\/wp\/v2\/users\/2"}],"replies":[{"embeddable":true,"href":"https:\/\/www.actionproject.es\/en_gb\/wp-json\/wp\/v2\/comments?post=104"}],"version-history":[{"count":4,"href":"https:\/\/www.actionproject.es\/en_gb\/wp-json\/wp\/v2\/posts\/104\/revisions"}],"predecessor-version":[{"id":1267,"href":"https:\/\/www.actionproject.es\/en_gb\/wp-json\/wp\/v2\/posts\/104\/revisions\/1267"}],"wp:featuredmedia":[{"embeddable":true,"href":"https:\/\/www.actionproject.es\/en_gb\/wp-json\/wp\/v2\/media\/1466"}],"wp:attachment":[{"href":"https:\/\/www.actionproject.es\/en_gb\/wp-json\/wp\/v2\/media?parent=104"}],"wp:term":[{"taxonomy":"category","embeddable":true,"href":"https:\/\/www.actionproject.es\/en_gb\/wp-json\/wp\/v2\/categories?post=104"},{"taxonomy":"post_tag","embeddable":true,"href":"https:\/\/www.actionproject.es\/en_gb\/wp-json\/wp\/v2\/tags?post=104"}],"curies":[{"name":"wp","href":"https:\/\/api.w.org\/{rel}","templated":true}]}}