{"id":1286,"date":"2020-06-23T07:00:42","date_gmt":"2020-06-23T05:00:42","guid":{"rendered":"https:\/\/www.actionproject.es\/blog\/claves-ver-identidad-corporativa-va-empresa-i\/"},"modified":"2025-07-02T11:13:04","modified_gmt":"2025-07-02T09:13:04","slug":"claves-ver-identidad-corporativa-va-empresa-i","status":"publish","type":"post","link":"https:\/\/www.actionproject.es\/en_gb\/blog\/claves-ver-identidad-corporativa-va-empresa-i\/","title":{"rendered":"20 claves para ver si tu identidad corporativa va con tu empresa (I)"},"content":{"rendered":"","protected":false},"excerpt":{"rendered":"<p>\u00bfCrees que la<strong> identidad corporativa<\/strong> de tu empresa solo sirve para \u00abdecorar\u00bb?, \u00bfque est\u00e1 al margen de la <strong>gesti\u00f3n empresarial<\/strong>? As\u00ed se relacionan y retroalimentan.<\/p>\n<p>En tiempos de incertidumbre y convulsi\u00f3n en los negocios, las empresas toman mayor conciencia sobre la <strong>importancia de tener las marcas de sus negocios bien cuidadas<\/strong> y preparadas para <strong>distinguirse de su competencia<\/strong>. Una <strong>buena marca necesita un logotipo y una identidad gr\u00e1fica corporativa que funcione<\/strong> y act\u00fae de manera eficaz. Para saber si tu identidad corporativa tiene buen estado de salud no te pierdas estas claves:<\/p>\n<p>\u00a0<\/p>\n<h3>1. \u00bfSabes qu\u00e9 es la identidad corporativa?<\/h3>\n<p>La imagen corporativa es c\u00f3mo se presenta una marca ante el p\u00fablico y es un factor esencial para cualquier empresa. Dentro de ella se incluye el <strong><em>naming<\/em>, el logotipo, sus colores corporativos, la tipograf\u00eda, sus aplicaciones<\/strong>\u2026 <strong>Siempre debe ser acorde a la marca, ser funcional y reconocible<\/strong>, ya que es el factor m\u00e1s importante para distinguirse de la competencia. \u00bfImprovisas tu identidad corporativa seg\u00fan el d\u00eda? \u00bfTe has parado a pensar si representa de verdad todos tus valores de empresa?<\/p>\n<p>\u00a0<\/p>\n<h3>2. \u00bfTienes un logotipo \/ logos\u00edmbolo \/ icono?<\/h3>\n<p>Por lo general, <strong>hay mucha confusi\u00f3n con estos t\u00e9rminos en el mundo empresarial.<\/strong> El logotipo es la parte tipogr\u00e1fica de la marca, mientras que el icono o isotipo es su parte iconogr\u00e1fica, es decir, su s\u00edmbolo o parte pict\u00f3rica. Por su parte, un logos\u00edmbolo o imagotipo es el conjunto de ambas y se trata de la forma m\u00e1s utilizada por cualquier marca.<strong> Todas ellas sirven para conectar y relacionar nuestra marca con el mundo<\/strong>, ya sea mediante una circular a empleados o como colaboradores en un evento ben\u00e9fico. \u00bfJuegas con las variantes o utilizas siempre la misma versi\u00f3n de tu identidad corporativa?<\/p>\n<p>\u00a0<\/p>\n<h3>3. \u00bfCrees que tu logo funciona?<\/h3>\n<p><strong>Con tener cualquier logotipo no es suficiente<\/strong>, ya que m\u00e1s all\u00e1 de ser una representaci\u00f3n gr\u00e1fica de la marca debe ser funcional. Un logotipo funcional es aquel que traslada los valores y propuesta de valor de la marca, que se adapta a los diferentes soportes de una manera correcta y es <strong>reconocible a los ojos del cliente<\/strong>. \u00bfCu\u00e1nto te pareces a tu competencia en tu <a title=\"\u00bfNecesitas mejorar tu gesti\u00f3n interna de proyectos?\" href=\"\/en_gb\/servicios\/gestion-de-proyectos\/\">gesti\u00f3n empresarial <\/a>y al cliente?, <strong>\u00bfconsideras que tu identidad corporativa es capaz de contarlo por s\u00ed sola?<\/strong><\/p>\n<h3>\u00a0<\/h3>\n<h3>4. \u00bfCrees que te hace ser \u00fanico?<\/h3>\n<p><strong>Un logotipo \u00fanico y reconocible es aquel que se diferencia de sus competidores.<\/strong> Debemos analizar correctamente nuestra competencia directa e indirecta, c\u00f3mo es su identidad corporativa, sus colores, sus tipograf\u00edas&#8230; Solamente as\u00ed lograremos destacar de los dem\u00e1s. \u00bfDe verdad has hecho todo para que tu identidad corporativa sea el mirlo blanco de tu sector?<\/p>\n<p>\u00a0<\/p>\n<h3>5. \u00bfEn tama\u00f1os peque\u00f1os funcionar\u00eda?<\/h3>\n<p>Nuestra imagen debe servir tanto en una valla publicitaria como en el icono de una aplicaci\u00f3n para un <em>smartwatch<\/em>. Es decir, adaptarse y funcionar en los diferentes tama\u00f1os mediante <strong>diferentes versiones de nuestro logotipo.<\/strong> Tambi\u00e9n debemos tener en cuenta sus aplicaciones en perfiles de redes sociales o, por ejemplo, en una web corporativa. \u00bfSigues utilizando solo una versi\u00f3n rectangular de tu identidad para todo?<\/p>\n<p>\u00a0<\/p>\n<h3>6. \u00bfY si lo aplicamos a una tinta? \u00bfFuncionar\u00eda?<\/h3>\n<p>Los <strong>degradados o los logotipos con bastante informaci\u00f3n pueden causar problemas a la hora de aplicarlos a una tinta<\/strong>, por ejemplo, en un sello de caucho o en un vinilo de corte. Para ello, nuestra marca siempre debe contemplar una versi\u00f3n \u00fatil para estas aplicaciones. \u00bfTe da miedo invertir en un formato f\u00edsico y que sea un desastre?<\/p>\n<h3>\u00a0<\/h3>\n<h3>7. \u00bfUtilizas alg\u00fan color corporativo?<\/h3>\n<p><strong>El color corporativo es un valor diferencial de cualquier identidad<\/strong>, acompa\u00f1a todas las aplicaciones de la marca, desde el interiorismo de una tienda hasta la papeler\u00eda corporativa. Engloba el color o colores principales de la marca y su forma de interacci\u00f3n entre ellos, adem\u00e1s a la hora de seleccionarlo <strong>debemos tener en cuenta nuestro <em>target<\/em>, su personalidad y la visibilidad.<\/strong> \u00bfLe has preguntado a tus clientes qu\u00e9 piensan de tu identidad corporativa o te han comentado algo ellos?<\/p>\n<p>\u00a0<\/p>\n<p><strong>\u00bfQuieres ser una gran marca o empresa?<\/strong> Empieza a pensar como ellas hacen en la <strong>gesti\u00f3n empresarial y la identidad corporativa.<\/strong> Si te fijas bien en sus acciones, no dejan que cada una de ellas vaya por libre, sino que <strong>la gesti\u00f3n empresarial y la identidad corporativa van de la mano, todo est\u00e1 integrado.<\/strong> No te pierdas nuestras pr\u00f3ximas entregas para ver si tu empresa pasa el examen.<\/p>\n<p><strong>Ana Rojo &#8211; Gerente y Cofundadora de Estudio Rana<\/strong><br \/><a title=\"Visita la web de Estudio Rana\" href=\"https:\/\/www.estudiorana.es\/\">www.estudiorana.es<\/a><\/p>","protected":false},"author":2,"featured_media":1463,"comment_status":"closed","ping_status":"open","sticky":false,"template":"","format":"standard","meta":{"_acf_changed":false,"_joinchat":[],"footnotes":""},"categories":[10],"tags":[40,78,86,85,87],"class_list":["post-1286","post","type-post","status-publish","format-standard","has-post-thumbnail","hentry","category-estrategia-empresarial","tag-consultoria-de-empresas","tag-gestion-empresarial","tag-identidad-corporativa","tag-identidad-grafica","tag-marca"],"acf":[],"aioseo_notices":[],"yoast_head":"<!-- This site is optimized with the Yoast SEO plugin v27.3 - https:\/\/yoast.com\/product\/yoast-seo-wordpress\/ -->\n<title>20 claves para ver si tu identidad corporativa va con tu empresa (I) - Action Project<\/title>\n<meta name=\"robots\" content=\"index, follow, max-snippet:-1, max-image-preview:large, max-video-preview:-1\" \/>\n<link rel=\"canonical\" href=\"https:\/\/www.actionproject.es\/en_gb\/blog\/claves-ver-identidad-corporativa-va-empresa-i\/\" \/>\n<meta property=\"og:locale\" content=\"en_GB\" \/>\n<meta property=\"og:type\" content=\"article\" \/>\n<meta property=\"og:title\" content=\"20 claves para ver si tu identidad corporativa va con tu empresa (I) - Action Project\" \/>\n<meta property=\"og:description\" content=\"\u00bfCrees que la identidad corporativa de tu empresa solo sirve para \u00abdecorar\u00bb?, \u00bfque est\u00e1 al margen de la gesti\u00f3n empresarial? As\u00ed se relacionan y retroalimentan. En tiempos de incertidumbre y convulsi\u00f3n en los negocios, las empresas toman mayor conciencia sobre la importancia de tener las marcas de sus negocios bien cuidadas y preparadas para distinguirse de su competencia. Una buena marca necesita un logotipo y una identidad gr\u00e1fica corporativa que funcione y act\u00fae de manera eficaz. Para saber si tu identidad corporativa tiene buen estado de salud no te pierdas estas claves: \u00a0 1. \u00bfSabes qu\u00e9 es la identidad corporativa? La imagen corporativa es c\u00f3mo se presenta una marca ante el p\u00fablico y es un factor esencial para cualquier empresa. Dentro de ella se incluye el naming, el logotipo, sus colores corporativos, la tipograf\u00eda, sus aplicaciones\u2026 Siempre debe ser acorde a la marca, ser funcional y reconocible, ya que es el factor m\u00e1s importante para distinguirse de la competencia. \u00bfImprovisas tu identidad corporativa seg\u00fan el d\u00eda? \u00bfTe has parado a pensar si representa de verdad todos tus valores de empresa? \u00a0 2. \u00bfTienes un logotipo \/ logos\u00edmbolo \/ icono? Por lo general, hay mucha confusi\u00f3n con estos t\u00e9rminos en el mundo empresarial. El logotipo es la parte tipogr\u00e1fica de la marca, mientras que el icono o isotipo es su parte iconogr\u00e1fica, es decir, su s\u00edmbolo o parte pict\u00f3rica. Por su parte, un logos\u00edmbolo o imagotipo es el conjunto de ambas y se trata de la forma m\u00e1s utilizada por cualquier marca. Todas ellas sirven para conectar y relacionar nuestra marca con el mundo, ya sea mediante una circular a empleados o como colaboradores en un evento ben\u00e9fico. \u00bfJuegas con las variantes o utilizas siempre la misma versi\u00f3n de tu identidad corporativa? \u00a0 3. \u00bfCrees que tu logo funciona? Con tener cualquier logotipo no es suficiente, ya que m\u00e1s all\u00e1 de ser una representaci\u00f3n gr\u00e1fica de la marca debe ser funcional. Un logotipo funcional es aquel que traslada los valores y propuesta de valor de la marca, que se adapta a los diferentes soportes de una manera correcta y es reconocible a los ojos del cliente. \u00bfCu\u00e1nto te pareces a tu competencia en tu gesti\u00f3n empresarial y al cliente?, \u00bfconsideras que tu identidad corporativa es capaz de contarlo por s\u00ed sola? \u00a0 4. \u00bfCrees que te hace ser \u00fanico? Un logotipo \u00fanico y reconocible es aquel que se diferencia de sus competidores. Debemos analizar correctamente nuestra competencia directa e indirecta, c\u00f3mo es su identidad corporativa, sus colores, sus tipograf\u00edas... Solamente as\u00ed lograremos destacar de los dem\u00e1s. \u00bfDe verdad has hecho todo para que tu identidad corporativa sea el mirlo blanco de tu sector? \u00a0 5. \u00bfEn tama\u00f1os peque\u00f1os funcionar\u00eda? Nuestra imagen debe servir tanto en una valla publicitaria como en el icono de una aplicaci\u00f3n para un smartwatch. Es decir, adaptarse y funcionar en los diferentes tama\u00f1os mediante diferentes versiones de nuestro logotipo. Tambi\u00e9n debemos tener en cuenta sus aplicaciones en perfiles de redes sociales o, por ejemplo, en una web corporativa. \u00bfSigues utilizando solo una versi\u00f3n rectangular de tu identidad para todo? \u00a0 6. \u00bfY si lo aplicamos a una tinta? \u00bfFuncionar\u00eda? Los degradados o los logotipos con bastante informaci\u00f3n pueden causar problemas a la hora de aplicarlos a una tinta, por ejemplo, en un sello de caucho o en un vinilo de corte. Para ello, nuestra marca siempre debe contemplar una versi\u00f3n \u00fatil para estas aplicaciones. \u00bfTe da miedo invertir en un formato f\u00edsico y que sea un desastre? \u00a0 7. \u00bfUtilizas alg\u00fan color corporativo? El color corporativo es un valor diferencial de cualquier identidad, acompa\u00f1a todas las aplicaciones de la marca, desde el interiorismo de una tienda hasta la papeler\u00eda corporativa. Engloba el color o colores principales de la marca y su forma de interacci\u00f3n entre ellos, adem\u00e1s a la hora de seleccionarlo debemos tener en cuenta nuestro target, su personalidad y la visibilidad. \u00bfLe has preguntado a tus clientes qu\u00e9 piensan de tu identidad corporativa o te han comentado algo ellos? \u00a0 \u00bfQuieres ser una gran marca o empresa? Empieza a pensar como ellas hacen en la gesti\u00f3n empresarial y la identidad corporativa. Si te fijas bien en sus acciones, no dejan que cada una de ellas vaya por libre, sino que la gesti\u00f3n empresarial y la identidad corporativa van de la mano, todo est\u00e1 integrado. No te pierdas nuestras pr\u00f3ximas entregas para ver si tu empresa pasa el examen. Ana Rojo - Gerente y Cofundadora de Estudio Ranawww.estudiorana.es\" \/>\n<meta property=\"og:url\" content=\"https:\/\/www.actionproject.es\/en_gb\/blog\/claves-ver-identidad-corporativa-va-empresa-i\/\" \/>\n<meta property=\"og:site_name\" content=\"Action Project\" \/>\n<meta property=\"article:published_time\" content=\"2020-06-23T05:00:42+00:00\" \/>\n<meta property=\"article:modified_time\" content=\"2025-07-02T09:13:04+00:00\" \/>\n<meta property=\"og:image\" content=\"https:\/\/www.actionproject.es\/wp-content\/uploads\/2025\/07\/identidad-corporativa-empresa.jpg\" \/>\n\t<meta property=\"og:image:width\" content=\"1200\" \/>\n\t<meta property=\"og:image:height\" content=\"675\" \/>\n\t<meta property=\"og:image:type\" content=\"image\/jpeg\" \/>\n<meta name=\"author\" content=\"Juanma\" \/>\n<meta name=\"twitter:card\" content=\"summary_large_image\" \/>\n<meta name=\"twitter:label1\" content=\"Written by\" \/>\n\t<meta name=\"twitter:data1\" content=\"Juanma\" \/>\n<script type=\"application\/ld+json\" class=\"yoast-schema-graph\">{\"@context\":\"https:\\\/\\\/schema.org\",\"@graph\":[{\"@type\":\"Article\",\"@id\":\"https:\\\/\\\/www.actionproject.es\\\/blog\\\/claves-ver-identidad-corporativa-va-empresa-i\\\/#article\",\"isPartOf\":{\"@id\":\"https:\\\/\\\/www.actionproject.es\\\/blog\\\/claves-ver-identidad-corporativa-va-empresa-i\\\/\"},\"author\":{\"name\":\"Juanma\",\"@id\":\"https:\\\/\\\/www.actionproject.es\\\/#\\\/schema\\\/person\\\/01aa5bb80cabd3235975fa1fccb16e23\"},\"headline\":\"20 claves para ver si tu identidad corporativa va con tu empresa (I)\",\"datePublished\":\"2020-06-23T05:00:42+00:00\",\"dateModified\":\"2025-07-02T09:13:04+00:00\",\"mainEntityOfPage\":{\"@id\":\"https:\\\/\\\/www.actionproject.es\\\/blog\\\/claves-ver-identidad-corporativa-va-empresa-i\\\/\"},\"wordCount\":12,\"publisher\":{\"@id\":\"https:\\\/\\\/www.actionproject.es\\\/#organization\"},\"image\":{\"@id\":\"https:\\\/\\\/www.actionproject.es\\\/blog\\\/claves-ver-identidad-corporativa-va-empresa-i\\\/#primaryimage\"},\"thumbnailUrl\":\"https:\\\/\\\/www.actionproject.es\\\/wp-content\\\/uploads\\\/2025\\\/07\\\/identidad-corporativa-empresa.jpg\",\"keywords\":[\"consultor\u00eda de empresas\",\"gesti\u00f3n empresarial\",\"identidad corporativa\",\"identidad gr\u00e1fica\",\"marca\"],\"articleSection\":[\"Estrategia empresarial\"],\"inLanguage\":\"en-GB\"},{\"@type\":\"WebPage\",\"@id\":\"https:\\\/\\\/www.actionproject.es\\\/blog\\\/claves-ver-identidad-corporativa-va-empresa-i\\\/\",\"url\":\"https:\\\/\\\/www.actionproject.es\\\/blog\\\/claves-ver-identidad-corporativa-va-empresa-i\\\/\",\"name\":\"20 claves para ver si tu identidad corporativa va con tu empresa (I) - Action Project\",\"isPartOf\":{\"@id\":\"https:\\\/\\\/www.actionproject.es\\\/#website\"},\"primaryImageOfPage\":{\"@id\":\"https:\\\/\\\/www.actionproject.es\\\/blog\\\/claves-ver-identidad-corporativa-va-empresa-i\\\/#primaryimage\"},\"image\":{\"@id\":\"https:\\\/\\\/www.actionproject.es\\\/blog\\\/claves-ver-identidad-corporativa-va-empresa-i\\\/#primaryimage\"},\"thumbnailUrl\":\"https:\\\/\\\/www.actionproject.es\\\/wp-content\\\/uploads\\\/2025\\\/07\\\/identidad-corporativa-empresa.jpg\",\"datePublished\":\"2020-06-23T05:00:42+00:00\",\"dateModified\":\"2025-07-02T09:13:04+00:00\",\"breadcrumb\":{\"@id\":\"https:\\\/\\\/www.actionproject.es\\\/blog\\\/claves-ver-identidad-corporativa-va-empresa-i\\\/#breadcrumb\"},\"inLanguage\":\"en-GB\",\"potentialAction\":[{\"@type\":\"ReadAction\",\"target\":[\"https:\\\/\\\/www.actionproject.es\\\/blog\\\/claves-ver-identidad-corporativa-va-empresa-i\\\/\"]}]},{\"@type\":\"ImageObject\",\"inLanguage\":\"en-GB\",\"@id\":\"https:\\\/\\\/www.actionproject.es\\\/blog\\\/claves-ver-identidad-corporativa-va-empresa-i\\\/#primaryimage\",\"url\":\"https:\\\/\\\/www.actionproject.es\\\/wp-content\\\/uploads\\\/2025\\\/07\\\/identidad-corporativa-empresa.jpg\",\"contentUrl\":\"https:\\\/\\\/www.actionproject.es\\\/wp-content\\\/uploads\\\/2025\\\/07\\\/identidad-corporativa-empresa.jpg\",\"width\":1200,\"height\":675},{\"@type\":\"BreadcrumbList\",\"@id\":\"https:\\\/\\\/www.actionproject.es\\\/blog\\\/claves-ver-identidad-corporativa-va-empresa-i\\\/#breadcrumb\",\"itemListElement\":[{\"@type\":\"ListItem\",\"position\":1,\"name\":\"Portada\",\"item\":\"https:\\\/\\\/www.actionproject.es\\\/\"},{\"@type\":\"ListItem\",\"position\":2,\"name\":\"20 claves para ver si tu identidad corporativa va con tu empresa (I)\"}]},{\"@type\":\"WebSite\",\"@id\":\"https:\\\/\\\/www.actionproject.es\\\/#website\",\"url\":\"https:\\\/\\\/www.actionproject.es\\\/\",\"name\":\"Action Project\",\"description\":\"\",\"publisher\":{\"@id\":\"https:\\\/\\\/www.actionproject.es\\\/#organization\"},\"potentialAction\":[{\"@type\":\"SearchAction\",\"target\":{\"@type\":\"EntryPoint\",\"urlTemplate\":\"https:\\\/\\\/www.actionproject.es\\\/?s={search_term_string}\"},\"query-input\":{\"@type\":\"PropertyValueSpecification\",\"valueRequired\":true,\"valueName\":\"search_term_string\"}}],\"inLanguage\":\"en-GB\"},{\"@type\":\"Organization\",\"@id\":\"https:\\\/\\\/www.actionproject.es\\\/#organization\",\"name\":\"Action Project\",\"url\":\"https:\\\/\\\/www.actionproject.es\\\/\",\"logo\":{\"@type\":\"ImageObject\",\"inLanguage\":\"en-GB\",\"@id\":\"https:\\\/\\\/www.actionproject.es\\\/#\\\/schema\\\/logo\\\/image\\\/\",\"url\":\"https:\\\/\\\/www.actionproject.es\\\/wp-content\\\/uploads\\\/2025\\\/02\\\/favicon-action.png\",\"contentUrl\":\"https:\\\/\\\/www.actionproject.es\\\/wp-content\\\/uploads\\\/2025\\\/02\\\/favicon-action.png\",\"width\":512,\"height\":512,\"caption\":\"Action Project\"},\"image\":{\"@id\":\"https:\\\/\\\/www.actionproject.es\\\/#\\\/schema\\\/logo\\\/image\\\/\"}},{\"@type\":\"Person\",\"@id\":\"https:\\\/\\\/www.actionproject.es\\\/#\\\/schema\\\/person\\\/01aa5bb80cabd3235975fa1fccb16e23\",\"name\":\"Juanma\",\"image\":{\"@type\":\"ImageObject\",\"inLanguage\":\"en-GB\",\"@id\":\"https:\\\/\\\/secure.gravatar.com\\\/avatar\\\/85f0c3c9ba6a2b2ba51b0df3346eaf50cafa606989920561324eac0dd1c938f4?s=96&d=mm&r=g\",\"url\":\"https:\\\/\\\/secure.gravatar.com\\\/avatar\\\/85f0c3c9ba6a2b2ba51b0df3346eaf50cafa606989920561324eac0dd1c938f4?s=96&d=mm&r=g\",\"contentUrl\":\"https:\\\/\\\/secure.gravatar.com\\\/avatar\\\/85f0c3c9ba6a2b2ba51b0df3346eaf50cafa606989920561324eac0dd1c938f4?s=96&d=mm&r=g\",\"caption\":\"Juanma\"},\"url\":\"https:\\\/\\\/www.actionproject.es\\\/en_gb\\\/blog\\\/author\\\/juanma\\\/\"}]}<\/script>\n<!-- \/ Yoast SEO plugin. -->","yoast_head_json":{"title":"20 claves para ver si tu identidad corporativa va con tu empresa (I) - Action Project","robots":{"index":"index","follow":"follow","max-snippet":"max-snippet:-1","max-image-preview":"max-image-preview:large","max-video-preview":"max-video-preview:-1"},"canonical":"https:\/\/www.actionproject.es\/en_gb\/blog\/claves-ver-identidad-corporativa-va-empresa-i\/","og_locale":"en_GB","og_type":"article","og_title":"20 claves para ver si tu identidad corporativa va con tu empresa (I) - Action Project","og_description":"\u00bfCrees que la identidad corporativa de tu empresa solo sirve para \u00abdecorar\u00bb?, \u00bfque est\u00e1 al margen de la gesti\u00f3n empresarial? As\u00ed se relacionan y retroalimentan. En tiempos de incertidumbre y convulsi\u00f3n en los negocios, las empresas toman mayor conciencia sobre la importancia de tener las marcas de sus negocios bien cuidadas y preparadas para distinguirse de su competencia. Una buena marca necesita un logotipo y una identidad gr\u00e1fica corporativa que funcione y act\u00fae de manera eficaz. Para saber si tu identidad corporativa tiene buen estado de salud no te pierdas estas claves: \u00a0 1. \u00bfSabes qu\u00e9 es la identidad corporativa? La imagen corporativa es c\u00f3mo se presenta una marca ante el p\u00fablico y es un factor esencial para cualquier empresa. Dentro de ella se incluye el naming, el logotipo, sus colores corporativos, la tipograf\u00eda, sus aplicaciones\u2026 Siempre debe ser acorde a la marca, ser funcional y reconocible, ya que es el factor m\u00e1s importante para distinguirse de la competencia. \u00bfImprovisas tu identidad corporativa seg\u00fan el d\u00eda? \u00bfTe has parado a pensar si representa de verdad todos tus valores de empresa? \u00a0 2. \u00bfTienes un logotipo \/ logos\u00edmbolo \/ icono? Por lo general, hay mucha confusi\u00f3n con estos t\u00e9rminos en el mundo empresarial. El logotipo es la parte tipogr\u00e1fica de la marca, mientras que el icono o isotipo es su parte iconogr\u00e1fica, es decir, su s\u00edmbolo o parte pict\u00f3rica. Por su parte, un logos\u00edmbolo o imagotipo es el conjunto de ambas y se trata de la forma m\u00e1s utilizada por cualquier marca. Todas ellas sirven para conectar y relacionar nuestra marca con el mundo, ya sea mediante una circular a empleados o como colaboradores en un evento ben\u00e9fico. \u00bfJuegas con las variantes o utilizas siempre la misma versi\u00f3n de tu identidad corporativa? \u00a0 3. \u00bfCrees que tu logo funciona? Con tener cualquier logotipo no es suficiente, ya que m\u00e1s all\u00e1 de ser una representaci\u00f3n gr\u00e1fica de la marca debe ser funcional. Un logotipo funcional es aquel que traslada los valores y propuesta de valor de la marca, que se adapta a los diferentes soportes de una manera correcta y es reconocible a los ojos del cliente. \u00bfCu\u00e1nto te pareces a tu competencia en tu gesti\u00f3n empresarial y al cliente?, \u00bfconsideras que tu identidad corporativa es capaz de contarlo por s\u00ed sola? \u00a0 4. \u00bfCrees que te hace ser \u00fanico? Un logotipo \u00fanico y reconocible es aquel que se diferencia de sus competidores. Debemos analizar correctamente nuestra competencia directa e indirecta, c\u00f3mo es su identidad corporativa, sus colores, sus tipograf\u00edas... Solamente as\u00ed lograremos destacar de los dem\u00e1s. \u00bfDe verdad has hecho todo para que tu identidad corporativa sea el mirlo blanco de tu sector? \u00a0 5. \u00bfEn tama\u00f1os peque\u00f1os funcionar\u00eda? Nuestra imagen debe servir tanto en una valla publicitaria como en el icono de una aplicaci\u00f3n para un smartwatch. Es decir, adaptarse y funcionar en los diferentes tama\u00f1os mediante diferentes versiones de nuestro logotipo. Tambi\u00e9n debemos tener en cuenta sus aplicaciones en perfiles de redes sociales o, por ejemplo, en una web corporativa. \u00bfSigues utilizando solo una versi\u00f3n rectangular de tu identidad para todo? \u00a0 6. \u00bfY si lo aplicamos a una tinta? \u00bfFuncionar\u00eda? Los degradados o los logotipos con bastante informaci\u00f3n pueden causar problemas a la hora de aplicarlos a una tinta, por ejemplo, en un sello de caucho o en un vinilo de corte. Para ello, nuestra marca siempre debe contemplar una versi\u00f3n \u00fatil para estas aplicaciones. \u00bfTe da miedo invertir en un formato f\u00edsico y que sea un desastre? \u00a0 7. \u00bfUtilizas alg\u00fan color corporativo? El color corporativo es un valor diferencial de cualquier identidad, acompa\u00f1a todas las aplicaciones de la marca, desde el interiorismo de una tienda hasta la papeler\u00eda corporativa. Engloba el color o colores principales de la marca y su forma de interacci\u00f3n entre ellos, adem\u00e1s a la hora de seleccionarlo debemos tener en cuenta nuestro target, su personalidad y la visibilidad. \u00bfLe has preguntado a tus clientes qu\u00e9 piensan de tu identidad corporativa o te han comentado algo ellos? \u00a0 \u00bfQuieres ser una gran marca o empresa? Empieza a pensar como ellas hacen en la gesti\u00f3n empresarial y la identidad corporativa. Si te fijas bien en sus acciones, no dejan que cada una de ellas vaya por libre, sino que la gesti\u00f3n empresarial y la identidad corporativa van de la mano, todo est\u00e1 integrado. No te pierdas nuestras pr\u00f3ximas entregas para ver si tu empresa pasa el examen. Ana Rojo - Gerente y Cofundadora de Estudio Ranawww.estudiorana.es","og_url":"https:\/\/www.actionproject.es\/en_gb\/blog\/claves-ver-identidad-corporativa-va-empresa-i\/","og_site_name":"Action Project","article_published_time":"2020-06-23T05:00:42+00:00","article_modified_time":"2025-07-02T09:13:04+00:00","og_image":[{"width":1200,"height":675,"url":"https:\/\/www.actionproject.es\/wp-content\/uploads\/2025\/07\/identidad-corporativa-empresa.jpg","type":"image\/jpeg"}],"author":"Juanma","twitter_card":"summary_large_image","twitter_misc":{"Written by":"Juanma"},"schema":{"@context":"https:\/\/schema.org","@graph":[{"@type":"Article","@id":"https:\/\/www.actionproject.es\/blog\/claves-ver-identidad-corporativa-va-empresa-i\/#article","isPartOf":{"@id":"https:\/\/www.actionproject.es\/blog\/claves-ver-identidad-corporativa-va-empresa-i\/"},"author":{"name":"Juanma","@id":"https:\/\/www.actionproject.es\/#\/schema\/person\/01aa5bb80cabd3235975fa1fccb16e23"},"headline":"20 claves para ver si tu identidad corporativa va con tu empresa (I)","datePublished":"2020-06-23T05:00:42+00:00","dateModified":"2025-07-02T09:13:04+00:00","mainEntityOfPage":{"@id":"https:\/\/www.actionproject.es\/blog\/claves-ver-identidad-corporativa-va-empresa-i\/"},"wordCount":12,"publisher":{"@id":"https:\/\/www.actionproject.es\/#organization"},"image":{"@id":"https:\/\/www.actionproject.es\/blog\/claves-ver-identidad-corporativa-va-empresa-i\/#primaryimage"},"thumbnailUrl":"https:\/\/www.actionproject.es\/wp-content\/uploads\/2025\/07\/identidad-corporativa-empresa.jpg","keywords":["consultor\u00eda de empresas","gesti\u00f3n empresarial","identidad corporativa","identidad gr\u00e1fica","marca"],"articleSection":["Estrategia empresarial"],"inLanguage":"en-GB"},{"@type":"WebPage","@id":"https:\/\/www.actionproject.es\/blog\/claves-ver-identidad-corporativa-va-empresa-i\/","url":"https:\/\/www.actionproject.es\/blog\/claves-ver-identidad-corporativa-va-empresa-i\/","name":"20 claves para ver si tu identidad corporativa va con tu empresa (I) - Action Project","isPartOf":{"@id":"https:\/\/www.actionproject.es\/#website"},"primaryImageOfPage":{"@id":"https:\/\/www.actionproject.es\/blog\/claves-ver-identidad-corporativa-va-empresa-i\/#primaryimage"},"image":{"@id":"https:\/\/www.actionproject.es\/blog\/claves-ver-identidad-corporativa-va-empresa-i\/#primaryimage"},"thumbnailUrl":"https:\/\/www.actionproject.es\/wp-content\/uploads\/2025\/07\/identidad-corporativa-empresa.jpg","datePublished":"2020-06-23T05:00:42+00:00","dateModified":"2025-07-02T09:13:04+00:00","breadcrumb":{"@id":"https:\/\/www.actionproject.es\/blog\/claves-ver-identidad-corporativa-va-empresa-i\/#breadcrumb"},"inLanguage":"en-GB","potentialAction":[{"@type":"ReadAction","target":["https:\/\/www.actionproject.es\/blog\/claves-ver-identidad-corporativa-va-empresa-i\/"]}]},{"@type":"ImageObject","inLanguage":"en-GB","@id":"https:\/\/www.actionproject.es\/blog\/claves-ver-identidad-corporativa-va-empresa-i\/#primaryimage","url":"https:\/\/www.actionproject.es\/wp-content\/uploads\/2025\/07\/identidad-corporativa-empresa.jpg","contentUrl":"https:\/\/www.actionproject.es\/wp-content\/uploads\/2025\/07\/identidad-corporativa-empresa.jpg","width":1200,"height":675},{"@type":"BreadcrumbList","@id":"https:\/\/www.actionproject.es\/blog\/claves-ver-identidad-corporativa-va-empresa-i\/#breadcrumb","itemListElement":[{"@type":"ListItem","position":1,"name":"Portada","item":"https:\/\/www.actionproject.es\/"},{"@type":"ListItem","position":2,"name":"20 claves para ver si tu identidad corporativa va con tu empresa (I)"}]},{"@type":"WebSite","@id":"https:\/\/www.actionproject.es\/#website","url":"https:\/\/www.actionproject.es\/","name":"Action Project","description":"","publisher":{"@id":"https:\/\/www.actionproject.es\/#organization"},"potentialAction":[{"@type":"SearchAction","target":{"@type":"EntryPoint","urlTemplate":"https:\/\/www.actionproject.es\/?s={search_term_string}"},"query-input":{"@type":"PropertyValueSpecification","valueRequired":true,"valueName":"search_term_string"}}],"inLanguage":"en-GB"},{"@type":"Organization","@id":"https:\/\/www.actionproject.es\/#organization","name":"Action Project","url":"https:\/\/www.actionproject.es\/","logo":{"@type":"ImageObject","inLanguage":"en-GB","@id":"https:\/\/www.actionproject.es\/#\/schema\/logo\/image\/","url":"https:\/\/www.actionproject.es\/wp-content\/uploads\/2025\/02\/favicon-action.png","contentUrl":"https:\/\/www.actionproject.es\/wp-content\/uploads\/2025\/02\/favicon-action.png","width":512,"height":512,"caption":"Action Project"},"image":{"@id":"https:\/\/www.actionproject.es\/#\/schema\/logo\/image\/"}},{"@type":"Person","@id":"https:\/\/www.actionproject.es\/#\/schema\/person\/01aa5bb80cabd3235975fa1fccb16e23","name":"Juanma","image":{"@type":"ImageObject","inLanguage":"en-GB","@id":"https:\/\/secure.gravatar.com\/avatar\/85f0c3c9ba6a2b2ba51b0df3346eaf50cafa606989920561324eac0dd1c938f4?s=96&d=mm&r=g","url":"https:\/\/secure.gravatar.com\/avatar\/85f0c3c9ba6a2b2ba51b0df3346eaf50cafa606989920561324eac0dd1c938f4?s=96&d=mm&r=g","contentUrl":"https:\/\/secure.gravatar.com\/avatar\/85f0c3c9ba6a2b2ba51b0df3346eaf50cafa606989920561324eac0dd1c938f4?s=96&d=mm&r=g","caption":"Juanma"},"url":"https:\/\/www.actionproject.es\/en_gb\/blog\/author\/juanma\/"}]}},"_links":{"self":[{"href":"https:\/\/www.actionproject.es\/en_gb\/wp-json\/wp\/v2\/posts\/1286","targetHints":{"allow":["GET"]}}],"collection":[{"href":"https:\/\/www.actionproject.es\/en_gb\/wp-json\/wp\/v2\/posts"}],"about":[{"href":"https:\/\/www.actionproject.es\/en_gb\/wp-json\/wp\/v2\/types\/post"}],"author":[{"embeddable":true,"href":"https:\/\/www.actionproject.es\/en_gb\/wp-json\/wp\/v2\/users\/2"}],"replies":[{"embeddable":true,"href":"https:\/\/www.actionproject.es\/en_gb\/wp-json\/wp\/v2\/comments?post=1286"}],"version-history":[{"count":1,"href":"https:\/\/www.actionproject.es\/en_gb\/wp-json\/wp\/v2\/posts\/1286\/revisions"}],"predecessor-version":[{"id":1548,"href":"https:\/\/www.actionproject.es\/en_gb\/wp-json\/wp\/v2\/posts\/1286\/revisions\/1548"}],"wp:featuredmedia":[{"embeddable":true,"href":"https:\/\/www.actionproject.es\/en_gb\/wp-json\/wp\/v2\/media\/1463"}],"wp:attachment":[{"href":"https:\/\/www.actionproject.es\/en_gb\/wp-json\/wp\/v2\/media?parent=1286"}],"wp:term":[{"taxonomy":"category","embeddable":true,"href":"https:\/\/www.actionproject.es\/en_gb\/wp-json\/wp\/v2\/categories?post=1286"},{"taxonomy":"post_tag","embeddable":true,"href":"https:\/\/www.actionproject.es\/en_gb\/wp-json\/wp\/v2\/tags?post=1286"}],"curies":[{"name":"wp","href":"https:\/\/api.w.org\/{rel}","templated":true}]}}