{"id":1288,"date":"2020-07-10T10:15:00","date_gmt":"2020-07-10T08:15:00","guid":{"rendered":"https:\/\/www.actionproject.es\/blog\/claves-ver-identidad-corporativa-va-empresa-ii\/"},"modified":"2025-07-02T11:13:05","modified_gmt":"2025-07-02T09:13:05","slug":"claves-ver-identidad-corporativa-va-empresa-ii","status":"publish","type":"post","link":"https:\/\/www.actionproject.es\/en_gb\/blog\/claves-ver-identidad-corporativa-va-empresa-ii\/","title":{"rendered":"20 claves para ver si tu identidad corporativa va con tu empresa (II)"},"content":{"rendered":"","protected":false},"excerpt":{"rendered":"<p>Ya hemos empezado a explorar el <strong>potencial de la identidad corporativa de una empresa<\/strong> y su conexi\u00f3n con la direcci\u00f3n empresarial. \u00bfSeguimos con nuevas claves?<\/p>\n<p>En la <a title=\"20 claves para ver si tu identidad corporativa va con tu empresa (I)\" href=\"https:\/\/www.actionproject.es\/en_gb\/blog\/claves-ver-identidad-corporativa-va-empresa-i\/\">primera entrega de 20 claves para ver si tu identidad corporativa va con tu empresa<\/a> hablamos de aspectos muy b\u00e1sicos dentro del dise\u00f1o de una marca, pero que muchas veces las empresas pasan por alto o no tienen del todo perfilados. Por poner algunos ejemplos mencionamos la<strong> funci\u00f3n de la identidad corporativa, la importancia de los colores corporativos o la adaptaci\u00f3n de la identidad gr\u00e1fica a diferentes formatos y tama\u00f1os.<\/strong><\/p>\n<p>En la segunda entrega \u2014nos espera otra m\u00e1s\u2014 nos seguiremos adentrando en la <strong>importancia del color, el uso de tipograf\u00edas y la integraci\u00f3n de iconos o pictogramas.<\/strong> Ver\u00e1s c\u00f3mo tener una <strong>identidad corporativa fuerte y definida est\u00e1 muy ligado a una<a title=\"\u00bfNecesitas mejorar tus habilidades directivas?\" href=\"\/en_gb\/servicios\/desarrollo-directivo\/\"> direcci\u00f3n de empresa moderna y profesional.<\/a><\/strong><\/p>\n<p>\u00a0<\/p>\n<p>Ah\u00ed vamos con m\u00e1s claves para examinar tu identidad corporativa:<\/p>\n<p><strong>8. \u00bfQu\u00e9 significado tiene tu color corporativo?<\/strong><\/p>\n<p>La psicolog\u00eda del color es algo a tener en cuenta a la hora de seleccionar un <strong>color corporativo, y hace referencia a los valores, sentimientos o ideas que generan los diferentes colores.<\/strong> Por ejemplo, el azul nos puede trasladar a una marca tecnol\u00f3gica, el rojo nos transmite vitalidad; el amarillo, felicidad; el verde, naturaleza&#8230;<\/p>\n<p>Otro factor a considerar es el <strong>contexto socio-cultural<\/strong> en el que nos encontremos, ya que no ser\u00e1 igual en nuestro pa\u00eds que en otra parte del mundo. <strong>\u00bfExprimes todo este valor o lo has elegido sin mirar ning\u00fan tipo de simbolismo?<\/strong><\/p>\n<p>\u00a0<\/p>\n<p><strong>9. \u00bfConoces sus versiones RGB \/ CMYK \/ Pantone?<\/strong><\/p>\n<p>Nuestra marca se debe adaptar tanto a formatos online como offline, y para ello existen diferentes sistemas de color:<\/p>\n<p style=\"padding-left: 30px;\">\u2022 El <strong>color en RGB<\/strong> es utilizado para su visualizaci\u00f3n en pantalla, por ejemplo, en una aplicaci\u00f3n m\u00f3vil o en nuestra web. Tienden a ser colores m\u00e1s brillantes y llamativos.<\/p>\n<p style=\"padding-left: 30px;\">\u2022 El <strong>color en CMYK<\/strong> es utilizado al imprimir, los colores tienden a apagarse en referencia al RGB, y es utilizado, por ejemplo, para carteler\u00eda.<\/p>\n<p style=\"padding-left: 30px;\">\u2022 En cuanto a los <strong>colores PANTONE<\/strong> sirven para mantener una uniformidad, ya que logran que independientemente de la pantalla o el monitor en su producci\u00f3n e impresi\u00f3n siempre se logren resultados exactamente iguales.<\/p>\n<p><strong>\u00bfAhora entiendes por qu\u00e9 hay que hilar fino en el tratamiento de tu color corporativo y que no se puede dejar en manos de cualquiera?<\/strong><\/p>\n<p>\u00a0<\/p>\n<p><strong>10. \u00bfUtilizas alguna tipograf\u00eda corporativa?<\/strong><\/p>\n<p>The <strong>tipograf\u00eda<\/strong> es el<strong> elemento principal de cualquier comunicaci\u00f3n escrita.<\/strong> Por ello, para que nuestros textos mantengan una <strong>uniformidad resulta necesario seleccionar una tipograf\u00eda corporativa<\/strong> que traslade las ideas de nuestra marca. La tipograf\u00eda puede ser con serif o sans serif, monoespaciada o incluso display, pero debemos asegurarnos de que sea legible y que funcione en los diferentes tama\u00f1os que necesitaremos.<\/p>\n<p>\u00bfTodav\u00eda sigues utilizando la tipograf\u00eda que aparece por defecto en el procesador de textos o herramienta de dise\u00f1o para tus comunicaciones?<\/p>\n<p>\u00a0<\/p>\n<p><strong>11. \u00bfY si hubiera que escribir textos largos? \u00bfFuncionar\u00eda?<\/strong><\/p>\n<p>Se puede dar el caso de que en alg\u00fan momento necesitemos escribir una gran cantidad de texto, como por ejemplo para un dossier explicativo de nuestra empresa de gran envergadura. Para ello siempre se debe proponer una <strong>tipograf\u00eda que favorezca la lectura de grandes masas de texto.<\/strong> Con este paso lograremos que el ojo no se canse tan f\u00e1cilmente a la hora de leerlo.<\/p>\n<p>\u00bfTe imaginas que por una mala decisi\u00f3n en la tipograf\u00eda tu texto no tuviera el impacto que esperabas despu\u00e9s de tanto esfuerzo?<\/p>\n<p>\u00a0<\/p>\n<p><strong>12. \u00bfSiguen alguna estructura las diferentes aplicaciones?<\/strong><\/p>\n<p>Para homogeneizar todas las aplicaciones necesarias para la marca es necesario que estas mantengan una <strong>estructura estudiada<\/strong>, que d\u00e9 lugar a explorar la creatividad en los soportes, pero siempre manteniendo una concordancia entre ellas.<\/p>\n<p><strong>\u00bfSab\u00edas que un manual corporativo de tu marca elimina de un plumazo todos estos problemas derivados de no saber c\u00f3mo utilizar tu identidad en diferentes situaciones?<\/strong><\/p>\n<p>\u00a0<\/p>\n<p><strong>13. \u00bfNecesitas iconos o pictogramas?<\/strong><\/p>\n<p>Los pictogramas son los signos pict\u00f3ricos que representan determinadas funciones, objetos, lugares\u2026 <strong>Sirven para acompa\u00f1ar o identificar determinados elementos<\/strong>. En muchas ocasiones podemos necesitarlos para distinguir nuestros servicios o, por ejemplo, para el contacto. Para que<strong> mantengan relaci\u00f3n con nuestra marca es necesario que sean construidos en concordancia con nuestra identidad corporativa.<\/strong><\/p>\n<p>\u00bfLos iconos en tu comunicaci\u00f3n son como un verso libre?<\/p>\n<p>Con todas estas claves<strong> ya puedes ver si tu identidad corporativa llega al aprobado o se queda lejos<\/strong>. En la siguiente entrega seguiremos con las \u00faltimas claves, que nos servir\u00e1n para averiguar si tu identidad corporativa puede sacar nota. Como te mostramos, la<strong> identidad corporativa es una cuesti\u00f3n estrat\u00e9gica en tu <a title=\"\u00bfGestionas tu empresas de forma profesional?\" href=\"\/en_gb\/servicios\/profesionalizacion-de-la-empresa\/\"><em>management<\/em> de empresa<\/a><\/strong> y est\u00e1 en cada una de las decisiones que tomas como empresa: un cartel a gran formato, publicidad, tu p\u00e1gina web, una aplicaci\u00f3n\u2026<\/p>\n<p>\u00a0<\/p>\n<p><strong>Ana Rojo &#8211; Gerente y Cofundadora de Estudio Rana<\/strong><br \/><a title=\"Visita la web de Estudio Rana\" href=\"https:\/\/www.estudiorana.es\/\">www.estudiorana.es<\/a><\/p>","protected":false},"author":2,"featured_media":1462,"comment_status":"closed","ping_status":"open","sticky":false,"template":"","format":"standard","meta":{"_acf_changed":false,"_joinchat":[],"footnotes":""},"categories":[10],"tags":[90,91,86,85,92],"class_list":["post-1288","post","type-post","status-publish","format-standard","has-post-thumbnail","hentry","category-estrategia-empresarial","tag-colores-corporativos","tag-decisiones-estrategicas","tag-identidad-corporativa","tag-identidad-grafica","tag-manual-corporativo-de-marca"],"acf":[],"aioseo_notices":[],"yoast_head":"<!-- This site is optimized with the Yoast SEO plugin v27.3 - https:\/\/yoast.com\/product\/yoast-seo-wordpress\/ -->\n<title>20 claves para ver si tu identidad corporativa va con tu empresa (II) - Action Project<\/title>\n<meta name=\"robots\" content=\"index, follow, max-snippet:-1, max-image-preview:large, max-video-preview:-1\" \/>\n<link rel=\"canonical\" href=\"https:\/\/www.actionproject.es\/en_gb\/blog\/claves-ver-identidad-corporativa-va-empresa-ii\/\" \/>\n<meta property=\"og:locale\" content=\"en_GB\" \/>\n<meta property=\"og:type\" content=\"article\" \/>\n<meta property=\"og:title\" content=\"20 claves para ver si tu identidad corporativa va con tu empresa (II) - Action Project\" \/>\n<meta property=\"og:description\" content=\"Ya hemos empezado a explorar el potencial de la identidad corporativa de una empresa y su conexi\u00f3n con la direcci\u00f3n empresarial. \u00bfSeguimos con nuevas claves? En la primera entrega de 20 claves para ver si tu identidad corporativa va con tu empresa hablamos de aspectos muy b\u00e1sicos dentro del dise\u00f1o de una marca, pero que muchas veces las empresas pasan por alto o no tienen del todo perfilados. Por poner algunos ejemplos mencionamos la funci\u00f3n de la identidad corporativa, la importancia de los colores corporativos o la adaptaci\u00f3n de la identidad gr\u00e1fica a diferentes formatos y tama\u00f1os. En la segunda entrega \u2014nos espera otra m\u00e1s\u2014 nos seguiremos adentrando en la importancia del color, el uso de tipograf\u00edas y la integraci\u00f3n de iconos o pictogramas. Ver\u00e1s c\u00f3mo tener una identidad corporativa fuerte y definida est\u00e1 muy ligado a una direcci\u00f3n de empresa moderna y profesional. \u00a0 Ah\u00ed vamos con m\u00e1s claves para examinar tu identidad corporativa: 8. \u00bfQu\u00e9 significado tiene tu color corporativo? La psicolog\u00eda del color es algo a tener en cuenta a la hora de seleccionar un color corporativo, y hace referencia a los valores, sentimientos o ideas que generan los diferentes colores. Por ejemplo, el azul nos puede trasladar a una marca tecnol\u00f3gica, el rojo nos transmite vitalidad; el amarillo, felicidad; el verde, naturaleza... Otro factor a considerar es el contexto socio-cultural en el que nos encontremos, ya que no ser\u00e1 igual en nuestro pa\u00eds que en otra parte del mundo. \u00bfExprimes todo este valor o lo has elegido sin mirar ning\u00fan tipo de simbolismo? \u00a0 9. \u00bfConoces sus versiones RGB \/ CMYK \/ Pantone? Nuestra marca se debe adaptar tanto a formatos online como offline, y para ello existen diferentes sistemas de color: \u2022 El color en RGB es utilizado para su visualizaci\u00f3n en pantalla, por ejemplo, en una aplicaci\u00f3n m\u00f3vil o en nuestra web. Tienden a ser colores m\u00e1s brillantes y llamativos. \u2022 El color en CMYK es utilizado al imprimir, los colores tienden a apagarse en referencia al RGB, y es utilizado, por ejemplo, para carteler\u00eda. \u2022 En cuanto a los colores PANTONE sirven para mantener una uniformidad, ya que logran que independientemente de la pantalla o el monitor en su producci\u00f3n e impresi\u00f3n siempre se logren resultados exactamente iguales. \u00bfAhora entiendes por qu\u00e9 hay que hilar fino en el tratamiento de tu color corporativo y que no se puede dejar en manos de cualquiera? \u00a0 10. \u00bfUtilizas alguna tipograf\u00eda corporativa? La tipograf\u00eda es el elemento principal de cualquier comunicaci\u00f3n escrita. Por ello, para que nuestros textos mantengan una uniformidad resulta necesario seleccionar una tipograf\u00eda corporativa que traslade las ideas de nuestra marca. La tipograf\u00eda puede ser con serif o sans serif, monoespaciada o incluso display, pero debemos asegurarnos de que sea legible y que funcione en los diferentes tama\u00f1os que necesitaremos. \u00bfTodav\u00eda sigues utilizando la tipograf\u00eda que aparece por defecto en el procesador de textos o herramienta de dise\u00f1o para tus comunicaciones? \u00a0 11. \u00bfY si hubiera que escribir textos largos? \u00bfFuncionar\u00eda? Se puede dar el caso de que en alg\u00fan momento necesitemos escribir una gran cantidad de texto, como por ejemplo para un dossier explicativo de nuestra empresa de gran envergadura. Para ello siempre se debe proponer una tipograf\u00eda que favorezca la lectura de grandes masas de texto. Con este paso lograremos que el ojo no se canse tan f\u00e1cilmente a la hora de leerlo. \u00bfTe imaginas que por una mala decisi\u00f3n en la tipograf\u00eda tu texto no tuviera el impacto que esperabas despu\u00e9s de tanto esfuerzo? \u00a0 12. \u00bfSiguen alguna estructura las diferentes aplicaciones? Para homogeneizar todas las aplicaciones necesarias para la marca es necesario que estas mantengan una estructura estudiada, que d\u00e9 lugar a explorar la creatividad en los soportes, pero siempre manteniendo una concordancia entre ellas. \u00bfSab\u00edas que un manual corporativo de tu marca elimina de un plumazo todos estos problemas derivados de no saber c\u00f3mo utilizar tu identidad en diferentes situaciones? \u00a0 13. \u00bfNecesitas iconos o pictogramas? Los pictogramas son los signos pict\u00f3ricos que representan determinadas funciones, objetos, lugares\u2026 Sirven para acompa\u00f1ar o identificar determinados elementos. En muchas ocasiones podemos necesitarlos para distinguir nuestros servicios o, por ejemplo, para el contacto. Para que mantengan relaci\u00f3n con nuestra marca es necesario que sean construidos en concordancia con nuestra identidad corporativa. \u00bfLos iconos en tu comunicaci\u00f3n son como un verso libre? Con todas estas claves ya puedes ver si tu identidad corporativa llega al aprobado o se queda lejos. En la siguiente entrega seguiremos con las \u00faltimas claves, que nos servir\u00e1n para averiguar si tu identidad corporativa puede sacar nota. Como te mostramos, la identidad corporativa es una cuesti\u00f3n estrat\u00e9gica en tu management de empresa y est\u00e1 en cada una de las decisiones que tomas como empresa: un cartel a gran formato, publicidad, tu p\u00e1gina web, una aplicaci\u00f3n\u2026 \u00a0 Ana Rojo - Gerente y Cofundadora de Estudio Ranawww.estudiorana.es\" \/>\n<meta property=\"og:url\" content=\"https:\/\/www.actionproject.es\/en_gb\/blog\/claves-ver-identidad-corporativa-va-empresa-ii\/\" \/>\n<meta property=\"og:site_name\" content=\"Action Project\" \/>\n<meta property=\"article:published_time\" content=\"2020-07-10T08:15:00+00:00\" \/>\n<meta property=\"article:modified_time\" content=\"2025-07-02T09:13:05+00:00\" \/>\n<meta property=\"og:image\" content=\"https:\/\/www.actionproject.es\/wp-content\/uploads\/2025\/07\/identidad-corporativa-colores-direccion-empresa.jpg\" \/>\n\t<meta property=\"og:image:width\" content=\"1200\" \/>\n\t<meta property=\"og:image:height\" content=\"800\" \/>\n\t<meta property=\"og:image:type\" content=\"image\/jpeg\" \/>\n<meta name=\"author\" content=\"Juanma\" \/>\n<meta name=\"twitter:card\" content=\"summary_large_image\" \/>\n<meta name=\"twitter:label1\" content=\"Written by\" \/>\n\t<meta name=\"twitter:data1\" content=\"Juanma\" \/>\n<script type=\"application\/ld+json\" class=\"yoast-schema-graph\">{\"@context\":\"https:\\\/\\\/schema.org\",\"@graph\":[{\"@type\":\"Article\",\"@id\":\"https:\\\/\\\/www.actionproject.es\\\/blog\\\/claves-ver-identidad-corporativa-va-empresa-ii\\\/#article\",\"isPartOf\":{\"@id\":\"https:\\\/\\\/www.actionproject.es\\\/blog\\\/claves-ver-identidad-corporativa-va-empresa-ii\\\/\"},\"author\":{\"name\":\"Juanma\",\"@id\":\"https:\\\/\\\/www.actionproject.es\\\/#\\\/schema\\\/person\\\/01aa5bb80cabd3235975fa1fccb16e23\"},\"headline\":\"20 claves para ver si tu identidad corporativa va con tu empresa (II)\",\"datePublished\":\"2020-07-10T08:15:00+00:00\",\"dateModified\":\"2025-07-02T09:13:05+00:00\",\"mainEntityOfPage\":{\"@id\":\"https:\\\/\\\/www.actionproject.es\\\/blog\\\/claves-ver-identidad-corporativa-va-empresa-ii\\\/\"},\"wordCount\":12,\"publisher\":{\"@id\":\"https:\\\/\\\/www.actionproject.es\\\/#organization\"},\"image\":{\"@id\":\"https:\\\/\\\/www.actionproject.es\\\/blog\\\/claves-ver-identidad-corporativa-va-empresa-ii\\\/#primaryimage\"},\"thumbnailUrl\":\"https:\\\/\\\/www.actionproject.es\\\/wp-content\\\/uploads\\\/2025\\\/07\\\/identidad-corporativa-colores-direccion-empresa.jpg\",\"keywords\":[\"colores corporativos\",\"decisiones estrat\u00e9gicas\",\"identidad corporativa\",\"identidad gr\u00e1fica\",\"manual corporativo de marca\"],\"articleSection\":[\"Estrategia empresarial\"],\"inLanguage\":\"en-GB\"},{\"@type\":\"WebPage\",\"@id\":\"https:\\\/\\\/www.actionproject.es\\\/blog\\\/claves-ver-identidad-corporativa-va-empresa-ii\\\/\",\"url\":\"https:\\\/\\\/www.actionproject.es\\\/blog\\\/claves-ver-identidad-corporativa-va-empresa-ii\\\/\",\"name\":\"20 claves para ver si tu identidad corporativa va con tu empresa (II) - Action Project\",\"isPartOf\":{\"@id\":\"https:\\\/\\\/www.actionproject.es\\\/#website\"},\"primaryImageOfPage\":{\"@id\":\"https:\\\/\\\/www.actionproject.es\\\/blog\\\/claves-ver-identidad-corporativa-va-empresa-ii\\\/#primaryimage\"},\"image\":{\"@id\":\"https:\\\/\\\/www.actionproject.es\\\/blog\\\/claves-ver-identidad-corporativa-va-empresa-ii\\\/#primaryimage\"},\"thumbnailUrl\":\"https:\\\/\\\/www.actionproject.es\\\/wp-content\\\/uploads\\\/2025\\\/07\\\/identidad-corporativa-colores-direccion-empresa.jpg\",\"datePublished\":\"2020-07-10T08:15:00+00:00\",\"dateModified\":\"2025-07-02T09:13:05+00:00\",\"breadcrumb\":{\"@id\":\"https:\\\/\\\/www.actionproject.es\\\/blog\\\/claves-ver-identidad-corporativa-va-empresa-ii\\\/#breadcrumb\"},\"inLanguage\":\"en-GB\",\"potentialAction\":[{\"@type\":\"ReadAction\",\"target\":[\"https:\\\/\\\/www.actionproject.es\\\/blog\\\/claves-ver-identidad-corporativa-va-empresa-ii\\\/\"]}]},{\"@type\":\"ImageObject\",\"inLanguage\":\"en-GB\",\"@id\":\"https:\\\/\\\/www.actionproject.es\\\/blog\\\/claves-ver-identidad-corporativa-va-empresa-ii\\\/#primaryimage\",\"url\":\"https:\\\/\\\/www.actionproject.es\\\/wp-content\\\/uploads\\\/2025\\\/07\\\/identidad-corporativa-colores-direccion-empresa.jpg\",\"contentUrl\":\"https:\\\/\\\/www.actionproject.es\\\/wp-content\\\/uploads\\\/2025\\\/07\\\/identidad-corporativa-colores-direccion-empresa.jpg\",\"width\":1200,\"height\":800},{\"@type\":\"BreadcrumbList\",\"@id\":\"https:\\\/\\\/www.actionproject.es\\\/blog\\\/claves-ver-identidad-corporativa-va-empresa-ii\\\/#breadcrumb\",\"itemListElement\":[{\"@type\":\"ListItem\",\"position\":1,\"name\":\"Portada\",\"item\":\"https:\\\/\\\/www.actionproject.es\\\/\"},{\"@type\":\"ListItem\",\"position\":2,\"name\":\"20 claves para ver si tu identidad corporativa va con tu empresa (II)\"}]},{\"@type\":\"WebSite\",\"@id\":\"https:\\\/\\\/www.actionproject.es\\\/#website\",\"url\":\"https:\\\/\\\/www.actionproject.es\\\/\",\"name\":\"Action Project\",\"description\":\"\",\"publisher\":{\"@id\":\"https:\\\/\\\/www.actionproject.es\\\/#organization\"},\"potentialAction\":[{\"@type\":\"SearchAction\",\"target\":{\"@type\":\"EntryPoint\",\"urlTemplate\":\"https:\\\/\\\/www.actionproject.es\\\/?s={search_term_string}\"},\"query-input\":{\"@type\":\"PropertyValueSpecification\",\"valueRequired\":true,\"valueName\":\"search_term_string\"}}],\"inLanguage\":\"en-GB\"},{\"@type\":\"Organization\",\"@id\":\"https:\\\/\\\/www.actionproject.es\\\/#organization\",\"name\":\"Action Project\",\"url\":\"https:\\\/\\\/www.actionproject.es\\\/\",\"logo\":{\"@type\":\"ImageObject\",\"inLanguage\":\"en-GB\",\"@id\":\"https:\\\/\\\/www.actionproject.es\\\/#\\\/schema\\\/logo\\\/image\\\/\",\"url\":\"https:\\\/\\\/www.actionproject.es\\\/wp-content\\\/uploads\\\/2025\\\/02\\\/favicon-action.png\",\"contentUrl\":\"https:\\\/\\\/www.actionproject.es\\\/wp-content\\\/uploads\\\/2025\\\/02\\\/favicon-action.png\",\"width\":512,\"height\":512,\"caption\":\"Action Project\"},\"image\":{\"@id\":\"https:\\\/\\\/www.actionproject.es\\\/#\\\/schema\\\/logo\\\/image\\\/\"}},{\"@type\":\"Person\",\"@id\":\"https:\\\/\\\/www.actionproject.es\\\/#\\\/schema\\\/person\\\/01aa5bb80cabd3235975fa1fccb16e23\",\"name\":\"Juanma\",\"image\":{\"@type\":\"ImageObject\",\"inLanguage\":\"en-GB\",\"@id\":\"https:\\\/\\\/secure.gravatar.com\\\/avatar\\\/85f0c3c9ba6a2b2ba51b0df3346eaf50cafa606989920561324eac0dd1c938f4?s=96&d=mm&r=g\",\"url\":\"https:\\\/\\\/secure.gravatar.com\\\/avatar\\\/85f0c3c9ba6a2b2ba51b0df3346eaf50cafa606989920561324eac0dd1c938f4?s=96&d=mm&r=g\",\"contentUrl\":\"https:\\\/\\\/secure.gravatar.com\\\/avatar\\\/85f0c3c9ba6a2b2ba51b0df3346eaf50cafa606989920561324eac0dd1c938f4?s=96&d=mm&r=g\",\"caption\":\"Juanma\"},\"url\":\"https:\\\/\\\/www.actionproject.es\\\/en_gb\\\/blog\\\/author\\\/juanma\\\/\"}]}<\/script>\n<!-- \/ Yoast SEO plugin. -->","yoast_head_json":{"title":"20 claves para ver si tu identidad corporativa va con tu empresa (II) - Action Project","robots":{"index":"index","follow":"follow","max-snippet":"max-snippet:-1","max-image-preview":"max-image-preview:large","max-video-preview":"max-video-preview:-1"},"canonical":"https:\/\/www.actionproject.es\/en_gb\/blog\/claves-ver-identidad-corporativa-va-empresa-ii\/","og_locale":"en_GB","og_type":"article","og_title":"20 claves para ver si tu identidad corporativa va con tu empresa (II) - Action Project","og_description":"Ya hemos empezado a explorar el potencial de la identidad corporativa de una empresa y su conexi\u00f3n con la direcci\u00f3n empresarial. \u00bfSeguimos con nuevas claves? En la primera entrega de 20 claves para ver si tu identidad corporativa va con tu empresa hablamos de aspectos muy b\u00e1sicos dentro del dise\u00f1o de una marca, pero que muchas veces las empresas pasan por alto o no tienen del todo perfilados. Por poner algunos ejemplos mencionamos la funci\u00f3n de la identidad corporativa, la importancia de los colores corporativos o la adaptaci\u00f3n de la identidad gr\u00e1fica a diferentes formatos y tama\u00f1os. En la segunda entrega \u2014nos espera otra m\u00e1s\u2014 nos seguiremos adentrando en la importancia del color, el uso de tipograf\u00edas y la integraci\u00f3n de iconos o pictogramas. Ver\u00e1s c\u00f3mo tener una identidad corporativa fuerte y definida est\u00e1 muy ligado a una direcci\u00f3n de empresa moderna y profesional. \u00a0 Ah\u00ed vamos con m\u00e1s claves para examinar tu identidad corporativa: 8. \u00bfQu\u00e9 significado tiene tu color corporativo? La psicolog\u00eda del color es algo a tener en cuenta a la hora de seleccionar un color corporativo, y hace referencia a los valores, sentimientos o ideas que generan los diferentes colores. Por ejemplo, el azul nos puede trasladar a una marca tecnol\u00f3gica, el rojo nos transmite vitalidad; el amarillo, felicidad; el verde, naturaleza... Otro factor a considerar es el contexto socio-cultural en el que nos encontremos, ya que no ser\u00e1 igual en nuestro pa\u00eds que en otra parte del mundo. \u00bfExprimes todo este valor o lo has elegido sin mirar ning\u00fan tipo de simbolismo? \u00a0 9. \u00bfConoces sus versiones RGB \/ CMYK \/ Pantone? Nuestra marca se debe adaptar tanto a formatos online como offline, y para ello existen diferentes sistemas de color: \u2022 El color en RGB es utilizado para su visualizaci\u00f3n en pantalla, por ejemplo, en una aplicaci\u00f3n m\u00f3vil o en nuestra web. Tienden a ser colores m\u00e1s brillantes y llamativos. \u2022 El color en CMYK es utilizado al imprimir, los colores tienden a apagarse en referencia al RGB, y es utilizado, por ejemplo, para carteler\u00eda. \u2022 En cuanto a los colores PANTONE sirven para mantener una uniformidad, ya que logran que independientemente de la pantalla o el monitor en su producci\u00f3n e impresi\u00f3n siempre se logren resultados exactamente iguales. \u00bfAhora entiendes por qu\u00e9 hay que hilar fino en el tratamiento de tu color corporativo y que no se puede dejar en manos de cualquiera? \u00a0 10. \u00bfUtilizas alguna tipograf\u00eda corporativa? La tipograf\u00eda es el elemento principal de cualquier comunicaci\u00f3n escrita. Por ello, para que nuestros textos mantengan una uniformidad resulta necesario seleccionar una tipograf\u00eda corporativa que traslade las ideas de nuestra marca. La tipograf\u00eda puede ser con serif o sans serif, monoespaciada o incluso display, pero debemos asegurarnos de que sea legible y que funcione en los diferentes tama\u00f1os que necesitaremos. \u00bfTodav\u00eda sigues utilizando la tipograf\u00eda que aparece por defecto en el procesador de textos o herramienta de dise\u00f1o para tus comunicaciones? \u00a0 11. \u00bfY si hubiera que escribir textos largos? \u00bfFuncionar\u00eda? Se puede dar el caso de que en alg\u00fan momento necesitemos escribir una gran cantidad de texto, como por ejemplo para un dossier explicativo de nuestra empresa de gran envergadura. Para ello siempre se debe proponer una tipograf\u00eda que favorezca la lectura de grandes masas de texto. Con este paso lograremos que el ojo no se canse tan f\u00e1cilmente a la hora de leerlo. \u00bfTe imaginas que por una mala decisi\u00f3n en la tipograf\u00eda tu texto no tuviera el impacto que esperabas despu\u00e9s de tanto esfuerzo? \u00a0 12. \u00bfSiguen alguna estructura las diferentes aplicaciones? Para homogeneizar todas las aplicaciones necesarias para la marca es necesario que estas mantengan una estructura estudiada, que d\u00e9 lugar a explorar la creatividad en los soportes, pero siempre manteniendo una concordancia entre ellas. \u00bfSab\u00edas que un manual corporativo de tu marca elimina de un plumazo todos estos problemas derivados de no saber c\u00f3mo utilizar tu identidad en diferentes situaciones? \u00a0 13. \u00bfNecesitas iconos o pictogramas? Los pictogramas son los signos pict\u00f3ricos que representan determinadas funciones, objetos, lugares\u2026 Sirven para acompa\u00f1ar o identificar determinados elementos. En muchas ocasiones podemos necesitarlos para distinguir nuestros servicios o, por ejemplo, para el contacto. Para que mantengan relaci\u00f3n con nuestra marca es necesario que sean construidos en concordancia con nuestra identidad corporativa. \u00bfLos iconos en tu comunicaci\u00f3n son como un verso libre? Con todas estas claves ya puedes ver si tu identidad corporativa llega al aprobado o se queda lejos. En la siguiente entrega seguiremos con las \u00faltimas claves, que nos servir\u00e1n para averiguar si tu identidad corporativa puede sacar nota. Como te mostramos, la identidad corporativa es una cuesti\u00f3n estrat\u00e9gica en tu management de empresa y est\u00e1 en cada una de las decisiones que tomas como empresa: un cartel a gran formato, publicidad, tu p\u00e1gina web, una aplicaci\u00f3n\u2026 \u00a0 Ana Rojo - Gerente y Cofundadora de Estudio Ranawww.estudiorana.es","og_url":"https:\/\/www.actionproject.es\/en_gb\/blog\/claves-ver-identidad-corporativa-va-empresa-ii\/","og_site_name":"Action Project","article_published_time":"2020-07-10T08:15:00+00:00","article_modified_time":"2025-07-02T09:13:05+00:00","og_image":[{"width":1200,"height":800,"url":"https:\/\/www.actionproject.es\/wp-content\/uploads\/2025\/07\/identidad-corporativa-colores-direccion-empresa.jpg","type":"image\/jpeg"}],"author":"Juanma","twitter_card":"summary_large_image","twitter_misc":{"Written by":"Juanma"},"schema":{"@context":"https:\/\/schema.org","@graph":[{"@type":"Article","@id":"https:\/\/www.actionproject.es\/blog\/claves-ver-identidad-corporativa-va-empresa-ii\/#article","isPartOf":{"@id":"https:\/\/www.actionproject.es\/blog\/claves-ver-identidad-corporativa-va-empresa-ii\/"},"author":{"name":"Juanma","@id":"https:\/\/www.actionproject.es\/#\/schema\/person\/01aa5bb80cabd3235975fa1fccb16e23"},"headline":"20 claves para ver si tu identidad corporativa va con tu empresa (II)","datePublished":"2020-07-10T08:15:00+00:00","dateModified":"2025-07-02T09:13:05+00:00","mainEntityOfPage":{"@id":"https:\/\/www.actionproject.es\/blog\/claves-ver-identidad-corporativa-va-empresa-ii\/"},"wordCount":12,"publisher":{"@id":"https:\/\/www.actionproject.es\/#organization"},"image":{"@id":"https:\/\/www.actionproject.es\/blog\/claves-ver-identidad-corporativa-va-empresa-ii\/#primaryimage"},"thumbnailUrl":"https:\/\/www.actionproject.es\/wp-content\/uploads\/2025\/07\/identidad-corporativa-colores-direccion-empresa.jpg","keywords":["colores corporativos","decisiones estrat\u00e9gicas","identidad corporativa","identidad gr\u00e1fica","manual corporativo de marca"],"articleSection":["Estrategia empresarial"],"inLanguage":"en-GB"},{"@type":"WebPage","@id":"https:\/\/www.actionproject.es\/blog\/claves-ver-identidad-corporativa-va-empresa-ii\/","url":"https:\/\/www.actionproject.es\/blog\/claves-ver-identidad-corporativa-va-empresa-ii\/","name":"20 claves para ver si tu identidad corporativa va con tu empresa (II) - Action Project","isPartOf":{"@id":"https:\/\/www.actionproject.es\/#website"},"primaryImageOfPage":{"@id":"https:\/\/www.actionproject.es\/blog\/claves-ver-identidad-corporativa-va-empresa-ii\/#primaryimage"},"image":{"@id":"https:\/\/www.actionproject.es\/blog\/claves-ver-identidad-corporativa-va-empresa-ii\/#primaryimage"},"thumbnailUrl":"https:\/\/www.actionproject.es\/wp-content\/uploads\/2025\/07\/identidad-corporativa-colores-direccion-empresa.jpg","datePublished":"2020-07-10T08:15:00+00:00","dateModified":"2025-07-02T09:13:05+00:00","breadcrumb":{"@id":"https:\/\/www.actionproject.es\/blog\/claves-ver-identidad-corporativa-va-empresa-ii\/#breadcrumb"},"inLanguage":"en-GB","potentialAction":[{"@type":"ReadAction","target":["https:\/\/www.actionproject.es\/blog\/claves-ver-identidad-corporativa-va-empresa-ii\/"]}]},{"@type":"ImageObject","inLanguage":"en-GB","@id":"https:\/\/www.actionproject.es\/blog\/claves-ver-identidad-corporativa-va-empresa-ii\/#primaryimage","url":"https:\/\/www.actionproject.es\/wp-content\/uploads\/2025\/07\/identidad-corporativa-colores-direccion-empresa.jpg","contentUrl":"https:\/\/www.actionproject.es\/wp-content\/uploads\/2025\/07\/identidad-corporativa-colores-direccion-empresa.jpg","width":1200,"height":800},{"@type":"BreadcrumbList","@id":"https:\/\/www.actionproject.es\/blog\/claves-ver-identidad-corporativa-va-empresa-ii\/#breadcrumb","itemListElement":[{"@type":"ListItem","position":1,"name":"Portada","item":"https:\/\/www.actionproject.es\/"},{"@type":"ListItem","position":2,"name":"20 claves para ver si tu identidad corporativa va con tu empresa (II)"}]},{"@type":"WebSite","@id":"https:\/\/www.actionproject.es\/#website","url":"https:\/\/www.actionproject.es\/","name":"Action Project","description":"","publisher":{"@id":"https:\/\/www.actionproject.es\/#organization"},"potentialAction":[{"@type":"SearchAction","target":{"@type":"EntryPoint","urlTemplate":"https:\/\/www.actionproject.es\/?s={search_term_string}"},"query-input":{"@type":"PropertyValueSpecification","valueRequired":true,"valueName":"search_term_string"}}],"inLanguage":"en-GB"},{"@type":"Organization","@id":"https:\/\/www.actionproject.es\/#organization","name":"Action Project","url":"https:\/\/www.actionproject.es\/","logo":{"@type":"ImageObject","inLanguage":"en-GB","@id":"https:\/\/www.actionproject.es\/#\/schema\/logo\/image\/","url":"https:\/\/www.actionproject.es\/wp-content\/uploads\/2025\/02\/favicon-action.png","contentUrl":"https:\/\/www.actionproject.es\/wp-content\/uploads\/2025\/02\/favicon-action.png","width":512,"height":512,"caption":"Action Project"},"image":{"@id":"https:\/\/www.actionproject.es\/#\/schema\/logo\/image\/"}},{"@type":"Person","@id":"https:\/\/www.actionproject.es\/#\/schema\/person\/01aa5bb80cabd3235975fa1fccb16e23","name":"Juanma","image":{"@type":"ImageObject","inLanguage":"en-GB","@id":"https:\/\/secure.gravatar.com\/avatar\/85f0c3c9ba6a2b2ba51b0df3346eaf50cafa606989920561324eac0dd1c938f4?s=96&d=mm&r=g","url":"https:\/\/secure.gravatar.com\/avatar\/85f0c3c9ba6a2b2ba51b0df3346eaf50cafa606989920561324eac0dd1c938f4?s=96&d=mm&r=g","contentUrl":"https:\/\/secure.gravatar.com\/avatar\/85f0c3c9ba6a2b2ba51b0df3346eaf50cafa606989920561324eac0dd1c938f4?s=96&d=mm&r=g","caption":"Juanma"},"url":"https:\/\/www.actionproject.es\/en_gb\/blog\/author\/juanma\/"}]}},"_links":{"self":[{"href":"https:\/\/www.actionproject.es\/en_gb\/wp-json\/wp\/v2\/posts\/1288","targetHints":{"allow":["GET"]}}],"collection":[{"href":"https:\/\/www.actionproject.es\/en_gb\/wp-json\/wp\/v2\/posts"}],"about":[{"href":"https:\/\/www.actionproject.es\/en_gb\/wp-json\/wp\/v2\/types\/post"}],"author":[{"embeddable":true,"href":"https:\/\/www.actionproject.es\/en_gb\/wp-json\/wp\/v2\/users\/2"}],"replies":[{"embeddable":true,"href":"https:\/\/www.actionproject.es\/en_gb\/wp-json\/wp\/v2\/comments?post=1288"}],"version-history":[{"count":2,"href":"https:\/\/www.actionproject.es\/en_gb\/wp-json\/wp\/v2\/posts\/1288\/revisions"}],"predecessor-version":[{"id":1651,"href":"https:\/\/www.actionproject.es\/en_gb\/wp-json\/wp\/v2\/posts\/1288\/revisions\/1651"}],"wp:featuredmedia":[{"embeddable":true,"href":"https:\/\/www.actionproject.es\/en_gb\/wp-json\/wp\/v2\/media\/1462"}],"wp:attachment":[{"href":"https:\/\/www.actionproject.es\/en_gb\/wp-json\/wp\/v2\/media?parent=1288"}],"wp:term":[{"taxonomy":"category","embeddable":true,"href":"https:\/\/www.actionproject.es\/en_gb\/wp-json\/wp\/v2\/categories?post=1288"},{"taxonomy":"post_tag","embeddable":true,"href":"https:\/\/www.actionproject.es\/en_gb\/wp-json\/wp\/v2\/tags?post=1288"}],"curies":[{"name":"wp","href":"https:\/\/api.w.org\/{rel}","templated":true}]}}