{"id":1290,"date":"2020-07-28T08:26:15","date_gmt":"2020-07-28T06:26:15","guid":{"rendered":"https:\/\/www.actionproject.es\/blog\/20-claves-para-ver-si-tu-identidad-corporativa-va-con-tu-empresa-iii\/"},"modified":"2025-07-02T11:13:05","modified_gmt":"2025-07-02T09:13:05","slug":"20-claves-para-ver-si-tu-identidad-corporativa-va-con-tu-empresa-iii","status":"publish","type":"post","link":"https:\/\/www.actionproject.es\/en_gb\/blog\/20-claves-para-ver-si-tu-identidad-corporativa-va-con-tu-empresa-iii\/","title":{"rendered":"20 claves para ver si tu identidad corporativa va con tu empresa (III)"},"content":{"rendered":"","protected":false},"excerpt":{"rendered":"<p>The <strong>identidad corporativa de la empresa<\/strong> tiene una relaci\u00f3n tan estrecha como valiosa con el <strong><em>management<\/em><\/strong> and the <strong>direcci\u00f3n<\/strong>. \u00bfSeguro que la tuya funciona?<\/p>\n<p>Este post es la tercera parte de un recopilatorio con<strong> claves e ideas para reflexionar acerca de la identidad corporativa<\/strong>. Si ya has le\u00eddo la <a href=\"https:\/\/www.actionproject.es\/en_gb\/blog\/claves-ver-identidad-corporativa-va-empresa-i\/\" target=\"_blank\" rel=\"noopener noreferrer\">primera<\/a> and <a href=\"https:\/\/www.actionproject.es\/en_gb\/blog\/claves-ver-identidad-corporativa-va-empresa-ii\/\" target=\"_blank\" rel=\"noopener noreferrer\">segunda entrega<\/a>, adelante. En caso de que hayas llegado hasta aqu\u00ed sin contacto previo, te recomendamos que vayas a nuestro contenido anterior para que cuentes con todo el contexto que necesitas y al final de la lectura tengas una reflexi\u00f3n final sobre <strong>c\u00f3mo est\u00e1 tu marca en identidad corporativa<\/strong>.<\/p>\n<p>Sin m\u00e1s, vamos al grano. Ya est\u00e1bamos centr\u00e1ndonos en aspectos m\u00e1s concretos, que generalmente est\u00e1n asociados a<strong> marcas que se preocupan y cuidan el dise\u00f1o de sus marcas<\/strong>. Si te sientes c\u00f3modo escuchando lo siguiente es porque posiblemente tu marca saque nota en la representaci\u00f3n gr\u00e1fica.<\/p>\n<p><strong>\u00a0<\/strong><\/p>\n<ol start=\"14\">\n<li>\n<h3>\u00bfTienes un manual corporativo?<\/h3>\n<\/li>\n<\/ol>\n<p>El manual corporativo es esencial para cualquier marca;<strong> es el documento que engloba todos los usos, versiones, colores, tipograf\u00edas, ret\u00edculas y aplicaciones de la marca<\/strong>. Gracias a \u00e9l podemos conocer c\u00f3mo aplicar nuestra marca de una forma correcta y sencilla, aclarando las diferentes dudas que puedan surgir durante su uso. Adem\u00e1s, debe ser comprensible y atender a todas las situaciones en las que podamos encontrarnos. <strong>Este documento vale su peso en oro<\/strong>, ya que te permitir\u00e1 dar indicaciones exactas de <strong>c\u00f3mo usar tu identidad corporativa<\/strong> con las personas que gestionen tu comunicaci\u00f3n web, redes sociales o carteler\u00eda, incluso si te enfadas con tu dise\u00f1ador gr\u00e1fico. \u00bfTe parec\u00eda que era un a\u00f1adido sin valor?<\/p>\n<p><strong>\u00a0<\/strong><\/p>\n<ol start=\"15\">\n<li>\n<h3>\u00bfY en \u00e9l est\u00e1n incluidas todas las versiones necesarias?<\/h3>\n<\/li>\n<\/ol>\n<p><a href=\"https:\/\/www.actionproject.es\/en_gb\/blog\/claves-ver-identidad-corporativa-va-empresa-i\/\" target=\"_blank\" rel=\"noopener noreferrer\">Como coment\u00e1bamos anteriormente<\/a> <strong>el logotipo debe adaptarse a todos los soportes<\/strong>, para ello es necesario tener todas sus versiones. Los formatos principales de cualquier marca son la principal \u2014que es el logotipo tal y como se utilizar\u00e1 generalmente\u2014, su versi\u00f3n horizontal \u2014para formatos apaisados\u2014 o su versi\u00f3n vertical. Adem\u00e1s, <strong>se atender\u00e1 a las diferentes formas positivas y negativas, as\u00ed como al monocroma<\/strong>. Puede que pienses que con una versi\u00f3n tienes de sobra, pero el momento de utilizar otra llegar\u00e1, tarde o temprano. \u00bfY si tuvieras que retrasar una decisi\u00f3n de direcci\u00f3n de empresa por un detalle de este tipo, tan estrat\u00e9gico como f\u00e1cil de prever?<\/p>\n<p><strong>\u00a0<\/strong><\/p>\n<ol start=\"16\">\n<li>\n<h3>\u00bfSabes c\u00f3mo aplicar tu marca?<\/h3>\n<\/li>\n<\/ol>\n<p>A lo largo de la trayectoria de la marca es probable que nos aparezcan dudas sobre <strong>c\u00f3mo gestionar o plasmar nuestra marca<\/strong>, por ello poseer un manual corporativo completo y funcional es algo esencial. Mientras m\u00e1s atado est\u00e9 todo, mucho mejor. \u00bfO es que quieres vivir haciendo cambio tras cambio en un dise\u00f1o que te hubiera llevado 10 minutos?<\/p>\n<p><strong>\u00a0<\/strong><\/p>\n<ol start=\"17\">\n<li>\n<h3>\u00bfTu imagen es actual?<\/h3>\n<\/li>\n<\/ol>\n<p><strong>Las tendencias van cambiando a lo largo de los a\u00f1os<\/strong> y en muchas ocasiones nos obliga a llevar a cabo proceso de <em>restyling<\/em> para lograr una marca atemporal. Por ello, <strong>es necesario que nuestra marca sea actual y que perdure<\/strong> a lo largo del tiempo, manteniendo su esencia y funcionando en todos los soportes futuros que se nos puedan presentar. Eso no significa que cambiemos de identidad corporativa de la noche a la ma\u00f1ana. Los cambios deben ser consecuentes con la marca y la trayectoria gr\u00e1fica anterior. \u00bfAcaso no ha evolucionado la <strong>identidad corporativa<\/strong> de grandes empresas como los medios de comunicaci\u00f3n?<\/p>\n<p><strong>\u00a0<\/strong><\/p>\n<ol start=\"18\">\n<li>\n<h3>\u00bfUtilizas papeler\u00eda corporativa?<\/h3>\n<\/li>\n<\/ol>\n<p>La papeler\u00eda corporativa engloba todos los documentos impresos necesarios para una marca, desde folios corporativos, hasta sobres e incluso carpetas. Para<strong> fomentar el corporativismo<\/strong> es necesario que todos ellos lleven un hilo conductor con la estructura de la marca. \u00bfDe verdad has pasado por alto el poder de llevar una carpeta corporativa o incluso regalarla a contactos relevantes para tu negocio?<\/p>\n<p><strong>\u00a0<\/strong><\/p>\n<ol start=\"19\">\n<li>\n<h3>\u00bfNecesitas tarjetas de visita?<\/h3>\n<\/li>\n<\/ol>\n<p>Las <strong>tarjetas de visita<\/strong> sirven de presentaci\u00f3n y para ofrecer nuestro contacto a diferentes clientes potenciales, por lo que deben ser acordes a toda nuestra imagen de marca. Lo ideal es que sean corporativas, originales, pero sobre todo funcionales, ya que de ello depender\u00e1 muchas veces que nos contacten. \u00bfHas visto tu tarjeta junto a las otras que tienes en tu mesa de trabajo? \u00bfEs capaz de destacar entre ellas?<\/p>\n<p><strong>\u00a0<\/strong><\/p>\n<ol start=\"20\">\n<li>\n<h3>\u00bfY en un entorno web? \u00bfC\u00f3mo funciona tu marca?<\/h3>\n<\/li>\n<\/ol>\n<p><strong>Nuestra marca debe estar presente y de una forma funcional en el entorno online<\/strong>, tanto en la web como en las diferentes redes sociales. Una estructura fuerte y consolidada nos ayudar\u00e1 a aumentar nuestro valor como marca y a crear un mayor impacto sobre nuestro p\u00fablico objetivo. \u00bfTu <strong>presencia en redes sociales<\/strong> te est\u00e1 haciendo plantearte que tu identidad corporativa no es tan funcional como te gustar\u00eda que fuese?<\/p>\n<p>\u00a0<\/p>\n<p>Aqu\u00ed se terminan todas las claves.<strong> \u00bfHas reflexionado sobre el uso de tu identidad corporativa y te has llevado algunas ideas para tu marca?<\/strong> Esperamos que te haya servido para ver la importancia de cuidar tu identidad corporativa y su papel estrat\u00e9gico en cada una de las decisiones de tu empresa.<\/p>\n<p><strong>Ana Rojo &#8211; Gerente y Cofundadora de Estudio Rana<\/strong><br \/><a title=\"Visita la web de Estudio Rana\" href=\"https:\/\/www.estudiorana.es\/\">www.estudiorana.es<\/a><\/p>","protected":false},"author":2,"featured_media":1464,"comment_status":"closed","ping_status":"open","sticky":false,"template":"","format":"standard","meta":{"_acf_changed":false,"_joinchat":[],"footnotes":""},"categories":[10],"tags":[40,78,86,85,87],"class_list":["post-1290","post","type-post","status-publish","format-standard","has-post-thumbnail","hentry","category-estrategia-empresarial","tag-consultoria-de-empresas","tag-gestion-empresarial","tag-identidad-corporativa","tag-identidad-grafica","tag-marca"],"acf":[],"aioseo_notices":[],"yoast_head":"<!-- This site is optimized with the Yoast SEO plugin v27.3 - https:\/\/yoast.com\/product\/yoast-seo-wordpress\/ -->\n<title>20 claves para ver si tu identidad corporativa va con tu empresa (III) - Action Project<\/title>\n<meta name=\"robots\" content=\"index, follow, max-snippet:-1, max-image-preview:large, max-video-preview:-1\" \/>\n<link rel=\"canonical\" href=\"https:\/\/www.actionproject.es\/en_gb\/blog\/20-claves-para-ver-si-tu-identidad-corporativa-va-con-tu-empresa-iii\/\" \/>\n<meta property=\"og:locale\" content=\"en_GB\" \/>\n<meta property=\"og:type\" content=\"article\" \/>\n<meta property=\"og:title\" content=\"20 claves para ver si tu identidad corporativa va con tu empresa (III) - Action Project\" \/>\n<meta property=\"og:description\" content=\"La identidad corporativa de la empresa tiene una relaci\u00f3n tan estrecha como valiosa con el management y la direcci\u00f3n. \u00bfSeguro que la tuya funciona? Este post es la tercera parte de un recopilatorio con claves e ideas para reflexionar acerca de la identidad corporativa. Si ya has le\u00eddo la primera y segunda entrega, adelante. En caso de que hayas llegado hasta aqu\u00ed sin contacto previo, te recomendamos que vayas a nuestro contenido anterior para que cuentes con todo el contexto que necesitas y al final de la lectura tengas una reflexi\u00f3n final sobre c\u00f3mo est\u00e1 tu marca en identidad corporativa. Sin m\u00e1s, vamos al grano. Ya est\u00e1bamos centr\u00e1ndonos en aspectos m\u00e1s concretos, que generalmente est\u00e1n asociados a marcas que se preocupan y cuidan el dise\u00f1o de sus marcas. Si te sientes c\u00f3modo escuchando lo siguiente es porque posiblemente tu marca saque nota en la representaci\u00f3n gr\u00e1fica. \u00a0  \u00bfTienes un manual corporativo?  El manual corporativo es esencial para cualquier marca; es el documento que engloba todos los usos, versiones, colores, tipograf\u00edas, ret\u00edculas y aplicaciones de la marca. Gracias a \u00e9l podemos conocer c\u00f3mo aplicar nuestra marca de una forma correcta y sencilla, aclarando las diferentes dudas que puedan surgir durante su uso. Adem\u00e1s, debe ser comprensible y atender a todas las situaciones en las que podamos encontrarnos. Este documento vale su peso en oro, ya que te permitir\u00e1 dar indicaciones exactas de c\u00f3mo usar tu identidad corporativa con las personas que gestionen tu comunicaci\u00f3n web, redes sociales o carteler\u00eda, incluso si te enfadas con tu dise\u00f1ador gr\u00e1fico. \u00bfTe parec\u00eda que era un a\u00f1adido sin valor? \u00a0  \u00bfY en \u00e9l est\u00e1n incluidas todas las versiones necesarias?  Como coment\u00e1bamos anteriormente el logotipo debe adaptarse a todos los soportes, para ello es necesario tener todas sus versiones. Los formatos principales de cualquier marca son la principal \u2014que es el logotipo tal y como se utilizar\u00e1 generalmente\u2014, su versi\u00f3n horizontal \u2014para formatos apaisados\u2014 o su versi\u00f3n vertical. Adem\u00e1s, se atender\u00e1 a las diferentes formas positivas y negativas, as\u00ed como al monocroma. Puede que pienses que con una versi\u00f3n tienes de sobra, pero el momento de utilizar otra llegar\u00e1, tarde o temprano. \u00bfY si tuvieras que retrasar una decisi\u00f3n de direcci\u00f3n de empresa por un detalle de este tipo, tan estrat\u00e9gico como f\u00e1cil de prever? \u00a0  \u00bfSabes c\u00f3mo aplicar tu marca?  A lo largo de la trayectoria de la marca es probable que nos aparezcan dudas sobre c\u00f3mo gestionar o plasmar nuestra marca, por ello poseer un manual corporativo completo y funcional es algo esencial. Mientras m\u00e1s atado est\u00e9 todo, mucho mejor. \u00bfO es que quieres vivir haciendo cambio tras cambio en un dise\u00f1o que te hubiera llevado 10 minutos? \u00a0  \u00bfTu imagen es actual?  Las tendencias van cambiando a lo largo de los a\u00f1os y en muchas ocasiones nos obliga a llevar a cabo proceso de restyling para lograr una marca atemporal. Por ello, es necesario que nuestra marca sea actual y que perdure a lo largo del tiempo, manteniendo su esencia y funcionando en todos los soportes futuros que se nos puedan presentar. Eso no significa que cambiemos de identidad corporativa de la noche a la ma\u00f1ana. Los cambios deben ser consecuentes con la marca y la trayectoria gr\u00e1fica anterior. \u00bfAcaso no ha evolucionado la identidad corporativa de grandes empresas como los medios de comunicaci\u00f3n? \u00a0  \u00bfUtilizas papeler\u00eda corporativa?  La papeler\u00eda corporativa engloba todos los documentos impresos necesarios para una marca, desde folios corporativos, hasta sobres e incluso carpetas. Para fomentar el corporativismo es necesario que todos ellos lleven un hilo conductor con la estructura de la marca. \u00bfDe verdad has pasado por alto el poder de llevar una carpeta corporativa o incluso regalarla a contactos relevantes para tu negocio? \u00a0  \u00bfNecesitas tarjetas de visita?  Las tarjetas de visita sirven de presentaci\u00f3n y para ofrecer nuestro contacto a diferentes clientes potenciales, por lo que deben ser acordes a toda nuestra imagen de marca. Lo ideal es que sean corporativas, originales, pero sobre todo funcionales, ya que de ello depender\u00e1 muchas veces que nos contacten. \u00bfHas visto tu tarjeta junto a las otras que tienes en tu mesa de trabajo? \u00bfEs capaz de destacar entre ellas? \u00a0  \u00bfY en un entorno web? \u00bfC\u00f3mo funciona tu marca?  Nuestra marca debe estar presente y de una forma funcional en el entorno online, tanto en la web como en las diferentes redes sociales. Una estructura fuerte y consolidada nos ayudar\u00e1 a aumentar nuestro valor como marca y a crear un mayor impacto sobre nuestro p\u00fablico objetivo. \u00bfTu presencia en redes sociales te est\u00e1 haciendo plantearte que tu identidad corporativa no es tan funcional como te gustar\u00eda que fuese? \u00a0 Aqu\u00ed se terminan todas las claves. \u00bfHas reflexionado sobre el uso de tu identidad corporativa y te has llevado algunas ideas para tu marca? Esperamos que te haya servido para ver la importancia de cuidar tu identidad corporativa y su papel estrat\u00e9gico en cada una de las decisiones de tu empresa. Ana Rojo - Gerente y Cofundadora de Estudio Ranawww.estudiorana.es\" \/>\n<meta property=\"og:url\" content=\"https:\/\/www.actionproject.es\/en_gb\/blog\/20-claves-para-ver-si-tu-identidad-corporativa-va-con-tu-empresa-iii\/\" \/>\n<meta property=\"og:site_name\" content=\"Action Project\" \/>\n<meta property=\"article:published_time\" content=\"2020-07-28T06:26:15+00:00\" \/>\n<meta property=\"article:modified_time\" content=\"2025-07-02T09:13:05+00:00\" \/>\n<meta property=\"og:image\" content=\"https:\/\/www.actionproject.es\/wp-content\/uploads\/2025\/07\/identidad-corporativa-marca-consejos-empresa.jpg\" \/>\n\t<meta property=\"og:image:width\" content=\"1200\" \/>\n\t<meta property=\"og:image:height\" content=\"600\" \/>\n\t<meta property=\"og:image:type\" content=\"image\/jpeg\" \/>\n<meta name=\"author\" content=\"Juanma\" \/>\n<meta name=\"twitter:card\" content=\"summary_large_image\" \/>\n<meta name=\"twitter:label1\" content=\"Written by\" \/>\n\t<meta name=\"twitter:data1\" content=\"Juanma\" \/>\n<script type=\"application\/ld+json\" class=\"yoast-schema-graph\">{\"@context\":\"https:\\\/\\\/schema.org\",\"@graph\":[{\"@type\":\"Article\",\"@id\":\"https:\\\/\\\/www.actionproject.es\\\/blog\\\/20-claves-para-ver-si-tu-identidad-corporativa-va-con-tu-empresa-iii\\\/#article\",\"isPartOf\":{\"@id\":\"https:\\\/\\\/www.actionproject.es\\\/blog\\\/20-claves-para-ver-si-tu-identidad-corporativa-va-con-tu-empresa-iii\\\/\"},\"author\":{\"name\":\"Juanma\",\"@id\":\"https:\\\/\\\/www.actionproject.es\\\/#\\\/schema\\\/person\\\/01aa5bb80cabd3235975fa1fccb16e23\"},\"headline\":\"20 claves para ver si tu identidad corporativa va con tu empresa (III)\",\"datePublished\":\"2020-07-28T06:26:15+00:00\",\"dateModified\":\"2025-07-02T09:13:05+00:00\",\"mainEntityOfPage\":{\"@id\":\"https:\\\/\\\/www.actionproject.es\\\/blog\\\/20-claves-para-ver-si-tu-identidad-corporativa-va-con-tu-empresa-iii\\\/\"},\"wordCount\":12,\"publisher\":{\"@id\":\"https:\\\/\\\/www.actionproject.es\\\/#organization\"},\"image\":{\"@id\":\"https:\\\/\\\/www.actionproject.es\\\/blog\\\/20-claves-para-ver-si-tu-identidad-corporativa-va-con-tu-empresa-iii\\\/#primaryimage\"},\"thumbnailUrl\":\"https:\\\/\\\/www.actionproject.es\\\/wp-content\\\/uploads\\\/2025\\\/07\\\/identidad-corporativa-marca-consejos-empresa.jpg\",\"keywords\":[\"consultor\u00eda de empresas\",\"gesti\u00f3n empresarial\",\"identidad corporativa\",\"identidad gr\u00e1fica\",\"marca\"],\"articleSection\":[\"Estrategia empresarial\"],\"inLanguage\":\"en-GB\"},{\"@type\":\"WebPage\",\"@id\":\"https:\\\/\\\/www.actionproject.es\\\/blog\\\/20-claves-para-ver-si-tu-identidad-corporativa-va-con-tu-empresa-iii\\\/\",\"url\":\"https:\\\/\\\/www.actionproject.es\\\/blog\\\/20-claves-para-ver-si-tu-identidad-corporativa-va-con-tu-empresa-iii\\\/\",\"name\":\"20 claves para ver si tu identidad corporativa va con tu empresa (III) - Action Project\",\"isPartOf\":{\"@id\":\"https:\\\/\\\/www.actionproject.es\\\/#website\"},\"primaryImageOfPage\":{\"@id\":\"https:\\\/\\\/www.actionproject.es\\\/blog\\\/20-claves-para-ver-si-tu-identidad-corporativa-va-con-tu-empresa-iii\\\/#primaryimage\"},\"image\":{\"@id\":\"https:\\\/\\\/www.actionproject.es\\\/blog\\\/20-claves-para-ver-si-tu-identidad-corporativa-va-con-tu-empresa-iii\\\/#primaryimage\"},\"thumbnailUrl\":\"https:\\\/\\\/www.actionproject.es\\\/wp-content\\\/uploads\\\/2025\\\/07\\\/identidad-corporativa-marca-consejos-empresa.jpg\",\"datePublished\":\"2020-07-28T06:26:15+00:00\",\"dateModified\":\"2025-07-02T09:13:05+00:00\",\"breadcrumb\":{\"@id\":\"https:\\\/\\\/www.actionproject.es\\\/blog\\\/20-claves-para-ver-si-tu-identidad-corporativa-va-con-tu-empresa-iii\\\/#breadcrumb\"},\"inLanguage\":\"en-GB\",\"potentialAction\":[{\"@type\":\"ReadAction\",\"target\":[\"https:\\\/\\\/www.actionproject.es\\\/blog\\\/20-claves-para-ver-si-tu-identidad-corporativa-va-con-tu-empresa-iii\\\/\"]}]},{\"@type\":\"ImageObject\",\"inLanguage\":\"en-GB\",\"@id\":\"https:\\\/\\\/www.actionproject.es\\\/blog\\\/20-claves-para-ver-si-tu-identidad-corporativa-va-con-tu-empresa-iii\\\/#primaryimage\",\"url\":\"https:\\\/\\\/www.actionproject.es\\\/wp-content\\\/uploads\\\/2025\\\/07\\\/identidad-corporativa-marca-consejos-empresa.jpg\",\"contentUrl\":\"https:\\\/\\\/www.actionproject.es\\\/wp-content\\\/uploads\\\/2025\\\/07\\\/identidad-corporativa-marca-consejos-empresa.jpg\",\"width\":1200,\"height\":600},{\"@type\":\"BreadcrumbList\",\"@id\":\"https:\\\/\\\/www.actionproject.es\\\/blog\\\/20-claves-para-ver-si-tu-identidad-corporativa-va-con-tu-empresa-iii\\\/#breadcrumb\",\"itemListElement\":[{\"@type\":\"ListItem\",\"position\":1,\"name\":\"Portada\",\"item\":\"https:\\\/\\\/www.actionproject.es\\\/\"},{\"@type\":\"ListItem\",\"position\":2,\"name\":\"20 claves para ver si tu identidad corporativa va con tu empresa (III)\"}]},{\"@type\":\"WebSite\",\"@id\":\"https:\\\/\\\/www.actionproject.es\\\/#website\",\"url\":\"https:\\\/\\\/www.actionproject.es\\\/\",\"name\":\"Action Project\",\"description\":\"\",\"publisher\":{\"@id\":\"https:\\\/\\\/www.actionproject.es\\\/#organization\"},\"potentialAction\":[{\"@type\":\"SearchAction\",\"target\":{\"@type\":\"EntryPoint\",\"urlTemplate\":\"https:\\\/\\\/www.actionproject.es\\\/?s={search_term_string}\"},\"query-input\":{\"@type\":\"PropertyValueSpecification\",\"valueRequired\":true,\"valueName\":\"search_term_string\"}}],\"inLanguage\":\"en-GB\"},{\"@type\":\"Organization\",\"@id\":\"https:\\\/\\\/www.actionproject.es\\\/#organization\",\"name\":\"Action Project\",\"url\":\"https:\\\/\\\/www.actionproject.es\\\/\",\"logo\":{\"@type\":\"ImageObject\",\"inLanguage\":\"en-GB\",\"@id\":\"https:\\\/\\\/www.actionproject.es\\\/#\\\/schema\\\/logo\\\/image\\\/\",\"url\":\"https:\\\/\\\/www.actionproject.es\\\/wp-content\\\/uploads\\\/2025\\\/02\\\/favicon-action.png\",\"contentUrl\":\"https:\\\/\\\/www.actionproject.es\\\/wp-content\\\/uploads\\\/2025\\\/02\\\/favicon-action.png\",\"width\":512,\"height\":512,\"caption\":\"Action Project\"},\"image\":{\"@id\":\"https:\\\/\\\/www.actionproject.es\\\/#\\\/schema\\\/logo\\\/image\\\/\"}},{\"@type\":\"Person\",\"@id\":\"https:\\\/\\\/www.actionproject.es\\\/#\\\/schema\\\/person\\\/01aa5bb80cabd3235975fa1fccb16e23\",\"name\":\"Juanma\",\"image\":{\"@type\":\"ImageObject\",\"inLanguage\":\"en-GB\",\"@id\":\"https:\\\/\\\/secure.gravatar.com\\\/avatar\\\/85f0c3c9ba6a2b2ba51b0df3346eaf50cafa606989920561324eac0dd1c938f4?s=96&d=mm&r=g\",\"url\":\"https:\\\/\\\/secure.gravatar.com\\\/avatar\\\/85f0c3c9ba6a2b2ba51b0df3346eaf50cafa606989920561324eac0dd1c938f4?s=96&d=mm&r=g\",\"contentUrl\":\"https:\\\/\\\/secure.gravatar.com\\\/avatar\\\/85f0c3c9ba6a2b2ba51b0df3346eaf50cafa606989920561324eac0dd1c938f4?s=96&d=mm&r=g\",\"caption\":\"Juanma\"},\"url\":\"https:\\\/\\\/www.actionproject.es\\\/en_gb\\\/blog\\\/author\\\/juanma\\\/\"}]}<\/script>\n<!-- \/ Yoast SEO plugin. -->","yoast_head_json":{"title":"20 claves para ver si tu identidad corporativa va con tu empresa (III) - Action Project","robots":{"index":"index","follow":"follow","max-snippet":"max-snippet:-1","max-image-preview":"max-image-preview:large","max-video-preview":"max-video-preview:-1"},"canonical":"https:\/\/www.actionproject.es\/en_gb\/blog\/20-claves-para-ver-si-tu-identidad-corporativa-va-con-tu-empresa-iii\/","og_locale":"en_GB","og_type":"article","og_title":"20 claves para ver si tu identidad corporativa va con tu empresa (III) - Action Project","og_description":"La identidad corporativa de la empresa tiene una relaci\u00f3n tan estrecha como valiosa con el management y la direcci\u00f3n. \u00bfSeguro que la tuya funciona? Este post es la tercera parte de un recopilatorio con claves e ideas para reflexionar acerca de la identidad corporativa. Si ya has le\u00eddo la primera y segunda entrega, adelante. En caso de que hayas llegado hasta aqu\u00ed sin contacto previo, te recomendamos que vayas a nuestro contenido anterior para que cuentes con todo el contexto que necesitas y al final de la lectura tengas una reflexi\u00f3n final sobre c\u00f3mo est\u00e1 tu marca en identidad corporativa. Sin m\u00e1s, vamos al grano. Ya est\u00e1bamos centr\u00e1ndonos en aspectos m\u00e1s concretos, que generalmente est\u00e1n asociados a marcas que se preocupan y cuidan el dise\u00f1o de sus marcas. Si te sientes c\u00f3modo escuchando lo siguiente es porque posiblemente tu marca saque nota en la representaci\u00f3n gr\u00e1fica. \u00a0  \u00bfTienes un manual corporativo?  El manual corporativo es esencial para cualquier marca; es el documento que engloba todos los usos, versiones, colores, tipograf\u00edas, ret\u00edculas y aplicaciones de la marca. Gracias a \u00e9l podemos conocer c\u00f3mo aplicar nuestra marca de una forma correcta y sencilla, aclarando las diferentes dudas que puedan surgir durante su uso. Adem\u00e1s, debe ser comprensible y atender a todas las situaciones en las que podamos encontrarnos. Este documento vale su peso en oro, ya que te permitir\u00e1 dar indicaciones exactas de c\u00f3mo usar tu identidad corporativa con las personas que gestionen tu comunicaci\u00f3n web, redes sociales o carteler\u00eda, incluso si te enfadas con tu dise\u00f1ador gr\u00e1fico. \u00bfTe parec\u00eda que era un a\u00f1adido sin valor? \u00a0  \u00bfY en \u00e9l est\u00e1n incluidas todas las versiones necesarias?  Como coment\u00e1bamos anteriormente el logotipo debe adaptarse a todos los soportes, para ello es necesario tener todas sus versiones. Los formatos principales de cualquier marca son la principal \u2014que es el logotipo tal y como se utilizar\u00e1 generalmente\u2014, su versi\u00f3n horizontal \u2014para formatos apaisados\u2014 o su versi\u00f3n vertical. Adem\u00e1s, se atender\u00e1 a las diferentes formas positivas y negativas, as\u00ed como al monocroma. Puede que pienses que con una versi\u00f3n tienes de sobra, pero el momento de utilizar otra llegar\u00e1, tarde o temprano. \u00bfY si tuvieras que retrasar una decisi\u00f3n de direcci\u00f3n de empresa por un detalle de este tipo, tan estrat\u00e9gico como f\u00e1cil de prever? \u00a0  \u00bfSabes c\u00f3mo aplicar tu marca?  A lo largo de la trayectoria de la marca es probable que nos aparezcan dudas sobre c\u00f3mo gestionar o plasmar nuestra marca, por ello poseer un manual corporativo completo y funcional es algo esencial. Mientras m\u00e1s atado est\u00e9 todo, mucho mejor. \u00bfO es que quieres vivir haciendo cambio tras cambio en un dise\u00f1o que te hubiera llevado 10 minutos? \u00a0  \u00bfTu imagen es actual?  Las tendencias van cambiando a lo largo de los a\u00f1os y en muchas ocasiones nos obliga a llevar a cabo proceso de restyling para lograr una marca atemporal. Por ello, es necesario que nuestra marca sea actual y que perdure a lo largo del tiempo, manteniendo su esencia y funcionando en todos los soportes futuros que se nos puedan presentar. Eso no significa que cambiemos de identidad corporativa de la noche a la ma\u00f1ana. Los cambios deben ser consecuentes con la marca y la trayectoria gr\u00e1fica anterior. \u00bfAcaso no ha evolucionado la identidad corporativa de grandes empresas como los medios de comunicaci\u00f3n? \u00a0  \u00bfUtilizas papeler\u00eda corporativa?  La papeler\u00eda corporativa engloba todos los documentos impresos necesarios para una marca, desde folios corporativos, hasta sobres e incluso carpetas. Para fomentar el corporativismo es necesario que todos ellos lleven un hilo conductor con la estructura de la marca. \u00bfDe verdad has pasado por alto el poder de llevar una carpeta corporativa o incluso regalarla a contactos relevantes para tu negocio? \u00a0  \u00bfNecesitas tarjetas de visita?  Las tarjetas de visita sirven de presentaci\u00f3n y para ofrecer nuestro contacto a diferentes clientes potenciales, por lo que deben ser acordes a toda nuestra imagen de marca. Lo ideal es que sean corporativas, originales, pero sobre todo funcionales, ya que de ello depender\u00e1 muchas veces que nos contacten. \u00bfHas visto tu tarjeta junto a las otras que tienes en tu mesa de trabajo? \u00bfEs capaz de destacar entre ellas? \u00a0  \u00bfY en un entorno web? \u00bfC\u00f3mo funciona tu marca?  Nuestra marca debe estar presente y de una forma funcional en el entorno online, tanto en la web como en las diferentes redes sociales. Una estructura fuerte y consolidada nos ayudar\u00e1 a aumentar nuestro valor como marca y a crear un mayor impacto sobre nuestro p\u00fablico objetivo. \u00bfTu presencia en redes sociales te est\u00e1 haciendo plantearte que tu identidad corporativa no es tan funcional como te gustar\u00eda que fuese? \u00a0 Aqu\u00ed se terminan todas las claves. \u00bfHas reflexionado sobre el uso de tu identidad corporativa y te has llevado algunas ideas para tu marca? Esperamos que te haya servido para ver la importancia de cuidar tu identidad corporativa y su papel estrat\u00e9gico en cada una de las decisiones de tu empresa. Ana Rojo - Gerente y Cofundadora de Estudio Ranawww.estudiorana.es","og_url":"https:\/\/www.actionproject.es\/en_gb\/blog\/20-claves-para-ver-si-tu-identidad-corporativa-va-con-tu-empresa-iii\/","og_site_name":"Action Project","article_published_time":"2020-07-28T06:26:15+00:00","article_modified_time":"2025-07-02T09:13:05+00:00","og_image":[{"width":1200,"height":600,"url":"https:\/\/www.actionproject.es\/wp-content\/uploads\/2025\/07\/identidad-corporativa-marca-consejos-empresa.jpg","type":"image\/jpeg"}],"author":"Juanma","twitter_card":"summary_large_image","twitter_misc":{"Written by":"Juanma"},"schema":{"@context":"https:\/\/schema.org","@graph":[{"@type":"Article","@id":"https:\/\/www.actionproject.es\/blog\/20-claves-para-ver-si-tu-identidad-corporativa-va-con-tu-empresa-iii\/#article","isPartOf":{"@id":"https:\/\/www.actionproject.es\/blog\/20-claves-para-ver-si-tu-identidad-corporativa-va-con-tu-empresa-iii\/"},"author":{"name":"Juanma","@id":"https:\/\/www.actionproject.es\/#\/schema\/person\/01aa5bb80cabd3235975fa1fccb16e23"},"headline":"20 claves para ver si tu identidad corporativa va con tu empresa (III)","datePublished":"2020-07-28T06:26:15+00:00","dateModified":"2025-07-02T09:13:05+00:00","mainEntityOfPage":{"@id":"https:\/\/www.actionproject.es\/blog\/20-claves-para-ver-si-tu-identidad-corporativa-va-con-tu-empresa-iii\/"},"wordCount":12,"publisher":{"@id":"https:\/\/www.actionproject.es\/#organization"},"image":{"@id":"https:\/\/www.actionproject.es\/blog\/20-claves-para-ver-si-tu-identidad-corporativa-va-con-tu-empresa-iii\/#primaryimage"},"thumbnailUrl":"https:\/\/www.actionproject.es\/wp-content\/uploads\/2025\/07\/identidad-corporativa-marca-consejos-empresa.jpg","keywords":["consultor\u00eda de empresas","gesti\u00f3n empresarial","identidad corporativa","identidad gr\u00e1fica","marca"],"articleSection":["Estrategia empresarial"],"inLanguage":"en-GB"},{"@type":"WebPage","@id":"https:\/\/www.actionproject.es\/blog\/20-claves-para-ver-si-tu-identidad-corporativa-va-con-tu-empresa-iii\/","url":"https:\/\/www.actionproject.es\/blog\/20-claves-para-ver-si-tu-identidad-corporativa-va-con-tu-empresa-iii\/","name":"20 claves para ver si tu identidad corporativa va con tu empresa (III) - Action Project","isPartOf":{"@id":"https:\/\/www.actionproject.es\/#website"},"primaryImageOfPage":{"@id":"https:\/\/www.actionproject.es\/blog\/20-claves-para-ver-si-tu-identidad-corporativa-va-con-tu-empresa-iii\/#primaryimage"},"image":{"@id":"https:\/\/www.actionproject.es\/blog\/20-claves-para-ver-si-tu-identidad-corporativa-va-con-tu-empresa-iii\/#primaryimage"},"thumbnailUrl":"https:\/\/www.actionproject.es\/wp-content\/uploads\/2025\/07\/identidad-corporativa-marca-consejos-empresa.jpg","datePublished":"2020-07-28T06:26:15+00:00","dateModified":"2025-07-02T09:13:05+00:00","breadcrumb":{"@id":"https:\/\/www.actionproject.es\/blog\/20-claves-para-ver-si-tu-identidad-corporativa-va-con-tu-empresa-iii\/#breadcrumb"},"inLanguage":"en-GB","potentialAction":[{"@type":"ReadAction","target":["https:\/\/www.actionproject.es\/blog\/20-claves-para-ver-si-tu-identidad-corporativa-va-con-tu-empresa-iii\/"]}]},{"@type":"ImageObject","inLanguage":"en-GB","@id":"https:\/\/www.actionproject.es\/blog\/20-claves-para-ver-si-tu-identidad-corporativa-va-con-tu-empresa-iii\/#primaryimage","url":"https:\/\/www.actionproject.es\/wp-content\/uploads\/2025\/07\/identidad-corporativa-marca-consejos-empresa.jpg","contentUrl":"https:\/\/www.actionproject.es\/wp-content\/uploads\/2025\/07\/identidad-corporativa-marca-consejos-empresa.jpg","width":1200,"height":600},{"@type":"BreadcrumbList","@id":"https:\/\/www.actionproject.es\/blog\/20-claves-para-ver-si-tu-identidad-corporativa-va-con-tu-empresa-iii\/#breadcrumb","itemListElement":[{"@type":"ListItem","position":1,"name":"Portada","item":"https:\/\/www.actionproject.es\/"},{"@type":"ListItem","position":2,"name":"20 claves para ver si tu identidad corporativa va con tu empresa (III)"}]},{"@type":"WebSite","@id":"https:\/\/www.actionproject.es\/#website","url":"https:\/\/www.actionproject.es\/","name":"Action Project","description":"","publisher":{"@id":"https:\/\/www.actionproject.es\/#organization"},"potentialAction":[{"@type":"SearchAction","target":{"@type":"EntryPoint","urlTemplate":"https:\/\/www.actionproject.es\/?s={search_term_string}"},"query-input":{"@type":"PropertyValueSpecification","valueRequired":true,"valueName":"search_term_string"}}],"inLanguage":"en-GB"},{"@type":"Organization","@id":"https:\/\/www.actionproject.es\/#organization","name":"Action Project","url":"https:\/\/www.actionproject.es\/","logo":{"@type":"ImageObject","inLanguage":"en-GB","@id":"https:\/\/www.actionproject.es\/#\/schema\/logo\/image\/","url":"https:\/\/www.actionproject.es\/wp-content\/uploads\/2025\/02\/favicon-action.png","contentUrl":"https:\/\/www.actionproject.es\/wp-content\/uploads\/2025\/02\/favicon-action.png","width":512,"height":512,"caption":"Action Project"},"image":{"@id":"https:\/\/www.actionproject.es\/#\/schema\/logo\/image\/"}},{"@type":"Person","@id":"https:\/\/www.actionproject.es\/#\/schema\/person\/01aa5bb80cabd3235975fa1fccb16e23","name":"Juanma","image":{"@type":"ImageObject","inLanguage":"en-GB","@id":"https:\/\/secure.gravatar.com\/avatar\/85f0c3c9ba6a2b2ba51b0df3346eaf50cafa606989920561324eac0dd1c938f4?s=96&d=mm&r=g","url":"https:\/\/secure.gravatar.com\/avatar\/85f0c3c9ba6a2b2ba51b0df3346eaf50cafa606989920561324eac0dd1c938f4?s=96&d=mm&r=g","contentUrl":"https:\/\/secure.gravatar.com\/avatar\/85f0c3c9ba6a2b2ba51b0df3346eaf50cafa606989920561324eac0dd1c938f4?s=96&d=mm&r=g","caption":"Juanma"},"url":"https:\/\/www.actionproject.es\/en_gb\/blog\/author\/juanma\/"}]}},"_links":{"self":[{"href":"https:\/\/www.actionproject.es\/en_gb\/wp-json\/wp\/v2\/posts\/1290","targetHints":{"allow":["GET"]}}],"collection":[{"href":"https:\/\/www.actionproject.es\/en_gb\/wp-json\/wp\/v2\/posts"}],"about":[{"href":"https:\/\/www.actionproject.es\/en_gb\/wp-json\/wp\/v2\/types\/post"}],"author":[{"embeddable":true,"href":"https:\/\/www.actionproject.es\/en_gb\/wp-json\/wp\/v2\/users\/2"}],"replies":[{"embeddable":true,"href":"https:\/\/www.actionproject.es\/en_gb\/wp-json\/wp\/v2\/comments?post=1290"}],"version-history":[{"count":2,"href":"https:\/\/www.actionproject.es\/en_gb\/wp-json\/wp\/v2\/posts\/1290\/revisions"}],"predecessor-version":[{"id":1653,"href":"https:\/\/www.actionproject.es\/en_gb\/wp-json\/wp\/v2\/posts\/1290\/revisions\/1653"}],"wp:featuredmedia":[{"embeddable":true,"href":"https:\/\/www.actionproject.es\/en_gb\/wp-json\/wp\/v2\/media\/1464"}],"wp:attachment":[{"href":"https:\/\/www.actionproject.es\/en_gb\/wp-json\/wp\/v2\/media?parent=1290"}],"wp:term":[{"taxonomy":"category","embeddable":true,"href":"https:\/\/www.actionproject.es\/en_gb\/wp-json\/wp\/v2\/categories?post=1290"},{"taxonomy":"post_tag","embeddable":true,"href":"https:\/\/www.actionproject.es\/en_gb\/wp-json\/wp\/v2\/tags?post=1290"}],"curies":[{"name":"wp","href":"https:\/\/api.w.org\/{rel}","templated":true}]}}