{"id":1291,"date":"2020-08-04T09:16:05","date_gmt":"2020-08-04T07:16:05","guid":{"rendered":"https:\/\/www.actionproject.es\/blog\/comunica-bien-y-si-mira-con-quien\/"},"modified":"2025-07-02T11:13:05","modified_gmt":"2025-07-02T09:13:05","slug":"comunica-bien-y-si-mira-con-quien","status":"publish","type":"post","link":"https:\/\/www.actionproject.es\/en_gb\/blog\/comunica-bien-y-si-mira-con-quien\/","title":{"rendered":"Comunica bien y s\u00ed mira con qui\u00e9n"},"content":{"rendered":"","protected":false},"excerpt":{"rendered":"<p>Problemas en empresas he visto muchos. Y siempre me han llamado la atenci\u00f3n aquellos que tienen que ver con el autosabotaje y con <strong>aquellas personas que no utilizan su potencial a la hora de comunicar<\/strong>. <\/p>\n<p>Lo he visto en las empresas s\u00ed, pero tambi\u00e9n en clientes, en familias e incluso en grupo de amigos. \u00bfC\u00f3mo lo resolvemos?<\/p>\n<p><strong>\u00abCurro, si no piensas en ti, no existes\u00bb<\/strong>. Esto me lo dec\u00eda mi mentora Joaquina Fern\u00e1ndez. Y bajo esta frase hay un mensaje que me resulta muy potente y muy necesario. El mensaje es que <strong>cuando a te conoces a ti mismo, tus posibilidades de \u00e9xito aumentan<\/strong> porque te haces consciente de tus puntos fuertes y de tus puntos mejorables.<\/p>\n<p>Y es que esta <strong>es la base de tu comunicaci\u00f3n<\/strong> porque influir\u00e1 en todo lo que hagas. Porque si quieres sacar total rendimiento a tus recursos, antes de aprender m\u00e9todos, leer muchos libros o ver tutoriales, debes conocer lo m\u00e1s importante: tus <strong>cualidades de comunicaci\u00f3n<\/strong>.<\/p>\n<p>\u00a0<\/p>\n<h3>\u00bfPor qu\u00e9 es tan importante la comunicaci\u00f3n en una empresa y en cualquier parte?<\/h3>\n<p>La raz\u00f3n es sencilla: <strong>es tu forma de relacionarte con el mundo<\/strong>. Si conoces tus cualidades, le sacas m\u00e1s partido a tu comunicaci\u00f3n, a tu marca personal y todo lo que est\u00e1 relacionado.<\/p>\n<p>Eso s\u00ed, ahora pi\u00e9nsalo al rev\u00e9s. Si nos empe\u00f1amos en luchar contra esas cualidades, vamos a terminar metidos en un buen l\u00edo. Porque en alg\u00fan momento te llegar\u00e1 un reto o un problema de los gordos a nivel profesional o personal.<\/p>\n<p>Y en ese momento vas a necesitar tus mejores cualidades para solucionarlo y salir adelante.<\/p>\n<p>Pero, claro, si estamos peleados con nosotros mismos, si no vemos con claridad nuestros recursos y si no nos sentimos capaces de comunicar lo que somos con solvencia\u2026 \u00bfqu\u00e9 pasar\u00e1?<\/p>\n<p>Pues que de forma inconsciente me comunicar\u00e9 a las bravas, en el momento m\u00e1s inoportuno y sin empat\u00eda. Y al final terminar\u00e9 sacando de quicio a todo el mundo, empezando por m\u00ed.<\/p>\n<p>Y es que, como dec\u00eda Peter Drucker, <a href=\"https:\/\/www.actionproject.es\/en_gb\/blog\/freno-impide-avanzar-empresa\/\" target=\"_blank\" rel=\"noopener noreferrer\"><strong>el 60 % de los problemas de las empresas vienen de una mala comunicaci\u00f3n<\/strong><\/a>. Y es absurdo pensar que la comunicaci\u00f3n empieza fuera de uno mismo.<\/p>\n<p>Saber reconocer a tiempo tu propio estilo y adaptarlo al reto que necesitas <strong>te ahorrar\u00e1 mucho tiempo, esfuerzo y dinero<\/strong> a la hora de resolver situaciones en tu empresa.<\/p>\n<p>\u00a0<\/p>\n<h3>\u00bfD\u00f3nde se ve claramente?<\/h3>\n<p>A m\u00ed <strong>me gusta hablar desde la experiencia<\/strong> y por eso tengo que decir que donde primero he visto y sentido esto ha sido en m\u00ed mismo. Y eso me ha ayudado a poder reconocerlo m\u00e1s f\u00e1cilmente en las empresas donde he trabajado.<\/p>\n<p>A lo mejor te suena esto: <a href=\"https:\/\/www.actionproject.es\/en_gb\/blog\/claves-liderazgo-empresas-enseno-mad-men\/\" target=\"_blank\" rel=\"noopener noreferrer\"><strong>he visto jefes de equipo, directivos y trabajadores con un potencial incre\u00edble arruinar o lastrar todo tipo de proyectos de forma innecesaria<\/strong><\/a>. En su mayor\u00eda, buenas personas.<\/p>\n<p>Yo he estado cerca de personas as\u00ed y he vivido experiencias desagradables como profesional de la comunicaci\u00f3n empresarial. Y estoy seguro de que t\u00fa tambi\u00e9n recordar\u00e1s alguna. Lo curioso de todo, es que la mayor\u00eda de las veces, <strong>estos problemas surgieron por no saber utilizar o gestionar las cualidades de las personas de forma consciente<\/strong>.<\/p>\n<p>\u00a0<\/p>\n<h3>Tu comunicaci\u00f3n es tu activo<\/h3>\n<p>Usar tus cualidades es como tener 4 apartamentos y recibir un alquiler cada mes. Son tus activos y lo normal es que tus activos trabajen para ti.<\/p>\n<p>Aqu\u00ed, igual. <strong>Asume cuanto antes esas cualidades que tienes y ponlas a trabajar para ti y para tu gente<\/strong>. Aprender\u00e1s a identificar tambi\u00e9n los \u00abactivos\u00bb de las personas que te rodean. Y cuando lo hayas hecho con frecuencia ocurrir\u00e1 algo maravilloso porque ayudar\u00e1s a que tu cerebro aprenda a identificarlas, gestionarlas y usarlas con l\u00f3gica en cada situaci\u00f3n. Es simple, pero necesita entrenamiento para que vaya alineado con tu <em>management<\/em>.<\/p>\n<p>Espero que este post te sea \u00fatil. Y te reto a que escribas ahora mismo en un papel tus 3 mejores cualidades y el \u00e1mbito en el que las aplicas. Ya sabes\u2026 por aquello de enfocarse.<\/p>\n<p>\u00a1Un abrazo!<\/p>\n<p>\u00a0<\/p>\n<p><strong>Curro Trujillo<\/strong><\/p>\n<p><a href=\"https:\/\/www.linkedin.com\/in\/currotrujillo\/?originalSubdomain=es\" target=\"_blank\" rel=\"noopener noreferrer\">Formador en Habilidades de Comunicaci\u00f3n<\/a><\/p>","protected":false},"author":2,"featured_media":1507,"comment_status":"closed","ping_status":"open","sticky":false,"template":"","format":"standard","meta":{"_acf_changed":false,"_joinchat":[],"footnotes":""},"categories":[10],"tags":[97,98,20],"class_list":["post-1291","post","type-post","status-publish","format-standard","has-post-thumbnail","hentry","category-estrategia-empresarial","tag-comunicacion","tag-gestion-de-equipos","tag-liderazgo"],"acf":[],"aioseo_notices":[],"yoast_head":"<!-- This site is optimized with the Yoast SEO plugin v27.3 - https:\/\/yoast.com\/product\/yoast-seo-wordpress\/ -->\n<title>Comunica bien y s\u00ed mira con qui\u00e9n - Action Project<\/title>\n<meta name=\"robots\" content=\"index, follow, max-snippet:-1, max-image-preview:large, max-video-preview:-1\" \/>\n<link rel=\"canonical\" href=\"https:\/\/www.actionproject.es\/en_gb\/blog\/comunica-bien-y-si-mira-con-quien\/\" \/>\n<meta property=\"og:locale\" content=\"en_GB\" \/>\n<meta property=\"og:type\" content=\"article\" \/>\n<meta property=\"og:title\" content=\"Comunica bien y s\u00ed mira con qui\u00e9n - Action Project\" \/>\n<meta property=\"og:description\" content=\"Problemas en empresas he visto muchos. Y siempre me han llamado la atenci\u00f3n aquellos que tienen que ver con el autosabotaje y con aquellas personas que no utilizan su potencial a la hora de comunicar. Lo he visto en las empresas s\u00ed, pero tambi\u00e9n en clientes, en familias e incluso en grupo de amigos. \u00bfC\u00f3mo lo resolvemos? \u00abCurro, si no piensas en ti, no existes\u00bb. Esto me lo dec\u00eda mi mentora Joaquina Fern\u00e1ndez. Y bajo esta frase hay un mensaje que me resulta muy potente y muy necesario. El mensaje es que cuando a te conoces a ti mismo, tus posibilidades de \u00e9xito aumentan porque te haces consciente de tus puntos fuertes y de tus puntos mejorables. Y es que esta es la base de tu comunicaci\u00f3n porque influir\u00e1 en todo lo que hagas. Porque si quieres sacar total rendimiento a tus recursos, antes de aprender m\u00e9todos, leer muchos libros o ver tutoriales, debes conocer lo m\u00e1s importante: tus cualidades de comunicaci\u00f3n. \u00a0 \u00bfPor qu\u00e9 es tan importante la comunicaci\u00f3n en una empresa y en cualquier parte? La raz\u00f3n es sencilla: es tu forma de relacionarte con el mundo. Si conoces tus cualidades, le sacas m\u00e1s partido a tu comunicaci\u00f3n, a tu marca personal y todo lo que est\u00e1 relacionado. Eso s\u00ed, ahora pi\u00e9nsalo al rev\u00e9s. Si nos empe\u00f1amos en luchar contra esas cualidades, vamos a terminar metidos en un buen l\u00edo. Porque en alg\u00fan momento te llegar\u00e1 un reto o un problema de los gordos a nivel profesional o personal. Y en ese momento vas a necesitar tus mejores cualidades para solucionarlo y salir adelante. Pero, claro, si estamos peleados con nosotros mismos, si no vemos con claridad nuestros recursos y si no nos sentimos capaces de comunicar lo que somos con solvencia\u2026 \u00bfqu\u00e9 pasar\u00e1? Pues que de forma inconsciente me comunicar\u00e9 a las bravas, en el momento m\u00e1s inoportuno y sin empat\u00eda. Y al final terminar\u00e9 sacando de quicio a todo el mundo, empezando por m\u00ed. Y es que, como dec\u00eda Peter Drucker, el 60 % de los problemas de las empresas vienen de una mala comunicaci\u00f3n. Y es absurdo pensar que la comunicaci\u00f3n empieza fuera de uno mismo. Saber reconocer a tiempo tu propio estilo y adaptarlo al reto que necesitas te ahorrar\u00e1 mucho tiempo, esfuerzo y dinero a la hora de resolver situaciones en tu empresa. \u00a0 \u00bfD\u00f3nde se ve claramente? A m\u00ed me gusta hablar desde la experiencia y por eso tengo que decir que donde primero he visto y sentido esto ha sido en m\u00ed mismo. Y eso me ha ayudado a poder reconocerlo m\u00e1s f\u00e1cilmente en las empresas donde he trabajado. A lo mejor te suena esto: he visto jefes de equipo, directivos y trabajadores con un potencial incre\u00edble arruinar o lastrar todo tipo de proyectos de forma innecesaria. En su mayor\u00eda, buenas personas. Yo he estado cerca de personas as\u00ed y he vivido experiencias desagradables como profesional de la comunicaci\u00f3n empresarial. Y estoy seguro de que t\u00fa tambi\u00e9n recordar\u00e1s alguna. Lo curioso de todo, es que la mayor\u00eda de las veces, estos problemas surgieron por no saber utilizar o gestionar las cualidades de las personas de forma consciente. \u00a0 Tu comunicaci\u00f3n es tu activo Usar tus cualidades es como tener 4 apartamentos y recibir un alquiler cada mes. Son tus activos y lo normal es que tus activos trabajen para ti. Aqu\u00ed, igual. Asume cuanto antes esas cualidades que tienes y ponlas a trabajar para ti y para tu gente. Aprender\u00e1s a identificar tambi\u00e9n los \u00abactivos\u00bb de las personas que te rodean. Y cuando lo hayas hecho con frecuencia ocurrir\u00e1 algo maravilloso porque ayudar\u00e1s a que tu cerebro aprenda a identificarlas, gestionarlas y usarlas con l\u00f3gica en cada situaci\u00f3n. Es simple, pero necesita entrenamiento para que vaya alineado con tu management. Espero que este post te sea \u00fatil. Y te reto a que escribas ahora mismo en un papel tus 3 mejores cualidades y el \u00e1mbito en el que las aplicas. Ya sabes\u2026 por aquello de enfocarse. \u00a1Un abrazo! \u00a0 Curro Trujillo Formador en Habilidades de Comunicaci\u00f3n\" \/>\n<meta property=\"og:url\" content=\"https:\/\/www.actionproject.es\/en_gb\/blog\/comunica-bien-y-si-mira-con-quien\/\" \/>\n<meta property=\"og:site_name\" content=\"Action Project\" \/>\n<meta property=\"article:published_time\" content=\"2020-08-04T07:16:05+00:00\" \/>\n<meta property=\"article:modified_time\" content=\"2025-07-02T09:13:05+00:00\" \/>\n<meta property=\"og:image\" content=\"https:\/\/www.actionproject.es\/wp-content\/uploads\/2025\/07\/problemas-habilidades-comunicacion-empresas.jpg\" \/>\n\t<meta property=\"og:image:width\" content=\"1200\" \/>\n\t<meta property=\"og:image:height\" content=\"658\" \/>\n\t<meta property=\"og:image:type\" content=\"image\/jpeg\" \/>\n<meta name=\"author\" content=\"Juanma\" \/>\n<meta name=\"twitter:card\" content=\"summary_large_image\" \/>\n<meta name=\"twitter:label1\" content=\"Written by\" \/>\n\t<meta name=\"twitter:data1\" content=\"Juanma\" \/>\n<script type=\"application\/ld+json\" class=\"yoast-schema-graph\">{\"@context\":\"https:\\\/\\\/schema.org\",\"@graph\":[{\"@type\":\"Article\",\"@id\":\"https:\\\/\\\/www.actionproject.es\\\/blog\\\/comunica-bien-y-si-mira-con-quien\\\/#article\",\"isPartOf\":{\"@id\":\"https:\\\/\\\/www.actionproject.es\\\/blog\\\/comunica-bien-y-si-mira-con-quien\\\/\"},\"author\":{\"name\":\"Juanma\",\"@id\":\"https:\\\/\\\/www.actionproject.es\\\/#\\\/schema\\\/person\\\/01aa5bb80cabd3235975fa1fccb16e23\"},\"headline\":\"Comunica bien y s\u00ed mira con qui\u00e9n\",\"datePublished\":\"2020-08-04T07:16:05+00:00\",\"dateModified\":\"2025-07-02T09:13:05+00:00\",\"mainEntityOfPage\":{\"@id\":\"https:\\\/\\\/www.actionproject.es\\\/blog\\\/comunica-bien-y-si-mira-con-quien\\\/\"},\"wordCount\":8,\"publisher\":{\"@id\":\"https:\\\/\\\/www.actionproject.es\\\/#organization\"},\"image\":{\"@id\":\"https:\\\/\\\/www.actionproject.es\\\/blog\\\/comunica-bien-y-si-mira-con-quien\\\/#primaryimage\"},\"thumbnailUrl\":\"https:\\\/\\\/www.actionproject.es\\\/wp-content\\\/uploads\\\/2025\\\/07\\\/problemas-habilidades-comunicacion-empresas.jpg\",\"keywords\":[\"comunicaci\u00f3n\",\"gesti\u00f3n de equipos\",\"Liderazgo\"],\"articleSection\":[\"Estrategia empresarial\"],\"inLanguage\":\"en-GB\"},{\"@type\":\"WebPage\",\"@id\":\"https:\\\/\\\/www.actionproject.es\\\/blog\\\/comunica-bien-y-si-mira-con-quien\\\/\",\"url\":\"https:\\\/\\\/www.actionproject.es\\\/blog\\\/comunica-bien-y-si-mira-con-quien\\\/\",\"name\":\"Comunica bien y s\u00ed mira con qui\u00e9n - Action Project\",\"isPartOf\":{\"@id\":\"https:\\\/\\\/www.actionproject.es\\\/#website\"},\"primaryImageOfPage\":{\"@id\":\"https:\\\/\\\/www.actionproject.es\\\/blog\\\/comunica-bien-y-si-mira-con-quien\\\/#primaryimage\"},\"image\":{\"@id\":\"https:\\\/\\\/www.actionproject.es\\\/blog\\\/comunica-bien-y-si-mira-con-quien\\\/#primaryimage\"},\"thumbnailUrl\":\"https:\\\/\\\/www.actionproject.es\\\/wp-content\\\/uploads\\\/2025\\\/07\\\/problemas-habilidades-comunicacion-empresas.jpg\",\"datePublished\":\"2020-08-04T07:16:05+00:00\",\"dateModified\":\"2025-07-02T09:13:05+00:00\",\"breadcrumb\":{\"@id\":\"https:\\\/\\\/www.actionproject.es\\\/blog\\\/comunica-bien-y-si-mira-con-quien\\\/#breadcrumb\"},\"inLanguage\":\"en-GB\",\"potentialAction\":[{\"@type\":\"ReadAction\",\"target\":[\"https:\\\/\\\/www.actionproject.es\\\/blog\\\/comunica-bien-y-si-mira-con-quien\\\/\"]}]},{\"@type\":\"ImageObject\",\"inLanguage\":\"en-GB\",\"@id\":\"https:\\\/\\\/www.actionproject.es\\\/blog\\\/comunica-bien-y-si-mira-con-quien\\\/#primaryimage\",\"url\":\"https:\\\/\\\/www.actionproject.es\\\/wp-content\\\/uploads\\\/2025\\\/07\\\/problemas-habilidades-comunicacion-empresas.jpg\",\"contentUrl\":\"https:\\\/\\\/www.actionproject.es\\\/wp-content\\\/uploads\\\/2025\\\/07\\\/problemas-habilidades-comunicacion-empresas.jpg\",\"width\":1200,\"height\":658},{\"@type\":\"BreadcrumbList\",\"@id\":\"https:\\\/\\\/www.actionproject.es\\\/blog\\\/comunica-bien-y-si-mira-con-quien\\\/#breadcrumb\",\"itemListElement\":[{\"@type\":\"ListItem\",\"position\":1,\"name\":\"Portada\",\"item\":\"https:\\\/\\\/www.actionproject.es\\\/\"},{\"@type\":\"ListItem\",\"position\":2,\"name\":\"Comunica bien y s\u00ed mira con qui\u00e9n\"}]},{\"@type\":\"WebSite\",\"@id\":\"https:\\\/\\\/www.actionproject.es\\\/#website\",\"url\":\"https:\\\/\\\/www.actionproject.es\\\/\",\"name\":\"Action Project\",\"description\":\"\",\"publisher\":{\"@id\":\"https:\\\/\\\/www.actionproject.es\\\/#organization\"},\"potentialAction\":[{\"@type\":\"SearchAction\",\"target\":{\"@type\":\"EntryPoint\",\"urlTemplate\":\"https:\\\/\\\/www.actionproject.es\\\/?s={search_term_string}\"},\"query-input\":{\"@type\":\"PropertyValueSpecification\",\"valueRequired\":true,\"valueName\":\"search_term_string\"}}],\"inLanguage\":\"en-GB\"},{\"@type\":\"Organization\",\"@id\":\"https:\\\/\\\/www.actionproject.es\\\/#organization\",\"name\":\"Action Project\",\"url\":\"https:\\\/\\\/www.actionproject.es\\\/\",\"logo\":{\"@type\":\"ImageObject\",\"inLanguage\":\"en-GB\",\"@id\":\"https:\\\/\\\/www.actionproject.es\\\/#\\\/schema\\\/logo\\\/image\\\/\",\"url\":\"https:\\\/\\\/www.actionproject.es\\\/wp-content\\\/uploads\\\/2025\\\/02\\\/favicon-action.png\",\"contentUrl\":\"https:\\\/\\\/www.actionproject.es\\\/wp-content\\\/uploads\\\/2025\\\/02\\\/favicon-action.png\",\"width\":512,\"height\":512,\"caption\":\"Action Project\"},\"image\":{\"@id\":\"https:\\\/\\\/www.actionproject.es\\\/#\\\/schema\\\/logo\\\/image\\\/\"}},{\"@type\":\"Person\",\"@id\":\"https:\\\/\\\/www.actionproject.es\\\/#\\\/schema\\\/person\\\/01aa5bb80cabd3235975fa1fccb16e23\",\"name\":\"Juanma\",\"image\":{\"@type\":\"ImageObject\",\"inLanguage\":\"en-GB\",\"@id\":\"https:\\\/\\\/secure.gravatar.com\\\/avatar\\\/85f0c3c9ba6a2b2ba51b0df3346eaf50cafa606989920561324eac0dd1c938f4?s=96&d=mm&r=g\",\"url\":\"https:\\\/\\\/secure.gravatar.com\\\/avatar\\\/85f0c3c9ba6a2b2ba51b0df3346eaf50cafa606989920561324eac0dd1c938f4?s=96&d=mm&r=g\",\"contentUrl\":\"https:\\\/\\\/secure.gravatar.com\\\/avatar\\\/85f0c3c9ba6a2b2ba51b0df3346eaf50cafa606989920561324eac0dd1c938f4?s=96&d=mm&r=g\",\"caption\":\"Juanma\"},\"url\":\"https:\\\/\\\/www.actionproject.es\\\/en_gb\\\/blog\\\/author\\\/juanma\\\/\"}]}<\/script>\n<!-- \/ Yoast SEO plugin. -->","yoast_head_json":{"title":"Comunica bien y s\u00ed mira con qui\u00e9n - Action Project","robots":{"index":"index","follow":"follow","max-snippet":"max-snippet:-1","max-image-preview":"max-image-preview:large","max-video-preview":"max-video-preview:-1"},"canonical":"https:\/\/www.actionproject.es\/en_gb\/blog\/comunica-bien-y-si-mira-con-quien\/","og_locale":"en_GB","og_type":"article","og_title":"Comunica bien y s\u00ed mira con qui\u00e9n - Action Project","og_description":"Problemas en empresas he visto muchos. Y siempre me han llamado la atenci\u00f3n aquellos que tienen que ver con el autosabotaje y con aquellas personas que no utilizan su potencial a la hora de comunicar. Lo he visto en las empresas s\u00ed, pero tambi\u00e9n en clientes, en familias e incluso en grupo de amigos. \u00bfC\u00f3mo lo resolvemos? \u00abCurro, si no piensas en ti, no existes\u00bb. Esto me lo dec\u00eda mi mentora Joaquina Fern\u00e1ndez. Y bajo esta frase hay un mensaje que me resulta muy potente y muy necesario. El mensaje es que cuando a te conoces a ti mismo, tus posibilidades de \u00e9xito aumentan porque te haces consciente de tus puntos fuertes y de tus puntos mejorables. Y es que esta es la base de tu comunicaci\u00f3n porque influir\u00e1 en todo lo que hagas. Porque si quieres sacar total rendimiento a tus recursos, antes de aprender m\u00e9todos, leer muchos libros o ver tutoriales, debes conocer lo m\u00e1s importante: tus cualidades de comunicaci\u00f3n. \u00a0 \u00bfPor qu\u00e9 es tan importante la comunicaci\u00f3n en una empresa y en cualquier parte? La raz\u00f3n es sencilla: es tu forma de relacionarte con el mundo. Si conoces tus cualidades, le sacas m\u00e1s partido a tu comunicaci\u00f3n, a tu marca personal y todo lo que est\u00e1 relacionado. Eso s\u00ed, ahora pi\u00e9nsalo al rev\u00e9s. Si nos empe\u00f1amos en luchar contra esas cualidades, vamos a terminar metidos en un buen l\u00edo. Porque en alg\u00fan momento te llegar\u00e1 un reto o un problema de los gordos a nivel profesional o personal. Y en ese momento vas a necesitar tus mejores cualidades para solucionarlo y salir adelante. Pero, claro, si estamos peleados con nosotros mismos, si no vemos con claridad nuestros recursos y si no nos sentimos capaces de comunicar lo que somos con solvencia\u2026 \u00bfqu\u00e9 pasar\u00e1? Pues que de forma inconsciente me comunicar\u00e9 a las bravas, en el momento m\u00e1s inoportuno y sin empat\u00eda. Y al final terminar\u00e9 sacando de quicio a todo el mundo, empezando por m\u00ed. Y es que, como dec\u00eda Peter Drucker, el 60 % de los problemas de las empresas vienen de una mala comunicaci\u00f3n. Y es absurdo pensar que la comunicaci\u00f3n empieza fuera de uno mismo. Saber reconocer a tiempo tu propio estilo y adaptarlo al reto que necesitas te ahorrar\u00e1 mucho tiempo, esfuerzo y dinero a la hora de resolver situaciones en tu empresa. \u00a0 \u00bfD\u00f3nde se ve claramente? A m\u00ed me gusta hablar desde la experiencia y por eso tengo que decir que donde primero he visto y sentido esto ha sido en m\u00ed mismo. Y eso me ha ayudado a poder reconocerlo m\u00e1s f\u00e1cilmente en las empresas donde he trabajado. A lo mejor te suena esto: he visto jefes de equipo, directivos y trabajadores con un potencial incre\u00edble arruinar o lastrar todo tipo de proyectos de forma innecesaria. En su mayor\u00eda, buenas personas. Yo he estado cerca de personas as\u00ed y he vivido experiencias desagradables como profesional de la comunicaci\u00f3n empresarial. Y estoy seguro de que t\u00fa tambi\u00e9n recordar\u00e1s alguna. Lo curioso de todo, es que la mayor\u00eda de las veces, estos problemas surgieron por no saber utilizar o gestionar las cualidades de las personas de forma consciente. \u00a0 Tu comunicaci\u00f3n es tu activo Usar tus cualidades es como tener 4 apartamentos y recibir un alquiler cada mes. Son tus activos y lo normal es que tus activos trabajen para ti. Aqu\u00ed, igual. Asume cuanto antes esas cualidades que tienes y ponlas a trabajar para ti y para tu gente. Aprender\u00e1s a identificar tambi\u00e9n los \u00abactivos\u00bb de las personas que te rodean. Y cuando lo hayas hecho con frecuencia ocurrir\u00e1 algo maravilloso porque ayudar\u00e1s a que tu cerebro aprenda a identificarlas, gestionarlas y usarlas con l\u00f3gica en cada situaci\u00f3n. Es simple, pero necesita entrenamiento para que vaya alineado con tu management. Espero que este post te sea \u00fatil. Y te reto a que escribas ahora mismo en un papel tus 3 mejores cualidades y el \u00e1mbito en el que las aplicas. Ya sabes\u2026 por aquello de enfocarse. \u00a1Un abrazo! \u00a0 Curro Trujillo Formador en Habilidades de Comunicaci\u00f3n","og_url":"https:\/\/www.actionproject.es\/en_gb\/blog\/comunica-bien-y-si-mira-con-quien\/","og_site_name":"Action Project","article_published_time":"2020-08-04T07:16:05+00:00","article_modified_time":"2025-07-02T09:13:05+00:00","og_image":[{"width":1200,"height":658,"url":"https:\/\/www.actionproject.es\/wp-content\/uploads\/2025\/07\/problemas-habilidades-comunicacion-empresas.jpg","type":"image\/jpeg"}],"author":"Juanma","twitter_card":"summary_large_image","twitter_misc":{"Written by":"Juanma"},"schema":{"@context":"https:\/\/schema.org","@graph":[{"@type":"Article","@id":"https:\/\/www.actionproject.es\/blog\/comunica-bien-y-si-mira-con-quien\/#article","isPartOf":{"@id":"https:\/\/www.actionproject.es\/blog\/comunica-bien-y-si-mira-con-quien\/"},"author":{"name":"Juanma","@id":"https:\/\/www.actionproject.es\/#\/schema\/person\/01aa5bb80cabd3235975fa1fccb16e23"},"headline":"Comunica bien y s\u00ed mira con qui\u00e9n","datePublished":"2020-08-04T07:16:05+00:00","dateModified":"2025-07-02T09:13:05+00:00","mainEntityOfPage":{"@id":"https:\/\/www.actionproject.es\/blog\/comunica-bien-y-si-mira-con-quien\/"},"wordCount":8,"publisher":{"@id":"https:\/\/www.actionproject.es\/#organization"},"image":{"@id":"https:\/\/www.actionproject.es\/blog\/comunica-bien-y-si-mira-con-quien\/#primaryimage"},"thumbnailUrl":"https:\/\/www.actionproject.es\/wp-content\/uploads\/2025\/07\/problemas-habilidades-comunicacion-empresas.jpg","keywords":["comunicaci\u00f3n","gesti\u00f3n de equipos","Liderazgo"],"articleSection":["Estrategia empresarial"],"inLanguage":"en-GB"},{"@type":"WebPage","@id":"https:\/\/www.actionproject.es\/blog\/comunica-bien-y-si-mira-con-quien\/","url":"https:\/\/www.actionproject.es\/blog\/comunica-bien-y-si-mira-con-quien\/","name":"Comunica bien y s\u00ed mira con qui\u00e9n - Action Project","isPartOf":{"@id":"https:\/\/www.actionproject.es\/#website"},"primaryImageOfPage":{"@id":"https:\/\/www.actionproject.es\/blog\/comunica-bien-y-si-mira-con-quien\/#primaryimage"},"image":{"@id":"https:\/\/www.actionproject.es\/blog\/comunica-bien-y-si-mira-con-quien\/#primaryimage"},"thumbnailUrl":"https:\/\/www.actionproject.es\/wp-content\/uploads\/2025\/07\/problemas-habilidades-comunicacion-empresas.jpg","datePublished":"2020-08-04T07:16:05+00:00","dateModified":"2025-07-02T09:13:05+00:00","breadcrumb":{"@id":"https:\/\/www.actionproject.es\/blog\/comunica-bien-y-si-mira-con-quien\/#breadcrumb"},"inLanguage":"en-GB","potentialAction":[{"@type":"ReadAction","target":["https:\/\/www.actionproject.es\/blog\/comunica-bien-y-si-mira-con-quien\/"]}]},{"@type":"ImageObject","inLanguage":"en-GB","@id":"https:\/\/www.actionproject.es\/blog\/comunica-bien-y-si-mira-con-quien\/#primaryimage","url":"https:\/\/www.actionproject.es\/wp-content\/uploads\/2025\/07\/problemas-habilidades-comunicacion-empresas.jpg","contentUrl":"https:\/\/www.actionproject.es\/wp-content\/uploads\/2025\/07\/problemas-habilidades-comunicacion-empresas.jpg","width":1200,"height":658},{"@type":"BreadcrumbList","@id":"https:\/\/www.actionproject.es\/blog\/comunica-bien-y-si-mira-con-quien\/#breadcrumb","itemListElement":[{"@type":"ListItem","position":1,"name":"Portada","item":"https:\/\/www.actionproject.es\/"},{"@type":"ListItem","position":2,"name":"Comunica bien y s\u00ed mira con qui\u00e9n"}]},{"@type":"WebSite","@id":"https:\/\/www.actionproject.es\/#website","url":"https:\/\/www.actionproject.es\/","name":"Action Project","description":"","publisher":{"@id":"https:\/\/www.actionproject.es\/#organization"},"potentialAction":[{"@type":"SearchAction","target":{"@type":"EntryPoint","urlTemplate":"https:\/\/www.actionproject.es\/?s={search_term_string}"},"query-input":{"@type":"PropertyValueSpecification","valueRequired":true,"valueName":"search_term_string"}}],"inLanguage":"en-GB"},{"@type":"Organization","@id":"https:\/\/www.actionproject.es\/#organization","name":"Action Project","url":"https:\/\/www.actionproject.es\/","logo":{"@type":"ImageObject","inLanguage":"en-GB","@id":"https:\/\/www.actionproject.es\/#\/schema\/logo\/image\/","url":"https:\/\/www.actionproject.es\/wp-content\/uploads\/2025\/02\/favicon-action.png","contentUrl":"https:\/\/www.actionproject.es\/wp-content\/uploads\/2025\/02\/favicon-action.png","width":512,"height":512,"caption":"Action Project"},"image":{"@id":"https:\/\/www.actionproject.es\/#\/schema\/logo\/image\/"}},{"@type":"Person","@id":"https:\/\/www.actionproject.es\/#\/schema\/person\/01aa5bb80cabd3235975fa1fccb16e23","name":"Juanma","image":{"@type":"ImageObject","inLanguage":"en-GB","@id":"https:\/\/secure.gravatar.com\/avatar\/85f0c3c9ba6a2b2ba51b0df3346eaf50cafa606989920561324eac0dd1c938f4?s=96&d=mm&r=g","url":"https:\/\/secure.gravatar.com\/avatar\/85f0c3c9ba6a2b2ba51b0df3346eaf50cafa606989920561324eac0dd1c938f4?s=96&d=mm&r=g","contentUrl":"https:\/\/secure.gravatar.com\/avatar\/85f0c3c9ba6a2b2ba51b0df3346eaf50cafa606989920561324eac0dd1c938f4?s=96&d=mm&r=g","caption":"Juanma"},"url":"https:\/\/www.actionproject.es\/en_gb\/blog\/author\/juanma\/"}]}},"_links":{"self":[{"href":"https:\/\/www.actionproject.es\/en_gb\/wp-json\/wp\/v2\/posts\/1291","targetHints":{"allow":["GET"]}}],"collection":[{"href":"https:\/\/www.actionproject.es\/en_gb\/wp-json\/wp\/v2\/posts"}],"about":[{"href":"https:\/\/www.actionproject.es\/en_gb\/wp-json\/wp\/v2\/types\/post"}],"author":[{"embeddable":true,"href":"https:\/\/www.actionproject.es\/en_gb\/wp-json\/wp\/v2\/users\/2"}],"replies":[{"embeddable":true,"href":"https:\/\/www.actionproject.es\/en_gb\/wp-json\/wp\/v2\/comments?post=1291"}],"version-history":[{"count":2,"href":"https:\/\/www.actionproject.es\/en_gb\/wp-json\/wp\/v2\/posts\/1291\/revisions"}],"predecessor-version":[{"id":1654,"href":"https:\/\/www.actionproject.es\/en_gb\/wp-json\/wp\/v2\/posts\/1291\/revisions\/1654"}],"wp:featuredmedia":[{"embeddable":true,"href":"https:\/\/www.actionproject.es\/en_gb\/wp-json\/wp\/v2\/media\/1507"}],"wp:attachment":[{"href":"https:\/\/www.actionproject.es\/en_gb\/wp-json\/wp\/v2\/media?parent=1291"}],"wp:term":[{"taxonomy":"category","embeddable":true,"href":"https:\/\/www.actionproject.es\/en_gb\/wp-json\/wp\/v2\/categories?post=1291"},{"taxonomy":"post_tag","embeddable":true,"href":"https:\/\/www.actionproject.es\/en_gb\/wp-json\/wp\/v2\/tags?post=1291"}],"curies":[{"name":"wp","href":"https:\/\/api.w.org\/{rel}","templated":true}]}}