{"id":1297,"date":"2020-10-02T12:21:08","date_gmt":"2020-10-02T10:21:08","guid":{"rendered":"https:\/\/www.actionproject.es\/blog\/interim-manager-profeta-salud-empresa\/"},"modified":"2025-07-02T11:13:05","modified_gmt":"2025-07-02T09:13:05","slug":"interim-manager-profeta-salud-empresa","status":"publish","type":"post","link":"https:\/\/www.actionproject.es\/en_gb\/blog\/interim-manager-profeta-salud-empresa\/","title":{"rendered":"El &#8216;interim manager&#8217;, el profeta de la salud de una empresa"},"content":{"rendered":"","protected":false},"excerpt":{"rendered":"<p>The <strong><em>interim manager<\/em> o directivo temporal<\/strong> es a\u00fan m\u00e1s valioso en<strong> tiempos de crisis<\/strong>, cuando las empresas necesitan dar pasos firmes y seguros.<\/p>\n<p>Tenemos una <strong>nueva crisis<\/strong> y no parece que vaya a solucionarse de forma r\u00e1pida. Como es habitual en estas situaciones, hay una corriente que lanza <strong>pron\u00f3sticos muy negativos sobre el futuro<\/strong>, transmite <strong>miedo<\/strong> en sus mensajes y solo deja lugar para la <strong>cat\u00e1strofe<\/strong>.<\/p>\n<h3>\u00a0<\/h3>\n<h3>Informaci\u00f3n peregrina frente a informaci\u00f3n contrastada<\/h3>\n<p>Con un <strong>clima negativo cuesta trabajo tomar decisiones y hacerlo bien<\/strong>, sobre todo porque esos mensajes no contienen la informaci\u00f3n que necesitas. Son<strong> generales, les falta contraste<\/strong> y, por supuesto, <strong>no hablan de tu empresa.<\/strong><\/p>\n<p>Las crisis y los procesos de transici\u00f3n exigen un <strong>replanteamiento en la manera de <a title=\"Requiere una apuesta decidida por el desarrollo directivo\" href=\"\/en_gb\/servicios\/desarrollo-directivo\/\">gestionar las empresas<\/a>.<\/strong> Un nuevo enfoque que a menudo necesita una mirada externa, cargada de experiencia y que funcione como <strong>gu\u00eda temporal <\/strong>en tu empresa. En otras palabras, un<strong><em> interim manager.<\/em><\/strong><\/p>\n<p>\u00a0<\/p>\n<h2><em>Interim manager<\/em>, la figura clave para empresas cuando hay crisis<\/h2>\n<p>Frente a la informaci\u00f3n general, el <strong><em>interim manager<\/em><\/strong> te proporciona <strong>datos concretos de tus procesos y tu sector. <\/strong><\/p>\n<p>Ante la cat\u00e1strofe, te brinda <strong>informaci\u00f3n completa de la situaci\u00f3n del mercado y su experiencia en otras crisis. <\/strong><\/p>\n<p>El miedo que te contaban los adivinos y futuristas lo convierte en<strong> nuevas oportunidades para tu negocio.<\/strong><\/p>\n<p>\u00a0<\/p>\n<p>The <em>interim manager<\/em> conoce las <strong>debilidades de tu empresa, c\u00f3mo gestionas los equipos, el compromiso de tu plantilla, qu\u00e9 margen tienen tus productos o servicios, de d\u00f3nde vienes<\/strong>\u2026 Se introduce en la <strong>estructura directiva por un tiempo limitado para liderar, acompa\u00f1ar y utilizar toda esa informaci\u00f3n en tu beneficio.<\/strong><\/p>\n<p>Este profesional es el <strong>aut\u00e9ntico profeta de la salud de una empresa<\/strong>. Ojo, profeta que predice basado en <strong>indicios y se\u00f1ales<\/strong>, y no en enso\u00f1aciones sin fundamento. Si hay alguien <strong>capaz de evitar o reducir el impacto de la crisis en tu empresa<\/strong>, ese es el <em>interim manager. <\/em><\/p>\n<p>Sin duda, la <strong>crisis financiera de 2008<\/strong> fue un momento decisivo para los<strong> directivos temporales en Espa\u00f1a.<\/strong> Muchas grandes empresas y pymes contrataron por primera vez a un<em> interim manager<\/em> para afrontar situaciones nuevas o para las que no estaban preparados dentro.<\/p>\n<p>\u00a0<\/p>\n<p><strong>Equivocarte en un momento de crisis te puede costar muy caro.<\/strong> Incluso puede hacer que tu negocio muera. En <a title=\"Consultores de empresa para todo tipo de pymes\" href=\"https:\/\/www.actionproject.es\/en_gb\/\">ActionProject <\/a>ofrecemos a las pymes una <a title=\"Si no te lo crees, lee esto\" href=\"https:\/\/www.actionproject.es\/en_gb\/blog\/el-interim-manager-una-solucion-adaptada-a-la-pyme\/\">soluci\u00f3n de <em>interim manager<\/em> adaptada a sus necesidades.<\/a> <a title=\"Pensada y dise\u00f1ada para pymes\" href=\"\/en_gb\/servicios\/profesionalizacion-de-la-empresa\/\">Alta direcci\u00f3n que pueden permitirse.<\/a> <a title=\"\u00bfNos conocemos?\" href=\"\/en_gb\/contacto\/\">Pide una reuni\u00f3n con nosotros y te informamos de todo. <\/a><\/p>","protected":false},"author":2,"featured_media":1469,"comment_status":"closed","ping_status":"open","sticky":false,"template":"","format":"standard","meta":{"_acf_changed":false,"_joinchat":[],"footnotes":""},"categories":[10],"tags":[61,113,114,24,20],"class_list":["post-1297","post","type-post","status-publish","format-standard","has-post-thumbnail","hentry","category-estrategia-empresarial","tag-crisis-del-coronavirus","tag-directivo-temporal","tag-estructura-directiva","tag-interim-manager","tag-liderazgo"],"acf":[],"aioseo_notices":[],"yoast_head":"<!-- This site is optimized with the Yoast SEO plugin v27.3 - https:\/\/yoast.com\/product\/yoast-seo-wordpress\/ -->\n<title>El &#039;interim manager&#039;, el profeta de la salud de una empresa - Action Project<\/title>\n<meta name=\"robots\" content=\"index, follow, max-snippet:-1, max-image-preview:large, max-video-preview:-1\" \/>\n<link rel=\"canonical\" href=\"https:\/\/www.actionproject.es\/en_gb\/blog\/interim-manager-profeta-salud-empresa\/\" \/>\n<meta property=\"og:locale\" content=\"en_GB\" \/>\n<meta property=\"og:type\" content=\"article\" \/>\n<meta property=\"og:title\" content=\"El &#039;interim manager&#039;, el profeta de la salud de una empresa - Action Project\" \/>\n<meta property=\"og:description\" content=\"El interim manager o directivo temporal es a\u00fan m\u00e1s valioso en tiempos de crisis, cuando las empresas necesitan dar pasos firmes y seguros. Tenemos una nueva crisis y no parece que vaya a solucionarse de forma r\u00e1pida. Como es habitual en estas situaciones, hay una corriente que lanza pron\u00f3sticos muy negativos sobre el futuro, transmite miedo en sus mensajes y solo deja lugar para la cat\u00e1strofe. \u00a0 Informaci\u00f3n peregrina frente a informaci\u00f3n contrastada Con un clima negativo cuesta trabajo tomar decisiones y hacerlo bien, sobre todo porque esos mensajes no contienen la informaci\u00f3n que necesitas. Son generales, les falta contraste y, por supuesto, no hablan de tu empresa. Las crisis y los procesos de transici\u00f3n exigen un replanteamiento en la manera de gestionar las empresas. Un nuevo enfoque que a menudo necesita una mirada externa, cargada de experiencia y que funcione como gu\u00eda temporal en tu empresa. En otras palabras, un interim manager. \u00a0 Interim manager, la figura clave para empresas cuando hay crisis Frente a la informaci\u00f3n general, el interim manager te proporciona datos concretos de tus procesos y tu sector. Ante la cat\u00e1strofe, te brinda informaci\u00f3n completa de la situaci\u00f3n del mercado y su experiencia en otras crisis. El miedo que te contaban los adivinos y futuristas lo convierte en nuevas oportunidades para tu negocio. \u00a0 El interim manager conoce las debilidades de tu empresa, c\u00f3mo gestionas los equipos, el compromiso de tu plantilla, qu\u00e9 margen tienen tus productos o servicios, de d\u00f3nde vienes\u2026 Se introduce en la estructura directiva por un tiempo limitado para liderar, acompa\u00f1ar y utilizar toda esa informaci\u00f3n en tu beneficio. Este profesional es el aut\u00e9ntico profeta de la salud de una empresa. Ojo, profeta que predice basado en indicios y se\u00f1ales, y no en enso\u00f1aciones sin fundamento. Si hay alguien capaz de evitar o reducir el impacto de la crisis en tu empresa, ese es el interim manager. Sin duda, la crisis financiera de 2008 fue un momento decisivo para los directivos temporales en Espa\u00f1a. Muchas grandes empresas y pymes contrataron por primera vez a un interim manager para afrontar situaciones nuevas o para las que no estaban preparados dentro. \u00a0 Equivocarte en un momento de crisis te puede costar muy caro. Incluso puede hacer que tu negocio muera. En ActionProject ofrecemos a las pymes una soluci\u00f3n de interim manager adaptada a sus necesidades. Alta direcci\u00f3n que pueden permitirse. Pide una reuni\u00f3n con nosotros y te informamos de todo.\" \/>\n<meta property=\"og:url\" content=\"https:\/\/www.actionproject.es\/en_gb\/blog\/interim-manager-profeta-salud-empresa\/\" \/>\n<meta property=\"og:site_name\" content=\"Action Project\" \/>\n<meta property=\"article:published_time\" content=\"2020-10-02T10:21:08+00:00\" \/>\n<meta property=\"article:modified_time\" content=\"2025-07-02T09:13:05+00:00\" \/>\n<meta property=\"og:image\" content=\"https:\/\/www.actionproject.es\/wp-content\/uploads\/2025\/07\/interim-manager-crisis-empresas-pymes.jpg\" \/>\n\t<meta property=\"og:image:width\" content=\"1200\" \/>\n\t<meta property=\"og:image:height\" content=\"800\" \/>\n\t<meta property=\"og:image:type\" content=\"image\/jpeg\" \/>\n<meta name=\"author\" content=\"Juanma\" \/>\n<meta name=\"twitter:card\" content=\"summary_large_image\" \/>\n<meta name=\"twitter:label1\" content=\"Written by\" \/>\n\t<meta name=\"twitter:data1\" content=\"Juanma\" \/>\n<script type=\"application\/ld+json\" class=\"yoast-schema-graph\">{\"@context\":\"https:\\\/\\\/schema.org\",\"@graph\":[{\"@type\":\"Article\",\"@id\":\"https:\\\/\\\/www.actionproject.es\\\/blog\\\/interim-manager-profeta-salud-empresa\\\/#article\",\"isPartOf\":{\"@id\":\"https:\\\/\\\/www.actionproject.es\\\/blog\\\/interim-manager-profeta-salud-empresa\\\/\"},\"author\":{\"name\":\"Juanma\",\"@id\":\"https:\\\/\\\/www.actionproject.es\\\/#\\\/schema\\\/person\\\/01aa5bb80cabd3235975fa1fccb16e23\"},\"headline\":\"El &#8216;interim manager&#8217;, el profeta de la salud de una empresa\",\"datePublished\":\"2020-10-02T10:21:08+00:00\",\"dateModified\":\"2025-07-02T09:13:05+00:00\",\"mainEntityOfPage\":{\"@id\":\"https:\\\/\\\/www.actionproject.es\\\/blog\\\/interim-manager-profeta-salud-empresa\\\/\"},\"wordCount\":11,\"publisher\":{\"@id\":\"https:\\\/\\\/www.actionproject.es\\\/#organization\"},\"image\":{\"@id\":\"https:\\\/\\\/www.actionproject.es\\\/blog\\\/interim-manager-profeta-salud-empresa\\\/#primaryimage\"},\"thumbnailUrl\":\"https:\\\/\\\/www.actionproject.es\\\/wp-content\\\/uploads\\\/2025\\\/07\\\/interim-manager-crisis-empresas-pymes.jpg\",\"keywords\":[\"crisis del coronavirus\",\"directivo temporal\",\"estructura directiva\",\"interim manager\",\"Liderazgo\"],\"articleSection\":[\"Estrategia empresarial\"],\"inLanguage\":\"en-GB\"},{\"@type\":\"WebPage\",\"@id\":\"https:\\\/\\\/www.actionproject.es\\\/blog\\\/interim-manager-profeta-salud-empresa\\\/\",\"url\":\"https:\\\/\\\/www.actionproject.es\\\/blog\\\/interim-manager-profeta-salud-empresa\\\/\",\"name\":\"El 'interim manager', el profeta de la salud de una empresa - Action Project\",\"isPartOf\":{\"@id\":\"https:\\\/\\\/www.actionproject.es\\\/#website\"},\"primaryImageOfPage\":{\"@id\":\"https:\\\/\\\/www.actionproject.es\\\/blog\\\/interim-manager-profeta-salud-empresa\\\/#primaryimage\"},\"image\":{\"@id\":\"https:\\\/\\\/www.actionproject.es\\\/blog\\\/interim-manager-profeta-salud-empresa\\\/#primaryimage\"},\"thumbnailUrl\":\"https:\\\/\\\/www.actionproject.es\\\/wp-content\\\/uploads\\\/2025\\\/07\\\/interim-manager-crisis-empresas-pymes.jpg\",\"datePublished\":\"2020-10-02T10:21:08+00:00\",\"dateModified\":\"2025-07-02T09:13:05+00:00\",\"breadcrumb\":{\"@id\":\"https:\\\/\\\/www.actionproject.es\\\/blog\\\/interim-manager-profeta-salud-empresa\\\/#breadcrumb\"},\"inLanguage\":\"en-GB\",\"potentialAction\":[{\"@type\":\"ReadAction\",\"target\":[\"https:\\\/\\\/www.actionproject.es\\\/blog\\\/interim-manager-profeta-salud-empresa\\\/\"]}]},{\"@type\":\"ImageObject\",\"inLanguage\":\"en-GB\",\"@id\":\"https:\\\/\\\/www.actionproject.es\\\/blog\\\/interim-manager-profeta-salud-empresa\\\/#primaryimage\",\"url\":\"https:\\\/\\\/www.actionproject.es\\\/wp-content\\\/uploads\\\/2025\\\/07\\\/interim-manager-crisis-empresas-pymes.jpg\",\"contentUrl\":\"https:\\\/\\\/www.actionproject.es\\\/wp-content\\\/uploads\\\/2025\\\/07\\\/interim-manager-crisis-empresas-pymes.jpg\",\"width\":1200,\"height\":800},{\"@type\":\"BreadcrumbList\",\"@id\":\"https:\\\/\\\/www.actionproject.es\\\/blog\\\/interim-manager-profeta-salud-empresa\\\/#breadcrumb\",\"itemListElement\":[{\"@type\":\"ListItem\",\"position\":1,\"name\":\"Portada\",\"item\":\"https:\\\/\\\/www.actionproject.es\\\/\"},{\"@type\":\"ListItem\",\"position\":2,\"name\":\"El &#8216;interim manager&#8217;, el profeta de la salud de una empresa\"}]},{\"@type\":\"WebSite\",\"@id\":\"https:\\\/\\\/www.actionproject.es\\\/#website\",\"url\":\"https:\\\/\\\/www.actionproject.es\\\/\",\"name\":\"Action Project\",\"description\":\"\",\"publisher\":{\"@id\":\"https:\\\/\\\/www.actionproject.es\\\/#organization\"},\"potentialAction\":[{\"@type\":\"SearchAction\",\"target\":{\"@type\":\"EntryPoint\",\"urlTemplate\":\"https:\\\/\\\/www.actionproject.es\\\/?s={search_term_string}\"},\"query-input\":{\"@type\":\"PropertyValueSpecification\",\"valueRequired\":true,\"valueName\":\"search_term_string\"}}],\"inLanguage\":\"en-GB\"},{\"@type\":\"Organization\",\"@id\":\"https:\\\/\\\/www.actionproject.es\\\/#organization\",\"name\":\"Action Project\",\"url\":\"https:\\\/\\\/www.actionproject.es\\\/\",\"logo\":{\"@type\":\"ImageObject\",\"inLanguage\":\"en-GB\",\"@id\":\"https:\\\/\\\/www.actionproject.es\\\/#\\\/schema\\\/logo\\\/image\\\/\",\"url\":\"https:\\\/\\\/www.actionproject.es\\\/wp-content\\\/uploads\\\/2025\\\/02\\\/favicon-action.png\",\"contentUrl\":\"https:\\\/\\\/www.actionproject.es\\\/wp-content\\\/uploads\\\/2025\\\/02\\\/favicon-action.png\",\"width\":512,\"height\":512,\"caption\":\"Action Project\"},\"image\":{\"@id\":\"https:\\\/\\\/www.actionproject.es\\\/#\\\/schema\\\/logo\\\/image\\\/\"}},{\"@type\":\"Person\",\"@id\":\"https:\\\/\\\/www.actionproject.es\\\/#\\\/schema\\\/person\\\/01aa5bb80cabd3235975fa1fccb16e23\",\"name\":\"Juanma\",\"image\":{\"@type\":\"ImageObject\",\"inLanguage\":\"en-GB\",\"@id\":\"https:\\\/\\\/secure.gravatar.com\\\/avatar\\\/85f0c3c9ba6a2b2ba51b0df3346eaf50cafa606989920561324eac0dd1c938f4?s=96&d=mm&r=g\",\"url\":\"https:\\\/\\\/secure.gravatar.com\\\/avatar\\\/85f0c3c9ba6a2b2ba51b0df3346eaf50cafa606989920561324eac0dd1c938f4?s=96&d=mm&r=g\",\"contentUrl\":\"https:\\\/\\\/secure.gravatar.com\\\/avatar\\\/85f0c3c9ba6a2b2ba51b0df3346eaf50cafa606989920561324eac0dd1c938f4?s=96&d=mm&r=g\",\"caption\":\"Juanma\"},\"url\":\"https:\\\/\\\/www.actionproject.es\\\/en_gb\\\/blog\\\/author\\\/juanma\\\/\"}]}<\/script>\n<!-- \/ Yoast SEO plugin. -->","yoast_head_json":{"title":"El 'interim manager', el profeta de la salud de una empresa - Action Project","robots":{"index":"index","follow":"follow","max-snippet":"max-snippet:-1","max-image-preview":"max-image-preview:large","max-video-preview":"max-video-preview:-1"},"canonical":"https:\/\/www.actionproject.es\/en_gb\/blog\/interim-manager-profeta-salud-empresa\/","og_locale":"en_GB","og_type":"article","og_title":"El 'interim manager', el profeta de la salud de una empresa - Action Project","og_description":"El interim manager o directivo temporal es a\u00fan m\u00e1s valioso en tiempos de crisis, cuando las empresas necesitan dar pasos firmes y seguros. Tenemos una nueva crisis y no parece que vaya a solucionarse de forma r\u00e1pida. Como es habitual en estas situaciones, hay una corriente que lanza pron\u00f3sticos muy negativos sobre el futuro, transmite miedo en sus mensajes y solo deja lugar para la cat\u00e1strofe. \u00a0 Informaci\u00f3n peregrina frente a informaci\u00f3n contrastada Con un clima negativo cuesta trabajo tomar decisiones y hacerlo bien, sobre todo porque esos mensajes no contienen la informaci\u00f3n que necesitas. Son generales, les falta contraste y, por supuesto, no hablan de tu empresa. Las crisis y los procesos de transici\u00f3n exigen un replanteamiento en la manera de gestionar las empresas. Un nuevo enfoque que a menudo necesita una mirada externa, cargada de experiencia y que funcione como gu\u00eda temporal en tu empresa. En otras palabras, un interim manager. \u00a0 Interim manager, la figura clave para empresas cuando hay crisis Frente a la informaci\u00f3n general, el interim manager te proporciona datos concretos de tus procesos y tu sector. Ante la cat\u00e1strofe, te brinda informaci\u00f3n completa de la situaci\u00f3n del mercado y su experiencia en otras crisis. El miedo que te contaban los adivinos y futuristas lo convierte en nuevas oportunidades para tu negocio. \u00a0 El interim manager conoce las debilidades de tu empresa, c\u00f3mo gestionas los equipos, el compromiso de tu plantilla, qu\u00e9 margen tienen tus productos o servicios, de d\u00f3nde vienes\u2026 Se introduce en la estructura directiva por un tiempo limitado para liderar, acompa\u00f1ar y utilizar toda esa informaci\u00f3n en tu beneficio. Este profesional es el aut\u00e9ntico profeta de la salud de una empresa. Ojo, profeta que predice basado en indicios y se\u00f1ales, y no en enso\u00f1aciones sin fundamento. Si hay alguien capaz de evitar o reducir el impacto de la crisis en tu empresa, ese es el interim manager. Sin duda, la crisis financiera de 2008 fue un momento decisivo para los directivos temporales en Espa\u00f1a. Muchas grandes empresas y pymes contrataron por primera vez a un interim manager para afrontar situaciones nuevas o para las que no estaban preparados dentro. \u00a0 Equivocarte en un momento de crisis te puede costar muy caro. Incluso puede hacer que tu negocio muera. En ActionProject ofrecemos a las pymes una soluci\u00f3n de interim manager adaptada a sus necesidades. Alta direcci\u00f3n que pueden permitirse. Pide una reuni\u00f3n con nosotros y te informamos de todo.","og_url":"https:\/\/www.actionproject.es\/en_gb\/blog\/interim-manager-profeta-salud-empresa\/","og_site_name":"Action Project","article_published_time":"2020-10-02T10:21:08+00:00","article_modified_time":"2025-07-02T09:13:05+00:00","og_image":[{"width":1200,"height":800,"url":"https:\/\/www.actionproject.es\/wp-content\/uploads\/2025\/07\/interim-manager-crisis-empresas-pymes.jpg","type":"image\/jpeg"}],"author":"Juanma","twitter_card":"summary_large_image","twitter_misc":{"Written by":"Juanma"},"schema":{"@context":"https:\/\/schema.org","@graph":[{"@type":"Article","@id":"https:\/\/www.actionproject.es\/blog\/interim-manager-profeta-salud-empresa\/#article","isPartOf":{"@id":"https:\/\/www.actionproject.es\/blog\/interim-manager-profeta-salud-empresa\/"},"author":{"name":"Juanma","@id":"https:\/\/www.actionproject.es\/#\/schema\/person\/01aa5bb80cabd3235975fa1fccb16e23"},"headline":"El &#8216;interim manager&#8217;, el profeta de la salud de una empresa","datePublished":"2020-10-02T10:21:08+00:00","dateModified":"2025-07-02T09:13:05+00:00","mainEntityOfPage":{"@id":"https:\/\/www.actionproject.es\/blog\/interim-manager-profeta-salud-empresa\/"},"wordCount":11,"publisher":{"@id":"https:\/\/www.actionproject.es\/#organization"},"image":{"@id":"https:\/\/www.actionproject.es\/blog\/interim-manager-profeta-salud-empresa\/#primaryimage"},"thumbnailUrl":"https:\/\/www.actionproject.es\/wp-content\/uploads\/2025\/07\/interim-manager-crisis-empresas-pymes.jpg","keywords":["crisis del coronavirus","directivo temporal","estructura directiva","interim manager","Liderazgo"],"articleSection":["Estrategia empresarial"],"inLanguage":"en-GB"},{"@type":"WebPage","@id":"https:\/\/www.actionproject.es\/blog\/interim-manager-profeta-salud-empresa\/","url":"https:\/\/www.actionproject.es\/blog\/interim-manager-profeta-salud-empresa\/","name":"El 'interim manager', el profeta de la salud de una empresa - Action Project","isPartOf":{"@id":"https:\/\/www.actionproject.es\/#website"},"primaryImageOfPage":{"@id":"https:\/\/www.actionproject.es\/blog\/interim-manager-profeta-salud-empresa\/#primaryimage"},"image":{"@id":"https:\/\/www.actionproject.es\/blog\/interim-manager-profeta-salud-empresa\/#primaryimage"},"thumbnailUrl":"https:\/\/www.actionproject.es\/wp-content\/uploads\/2025\/07\/interim-manager-crisis-empresas-pymes.jpg","datePublished":"2020-10-02T10:21:08+00:00","dateModified":"2025-07-02T09:13:05+00:00","breadcrumb":{"@id":"https:\/\/www.actionproject.es\/blog\/interim-manager-profeta-salud-empresa\/#breadcrumb"},"inLanguage":"en-GB","potentialAction":[{"@type":"ReadAction","target":["https:\/\/www.actionproject.es\/blog\/interim-manager-profeta-salud-empresa\/"]}]},{"@type":"ImageObject","inLanguage":"en-GB","@id":"https:\/\/www.actionproject.es\/blog\/interim-manager-profeta-salud-empresa\/#primaryimage","url":"https:\/\/www.actionproject.es\/wp-content\/uploads\/2025\/07\/interim-manager-crisis-empresas-pymes.jpg","contentUrl":"https:\/\/www.actionproject.es\/wp-content\/uploads\/2025\/07\/interim-manager-crisis-empresas-pymes.jpg","width":1200,"height":800},{"@type":"BreadcrumbList","@id":"https:\/\/www.actionproject.es\/blog\/interim-manager-profeta-salud-empresa\/#breadcrumb","itemListElement":[{"@type":"ListItem","position":1,"name":"Portada","item":"https:\/\/www.actionproject.es\/"},{"@type":"ListItem","position":2,"name":"El &#8216;interim manager&#8217;, el profeta de la salud de una empresa"}]},{"@type":"WebSite","@id":"https:\/\/www.actionproject.es\/#website","url":"https:\/\/www.actionproject.es\/","name":"Action Project","description":"","publisher":{"@id":"https:\/\/www.actionproject.es\/#organization"},"potentialAction":[{"@type":"SearchAction","target":{"@type":"EntryPoint","urlTemplate":"https:\/\/www.actionproject.es\/?s={search_term_string}"},"query-input":{"@type":"PropertyValueSpecification","valueRequired":true,"valueName":"search_term_string"}}],"inLanguage":"en-GB"},{"@type":"Organization","@id":"https:\/\/www.actionproject.es\/#organization","name":"Action Project","url":"https:\/\/www.actionproject.es\/","logo":{"@type":"ImageObject","inLanguage":"en-GB","@id":"https:\/\/www.actionproject.es\/#\/schema\/logo\/image\/","url":"https:\/\/www.actionproject.es\/wp-content\/uploads\/2025\/02\/favicon-action.png","contentUrl":"https:\/\/www.actionproject.es\/wp-content\/uploads\/2025\/02\/favicon-action.png","width":512,"height":512,"caption":"Action Project"},"image":{"@id":"https:\/\/www.actionproject.es\/#\/schema\/logo\/image\/"}},{"@type":"Person","@id":"https:\/\/www.actionproject.es\/#\/schema\/person\/01aa5bb80cabd3235975fa1fccb16e23","name":"Juanma","image":{"@type":"ImageObject","inLanguage":"en-GB","@id":"https:\/\/secure.gravatar.com\/avatar\/85f0c3c9ba6a2b2ba51b0df3346eaf50cafa606989920561324eac0dd1c938f4?s=96&d=mm&r=g","url":"https:\/\/secure.gravatar.com\/avatar\/85f0c3c9ba6a2b2ba51b0df3346eaf50cafa606989920561324eac0dd1c938f4?s=96&d=mm&r=g","contentUrl":"https:\/\/secure.gravatar.com\/avatar\/85f0c3c9ba6a2b2ba51b0df3346eaf50cafa606989920561324eac0dd1c938f4?s=96&d=mm&r=g","caption":"Juanma"},"url":"https:\/\/www.actionproject.es\/en_gb\/blog\/author\/juanma\/"}]}},"_links":{"self":[{"href":"https:\/\/www.actionproject.es\/en_gb\/wp-json\/wp\/v2\/posts\/1297","targetHints":{"allow":["GET"]}}],"collection":[{"href":"https:\/\/www.actionproject.es\/en_gb\/wp-json\/wp\/v2\/posts"}],"about":[{"href":"https:\/\/www.actionproject.es\/en_gb\/wp-json\/wp\/v2\/types\/post"}],"author":[{"embeddable":true,"href":"https:\/\/www.actionproject.es\/en_gb\/wp-json\/wp\/v2\/users\/2"}],"replies":[{"embeddable":true,"href":"https:\/\/www.actionproject.es\/en_gb\/wp-json\/wp\/v2\/comments?post=1297"}],"version-history":[{"count":2,"href":"https:\/\/www.actionproject.es\/en_gb\/wp-json\/wp\/v2\/posts\/1297\/revisions"}],"predecessor-version":[{"id":1658,"href":"https:\/\/www.actionproject.es\/en_gb\/wp-json\/wp\/v2\/posts\/1297\/revisions\/1658"}],"wp:featuredmedia":[{"embeddable":true,"href":"https:\/\/www.actionproject.es\/en_gb\/wp-json\/wp\/v2\/media\/1469"}],"wp:attachment":[{"href":"https:\/\/www.actionproject.es\/en_gb\/wp-json\/wp\/v2\/media?parent=1297"}],"wp:term":[{"taxonomy":"category","embeddable":true,"href":"https:\/\/www.actionproject.es\/en_gb\/wp-json\/wp\/v2\/categories?post=1297"},{"taxonomy":"post_tag","embeddable":true,"href":"https:\/\/www.actionproject.es\/en_gb\/wp-json\/wp\/v2\/tags?post=1297"}],"curies":[{"name":"wp","href":"https:\/\/api.w.org\/{rel}","templated":true}]}}