{"id":1298,"date":"2020-10-13T10:11:32","date_gmt":"2020-10-13T08:11:32","guid":{"rendered":"https:\/\/www.actionproject.es\/blog\/cuando-aprender-rapido-hace-competir-mejor\/"},"modified":"2025-07-02T11:13:06","modified_gmt":"2025-07-02T09:13:06","slug":"cuando-aprender-rapido-hace-competir-mejor","status":"publish","type":"post","link":"https:\/\/www.actionproject.es\/en_gb\/blog\/cuando-aprender-rapido-hace-competir-mejor\/","title":{"rendered":"Cuando aprender r\u00e1pido te hace competir mejor"},"content":{"rendered":"","protected":false},"excerpt":{"rendered":"<p><strong>Entrenar el aprendizaje<\/strong> y estar siempre en <strong>continua mejora<\/strong> es un aspecto que se trabaja en la<strong> formaci\u00f3n ejecutiva<\/strong>. Descubre su importancia estrat\u00e9gica.<\/p>\n<p>&nbsp;<\/p>\n<h3>Todo empieza por trabajar distinto<\/h3>\n<p>Seguimos pensando que salir de una situaci\u00f3n convulsa<strong> depende de agentes externos, del contexto econ\u00f3mico, de la pericia de un Gobierno o de las decisiones de un empresario.<\/strong> Pero la realidad es que las situaciones l\u00edmites han abierto los ojos a muchos profesionales y directivos sobre una realidad imperante <strong>\u00abhay que trabajar distinto\u00bb.<\/strong><\/p>\n<p>Cada vez m\u00e1s directivos son conscientes de que en sus empresas las<strong> jerarqu\u00edas s\u00f3lidas no han funcionado para tomar decisiones acordes a la realidad cambiante.<\/strong> Est\u00e1n yermas de agilidad, creatividad y, sobre todo, de coherencia y humildad.<\/p>\n<p>Vivimos en tiempos de apostar por<strong> liderazgos transformadores<\/strong>, capaces de comprender el entorno e inspirar confianza. Necesitamos<strong> liderazgos solventes<\/strong> para activar equipos disruptivos, donde impere la diversidad de pensamiento y se fomente el emprendimiento, para cumplir <strong>objetivos corporativos y para la sociedad<\/strong>. Solamente as\u00ed los profesionales har\u00e1n que sus <a title=\"\/blog\/3-objetivos-cumplir-ser-empresa-sostenible\" href=\"https:\/\/www.actionproject.es\/en_gb\/blog\/3-objetivos-cumplir-ser-empresa-sostenible\/\">empresas sean sostenibles<\/a>&nbsp;en un ecosistema que ya ha comprendido esta ecuaci\u00f3n.<\/p>\n<p><strong>Los directivos deben estar preparados para desaprender y aprender al mismo tiempo.<\/strong> Cada profesional tiene que adaptarse continuamente y para ello est\u00e1 obligado a<strong> innovar en su puesto<\/strong>, en sus tareas; a veces tiene que convencer en su organizaci\u00f3n de que lo que est\u00e1 haciendo ya no aporta valor y <strong>necesita que replantearse su propio rol.<\/strong><\/p>\n<p>&nbsp;<\/p>\n<h2>El valor estrat\u00e9gico de la formaci\u00f3n ejecutiva<\/h2>\n<p>Este entorno les impulsa a comprender los nuevos paradigmas que ofrecen las tecnolog\u00edas imperantes para aportar valor al negocio y deben estar preparados para adaptarse a los <strong>grandes cambios del liderazgo inspirador. <\/strong><\/p>\n<p>Con esta actitud estar\u00e1n dispuestos a tomar conciencia de la proyecci\u00f3n que tienen en su organizaci\u00f3n y contribuir a su negocio en medio de un mercado cambiante y competitivo. Este camino de aprendizaje no se hace por generaci\u00f3n espont\u00e1nea, <strong>hay que invertir tiempo, sacrificar comodidades y ponerse al d\u00eda<\/strong> de cu\u00e1les son las mejores opciones a tu alcance de formaci\u00f3n relevante.<\/p>\n<p>Para ello se hace cr\u00edtico saber escoger una<a title=\"\u00bfNecesitas potenciar tus habilidades directivas?\" href=\"\/en_gb\/servicios\/desarrollo-directivo\/\"> <strong>formaci\u00f3n directiva o ejecutiva<\/strong><\/a> que te haga poner en crisis lo que ya sabes, te provoque m\u00e1s curiosidad de la que ya tienes y, sobre todo, te rete a hacer lo que otros a\u00fan ni son conscientes que deben hacer.<br \/>Es<strong> responsabilidad del profesional escoger a los mejores inspiradores<\/strong> que le lleven de la mano hacia la prosperidad personal y profesional, para aportar a su organizaci\u00f3n y la sociedad.<\/p>\n<p>Uno de los objetivos del profesional cuando decide subir un escal\u00f3n en su carrera profesional es <strong>aumentar su talento, que no es m\u00e1s que una s\u00edntesis entre aptitud y actitud.<\/strong> Un periodo de formaci\u00f3n no es m\u00e1s que un camino de inspiraci\u00f3n constante hacia desempe\u00f1ar cada d\u00eda mejor lo que sabes hacer. Un recorrido que <strong>te prepara para aquello que no sabes, pero eres capaz de aprender para cambiar las reglas del juego cada d\u00eda.<\/strong><\/p>\n<p>En realidad, la formaci\u00f3n constante \u2014ejecutiva y no ejecutiva\u2014del profesional no es m\u00e1s que un <strong>mandato para aquel que quiere sobrevivir en una econom\u00eda globalizada<\/strong> \u2014que requiere predisposici\u00f3n a experimentar y llegar a ser un aprendiz una y otra vez\u2014.<\/p>\n<p>Llegamos a esta conclusi\u00f3n con una cita de un te\u00f3rico de los negocios, <strong>Arie de Geus<\/strong>: <strong>\u00abEl directivo y el emprendedor de este milenio deben tener la capacidad de aprender m\u00e1s r\u00e1pido que sus competidores porque puede ser la \u00fanica ventaja competitiva que podr\u00e1 ofrecer de manera sostenible\u00bb. <\/strong><\/p>\n<p>The<strong> capacidad de adquirir nuevas habilidades y conocimientos de una forma r\u00e1pida y peri\u00f3dica es crucial para mantenerse en un entorno de cambios r\u00e1pidos.<\/strong> Si el directivo de hoy tiene <strong>aspiraciones, le alumbra la curiosidad, no se averg\u00fcenza de sentirse vulnerable<\/strong> \u2014para ser un continuo aprendiz\u2014 y se<strong> rodea de profesionales que le asesoren tiene muchas probabilidades de sobresalir en cualquier entorno.<\/strong><\/p>\n<p>&nbsp;<\/p>\n<p><strong>Susana P\u00e9rez Garc\u00eda-Naveiro<\/strong><br \/>Admissions Manager Executive Education<\/p>","protected":false},"author":2,"featured_media":1450,"comment_status":"closed","ping_status":"open","sticky":false,"template":"","format":"standard","meta":{"_acf_changed":false,"_joinchat":[],"footnotes":""},"categories":[10],"tags":[116,117,21,115,118],"class_list":["post-1298","post","type-post","status-publish","format-standard","has-post-thumbnail","hentry","category-estrategia-empresarial","tag-formacion-directiva","tag-formacion-ejecutiva","tag-liderazgo-empresarial","tag-liderazgo-transformador","tag-oportunidades"],"acf":[],"aioseo_notices":[],"yoast_head":"<!-- This site is optimized with the Yoast SEO plugin v27.3 - https:\/\/yoast.com\/product\/yoast-seo-wordpress\/ -->\n<title>Cuando aprender r\u00e1pido te hace competir mejor - Action Project<\/title>\n<meta name=\"robots\" content=\"index, follow, max-snippet:-1, max-image-preview:large, max-video-preview:-1\" \/>\n<link rel=\"canonical\" href=\"https:\/\/www.actionproject.es\/en_gb\/blog\/cuando-aprender-rapido-hace-competir-mejor\/\" \/>\n<meta property=\"og:locale\" content=\"en_GB\" \/>\n<meta property=\"og:type\" content=\"article\" \/>\n<meta property=\"og:title\" content=\"Cuando aprender r\u00e1pido te hace competir mejor - Action Project\" \/>\n<meta property=\"og:description\" content=\"Entrenar el aprendizaje y estar siempre en continua mejora es un aspecto que se trabaja en la formaci\u00f3n ejecutiva. Descubre su importancia estrat\u00e9gica. &nbsp; Todo empieza por trabajar distinto Seguimos pensando que salir de una situaci\u00f3n convulsa depende de agentes externos, del contexto econ\u00f3mico, de la pericia de un Gobierno o de las decisiones de un empresario. Pero la realidad es que las situaciones l\u00edmites han abierto los ojos a muchos profesionales y directivos sobre una realidad imperante \u00abhay que trabajar distinto\u00bb. Cada vez m\u00e1s directivos son conscientes de que en sus empresas las jerarqu\u00edas s\u00f3lidas no han funcionado para tomar decisiones acordes a la realidad cambiante. Est\u00e1n yermas de agilidad, creatividad y, sobre todo, de coherencia y humildad. Vivimos en tiempos de apostar por liderazgos transformadores, capaces de comprender el entorno e inspirar confianza. Necesitamos liderazgos solventes para activar equipos disruptivos, donde impere la diversidad de pensamiento y se fomente el emprendimiento, para cumplir objetivos corporativos y para la sociedad. Solamente as\u00ed los profesionales har\u00e1n que sus empresas sean sostenibles&nbsp;en un ecosistema que ya ha comprendido esta ecuaci\u00f3n. Los directivos deben estar preparados para desaprender y aprender al mismo tiempo. Cada profesional tiene que adaptarse continuamente y para ello est\u00e1 obligado a innovar en su puesto, en sus tareas; a veces tiene que convencer en su organizaci\u00f3n de que lo que est\u00e1 haciendo ya no aporta valor y necesita que replantearse su propio rol. &nbsp; El valor estrat\u00e9gico de la formaci\u00f3n ejecutiva Este entorno les impulsa a comprender los nuevos paradigmas que ofrecen las tecnolog\u00edas imperantes para aportar valor al negocio y deben estar preparados para adaptarse a los grandes cambios del liderazgo inspirador. Con esta actitud estar\u00e1n dispuestos a tomar conciencia de la proyecci\u00f3n que tienen en su organizaci\u00f3n y contribuir a su negocio en medio de un mercado cambiante y competitivo. Este camino de aprendizaje no se hace por generaci\u00f3n espont\u00e1nea, hay que invertir tiempo, sacrificar comodidades y ponerse al d\u00eda de cu\u00e1les son las mejores opciones a tu alcance de formaci\u00f3n relevante. Para ello se hace cr\u00edtico saber escoger una formaci\u00f3n directiva o ejecutiva que te haga poner en crisis lo que ya sabes, te provoque m\u00e1s curiosidad de la que ya tienes y, sobre todo, te rete a hacer lo que otros a\u00fan ni son conscientes que deben hacer.Es responsabilidad del profesional escoger a los mejores inspiradores que le lleven de la mano hacia la prosperidad personal y profesional, para aportar a su organizaci\u00f3n y la sociedad. Uno de los objetivos del profesional cuando decide subir un escal\u00f3n en su carrera profesional es aumentar su talento, que no es m\u00e1s que una s\u00edntesis entre aptitud y actitud. Un periodo de formaci\u00f3n no es m\u00e1s que un camino de inspiraci\u00f3n constante hacia desempe\u00f1ar cada d\u00eda mejor lo que sabes hacer. Un recorrido que te prepara para aquello que no sabes, pero eres capaz de aprender para cambiar las reglas del juego cada d\u00eda. En realidad, la formaci\u00f3n constante \u2014ejecutiva y no ejecutiva\u2014del profesional no es m\u00e1s que un mandato para aquel que quiere sobrevivir en una econom\u00eda globalizada \u2014que requiere predisposici\u00f3n a experimentar y llegar a ser un aprendiz una y otra vez\u2014. Llegamos a esta conclusi\u00f3n con una cita de un te\u00f3rico de los negocios, Arie de Geus: \u00abEl directivo y el emprendedor de este milenio deben tener la capacidad de aprender m\u00e1s r\u00e1pido que sus competidores porque puede ser la \u00fanica ventaja competitiva que podr\u00e1 ofrecer de manera sostenible\u00bb. La capacidad de adquirir nuevas habilidades y conocimientos de una forma r\u00e1pida y peri\u00f3dica es crucial para mantenerse en un entorno de cambios r\u00e1pidos. Si el directivo de hoy tiene aspiraciones, le alumbra la curiosidad, no se averg\u00fcenza de sentirse vulnerable \u2014para ser un continuo aprendiz\u2014 y se rodea de profesionales que le asesoren tiene muchas probabilidades de sobresalir en cualquier entorno. &nbsp; Susana P\u00e9rez Garc\u00eda-NaveiroAdmissions Manager Executive Education\" \/>\n<meta property=\"og:url\" content=\"https:\/\/www.actionproject.es\/en_gb\/blog\/cuando-aprender-rapido-hace-competir-mejor\/\" \/>\n<meta property=\"og:site_name\" content=\"Action Project\" \/>\n<meta property=\"article:published_time\" content=\"2020-10-13T08:11:32+00:00\" \/>\n<meta property=\"article:modified_time\" content=\"2025-07-02T09:13:06+00:00\" \/>\n<meta property=\"og:image\" content=\"https:\/\/www.actionproject.es\/wp-content\/uploads\/2025\/07\/formacion-ejecutiva-directiva-oportunidad.jpg\" \/>\n\t<meta property=\"og:image:width\" content=\"1200\" \/>\n\t<meta property=\"og:image:height\" content=\"675\" \/>\n\t<meta property=\"og:image:type\" content=\"image\/jpeg\" \/>\n<meta name=\"author\" content=\"Juanma\" \/>\n<meta name=\"twitter:card\" content=\"summary_large_image\" \/>\n<meta name=\"twitter:label1\" content=\"Written by\" \/>\n\t<meta name=\"twitter:data1\" content=\"Juanma\" \/>\n<script type=\"application\/ld+json\" class=\"yoast-schema-graph\">{\"@context\":\"https:\\\/\\\/schema.org\",\"@graph\":[{\"@type\":\"Article\",\"@id\":\"https:\\\/\\\/www.actionproject.es\\\/blog\\\/cuando-aprender-rapido-hace-competir-mejor\\\/#article\",\"isPartOf\":{\"@id\":\"https:\\\/\\\/www.actionproject.es\\\/blog\\\/cuando-aprender-rapido-hace-competir-mejor\\\/\"},\"author\":{\"name\":\"Juanma\",\"@id\":\"https:\\\/\\\/www.actionproject.es\\\/#\\\/schema\\\/person\\\/01aa5bb80cabd3235975fa1fccb16e23\"},\"headline\":\"Cuando aprender r\u00e1pido te hace competir mejor\",\"datePublished\":\"2020-10-13T08:11:32+00:00\",\"dateModified\":\"2025-07-02T09:13:06+00:00\",\"mainEntityOfPage\":{\"@id\":\"https:\\\/\\\/www.actionproject.es\\\/blog\\\/cuando-aprender-rapido-hace-competir-mejor\\\/\"},\"wordCount\":8,\"publisher\":{\"@id\":\"https:\\\/\\\/www.actionproject.es\\\/#organization\"},\"image\":{\"@id\":\"https:\\\/\\\/www.actionproject.es\\\/blog\\\/cuando-aprender-rapido-hace-competir-mejor\\\/#primaryimage\"},\"thumbnailUrl\":\"https:\\\/\\\/www.actionproject.es\\\/wp-content\\\/uploads\\\/2025\\\/07\\\/formacion-ejecutiva-directiva-oportunidad.jpg\",\"keywords\":[\"formaci\u00f3n directiva\",\"formaci\u00f3n ejecutiva\",\"liderazgo empresarial\",\"liderazgo transformador\",\"oportunidades\"],\"articleSection\":[\"Estrategia empresarial\"],\"inLanguage\":\"en-GB\"},{\"@type\":\"WebPage\",\"@id\":\"https:\\\/\\\/www.actionproject.es\\\/blog\\\/cuando-aprender-rapido-hace-competir-mejor\\\/\",\"url\":\"https:\\\/\\\/www.actionproject.es\\\/blog\\\/cuando-aprender-rapido-hace-competir-mejor\\\/\",\"name\":\"Cuando aprender r\u00e1pido te hace competir mejor - Action Project\",\"isPartOf\":{\"@id\":\"https:\\\/\\\/www.actionproject.es\\\/#website\"},\"primaryImageOfPage\":{\"@id\":\"https:\\\/\\\/www.actionproject.es\\\/blog\\\/cuando-aprender-rapido-hace-competir-mejor\\\/#primaryimage\"},\"image\":{\"@id\":\"https:\\\/\\\/www.actionproject.es\\\/blog\\\/cuando-aprender-rapido-hace-competir-mejor\\\/#primaryimage\"},\"thumbnailUrl\":\"https:\\\/\\\/www.actionproject.es\\\/wp-content\\\/uploads\\\/2025\\\/07\\\/formacion-ejecutiva-directiva-oportunidad.jpg\",\"datePublished\":\"2020-10-13T08:11:32+00:00\",\"dateModified\":\"2025-07-02T09:13:06+00:00\",\"breadcrumb\":{\"@id\":\"https:\\\/\\\/www.actionproject.es\\\/blog\\\/cuando-aprender-rapido-hace-competir-mejor\\\/#breadcrumb\"},\"inLanguage\":\"en-GB\",\"potentialAction\":[{\"@type\":\"ReadAction\",\"target\":[\"https:\\\/\\\/www.actionproject.es\\\/blog\\\/cuando-aprender-rapido-hace-competir-mejor\\\/\"]}]},{\"@type\":\"ImageObject\",\"inLanguage\":\"en-GB\",\"@id\":\"https:\\\/\\\/www.actionproject.es\\\/blog\\\/cuando-aprender-rapido-hace-competir-mejor\\\/#primaryimage\",\"url\":\"https:\\\/\\\/www.actionproject.es\\\/wp-content\\\/uploads\\\/2025\\\/07\\\/formacion-ejecutiva-directiva-oportunidad.jpg\",\"contentUrl\":\"https:\\\/\\\/www.actionproject.es\\\/wp-content\\\/uploads\\\/2025\\\/07\\\/formacion-ejecutiva-directiva-oportunidad.jpg\",\"width\":1200,\"height\":675},{\"@type\":\"BreadcrumbList\",\"@id\":\"https:\\\/\\\/www.actionproject.es\\\/blog\\\/cuando-aprender-rapido-hace-competir-mejor\\\/#breadcrumb\",\"itemListElement\":[{\"@type\":\"ListItem\",\"position\":1,\"name\":\"Portada\",\"item\":\"https:\\\/\\\/www.actionproject.es\\\/\"},{\"@type\":\"ListItem\",\"position\":2,\"name\":\"Cuando aprender r\u00e1pido te hace competir mejor\"}]},{\"@type\":\"WebSite\",\"@id\":\"https:\\\/\\\/www.actionproject.es\\\/#website\",\"url\":\"https:\\\/\\\/www.actionproject.es\\\/\",\"name\":\"Action Project\",\"description\":\"\",\"publisher\":{\"@id\":\"https:\\\/\\\/www.actionproject.es\\\/#organization\"},\"potentialAction\":[{\"@type\":\"SearchAction\",\"target\":{\"@type\":\"EntryPoint\",\"urlTemplate\":\"https:\\\/\\\/www.actionproject.es\\\/?s={search_term_string}\"},\"query-input\":{\"@type\":\"PropertyValueSpecification\",\"valueRequired\":true,\"valueName\":\"search_term_string\"}}],\"inLanguage\":\"en-GB\"},{\"@type\":\"Organization\",\"@id\":\"https:\\\/\\\/www.actionproject.es\\\/#organization\",\"name\":\"Action Project\",\"url\":\"https:\\\/\\\/www.actionproject.es\\\/\",\"logo\":{\"@type\":\"ImageObject\",\"inLanguage\":\"en-GB\",\"@id\":\"https:\\\/\\\/www.actionproject.es\\\/#\\\/schema\\\/logo\\\/image\\\/\",\"url\":\"https:\\\/\\\/www.actionproject.es\\\/wp-content\\\/uploads\\\/2025\\\/02\\\/favicon-action.png\",\"contentUrl\":\"https:\\\/\\\/www.actionproject.es\\\/wp-content\\\/uploads\\\/2025\\\/02\\\/favicon-action.png\",\"width\":512,\"height\":512,\"caption\":\"Action Project\"},\"image\":{\"@id\":\"https:\\\/\\\/www.actionproject.es\\\/#\\\/schema\\\/logo\\\/image\\\/\"}},{\"@type\":\"Person\",\"@id\":\"https:\\\/\\\/www.actionproject.es\\\/#\\\/schema\\\/person\\\/01aa5bb80cabd3235975fa1fccb16e23\",\"name\":\"Juanma\",\"image\":{\"@type\":\"ImageObject\",\"inLanguage\":\"en-GB\",\"@id\":\"https:\\\/\\\/secure.gravatar.com\\\/avatar\\\/85f0c3c9ba6a2b2ba51b0df3346eaf50cafa606989920561324eac0dd1c938f4?s=96&d=mm&r=g\",\"url\":\"https:\\\/\\\/secure.gravatar.com\\\/avatar\\\/85f0c3c9ba6a2b2ba51b0df3346eaf50cafa606989920561324eac0dd1c938f4?s=96&d=mm&r=g\",\"contentUrl\":\"https:\\\/\\\/secure.gravatar.com\\\/avatar\\\/85f0c3c9ba6a2b2ba51b0df3346eaf50cafa606989920561324eac0dd1c938f4?s=96&d=mm&r=g\",\"caption\":\"Juanma\"},\"url\":\"https:\\\/\\\/www.actionproject.es\\\/en_gb\\\/blog\\\/author\\\/juanma\\\/\"}]}<\/script>\n<!-- \/ Yoast SEO plugin. -->","yoast_head_json":{"title":"Cuando aprender r\u00e1pido te hace competir mejor - Action Project","robots":{"index":"index","follow":"follow","max-snippet":"max-snippet:-1","max-image-preview":"max-image-preview:large","max-video-preview":"max-video-preview:-1"},"canonical":"https:\/\/www.actionproject.es\/en_gb\/blog\/cuando-aprender-rapido-hace-competir-mejor\/","og_locale":"en_GB","og_type":"article","og_title":"Cuando aprender r\u00e1pido te hace competir mejor - Action Project","og_description":"Entrenar el aprendizaje y estar siempre en continua mejora es un aspecto que se trabaja en la formaci\u00f3n ejecutiva. Descubre su importancia estrat\u00e9gica. &nbsp; Todo empieza por trabajar distinto Seguimos pensando que salir de una situaci\u00f3n convulsa depende de agentes externos, del contexto econ\u00f3mico, de la pericia de un Gobierno o de las decisiones de un empresario. Pero la realidad es que las situaciones l\u00edmites han abierto los ojos a muchos profesionales y directivos sobre una realidad imperante \u00abhay que trabajar distinto\u00bb. Cada vez m\u00e1s directivos son conscientes de que en sus empresas las jerarqu\u00edas s\u00f3lidas no han funcionado para tomar decisiones acordes a la realidad cambiante. Est\u00e1n yermas de agilidad, creatividad y, sobre todo, de coherencia y humildad. Vivimos en tiempos de apostar por liderazgos transformadores, capaces de comprender el entorno e inspirar confianza. Necesitamos liderazgos solventes para activar equipos disruptivos, donde impere la diversidad de pensamiento y se fomente el emprendimiento, para cumplir objetivos corporativos y para la sociedad. Solamente as\u00ed los profesionales har\u00e1n que sus empresas sean sostenibles&nbsp;en un ecosistema que ya ha comprendido esta ecuaci\u00f3n. Los directivos deben estar preparados para desaprender y aprender al mismo tiempo. Cada profesional tiene que adaptarse continuamente y para ello est\u00e1 obligado a innovar en su puesto, en sus tareas; a veces tiene que convencer en su organizaci\u00f3n de que lo que est\u00e1 haciendo ya no aporta valor y necesita que replantearse su propio rol. &nbsp; El valor estrat\u00e9gico de la formaci\u00f3n ejecutiva Este entorno les impulsa a comprender los nuevos paradigmas que ofrecen las tecnolog\u00edas imperantes para aportar valor al negocio y deben estar preparados para adaptarse a los grandes cambios del liderazgo inspirador. Con esta actitud estar\u00e1n dispuestos a tomar conciencia de la proyecci\u00f3n que tienen en su organizaci\u00f3n y contribuir a su negocio en medio de un mercado cambiante y competitivo. Este camino de aprendizaje no se hace por generaci\u00f3n espont\u00e1nea, hay que invertir tiempo, sacrificar comodidades y ponerse al d\u00eda de cu\u00e1les son las mejores opciones a tu alcance de formaci\u00f3n relevante. Para ello se hace cr\u00edtico saber escoger una formaci\u00f3n directiva o ejecutiva que te haga poner en crisis lo que ya sabes, te provoque m\u00e1s curiosidad de la que ya tienes y, sobre todo, te rete a hacer lo que otros a\u00fan ni son conscientes que deben hacer.Es responsabilidad del profesional escoger a los mejores inspiradores que le lleven de la mano hacia la prosperidad personal y profesional, para aportar a su organizaci\u00f3n y la sociedad. Uno de los objetivos del profesional cuando decide subir un escal\u00f3n en su carrera profesional es aumentar su talento, que no es m\u00e1s que una s\u00edntesis entre aptitud y actitud. Un periodo de formaci\u00f3n no es m\u00e1s que un camino de inspiraci\u00f3n constante hacia desempe\u00f1ar cada d\u00eda mejor lo que sabes hacer. Un recorrido que te prepara para aquello que no sabes, pero eres capaz de aprender para cambiar las reglas del juego cada d\u00eda. En realidad, la formaci\u00f3n constante \u2014ejecutiva y no ejecutiva\u2014del profesional no es m\u00e1s que un mandato para aquel que quiere sobrevivir en una econom\u00eda globalizada \u2014que requiere predisposici\u00f3n a experimentar y llegar a ser un aprendiz una y otra vez\u2014. Llegamos a esta conclusi\u00f3n con una cita de un te\u00f3rico de los negocios, Arie de Geus: \u00abEl directivo y el emprendedor de este milenio deben tener la capacidad de aprender m\u00e1s r\u00e1pido que sus competidores porque puede ser la \u00fanica ventaja competitiva que podr\u00e1 ofrecer de manera sostenible\u00bb. La capacidad de adquirir nuevas habilidades y conocimientos de una forma r\u00e1pida y peri\u00f3dica es crucial para mantenerse en un entorno de cambios r\u00e1pidos. Si el directivo de hoy tiene aspiraciones, le alumbra la curiosidad, no se averg\u00fcenza de sentirse vulnerable \u2014para ser un continuo aprendiz\u2014 y se rodea de profesionales que le asesoren tiene muchas probabilidades de sobresalir en cualquier entorno. &nbsp; Susana P\u00e9rez Garc\u00eda-NaveiroAdmissions Manager Executive Education","og_url":"https:\/\/www.actionproject.es\/en_gb\/blog\/cuando-aprender-rapido-hace-competir-mejor\/","og_site_name":"Action Project","article_published_time":"2020-10-13T08:11:32+00:00","article_modified_time":"2025-07-02T09:13:06+00:00","og_image":[{"width":1200,"height":675,"url":"https:\/\/www.actionproject.es\/wp-content\/uploads\/2025\/07\/formacion-ejecutiva-directiva-oportunidad.jpg","type":"image\/jpeg"}],"author":"Juanma","twitter_card":"summary_large_image","twitter_misc":{"Written by":"Juanma"},"schema":{"@context":"https:\/\/schema.org","@graph":[{"@type":"Article","@id":"https:\/\/www.actionproject.es\/blog\/cuando-aprender-rapido-hace-competir-mejor\/#article","isPartOf":{"@id":"https:\/\/www.actionproject.es\/blog\/cuando-aprender-rapido-hace-competir-mejor\/"},"author":{"name":"Juanma","@id":"https:\/\/www.actionproject.es\/#\/schema\/person\/01aa5bb80cabd3235975fa1fccb16e23"},"headline":"Cuando aprender r\u00e1pido te hace competir mejor","datePublished":"2020-10-13T08:11:32+00:00","dateModified":"2025-07-02T09:13:06+00:00","mainEntityOfPage":{"@id":"https:\/\/www.actionproject.es\/blog\/cuando-aprender-rapido-hace-competir-mejor\/"},"wordCount":8,"publisher":{"@id":"https:\/\/www.actionproject.es\/#organization"},"image":{"@id":"https:\/\/www.actionproject.es\/blog\/cuando-aprender-rapido-hace-competir-mejor\/#primaryimage"},"thumbnailUrl":"https:\/\/www.actionproject.es\/wp-content\/uploads\/2025\/07\/formacion-ejecutiva-directiva-oportunidad.jpg","keywords":["formaci\u00f3n directiva","formaci\u00f3n ejecutiva","liderazgo empresarial","liderazgo transformador","oportunidades"],"articleSection":["Estrategia empresarial"],"inLanguage":"en-GB"},{"@type":"WebPage","@id":"https:\/\/www.actionproject.es\/blog\/cuando-aprender-rapido-hace-competir-mejor\/","url":"https:\/\/www.actionproject.es\/blog\/cuando-aprender-rapido-hace-competir-mejor\/","name":"Cuando aprender r\u00e1pido te hace competir mejor - Action Project","isPartOf":{"@id":"https:\/\/www.actionproject.es\/#website"},"primaryImageOfPage":{"@id":"https:\/\/www.actionproject.es\/blog\/cuando-aprender-rapido-hace-competir-mejor\/#primaryimage"},"image":{"@id":"https:\/\/www.actionproject.es\/blog\/cuando-aprender-rapido-hace-competir-mejor\/#primaryimage"},"thumbnailUrl":"https:\/\/www.actionproject.es\/wp-content\/uploads\/2025\/07\/formacion-ejecutiva-directiva-oportunidad.jpg","datePublished":"2020-10-13T08:11:32+00:00","dateModified":"2025-07-02T09:13:06+00:00","breadcrumb":{"@id":"https:\/\/www.actionproject.es\/blog\/cuando-aprender-rapido-hace-competir-mejor\/#breadcrumb"},"inLanguage":"en-GB","potentialAction":[{"@type":"ReadAction","target":["https:\/\/www.actionproject.es\/blog\/cuando-aprender-rapido-hace-competir-mejor\/"]}]},{"@type":"ImageObject","inLanguage":"en-GB","@id":"https:\/\/www.actionproject.es\/blog\/cuando-aprender-rapido-hace-competir-mejor\/#primaryimage","url":"https:\/\/www.actionproject.es\/wp-content\/uploads\/2025\/07\/formacion-ejecutiva-directiva-oportunidad.jpg","contentUrl":"https:\/\/www.actionproject.es\/wp-content\/uploads\/2025\/07\/formacion-ejecutiva-directiva-oportunidad.jpg","width":1200,"height":675},{"@type":"BreadcrumbList","@id":"https:\/\/www.actionproject.es\/blog\/cuando-aprender-rapido-hace-competir-mejor\/#breadcrumb","itemListElement":[{"@type":"ListItem","position":1,"name":"Portada","item":"https:\/\/www.actionproject.es\/"},{"@type":"ListItem","position":2,"name":"Cuando aprender r\u00e1pido te hace competir mejor"}]},{"@type":"WebSite","@id":"https:\/\/www.actionproject.es\/#website","url":"https:\/\/www.actionproject.es\/","name":"Action Project","description":"","publisher":{"@id":"https:\/\/www.actionproject.es\/#organization"},"potentialAction":[{"@type":"SearchAction","target":{"@type":"EntryPoint","urlTemplate":"https:\/\/www.actionproject.es\/?s={search_term_string}"},"query-input":{"@type":"PropertyValueSpecification","valueRequired":true,"valueName":"search_term_string"}}],"inLanguage":"en-GB"},{"@type":"Organization","@id":"https:\/\/www.actionproject.es\/#organization","name":"Action Project","url":"https:\/\/www.actionproject.es\/","logo":{"@type":"ImageObject","inLanguage":"en-GB","@id":"https:\/\/www.actionproject.es\/#\/schema\/logo\/image\/","url":"https:\/\/www.actionproject.es\/wp-content\/uploads\/2025\/02\/favicon-action.png","contentUrl":"https:\/\/www.actionproject.es\/wp-content\/uploads\/2025\/02\/favicon-action.png","width":512,"height":512,"caption":"Action Project"},"image":{"@id":"https:\/\/www.actionproject.es\/#\/schema\/logo\/image\/"}},{"@type":"Person","@id":"https:\/\/www.actionproject.es\/#\/schema\/person\/01aa5bb80cabd3235975fa1fccb16e23","name":"Juanma","image":{"@type":"ImageObject","inLanguage":"en-GB","@id":"https:\/\/secure.gravatar.com\/avatar\/85f0c3c9ba6a2b2ba51b0df3346eaf50cafa606989920561324eac0dd1c938f4?s=96&d=mm&r=g","url":"https:\/\/secure.gravatar.com\/avatar\/85f0c3c9ba6a2b2ba51b0df3346eaf50cafa606989920561324eac0dd1c938f4?s=96&d=mm&r=g","contentUrl":"https:\/\/secure.gravatar.com\/avatar\/85f0c3c9ba6a2b2ba51b0df3346eaf50cafa606989920561324eac0dd1c938f4?s=96&d=mm&r=g","caption":"Juanma"},"url":"https:\/\/www.actionproject.es\/en_gb\/blog\/author\/juanma\/"}]}},"_links":{"self":[{"href":"https:\/\/www.actionproject.es\/en_gb\/wp-json\/wp\/v2\/posts\/1298","targetHints":{"allow":["GET"]}}],"collection":[{"href":"https:\/\/www.actionproject.es\/en_gb\/wp-json\/wp\/v2\/posts"}],"about":[{"href":"https:\/\/www.actionproject.es\/en_gb\/wp-json\/wp\/v2\/types\/post"}],"author":[{"embeddable":true,"href":"https:\/\/www.actionproject.es\/en_gb\/wp-json\/wp\/v2\/users\/2"}],"replies":[{"embeddable":true,"href":"https:\/\/www.actionproject.es\/en_gb\/wp-json\/wp\/v2\/comments?post=1298"}],"version-history":[{"count":2,"href":"https:\/\/www.actionproject.es\/en_gb\/wp-json\/wp\/v2\/posts\/1298\/revisions"}],"predecessor-version":[{"id":1659,"href":"https:\/\/www.actionproject.es\/en_gb\/wp-json\/wp\/v2\/posts\/1298\/revisions\/1659"}],"wp:featuredmedia":[{"embeddable":true,"href":"https:\/\/www.actionproject.es\/en_gb\/wp-json\/wp\/v2\/media\/1450"}],"wp:attachment":[{"href":"https:\/\/www.actionproject.es\/en_gb\/wp-json\/wp\/v2\/media?parent=1298"}],"wp:term":[{"taxonomy":"category","embeddable":true,"href":"https:\/\/www.actionproject.es\/en_gb\/wp-json\/wp\/v2\/categories?post=1298"},{"taxonomy":"post_tag","embeddable":true,"href":"https:\/\/www.actionproject.es\/en_gb\/wp-json\/wp\/v2\/tags?post=1298"}],"curies":[{"name":"wp","href":"https:\/\/api.w.org\/{rel}","templated":true}]}}