{"id":1299,"date":"2020-11-10T10:48:16","date_gmt":"2020-11-10T09:48:16","guid":{"rendered":"https:\/\/www.actionproject.es\/blog\/labor-directiva-epoca-transformacion\/"},"modified":"2025-07-02T11:13:06","modified_gmt":"2025-07-02T09:13:06","slug":"labor-directiva-epoca-transformacion","status":"publish","type":"post","link":"https:\/\/www.actionproject.es\/en_gb\/blog\/labor-directiva-epoca-transformacion\/","title":{"rendered":"La labor directiva en \u00e9poca de transformaci\u00f3n"},"content":{"rendered":"","protected":false},"excerpt":{"rendered":"<p><strong>No importa qu\u00e9 tipo de empresa tengas.<\/strong> Quieras o no, si deseas mantenerla, est\u00e1s obligado a ejercer la direcci\u00f3n en una etapa de<strong> transformaci\u00f3n y cambios continuos.<\/strong><\/p>\n<p>Si algo nos ha ense\u00f1ado la pandemia es que hay que moverse y actuar. A las empresas no les sienta bien la <strong>par\u00e1lisis por an\u00e1lisis.<\/strong> Y, claro, toda la atenci\u00f3n se centra en quien est\u00e1 al mando: el <strong>directivo, el l\u00edder o el empresario.<\/strong><\/p>\n<p>Los clientes esperan soluciones adaptadas al nuevo contexto. Los empleados necesitan \u00f3rdenes y procedimientos. Los proveedores aguardan tus indicaciones para definir de una u otra forma sus procesos internos. La sociedad en general espera de ti como empresario y directivo.<\/p>\n<p>Pero hacer un buen <a title=\"\u00bfPuede haber \u00e9xito sin un buen liderazgo empresarial?\" href=\"https:\/\/www.actionproject.es\/en_gb\/blog\/puede-haber-exito-buen-liderazgo-empresarial\/\">liderazgo <\/a>en estos tiempos requiere contar con habilidades espec\u00edficas.<\/p>\n<h2>Aptitudes \u00f3ptimas para la labor directiva en una etapa de transformaci\u00f3n<\/h2>\n<p style=\"padding-left: 30px;\">\u2022 <strong>Capacidad de delegar.<\/strong> No puedes hacerlo todo y en plena transformaci\u00f3n necesitas m\u00e1s que nunca saber entregar tareas a las personas oportunas.<\/p>\n<p style=\"padding-left: 30px;\">\u2022<strong> Capacidad de priorizar.<\/strong> Tener el control y la organizaci\u00f3n necesarias para poner el foco sobre lo estrat\u00e9gico.<\/p>\n<p style=\"padding-left: 30px;\">\u2022<strong> Orientaci\u00f3n y conocimiento del cliente.<\/strong> En el fondo \u00bfqu\u00e9 empresa no quiere mejorar la experiencia del cliente? Mucho m\u00e1s cuando estamos en un momento en el que todav\u00eda cobra m\u00e1s importancia y es decisiva para la relaci\u00f3n futura con clientes.<\/p>\n<p style=\"padding-left: 30px;\">\u2022<strong> Capacidad de resolver conflictos.<\/strong> Vendr\u00e1n nubes oscuras, tormentas y hasta huracanes. Debes hacer un liderazgo mediador para que tu empresa est\u00e9 fuerte y no haya grietas.<\/p>\n<p style=\"padding-left: 30px;\">\u2022 <strong>Capacidad negociadora.<\/strong> Muy relacionado con lo anterior, en tiempos convulsos se necesita de l\u00edderes que apuesten por encontrar espacios de consenso y que busquen construir tambi\u00e9n desde las diferencias.<\/p>\n<p style=\"padding-left: 30px;\">\u2022<strong> Resiliencia.<\/strong> El liderazgo expone a lo bueno y a lo malo, por lo que necesitas un entrenamiento consistente para superar situaciones desfavorables.<\/p>\n<p style=\"padding-left: 30px;\">\u00a0<\/p>\n<h3>Oportunidades de un buen liderazgo en un proceso de transformaci\u00f3n<\/h3>\n<p style=\"padding-left: 30px;\">1. <strong>Reforzar la posici\u00f3n en tu sector.<\/strong> Las crisis suelen dejar por el camino a parte de la competencia. Lucha para que no seas t\u00fa quien se quede atr\u00e1s.<\/p>\n<p style=\"padding-left: 30px;\">2. <strong>Encontrar nuevas l\u00edneas de negocio por explorar.<\/strong> La crisis de la pandemia trae variables in\u00e9ditas. \u00a1Pon toda la creatividad en juego y difer\u00e9nciate!<\/p>\n<p style=\"padding-left: 30px;\">3. <strong>Agilizar procedimientos.<\/strong> Un clima de transformaci\u00f3n significa tener el mejor ecosistema para pulir procesos y flujos de trabajo. La carrera es infinita, pero hay que empezar a correr.<\/p>\n<p>Todo esto es muy apasionante, aunque se puede ir al garete si quien desempe\u00f1a la funci\u00f3n directiva no est\u00e1 a la altura. Sin olvidar el importante coste econ\u00f3mico y estrat\u00e9gico que supone para la empresa.<\/p>\n<p>Ahora puedes hacer tres cosas: dejar que todo siga igual, formarte en <a title=\"Es el momento de potenciar tus habilidades directivas\" href=\"\/en_gb\/servicios\/desarrollo-directivo\/\">habilidades directivas <\/a>o buscar ayuda externa especializada (con un<a title=\"El 'interim manager', el profeta de la salud de una empresa\" href=\"https:\/\/www.actionproject.es\/en_gb\/blog\/interim-manager-profeta-salud-empresa\/\"><em> interim manager<\/em>, el profeta de la salud de tu empresa<\/a>). En <a title=\"Consultores de empresa especializados en pymes\" href=\"https:\/\/www.actionproject.es\/en_gb\/\"><strong>ActionProject<\/strong><\/a> podemos ayudarte, solo tienes que decidir cu\u00e1ndo empezamos.<\/p>\n<p>Y comparto contigo otra reflexi\u00f3n m\u00e1s:<strong> \u00bfacaso los negocios no deber\u00edan estar siempre en continua transformaci\u00f3n para mejorar?<\/strong><\/p>\n<p>Dejarse ayudar y reconocer que solo no puedes adaptarte con la velocidad que exigen los nuevos tiempos es una de las cualidades que diferencia a los grandes l\u00edderes.<\/p>","protected":false},"author":2,"featured_media":1434,"comment_status":"closed","ping_status":"open","sticky":false,"template":"","format":"standard","meta":{"_acf_changed":false,"_joinchat":[],"footnotes":""},"categories":[10],"tags":[119,19,24,20,120],"class_list":["post-1299","post","type-post","status-publish","format-standard","has-post-thumbnail","hentry","category-estrategia-empresarial","tag-direccion","tag-habilidades-directivas","tag-interim-manager","tag-liderazgo","tag-transformacion"],"acf":[],"aioseo_notices":[],"yoast_head":"<!-- This site is optimized with the Yoast SEO plugin v27.3 - https:\/\/yoast.com\/product\/yoast-seo-wordpress\/ -->\n<title>La labor directiva en \u00e9poca de transformaci\u00f3n - Action Project<\/title>\n<meta name=\"robots\" content=\"index, follow, max-snippet:-1, max-image-preview:large, max-video-preview:-1\" \/>\n<link rel=\"canonical\" href=\"https:\/\/www.actionproject.es\/en_gb\/blog\/labor-directiva-epoca-transformacion\/\" \/>\n<meta property=\"og:locale\" content=\"en_GB\" \/>\n<meta property=\"og:type\" content=\"article\" \/>\n<meta property=\"og:title\" content=\"La labor directiva en \u00e9poca de transformaci\u00f3n - Action Project\" \/>\n<meta property=\"og:description\" content=\"No importa qu\u00e9 tipo de empresa tengas. Quieras o no, si deseas mantenerla, est\u00e1s obligado a ejercer la direcci\u00f3n en una etapa de transformaci\u00f3n y cambios continuos. Si algo nos ha ense\u00f1ado la pandemia es que hay que moverse y actuar. A las empresas no les sienta bien la par\u00e1lisis por an\u00e1lisis. Y, claro, toda la atenci\u00f3n se centra en quien est\u00e1 al mando: el directivo, el l\u00edder o el empresario. Los clientes esperan soluciones adaptadas al nuevo contexto. Los empleados necesitan \u00f3rdenes y procedimientos. Los proveedores aguardan tus indicaciones para definir de una u otra forma sus procesos internos. La sociedad en general espera de ti como empresario y directivo. Pero hacer un buen liderazgo en estos tiempos requiere contar con habilidades espec\u00edficas. Aptitudes \u00f3ptimas para la labor directiva en una etapa de transformaci\u00f3n \u2022 Capacidad de delegar. No puedes hacerlo todo y en plena transformaci\u00f3n necesitas m\u00e1s que nunca saber entregar tareas a las personas oportunas. \u2022 Capacidad de priorizar. Tener el control y la organizaci\u00f3n necesarias para poner el foco sobre lo estrat\u00e9gico. \u2022 Orientaci\u00f3n y conocimiento del cliente. En el fondo \u00bfqu\u00e9 empresa no quiere mejorar la experiencia del cliente? Mucho m\u00e1s cuando estamos en un momento en el que todav\u00eda cobra m\u00e1s importancia y es decisiva para la relaci\u00f3n futura con clientes. \u2022 Capacidad de resolver conflictos. Vendr\u00e1n nubes oscuras, tormentas y hasta huracanes. Debes hacer un liderazgo mediador para que tu empresa est\u00e9 fuerte y no haya grietas. \u2022 Capacidad negociadora. Muy relacionado con lo anterior, en tiempos convulsos se necesita de l\u00edderes que apuesten por encontrar espacios de consenso y que busquen construir tambi\u00e9n desde las diferencias. \u2022 Resiliencia. El liderazgo expone a lo bueno y a lo malo, por lo que necesitas un entrenamiento consistente para superar situaciones desfavorables. \u00a0 Oportunidades de un buen liderazgo en un proceso de transformaci\u00f3n 1. Reforzar la posici\u00f3n en tu sector. Las crisis suelen dejar por el camino a parte de la competencia. Lucha para que no seas t\u00fa quien se quede atr\u00e1s. 2. Encontrar nuevas l\u00edneas de negocio por explorar. La crisis de la pandemia trae variables in\u00e9ditas. \u00a1Pon toda la creatividad en juego y difer\u00e9nciate! 3. Agilizar procedimientos. Un clima de transformaci\u00f3n significa tener el mejor ecosistema para pulir procesos y flujos de trabajo. La carrera es infinita, pero hay que empezar a correr. Todo esto es muy apasionante, aunque se puede ir al garete si quien desempe\u00f1a la funci\u00f3n directiva no est\u00e1 a la altura. Sin olvidar el importante coste econ\u00f3mico y estrat\u00e9gico que supone para la empresa. Ahora puedes hacer tres cosas: dejar que todo siga igual, formarte en habilidades directivas o buscar ayuda externa especializada (con un interim manager, el profeta de la salud de tu empresa). En ActionProject podemos ayudarte, solo tienes que decidir cu\u00e1ndo empezamos. Y comparto contigo otra reflexi\u00f3n m\u00e1s: \u00bfacaso los negocios no deber\u00edan estar siempre en continua transformaci\u00f3n para mejorar? Dejarse ayudar y reconocer que solo no puedes adaptarte con la velocidad que exigen los nuevos tiempos es una de las cualidades que diferencia a los grandes l\u00edderes.\" \/>\n<meta property=\"og:url\" content=\"https:\/\/www.actionproject.es\/en_gb\/blog\/labor-directiva-epoca-transformacion\/\" \/>\n<meta property=\"og:site_name\" content=\"Action Project\" \/>\n<meta property=\"article:published_time\" content=\"2020-11-10T09:48:16+00:00\" \/>\n<meta property=\"article:modified_time\" content=\"2025-07-02T09:13:06+00:00\" \/>\n<meta property=\"og:image\" content=\"https:\/\/www.actionproject.es\/wp-content\/uploads\/2025\/07\/direccion-transformacion-crisis-consultoria.jpg\" \/>\n\t<meta property=\"og:image:width\" content=\"1200\" \/>\n\t<meta property=\"og:image:height\" content=\"800\" \/>\n\t<meta property=\"og:image:type\" content=\"image\/jpeg\" \/>\n<meta name=\"author\" content=\"Juanma\" \/>\n<meta name=\"twitter:card\" content=\"summary_large_image\" \/>\n<meta name=\"twitter:label1\" content=\"Written by\" \/>\n\t<meta name=\"twitter:data1\" content=\"Juanma\" \/>\n<script type=\"application\/ld+json\" class=\"yoast-schema-graph\">{\"@context\":\"https:\\\/\\\/schema.org\",\"@graph\":[{\"@type\":\"Article\",\"@id\":\"https:\\\/\\\/www.actionproject.es\\\/blog\\\/labor-directiva-epoca-transformacion\\\/#article\",\"isPartOf\":{\"@id\":\"https:\\\/\\\/www.actionproject.es\\\/blog\\\/labor-directiva-epoca-transformacion\\\/\"},\"author\":{\"name\":\"Juanma\",\"@id\":\"https:\\\/\\\/www.actionproject.es\\\/#\\\/schema\\\/person\\\/01aa5bb80cabd3235975fa1fccb16e23\"},\"headline\":\"La labor directiva en \u00e9poca de transformaci\u00f3n\",\"datePublished\":\"2020-11-10T09:48:16+00:00\",\"dateModified\":\"2025-07-02T09:13:06+00:00\",\"mainEntityOfPage\":{\"@id\":\"https:\\\/\\\/www.actionproject.es\\\/blog\\\/labor-directiva-epoca-transformacion\\\/\"},\"wordCount\":8,\"publisher\":{\"@id\":\"https:\\\/\\\/www.actionproject.es\\\/#organization\"},\"image\":{\"@id\":\"https:\\\/\\\/www.actionproject.es\\\/blog\\\/labor-directiva-epoca-transformacion\\\/#primaryimage\"},\"thumbnailUrl\":\"https:\\\/\\\/www.actionproject.es\\\/wp-content\\\/uploads\\\/2025\\\/07\\\/direccion-transformacion-crisis-consultoria.jpg\",\"keywords\":[\"direcci\u00f3n\",\"habilidades directivas\",\"interim manager\",\"Liderazgo\",\"transformaci\u00f3n\"],\"articleSection\":[\"Estrategia empresarial\"],\"inLanguage\":\"en-GB\"},{\"@type\":\"WebPage\",\"@id\":\"https:\\\/\\\/www.actionproject.es\\\/blog\\\/labor-directiva-epoca-transformacion\\\/\",\"url\":\"https:\\\/\\\/www.actionproject.es\\\/blog\\\/labor-directiva-epoca-transformacion\\\/\",\"name\":\"La labor directiva en \u00e9poca de transformaci\u00f3n - Action Project\",\"isPartOf\":{\"@id\":\"https:\\\/\\\/www.actionproject.es\\\/#website\"},\"primaryImageOfPage\":{\"@id\":\"https:\\\/\\\/www.actionproject.es\\\/blog\\\/labor-directiva-epoca-transformacion\\\/#primaryimage\"},\"image\":{\"@id\":\"https:\\\/\\\/www.actionproject.es\\\/blog\\\/labor-directiva-epoca-transformacion\\\/#primaryimage\"},\"thumbnailUrl\":\"https:\\\/\\\/www.actionproject.es\\\/wp-content\\\/uploads\\\/2025\\\/07\\\/direccion-transformacion-crisis-consultoria.jpg\",\"datePublished\":\"2020-11-10T09:48:16+00:00\",\"dateModified\":\"2025-07-02T09:13:06+00:00\",\"breadcrumb\":{\"@id\":\"https:\\\/\\\/www.actionproject.es\\\/blog\\\/labor-directiva-epoca-transformacion\\\/#breadcrumb\"},\"inLanguage\":\"en-GB\",\"potentialAction\":[{\"@type\":\"ReadAction\",\"target\":[\"https:\\\/\\\/www.actionproject.es\\\/blog\\\/labor-directiva-epoca-transformacion\\\/\"]}]},{\"@type\":\"ImageObject\",\"inLanguage\":\"en-GB\",\"@id\":\"https:\\\/\\\/www.actionproject.es\\\/blog\\\/labor-directiva-epoca-transformacion\\\/#primaryimage\",\"url\":\"https:\\\/\\\/www.actionproject.es\\\/wp-content\\\/uploads\\\/2025\\\/07\\\/direccion-transformacion-crisis-consultoria.jpg\",\"contentUrl\":\"https:\\\/\\\/www.actionproject.es\\\/wp-content\\\/uploads\\\/2025\\\/07\\\/direccion-transformacion-crisis-consultoria.jpg\",\"width\":1200,\"height\":800},{\"@type\":\"BreadcrumbList\",\"@id\":\"https:\\\/\\\/www.actionproject.es\\\/blog\\\/labor-directiva-epoca-transformacion\\\/#breadcrumb\",\"itemListElement\":[{\"@type\":\"ListItem\",\"position\":1,\"name\":\"Portada\",\"item\":\"https:\\\/\\\/www.actionproject.es\\\/\"},{\"@type\":\"ListItem\",\"position\":2,\"name\":\"La labor directiva en \u00e9poca de transformaci\u00f3n\"}]},{\"@type\":\"WebSite\",\"@id\":\"https:\\\/\\\/www.actionproject.es\\\/#website\",\"url\":\"https:\\\/\\\/www.actionproject.es\\\/\",\"name\":\"Action Project\",\"description\":\"\",\"publisher\":{\"@id\":\"https:\\\/\\\/www.actionproject.es\\\/#organization\"},\"potentialAction\":[{\"@type\":\"SearchAction\",\"target\":{\"@type\":\"EntryPoint\",\"urlTemplate\":\"https:\\\/\\\/www.actionproject.es\\\/?s={search_term_string}\"},\"query-input\":{\"@type\":\"PropertyValueSpecification\",\"valueRequired\":true,\"valueName\":\"search_term_string\"}}],\"inLanguage\":\"en-GB\"},{\"@type\":\"Organization\",\"@id\":\"https:\\\/\\\/www.actionproject.es\\\/#organization\",\"name\":\"Action Project\",\"url\":\"https:\\\/\\\/www.actionproject.es\\\/\",\"logo\":{\"@type\":\"ImageObject\",\"inLanguage\":\"en-GB\",\"@id\":\"https:\\\/\\\/www.actionproject.es\\\/#\\\/schema\\\/logo\\\/image\\\/\",\"url\":\"https:\\\/\\\/www.actionproject.es\\\/wp-content\\\/uploads\\\/2025\\\/02\\\/favicon-action.png\",\"contentUrl\":\"https:\\\/\\\/www.actionproject.es\\\/wp-content\\\/uploads\\\/2025\\\/02\\\/favicon-action.png\",\"width\":512,\"height\":512,\"caption\":\"Action Project\"},\"image\":{\"@id\":\"https:\\\/\\\/www.actionproject.es\\\/#\\\/schema\\\/logo\\\/image\\\/\"}},{\"@type\":\"Person\",\"@id\":\"https:\\\/\\\/www.actionproject.es\\\/#\\\/schema\\\/person\\\/01aa5bb80cabd3235975fa1fccb16e23\",\"name\":\"Juanma\",\"image\":{\"@type\":\"ImageObject\",\"inLanguage\":\"en-GB\",\"@id\":\"https:\\\/\\\/secure.gravatar.com\\\/avatar\\\/85f0c3c9ba6a2b2ba51b0df3346eaf50cafa606989920561324eac0dd1c938f4?s=96&d=mm&r=g\",\"url\":\"https:\\\/\\\/secure.gravatar.com\\\/avatar\\\/85f0c3c9ba6a2b2ba51b0df3346eaf50cafa606989920561324eac0dd1c938f4?s=96&d=mm&r=g\",\"contentUrl\":\"https:\\\/\\\/secure.gravatar.com\\\/avatar\\\/85f0c3c9ba6a2b2ba51b0df3346eaf50cafa606989920561324eac0dd1c938f4?s=96&d=mm&r=g\",\"caption\":\"Juanma\"},\"url\":\"https:\\\/\\\/www.actionproject.es\\\/en_gb\\\/blog\\\/author\\\/juanma\\\/\"}]}<\/script>\n<!-- \/ Yoast SEO plugin. -->","yoast_head_json":{"title":"La labor directiva en \u00e9poca de transformaci\u00f3n - Action Project","robots":{"index":"index","follow":"follow","max-snippet":"max-snippet:-1","max-image-preview":"max-image-preview:large","max-video-preview":"max-video-preview:-1"},"canonical":"https:\/\/www.actionproject.es\/en_gb\/blog\/labor-directiva-epoca-transformacion\/","og_locale":"en_GB","og_type":"article","og_title":"La labor directiva en \u00e9poca de transformaci\u00f3n - Action Project","og_description":"No importa qu\u00e9 tipo de empresa tengas. Quieras o no, si deseas mantenerla, est\u00e1s obligado a ejercer la direcci\u00f3n en una etapa de transformaci\u00f3n y cambios continuos. Si algo nos ha ense\u00f1ado la pandemia es que hay que moverse y actuar. A las empresas no les sienta bien la par\u00e1lisis por an\u00e1lisis. Y, claro, toda la atenci\u00f3n se centra en quien est\u00e1 al mando: el directivo, el l\u00edder o el empresario. Los clientes esperan soluciones adaptadas al nuevo contexto. Los empleados necesitan \u00f3rdenes y procedimientos. Los proveedores aguardan tus indicaciones para definir de una u otra forma sus procesos internos. La sociedad en general espera de ti como empresario y directivo. Pero hacer un buen liderazgo en estos tiempos requiere contar con habilidades espec\u00edficas. Aptitudes \u00f3ptimas para la labor directiva en una etapa de transformaci\u00f3n \u2022 Capacidad de delegar. No puedes hacerlo todo y en plena transformaci\u00f3n necesitas m\u00e1s que nunca saber entregar tareas a las personas oportunas. \u2022 Capacidad de priorizar. Tener el control y la organizaci\u00f3n necesarias para poner el foco sobre lo estrat\u00e9gico. \u2022 Orientaci\u00f3n y conocimiento del cliente. En el fondo \u00bfqu\u00e9 empresa no quiere mejorar la experiencia del cliente? Mucho m\u00e1s cuando estamos en un momento en el que todav\u00eda cobra m\u00e1s importancia y es decisiva para la relaci\u00f3n futura con clientes. \u2022 Capacidad de resolver conflictos. Vendr\u00e1n nubes oscuras, tormentas y hasta huracanes. Debes hacer un liderazgo mediador para que tu empresa est\u00e9 fuerte y no haya grietas. \u2022 Capacidad negociadora. Muy relacionado con lo anterior, en tiempos convulsos se necesita de l\u00edderes que apuesten por encontrar espacios de consenso y que busquen construir tambi\u00e9n desde las diferencias. \u2022 Resiliencia. El liderazgo expone a lo bueno y a lo malo, por lo que necesitas un entrenamiento consistente para superar situaciones desfavorables. \u00a0 Oportunidades de un buen liderazgo en un proceso de transformaci\u00f3n 1. Reforzar la posici\u00f3n en tu sector. Las crisis suelen dejar por el camino a parte de la competencia. Lucha para que no seas t\u00fa quien se quede atr\u00e1s. 2. Encontrar nuevas l\u00edneas de negocio por explorar. La crisis de la pandemia trae variables in\u00e9ditas. \u00a1Pon toda la creatividad en juego y difer\u00e9nciate! 3. Agilizar procedimientos. Un clima de transformaci\u00f3n significa tener el mejor ecosistema para pulir procesos y flujos de trabajo. La carrera es infinita, pero hay que empezar a correr. Todo esto es muy apasionante, aunque se puede ir al garete si quien desempe\u00f1a la funci\u00f3n directiva no est\u00e1 a la altura. Sin olvidar el importante coste econ\u00f3mico y estrat\u00e9gico que supone para la empresa. Ahora puedes hacer tres cosas: dejar que todo siga igual, formarte en habilidades directivas o buscar ayuda externa especializada (con un interim manager, el profeta de la salud de tu empresa). En ActionProject podemos ayudarte, solo tienes que decidir cu\u00e1ndo empezamos. Y comparto contigo otra reflexi\u00f3n m\u00e1s: \u00bfacaso los negocios no deber\u00edan estar siempre en continua transformaci\u00f3n para mejorar? Dejarse ayudar y reconocer que solo no puedes adaptarte con la velocidad que exigen los nuevos tiempos es una de las cualidades que diferencia a los grandes l\u00edderes.","og_url":"https:\/\/www.actionproject.es\/en_gb\/blog\/labor-directiva-epoca-transformacion\/","og_site_name":"Action Project","article_published_time":"2020-11-10T09:48:16+00:00","article_modified_time":"2025-07-02T09:13:06+00:00","og_image":[{"width":1200,"height":800,"url":"https:\/\/www.actionproject.es\/wp-content\/uploads\/2025\/07\/direccion-transformacion-crisis-consultoria.jpg","type":"image\/jpeg"}],"author":"Juanma","twitter_card":"summary_large_image","twitter_misc":{"Written by":"Juanma"},"schema":{"@context":"https:\/\/schema.org","@graph":[{"@type":"Article","@id":"https:\/\/www.actionproject.es\/blog\/labor-directiva-epoca-transformacion\/#article","isPartOf":{"@id":"https:\/\/www.actionproject.es\/blog\/labor-directiva-epoca-transformacion\/"},"author":{"name":"Juanma","@id":"https:\/\/www.actionproject.es\/#\/schema\/person\/01aa5bb80cabd3235975fa1fccb16e23"},"headline":"La labor directiva en \u00e9poca de transformaci\u00f3n","datePublished":"2020-11-10T09:48:16+00:00","dateModified":"2025-07-02T09:13:06+00:00","mainEntityOfPage":{"@id":"https:\/\/www.actionproject.es\/blog\/labor-directiva-epoca-transformacion\/"},"wordCount":8,"publisher":{"@id":"https:\/\/www.actionproject.es\/#organization"},"image":{"@id":"https:\/\/www.actionproject.es\/blog\/labor-directiva-epoca-transformacion\/#primaryimage"},"thumbnailUrl":"https:\/\/www.actionproject.es\/wp-content\/uploads\/2025\/07\/direccion-transformacion-crisis-consultoria.jpg","keywords":["direcci\u00f3n","habilidades directivas","interim manager","Liderazgo","transformaci\u00f3n"],"articleSection":["Estrategia empresarial"],"inLanguage":"en-GB"},{"@type":"WebPage","@id":"https:\/\/www.actionproject.es\/blog\/labor-directiva-epoca-transformacion\/","url":"https:\/\/www.actionproject.es\/blog\/labor-directiva-epoca-transformacion\/","name":"La labor directiva en \u00e9poca de transformaci\u00f3n - Action Project","isPartOf":{"@id":"https:\/\/www.actionproject.es\/#website"},"primaryImageOfPage":{"@id":"https:\/\/www.actionproject.es\/blog\/labor-directiva-epoca-transformacion\/#primaryimage"},"image":{"@id":"https:\/\/www.actionproject.es\/blog\/labor-directiva-epoca-transformacion\/#primaryimage"},"thumbnailUrl":"https:\/\/www.actionproject.es\/wp-content\/uploads\/2025\/07\/direccion-transformacion-crisis-consultoria.jpg","datePublished":"2020-11-10T09:48:16+00:00","dateModified":"2025-07-02T09:13:06+00:00","breadcrumb":{"@id":"https:\/\/www.actionproject.es\/blog\/labor-directiva-epoca-transformacion\/#breadcrumb"},"inLanguage":"en-GB","potentialAction":[{"@type":"ReadAction","target":["https:\/\/www.actionproject.es\/blog\/labor-directiva-epoca-transformacion\/"]}]},{"@type":"ImageObject","inLanguage":"en-GB","@id":"https:\/\/www.actionproject.es\/blog\/labor-directiva-epoca-transformacion\/#primaryimage","url":"https:\/\/www.actionproject.es\/wp-content\/uploads\/2025\/07\/direccion-transformacion-crisis-consultoria.jpg","contentUrl":"https:\/\/www.actionproject.es\/wp-content\/uploads\/2025\/07\/direccion-transformacion-crisis-consultoria.jpg","width":1200,"height":800},{"@type":"BreadcrumbList","@id":"https:\/\/www.actionproject.es\/blog\/labor-directiva-epoca-transformacion\/#breadcrumb","itemListElement":[{"@type":"ListItem","position":1,"name":"Portada","item":"https:\/\/www.actionproject.es\/"},{"@type":"ListItem","position":2,"name":"La labor directiva en \u00e9poca de transformaci\u00f3n"}]},{"@type":"WebSite","@id":"https:\/\/www.actionproject.es\/#website","url":"https:\/\/www.actionproject.es\/","name":"Action Project","description":"","publisher":{"@id":"https:\/\/www.actionproject.es\/#organization"},"potentialAction":[{"@type":"SearchAction","target":{"@type":"EntryPoint","urlTemplate":"https:\/\/www.actionproject.es\/?s={search_term_string}"},"query-input":{"@type":"PropertyValueSpecification","valueRequired":true,"valueName":"search_term_string"}}],"inLanguage":"en-GB"},{"@type":"Organization","@id":"https:\/\/www.actionproject.es\/#organization","name":"Action Project","url":"https:\/\/www.actionproject.es\/","logo":{"@type":"ImageObject","inLanguage":"en-GB","@id":"https:\/\/www.actionproject.es\/#\/schema\/logo\/image\/","url":"https:\/\/www.actionproject.es\/wp-content\/uploads\/2025\/02\/favicon-action.png","contentUrl":"https:\/\/www.actionproject.es\/wp-content\/uploads\/2025\/02\/favicon-action.png","width":512,"height":512,"caption":"Action Project"},"image":{"@id":"https:\/\/www.actionproject.es\/#\/schema\/logo\/image\/"}},{"@type":"Person","@id":"https:\/\/www.actionproject.es\/#\/schema\/person\/01aa5bb80cabd3235975fa1fccb16e23","name":"Juanma","image":{"@type":"ImageObject","inLanguage":"en-GB","@id":"https:\/\/secure.gravatar.com\/avatar\/85f0c3c9ba6a2b2ba51b0df3346eaf50cafa606989920561324eac0dd1c938f4?s=96&d=mm&r=g","url":"https:\/\/secure.gravatar.com\/avatar\/85f0c3c9ba6a2b2ba51b0df3346eaf50cafa606989920561324eac0dd1c938f4?s=96&d=mm&r=g","contentUrl":"https:\/\/secure.gravatar.com\/avatar\/85f0c3c9ba6a2b2ba51b0df3346eaf50cafa606989920561324eac0dd1c938f4?s=96&d=mm&r=g","caption":"Juanma"},"url":"https:\/\/www.actionproject.es\/en_gb\/blog\/author\/juanma\/"}]}},"_links":{"self":[{"href":"https:\/\/www.actionproject.es\/en_gb\/wp-json\/wp\/v2\/posts\/1299","targetHints":{"allow":["GET"]}}],"collection":[{"href":"https:\/\/www.actionproject.es\/en_gb\/wp-json\/wp\/v2\/posts"}],"about":[{"href":"https:\/\/www.actionproject.es\/en_gb\/wp-json\/wp\/v2\/types\/post"}],"author":[{"embeddable":true,"href":"https:\/\/www.actionproject.es\/en_gb\/wp-json\/wp\/v2\/users\/2"}],"replies":[{"embeddable":true,"href":"https:\/\/www.actionproject.es\/en_gb\/wp-json\/wp\/v2\/comments?post=1299"}],"version-history":[{"count":2,"href":"https:\/\/www.actionproject.es\/en_gb\/wp-json\/wp\/v2\/posts\/1299\/revisions"}],"predecessor-version":[{"id":1660,"href":"https:\/\/www.actionproject.es\/en_gb\/wp-json\/wp\/v2\/posts\/1299\/revisions\/1660"}],"wp:featuredmedia":[{"embeddable":true,"href":"https:\/\/www.actionproject.es\/en_gb\/wp-json\/wp\/v2\/media\/1434"}],"wp:attachment":[{"href":"https:\/\/www.actionproject.es\/en_gb\/wp-json\/wp\/v2\/media?parent=1299"}],"wp:term":[{"taxonomy":"category","embeddable":true,"href":"https:\/\/www.actionproject.es\/en_gb\/wp-json\/wp\/v2\/categories?post=1299"},{"taxonomy":"post_tag","embeddable":true,"href":"https:\/\/www.actionproject.es\/en_gb\/wp-json\/wp\/v2\/tags?post=1299"}],"curies":[{"name":"wp","href":"https:\/\/api.w.org\/{rel}","templated":true}]}}