{"id":1303,"date":"2020-12-15T13:21:55","date_gmt":"2020-12-15T12:21:55","guid":{"rendered":"https:\/\/www.actionproject.es\/blog\/5-acciones-indispensables-para-afrontar-la-era-post-covid\/"},"modified":"2025-07-02T11:13:06","modified_gmt":"2025-07-02T09:13:06","slug":"5-acciones-indispensables-para-afrontar-la-era-post-covid","status":"publish","type":"post","link":"https:\/\/www.actionproject.es\/en_gb\/blog\/5-acciones-indispensables-para-afrontar-la-era-post-covid\/","title":{"rendered":"5 acciones indispensables para afrontar la era post COVID"},"content":{"rendered":"","protected":false},"excerpt":{"rendered":"<p>Todos estamos deseando despertarnos en la era post COVID, pero \u00bfest\u00e1 tu negocio preparado para los desaf\u00edos que trae?<\/p>\n<p>The <a href=\"https:\/\/www.actionproject.es\/en_gb\/blog\/que-podemos-aprender-silicon-valley-pleno-confinamiento\/\" target=\"_blank\" rel=\"noopener noreferrer\">primer d\u00eda de la era post COVID<\/a> puede ser un terreno dif\u00edcil para el que te has preparado a conciencia o el mism\u00edsimo apocalipsis zombi. Lo importante no es tanto el escenario, sino c\u00f3mo has entrenado para enfrentarte a \u00e9l.<\/p>\n<p>Es el momento de <a href=\"https:\/\/www.actionproject.es\/en_gb\/blog\/labor-directiva-epoca-transformacion\/\" target=\"_blank\" rel=\"noopener noreferrer\">trabajar, fortalecerse y extraer conclusiones<\/a> de lo que hemos vivido. Todo negocio, peque\u00f1o o grande, deber\u00eda abordar de forma inminente estas acciones si quiere sobrevivir y sentirse c\u00f3modo en la era post COVID:<\/p>\n<ol>\n<li><strong>Repensar tu empresa y hacer cambios en tu modelo de negocio. <\/strong>Es el momento de <a href=\"\/en_gb\/servicios\/profesionalizacion-de-la-empresa\/\" target=\"_blank\" rel=\"noopener noreferrer\">actualizar la propuesta de valor<\/a>. Seguro que las razones por las que te compraban tus clientes han cambiado. Hay que analizar todos estos cambios y reflexionar sobre lo nuevo que podemos aportar en este contexto. La ayuda de un consultor de empresa es muy valiosa para encontrar una propuesta de valor actualizada, lanzar nuevos productos y construir los cimientos de un nuevo modelo de negocio.<\/li>\n<li><strong>Digitalizar en todo lo posible tu negocio.<\/strong> <a href=\"https:\/\/www.actionproject.es\/en_gb\/blog\/digitalizacion-necesidad-oportunidad-partes-iguales\/\" target=\"_blank\" rel=\"noopener noreferrer\">Implementa procesos m\u00e1s digitales en tu empresa<\/a> a todos los niveles: desde los flujos de trabajo hasta la relaci\u00f3n con el cliente. Una empresa volcada en su transformaci\u00f3n digital es una empresa mucho m\u00e1s fuerte en el futuro post COVID.<\/li>\n<li><strong>Profesionalizar a tu equipo.<\/strong> <a href=\"https:\/\/www.actionproject.es\/en_gb\/blog\/freno-impide-avanzar-empresa\/\" target=\"_blank\" rel=\"noopener noreferrer\">El cambio de modelo, la adaptaci\u00f3n a un contexto in\u00e9dito<\/a>, el lanzamiento de nuevos productos\u2026 Necesitas que tus empleados ganen competencias digitales, en seguridad sanitaria, en inteligencia emocional para la venta\u2026 La inversi\u00f3n en el equipo es realmente estrat\u00e9gica para el futuro de la empresa.<\/li>\n<li><strong>Invertir de acuerdo a tu estrategia de negocio.\u00a0<\/strong>La adaptaci\u00f3n requiere dinero y tiempo, aunque sean momentos complicados para la tesorer\u00eda. Pero la capacidad de invertir y de tener financiaci\u00f3n ser\u00e1 importante para poder desarrollar el negocio y destinar recursos a proyectos estrat\u00e9gicos.<\/li>\n<li><strong>Planificar y comunicar de forma muy directa. <\/strong>Siempre tenemos que trabajar con un plan para los pr\u00f3ximos 3 meses y dejarlo claro de forma interna: cu\u00e1l ser\u00e1 el protocolo, cu\u00e1les nuestros puntos fuertes, cu\u00e1l es nuestro objetivo principal, qu\u00e9 uso van a tener nuestros recursos log\u00edsticos\u2026 Todo debe estar perfectamente definido y comunicado.<\/li>\n<\/ol>\n<p>\u00a0<\/p>\n<p>En este camino, <a href=\"https:\/\/www.actionproject.es\/en_gb\/blog\/interim-manager-profeta-salud-empresa\/\" target=\"_blank\" rel=\"noopener noreferrer\">el <em>interim manager<\/em> es una gran ayuda<\/a> para evaluar si se aplican los cambios, si hay que hacer ajustes o si debemos reforzar el liderazgo. Sin duda, el mejor aliado de las empresas en momentos de gesti\u00f3n del cambio y transformaci\u00f3n de negocios. \u00bfNecesitas ayuda en este sentido? <a href=\"https:\/\/www.actionproject.es\/en_gb\/reserva-servicios\/?view=servicesearch&amp;id_ser=2\" target=\"_blank\" rel=\"noopener noreferrer\">Pide tu consultor\u00eda de empresa gratuita en ActionProject.<\/a><\/p>","protected":false},"author":2,"featured_media":1444,"comment_status":"closed","ping_status":"open","sticky":false,"template":"","format":"standard","meta":{"_acf_changed":false,"_joinchat":[],"footnotes":""},"categories":[10],"tags":[131,24,21,129],"class_list":["post-1303","post","type-post","status-publish","format-standard","has-post-thumbnail","hentry","category-estrategia-empresarial","tag-estrategia-de-negocios","tag-interim-manager","tag-liderazgo-empresarial","tag-transformacion-de-negocios"],"acf":[],"aioseo_notices":[],"yoast_head":"<!-- This site is optimized with the Yoast SEO plugin v27.3 - https:\/\/yoast.com\/product\/yoast-seo-wordpress\/ -->\n<title>5 acciones indispensables para afrontar la era post COVID - Action Project<\/title>\n<meta name=\"robots\" content=\"index, follow, max-snippet:-1, max-image-preview:large, max-video-preview:-1\" \/>\n<link rel=\"canonical\" href=\"https:\/\/www.actionproject.es\/en_gb\/blog\/5-acciones-indispensables-para-afrontar-la-era-post-covid\/\" \/>\n<meta property=\"og:locale\" content=\"en_GB\" \/>\n<meta property=\"og:type\" content=\"article\" \/>\n<meta property=\"og:title\" content=\"5 acciones indispensables para afrontar la era post COVID - Action Project\" \/>\n<meta property=\"og:description\" content=\"Todos estamos deseando despertarnos en la era post COVID, pero \u00bfest\u00e1 tu negocio preparado para los desaf\u00edos que trae? El primer d\u00eda de la era post COVID puede ser un terreno dif\u00edcil para el que te has preparado a conciencia o el mism\u00edsimo apocalipsis zombi. Lo importante no es tanto el escenario, sino c\u00f3mo has entrenado para enfrentarte a \u00e9l. Es el momento de trabajar, fortalecerse y extraer conclusiones de lo que hemos vivido. Todo negocio, peque\u00f1o o grande, deber\u00eda abordar de forma inminente estas acciones si quiere sobrevivir y sentirse c\u00f3modo en la era post COVID: Repensar tu empresa y hacer cambios en tu modelo de negocio. Es el momento de actualizar la propuesta de valor. Seguro que las razones por las que te compraban tus clientes han cambiado. Hay que analizar todos estos cambios y reflexionar sobre lo nuevo que podemos aportar en este contexto. La ayuda de un consultor de empresa es muy valiosa para encontrar una propuesta de valor actualizada, lanzar nuevos productos y construir los cimientos de un nuevo modelo de negocio. Digitalizar en todo lo posible tu negocio. Implementa procesos m\u00e1s digitales en tu empresa a todos los niveles: desde los flujos de trabajo hasta la relaci\u00f3n con el cliente. Una empresa volcada en su transformaci\u00f3n digital es una empresa mucho m\u00e1s fuerte en el futuro post COVID. Profesionalizar a tu equipo. El cambio de modelo, la adaptaci\u00f3n a un contexto in\u00e9dito, el lanzamiento de nuevos productos\u2026 Necesitas que tus empleados ganen competencias digitales, en seguridad sanitaria, en inteligencia emocional para la venta\u2026 La inversi\u00f3n en el equipo es realmente estrat\u00e9gica para el futuro de la empresa. Invertir de acuerdo a tu estrategia de negocio.\u00a0La adaptaci\u00f3n requiere dinero y tiempo, aunque sean momentos complicados para la tesorer\u00eda. Pero la capacidad de invertir y de tener financiaci\u00f3n ser\u00e1 importante para poder desarrollar el negocio y destinar recursos a proyectos estrat\u00e9gicos. Planificar y comunicar de forma muy directa. Siempre tenemos que trabajar con un plan para los pr\u00f3ximos 3 meses y dejarlo claro de forma interna: cu\u00e1l ser\u00e1 el protocolo, cu\u00e1les nuestros puntos fuertes, cu\u00e1l es nuestro objetivo principal, qu\u00e9 uso van a tener nuestros recursos log\u00edsticos\u2026 Todo debe estar perfectamente definido y comunicado. \u00a0 En este camino, el interim manager es una gran ayuda para evaluar si se aplican los cambios, si hay que hacer ajustes o si debemos reforzar el liderazgo. Sin duda, el mejor aliado de las empresas en momentos de gesti\u00f3n del cambio y transformaci\u00f3n de negocios. \u00bfNecesitas ayuda en este sentido? Pide tu consultor\u00eda de empresa gratuita en ActionProject.\" \/>\n<meta property=\"og:url\" content=\"https:\/\/www.actionproject.es\/en_gb\/blog\/5-acciones-indispensables-para-afrontar-la-era-post-covid\/\" \/>\n<meta property=\"og:site_name\" content=\"Action Project\" \/>\n<meta property=\"article:published_time\" content=\"2020-12-15T12:21:55+00:00\" \/>\n<meta property=\"article:modified_time\" content=\"2025-07-02T09:13:06+00:00\" \/>\n<meta property=\"og:image\" content=\"https:\/\/www.actionproject.es\/wp-content\/uploads\/2025\/07\/estrategia-empresarial-post-covid.jpg\" \/>\n\t<meta property=\"og:image:width\" content=\"1200\" \/>\n\t<meta property=\"og:image:height\" content=\"856\" \/>\n\t<meta property=\"og:image:type\" content=\"image\/jpeg\" \/>\n<meta name=\"author\" content=\"Juanma\" \/>\n<meta name=\"twitter:card\" content=\"summary_large_image\" \/>\n<meta name=\"twitter:label1\" content=\"Written by\" \/>\n\t<meta name=\"twitter:data1\" content=\"Juanma\" \/>\n<script type=\"application\/ld+json\" class=\"yoast-schema-graph\">{\"@context\":\"https:\\\/\\\/schema.org\",\"@graph\":[{\"@type\":\"Article\",\"@id\":\"https:\\\/\\\/www.actionproject.es\\\/blog\\\/5-acciones-indispensables-para-afrontar-la-era-post-covid\\\/#article\",\"isPartOf\":{\"@id\":\"https:\\\/\\\/www.actionproject.es\\\/blog\\\/5-acciones-indispensables-para-afrontar-la-era-post-covid\\\/\"},\"author\":{\"name\":\"Juanma\",\"@id\":\"https:\\\/\\\/www.actionproject.es\\\/#\\\/schema\\\/person\\\/01aa5bb80cabd3235975fa1fccb16e23\"},\"headline\":\"5 acciones indispensables para afrontar la era post COVID\",\"datePublished\":\"2020-12-15T12:21:55+00:00\",\"dateModified\":\"2025-07-02T09:13:06+00:00\",\"mainEntityOfPage\":{\"@id\":\"https:\\\/\\\/www.actionproject.es\\\/blog\\\/5-acciones-indispensables-para-afrontar-la-era-post-covid\\\/\"},\"wordCount\":8,\"publisher\":{\"@id\":\"https:\\\/\\\/www.actionproject.es\\\/#organization\"},\"image\":{\"@id\":\"https:\\\/\\\/www.actionproject.es\\\/blog\\\/5-acciones-indispensables-para-afrontar-la-era-post-covid\\\/#primaryimage\"},\"thumbnailUrl\":\"https:\\\/\\\/www.actionproject.es\\\/wp-content\\\/uploads\\\/2025\\\/07\\\/estrategia-empresarial-post-covid.jpg\",\"keywords\":[\"estrategia de negocios\",\"interim manager\",\"liderazgo empresarial\",\"transformaci\u00f3n de negocios\"],\"articleSection\":[\"Estrategia empresarial\"],\"inLanguage\":\"en-GB\"},{\"@type\":\"WebPage\",\"@id\":\"https:\\\/\\\/www.actionproject.es\\\/blog\\\/5-acciones-indispensables-para-afrontar-la-era-post-covid\\\/\",\"url\":\"https:\\\/\\\/www.actionproject.es\\\/blog\\\/5-acciones-indispensables-para-afrontar-la-era-post-covid\\\/\",\"name\":\"5 acciones indispensables para afrontar la era post COVID - Action Project\",\"isPartOf\":{\"@id\":\"https:\\\/\\\/www.actionproject.es\\\/#website\"},\"primaryImageOfPage\":{\"@id\":\"https:\\\/\\\/www.actionproject.es\\\/blog\\\/5-acciones-indispensables-para-afrontar-la-era-post-covid\\\/#primaryimage\"},\"image\":{\"@id\":\"https:\\\/\\\/www.actionproject.es\\\/blog\\\/5-acciones-indispensables-para-afrontar-la-era-post-covid\\\/#primaryimage\"},\"thumbnailUrl\":\"https:\\\/\\\/www.actionproject.es\\\/wp-content\\\/uploads\\\/2025\\\/07\\\/estrategia-empresarial-post-covid.jpg\",\"datePublished\":\"2020-12-15T12:21:55+00:00\",\"dateModified\":\"2025-07-02T09:13:06+00:00\",\"breadcrumb\":{\"@id\":\"https:\\\/\\\/www.actionproject.es\\\/blog\\\/5-acciones-indispensables-para-afrontar-la-era-post-covid\\\/#breadcrumb\"},\"inLanguage\":\"en-GB\",\"potentialAction\":[{\"@type\":\"ReadAction\",\"target\":[\"https:\\\/\\\/www.actionproject.es\\\/blog\\\/5-acciones-indispensables-para-afrontar-la-era-post-covid\\\/\"]}]},{\"@type\":\"ImageObject\",\"inLanguage\":\"en-GB\",\"@id\":\"https:\\\/\\\/www.actionproject.es\\\/blog\\\/5-acciones-indispensables-para-afrontar-la-era-post-covid\\\/#primaryimage\",\"url\":\"https:\\\/\\\/www.actionproject.es\\\/wp-content\\\/uploads\\\/2025\\\/07\\\/estrategia-empresarial-post-covid.jpg\",\"contentUrl\":\"https:\\\/\\\/www.actionproject.es\\\/wp-content\\\/uploads\\\/2025\\\/07\\\/estrategia-empresarial-post-covid.jpg\",\"width\":1200,\"height\":856},{\"@type\":\"BreadcrumbList\",\"@id\":\"https:\\\/\\\/www.actionproject.es\\\/blog\\\/5-acciones-indispensables-para-afrontar-la-era-post-covid\\\/#breadcrumb\",\"itemListElement\":[{\"@type\":\"ListItem\",\"position\":1,\"name\":\"Portada\",\"item\":\"https:\\\/\\\/www.actionproject.es\\\/\"},{\"@type\":\"ListItem\",\"position\":2,\"name\":\"5 acciones indispensables para afrontar la era post COVID\"}]},{\"@type\":\"WebSite\",\"@id\":\"https:\\\/\\\/www.actionproject.es\\\/#website\",\"url\":\"https:\\\/\\\/www.actionproject.es\\\/\",\"name\":\"Action Project\",\"description\":\"\",\"publisher\":{\"@id\":\"https:\\\/\\\/www.actionproject.es\\\/#organization\"},\"potentialAction\":[{\"@type\":\"SearchAction\",\"target\":{\"@type\":\"EntryPoint\",\"urlTemplate\":\"https:\\\/\\\/www.actionproject.es\\\/?s={search_term_string}\"},\"query-input\":{\"@type\":\"PropertyValueSpecification\",\"valueRequired\":true,\"valueName\":\"search_term_string\"}}],\"inLanguage\":\"en-GB\"},{\"@type\":\"Organization\",\"@id\":\"https:\\\/\\\/www.actionproject.es\\\/#organization\",\"name\":\"Action Project\",\"url\":\"https:\\\/\\\/www.actionproject.es\\\/\",\"logo\":{\"@type\":\"ImageObject\",\"inLanguage\":\"en-GB\",\"@id\":\"https:\\\/\\\/www.actionproject.es\\\/#\\\/schema\\\/logo\\\/image\\\/\",\"url\":\"https:\\\/\\\/www.actionproject.es\\\/wp-content\\\/uploads\\\/2025\\\/02\\\/favicon-action.png\",\"contentUrl\":\"https:\\\/\\\/www.actionproject.es\\\/wp-content\\\/uploads\\\/2025\\\/02\\\/favicon-action.png\",\"width\":512,\"height\":512,\"caption\":\"Action Project\"},\"image\":{\"@id\":\"https:\\\/\\\/www.actionproject.es\\\/#\\\/schema\\\/logo\\\/image\\\/\"}},{\"@type\":\"Person\",\"@id\":\"https:\\\/\\\/www.actionproject.es\\\/#\\\/schema\\\/person\\\/01aa5bb80cabd3235975fa1fccb16e23\",\"name\":\"Juanma\",\"image\":{\"@type\":\"ImageObject\",\"inLanguage\":\"en-GB\",\"@id\":\"https:\\\/\\\/secure.gravatar.com\\\/avatar\\\/85f0c3c9ba6a2b2ba51b0df3346eaf50cafa606989920561324eac0dd1c938f4?s=96&d=mm&r=g\",\"url\":\"https:\\\/\\\/secure.gravatar.com\\\/avatar\\\/85f0c3c9ba6a2b2ba51b0df3346eaf50cafa606989920561324eac0dd1c938f4?s=96&d=mm&r=g\",\"contentUrl\":\"https:\\\/\\\/secure.gravatar.com\\\/avatar\\\/85f0c3c9ba6a2b2ba51b0df3346eaf50cafa606989920561324eac0dd1c938f4?s=96&d=mm&r=g\",\"caption\":\"Juanma\"},\"url\":\"https:\\\/\\\/www.actionproject.es\\\/en_gb\\\/blog\\\/author\\\/juanma\\\/\"}]}<\/script>\n<!-- \/ Yoast SEO plugin. -->","yoast_head_json":{"title":"5 acciones indispensables para afrontar la era post COVID - Action Project","robots":{"index":"index","follow":"follow","max-snippet":"max-snippet:-1","max-image-preview":"max-image-preview:large","max-video-preview":"max-video-preview:-1"},"canonical":"https:\/\/www.actionproject.es\/en_gb\/blog\/5-acciones-indispensables-para-afrontar-la-era-post-covid\/","og_locale":"en_GB","og_type":"article","og_title":"5 acciones indispensables para afrontar la era post COVID - Action Project","og_description":"Todos estamos deseando despertarnos en la era post COVID, pero \u00bfest\u00e1 tu negocio preparado para los desaf\u00edos que trae? El primer d\u00eda de la era post COVID puede ser un terreno dif\u00edcil para el que te has preparado a conciencia o el mism\u00edsimo apocalipsis zombi. Lo importante no es tanto el escenario, sino c\u00f3mo has entrenado para enfrentarte a \u00e9l. Es el momento de trabajar, fortalecerse y extraer conclusiones de lo que hemos vivido. Todo negocio, peque\u00f1o o grande, deber\u00eda abordar de forma inminente estas acciones si quiere sobrevivir y sentirse c\u00f3modo en la era post COVID: Repensar tu empresa y hacer cambios en tu modelo de negocio. Es el momento de actualizar la propuesta de valor. Seguro que las razones por las que te compraban tus clientes han cambiado. Hay que analizar todos estos cambios y reflexionar sobre lo nuevo que podemos aportar en este contexto. La ayuda de un consultor de empresa es muy valiosa para encontrar una propuesta de valor actualizada, lanzar nuevos productos y construir los cimientos de un nuevo modelo de negocio. Digitalizar en todo lo posible tu negocio. Implementa procesos m\u00e1s digitales en tu empresa a todos los niveles: desde los flujos de trabajo hasta la relaci\u00f3n con el cliente. Una empresa volcada en su transformaci\u00f3n digital es una empresa mucho m\u00e1s fuerte en el futuro post COVID. Profesionalizar a tu equipo. El cambio de modelo, la adaptaci\u00f3n a un contexto in\u00e9dito, el lanzamiento de nuevos productos\u2026 Necesitas que tus empleados ganen competencias digitales, en seguridad sanitaria, en inteligencia emocional para la venta\u2026 La inversi\u00f3n en el equipo es realmente estrat\u00e9gica para el futuro de la empresa. Invertir de acuerdo a tu estrategia de negocio.\u00a0La adaptaci\u00f3n requiere dinero y tiempo, aunque sean momentos complicados para la tesorer\u00eda. Pero la capacidad de invertir y de tener financiaci\u00f3n ser\u00e1 importante para poder desarrollar el negocio y destinar recursos a proyectos estrat\u00e9gicos. Planificar y comunicar de forma muy directa. Siempre tenemos que trabajar con un plan para los pr\u00f3ximos 3 meses y dejarlo claro de forma interna: cu\u00e1l ser\u00e1 el protocolo, cu\u00e1les nuestros puntos fuertes, cu\u00e1l es nuestro objetivo principal, qu\u00e9 uso van a tener nuestros recursos log\u00edsticos\u2026 Todo debe estar perfectamente definido y comunicado. \u00a0 En este camino, el interim manager es una gran ayuda para evaluar si se aplican los cambios, si hay que hacer ajustes o si debemos reforzar el liderazgo. Sin duda, el mejor aliado de las empresas en momentos de gesti\u00f3n del cambio y transformaci\u00f3n de negocios. \u00bfNecesitas ayuda en este sentido? Pide tu consultor\u00eda de empresa gratuita en ActionProject.","og_url":"https:\/\/www.actionproject.es\/en_gb\/blog\/5-acciones-indispensables-para-afrontar-la-era-post-covid\/","og_site_name":"Action Project","article_published_time":"2020-12-15T12:21:55+00:00","article_modified_time":"2025-07-02T09:13:06+00:00","og_image":[{"width":1200,"height":856,"url":"https:\/\/www.actionproject.es\/wp-content\/uploads\/2025\/07\/estrategia-empresarial-post-covid.jpg","type":"image\/jpeg"}],"author":"Juanma","twitter_card":"summary_large_image","twitter_misc":{"Written by":"Juanma"},"schema":{"@context":"https:\/\/schema.org","@graph":[{"@type":"Article","@id":"https:\/\/www.actionproject.es\/blog\/5-acciones-indispensables-para-afrontar-la-era-post-covid\/#article","isPartOf":{"@id":"https:\/\/www.actionproject.es\/blog\/5-acciones-indispensables-para-afrontar-la-era-post-covid\/"},"author":{"name":"Juanma","@id":"https:\/\/www.actionproject.es\/#\/schema\/person\/01aa5bb80cabd3235975fa1fccb16e23"},"headline":"5 acciones indispensables para afrontar la era post COVID","datePublished":"2020-12-15T12:21:55+00:00","dateModified":"2025-07-02T09:13:06+00:00","mainEntityOfPage":{"@id":"https:\/\/www.actionproject.es\/blog\/5-acciones-indispensables-para-afrontar-la-era-post-covid\/"},"wordCount":8,"publisher":{"@id":"https:\/\/www.actionproject.es\/#organization"},"image":{"@id":"https:\/\/www.actionproject.es\/blog\/5-acciones-indispensables-para-afrontar-la-era-post-covid\/#primaryimage"},"thumbnailUrl":"https:\/\/www.actionproject.es\/wp-content\/uploads\/2025\/07\/estrategia-empresarial-post-covid.jpg","keywords":["estrategia de negocios","interim manager","liderazgo empresarial","transformaci\u00f3n de negocios"],"articleSection":["Estrategia empresarial"],"inLanguage":"en-GB"},{"@type":"WebPage","@id":"https:\/\/www.actionproject.es\/blog\/5-acciones-indispensables-para-afrontar-la-era-post-covid\/","url":"https:\/\/www.actionproject.es\/blog\/5-acciones-indispensables-para-afrontar-la-era-post-covid\/","name":"5 acciones indispensables para afrontar la era post COVID - Action Project","isPartOf":{"@id":"https:\/\/www.actionproject.es\/#website"},"primaryImageOfPage":{"@id":"https:\/\/www.actionproject.es\/blog\/5-acciones-indispensables-para-afrontar-la-era-post-covid\/#primaryimage"},"image":{"@id":"https:\/\/www.actionproject.es\/blog\/5-acciones-indispensables-para-afrontar-la-era-post-covid\/#primaryimage"},"thumbnailUrl":"https:\/\/www.actionproject.es\/wp-content\/uploads\/2025\/07\/estrategia-empresarial-post-covid.jpg","datePublished":"2020-12-15T12:21:55+00:00","dateModified":"2025-07-02T09:13:06+00:00","breadcrumb":{"@id":"https:\/\/www.actionproject.es\/blog\/5-acciones-indispensables-para-afrontar-la-era-post-covid\/#breadcrumb"},"inLanguage":"en-GB","potentialAction":[{"@type":"ReadAction","target":["https:\/\/www.actionproject.es\/blog\/5-acciones-indispensables-para-afrontar-la-era-post-covid\/"]}]},{"@type":"ImageObject","inLanguage":"en-GB","@id":"https:\/\/www.actionproject.es\/blog\/5-acciones-indispensables-para-afrontar-la-era-post-covid\/#primaryimage","url":"https:\/\/www.actionproject.es\/wp-content\/uploads\/2025\/07\/estrategia-empresarial-post-covid.jpg","contentUrl":"https:\/\/www.actionproject.es\/wp-content\/uploads\/2025\/07\/estrategia-empresarial-post-covid.jpg","width":1200,"height":856},{"@type":"BreadcrumbList","@id":"https:\/\/www.actionproject.es\/blog\/5-acciones-indispensables-para-afrontar-la-era-post-covid\/#breadcrumb","itemListElement":[{"@type":"ListItem","position":1,"name":"Portada","item":"https:\/\/www.actionproject.es\/"},{"@type":"ListItem","position":2,"name":"5 acciones indispensables para afrontar la era post COVID"}]},{"@type":"WebSite","@id":"https:\/\/www.actionproject.es\/#website","url":"https:\/\/www.actionproject.es\/","name":"Action Project","description":"","publisher":{"@id":"https:\/\/www.actionproject.es\/#organization"},"potentialAction":[{"@type":"SearchAction","target":{"@type":"EntryPoint","urlTemplate":"https:\/\/www.actionproject.es\/?s={search_term_string}"},"query-input":{"@type":"PropertyValueSpecification","valueRequired":true,"valueName":"search_term_string"}}],"inLanguage":"en-GB"},{"@type":"Organization","@id":"https:\/\/www.actionproject.es\/#organization","name":"Action Project","url":"https:\/\/www.actionproject.es\/","logo":{"@type":"ImageObject","inLanguage":"en-GB","@id":"https:\/\/www.actionproject.es\/#\/schema\/logo\/image\/","url":"https:\/\/www.actionproject.es\/wp-content\/uploads\/2025\/02\/favicon-action.png","contentUrl":"https:\/\/www.actionproject.es\/wp-content\/uploads\/2025\/02\/favicon-action.png","width":512,"height":512,"caption":"Action Project"},"image":{"@id":"https:\/\/www.actionproject.es\/#\/schema\/logo\/image\/"}},{"@type":"Person","@id":"https:\/\/www.actionproject.es\/#\/schema\/person\/01aa5bb80cabd3235975fa1fccb16e23","name":"Juanma","image":{"@type":"ImageObject","inLanguage":"en-GB","@id":"https:\/\/secure.gravatar.com\/avatar\/85f0c3c9ba6a2b2ba51b0df3346eaf50cafa606989920561324eac0dd1c938f4?s=96&d=mm&r=g","url":"https:\/\/secure.gravatar.com\/avatar\/85f0c3c9ba6a2b2ba51b0df3346eaf50cafa606989920561324eac0dd1c938f4?s=96&d=mm&r=g","contentUrl":"https:\/\/secure.gravatar.com\/avatar\/85f0c3c9ba6a2b2ba51b0df3346eaf50cafa606989920561324eac0dd1c938f4?s=96&d=mm&r=g","caption":"Juanma"},"url":"https:\/\/www.actionproject.es\/en_gb\/blog\/author\/juanma\/"}]}},"_links":{"self":[{"href":"https:\/\/www.actionproject.es\/en_gb\/wp-json\/wp\/v2\/posts\/1303","targetHints":{"allow":["GET"]}}],"collection":[{"href":"https:\/\/www.actionproject.es\/en_gb\/wp-json\/wp\/v2\/posts"}],"about":[{"href":"https:\/\/www.actionproject.es\/en_gb\/wp-json\/wp\/v2\/types\/post"}],"author":[{"embeddable":true,"href":"https:\/\/www.actionproject.es\/en_gb\/wp-json\/wp\/v2\/users\/2"}],"replies":[{"embeddable":true,"href":"https:\/\/www.actionproject.es\/en_gb\/wp-json\/wp\/v2\/comments?post=1303"}],"version-history":[{"count":2,"href":"https:\/\/www.actionproject.es\/en_gb\/wp-json\/wp\/v2\/posts\/1303\/revisions"}],"predecessor-version":[{"id":1664,"href":"https:\/\/www.actionproject.es\/en_gb\/wp-json\/wp\/v2\/posts\/1303\/revisions\/1664"}],"wp:featuredmedia":[{"embeddable":true,"href":"https:\/\/www.actionproject.es\/en_gb\/wp-json\/wp\/v2\/media\/1444"}],"wp:attachment":[{"href":"https:\/\/www.actionproject.es\/en_gb\/wp-json\/wp\/v2\/media?parent=1303"}],"wp:term":[{"taxonomy":"category","embeddable":true,"href":"https:\/\/www.actionproject.es\/en_gb\/wp-json\/wp\/v2\/categories?post=1303"},{"taxonomy":"post_tag","embeddable":true,"href":"https:\/\/www.actionproject.es\/en_gb\/wp-json\/wp\/v2\/tags?post=1303"}],"curies":[{"name":"wp","href":"https:\/\/api.w.org\/{rel}","templated":true}]}}