{"id":1305,"date":"2021-03-02T09:05:19","date_gmt":"2021-03-02T08:05:19","guid":{"rendered":"https:\/\/www.actionproject.es\/blog\/8-habilidades-directivas-ser-un-buen-lider\/"},"modified":"2025-07-02T11:13:06","modified_gmt":"2025-07-02T09:13:06","slug":"8-habilidades-directivas-ser-un-buen-lider","status":"publish","type":"post","link":"https:\/\/www.actionproject.es\/en_gb\/blog\/8-habilidades-directivas-ser-un-buen-lider\/","title":{"rendered":"8 habilidades directivas necesarias para ser un buen l\u00edder"},"content":{"rendered":"<p>Leyes, mandamientos, normas, decretos\u2026 Ll\u00e1malos como quieras. Pero si tu intenci\u00f3n es tener unas buenas <strong>habilidades directivas<\/strong>, tat\u00faate estas 8 capacidades en la frente.<\/p>\n<p>\u00a0<\/p>\n<ol>\n<li><strong>Da ejemplo continuamente<\/strong>. \u00abDonde fueres haz lo que vieres\u00bb. Si quieres que tu equipo haga las cosas de determinada manera, <strong>hazlo t\u00fa primero.<\/strong> Si t\u00fa lo haces, tu equipo te seguir\u00e1 cual <em>Libertad guiando al pueblo<\/em> de Delacroix.<\/li>\n<\/ol>\n<p>\u00a0<\/p>\n<ol start=\"2\">\n<li><strong>Informa de lo que puedas y debas<\/strong>. No quiero decir que est\u00e9s contando absolutamente todo, pero no dejes que vayan a ciegas. <strong>Comunica aquello que sea relevante y ayude a tu equipo<\/strong> a continuar por el camino correcto.<\/li>\n<\/ol>\n<p>\u00a0<\/p>\n<ol start=\"3\">\n<li><strong>Mant\u00e9n din\u00e1micos a todos<\/strong>. Debes <strong>motivar a tus empleados<\/strong> para conseguir los objetivos de productividad de tu empresa. \u00a1No dejes que se aburran!<\/li>\n<\/ol>\n<p>\u00a0<\/p>\n<ol start=\"4\">\n<li><strong>Delega<\/strong>. Una y mil veces si hace falta. Es posible que pienses que mejor que t\u00fa no puede hacerlo nadie. Te equivocas. Ah\u00ed fuera hay un mundo por descubrir. <strong>Conf\u00eda en tu equipo y delega trabajo en \u00e9l.<\/strong><\/li>\n<\/ol>\n<p>\u00a0<\/p>\n<ol start=\"5\">\n<li><strong>Escucha todo lo que tengan que decirte<\/strong>. Probablemente si un trabajador te cuenta algo, no ser\u00e1 una pamplina. Si est\u00e1 c\u00f3modo en su puesto de trabajo <strong>querr\u00e1 crecer lo m\u00e1ximo posible<\/strong>. As\u00ed que abre tus orejas y <strong>escucha qu\u00e9 tienen que contarte<\/strong>.<\/li>\n<\/ol>\n<p>\u00a0<\/p>\n<ol start=\"6\">\n<li><strong>Reconoce los \u00e9xitos de los dem\u00e1s<\/strong>. Pero sobre todo <strong>corrige en privado y reconoce los logros en p\u00fablico<\/strong>. Gr\u00e1batelo a fuego, porque solo de este modo conseguir\u00e1s que los miembros de tu equipo conf\u00eden en ti y en s\u00ed mismos.<\/li>\n<\/ol>\n<p>\u00a0<\/p>\n<ol start=\"7\">\n<li><strong>S\u00e9 educado y cort\u00e9s<\/strong>. H\u00e1blale a tu equipo con respeto y educaci\u00f3n. No es que sea una capacidad inherente solo a un l\u00edder. Ojal\u00e1 la educaci\u00f3n no brillara por su ausencia a nuestro alrededor, pero ese es otro tema\u2026<\/li>\n<\/ol>\n<p>\u00a0<\/p>\n<ol start=\"8\">\n<li><strong>Sigue a la \u00faltima de las innovaciones y metodolog\u00edas de tu sector<\/strong>. No te estanques, s\u00e9 un espejo donde tu equipo est\u00e9 orgulloso de mirarse.<\/li>\n<\/ol>\n<p>\u00a0<\/p>\n<p>Es hora de poner estas habilidades empresariales en pr\u00e1ctica. \u00bfNo sabes c\u00f3mo hacerlo? En ActionProject podemos ayudarte.\u00a0 Somos <strong>consultores de empresas<\/strong> especializados en el <a href=\"\/en_gb\/servicios\/desarrollo-directivo\/\">management development<\/a>. Contacta con nosotros y te ayudaremos a <strong>potenciar tus habilidades directivas. <\/strong><\/p>","protected":false},"excerpt":{"rendered":"<p>Habr\u00e1s escuchado mil veces que <strong>donde hay un directivo no siempre hay un l\u00edder<\/strong>. Y, realmente, no significa lo mismo. Mandar resulta muy f\u00e1cil, hacer que tus trabajadores crean en ti y en tu proyecto eso ya es otra cosa.<\/p>","protected":false},"author":2,"featured_media":1457,"comment_status":"closed","ping_status":"open","sticky":false,"template":"","format":"standard","meta":{"_acf_changed":false,"_joinchat":[],"footnotes":""},"categories":[10],"tags":[19,22,20,23,21],"class_list":["post-1305","post","type-post","status-publish","format-standard","has-post-thumbnail","hentry","category-estrategia-empresarial","tag-habilidades-directivas","tag-habilidades-empresariales","tag-liderazgo","tag-liderazgo-de-equipo","tag-liderazgo-empresarial"],"acf":[],"aioseo_notices":[],"yoast_head":"<!-- This site is optimized with the Yoast SEO plugin v27.3 - https:\/\/yoast.com\/product\/yoast-seo-wordpress\/ -->\n<title>8 habilidades directivas necesarias para ser un buen l\u00edder - Action Project<\/title>\n<meta name=\"robots\" content=\"index, follow, max-snippet:-1, max-image-preview:large, max-video-preview:-1\" \/>\n<link rel=\"canonical\" href=\"https:\/\/www.actionproject.es\/en_gb\/blog\/8-habilidades-directivas-ser-un-buen-lider\/\" \/>\n<meta property=\"og:locale\" content=\"en_GB\" \/>\n<meta property=\"og:type\" content=\"article\" \/>\n<meta property=\"og:title\" content=\"8 habilidades directivas necesarias para ser un buen l\u00edder - Action Project\" \/>\n<meta property=\"og:description\" content=\"Habr\u00e1s escuchado mil veces que donde hay un directivo no siempre hay un l\u00edder. Y, realmente, no significa lo mismo. Mandar resulta muy f\u00e1cil, hacer que tus trabajadores crean en ti y en tu proyecto eso ya es otra cosa.\" \/>\n<meta property=\"og:url\" content=\"https:\/\/www.actionproject.es\/en_gb\/blog\/8-habilidades-directivas-ser-un-buen-lider\/\" \/>\n<meta property=\"og:site_name\" content=\"Action Project\" \/>\n<meta property=\"article:published_time\" content=\"2021-03-02T08:05:19+00:00\" \/>\n<meta property=\"article:modified_time\" content=\"2025-07-02T09:13:06+00:00\" \/>\n<meta property=\"og:image\" content=\"https:\/\/www.actionproject.es\/wp-content\/uploads\/2025\/07\/habilidades-directivas.jpg\" \/>\n\t<meta property=\"og:image:width\" content=\"1200\" \/>\n\t<meta property=\"og:image:height\" content=\"800\" \/>\n\t<meta property=\"og:image:type\" content=\"image\/jpeg\" \/>\n<meta name=\"author\" content=\"Juanma\" \/>\n<meta name=\"twitter:card\" content=\"summary_large_image\" \/>\n<meta name=\"twitter:label1\" content=\"Written by\" \/>\n\t<meta name=\"twitter:data1\" content=\"Juanma\" \/>\n\t<meta name=\"twitter:label2\" content=\"Estimated reading time\" \/>\n\t<meta name=\"twitter:data2\" content=\"2 minutes\" \/>\n<script type=\"application\/ld+json\" class=\"yoast-schema-graph\">{\"@context\":\"https:\\\/\\\/schema.org\",\"@graph\":[{\"@type\":\"Article\",\"@id\":\"https:\\\/\\\/www.actionproject.es\\\/blog\\\/8-habilidades-directivas-ser-un-buen-lider\\\/#article\",\"isPartOf\":{\"@id\":\"https:\\\/\\\/www.actionproject.es\\\/blog\\\/8-habilidades-directivas-ser-un-buen-lider\\\/\"},\"author\":{\"name\":\"Juanma\",\"@id\":\"https:\\\/\\\/www.actionproject.es\\\/#\\\/schema\\\/person\\\/01aa5bb80cabd3235975fa1fccb16e23\"},\"headline\":\"8 habilidades directivas necesarias para ser un buen l\u00edder\",\"datePublished\":\"2021-03-02T08:05:19+00:00\",\"dateModified\":\"2025-07-02T09:13:06+00:00\",\"mainEntityOfPage\":{\"@id\":\"https:\\\/\\\/www.actionproject.es\\\/blog\\\/8-habilidades-directivas-ser-un-buen-lider\\\/\"},\"wordCount\":374,\"publisher\":{\"@id\":\"https:\\\/\\\/www.actionproject.es\\\/#organization\"},\"image\":{\"@id\":\"https:\\\/\\\/www.actionproject.es\\\/blog\\\/8-habilidades-directivas-ser-un-buen-lider\\\/#primaryimage\"},\"thumbnailUrl\":\"https:\\\/\\\/www.actionproject.es\\\/wp-content\\\/uploads\\\/2025\\\/07\\\/habilidades-directivas.jpg\",\"keywords\":[\"habilidades directivas\",\"habilidades empresariales\",\"Liderazgo\",\"liderazgo de equipo\",\"liderazgo empresarial\"],\"articleSection\":[\"Estrategia empresarial\"],\"inLanguage\":\"en-GB\"},{\"@type\":\"WebPage\",\"@id\":\"https:\\\/\\\/www.actionproject.es\\\/blog\\\/8-habilidades-directivas-ser-un-buen-lider\\\/\",\"url\":\"https:\\\/\\\/www.actionproject.es\\\/blog\\\/8-habilidades-directivas-ser-un-buen-lider\\\/\",\"name\":\"8 habilidades directivas necesarias para ser un buen l\u00edder - Action Project\",\"isPartOf\":{\"@id\":\"https:\\\/\\\/www.actionproject.es\\\/#website\"},\"primaryImageOfPage\":{\"@id\":\"https:\\\/\\\/www.actionproject.es\\\/blog\\\/8-habilidades-directivas-ser-un-buen-lider\\\/#primaryimage\"},\"image\":{\"@id\":\"https:\\\/\\\/www.actionproject.es\\\/blog\\\/8-habilidades-directivas-ser-un-buen-lider\\\/#primaryimage\"},\"thumbnailUrl\":\"https:\\\/\\\/www.actionproject.es\\\/wp-content\\\/uploads\\\/2025\\\/07\\\/habilidades-directivas.jpg\",\"datePublished\":\"2021-03-02T08:05:19+00:00\",\"dateModified\":\"2025-07-02T09:13:06+00:00\",\"breadcrumb\":{\"@id\":\"https:\\\/\\\/www.actionproject.es\\\/blog\\\/8-habilidades-directivas-ser-un-buen-lider\\\/#breadcrumb\"},\"inLanguage\":\"en-GB\",\"potentialAction\":[{\"@type\":\"ReadAction\",\"target\":[\"https:\\\/\\\/www.actionproject.es\\\/blog\\\/8-habilidades-directivas-ser-un-buen-lider\\\/\"]}]},{\"@type\":\"ImageObject\",\"inLanguage\":\"en-GB\",\"@id\":\"https:\\\/\\\/www.actionproject.es\\\/blog\\\/8-habilidades-directivas-ser-un-buen-lider\\\/#primaryimage\",\"url\":\"https:\\\/\\\/www.actionproject.es\\\/wp-content\\\/uploads\\\/2025\\\/07\\\/habilidades-directivas.jpg\",\"contentUrl\":\"https:\\\/\\\/www.actionproject.es\\\/wp-content\\\/uploads\\\/2025\\\/07\\\/habilidades-directivas.jpg\",\"width\":1200,\"height\":800},{\"@type\":\"BreadcrumbList\",\"@id\":\"https:\\\/\\\/www.actionproject.es\\\/blog\\\/8-habilidades-directivas-ser-un-buen-lider\\\/#breadcrumb\",\"itemListElement\":[{\"@type\":\"ListItem\",\"position\":1,\"name\":\"Portada\",\"item\":\"https:\\\/\\\/www.actionproject.es\\\/\"},{\"@type\":\"ListItem\",\"position\":2,\"name\":\"8 habilidades directivas necesarias para ser un buen l\u00edder\"}]},{\"@type\":\"WebSite\",\"@id\":\"https:\\\/\\\/www.actionproject.es\\\/#website\",\"url\":\"https:\\\/\\\/www.actionproject.es\\\/\",\"name\":\"Action Project\",\"description\":\"\",\"publisher\":{\"@id\":\"https:\\\/\\\/www.actionproject.es\\\/#organization\"},\"potentialAction\":[{\"@type\":\"SearchAction\",\"target\":{\"@type\":\"EntryPoint\",\"urlTemplate\":\"https:\\\/\\\/www.actionproject.es\\\/?s={search_term_string}\"},\"query-input\":{\"@type\":\"PropertyValueSpecification\",\"valueRequired\":true,\"valueName\":\"search_term_string\"}}],\"inLanguage\":\"en-GB\"},{\"@type\":\"Organization\",\"@id\":\"https:\\\/\\\/www.actionproject.es\\\/#organization\",\"name\":\"Action Project\",\"url\":\"https:\\\/\\\/www.actionproject.es\\\/\",\"logo\":{\"@type\":\"ImageObject\",\"inLanguage\":\"en-GB\",\"@id\":\"https:\\\/\\\/www.actionproject.es\\\/#\\\/schema\\\/logo\\\/image\\\/\",\"url\":\"https:\\\/\\\/www.actionproject.es\\\/wp-content\\\/uploads\\\/2025\\\/02\\\/favicon-action.png\",\"contentUrl\":\"https:\\\/\\\/www.actionproject.es\\\/wp-content\\\/uploads\\\/2025\\\/02\\\/favicon-action.png\",\"width\":512,\"height\":512,\"caption\":\"Action Project\"},\"image\":{\"@id\":\"https:\\\/\\\/www.actionproject.es\\\/#\\\/schema\\\/logo\\\/image\\\/\"}},{\"@type\":\"Person\",\"@id\":\"https:\\\/\\\/www.actionproject.es\\\/#\\\/schema\\\/person\\\/01aa5bb80cabd3235975fa1fccb16e23\",\"name\":\"Juanma\",\"image\":{\"@type\":\"ImageObject\",\"inLanguage\":\"en-GB\",\"@id\":\"https:\\\/\\\/secure.gravatar.com\\\/avatar\\\/85f0c3c9ba6a2b2ba51b0df3346eaf50cafa606989920561324eac0dd1c938f4?s=96&d=mm&r=g\",\"url\":\"https:\\\/\\\/secure.gravatar.com\\\/avatar\\\/85f0c3c9ba6a2b2ba51b0df3346eaf50cafa606989920561324eac0dd1c938f4?s=96&d=mm&r=g\",\"contentUrl\":\"https:\\\/\\\/secure.gravatar.com\\\/avatar\\\/85f0c3c9ba6a2b2ba51b0df3346eaf50cafa606989920561324eac0dd1c938f4?s=96&d=mm&r=g\",\"caption\":\"Juanma\"},\"url\":\"https:\\\/\\\/www.actionproject.es\\\/en_gb\\\/blog\\\/author\\\/juanma\\\/\"}]}<\/script>\n<!-- \/ Yoast SEO plugin. -->","yoast_head_json":{"title":"8 habilidades directivas necesarias para ser un buen l\u00edder - Action Project","robots":{"index":"index","follow":"follow","max-snippet":"max-snippet:-1","max-image-preview":"max-image-preview:large","max-video-preview":"max-video-preview:-1"},"canonical":"https:\/\/www.actionproject.es\/en_gb\/blog\/8-habilidades-directivas-ser-un-buen-lider\/","og_locale":"en_GB","og_type":"article","og_title":"8 habilidades directivas necesarias para ser un buen l\u00edder - Action Project","og_description":"Habr\u00e1s escuchado mil veces que donde hay un directivo no siempre hay un l\u00edder. Y, realmente, no significa lo mismo. Mandar resulta muy f\u00e1cil, hacer que tus trabajadores crean en ti y en tu proyecto eso ya es otra cosa.","og_url":"https:\/\/www.actionproject.es\/en_gb\/blog\/8-habilidades-directivas-ser-un-buen-lider\/","og_site_name":"Action Project","article_published_time":"2021-03-02T08:05:19+00:00","article_modified_time":"2025-07-02T09:13:06+00:00","og_image":[{"width":1200,"height":800,"url":"https:\/\/www.actionproject.es\/wp-content\/uploads\/2025\/07\/habilidades-directivas.jpg","type":"image\/jpeg"}],"author":"Juanma","twitter_card":"summary_large_image","twitter_misc":{"Written by":"Juanma","Estimated reading time":"2 minutes"},"schema":{"@context":"https:\/\/schema.org","@graph":[{"@type":"Article","@id":"https:\/\/www.actionproject.es\/blog\/8-habilidades-directivas-ser-un-buen-lider\/#article","isPartOf":{"@id":"https:\/\/www.actionproject.es\/blog\/8-habilidades-directivas-ser-un-buen-lider\/"},"author":{"name":"Juanma","@id":"https:\/\/www.actionproject.es\/#\/schema\/person\/01aa5bb80cabd3235975fa1fccb16e23"},"headline":"8 habilidades directivas necesarias para ser un buen l\u00edder","datePublished":"2021-03-02T08:05:19+00:00","dateModified":"2025-07-02T09:13:06+00:00","mainEntityOfPage":{"@id":"https:\/\/www.actionproject.es\/blog\/8-habilidades-directivas-ser-un-buen-lider\/"},"wordCount":374,"publisher":{"@id":"https:\/\/www.actionproject.es\/#organization"},"image":{"@id":"https:\/\/www.actionproject.es\/blog\/8-habilidades-directivas-ser-un-buen-lider\/#primaryimage"},"thumbnailUrl":"https:\/\/www.actionproject.es\/wp-content\/uploads\/2025\/07\/habilidades-directivas.jpg","keywords":["habilidades directivas","habilidades empresariales","Liderazgo","liderazgo de equipo","liderazgo empresarial"],"articleSection":["Estrategia empresarial"],"inLanguage":"en-GB"},{"@type":"WebPage","@id":"https:\/\/www.actionproject.es\/blog\/8-habilidades-directivas-ser-un-buen-lider\/","url":"https:\/\/www.actionproject.es\/blog\/8-habilidades-directivas-ser-un-buen-lider\/","name":"8 habilidades directivas necesarias para ser un buen l\u00edder - Action Project","isPartOf":{"@id":"https:\/\/www.actionproject.es\/#website"},"primaryImageOfPage":{"@id":"https:\/\/www.actionproject.es\/blog\/8-habilidades-directivas-ser-un-buen-lider\/#primaryimage"},"image":{"@id":"https:\/\/www.actionproject.es\/blog\/8-habilidades-directivas-ser-un-buen-lider\/#primaryimage"},"thumbnailUrl":"https:\/\/www.actionproject.es\/wp-content\/uploads\/2025\/07\/habilidades-directivas.jpg","datePublished":"2021-03-02T08:05:19+00:00","dateModified":"2025-07-02T09:13:06+00:00","breadcrumb":{"@id":"https:\/\/www.actionproject.es\/blog\/8-habilidades-directivas-ser-un-buen-lider\/#breadcrumb"},"inLanguage":"en-GB","potentialAction":[{"@type":"ReadAction","target":["https:\/\/www.actionproject.es\/blog\/8-habilidades-directivas-ser-un-buen-lider\/"]}]},{"@type":"ImageObject","inLanguage":"en-GB","@id":"https:\/\/www.actionproject.es\/blog\/8-habilidades-directivas-ser-un-buen-lider\/#primaryimage","url":"https:\/\/www.actionproject.es\/wp-content\/uploads\/2025\/07\/habilidades-directivas.jpg","contentUrl":"https:\/\/www.actionproject.es\/wp-content\/uploads\/2025\/07\/habilidades-directivas.jpg","width":1200,"height":800},{"@type":"BreadcrumbList","@id":"https:\/\/www.actionproject.es\/blog\/8-habilidades-directivas-ser-un-buen-lider\/#breadcrumb","itemListElement":[{"@type":"ListItem","position":1,"name":"Portada","item":"https:\/\/www.actionproject.es\/"},{"@type":"ListItem","position":2,"name":"8 habilidades directivas necesarias para ser un buen l\u00edder"}]},{"@type":"WebSite","@id":"https:\/\/www.actionproject.es\/#website","url":"https:\/\/www.actionproject.es\/","name":"Action Project","description":"","publisher":{"@id":"https:\/\/www.actionproject.es\/#organization"},"potentialAction":[{"@type":"SearchAction","target":{"@type":"EntryPoint","urlTemplate":"https:\/\/www.actionproject.es\/?s={search_term_string}"},"query-input":{"@type":"PropertyValueSpecification","valueRequired":true,"valueName":"search_term_string"}}],"inLanguage":"en-GB"},{"@type":"Organization","@id":"https:\/\/www.actionproject.es\/#organization","name":"Action Project","url":"https:\/\/www.actionproject.es\/","logo":{"@type":"ImageObject","inLanguage":"en-GB","@id":"https:\/\/www.actionproject.es\/#\/schema\/logo\/image\/","url":"https:\/\/www.actionproject.es\/wp-content\/uploads\/2025\/02\/favicon-action.png","contentUrl":"https:\/\/www.actionproject.es\/wp-content\/uploads\/2025\/02\/favicon-action.png","width":512,"height":512,"caption":"Action Project"},"image":{"@id":"https:\/\/www.actionproject.es\/#\/schema\/logo\/image\/"}},{"@type":"Person","@id":"https:\/\/www.actionproject.es\/#\/schema\/person\/01aa5bb80cabd3235975fa1fccb16e23","name":"Juanma","image":{"@type":"ImageObject","inLanguage":"en-GB","@id":"https:\/\/secure.gravatar.com\/avatar\/85f0c3c9ba6a2b2ba51b0df3346eaf50cafa606989920561324eac0dd1c938f4?s=96&d=mm&r=g","url":"https:\/\/secure.gravatar.com\/avatar\/85f0c3c9ba6a2b2ba51b0df3346eaf50cafa606989920561324eac0dd1c938f4?s=96&d=mm&r=g","contentUrl":"https:\/\/secure.gravatar.com\/avatar\/85f0c3c9ba6a2b2ba51b0df3346eaf50cafa606989920561324eac0dd1c938f4?s=96&d=mm&r=g","caption":"Juanma"},"url":"https:\/\/www.actionproject.es\/en_gb\/blog\/author\/juanma\/"}]}},"_links":{"self":[{"href":"https:\/\/www.actionproject.es\/en_gb\/wp-json\/wp\/v2\/posts\/1305","targetHints":{"allow":["GET"]}}],"collection":[{"href":"https:\/\/www.actionproject.es\/en_gb\/wp-json\/wp\/v2\/posts"}],"about":[{"href":"https:\/\/www.actionproject.es\/en_gb\/wp-json\/wp\/v2\/types\/post"}],"author":[{"embeddable":true,"href":"https:\/\/www.actionproject.es\/en_gb\/wp-json\/wp\/v2\/users\/2"}],"replies":[{"embeddable":true,"href":"https:\/\/www.actionproject.es\/en_gb\/wp-json\/wp\/v2\/comments?post=1305"}],"version-history":[{"count":1,"href":"https:\/\/www.actionproject.es\/en_gb\/wp-json\/wp\/v2\/posts\/1305\/revisions"}],"predecessor-version":[{"id":1567,"href":"https:\/\/www.actionproject.es\/en_gb\/wp-json\/wp\/v2\/posts\/1305\/revisions\/1567"}],"wp:featuredmedia":[{"embeddable":true,"href":"https:\/\/www.actionproject.es\/en_gb\/wp-json\/wp\/v2\/media\/1457"}],"wp:attachment":[{"href":"https:\/\/www.actionproject.es\/en_gb\/wp-json\/wp\/v2\/media?parent=1305"}],"wp:term":[{"taxonomy":"category","embeddable":true,"href":"https:\/\/www.actionproject.es\/en_gb\/wp-json\/wp\/v2\/categories?post=1305"},{"taxonomy":"post_tag","embeddable":true,"href":"https:\/\/www.actionproject.es\/en_gb\/wp-json\/wp\/v2\/tags?post=1305"}],"curies":[{"name":"wp","href":"https:\/\/api.w.org\/{rel}","templated":true}]}}