{"id":1306,"date":"2021-03-23T09:00:39","date_gmt":"2021-03-23T08:00:39","guid":{"rendered":"https:\/\/www.actionproject.es\/blog\/transformacion-digital-para-pymes\/"},"modified":"2025-07-02T11:13:06","modified_gmt":"2025-07-02T09:13:06","slug":"transformacion-digital-para-pymes","status":"publish","type":"post","link":"https:\/\/www.actionproject.es\/en_gb\/blog\/transformacion-digital-para-pymes\/","title":{"rendered":"Transformaci\u00f3n digital para PYMES, el momento y el lugar"},"content":{"rendered":"","protected":false},"excerpt":{"rendered":"<p>Se es PYME para lo bueno y para lo malo. Pero si hay algo que <strong>caracteriza a una PYME, es el optimismo y la necesidad<\/strong> cuasi vital de hacer destacar lo primero sobre lo segundo. Y en el caso de la llamada <strong>\u00abtransformaci\u00f3n digital\u00bb,<\/strong> no puede ser de otra forma.<\/p>\n<p>Transformaci\u00f3n digital es planificar, ejecutar e implantar proyectos <em>hardware<\/em> y\/o <em>software<\/em> que optimicen una o varias \u00e1reas de un negocio: producci\u00f3n, administraci\u00f3n, contabilidad, gesti\u00f3n comercial\u2026 En definitiva, la transformaci\u00f3n digital para PYMES es <strong>invertir en tecnolog\u00eda para mejorar una empresa<\/strong>. Tal cual.<\/p>\n<p>No est\u00e1 de m\u00e1s hacer esta simplificaci\u00f3n, porque \u00ab<strong>digitalizaci\u00f3n<\/strong>\u00bb es un t\u00e9rmino que, no se sabe muy bien por qu\u00e9, se viene asociando a grandes compa\u00f1\u00edas que, de repente, deciden acometer enormes inversiones para optimizar gigantescos procesos productivos tremendamente complejos. Y nada m\u00e1s lejos de la realidad.<\/p>\n<p>Si algo debe caracterizar a un buen <strong>proyecto de digitalizaci\u00f3n de PYMES, es su orientaci\u00f3n a resultados<\/strong> o, dicho de otro modo, su capacidad para resolver problemas reales con el fin de aportar un valor tangible. Nada tiene que ver con la cantidad de dinero invertida o con el n\u00famero de empleados de una compa\u00f1\u00eda.<\/p>\n<p>Pero yendo m\u00e1s all\u00e1, \u00bfpor qu\u00e9 se puede considerar que ser una PYME es hasta ideal para acometer un <strong>proyecto de transformaci\u00f3n digital<\/strong>? En primer lugar, por el motivo por el cual la <strong><a href=\"https:\/\/www.actionproject.es\/en_gb\/blog\/digitalizacion-necesidad-oportunidad-partes-iguales\/\">digitalizaci\u00f3n es beneficiosa para cualquier organizaci\u00f3n<\/a><\/strong>: porque va a ayudar de forma directa a reducir costes de gesti\u00f3n, a automatizar parte de sus flujos productivos, a centralizar y facilitar la compartici\u00f3n de informaci\u00f3n, o incluso a posicionarla en su sector. Y todo ello, en una PYME, tiene un impacto m\u00e1s inmediato, m\u00e1s visible y mucho m\u00e1s significativo a corto plazo.<\/p>\n<p>\u00a0<\/p>\n<h2>Gesti\u00f3n del cambio en la transformaci\u00f3n digital para PYMES<\/h2>\n<p>Otra cosa buena de la <strong>transformaci\u00f3n digital para PYMES<\/strong> es que es, sin duda, el momento justo y el lugar adecuado para hacerlo. Toda PYME tiene por naturaleza vocaci\u00f3n de crecimiento, y ese <strong>crecimiento es directamente proporcional a la dificultad de digitalizar<\/strong> unos procesos cada vez m\u00e1s grandes, complejos y en ocasiones dispersos. Acompa\u00f1ar ese crecimiento con digitalizaci\u00f3n allana el camino y abre puertas a un futuro de otro modo inmovilista y desconectado de las necesidades de clientes y proveedores. <strong>Digitalizar es, en s\u00ed mismo, crecer de forma sostenible<\/strong>.<\/p>\n<p>Y no hay que dejar de lado una clave del todo cr\u00edtica en materia de digitalizaci\u00f3n: <strong><a href=\"https:\/\/www.actionproject.es\/en_gb\/blog\/transformacion-negocios-facil-trampa-carton\/\">la gesti\u00f3n del cambio<\/a><\/strong>. Un mal manejo de la transici\u00f3n tecnol\u00f3gica puede echar por tierra toda una inversi\u00f3n. Mejor <strong>crecer de forma progresiva<\/strong> con filosof\u00eda digital y hacer que <strong>la digitalizaci\u00f3n forme parte de la propia PYME<\/strong>, no como un complemento, sino como una forma esencial de funcionamiento.<\/p>\n<p><strong>Si eres una PYME, es tu momento de digitalizar<\/strong>: analiza tu situaci\u00f3n, proyecta tu negocio a medio y largo plazo, y prep\u00e1ralo para lo que est\u00e1 por venir. Mejor llevar a cabo <strong>una inversi\u00f3n progresiva y eficaz<\/strong> que te ayude a crecer de forma sostenible, que tener que gastar para solucionar problemas que en ocasiones ya no tienen remedio.<\/p>\n<p>\u00a0<\/p>\n<p><strong>Jos\u00e9 Antonio Mora Mart\u00ednez<\/strong><\/p>\n<p><em>Cofundador de <a href=\"https:\/\/sixphere.com\/\" target=\"_blank\" rel=\"noopener noreferrer\">Sixphere<\/a> &#8211; Project Management &amp; Software Architecture<br \/><\/em><\/p>","protected":false},"author":2,"featured_media":1528,"comment_status":"closed","ping_status":"open","sticky":false,"template":"","format":"standard","meta":{"_acf_changed":false,"_joinchat":[],"footnotes":""},"categories":[10],"tags":[137,136,28,125,135],"class_list":["post-1306","post","type-post","status-publish","format-standard","has-post-thumbnail","hentry","category-estrategia-empresarial","tag-digitalizacion-empresas","tag-digitalizacion-pymes","tag-pymes","tag-transformacion-digital","tag-transformacion-digital-para-pymes"],"acf":[],"aioseo_notices":[],"yoast_head":"<!-- This site is optimized with the Yoast SEO plugin v27.3 - https:\/\/yoast.com\/product\/yoast-seo-wordpress\/ -->\n<title>Transformaci\u00f3n digital para PYMES, el momento y el lugar - Action Project<\/title>\n<meta name=\"robots\" content=\"index, follow, max-snippet:-1, max-image-preview:large, max-video-preview:-1\" \/>\n<link rel=\"canonical\" href=\"https:\/\/www.actionproject.es\/en_gb\/blog\/transformacion-digital-para-pymes\/\" \/>\n<meta property=\"og:locale\" content=\"en_GB\" \/>\n<meta property=\"og:type\" content=\"article\" \/>\n<meta property=\"og:title\" content=\"Transformaci\u00f3n digital para PYMES, el momento y el lugar - Action Project\" \/>\n<meta property=\"og:description\" content=\"Se es PYME para lo bueno y para lo malo. Pero si hay algo que caracteriza a una PYME, es el optimismo y la necesidad cuasi vital de hacer destacar lo primero sobre lo segundo. Y en el caso de la llamada \u00abtransformaci\u00f3n digital\u00bb, no puede ser de otra forma. Transformaci\u00f3n digital es planificar, ejecutar e implantar proyectos hardware y\/o software que optimicen una o varias \u00e1reas de un negocio: producci\u00f3n, administraci\u00f3n, contabilidad, gesti\u00f3n comercial\u2026 En definitiva, la transformaci\u00f3n digital para PYMES es invertir en tecnolog\u00eda para mejorar una empresa. Tal cual. No est\u00e1 de m\u00e1s hacer esta simplificaci\u00f3n, porque \u00abdigitalizaci\u00f3n\u00bb es un t\u00e9rmino que, no se sabe muy bien por qu\u00e9, se viene asociando a grandes compa\u00f1\u00edas que, de repente, deciden acometer enormes inversiones para optimizar gigantescos procesos productivos tremendamente complejos. Y nada m\u00e1s lejos de la realidad. Si algo debe caracterizar a un buen proyecto de digitalizaci\u00f3n de PYMES, es su orientaci\u00f3n a resultados o, dicho de otro modo, su capacidad para resolver problemas reales con el fin de aportar un valor tangible. Nada tiene que ver con la cantidad de dinero invertida o con el n\u00famero de empleados de una compa\u00f1\u00eda. Pero yendo m\u00e1s all\u00e1, \u00bfpor qu\u00e9 se puede considerar que ser una PYME es hasta ideal para acometer un proyecto de transformaci\u00f3n digital? En primer lugar, por el motivo por el cual la digitalizaci\u00f3n es beneficiosa para cualquier organizaci\u00f3n: porque va a ayudar de forma directa a reducir costes de gesti\u00f3n, a automatizar parte de sus flujos productivos, a centralizar y facilitar la compartici\u00f3n de informaci\u00f3n, o incluso a posicionarla en su sector. Y todo ello, en una PYME, tiene un impacto m\u00e1s inmediato, m\u00e1s visible y mucho m\u00e1s significativo a corto plazo. \u00a0 Gesti\u00f3n del cambio en la transformaci\u00f3n digital para PYMES Otra cosa buena de la transformaci\u00f3n digital para PYMES es que es, sin duda, el momento justo y el lugar adecuado para hacerlo. Toda PYME tiene por naturaleza vocaci\u00f3n de crecimiento, y ese crecimiento es directamente proporcional a la dificultad de digitalizar unos procesos cada vez m\u00e1s grandes, complejos y en ocasiones dispersos. Acompa\u00f1ar ese crecimiento con digitalizaci\u00f3n allana el camino y abre puertas a un futuro de otro modo inmovilista y desconectado de las necesidades de clientes y proveedores. Digitalizar es, en s\u00ed mismo, crecer de forma sostenible. Y no hay que dejar de lado una clave del todo cr\u00edtica en materia de digitalizaci\u00f3n: la gesti\u00f3n del cambio. Un mal manejo de la transici\u00f3n tecnol\u00f3gica puede echar por tierra toda una inversi\u00f3n. Mejor crecer de forma progresiva con filosof\u00eda digital y hacer que la digitalizaci\u00f3n forme parte de la propia PYME, no como un complemento, sino como una forma esencial de funcionamiento. Si eres una PYME, es tu momento de digitalizar: analiza tu situaci\u00f3n, proyecta tu negocio a medio y largo plazo, y prep\u00e1ralo para lo que est\u00e1 por venir. Mejor llevar a cabo una inversi\u00f3n progresiva y eficaz que te ayude a crecer de forma sostenible, que tener que gastar para solucionar problemas que en ocasiones ya no tienen remedio. \u00a0 Jos\u00e9 Antonio Mora Mart\u00ednez Cofundador de Sixphere - Project Management &amp; Software Architecture\" \/>\n<meta property=\"og:url\" content=\"https:\/\/www.actionproject.es\/en_gb\/blog\/transformacion-digital-para-pymes\/\" \/>\n<meta property=\"og:site_name\" content=\"Action Project\" \/>\n<meta property=\"article:published_time\" content=\"2021-03-23T08:00:39+00:00\" \/>\n<meta property=\"article:modified_time\" content=\"2025-07-02T09:13:06+00:00\" \/>\n<meta property=\"og:image\" content=\"https:\/\/www.actionproject.es\/wp-content\/uploads\/2025\/07\/trasnformacion-digital-pymes.jpg\" \/>\n\t<meta property=\"og:image:width\" content=\"1200\" \/>\n\t<meta property=\"og:image:height\" content=\"800\" \/>\n\t<meta property=\"og:image:type\" content=\"image\/jpeg\" \/>\n<meta name=\"author\" content=\"Juanma\" \/>\n<meta name=\"twitter:card\" content=\"summary_large_image\" \/>\n<meta name=\"twitter:label1\" content=\"Written by\" \/>\n\t<meta name=\"twitter:data1\" content=\"Juanma\" \/>\n<script type=\"application\/ld+json\" class=\"yoast-schema-graph\">{\"@context\":\"https:\\\/\\\/schema.org\",\"@graph\":[{\"@type\":\"Article\",\"@id\":\"https:\\\/\\\/www.actionproject.es\\\/blog\\\/transformacion-digital-para-pymes\\\/#article\",\"isPartOf\":{\"@id\":\"https:\\\/\\\/www.actionproject.es\\\/blog\\\/transformacion-digital-para-pymes\\\/\"},\"author\":{\"name\":\"Juanma\",\"@id\":\"https:\\\/\\\/www.actionproject.es\\\/#\\\/schema\\\/person\\\/01aa5bb80cabd3235975fa1fccb16e23\"},\"headline\":\"Transformaci\u00f3n digital para PYMES, el momento y el lugar\",\"datePublished\":\"2021-03-23T08:00:39+00:00\",\"dateModified\":\"2025-07-02T09:13:06+00:00\",\"mainEntityOfPage\":{\"@id\":\"https:\\\/\\\/www.actionproject.es\\\/blog\\\/transformacion-digital-para-pymes\\\/\"},\"wordCount\":10,\"publisher\":{\"@id\":\"https:\\\/\\\/www.actionproject.es\\\/#organization\"},\"image\":{\"@id\":\"https:\\\/\\\/www.actionproject.es\\\/blog\\\/transformacion-digital-para-pymes\\\/#primaryimage\"},\"thumbnailUrl\":\"https:\\\/\\\/www.actionproject.es\\\/wp-content\\\/uploads\\\/2025\\\/07\\\/trasnformacion-digital-pymes.jpg\",\"keywords\":[\"digitalizaci\u00f3n empresas\",\"digitalizaci\u00f3n pymes\",\"Pymes\",\"transformaci\u00f3n digital\",\"transformaci\u00f3n digital para pymes\"],\"articleSection\":[\"Estrategia empresarial\"],\"inLanguage\":\"en-GB\"},{\"@type\":\"WebPage\",\"@id\":\"https:\\\/\\\/www.actionproject.es\\\/blog\\\/transformacion-digital-para-pymes\\\/\",\"url\":\"https:\\\/\\\/www.actionproject.es\\\/blog\\\/transformacion-digital-para-pymes\\\/\",\"name\":\"Transformaci\u00f3n digital para PYMES, el momento y el lugar - Action Project\",\"isPartOf\":{\"@id\":\"https:\\\/\\\/www.actionproject.es\\\/#website\"},\"primaryImageOfPage\":{\"@id\":\"https:\\\/\\\/www.actionproject.es\\\/blog\\\/transformacion-digital-para-pymes\\\/#primaryimage\"},\"image\":{\"@id\":\"https:\\\/\\\/www.actionproject.es\\\/blog\\\/transformacion-digital-para-pymes\\\/#primaryimage\"},\"thumbnailUrl\":\"https:\\\/\\\/www.actionproject.es\\\/wp-content\\\/uploads\\\/2025\\\/07\\\/trasnformacion-digital-pymes.jpg\",\"datePublished\":\"2021-03-23T08:00:39+00:00\",\"dateModified\":\"2025-07-02T09:13:06+00:00\",\"breadcrumb\":{\"@id\":\"https:\\\/\\\/www.actionproject.es\\\/blog\\\/transformacion-digital-para-pymes\\\/#breadcrumb\"},\"inLanguage\":\"en-GB\",\"potentialAction\":[{\"@type\":\"ReadAction\",\"target\":[\"https:\\\/\\\/www.actionproject.es\\\/blog\\\/transformacion-digital-para-pymes\\\/\"]}]},{\"@type\":\"ImageObject\",\"inLanguage\":\"en-GB\",\"@id\":\"https:\\\/\\\/www.actionproject.es\\\/blog\\\/transformacion-digital-para-pymes\\\/#primaryimage\",\"url\":\"https:\\\/\\\/www.actionproject.es\\\/wp-content\\\/uploads\\\/2025\\\/07\\\/trasnformacion-digital-pymes.jpg\",\"contentUrl\":\"https:\\\/\\\/www.actionproject.es\\\/wp-content\\\/uploads\\\/2025\\\/07\\\/trasnformacion-digital-pymes.jpg\",\"width\":1200,\"height\":800},{\"@type\":\"BreadcrumbList\",\"@id\":\"https:\\\/\\\/www.actionproject.es\\\/blog\\\/transformacion-digital-para-pymes\\\/#breadcrumb\",\"itemListElement\":[{\"@type\":\"ListItem\",\"position\":1,\"name\":\"Portada\",\"item\":\"https:\\\/\\\/www.actionproject.es\\\/\"},{\"@type\":\"ListItem\",\"position\":2,\"name\":\"Transformaci\u00f3n digital para PYMES, el momento y el lugar\"}]},{\"@type\":\"WebSite\",\"@id\":\"https:\\\/\\\/www.actionproject.es\\\/#website\",\"url\":\"https:\\\/\\\/www.actionproject.es\\\/\",\"name\":\"Action Project\",\"description\":\"\",\"publisher\":{\"@id\":\"https:\\\/\\\/www.actionproject.es\\\/#organization\"},\"potentialAction\":[{\"@type\":\"SearchAction\",\"target\":{\"@type\":\"EntryPoint\",\"urlTemplate\":\"https:\\\/\\\/www.actionproject.es\\\/?s={search_term_string}\"},\"query-input\":{\"@type\":\"PropertyValueSpecification\",\"valueRequired\":true,\"valueName\":\"search_term_string\"}}],\"inLanguage\":\"en-GB\"},{\"@type\":\"Organization\",\"@id\":\"https:\\\/\\\/www.actionproject.es\\\/#organization\",\"name\":\"Action Project\",\"url\":\"https:\\\/\\\/www.actionproject.es\\\/\",\"logo\":{\"@type\":\"ImageObject\",\"inLanguage\":\"en-GB\",\"@id\":\"https:\\\/\\\/www.actionproject.es\\\/#\\\/schema\\\/logo\\\/image\\\/\",\"url\":\"https:\\\/\\\/www.actionproject.es\\\/wp-content\\\/uploads\\\/2025\\\/02\\\/favicon-action.png\",\"contentUrl\":\"https:\\\/\\\/www.actionproject.es\\\/wp-content\\\/uploads\\\/2025\\\/02\\\/favicon-action.png\",\"width\":512,\"height\":512,\"caption\":\"Action Project\"},\"image\":{\"@id\":\"https:\\\/\\\/www.actionproject.es\\\/#\\\/schema\\\/logo\\\/image\\\/\"}},{\"@type\":\"Person\",\"@id\":\"https:\\\/\\\/www.actionproject.es\\\/#\\\/schema\\\/person\\\/01aa5bb80cabd3235975fa1fccb16e23\",\"name\":\"Juanma\",\"image\":{\"@type\":\"ImageObject\",\"inLanguage\":\"en-GB\",\"@id\":\"https:\\\/\\\/secure.gravatar.com\\\/avatar\\\/85f0c3c9ba6a2b2ba51b0df3346eaf50cafa606989920561324eac0dd1c938f4?s=96&d=mm&r=g\",\"url\":\"https:\\\/\\\/secure.gravatar.com\\\/avatar\\\/85f0c3c9ba6a2b2ba51b0df3346eaf50cafa606989920561324eac0dd1c938f4?s=96&d=mm&r=g\",\"contentUrl\":\"https:\\\/\\\/secure.gravatar.com\\\/avatar\\\/85f0c3c9ba6a2b2ba51b0df3346eaf50cafa606989920561324eac0dd1c938f4?s=96&d=mm&r=g\",\"caption\":\"Juanma\"},\"url\":\"https:\\\/\\\/www.actionproject.es\\\/en_gb\\\/blog\\\/author\\\/juanma\\\/\"}]}<\/script>\n<!-- \/ Yoast SEO plugin. -->","yoast_head_json":{"title":"Transformaci\u00f3n digital para PYMES, el momento y el lugar - Action Project","robots":{"index":"index","follow":"follow","max-snippet":"max-snippet:-1","max-image-preview":"max-image-preview:large","max-video-preview":"max-video-preview:-1"},"canonical":"https:\/\/www.actionproject.es\/en_gb\/blog\/transformacion-digital-para-pymes\/","og_locale":"en_GB","og_type":"article","og_title":"Transformaci\u00f3n digital para PYMES, el momento y el lugar - Action Project","og_description":"Se es PYME para lo bueno y para lo malo. Pero si hay algo que caracteriza a una PYME, es el optimismo y la necesidad cuasi vital de hacer destacar lo primero sobre lo segundo. Y en el caso de la llamada \u00abtransformaci\u00f3n digital\u00bb, no puede ser de otra forma. Transformaci\u00f3n digital es planificar, ejecutar e implantar proyectos hardware y\/o software que optimicen una o varias \u00e1reas de un negocio: producci\u00f3n, administraci\u00f3n, contabilidad, gesti\u00f3n comercial\u2026 En definitiva, la transformaci\u00f3n digital para PYMES es invertir en tecnolog\u00eda para mejorar una empresa. Tal cual. No est\u00e1 de m\u00e1s hacer esta simplificaci\u00f3n, porque \u00abdigitalizaci\u00f3n\u00bb es un t\u00e9rmino que, no se sabe muy bien por qu\u00e9, se viene asociando a grandes compa\u00f1\u00edas que, de repente, deciden acometer enormes inversiones para optimizar gigantescos procesos productivos tremendamente complejos. Y nada m\u00e1s lejos de la realidad. Si algo debe caracterizar a un buen proyecto de digitalizaci\u00f3n de PYMES, es su orientaci\u00f3n a resultados o, dicho de otro modo, su capacidad para resolver problemas reales con el fin de aportar un valor tangible. Nada tiene que ver con la cantidad de dinero invertida o con el n\u00famero de empleados de una compa\u00f1\u00eda. Pero yendo m\u00e1s all\u00e1, \u00bfpor qu\u00e9 se puede considerar que ser una PYME es hasta ideal para acometer un proyecto de transformaci\u00f3n digital? En primer lugar, por el motivo por el cual la digitalizaci\u00f3n es beneficiosa para cualquier organizaci\u00f3n: porque va a ayudar de forma directa a reducir costes de gesti\u00f3n, a automatizar parte de sus flujos productivos, a centralizar y facilitar la compartici\u00f3n de informaci\u00f3n, o incluso a posicionarla en su sector. Y todo ello, en una PYME, tiene un impacto m\u00e1s inmediato, m\u00e1s visible y mucho m\u00e1s significativo a corto plazo. \u00a0 Gesti\u00f3n del cambio en la transformaci\u00f3n digital para PYMES Otra cosa buena de la transformaci\u00f3n digital para PYMES es que es, sin duda, el momento justo y el lugar adecuado para hacerlo. Toda PYME tiene por naturaleza vocaci\u00f3n de crecimiento, y ese crecimiento es directamente proporcional a la dificultad de digitalizar unos procesos cada vez m\u00e1s grandes, complejos y en ocasiones dispersos. Acompa\u00f1ar ese crecimiento con digitalizaci\u00f3n allana el camino y abre puertas a un futuro de otro modo inmovilista y desconectado de las necesidades de clientes y proveedores. Digitalizar es, en s\u00ed mismo, crecer de forma sostenible. Y no hay que dejar de lado una clave del todo cr\u00edtica en materia de digitalizaci\u00f3n: la gesti\u00f3n del cambio. Un mal manejo de la transici\u00f3n tecnol\u00f3gica puede echar por tierra toda una inversi\u00f3n. Mejor crecer de forma progresiva con filosof\u00eda digital y hacer que la digitalizaci\u00f3n forme parte de la propia PYME, no como un complemento, sino como una forma esencial de funcionamiento. Si eres una PYME, es tu momento de digitalizar: analiza tu situaci\u00f3n, proyecta tu negocio a medio y largo plazo, y prep\u00e1ralo para lo que est\u00e1 por venir. Mejor llevar a cabo una inversi\u00f3n progresiva y eficaz que te ayude a crecer de forma sostenible, que tener que gastar para solucionar problemas que en ocasiones ya no tienen remedio. \u00a0 Jos\u00e9 Antonio Mora Mart\u00ednez Cofundador de Sixphere - Project Management &amp; Software Architecture","og_url":"https:\/\/www.actionproject.es\/en_gb\/blog\/transformacion-digital-para-pymes\/","og_site_name":"Action Project","article_published_time":"2021-03-23T08:00:39+00:00","article_modified_time":"2025-07-02T09:13:06+00:00","og_image":[{"width":1200,"height":800,"url":"https:\/\/www.actionproject.es\/wp-content\/uploads\/2025\/07\/trasnformacion-digital-pymes.jpg","type":"image\/jpeg"}],"author":"Juanma","twitter_card":"summary_large_image","twitter_misc":{"Written by":"Juanma"},"schema":{"@context":"https:\/\/schema.org","@graph":[{"@type":"Article","@id":"https:\/\/www.actionproject.es\/blog\/transformacion-digital-para-pymes\/#article","isPartOf":{"@id":"https:\/\/www.actionproject.es\/blog\/transformacion-digital-para-pymes\/"},"author":{"name":"Juanma","@id":"https:\/\/www.actionproject.es\/#\/schema\/person\/01aa5bb80cabd3235975fa1fccb16e23"},"headline":"Transformaci\u00f3n digital para PYMES, el momento y el lugar","datePublished":"2021-03-23T08:00:39+00:00","dateModified":"2025-07-02T09:13:06+00:00","mainEntityOfPage":{"@id":"https:\/\/www.actionproject.es\/blog\/transformacion-digital-para-pymes\/"},"wordCount":10,"publisher":{"@id":"https:\/\/www.actionproject.es\/#organization"},"image":{"@id":"https:\/\/www.actionproject.es\/blog\/transformacion-digital-para-pymes\/#primaryimage"},"thumbnailUrl":"https:\/\/www.actionproject.es\/wp-content\/uploads\/2025\/07\/trasnformacion-digital-pymes.jpg","keywords":["digitalizaci\u00f3n empresas","digitalizaci\u00f3n pymes","Pymes","transformaci\u00f3n digital","transformaci\u00f3n digital para pymes"],"articleSection":["Estrategia empresarial"],"inLanguage":"en-GB"},{"@type":"WebPage","@id":"https:\/\/www.actionproject.es\/blog\/transformacion-digital-para-pymes\/","url":"https:\/\/www.actionproject.es\/blog\/transformacion-digital-para-pymes\/","name":"Transformaci\u00f3n digital para PYMES, el momento y el lugar - Action Project","isPartOf":{"@id":"https:\/\/www.actionproject.es\/#website"},"primaryImageOfPage":{"@id":"https:\/\/www.actionproject.es\/blog\/transformacion-digital-para-pymes\/#primaryimage"},"image":{"@id":"https:\/\/www.actionproject.es\/blog\/transformacion-digital-para-pymes\/#primaryimage"},"thumbnailUrl":"https:\/\/www.actionproject.es\/wp-content\/uploads\/2025\/07\/trasnformacion-digital-pymes.jpg","datePublished":"2021-03-23T08:00:39+00:00","dateModified":"2025-07-02T09:13:06+00:00","breadcrumb":{"@id":"https:\/\/www.actionproject.es\/blog\/transformacion-digital-para-pymes\/#breadcrumb"},"inLanguage":"en-GB","potentialAction":[{"@type":"ReadAction","target":["https:\/\/www.actionproject.es\/blog\/transformacion-digital-para-pymes\/"]}]},{"@type":"ImageObject","inLanguage":"en-GB","@id":"https:\/\/www.actionproject.es\/blog\/transformacion-digital-para-pymes\/#primaryimage","url":"https:\/\/www.actionproject.es\/wp-content\/uploads\/2025\/07\/trasnformacion-digital-pymes.jpg","contentUrl":"https:\/\/www.actionproject.es\/wp-content\/uploads\/2025\/07\/trasnformacion-digital-pymes.jpg","width":1200,"height":800},{"@type":"BreadcrumbList","@id":"https:\/\/www.actionproject.es\/blog\/transformacion-digital-para-pymes\/#breadcrumb","itemListElement":[{"@type":"ListItem","position":1,"name":"Portada","item":"https:\/\/www.actionproject.es\/"},{"@type":"ListItem","position":2,"name":"Transformaci\u00f3n digital para PYMES, el momento y el lugar"}]},{"@type":"WebSite","@id":"https:\/\/www.actionproject.es\/#website","url":"https:\/\/www.actionproject.es\/","name":"Action Project","description":"","publisher":{"@id":"https:\/\/www.actionproject.es\/#organization"},"potentialAction":[{"@type":"SearchAction","target":{"@type":"EntryPoint","urlTemplate":"https:\/\/www.actionproject.es\/?s={search_term_string}"},"query-input":{"@type":"PropertyValueSpecification","valueRequired":true,"valueName":"search_term_string"}}],"inLanguage":"en-GB"},{"@type":"Organization","@id":"https:\/\/www.actionproject.es\/#organization","name":"Action Project","url":"https:\/\/www.actionproject.es\/","logo":{"@type":"ImageObject","inLanguage":"en-GB","@id":"https:\/\/www.actionproject.es\/#\/schema\/logo\/image\/","url":"https:\/\/www.actionproject.es\/wp-content\/uploads\/2025\/02\/favicon-action.png","contentUrl":"https:\/\/www.actionproject.es\/wp-content\/uploads\/2025\/02\/favicon-action.png","width":512,"height":512,"caption":"Action Project"},"image":{"@id":"https:\/\/www.actionproject.es\/#\/schema\/logo\/image\/"}},{"@type":"Person","@id":"https:\/\/www.actionproject.es\/#\/schema\/person\/01aa5bb80cabd3235975fa1fccb16e23","name":"Juanma","image":{"@type":"ImageObject","inLanguage":"en-GB","@id":"https:\/\/secure.gravatar.com\/avatar\/85f0c3c9ba6a2b2ba51b0df3346eaf50cafa606989920561324eac0dd1c938f4?s=96&d=mm&r=g","url":"https:\/\/secure.gravatar.com\/avatar\/85f0c3c9ba6a2b2ba51b0df3346eaf50cafa606989920561324eac0dd1c938f4?s=96&d=mm&r=g","contentUrl":"https:\/\/secure.gravatar.com\/avatar\/85f0c3c9ba6a2b2ba51b0df3346eaf50cafa606989920561324eac0dd1c938f4?s=96&d=mm&r=g","caption":"Juanma"},"url":"https:\/\/www.actionproject.es\/en_gb\/blog\/author\/juanma\/"}]}},"_links":{"self":[{"href":"https:\/\/www.actionproject.es\/en_gb\/wp-json\/wp\/v2\/posts\/1306","targetHints":{"allow":["GET"]}}],"collection":[{"href":"https:\/\/www.actionproject.es\/en_gb\/wp-json\/wp\/v2\/posts"}],"about":[{"href":"https:\/\/www.actionproject.es\/en_gb\/wp-json\/wp\/v2\/types\/post"}],"author":[{"embeddable":true,"href":"https:\/\/www.actionproject.es\/en_gb\/wp-json\/wp\/v2\/users\/2"}],"replies":[{"embeddable":true,"href":"https:\/\/www.actionproject.es\/en_gb\/wp-json\/wp\/v2\/comments?post=1306"}],"version-history":[{"count":2,"href":"https:\/\/www.actionproject.es\/en_gb\/wp-json\/wp\/v2\/posts\/1306\/revisions"}],"predecessor-version":[{"id":1665,"href":"https:\/\/www.actionproject.es\/en_gb\/wp-json\/wp\/v2\/posts\/1306\/revisions\/1665"}],"wp:featuredmedia":[{"embeddable":true,"href":"https:\/\/www.actionproject.es\/en_gb\/wp-json\/wp\/v2\/media\/1528"}],"wp:attachment":[{"href":"https:\/\/www.actionproject.es\/en_gb\/wp-json\/wp\/v2\/media?parent=1306"}],"wp:term":[{"taxonomy":"category","embeddable":true,"href":"https:\/\/www.actionproject.es\/en_gb\/wp-json\/wp\/v2\/categories?post=1306"},{"taxonomy":"post_tag","embeddable":true,"href":"https:\/\/www.actionproject.es\/en_gb\/wp-json\/wp\/v2\/tags?post=1306"}],"curies":[{"name":"wp","href":"https:\/\/api.w.org\/{rel}","templated":true}]}}