{"id":1310,"date":"2021-05-11T07:38:01","date_gmt":"2021-05-11T05:38:01","guid":{"rendered":"https:\/\/www.actionproject.es\/blog\/productividad-empresarial-tiempos-dificiles\/"},"modified":"2025-07-02T11:13:07","modified_gmt":"2025-07-02T09:13:07","slug":"productividad-empresarial-tiempos-dificiles","status":"publish","type":"post","link":"https:\/\/www.actionproject.es\/en_gb\/blog\/productividad-empresarial-tiempos-dificiles\/","title":{"rendered":"Qu\u00e9 influye en la productividad empresarial en tiempos dif\u00edciles"},"content":{"rendered":"<p>Es normal que las dudas surjan y la incertidumbre se apodere de nosotros. \u00bf<strong>C\u00f3mo garantizo la estabilidad de mi negocio<\/strong>? \u00bfDe qu\u00e9 infraestructuras digitales dispongo en mi empresa? \u00bf<strong>C\u00f3mo puedo mejorar la productividad de la empresa<\/strong>? \u00bfCu\u00e1l es la manera m\u00e1s eficaz para comunicarme con mis empleados?<\/p>\n<p>Con la llegada del confinamiento muchos nos vimos inmersos en el teletrabajo. Los empleados pueden adoptar ciertos cambios y m\u00e9todos que refuercen una <a href=\"https:\/\/www.actionproject.es\/en_gb\/blog\/como-mantener-buena-productividad-teletrabajo\/\">buena productividad durante el teletrabajo<\/a>. Pero, como due\u00f1o de tu negocio, eres t\u00fa quien debe identificar qu\u00e9 <strong>actividades aportan valor y cu\u00e1les son improductivas<\/strong>; y as\u00ed conseguir los objetivos que ayuden a <strong>garantizar la estabilidad de tu negocio<\/strong>.<\/p>\n<p>\u00a0<\/p>\n<h2>3 maneras de medir la productividad de una empresa durante el teletrabajo<\/h2>\n<p>La eficiencia individual aumenta el desempe\u00f1o de una empresa, por eso es importante conocer c\u00f3mo puedes <strong>medir la<\/strong> <strong>productividad empresarial durante el teletrabajo<\/strong>.<\/p>\n<ul>\n<li><strong><u>Organiza las tareas<\/u><\/strong>. En aquellos proyectos en los que se puedan establecer de forma sencilla un punto de inicio y otro de finalizaci\u00f3n ser\u00e1 m\u00e1s f\u00e1cil <strong>medir la efectividad de tus empleados<\/strong> durante el teletrabajo. Adem\u00e1s, podr\u00e1s conocer el estado del proyecto en cada momento.<\/li>\n<li><strong><u>Eval\u00faa los beneficios<\/u><\/strong>. Si el empleado est\u00e1 haciendo un buen trabajo, la empresa obtiene beneficios. Cuando <strong>un trabajador cumple con las metas establecidas<\/strong>, estos resultados determinan el <strong>rendimiento<\/strong>; independientemente de si se est\u00e1 en oficina o teletrabajando.<\/li>\n<li><strong><u>\u00bfConoces el <em>Smart Working<\/em>?<\/u><\/strong> Se trata de un modelo de trabajo basado en la <strong>confianza en el empleado<\/strong>. Esta metodolog\u00eda no pretende que el trabajador est\u00e9 durante un n\u00famero determinado de horas teletrabajando, sino que <strong>cumpla con ciertos objetivos<\/strong>.<\/li>\n<\/ul>\n<p>\u00a0<\/p>\n<p>Es importante que, para obtener una <strong>buena productividad empresarial durante el teletrabajo<\/strong>, orientes a tus empleados, les dotes de las herramientas necesarias y mantengas una comunicaci\u00f3n fluida con ellos. En estos tiempos de cambio, la ayuda de <a href=\"https:\/\/www.actionproject.es\/en_gb\/\">consultores de empresas<\/a> puede salvarte la vida. Si necesitas <strong>optimizar la productividad de tu empresa<\/strong>, cont\u00e1ctanos.<\/p>","protected":false},"excerpt":{"rendered":"<p>No existe una f\u00f3rmula m\u00e1gica para la <strong>productividad empresarial<\/strong>, pero s\u00ed unas claves que te ayuden a conseguir los objetivos marcados de una forma eficaz. Adem\u00e1s, hay que afrontar con calma el momento de encontrarnos frente a un panorama dif\u00edcil en un entorno tanto econ\u00f3mico, como social y sanitario.<\/p>","protected":false},"author":2,"featured_media":1508,"comment_status":"closed","ping_status":"open","sticky":false,"template":"","format":"standard","meta":{"_acf_changed":false,"_joinchat":[],"footnotes":""},"categories":[10],"tags":[152,64,151,150,153],"class_list":["post-1310","post","type-post","status-publish","format-standard","has-post-thumbnail","hentry","category-estrategia-empresarial","tag-estabilidad-del-negocio","tag-productividad","tag-productividad-de-empresa","tag-productividad-empresarial","tag-productividad-en-el-teletrabajo"],"acf":[],"aioseo_notices":[],"yoast_head":"<!-- This site is optimized with the Yoast SEO plugin v27.3 - https:\/\/yoast.com\/product\/yoast-seo-wordpress\/ -->\n<title>Qu\u00e9 influye en la productividad empresarial en tiempos dif\u00edciles - Action Project<\/title>\n<meta name=\"robots\" content=\"index, follow, max-snippet:-1, max-image-preview:large, max-video-preview:-1\" \/>\n<link rel=\"canonical\" href=\"https:\/\/www.actionproject.es\/en_gb\/blog\/productividad-empresarial-tiempos-dificiles\/\" \/>\n<meta property=\"og:locale\" content=\"en_GB\" \/>\n<meta property=\"og:type\" content=\"article\" \/>\n<meta property=\"og:title\" content=\"Qu\u00e9 influye en la productividad empresarial en tiempos dif\u00edciles - Action Project\" \/>\n<meta property=\"og:description\" content=\"No existe una f\u00f3rmula m\u00e1gica para la productividad empresarial, pero s\u00ed unas claves que te ayuden a conseguir los objetivos marcados de una forma eficaz. Adem\u00e1s, hay que afrontar con calma el momento de encontrarnos frente a un panorama dif\u00edcil en un entorno tanto econ\u00f3mico, como social y sanitario.\" \/>\n<meta property=\"og:url\" content=\"https:\/\/www.actionproject.es\/en_gb\/blog\/productividad-empresarial-tiempos-dificiles\/\" \/>\n<meta property=\"og:site_name\" content=\"Action Project\" \/>\n<meta property=\"article:published_time\" content=\"2021-05-11T05:38:01+00:00\" \/>\n<meta property=\"article:modified_time\" content=\"2025-07-02T09:13:07+00:00\" \/>\n<meta property=\"og:image\" content=\"https:\/\/www.actionproject.es\/wp-content\/uploads\/2025\/07\/productividad-empresarial.jpg\" \/>\n\t<meta property=\"og:image:width\" content=\"1200\" \/>\n\t<meta property=\"og:image:height\" content=\"800\" \/>\n\t<meta property=\"og:image:type\" content=\"image\/jpeg\" \/>\n<meta name=\"author\" content=\"Juanma\" \/>\n<meta name=\"twitter:card\" content=\"summary_large_image\" \/>\n<meta name=\"twitter:label1\" content=\"Written by\" \/>\n\t<meta name=\"twitter:data1\" content=\"Juanma\" \/>\n\t<meta name=\"twitter:label2\" content=\"Estimated reading time\" \/>\n\t<meta name=\"twitter:data2\" content=\"2 minutes\" \/>\n<script type=\"application\/ld+json\" class=\"yoast-schema-graph\">{\"@context\":\"https:\\\/\\\/schema.org\",\"@graph\":[{\"@type\":\"Article\",\"@id\":\"https:\\\/\\\/www.actionproject.es\\\/blog\\\/productividad-empresarial-tiempos-dificiles\\\/#article\",\"isPartOf\":{\"@id\":\"https:\\\/\\\/www.actionproject.es\\\/blog\\\/productividad-empresarial-tiempos-dificiles\\\/\"},\"author\":{\"name\":\"Juanma\",\"@id\":\"https:\\\/\\\/www.actionproject.es\\\/#\\\/schema\\\/person\\\/01aa5bb80cabd3235975fa1fccb16e23\"},\"headline\":\"Qu\u00e9 influye en la productividad empresarial en tiempos dif\u00edciles\",\"datePublished\":\"2021-05-11T05:38:01+00:00\",\"dateModified\":\"2025-07-02T09:13:07+00:00\",\"mainEntityOfPage\":{\"@id\":\"https:\\\/\\\/www.actionproject.es\\\/blog\\\/productividad-empresarial-tiempos-dificiles\\\/\"},\"wordCount\":345,\"publisher\":{\"@id\":\"https:\\\/\\\/www.actionproject.es\\\/#organization\"},\"image\":{\"@id\":\"https:\\\/\\\/www.actionproject.es\\\/blog\\\/productividad-empresarial-tiempos-dificiles\\\/#primaryimage\"},\"thumbnailUrl\":\"https:\\\/\\\/www.actionproject.es\\\/wp-content\\\/uploads\\\/2025\\\/07\\\/productividad-empresarial.jpg\",\"keywords\":[\"estabilidad del negocio\",\"productividad\",\"productividad de empresa\",\"productividad empresarial\",\"productividad en el teletrabajo\"],\"articleSection\":[\"Estrategia empresarial\"],\"inLanguage\":\"en-GB\"},{\"@type\":\"WebPage\",\"@id\":\"https:\\\/\\\/www.actionproject.es\\\/blog\\\/productividad-empresarial-tiempos-dificiles\\\/\",\"url\":\"https:\\\/\\\/www.actionproject.es\\\/blog\\\/productividad-empresarial-tiempos-dificiles\\\/\",\"name\":\"Qu\u00e9 influye en la productividad empresarial en tiempos dif\u00edciles - Action Project\",\"isPartOf\":{\"@id\":\"https:\\\/\\\/www.actionproject.es\\\/#website\"},\"primaryImageOfPage\":{\"@id\":\"https:\\\/\\\/www.actionproject.es\\\/blog\\\/productividad-empresarial-tiempos-dificiles\\\/#primaryimage\"},\"image\":{\"@id\":\"https:\\\/\\\/www.actionproject.es\\\/blog\\\/productividad-empresarial-tiempos-dificiles\\\/#primaryimage\"},\"thumbnailUrl\":\"https:\\\/\\\/www.actionproject.es\\\/wp-content\\\/uploads\\\/2025\\\/07\\\/productividad-empresarial.jpg\",\"datePublished\":\"2021-05-11T05:38:01+00:00\",\"dateModified\":\"2025-07-02T09:13:07+00:00\",\"breadcrumb\":{\"@id\":\"https:\\\/\\\/www.actionproject.es\\\/blog\\\/productividad-empresarial-tiempos-dificiles\\\/#breadcrumb\"},\"inLanguage\":\"en-GB\",\"potentialAction\":[{\"@type\":\"ReadAction\",\"target\":[\"https:\\\/\\\/www.actionproject.es\\\/blog\\\/productividad-empresarial-tiempos-dificiles\\\/\"]}]},{\"@type\":\"ImageObject\",\"inLanguage\":\"en-GB\",\"@id\":\"https:\\\/\\\/www.actionproject.es\\\/blog\\\/productividad-empresarial-tiempos-dificiles\\\/#primaryimage\",\"url\":\"https:\\\/\\\/www.actionproject.es\\\/wp-content\\\/uploads\\\/2025\\\/07\\\/productividad-empresarial.jpg\",\"contentUrl\":\"https:\\\/\\\/www.actionproject.es\\\/wp-content\\\/uploads\\\/2025\\\/07\\\/productividad-empresarial.jpg\",\"width\":1200,\"height\":800},{\"@type\":\"BreadcrumbList\",\"@id\":\"https:\\\/\\\/www.actionproject.es\\\/blog\\\/productividad-empresarial-tiempos-dificiles\\\/#breadcrumb\",\"itemListElement\":[{\"@type\":\"ListItem\",\"position\":1,\"name\":\"Portada\",\"item\":\"https:\\\/\\\/www.actionproject.es\\\/\"},{\"@type\":\"ListItem\",\"position\":2,\"name\":\"Qu\u00e9 influye en la productividad empresarial en tiempos dif\u00edciles\"}]},{\"@type\":\"WebSite\",\"@id\":\"https:\\\/\\\/www.actionproject.es\\\/#website\",\"url\":\"https:\\\/\\\/www.actionproject.es\\\/\",\"name\":\"Action Project\",\"description\":\"\",\"publisher\":{\"@id\":\"https:\\\/\\\/www.actionproject.es\\\/#organization\"},\"potentialAction\":[{\"@type\":\"SearchAction\",\"target\":{\"@type\":\"EntryPoint\",\"urlTemplate\":\"https:\\\/\\\/www.actionproject.es\\\/?s={search_term_string}\"},\"query-input\":{\"@type\":\"PropertyValueSpecification\",\"valueRequired\":true,\"valueName\":\"search_term_string\"}}],\"inLanguage\":\"en-GB\"},{\"@type\":\"Organization\",\"@id\":\"https:\\\/\\\/www.actionproject.es\\\/#organization\",\"name\":\"Action Project\",\"url\":\"https:\\\/\\\/www.actionproject.es\\\/\",\"logo\":{\"@type\":\"ImageObject\",\"inLanguage\":\"en-GB\",\"@id\":\"https:\\\/\\\/www.actionproject.es\\\/#\\\/schema\\\/logo\\\/image\\\/\",\"url\":\"https:\\\/\\\/www.actionproject.es\\\/wp-content\\\/uploads\\\/2025\\\/02\\\/favicon-action.png\",\"contentUrl\":\"https:\\\/\\\/www.actionproject.es\\\/wp-content\\\/uploads\\\/2025\\\/02\\\/favicon-action.png\",\"width\":512,\"height\":512,\"caption\":\"Action Project\"},\"image\":{\"@id\":\"https:\\\/\\\/www.actionproject.es\\\/#\\\/schema\\\/logo\\\/image\\\/\"}},{\"@type\":\"Person\",\"@id\":\"https:\\\/\\\/www.actionproject.es\\\/#\\\/schema\\\/person\\\/01aa5bb80cabd3235975fa1fccb16e23\",\"name\":\"Juanma\",\"image\":{\"@type\":\"ImageObject\",\"inLanguage\":\"en-GB\",\"@id\":\"https:\\\/\\\/secure.gravatar.com\\\/avatar\\\/85f0c3c9ba6a2b2ba51b0df3346eaf50cafa606989920561324eac0dd1c938f4?s=96&d=mm&r=g\",\"url\":\"https:\\\/\\\/secure.gravatar.com\\\/avatar\\\/85f0c3c9ba6a2b2ba51b0df3346eaf50cafa606989920561324eac0dd1c938f4?s=96&d=mm&r=g\",\"contentUrl\":\"https:\\\/\\\/secure.gravatar.com\\\/avatar\\\/85f0c3c9ba6a2b2ba51b0df3346eaf50cafa606989920561324eac0dd1c938f4?s=96&d=mm&r=g\",\"caption\":\"Juanma\"},\"url\":\"https:\\\/\\\/www.actionproject.es\\\/en_gb\\\/blog\\\/author\\\/juanma\\\/\"}]}<\/script>\n<!-- \/ Yoast SEO plugin. -->","yoast_head_json":{"title":"Qu\u00e9 influye en la productividad empresarial en tiempos dif\u00edciles - Action Project","robots":{"index":"index","follow":"follow","max-snippet":"max-snippet:-1","max-image-preview":"max-image-preview:large","max-video-preview":"max-video-preview:-1"},"canonical":"https:\/\/www.actionproject.es\/en_gb\/blog\/productividad-empresarial-tiempos-dificiles\/","og_locale":"en_GB","og_type":"article","og_title":"Qu\u00e9 influye en la productividad empresarial en tiempos dif\u00edciles - Action Project","og_description":"No existe una f\u00f3rmula m\u00e1gica para la productividad empresarial, pero s\u00ed unas claves que te ayuden a conseguir los objetivos marcados de una forma eficaz. Adem\u00e1s, hay que afrontar con calma el momento de encontrarnos frente a un panorama dif\u00edcil en un entorno tanto econ\u00f3mico, como social y sanitario.","og_url":"https:\/\/www.actionproject.es\/en_gb\/blog\/productividad-empresarial-tiempos-dificiles\/","og_site_name":"Action Project","article_published_time":"2021-05-11T05:38:01+00:00","article_modified_time":"2025-07-02T09:13:07+00:00","og_image":[{"width":1200,"height":800,"url":"https:\/\/www.actionproject.es\/wp-content\/uploads\/2025\/07\/productividad-empresarial.jpg","type":"image\/jpeg"}],"author":"Juanma","twitter_card":"summary_large_image","twitter_misc":{"Written by":"Juanma","Estimated reading time":"2 minutes"},"schema":{"@context":"https:\/\/schema.org","@graph":[{"@type":"Article","@id":"https:\/\/www.actionproject.es\/blog\/productividad-empresarial-tiempos-dificiles\/#article","isPartOf":{"@id":"https:\/\/www.actionproject.es\/blog\/productividad-empresarial-tiempos-dificiles\/"},"author":{"name":"Juanma","@id":"https:\/\/www.actionproject.es\/#\/schema\/person\/01aa5bb80cabd3235975fa1fccb16e23"},"headline":"Qu\u00e9 influye en la productividad empresarial en tiempos dif\u00edciles","datePublished":"2021-05-11T05:38:01+00:00","dateModified":"2025-07-02T09:13:07+00:00","mainEntityOfPage":{"@id":"https:\/\/www.actionproject.es\/blog\/productividad-empresarial-tiempos-dificiles\/"},"wordCount":345,"publisher":{"@id":"https:\/\/www.actionproject.es\/#organization"},"image":{"@id":"https:\/\/www.actionproject.es\/blog\/productividad-empresarial-tiempos-dificiles\/#primaryimage"},"thumbnailUrl":"https:\/\/www.actionproject.es\/wp-content\/uploads\/2025\/07\/productividad-empresarial.jpg","keywords":["estabilidad del negocio","productividad","productividad de empresa","productividad empresarial","productividad en el teletrabajo"],"articleSection":["Estrategia empresarial"],"inLanguage":"en-GB"},{"@type":"WebPage","@id":"https:\/\/www.actionproject.es\/blog\/productividad-empresarial-tiempos-dificiles\/","url":"https:\/\/www.actionproject.es\/blog\/productividad-empresarial-tiempos-dificiles\/","name":"Qu\u00e9 influye en la productividad empresarial en tiempos dif\u00edciles - Action Project","isPartOf":{"@id":"https:\/\/www.actionproject.es\/#website"},"primaryImageOfPage":{"@id":"https:\/\/www.actionproject.es\/blog\/productividad-empresarial-tiempos-dificiles\/#primaryimage"},"image":{"@id":"https:\/\/www.actionproject.es\/blog\/productividad-empresarial-tiempos-dificiles\/#primaryimage"},"thumbnailUrl":"https:\/\/www.actionproject.es\/wp-content\/uploads\/2025\/07\/productividad-empresarial.jpg","datePublished":"2021-05-11T05:38:01+00:00","dateModified":"2025-07-02T09:13:07+00:00","breadcrumb":{"@id":"https:\/\/www.actionproject.es\/blog\/productividad-empresarial-tiempos-dificiles\/#breadcrumb"},"inLanguage":"en-GB","potentialAction":[{"@type":"ReadAction","target":["https:\/\/www.actionproject.es\/blog\/productividad-empresarial-tiempos-dificiles\/"]}]},{"@type":"ImageObject","inLanguage":"en-GB","@id":"https:\/\/www.actionproject.es\/blog\/productividad-empresarial-tiempos-dificiles\/#primaryimage","url":"https:\/\/www.actionproject.es\/wp-content\/uploads\/2025\/07\/productividad-empresarial.jpg","contentUrl":"https:\/\/www.actionproject.es\/wp-content\/uploads\/2025\/07\/productividad-empresarial.jpg","width":1200,"height":800},{"@type":"BreadcrumbList","@id":"https:\/\/www.actionproject.es\/blog\/productividad-empresarial-tiempos-dificiles\/#breadcrumb","itemListElement":[{"@type":"ListItem","position":1,"name":"Portada","item":"https:\/\/www.actionproject.es\/"},{"@type":"ListItem","position":2,"name":"Qu\u00e9 influye en la productividad empresarial en tiempos dif\u00edciles"}]},{"@type":"WebSite","@id":"https:\/\/www.actionproject.es\/#website","url":"https:\/\/www.actionproject.es\/","name":"Action Project","description":"","publisher":{"@id":"https:\/\/www.actionproject.es\/#organization"},"potentialAction":[{"@type":"SearchAction","target":{"@type":"EntryPoint","urlTemplate":"https:\/\/www.actionproject.es\/?s={search_term_string}"},"query-input":{"@type":"PropertyValueSpecification","valueRequired":true,"valueName":"search_term_string"}}],"inLanguage":"en-GB"},{"@type":"Organization","@id":"https:\/\/www.actionproject.es\/#organization","name":"Action Project","url":"https:\/\/www.actionproject.es\/","logo":{"@type":"ImageObject","inLanguage":"en-GB","@id":"https:\/\/www.actionproject.es\/#\/schema\/logo\/image\/","url":"https:\/\/www.actionproject.es\/wp-content\/uploads\/2025\/02\/favicon-action.png","contentUrl":"https:\/\/www.actionproject.es\/wp-content\/uploads\/2025\/02\/favicon-action.png","width":512,"height":512,"caption":"Action Project"},"image":{"@id":"https:\/\/www.actionproject.es\/#\/schema\/logo\/image\/"}},{"@type":"Person","@id":"https:\/\/www.actionproject.es\/#\/schema\/person\/01aa5bb80cabd3235975fa1fccb16e23","name":"Juanma","image":{"@type":"ImageObject","inLanguage":"en-GB","@id":"https:\/\/secure.gravatar.com\/avatar\/85f0c3c9ba6a2b2ba51b0df3346eaf50cafa606989920561324eac0dd1c938f4?s=96&d=mm&r=g","url":"https:\/\/secure.gravatar.com\/avatar\/85f0c3c9ba6a2b2ba51b0df3346eaf50cafa606989920561324eac0dd1c938f4?s=96&d=mm&r=g","contentUrl":"https:\/\/secure.gravatar.com\/avatar\/85f0c3c9ba6a2b2ba51b0df3346eaf50cafa606989920561324eac0dd1c938f4?s=96&d=mm&r=g","caption":"Juanma"},"url":"https:\/\/www.actionproject.es\/en_gb\/blog\/author\/juanma\/"}]}},"_links":{"self":[{"href":"https:\/\/www.actionproject.es\/en_gb\/wp-json\/wp\/v2\/posts\/1310","targetHints":{"allow":["GET"]}}],"collection":[{"href":"https:\/\/www.actionproject.es\/en_gb\/wp-json\/wp\/v2\/posts"}],"about":[{"href":"https:\/\/www.actionproject.es\/en_gb\/wp-json\/wp\/v2\/types\/post"}],"author":[{"embeddable":true,"href":"https:\/\/www.actionproject.es\/en_gb\/wp-json\/wp\/v2\/users\/2"}],"replies":[{"embeddable":true,"href":"https:\/\/www.actionproject.es\/en_gb\/wp-json\/wp\/v2\/comments?post=1310"}],"version-history":[{"count":2,"href":"https:\/\/www.actionproject.es\/en_gb\/wp-json\/wp\/v2\/posts\/1310\/revisions"}],"predecessor-version":[{"id":1666,"href":"https:\/\/www.actionproject.es\/en_gb\/wp-json\/wp\/v2\/posts\/1310\/revisions\/1666"}],"wp:featuredmedia":[{"embeddable":true,"href":"https:\/\/www.actionproject.es\/en_gb\/wp-json\/wp\/v2\/media\/1508"}],"wp:attachment":[{"href":"https:\/\/www.actionproject.es\/en_gb\/wp-json\/wp\/v2\/media?parent=1310"}],"wp:term":[{"taxonomy":"category","embeddable":true,"href":"https:\/\/www.actionproject.es\/en_gb\/wp-json\/wp\/v2\/categories?post=1310"},{"taxonomy":"post_tag","embeddable":true,"href":"https:\/\/www.actionproject.es\/en_gb\/wp-json\/wp\/v2\/tags?post=1310"}],"curies":[{"name":"wp","href":"https:\/\/api.w.org\/{rel}","templated":true}]}}