{"id":1311,"date":"2021-06-09T07:57:05","date_gmt":"2021-06-09T05:57:05","guid":{"rendered":"https:\/\/www.actionproject.es\/blog\/herramientas-analisis-para-mejora-empresarial\/"},"modified":"2025-07-02T11:13:07","modified_gmt":"2025-07-02T09:13:07","slug":"herramientas-analisis-para-mejora-empresarial","status":"publish","type":"post","link":"https:\/\/www.actionproject.es\/en_gb\/blog\/herramientas-analisis-para-mejora-empresarial\/","title":{"rendered":"El valor de las herramientas de an\u00e1lisis para la mejora empresarial"},"content":{"rendered":"<p>Para conocer los posibles avances de tu empresa debes analizarla previamente. Esto puedes lograrlo gracias a <strong>las herramientas de an\u00e1lisis que muestran la realidad<\/strong> del negocio. Los datos te revelar\u00e1n la situaci\u00f3n de tu empresa y podr\u00e1s optimizar los procesos de organizaci\u00f3n y garantizar su efectividad.<\/p>\n<p>\u00a0<\/p>\n<h2>\u00bfC\u00f3mo puedes detectar mejoras empresariales a trav\u00e9s de herramientas de an\u00e1lisis?<\/h2>\n<p>El an\u00e1lisis interno de una empresa puede mostrar caracter\u00edsticas de recursos, factores, capacidades de que dispone la empresa, medios y habilidades\u2026 B\u00e1sicamente <strong>se detectan las debilidades y fortalezas de la compa\u00f1\u00eda<\/strong>.<\/p>\n<p>Dividimos en 4 pasos esas <strong>fases de an\u00e1lisis para optimizar los objetivos<\/strong>:<\/p>\n<ol>\n<li><strong>Identificamos los problemas.<\/strong> Si la productividad de la empresa ha descendido y los objetivos marcados no se logran, lo primero es darnos cuenta de esos problemas y clasificarlos.<\/li>\n<\/ol>\n<p>\u00a0<\/p>\n<ol start=\"2\">\n<li><strong>Analizamos el porqu\u00e9<\/strong>. \u00bfC\u00f3mo hemos llegado a este punto? Valorar el recorrido y detectar en qu\u00e9 momento hemos fallado o qu\u00e9 ha podido causar los problemas. Esto nos permite localizar las soluciones que hagan mejorar los procesos.<\/li>\n<\/ol>\n<p>\u00a0<\/p>\n<ol start=\"3\">\n<li><strong>Descubrimos oportunidades de mejora.<\/strong> Gracias a las herramientas de an\u00e1lisis, podemos realizar un diagn\u00f3stico previo y establecer oportunidades de mejora empresarial. Adem\u00e1s, dispondremos nuevas metas que debemos alcanzar y deben ser ambiciosas y reales.<\/li>\n<\/ol>\n<p>\u00a0<\/p>\n<ol start=\"4\">\n<li><strong>Fijamos un calendario de actuaci\u00f3n<\/strong>. No solo con medir los problemas e implantar mejoras conseguiremos renovar la productividad de la empresa. Ahora es el turno de establecer un calendario que nos permita realizar un seguimiento de las tareas y as\u00ed poder medir los resultados una vez m\u00e1s.<\/li>\n<\/ol>\n<p>\u00a0<\/p>\n<p>Por lo tanto, <strong>las herramientas de an\u00e1lisis<\/strong> cobran gran importancia en la toma de consciencia de la realidad y <strong>posibilidades de mejora empresarial<\/strong>, porque nos ofrece varias ventajas:<\/p>\n<ul>\n<li>Conocer <strong>fortalezas y debilidades<\/strong> de la compa\u00f1\u00eda.<\/li>\n<li><strong>Tomar medidas<\/strong> que realcen los puntos fuertes y disuadir los d\u00e9biles gracias a los datos extra\u00eddos.<\/li>\n<li>Percibir y <strong>establecer m\u00e9todos<\/strong> de trabajo m\u00e1s productivos y efectivos.<\/li>\n<\/ul>\n<p>\u00a0<\/p>\n<p>En el momento en que creaste tu empresa, seguro que ibas a la \u00faltima moda en <em>business<\/em>, pero \u00a1es hora de cambiar! <strong>Avanzar<\/strong>, esa es la cuesti\u00f3n. Y si te acompa\u00f1an <a href=\"\/en_gb\/gestion-de-proyectos\/\"><strong>profesionales en gesti\u00f3n de proyectos empresariales<\/strong><\/a> que te gu\u00eden\u2026 \u00bfqu\u00e9 m\u00e1s se puede pedir? \u00a1Cont\u00e1ctanos!<\/p>","protected":false},"excerpt":{"rendered":"<p>Con el paso del tiempo la tecnolog\u00eda y la manera de trabajar evoluciona. Por eso es crucial poner foco en lo que realmente importa: adaptarse a las tendencias para <strong>conseguir una mejora empresarial.<\/strong><\/p>","protected":false},"author":2,"featured_media":1489,"comment_status":"closed","ping_status":"open","sticky":false,"template":"","format":"standard","meta":{"_acf_changed":false,"_joinchat":[],"footnotes":""},"categories":[10],"tags":[158,157,155,154,156],"class_list":["post-1311","post","type-post","status-publish","format-standard","has-post-thumbnail","hentry","category-estrategia-empresarial","tag-analisis-de-empresa","tag-gestion-de-proyectos-empresariales","tag-herramientas-de-analisis","tag-mejora-empresarial","tag-optimizar-objetivos"],"acf":[],"aioseo_notices":[],"yoast_head":"<!-- This site is optimized with the Yoast SEO plugin v27.3 - https:\/\/yoast.com\/product\/yoast-seo-wordpress\/ -->\n<title>El valor de las herramientas de an\u00e1lisis para la mejora empresarial - Action Project<\/title>\n<meta name=\"robots\" content=\"index, follow, max-snippet:-1, max-image-preview:large, max-video-preview:-1\" \/>\n<link rel=\"canonical\" href=\"https:\/\/www.actionproject.es\/en_gb\/blog\/herramientas-analisis-para-mejora-empresarial\/\" \/>\n<meta property=\"og:locale\" content=\"en_GB\" \/>\n<meta property=\"og:type\" content=\"article\" \/>\n<meta property=\"og:title\" content=\"El valor de las herramientas de an\u00e1lisis para la mejora empresarial - Action Project\" \/>\n<meta property=\"og:description\" content=\"Con el paso del tiempo la tecnolog\u00eda y la manera de trabajar evoluciona. Por eso es crucial poner foco en lo que realmente importa: adaptarse a las tendencias para conseguir una mejora empresarial.\" \/>\n<meta property=\"og:url\" content=\"https:\/\/www.actionproject.es\/en_gb\/blog\/herramientas-analisis-para-mejora-empresarial\/\" \/>\n<meta property=\"og:site_name\" content=\"Action Project\" \/>\n<meta property=\"article:published_time\" content=\"2021-06-09T05:57:05+00:00\" \/>\n<meta property=\"article:modified_time\" content=\"2025-07-02T09:13:07+00:00\" \/>\n<meta property=\"og:image\" content=\"https:\/\/www.actionproject.es\/wp-content\/uploads\/2025\/07\/mejora-empresarial.jpg\" \/>\n\t<meta property=\"og:image:width\" content=\"1200\" \/>\n\t<meta property=\"og:image:height\" content=\"800\" \/>\n\t<meta property=\"og:image:type\" content=\"image\/jpeg\" \/>\n<meta name=\"author\" content=\"Juanma\" \/>\n<meta name=\"twitter:card\" content=\"summary_large_image\" \/>\n<meta name=\"twitter:label1\" content=\"Written by\" \/>\n\t<meta name=\"twitter:data1\" content=\"Juanma\" \/>\n\t<meta name=\"twitter:label2\" content=\"Estimated reading time\" \/>\n\t<meta name=\"twitter:data2\" content=\"2 minutes\" \/>\n<script type=\"application\/ld+json\" class=\"yoast-schema-graph\">{\"@context\":\"https:\\\/\\\/schema.org\",\"@graph\":[{\"@type\":\"Article\",\"@id\":\"https:\\\/\\\/www.actionproject.es\\\/blog\\\/herramientas-analisis-para-mejora-empresarial\\\/#article\",\"isPartOf\":{\"@id\":\"https:\\\/\\\/www.actionproject.es\\\/blog\\\/herramientas-analisis-para-mejora-empresarial\\\/\"},\"author\":{\"name\":\"Juanma\",\"@id\":\"https:\\\/\\\/www.actionproject.es\\\/#\\\/schema\\\/person\\\/01aa5bb80cabd3235975fa1fccb16e23\"},\"headline\":\"El valor de las herramientas de an\u00e1lisis para la mejora empresarial\",\"datePublished\":\"2021-06-09T05:57:05+00:00\",\"dateModified\":\"2025-07-02T09:13:07+00:00\",\"mainEntityOfPage\":{\"@id\":\"https:\\\/\\\/www.actionproject.es\\\/blog\\\/herramientas-analisis-para-mejora-empresarial\\\/\"},\"wordCount\":395,\"publisher\":{\"@id\":\"https:\\\/\\\/www.actionproject.es\\\/#organization\"},\"image\":{\"@id\":\"https:\\\/\\\/www.actionproject.es\\\/blog\\\/herramientas-analisis-para-mejora-empresarial\\\/#primaryimage\"},\"thumbnailUrl\":\"https:\\\/\\\/www.actionproject.es\\\/wp-content\\\/uploads\\\/2025\\\/07\\\/mejora-empresarial.jpg\",\"keywords\":[\"an\u00e1lisis de empresa\",\"gesti\u00f3n de proyectos empresariales\",\"herramientas de an\u00e1lisis\",\"mejora empresarial\",\"optimizar objetivos\"],\"articleSection\":[\"Estrategia empresarial\"],\"inLanguage\":\"en-GB\"},{\"@type\":\"WebPage\",\"@id\":\"https:\\\/\\\/www.actionproject.es\\\/blog\\\/herramientas-analisis-para-mejora-empresarial\\\/\",\"url\":\"https:\\\/\\\/www.actionproject.es\\\/blog\\\/herramientas-analisis-para-mejora-empresarial\\\/\",\"name\":\"El valor de las herramientas de an\u00e1lisis para la mejora empresarial - Action Project\",\"isPartOf\":{\"@id\":\"https:\\\/\\\/www.actionproject.es\\\/#website\"},\"primaryImageOfPage\":{\"@id\":\"https:\\\/\\\/www.actionproject.es\\\/blog\\\/herramientas-analisis-para-mejora-empresarial\\\/#primaryimage\"},\"image\":{\"@id\":\"https:\\\/\\\/www.actionproject.es\\\/blog\\\/herramientas-analisis-para-mejora-empresarial\\\/#primaryimage\"},\"thumbnailUrl\":\"https:\\\/\\\/www.actionproject.es\\\/wp-content\\\/uploads\\\/2025\\\/07\\\/mejora-empresarial.jpg\",\"datePublished\":\"2021-06-09T05:57:05+00:00\",\"dateModified\":\"2025-07-02T09:13:07+00:00\",\"breadcrumb\":{\"@id\":\"https:\\\/\\\/www.actionproject.es\\\/blog\\\/herramientas-analisis-para-mejora-empresarial\\\/#breadcrumb\"},\"inLanguage\":\"en-GB\",\"potentialAction\":[{\"@type\":\"ReadAction\",\"target\":[\"https:\\\/\\\/www.actionproject.es\\\/blog\\\/herramientas-analisis-para-mejora-empresarial\\\/\"]}]},{\"@type\":\"ImageObject\",\"inLanguage\":\"en-GB\",\"@id\":\"https:\\\/\\\/www.actionproject.es\\\/blog\\\/herramientas-analisis-para-mejora-empresarial\\\/#primaryimage\",\"url\":\"https:\\\/\\\/www.actionproject.es\\\/wp-content\\\/uploads\\\/2025\\\/07\\\/mejora-empresarial.jpg\",\"contentUrl\":\"https:\\\/\\\/www.actionproject.es\\\/wp-content\\\/uploads\\\/2025\\\/07\\\/mejora-empresarial.jpg\",\"width\":1200,\"height\":800},{\"@type\":\"BreadcrumbList\",\"@id\":\"https:\\\/\\\/www.actionproject.es\\\/blog\\\/herramientas-analisis-para-mejora-empresarial\\\/#breadcrumb\",\"itemListElement\":[{\"@type\":\"ListItem\",\"position\":1,\"name\":\"Portada\",\"item\":\"https:\\\/\\\/www.actionproject.es\\\/\"},{\"@type\":\"ListItem\",\"position\":2,\"name\":\"El valor de las herramientas de an\u00e1lisis para la mejora empresarial\"}]},{\"@type\":\"WebSite\",\"@id\":\"https:\\\/\\\/www.actionproject.es\\\/#website\",\"url\":\"https:\\\/\\\/www.actionproject.es\\\/\",\"name\":\"Action Project\",\"description\":\"\",\"publisher\":{\"@id\":\"https:\\\/\\\/www.actionproject.es\\\/#organization\"},\"potentialAction\":[{\"@type\":\"SearchAction\",\"target\":{\"@type\":\"EntryPoint\",\"urlTemplate\":\"https:\\\/\\\/www.actionproject.es\\\/?s={search_term_string}\"},\"query-input\":{\"@type\":\"PropertyValueSpecification\",\"valueRequired\":true,\"valueName\":\"search_term_string\"}}],\"inLanguage\":\"en-GB\"},{\"@type\":\"Organization\",\"@id\":\"https:\\\/\\\/www.actionproject.es\\\/#organization\",\"name\":\"Action Project\",\"url\":\"https:\\\/\\\/www.actionproject.es\\\/\",\"logo\":{\"@type\":\"ImageObject\",\"inLanguage\":\"en-GB\",\"@id\":\"https:\\\/\\\/www.actionproject.es\\\/#\\\/schema\\\/logo\\\/image\\\/\",\"url\":\"https:\\\/\\\/www.actionproject.es\\\/wp-content\\\/uploads\\\/2025\\\/02\\\/favicon-action.png\",\"contentUrl\":\"https:\\\/\\\/www.actionproject.es\\\/wp-content\\\/uploads\\\/2025\\\/02\\\/favicon-action.png\",\"width\":512,\"height\":512,\"caption\":\"Action Project\"},\"image\":{\"@id\":\"https:\\\/\\\/www.actionproject.es\\\/#\\\/schema\\\/logo\\\/image\\\/\"}},{\"@type\":\"Person\",\"@id\":\"https:\\\/\\\/www.actionproject.es\\\/#\\\/schema\\\/person\\\/01aa5bb80cabd3235975fa1fccb16e23\",\"name\":\"Juanma\",\"image\":{\"@type\":\"ImageObject\",\"inLanguage\":\"en-GB\",\"@id\":\"https:\\\/\\\/secure.gravatar.com\\\/avatar\\\/85f0c3c9ba6a2b2ba51b0df3346eaf50cafa606989920561324eac0dd1c938f4?s=96&d=mm&r=g\",\"url\":\"https:\\\/\\\/secure.gravatar.com\\\/avatar\\\/85f0c3c9ba6a2b2ba51b0df3346eaf50cafa606989920561324eac0dd1c938f4?s=96&d=mm&r=g\",\"contentUrl\":\"https:\\\/\\\/secure.gravatar.com\\\/avatar\\\/85f0c3c9ba6a2b2ba51b0df3346eaf50cafa606989920561324eac0dd1c938f4?s=96&d=mm&r=g\",\"caption\":\"Juanma\"},\"url\":\"https:\\\/\\\/www.actionproject.es\\\/en_gb\\\/blog\\\/author\\\/juanma\\\/\"}]}<\/script>\n<!-- \/ Yoast SEO plugin. -->","yoast_head_json":{"title":"El valor de las herramientas de an\u00e1lisis para la mejora empresarial - Action Project","robots":{"index":"index","follow":"follow","max-snippet":"max-snippet:-1","max-image-preview":"max-image-preview:large","max-video-preview":"max-video-preview:-1"},"canonical":"https:\/\/www.actionproject.es\/en_gb\/blog\/herramientas-analisis-para-mejora-empresarial\/","og_locale":"en_GB","og_type":"article","og_title":"El valor de las herramientas de an\u00e1lisis para la mejora empresarial - Action Project","og_description":"Con el paso del tiempo la tecnolog\u00eda y la manera de trabajar evoluciona. Por eso es crucial poner foco en lo que realmente importa: adaptarse a las tendencias para conseguir una mejora empresarial.","og_url":"https:\/\/www.actionproject.es\/en_gb\/blog\/herramientas-analisis-para-mejora-empresarial\/","og_site_name":"Action Project","article_published_time":"2021-06-09T05:57:05+00:00","article_modified_time":"2025-07-02T09:13:07+00:00","og_image":[{"width":1200,"height":800,"url":"https:\/\/www.actionproject.es\/wp-content\/uploads\/2025\/07\/mejora-empresarial.jpg","type":"image\/jpeg"}],"author":"Juanma","twitter_card":"summary_large_image","twitter_misc":{"Written by":"Juanma","Estimated reading time":"2 minutes"},"schema":{"@context":"https:\/\/schema.org","@graph":[{"@type":"Article","@id":"https:\/\/www.actionproject.es\/blog\/herramientas-analisis-para-mejora-empresarial\/#article","isPartOf":{"@id":"https:\/\/www.actionproject.es\/blog\/herramientas-analisis-para-mejora-empresarial\/"},"author":{"name":"Juanma","@id":"https:\/\/www.actionproject.es\/#\/schema\/person\/01aa5bb80cabd3235975fa1fccb16e23"},"headline":"El valor de las herramientas de an\u00e1lisis para la mejora empresarial","datePublished":"2021-06-09T05:57:05+00:00","dateModified":"2025-07-02T09:13:07+00:00","mainEntityOfPage":{"@id":"https:\/\/www.actionproject.es\/blog\/herramientas-analisis-para-mejora-empresarial\/"},"wordCount":395,"publisher":{"@id":"https:\/\/www.actionproject.es\/#organization"},"image":{"@id":"https:\/\/www.actionproject.es\/blog\/herramientas-analisis-para-mejora-empresarial\/#primaryimage"},"thumbnailUrl":"https:\/\/www.actionproject.es\/wp-content\/uploads\/2025\/07\/mejora-empresarial.jpg","keywords":["an\u00e1lisis de empresa","gesti\u00f3n de proyectos empresariales","herramientas de an\u00e1lisis","mejora empresarial","optimizar objetivos"],"articleSection":["Estrategia empresarial"],"inLanguage":"en-GB"},{"@type":"WebPage","@id":"https:\/\/www.actionproject.es\/blog\/herramientas-analisis-para-mejora-empresarial\/","url":"https:\/\/www.actionproject.es\/blog\/herramientas-analisis-para-mejora-empresarial\/","name":"El valor de las herramientas de an\u00e1lisis para la mejora empresarial - Action Project","isPartOf":{"@id":"https:\/\/www.actionproject.es\/#website"},"primaryImageOfPage":{"@id":"https:\/\/www.actionproject.es\/blog\/herramientas-analisis-para-mejora-empresarial\/#primaryimage"},"image":{"@id":"https:\/\/www.actionproject.es\/blog\/herramientas-analisis-para-mejora-empresarial\/#primaryimage"},"thumbnailUrl":"https:\/\/www.actionproject.es\/wp-content\/uploads\/2025\/07\/mejora-empresarial.jpg","datePublished":"2021-06-09T05:57:05+00:00","dateModified":"2025-07-02T09:13:07+00:00","breadcrumb":{"@id":"https:\/\/www.actionproject.es\/blog\/herramientas-analisis-para-mejora-empresarial\/#breadcrumb"},"inLanguage":"en-GB","potentialAction":[{"@type":"ReadAction","target":["https:\/\/www.actionproject.es\/blog\/herramientas-analisis-para-mejora-empresarial\/"]}]},{"@type":"ImageObject","inLanguage":"en-GB","@id":"https:\/\/www.actionproject.es\/blog\/herramientas-analisis-para-mejora-empresarial\/#primaryimage","url":"https:\/\/www.actionproject.es\/wp-content\/uploads\/2025\/07\/mejora-empresarial.jpg","contentUrl":"https:\/\/www.actionproject.es\/wp-content\/uploads\/2025\/07\/mejora-empresarial.jpg","width":1200,"height":800},{"@type":"BreadcrumbList","@id":"https:\/\/www.actionproject.es\/blog\/herramientas-analisis-para-mejora-empresarial\/#breadcrumb","itemListElement":[{"@type":"ListItem","position":1,"name":"Portada","item":"https:\/\/www.actionproject.es\/"},{"@type":"ListItem","position":2,"name":"El valor de las herramientas de an\u00e1lisis para la mejora empresarial"}]},{"@type":"WebSite","@id":"https:\/\/www.actionproject.es\/#website","url":"https:\/\/www.actionproject.es\/","name":"Action Project","description":"","publisher":{"@id":"https:\/\/www.actionproject.es\/#organization"},"potentialAction":[{"@type":"SearchAction","target":{"@type":"EntryPoint","urlTemplate":"https:\/\/www.actionproject.es\/?s={search_term_string}"},"query-input":{"@type":"PropertyValueSpecification","valueRequired":true,"valueName":"search_term_string"}}],"inLanguage":"en-GB"},{"@type":"Organization","@id":"https:\/\/www.actionproject.es\/#organization","name":"Action Project","url":"https:\/\/www.actionproject.es\/","logo":{"@type":"ImageObject","inLanguage":"en-GB","@id":"https:\/\/www.actionproject.es\/#\/schema\/logo\/image\/","url":"https:\/\/www.actionproject.es\/wp-content\/uploads\/2025\/02\/favicon-action.png","contentUrl":"https:\/\/www.actionproject.es\/wp-content\/uploads\/2025\/02\/favicon-action.png","width":512,"height":512,"caption":"Action Project"},"image":{"@id":"https:\/\/www.actionproject.es\/#\/schema\/logo\/image\/"}},{"@type":"Person","@id":"https:\/\/www.actionproject.es\/#\/schema\/person\/01aa5bb80cabd3235975fa1fccb16e23","name":"Juanma","image":{"@type":"ImageObject","inLanguage":"en-GB","@id":"https:\/\/secure.gravatar.com\/avatar\/85f0c3c9ba6a2b2ba51b0df3346eaf50cafa606989920561324eac0dd1c938f4?s=96&d=mm&r=g","url":"https:\/\/secure.gravatar.com\/avatar\/85f0c3c9ba6a2b2ba51b0df3346eaf50cafa606989920561324eac0dd1c938f4?s=96&d=mm&r=g","contentUrl":"https:\/\/secure.gravatar.com\/avatar\/85f0c3c9ba6a2b2ba51b0df3346eaf50cafa606989920561324eac0dd1c938f4?s=96&d=mm&r=g","caption":"Juanma"},"url":"https:\/\/www.actionproject.es\/en_gb\/blog\/author\/juanma\/"}]}},"_links":{"self":[{"href":"https:\/\/www.actionproject.es\/en_gb\/wp-json\/wp\/v2\/posts\/1311","targetHints":{"allow":["GET"]}}],"collection":[{"href":"https:\/\/www.actionproject.es\/en_gb\/wp-json\/wp\/v2\/posts"}],"about":[{"href":"https:\/\/www.actionproject.es\/en_gb\/wp-json\/wp\/v2\/types\/post"}],"author":[{"embeddable":true,"href":"https:\/\/www.actionproject.es\/en_gb\/wp-json\/wp\/v2\/users\/2"}],"replies":[{"embeddable":true,"href":"https:\/\/www.actionproject.es\/en_gb\/wp-json\/wp\/v2\/comments?post=1311"}],"version-history":[{"count":1,"href":"https:\/\/www.actionproject.es\/en_gb\/wp-json\/wp\/v2\/posts\/1311\/revisions"}],"predecessor-version":[{"id":1573,"href":"https:\/\/www.actionproject.es\/en_gb\/wp-json\/wp\/v2\/posts\/1311\/revisions\/1573"}],"wp:featuredmedia":[{"embeddable":true,"href":"https:\/\/www.actionproject.es\/en_gb\/wp-json\/wp\/v2\/media\/1489"}],"wp:attachment":[{"href":"https:\/\/www.actionproject.es\/en_gb\/wp-json\/wp\/v2\/media?parent=1311"}],"wp:term":[{"taxonomy":"category","embeddable":true,"href":"https:\/\/www.actionproject.es\/en_gb\/wp-json\/wp\/v2\/categories?post=1311"},{"taxonomy":"post_tag","embeddable":true,"href":"https:\/\/www.actionproject.es\/en_gb\/wp-json\/wp\/v2\/tags?post=1311"}],"curies":[{"name":"wp","href":"https:\/\/api.w.org\/{rel}","templated":true}]}}