{"id":1313,"date":"2021-07-06T07:32:00","date_gmt":"2021-07-06T05:32:00","guid":{"rendered":"https:\/\/www.actionproject.es\/blog\/5-formas-para-humanizar-tu-marca\/"},"modified":"2025-07-02T11:13:07","modified_gmt":"2025-07-02T09:13:07","slug":"5-formas-para-humanizar-tu-marca","status":"publish","type":"post","link":"https:\/\/www.actionproject.es\/en_gb\/blog\/5-formas-para-humanizar-tu-marca\/","title":{"rendered":"Te contamos 5 formas para humanizar tu marca"},"content":{"rendered":"<p>Para que te conozcan, es muy importante saber<strong> comunicarte de manera correcta<\/strong>, ya que a trav\u00e9s de la comunicaci\u00f3n \u2014escrita, visual o sensorial\u2014 das a conocer todo lo que puedes aportar a tus clientes.<\/p>\n<p>\u00a0<\/p>\n<h2>Descubre 5 maneras de humanizar tu marca<\/h2>\n<p>\u00a0<\/p>\n<ol>\n<li><strong>H\u00e1blales a las personas<\/strong><\/li>\n<\/ol>\n<p>Tu comunidad, seguidores, lectores, etc. son personas que te escuchan y comparten sus inquietudes por distintos medios. Por tanto, cuando te dirijas a ellos debes tener en cuenta que no son un n\u00famero o un seguidor, sino que tienes que conectar persona a persona con tu comunidad de forma activa y fomentar la conversaci\u00f3n entre t\u00fa como profesional de la marca y tus clientes o usuarios.<\/p>\n<p>\u00a0<\/p>\n<ol start=\"2\">\n<li><strong>Ten empat\u00eda<\/strong><\/li>\n<\/ol>\n<p>\u00bfQu\u00e9 les preocupa a tus usuarios? \u00bfQu\u00e9 esperan tus clientes de ti? \u00bfEst\u00e1n recibiendo el valor que les ofreces? Conecta con la persona que consume tu marca, porque entender sus necesidades e inquietudes te har\u00e1 entender c\u00f3mo puedes ayudarles. No se trata de fomentar una compra de un producto o servicio, sino de ofrecer unos beneficios extraordinarios.<\/p>\n<p>\u00a0<\/p>\n<ol start=\"3\">\n<li><strong>Crea experiencias<\/strong><\/li>\n<\/ol>\n<p>No recordamos lo que compramos, pero si recordamos lo que vivimos. Por eso, es el momento de crear experiencias. Sal de lo habitual para mostrar a tus compradores que eres especial y conecta con ellos. Genera experiencias diferentes para conseguir que tus clientes y usuarios tengan un recuerdo positivo de tu marca.<\/p>\n<p>\u00a0<\/p>\n<ol start=\"4\">\n<li><strong>Cuida de tu entorno<\/strong><\/li>\n<\/ol>\n<p>El entorno de la marca es muy importante para su desarrollo, por ello debes de cuidarlo, ser activo a nivel social y \u00e9tica. Tener un compromiso con la sociedad, el medio ambiente, cuidar la naturaleza, reducir la contaminaci\u00f3n en la medida de lo posible y cumplir con los derechos humanos.<\/p>\n<p>\u00a0<\/p>\n<ol start=\"5\">\n<li><strong>Protege a los empleados<\/strong><\/li>\n<\/ol>\n<p>Una marca o empresa est\u00e1 compuesta por un equipo de personas que deben ser respetadas. Ten en cuenta sus derechos, la satisfacci\u00f3n laboral, un buen ambiente de trabajo que de lugar a nuevas ideas, una comunicaci\u00f3n horizontal entre los equipos, igualitaria y de conciliaci\u00f3n con la vida personal.<\/p>\n<p>\u00a0<\/p>\n<h2>Genera una conexi\u00f3n entre tu marca y tus usuarios \u00a0<\/h2>\n<p>Estos cinco consejos son imprescindibles para una marca m\u00e1s humanizada, pero no son los \u00fanicos, ya que hay muchos condicionantes que hacen <strong>conectar la marca con las personas<\/strong>. El momento del consumismo forma parte de otra \u00e9poca. El cliente actual est\u00e1 informado, se preocupa por aquello que consume y quiere sentirse representado con las marcas que compra, ya sea un producto o un servicio.<\/p>\n<p>\u00a0<\/p>\n<p>Adem\u00e1s, el mundo globalizado ha creado un exceso de oferta y de sobreinformaci\u00f3n que hace m\u00e1s dif\u00edcil <strong>diferenciarse en el mercado<\/strong>. De aqu\u00ed que sea de suma importancia conectar con tus clientes de forma diferencial, crear experiencias, fomentar la empat\u00eda, comunicarte con los usuarios y hacerlos formar parte de la empresa, as\u00ed como la empresa forma parte de ellos.<\/p>\n<p>\u00a0<\/p>\n<p>De la misma forma, generar esta <strong>experiencia<\/strong> con cada una de las personas de tu entorno: colaboradores, proveedores, administraci\u00f3n p\u00fablica, etc. Cuidar cada detalle y sumar valor con cada uno de ellos y con las empresas con las que te relacionas te har\u00e1 \u00fanico.<\/p>\n<p>\u00a0<\/p>\n<p>Por \u00faltimo, recalcar que, a trav\u00e9s de medios de comunicaci\u00f3n como redes sociales, blog, v\u00eddeos, experiencias online y offline, etc., puedes <strong>fomentar la humanizaci\u00f3n de la marca<\/strong>. Si tienes muy bien definida la misi\u00f3n, visi\u00f3n y valores de la empresa, as\u00ed como el prop\u00f3sito y lo sabes comunicar, habr\u00e1s conseguido dar un paso m\u00e1s con tu organizaci\u00f3n.<\/p>\n<p>\u00a0<\/p>\n<p>Jessica Carolina Hidalgo Gamero<\/p>\n<p>Social Media Manager (<a href=\"http:\/\/www.jessicahidalgo.es\" target=\"_blank\" rel=\"noopener noreferrer\">www.jessicahidalgo.es<\/a>)<\/p>","protected":false},"excerpt":{"rendered":"<p>A trav\u00e9s de tu marca comercial o personal creas una imagen para las personas que han tenido alguna experiencia contigo. Por ello, no puedes considerar la marca como un concepto aislado de las personas y la sociedad, sino que debe tener <strong>personalidad propia y conectar con tu p\u00fabico objetivo<\/strong>.<\/p>","protected":false},"author":2,"featured_media":1460,"comment_status":"closed","ping_status":"open","sticky":false,"template":"","format":"standard","meta":{"_acf_changed":false,"_joinchat":[],"footnotes":""},"categories":[10],"tags":[166,167,163,164,165],"class_list":["post-1313","post","type-post","status-publish","format-standard","has-post-thumbnail","hentry","category-estrategia-empresarial","tag-conectar-con-el-usuario","tag-humanizacion-de-la-empresa","tag-humanizar-tu-marca","tag-marca-comercial","tag-marca-personal"],"acf":[],"aioseo_notices":[],"yoast_head":"<!-- This site is optimized with the Yoast SEO plugin v27.3 - https:\/\/yoast.com\/product\/yoast-seo-wordpress\/ -->\n<title>Te contamos 5 formas para humanizar tu marca - Action Project<\/title>\n<meta name=\"robots\" content=\"index, follow, max-snippet:-1, max-image-preview:large, max-video-preview:-1\" \/>\n<link rel=\"canonical\" href=\"https:\/\/www.actionproject.es\/en_gb\/blog\/5-formas-para-humanizar-tu-marca\/\" \/>\n<meta property=\"og:locale\" content=\"en_GB\" \/>\n<meta property=\"og:type\" content=\"article\" \/>\n<meta property=\"og:title\" content=\"Te contamos 5 formas para humanizar tu marca - Action Project\" \/>\n<meta property=\"og:description\" content=\"A trav\u00e9s de tu marca comercial o personal creas una imagen para las personas que han tenido alguna experiencia contigo. Por ello, no puedes considerar la marca como un concepto aislado de las personas y la sociedad, sino que debe tener personalidad propia y conectar con tu p\u00fabico objetivo.\" \/>\n<meta property=\"og:url\" content=\"https:\/\/www.actionproject.es\/en_gb\/blog\/5-formas-para-humanizar-tu-marca\/\" \/>\n<meta property=\"og:site_name\" content=\"Action Project\" \/>\n<meta property=\"article:published_time\" content=\"2021-07-06T05:32:00+00:00\" \/>\n<meta property=\"article:modified_time\" content=\"2025-07-02T09:13:07+00:00\" \/>\n<meta property=\"og:image\" content=\"https:\/\/www.actionproject.es\/wp-content\/uploads\/2025\/07\/humanizar-la-marca.jpg\" \/>\n\t<meta property=\"og:image:width\" content=\"1200\" \/>\n\t<meta property=\"og:image:height\" content=\"800\" \/>\n\t<meta property=\"og:image:type\" content=\"image\/jpeg\" \/>\n<meta name=\"author\" content=\"Juanma\" \/>\n<meta name=\"twitter:card\" content=\"summary_large_image\" \/>\n<meta name=\"twitter:label1\" content=\"Written by\" \/>\n\t<meta name=\"twitter:data1\" content=\"Juanma\" \/>\n\t<meta name=\"twitter:label2\" content=\"Estimated reading time\" \/>\n\t<meta name=\"twitter:data2\" content=\"3 minutes\" \/>\n<script type=\"application\/ld+json\" class=\"yoast-schema-graph\">{\"@context\":\"https:\\\/\\\/schema.org\",\"@graph\":[{\"@type\":\"Article\",\"@id\":\"https:\\\/\\\/www.actionproject.es\\\/blog\\\/5-formas-para-humanizar-tu-marca\\\/#article\",\"isPartOf\":{\"@id\":\"https:\\\/\\\/www.actionproject.es\\\/blog\\\/5-formas-para-humanizar-tu-marca\\\/\"},\"author\":{\"name\":\"Juanma\",\"@id\":\"https:\\\/\\\/www.actionproject.es\\\/#\\\/schema\\\/person\\\/01aa5bb80cabd3235975fa1fccb16e23\"},\"headline\":\"Te contamos 5 formas para humanizar tu marca\",\"datePublished\":\"2021-07-06T05:32:00+00:00\",\"dateModified\":\"2025-07-02T09:13:07+00:00\",\"mainEntityOfPage\":{\"@id\":\"https:\\\/\\\/www.actionproject.es\\\/blog\\\/5-formas-para-humanizar-tu-marca\\\/\"},\"wordCount\":610,\"publisher\":{\"@id\":\"https:\\\/\\\/www.actionproject.es\\\/#organization\"},\"image\":{\"@id\":\"https:\\\/\\\/www.actionproject.es\\\/blog\\\/5-formas-para-humanizar-tu-marca\\\/#primaryimage\"},\"thumbnailUrl\":\"https:\\\/\\\/www.actionproject.es\\\/wp-content\\\/uploads\\\/2025\\\/07\\\/humanizar-la-marca.jpg\",\"keywords\":[\"conectar con el usuario\",\"humanizaci\u00f3n de la empresa\",\"humanizar tu marca\",\"marca comercial\",\"marca personal\"],\"articleSection\":[\"Estrategia empresarial\"],\"inLanguage\":\"en-GB\"},{\"@type\":\"WebPage\",\"@id\":\"https:\\\/\\\/www.actionproject.es\\\/blog\\\/5-formas-para-humanizar-tu-marca\\\/\",\"url\":\"https:\\\/\\\/www.actionproject.es\\\/blog\\\/5-formas-para-humanizar-tu-marca\\\/\",\"name\":\"Te contamos 5 formas para humanizar tu marca - Action Project\",\"isPartOf\":{\"@id\":\"https:\\\/\\\/www.actionproject.es\\\/#website\"},\"primaryImageOfPage\":{\"@id\":\"https:\\\/\\\/www.actionproject.es\\\/blog\\\/5-formas-para-humanizar-tu-marca\\\/#primaryimage\"},\"image\":{\"@id\":\"https:\\\/\\\/www.actionproject.es\\\/blog\\\/5-formas-para-humanizar-tu-marca\\\/#primaryimage\"},\"thumbnailUrl\":\"https:\\\/\\\/www.actionproject.es\\\/wp-content\\\/uploads\\\/2025\\\/07\\\/humanizar-la-marca.jpg\",\"datePublished\":\"2021-07-06T05:32:00+00:00\",\"dateModified\":\"2025-07-02T09:13:07+00:00\",\"breadcrumb\":{\"@id\":\"https:\\\/\\\/www.actionproject.es\\\/blog\\\/5-formas-para-humanizar-tu-marca\\\/#breadcrumb\"},\"inLanguage\":\"en-GB\",\"potentialAction\":[{\"@type\":\"ReadAction\",\"target\":[\"https:\\\/\\\/www.actionproject.es\\\/blog\\\/5-formas-para-humanizar-tu-marca\\\/\"]}]},{\"@type\":\"ImageObject\",\"inLanguage\":\"en-GB\",\"@id\":\"https:\\\/\\\/www.actionproject.es\\\/blog\\\/5-formas-para-humanizar-tu-marca\\\/#primaryimage\",\"url\":\"https:\\\/\\\/www.actionproject.es\\\/wp-content\\\/uploads\\\/2025\\\/07\\\/humanizar-la-marca.jpg\",\"contentUrl\":\"https:\\\/\\\/www.actionproject.es\\\/wp-content\\\/uploads\\\/2025\\\/07\\\/humanizar-la-marca.jpg\",\"width\":1200,\"height\":800},{\"@type\":\"BreadcrumbList\",\"@id\":\"https:\\\/\\\/www.actionproject.es\\\/blog\\\/5-formas-para-humanizar-tu-marca\\\/#breadcrumb\",\"itemListElement\":[{\"@type\":\"ListItem\",\"position\":1,\"name\":\"Portada\",\"item\":\"https:\\\/\\\/www.actionproject.es\\\/\"},{\"@type\":\"ListItem\",\"position\":2,\"name\":\"Te contamos 5 formas para humanizar tu marca\"}]},{\"@type\":\"WebSite\",\"@id\":\"https:\\\/\\\/www.actionproject.es\\\/#website\",\"url\":\"https:\\\/\\\/www.actionproject.es\\\/\",\"name\":\"Action Project\",\"description\":\"\",\"publisher\":{\"@id\":\"https:\\\/\\\/www.actionproject.es\\\/#organization\"},\"potentialAction\":[{\"@type\":\"SearchAction\",\"target\":{\"@type\":\"EntryPoint\",\"urlTemplate\":\"https:\\\/\\\/www.actionproject.es\\\/?s={search_term_string}\"},\"query-input\":{\"@type\":\"PropertyValueSpecification\",\"valueRequired\":true,\"valueName\":\"search_term_string\"}}],\"inLanguage\":\"en-GB\"},{\"@type\":\"Organization\",\"@id\":\"https:\\\/\\\/www.actionproject.es\\\/#organization\",\"name\":\"Action Project\",\"url\":\"https:\\\/\\\/www.actionproject.es\\\/\",\"logo\":{\"@type\":\"ImageObject\",\"inLanguage\":\"en-GB\",\"@id\":\"https:\\\/\\\/www.actionproject.es\\\/#\\\/schema\\\/logo\\\/image\\\/\",\"url\":\"https:\\\/\\\/www.actionproject.es\\\/wp-content\\\/uploads\\\/2025\\\/02\\\/favicon-action.png\",\"contentUrl\":\"https:\\\/\\\/www.actionproject.es\\\/wp-content\\\/uploads\\\/2025\\\/02\\\/favicon-action.png\",\"width\":512,\"height\":512,\"caption\":\"Action Project\"},\"image\":{\"@id\":\"https:\\\/\\\/www.actionproject.es\\\/#\\\/schema\\\/logo\\\/image\\\/\"}},{\"@type\":\"Person\",\"@id\":\"https:\\\/\\\/www.actionproject.es\\\/#\\\/schema\\\/person\\\/01aa5bb80cabd3235975fa1fccb16e23\",\"name\":\"Juanma\",\"image\":{\"@type\":\"ImageObject\",\"inLanguage\":\"en-GB\",\"@id\":\"https:\\\/\\\/secure.gravatar.com\\\/avatar\\\/85f0c3c9ba6a2b2ba51b0df3346eaf50cafa606989920561324eac0dd1c938f4?s=96&d=mm&r=g\",\"url\":\"https:\\\/\\\/secure.gravatar.com\\\/avatar\\\/85f0c3c9ba6a2b2ba51b0df3346eaf50cafa606989920561324eac0dd1c938f4?s=96&d=mm&r=g\",\"contentUrl\":\"https:\\\/\\\/secure.gravatar.com\\\/avatar\\\/85f0c3c9ba6a2b2ba51b0df3346eaf50cafa606989920561324eac0dd1c938f4?s=96&d=mm&r=g\",\"caption\":\"Juanma\"},\"url\":\"https:\\\/\\\/www.actionproject.es\\\/en_gb\\\/blog\\\/author\\\/juanma\\\/\"}]}<\/script>\n<!-- \/ Yoast SEO plugin. -->","yoast_head_json":{"title":"Te contamos 5 formas para humanizar tu marca - Action Project","robots":{"index":"index","follow":"follow","max-snippet":"max-snippet:-1","max-image-preview":"max-image-preview:large","max-video-preview":"max-video-preview:-1"},"canonical":"https:\/\/www.actionproject.es\/en_gb\/blog\/5-formas-para-humanizar-tu-marca\/","og_locale":"en_GB","og_type":"article","og_title":"Te contamos 5 formas para humanizar tu marca - Action Project","og_description":"A trav\u00e9s de tu marca comercial o personal creas una imagen para las personas que han tenido alguna experiencia contigo. Por ello, no puedes considerar la marca como un concepto aislado de las personas y la sociedad, sino que debe tener personalidad propia y conectar con tu p\u00fabico objetivo.","og_url":"https:\/\/www.actionproject.es\/en_gb\/blog\/5-formas-para-humanizar-tu-marca\/","og_site_name":"Action Project","article_published_time":"2021-07-06T05:32:00+00:00","article_modified_time":"2025-07-02T09:13:07+00:00","og_image":[{"width":1200,"height":800,"url":"https:\/\/www.actionproject.es\/wp-content\/uploads\/2025\/07\/humanizar-la-marca.jpg","type":"image\/jpeg"}],"author":"Juanma","twitter_card":"summary_large_image","twitter_misc":{"Written by":"Juanma","Estimated reading time":"3 minutes"},"schema":{"@context":"https:\/\/schema.org","@graph":[{"@type":"Article","@id":"https:\/\/www.actionproject.es\/blog\/5-formas-para-humanizar-tu-marca\/#article","isPartOf":{"@id":"https:\/\/www.actionproject.es\/blog\/5-formas-para-humanizar-tu-marca\/"},"author":{"name":"Juanma","@id":"https:\/\/www.actionproject.es\/#\/schema\/person\/01aa5bb80cabd3235975fa1fccb16e23"},"headline":"Te contamos 5 formas para humanizar tu marca","datePublished":"2021-07-06T05:32:00+00:00","dateModified":"2025-07-02T09:13:07+00:00","mainEntityOfPage":{"@id":"https:\/\/www.actionproject.es\/blog\/5-formas-para-humanizar-tu-marca\/"},"wordCount":610,"publisher":{"@id":"https:\/\/www.actionproject.es\/#organization"},"image":{"@id":"https:\/\/www.actionproject.es\/blog\/5-formas-para-humanizar-tu-marca\/#primaryimage"},"thumbnailUrl":"https:\/\/www.actionproject.es\/wp-content\/uploads\/2025\/07\/humanizar-la-marca.jpg","keywords":["conectar con el usuario","humanizaci\u00f3n de la empresa","humanizar tu marca","marca comercial","marca personal"],"articleSection":["Estrategia empresarial"],"inLanguage":"en-GB"},{"@type":"WebPage","@id":"https:\/\/www.actionproject.es\/blog\/5-formas-para-humanizar-tu-marca\/","url":"https:\/\/www.actionproject.es\/blog\/5-formas-para-humanizar-tu-marca\/","name":"Te contamos 5 formas para humanizar tu marca - Action Project","isPartOf":{"@id":"https:\/\/www.actionproject.es\/#website"},"primaryImageOfPage":{"@id":"https:\/\/www.actionproject.es\/blog\/5-formas-para-humanizar-tu-marca\/#primaryimage"},"image":{"@id":"https:\/\/www.actionproject.es\/blog\/5-formas-para-humanizar-tu-marca\/#primaryimage"},"thumbnailUrl":"https:\/\/www.actionproject.es\/wp-content\/uploads\/2025\/07\/humanizar-la-marca.jpg","datePublished":"2021-07-06T05:32:00+00:00","dateModified":"2025-07-02T09:13:07+00:00","breadcrumb":{"@id":"https:\/\/www.actionproject.es\/blog\/5-formas-para-humanizar-tu-marca\/#breadcrumb"},"inLanguage":"en-GB","potentialAction":[{"@type":"ReadAction","target":["https:\/\/www.actionproject.es\/blog\/5-formas-para-humanizar-tu-marca\/"]}]},{"@type":"ImageObject","inLanguage":"en-GB","@id":"https:\/\/www.actionproject.es\/blog\/5-formas-para-humanizar-tu-marca\/#primaryimage","url":"https:\/\/www.actionproject.es\/wp-content\/uploads\/2025\/07\/humanizar-la-marca.jpg","contentUrl":"https:\/\/www.actionproject.es\/wp-content\/uploads\/2025\/07\/humanizar-la-marca.jpg","width":1200,"height":800},{"@type":"BreadcrumbList","@id":"https:\/\/www.actionproject.es\/blog\/5-formas-para-humanizar-tu-marca\/#breadcrumb","itemListElement":[{"@type":"ListItem","position":1,"name":"Portada","item":"https:\/\/www.actionproject.es\/"},{"@type":"ListItem","position":2,"name":"Te contamos 5 formas para humanizar tu marca"}]},{"@type":"WebSite","@id":"https:\/\/www.actionproject.es\/#website","url":"https:\/\/www.actionproject.es\/","name":"Action Project","description":"","publisher":{"@id":"https:\/\/www.actionproject.es\/#organization"},"potentialAction":[{"@type":"SearchAction","target":{"@type":"EntryPoint","urlTemplate":"https:\/\/www.actionproject.es\/?s={search_term_string}"},"query-input":{"@type":"PropertyValueSpecification","valueRequired":true,"valueName":"search_term_string"}}],"inLanguage":"en-GB"},{"@type":"Organization","@id":"https:\/\/www.actionproject.es\/#organization","name":"Action Project","url":"https:\/\/www.actionproject.es\/","logo":{"@type":"ImageObject","inLanguage":"en-GB","@id":"https:\/\/www.actionproject.es\/#\/schema\/logo\/image\/","url":"https:\/\/www.actionproject.es\/wp-content\/uploads\/2025\/02\/favicon-action.png","contentUrl":"https:\/\/www.actionproject.es\/wp-content\/uploads\/2025\/02\/favicon-action.png","width":512,"height":512,"caption":"Action Project"},"image":{"@id":"https:\/\/www.actionproject.es\/#\/schema\/logo\/image\/"}},{"@type":"Person","@id":"https:\/\/www.actionproject.es\/#\/schema\/person\/01aa5bb80cabd3235975fa1fccb16e23","name":"Juanma","image":{"@type":"ImageObject","inLanguage":"en-GB","@id":"https:\/\/secure.gravatar.com\/avatar\/85f0c3c9ba6a2b2ba51b0df3346eaf50cafa606989920561324eac0dd1c938f4?s=96&d=mm&r=g","url":"https:\/\/secure.gravatar.com\/avatar\/85f0c3c9ba6a2b2ba51b0df3346eaf50cafa606989920561324eac0dd1c938f4?s=96&d=mm&r=g","contentUrl":"https:\/\/secure.gravatar.com\/avatar\/85f0c3c9ba6a2b2ba51b0df3346eaf50cafa606989920561324eac0dd1c938f4?s=96&d=mm&r=g","caption":"Juanma"},"url":"https:\/\/www.actionproject.es\/en_gb\/blog\/author\/juanma\/"}]}},"_links":{"self":[{"href":"https:\/\/www.actionproject.es\/en_gb\/wp-json\/wp\/v2\/posts\/1313","targetHints":{"allow":["GET"]}}],"collection":[{"href":"https:\/\/www.actionproject.es\/en_gb\/wp-json\/wp\/v2\/posts"}],"about":[{"href":"https:\/\/www.actionproject.es\/en_gb\/wp-json\/wp\/v2\/types\/post"}],"author":[{"embeddable":true,"href":"https:\/\/www.actionproject.es\/en_gb\/wp-json\/wp\/v2\/users\/2"}],"replies":[{"embeddable":true,"href":"https:\/\/www.actionproject.es\/en_gb\/wp-json\/wp\/v2\/comments?post=1313"}],"version-history":[{"count":1,"href":"https:\/\/www.actionproject.es\/en_gb\/wp-json\/wp\/v2\/posts\/1313\/revisions"}],"predecessor-version":[{"id":1575,"href":"https:\/\/www.actionproject.es\/en_gb\/wp-json\/wp\/v2\/posts\/1313\/revisions\/1575"}],"wp:featuredmedia":[{"embeddable":true,"href":"https:\/\/www.actionproject.es\/en_gb\/wp-json\/wp\/v2\/media\/1460"}],"wp:attachment":[{"href":"https:\/\/www.actionproject.es\/en_gb\/wp-json\/wp\/v2\/media?parent=1313"}],"wp:term":[{"taxonomy":"category","embeddable":true,"href":"https:\/\/www.actionproject.es\/en_gb\/wp-json\/wp\/v2\/categories?post=1313"},{"taxonomy":"post_tag","embeddable":true,"href":"https:\/\/www.actionproject.es\/en_gb\/wp-json\/wp\/v2\/tags?post=1313"}],"curies":[{"name":"wp","href":"https:\/\/api.w.org\/{rel}","templated":true}]}}