{"id":1317,"date":"2021-08-31T10:03:06","date_gmt":"2021-08-31T08:03:06","guid":{"rendered":"https:\/\/www.actionproject.es\/blog\/direccion-estrategica-clave-exito-empresa\/"},"modified":"2025-07-02T11:13:07","modified_gmt":"2025-07-02T09:13:07","slug":"direccion-estrategica-clave-exito-empresa","status":"publish","type":"post","link":"https:\/\/www.actionproject.es\/en_gb\/blog\/direccion-estrategica-clave-exito-empresa\/","title":{"rendered":"Direcci\u00f3n estrat\u00e9gica: la clave para el \u00e9xito de tu empresa"},"content":{"rendered":"<p>Mejorar el desarrollo empresarial, te permitir\u00e1 asegurar la supervivencia de la compa\u00f1\u00eda a largo plazo. Dile adi\u00f3s a la incertidumbre de la estrategia de tu negocio, es el momento marcar los criterios generales que te permitan <strong>delimitar objetivos y organizar el trabajo de manera efectiva<\/strong>.<\/p>\n<p>\u00a0<\/p>\n<h2>Fases del sistema de la direcci\u00f3n estrat\u00e9gica<\/h2>\n<p>The <strong>direcci\u00f3n estrat\u00e9gica<\/strong> es un procedimiento que te permite analizar y aprender del entorno interno de la compa\u00f1\u00eda, as\u00ed como del externo en relaci\u00f3n a la competencia. Debe ser una estrategia flexible, capaz de adaptarse a cada momento para aportar el valor que necesita el cliente.<\/p>\n<p>Existen <strong>tres fases del proceso de la direcci\u00f3n estrat\u00e9gica<\/strong> que se interrelacionan a lo largo de su desarrollo:<\/p>\n<ul>\n<li><strong>An\u00e1lisis de los objetivos estrat\u00e9gicos<\/strong>. Lo primero es analizar los factores externos e internos que envuelven a tu empresa. Esto es lo que se conoce como an\u00e1lisis DAFO: conjunto de debilidades y fortalezas (internos) y amenazas y oportunidades (externos) que pueden afectar a la empresa. Tambi\u00e9n se determinan la misi\u00f3n de la compa\u00f1\u00eda y los objetivos a corto y largo plazo para poder alcanzar esa misi\u00f3n.<\/li>\n<\/ul>\n<p>\u00a0<\/p>\n<ul>\n<li><strong>Planificaci\u00f3n de estrategias<\/strong>. Se plantean alternativas estrat\u00e9gicas para alcanzar esos objetivos que nos hemos marcado. Es el momento de definir las direcciones de los modelos de negocio y los m\u00e9todos para hacer crecer la empresa. Por ello, se deben formular distintas estrategias funcionales y elegir la m\u00e1s adecuada para conseguir esos objetivos.<\/li>\n<\/ul>\n<p>\u00a0<\/p>\n<ul>\n<li><strong>Implementaci\u00f3n de la estrategia<\/strong>. Tras analizar y definir el plan estrat\u00e9gico, es hora de ponerlo en marcha. Adem\u00e1s, hay que tener en cuenta que, una vez implantada, se debe controlar y medir. Esto es porque ser\u00e1 complicado conocer su efectividad si no obtenemos un resultado.<\/li>\n<\/ul>\n<p>\u00a0<\/p>\n<p>En cualquier caso, la direcci\u00f3n tambi\u00e9n implica <a href=\"https:\/\/www.actionproject.es\/en_gb\/blog\/8-habilidades-directivas-ser-un-buen-lider\/\">liderazgo de equipo.<\/a> The <strong>direcci\u00f3n estrat\u00e9gica no involucra solo rentabilidad<\/strong>, sino que es una forma de guiar a una empresa por el camino correcto y generar utilidad.<\/p>\n<p>Si quieres alcanzar tus <strong>prop\u00f3sitos empresariales<\/strong>, primero debes entenderlos. <a href=\"\/en_gb\/servicios\/profesionalizacion-de-la-empresa\/\">Mejora las operaciones y productividad de tu empresa con ActionProject<\/a>.<\/p>","protected":false},"excerpt":{"rendered":"<p>\u00bfCrees que existe algo que limita a tu empresa, pero no sabes el qu\u00e9? Es posible que, si no prestas demasiada atenci\u00f3n al rumbo de tu negocio, llegue un punto en el que est\u00e9s perdido. Es hora de centrarte en la <strong>estrategia directiva de tu empresa<\/strong>.<\/p>","protected":false},"author":2,"featured_media":1432,"comment_status":"closed","ping_status":"open","sticky":false,"template":"","format":"standard","meta":{"_acf_changed":false,"_joinchat":[],"footnotes":""},"categories":[10],"tags":[181,179,180,161,37],"class_list":["post-1317","post","type-post","status-publish","format-standard","has-post-thumbnail","hentry","category-estrategia-empresarial","tag-analisis-estrategico","tag-direccion-estrategica","tag-estrategia-directiva","tag-objetivos-de-negocio","tag-planificacion"],"acf":[],"aioseo_notices":[],"yoast_head":"<!-- This site is optimized with the Yoast SEO plugin v27.3 - https:\/\/yoast.com\/product\/yoast-seo-wordpress\/ -->\n<title>Direcci\u00f3n estrat\u00e9gica: la clave para el \u00e9xito de tu empresa - Action Project<\/title>\n<meta name=\"robots\" content=\"index, follow, max-snippet:-1, max-image-preview:large, max-video-preview:-1\" \/>\n<link rel=\"canonical\" href=\"https:\/\/www.actionproject.es\/en_gb\/blog\/direccion-estrategica-clave-exito-empresa\/\" \/>\n<meta property=\"og:locale\" content=\"en_GB\" \/>\n<meta property=\"og:type\" content=\"article\" \/>\n<meta property=\"og:title\" content=\"Direcci\u00f3n estrat\u00e9gica: la clave para el \u00e9xito de tu empresa - Action Project\" \/>\n<meta property=\"og:description\" content=\"\u00bfCrees que existe algo que limita a tu empresa, pero no sabes el qu\u00e9? Es posible que, si no prestas demasiada atenci\u00f3n al rumbo de tu negocio, llegue un punto en el que est\u00e9s perdido. Es hora de centrarte en la estrategia directiva de tu empresa.\" \/>\n<meta property=\"og:url\" content=\"https:\/\/www.actionproject.es\/en_gb\/blog\/direccion-estrategica-clave-exito-empresa\/\" \/>\n<meta property=\"og:site_name\" content=\"Action Project\" \/>\n<meta property=\"article:published_time\" content=\"2021-08-31T08:03:06+00:00\" \/>\n<meta property=\"article:modified_time\" content=\"2025-07-02T09:13:07+00:00\" \/>\n<meta property=\"og:image\" content=\"https:\/\/www.actionproject.es\/wp-content\/uploads\/2025\/07\/direccion-estrategica.jpg\" \/>\n\t<meta property=\"og:image:width\" content=\"1200\" \/>\n\t<meta property=\"og:image:height\" content=\"800\" \/>\n\t<meta property=\"og:image:type\" content=\"image\/jpeg\" \/>\n<meta name=\"author\" content=\"Juanma\" \/>\n<meta name=\"twitter:card\" content=\"summary_large_image\" \/>\n<meta name=\"twitter:label1\" content=\"Written by\" \/>\n\t<meta name=\"twitter:data1\" content=\"Juanma\" \/>\n\t<meta name=\"twitter:label2\" content=\"Estimated reading time\" \/>\n\t<meta name=\"twitter:data2\" content=\"2 minutes\" \/>\n<script type=\"application\/ld+json\" class=\"yoast-schema-graph\">{\"@context\":\"https:\\\/\\\/schema.org\",\"@graph\":[{\"@type\":\"Article\",\"@id\":\"https:\\\/\\\/www.actionproject.es\\\/blog\\\/direccion-estrategica-clave-exito-empresa\\\/#article\",\"isPartOf\":{\"@id\":\"https:\\\/\\\/www.actionproject.es\\\/blog\\\/direccion-estrategica-clave-exito-empresa\\\/\"},\"author\":{\"name\":\"Juanma\",\"@id\":\"https:\\\/\\\/www.actionproject.es\\\/#\\\/schema\\\/person\\\/01aa5bb80cabd3235975fa1fccb16e23\"},\"headline\":\"Direcci\u00f3n estrat\u00e9gica: la clave para el \u00e9xito de tu empresa\",\"datePublished\":\"2021-08-31T08:03:06+00:00\",\"dateModified\":\"2025-07-02T09:13:07+00:00\",\"mainEntityOfPage\":{\"@id\":\"https:\\\/\\\/www.actionproject.es\\\/blog\\\/direccion-estrategica-clave-exito-empresa\\\/\"},\"wordCount\":373,\"publisher\":{\"@id\":\"https:\\\/\\\/www.actionproject.es\\\/#organization\"},\"image\":{\"@id\":\"https:\\\/\\\/www.actionproject.es\\\/blog\\\/direccion-estrategica-clave-exito-empresa\\\/#primaryimage\"},\"thumbnailUrl\":\"https:\\\/\\\/www.actionproject.es\\\/wp-content\\\/uploads\\\/2025\\\/07\\\/direccion-estrategica.jpg\",\"keywords\":[\"an\u00e1lisis estrat\u00e9gico\",\"direcci\u00f3n estrat\u00e9gica\",\"estrategia directiva\",\"objetivos de negocio\",\"planificaci\u00f3n\"],\"articleSection\":[\"Estrategia empresarial\"],\"inLanguage\":\"en-GB\"},{\"@type\":\"WebPage\",\"@id\":\"https:\\\/\\\/www.actionproject.es\\\/blog\\\/direccion-estrategica-clave-exito-empresa\\\/\",\"url\":\"https:\\\/\\\/www.actionproject.es\\\/blog\\\/direccion-estrategica-clave-exito-empresa\\\/\",\"name\":\"Direcci\u00f3n estrat\u00e9gica: la clave para el \u00e9xito de tu empresa - Action Project\",\"isPartOf\":{\"@id\":\"https:\\\/\\\/www.actionproject.es\\\/#website\"},\"primaryImageOfPage\":{\"@id\":\"https:\\\/\\\/www.actionproject.es\\\/blog\\\/direccion-estrategica-clave-exito-empresa\\\/#primaryimage\"},\"image\":{\"@id\":\"https:\\\/\\\/www.actionproject.es\\\/blog\\\/direccion-estrategica-clave-exito-empresa\\\/#primaryimage\"},\"thumbnailUrl\":\"https:\\\/\\\/www.actionproject.es\\\/wp-content\\\/uploads\\\/2025\\\/07\\\/direccion-estrategica.jpg\",\"datePublished\":\"2021-08-31T08:03:06+00:00\",\"dateModified\":\"2025-07-02T09:13:07+00:00\",\"breadcrumb\":{\"@id\":\"https:\\\/\\\/www.actionproject.es\\\/blog\\\/direccion-estrategica-clave-exito-empresa\\\/#breadcrumb\"},\"inLanguage\":\"en-GB\",\"potentialAction\":[{\"@type\":\"ReadAction\",\"target\":[\"https:\\\/\\\/www.actionproject.es\\\/blog\\\/direccion-estrategica-clave-exito-empresa\\\/\"]}]},{\"@type\":\"ImageObject\",\"inLanguage\":\"en-GB\",\"@id\":\"https:\\\/\\\/www.actionproject.es\\\/blog\\\/direccion-estrategica-clave-exito-empresa\\\/#primaryimage\",\"url\":\"https:\\\/\\\/www.actionproject.es\\\/wp-content\\\/uploads\\\/2025\\\/07\\\/direccion-estrategica.jpg\",\"contentUrl\":\"https:\\\/\\\/www.actionproject.es\\\/wp-content\\\/uploads\\\/2025\\\/07\\\/direccion-estrategica.jpg\",\"width\":1200,\"height\":800},{\"@type\":\"BreadcrumbList\",\"@id\":\"https:\\\/\\\/www.actionproject.es\\\/blog\\\/direccion-estrategica-clave-exito-empresa\\\/#breadcrumb\",\"itemListElement\":[{\"@type\":\"ListItem\",\"position\":1,\"name\":\"Portada\",\"item\":\"https:\\\/\\\/www.actionproject.es\\\/\"},{\"@type\":\"ListItem\",\"position\":2,\"name\":\"Direcci\u00f3n estrat\u00e9gica: la clave para el \u00e9xito de tu empresa\"}]},{\"@type\":\"WebSite\",\"@id\":\"https:\\\/\\\/www.actionproject.es\\\/#website\",\"url\":\"https:\\\/\\\/www.actionproject.es\\\/\",\"name\":\"Action Project\",\"description\":\"\",\"publisher\":{\"@id\":\"https:\\\/\\\/www.actionproject.es\\\/#organization\"},\"potentialAction\":[{\"@type\":\"SearchAction\",\"target\":{\"@type\":\"EntryPoint\",\"urlTemplate\":\"https:\\\/\\\/www.actionproject.es\\\/?s={search_term_string}\"},\"query-input\":{\"@type\":\"PropertyValueSpecification\",\"valueRequired\":true,\"valueName\":\"search_term_string\"}}],\"inLanguage\":\"en-GB\"},{\"@type\":\"Organization\",\"@id\":\"https:\\\/\\\/www.actionproject.es\\\/#organization\",\"name\":\"Action Project\",\"url\":\"https:\\\/\\\/www.actionproject.es\\\/\",\"logo\":{\"@type\":\"ImageObject\",\"inLanguage\":\"en-GB\",\"@id\":\"https:\\\/\\\/www.actionproject.es\\\/#\\\/schema\\\/logo\\\/image\\\/\",\"url\":\"https:\\\/\\\/www.actionproject.es\\\/wp-content\\\/uploads\\\/2025\\\/02\\\/favicon-action.png\",\"contentUrl\":\"https:\\\/\\\/www.actionproject.es\\\/wp-content\\\/uploads\\\/2025\\\/02\\\/favicon-action.png\",\"width\":512,\"height\":512,\"caption\":\"Action Project\"},\"image\":{\"@id\":\"https:\\\/\\\/www.actionproject.es\\\/#\\\/schema\\\/logo\\\/image\\\/\"}},{\"@type\":\"Person\",\"@id\":\"https:\\\/\\\/www.actionproject.es\\\/#\\\/schema\\\/person\\\/01aa5bb80cabd3235975fa1fccb16e23\",\"name\":\"Juanma\",\"image\":{\"@type\":\"ImageObject\",\"inLanguage\":\"en-GB\",\"@id\":\"https:\\\/\\\/secure.gravatar.com\\\/avatar\\\/85f0c3c9ba6a2b2ba51b0df3346eaf50cafa606989920561324eac0dd1c938f4?s=96&d=mm&r=g\",\"url\":\"https:\\\/\\\/secure.gravatar.com\\\/avatar\\\/85f0c3c9ba6a2b2ba51b0df3346eaf50cafa606989920561324eac0dd1c938f4?s=96&d=mm&r=g\",\"contentUrl\":\"https:\\\/\\\/secure.gravatar.com\\\/avatar\\\/85f0c3c9ba6a2b2ba51b0df3346eaf50cafa606989920561324eac0dd1c938f4?s=96&d=mm&r=g\",\"caption\":\"Juanma\"},\"url\":\"https:\\\/\\\/www.actionproject.es\\\/en_gb\\\/blog\\\/author\\\/juanma\\\/\"}]}<\/script>\n<!-- \/ Yoast SEO plugin. -->","yoast_head_json":{"title":"Direcci\u00f3n estrat\u00e9gica: la clave para el \u00e9xito de tu empresa - Action Project","robots":{"index":"index","follow":"follow","max-snippet":"max-snippet:-1","max-image-preview":"max-image-preview:large","max-video-preview":"max-video-preview:-1"},"canonical":"https:\/\/www.actionproject.es\/en_gb\/blog\/direccion-estrategica-clave-exito-empresa\/","og_locale":"en_GB","og_type":"article","og_title":"Direcci\u00f3n estrat\u00e9gica: la clave para el \u00e9xito de tu empresa - Action Project","og_description":"\u00bfCrees que existe algo que limita a tu empresa, pero no sabes el qu\u00e9? Es posible que, si no prestas demasiada atenci\u00f3n al rumbo de tu negocio, llegue un punto en el que est\u00e9s perdido. Es hora de centrarte en la estrategia directiva de tu empresa.","og_url":"https:\/\/www.actionproject.es\/en_gb\/blog\/direccion-estrategica-clave-exito-empresa\/","og_site_name":"Action Project","article_published_time":"2021-08-31T08:03:06+00:00","article_modified_time":"2025-07-02T09:13:07+00:00","og_image":[{"width":1200,"height":800,"url":"https:\/\/www.actionproject.es\/wp-content\/uploads\/2025\/07\/direccion-estrategica.jpg","type":"image\/jpeg"}],"author":"Juanma","twitter_card":"summary_large_image","twitter_misc":{"Written by":"Juanma","Estimated reading time":"2 minutes"},"schema":{"@context":"https:\/\/schema.org","@graph":[{"@type":"Article","@id":"https:\/\/www.actionproject.es\/blog\/direccion-estrategica-clave-exito-empresa\/#article","isPartOf":{"@id":"https:\/\/www.actionproject.es\/blog\/direccion-estrategica-clave-exito-empresa\/"},"author":{"name":"Juanma","@id":"https:\/\/www.actionproject.es\/#\/schema\/person\/01aa5bb80cabd3235975fa1fccb16e23"},"headline":"Direcci\u00f3n estrat\u00e9gica: la clave para el \u00e9xito de tu empresa","datePublished":"2021-08-31T08:03:06+00:00","dateModified":"2025-07-02T09:13:07+00:00","mainEntityOfPage":{"@id":"https:\/\/www.actionproject.es\/blog\/direccion-estrategica-clave-exito-empresa\/"},"wordCount":373,"publisher":{"@id":"https:\/\/www.actionproject.es\/#organization"},"image":{"@id":"https:\/\/www.actionproject.es\/blog\/direccion-estrategica-clave-exito-empresa\/#primaryimage"},"thumbnailUrl":"https:\/\/www.actionproject.es\/wp-content\/uploads\/2025\/07\/direccion-estrategica.jpg","keywords":["an\u00e1lisis estrat\u00e9gico","direcci\u00f3n estrat\u00e9gica","estrategia directiva","objetivos de negocio","planificaci\u00f3n"],"articleSection":["Estrategia empresarial"],"inLanguage":"en-GB"},{"@type":"WebPage","@id":"https:\/\/www.actionproject.es\/blog\/direccion-estrategica-clave-exito-empresa\/","url":"https:\/\/www.actionproject.es\/blog\/direccion-estrategica-clave-exito-empresa\/","name":"Direcci\u00f3n estrat\u00e9gica: la clave para el \u00e9xito de tu empresa - Action Project","isPartOf":{"@id":"https:\/\/www.actionproject.es\/#website"},"primaryImageOfPage":{"@id":"https:\/\/www.actionproject.es\/blog\/direccion-estrategica-clave-exito-empresa\/#primaryimage"},"image":{"@id":"https:\/\/www.actionproject.es\/blog\/direccion-estrategica-clave-exito-empresa\/#primaryimage"},"thumbnailUrl":"https:\/\/www.actionproject.es\/wp-content\/uploads\/2025\/07\/direccion-estrategica.jpg","datePublished":"2021-08-31T08:03:06+00:00","dateModified":"2025-07-02T09:13:07+00:00","breadcrumb":{"@id":"https:\/\/www.actionproject.es\/blog\/direccion-estrategica-clave-exito-empresa\/#breadcrumb"},"inLanguage":"en-GB","potentialAction":[{"@type":"ReadAction","target":["https:\/\/www.actionproject.es\/blog\/direccion-estrategica-clave-exito-empresa\/"]}]},{"@type":"ImageObject","inLanguage":"en-GB","@id":"https:\/\/www.actionproject.es\/blog\/direccion-estrategica-clave-exito-empresa\/#primaryimage","url":"https:\/\/www.actionproject.es\/wp-content\/uploads\/2025\/07\/direccion-estrategica.jpg","contentUrl":"https:\/\/www.actionproject.es\/wp-content\/uploads\/2025\/07\/direccion-estrategica.jpg","width":1200,"height":800},{"@type":"BreadcrumbList","@id":"https:\/\/www.actionproject.es\/blog\/direccion-estrategica-clave-exito-empresa\/#breadcrumb","itemListElement":[{"@type":"ListItem","position":1,"name":"Portada","item":"https:\/\/www.actionproject.es\/"},{"@type":"ListItem","position":2,"name":"Direcci\u00f3n estrat\u00e9gica: la clave para el \u00e9xito de tu empresa"}]},{"@type":"WebSite","@id":"https:\/\/www.actionproject.es\/#website","url":"https:\/\/www.actionproject.es\/","name":"Action Project","description":"","publisher":{"@id":"https:\/\/www.actionproject.es\/#organization"},"potentialAction":[{"@type":"SearchAction","target":{"@type":"EntryPoint","urlTemplate":"https:\/\/www.actionproject.es\/?s={search_term_string}"},"query-input":{"@type":"PropertyValueSpecification","valueRequired":true,"valueName":"search_term_string"}}],"inLanguage":"en-GB"},{"@type":"Organization","@id":"https:\/\/www.actionproject.es\/#organization","name":"Action Project","url":"https:\/\/www.actionproject.es\/","logo":{"@type":"ImageObject","inLanguage":"en-GB","@id":"https:\/\/www.actionproject.es\/#\/schema\/logo\/image\/","url":"https:\/\/www.actionproject.es\/wp-content\/uploads\/2025\/02\/favicon-action.png","contentUrl":"https:\/\/www.actionproject.es\/wp-content\/uploads\/2025\/02\/favicon-action.png","width":512,"height":512,"caption":"Action Project"},"image":{"@id":"https:\/\/www.actionproject.es\/#\/schema\/logo\/image\/"}},{"@type":"Person","@id":"https:\/\/www.actionproject.es\/#\/schema\/person\/01aa5bb80cabd3235975fa1fccb16e23","name":"Juanma","image":{"@type":"ImageObject","inLanguage":"en-GB","@id":"https:\/\/secure.gravatar.com\/avatar\/85f0c3c9ba6a2b2ba51b0df3346eaf50cafa606989920561324eac0dd1c938f4?s=96&d=mm&r=g","url":"https:\/\/secure.gravatar.com\/avatar\/85f0c3c9ba6a2b2ba51b0df3346eaf50cafa606989920561324eac0dd1c938f4?s=96&d=mm&r=g","contentUrl":"https:\/\/secure.gravatar.com\/avatar\/85f0c3c9ba6a2b2ba51b0df3346eaf50cafa606989920561324eac0dd1c938f4?s=96&d=mm&r=g","caption":"Juanma"},"url":"https:\/\/www.actionproject.es\/en_gb\/blog\/author\/juanma\/"}]}},"_links":{"self":[{"href":"https:\/\/www.actionproject.es\/en_gb\/wp-json\/wp\/v2\/posts\/1317","targetHints":{"allow":["GET"]}}],"collection":[{"href":"https:\/\/www.actionproject.es\/en_gb\/wp-json\/wp\/v2\/posts"}],"about":[{"href":"https:\/\/www.actionproject.es\/en_gb\/wp-json\/wp\/v2\/types\/post"}],"author":[{"embeddable":true,"href":"https:\/\/www.actionproject.es\/en_gb\/wp-json\/wp\/v2\/users\/2"}],"replies":[{"embeddable":true,"href":"https:\/\/www.actionproject.es\/en_gb\/wp-json\/wp\/v2\/comments?post=1317"}],"version-history":[{"count":2,"href":"https:\/\/www.actionproject.es\/en_gb\/wp-json\/wp\/v2\/posts\/1317\/revisions"}],"predecessor-version":[{"id":1669,"href":"https:\/\/www.actionproject.es\/en_gb\/wp-json\/wp\/v2\/posts\/1317\/revisions\/1669"}],"wp:featuredmedia":[{"embeddable":true,"href":"https:\/\/www.actionproject.es\/en_gb\/wp-json\/wp\/v2\/media\/1432"}],"wp:attachment":[{"href":"https:\/\/www.actionproject.es\/en_gb\/wp-json\/wp\/v2\/media?parent=1317"}],"wp:term":[{"taxonomy":"category","embeddable":true,"href":"https:\/\/www.actionproject.es\/en_gb\/wp-json\/wp\/v2\/categories?post=1317"},{"taxonomy":"post_tag","embeddable":true,"href":"https:\/\/www.actionproject.es\/en_gb\/wp-json\/wp\/v2\/tags?post=1317"}],"curies":[{"name":"wp","href":"https:\/\/api.w.org\/{rel}","templated":true}]}}