{"id":1329,"date":"2022-02-21T16:06:17","date_gmt":"2022-02-21T15:06:17","guid":{"rendered":"https:\/\/www.actionproject.es\/blog\/competencias-basicas-desarrollo-personal\/"},"modified":"2025-07-02T11:13:09","modified_gmt":"2025-07-02T09:13:09","slug":"competencias-basicas-desarrollo-personal","status":"publish","type":"post","link":"https:\/\/www.actionproject.es\/en_gb\/blog\/competencias-basicas-desarrollo-personal\/","title":{"rendered":"\u00c9xito laboral: 7 competencias b\u00e1sicas para el desarrollo personal"},"content":{"rendered":"<p>La respuesta es s\u00ed. Y hablamos con conocimiento de causa, porque conocemos el camino correcto para un buen <a href=\"\/en_gb\/servicios\/desarrollo-directivo\/\">management development<\/a> e incluso las <a href=\"https:\/\/www.actionproject.es\/en_gb\/blog\/8-habilidades-directivas-ser-un-buen-lider\/\">habilidades directivas necesarias para ser un buen l\u00edder<\/a>.<\/p>\n<p>Existen diferencias entre las competencias, las capacidades y las habilidades de cada persona en un trabajo. Y es evidente que los profesionales se deben centrar en adquirir las <strong>competencias b\u00e1sicas necesarias para desarrollar con \u00e9xito su carrera laboral.<\/strong><\/p>\n<p>\u00a0<\/p>\n<h2>Alcanza el triunfo laboral con estas competencias b\u00e1sicas para el desarrollo personal<\/h2>\n<p>\u00a0<\/p>\n<ol>\n<li><strong>Gesti\u00f3n del tiempo<\/strong>. Ser consciente del tiempo que se emplea en ciertas actividades, saber administrarlo y ejercer control sobre \u00e9l. Si conoces cu\u00e1les son las tareas que debes priorizar en tu d\u00eda a d\u00eda, aumentar\u00e1s tu eficacia y productividad.<\/li>\n<\/ol>\n<p>\u00a0<\/p>\n<ol start=\"2\">\n<li><strong>Positividad<\/strong>. Una actitud negativa no aporta nada bueno, ni de manera personal ni profesional. Analizar de forma constructiva para lograr resultados empodera una progresi\u00f3n futura.<\/li>\n<\/ol>\n<p>\u00a0<\/p>\n<ol start=\"3\">\n<li><strong>Empat\u00eda, respeto y escucha activa<\/strong>. Una manera de comunicarse respetando tanto tus propios derechos como los de los dem\u00e1s. Del mismo modo, la escucha activa es determinante para saber qu\u00e9 es lo que han dicho los dem\u00e1s y a su vez, para que los dem\u00e1s se sientan escuchados. Tanto la asertividad como la escucha activa son fundamentales para una buena relaci\u00f3n laboral.<\/li>\n<\/ol>\n<p>\u00a0<\/p>\n<ol start=\"4\">\n<li><strong>Iniciativa<\/strong>. Esta competencia b\u00e1sica, fundamental para el desarrollo personal y profesional, puede llevarte muy lejos. No quiere decir que intentes ponerte por encima de nadie, sino que tengas ese deseo de adoptar una acci\u00f3n y llevarla a cabo.<\/li>\n<\/ol>\n<p>\u00a0<\/p>\n<ol start=\"5\">\n<li><strong>Inteligencia emocional<\/strong>. Saber c\u00f3mo gestionar las decisiones personales y c\u00f3mo comportarse ante complejidades para lograr resultados positivos. En definitiva, conocer c\u00f3mo expresar, percibir, comprender y manejar las emociones.<\/li>\n<\/ol>\n<p>\u00a0<\/p>\n<ol start=\"6\">\n<li><strong>Creatividad<\/strong>. La creatividad no solo est\u00e1 re\u00f1ida con el arte visual, sino que tambi\u00e9n es la capacidad de analizar y valorar nuevas ideas para resolver problemas y desaf\u00edos que se presentan en el \u00e1mbito laboral y personal.<\/li>\n<\/ol>\n<p>\u00a0<\/p>\n<ol start=\"7\">\n<li><strong>Conciencia de equipo<\/strong>. Pedir ayuda a los dem\u00e1s refuerza ese trabajo en equipo. Esta competencia profesional demuestra confianza y humildad entre los empleados.<\/li>\n<\/ol>\n<p>\u00a0<\/p>\n<p>Las <strong>competencias b\u00e1sicas para el desarrollo personal se aprenden<\/strong> y se desarrollan para conseguir una evoluci\u00f3n laboral-personal. Cuenta con ActionProject para la <a href=\"\/en_gb\/servicios\/profesionalizacion-de-la-empresa\/\">profesionalizaci\u00f3n de tu empresa<\/a>.<\/p>","protected":false},"excerpt":{"rendered":"<p>Cuando nos encontramos en un entorno laboral, siempre queremos estar rodeados de los mejores trabajadores con las mejores cualidades, pero \u00bftodas las <strong>competencias b\u00e1sicas para el desarrollo personal<\/strong> son iguales en cualquier empleo?<\/p>","protected":false},"author":2,"featured_media":1411,"comment_status":"closed","ping_status":"open","sticky":false,"template":"","format":"standard","meta":{"_acf_changed":false,"_joinchat":[],"footnotes":""},"categories":[10],"tags":[209,212,213,210,211],"class_list":["post-1329","post","type-post","status-publish","format-standard","has-post-thumbnail","hentry","category-estrategia-empresarial","tag-competencias-basicas","tag-competencias-laborales","tag-cualidades-laborales","tag-desarrollo-personal","tag-desarrollo-profesional"],"acf":[],"aioseo_notices":[],"yoast_head":"<!-- This site is optimized with the Yoast SEO plugin v27.3 - https:\/\/yoast.com\/product\/yoast-seo-wordpress\/ -->\n<title>\u00c9xito laboral: 7 competencias b\u00e1sicas para el desarrollo personal - Action Project<\/title>\n<meta name=\"robots\" content=\"index, follow, max-snippet:-1, max-image-preview:large, max-video-preview:-1\" \/>\n<link rel=\"canonical\" href=\"https:\/\/www.actionproject.es\/en_gb\/blog\/competencias-basicas-desarrollo-personal\/\" \/>\n<meta property=\"og:locale\" content=\"en_GB\" \/>\n<meta property=\"og:type\" content=\"article\" \/>\n<meta property=\"og:title\" content=\"\u00c9xito laboral: 7 competencias b\u00e1sicas para el desarrollo personal - Action Project\" \/>\n<meta property=\"og:description\" content=\"Cuando nos encontramos en un entorno laboral, siempre queremos estar rodeados de los mejores trabajadores con las mejores cualidades, pero \u00bftodas las competencias b\u00e1sicas para el desarrollo personal son iguales en cualquier empleo?\" \/>\n<meta property=\"og:url\" content=\"https:\/\/www.actionproject.es\/en_gb\/blog\/competencias-basicas-desarrollo-personal\/\" \/>\n<meta property=\"og:site_name\" content=\"Action Project\" \/>\n<meta property=\"article:published_time\" content=\"2022-02-21T15:06:17+00:00\" \/>\n<meta property=\"article:modified_time\" content=\"2025-07-02T09:13:09+00:00\" \/>\n<meta property=\"og:image\" content=\"https:\/\/www.actionproject.es\/wp-content\/uploads\/2025\/07\/competencias-basicas-desarrollo-personal.jpg\" \/>\n\t<meta property=\"og:image:width\" content=\"1200\" \/>\n\t<meta property=\"og:image:height\" content=\"800\" \/>\n\t<meta property=\"og:image:type\" content=\"image\/jpeg\" \/>\n<meta name=\"author\" content=\"Juanma\" \/>\n<meta name=\"twitter:card\" content=\"summary_large_image\" \/>\n<meta name=\"twitter:label1\" content=\"Written by\" \/>\n\t<meta name=\"twitter:data1\" content=\"Juanma\" \/>\n\t<meta name=\"twitter:label2\" content=\"Estimated reading time\" \/>\n\t<meta name=\"twitter:data2\" content=\"2 minutes\" \/>\n<script type=\"application\/ld+json\" class=\"yoast-schema-graph\">{\"@context\":\"https:\\\/\\\/schema.org\",\"@graph\":[{\"@type\":\"Article\",\"@id\":\"https:\\\/\\\/www.actionproject.es\\\/blog\\\/competencias-basicas-desarrollo-personal\\\/#article\",\"isPartOf\":{\"@id\":\"https:\\\/\\\/www.actionproject.es\\\/blog\\\/competencias-basicas-desarrollo-personal\\\/\"},\"author\":{\"name\":\"Juanma\",\"@id\":\"https:\\\/\\\/www.actionproject.es\\\/#\\\/schema\\\/person\\\/01aa5bb80cabd3235975fa1fccb16e23\"},\"headline\":\"\u00c9xito laboral: 7 competencias b\u00e1sicas para el desarrollo personal\",\"datePublished\":\"2022-02-21T15:06:17+00:00\",\"dateModified\":\"2025-07-02T09:13:09+00:00\",\"mainEntityOfPage\":{\"@id\":\"https:\\\/\\\/www.actionproject.es\\\/blog\\\/competencias-basicas-desarrollo-personal\\\/\"},\"wordCount\":394,\"publisher\":{\"@id\":\"https:\\\/\\\/www.actionproject.es\\\/#organization\"},\"image\":{\"@id\":\"https:\\\/\\\/www.actionproject.es\\\/blog\\\/competencias-basicas-desarrollo-personal\\\/#primaryimage\"},\"thumbnailUrl\":\"https:\\\/\\\/www.actionproject.es\\\/wp-content\\\/uploads\\\/2025\\\/07\\\/competencias-basicas-desarrollo-personal.jpg\",\"keywords\":[\"competencias b\u00e1sicas\",\"competencias laborales\",\"cualidades laborales\",\"desarrollo personal\",\"desarrollo profesional\"],\"articleSection\":[\"Estrategia empresarial\"],\"inLanguage\":\"en-GB\"},{\"@type\":\"WebPage\",\"@id\":\"https:\\\/\\\/www.actionproject.es\\\/blog\\\/competencias-basicas-desarrollo-personal\\\/\",\"url\":\"https:\\\/\\\/www.actionproject.es\\\/blog\\\/competencias-basicas-desarrollo-personal\\\/\",\"name\":\"\u00c9xito laboral: 7 competencias b\u00e1sicas para el desarrollo personal - Action Project\",\"isPartOf\":{\"@id\":\"https:\\\/\\\/www.actionproject.es\\\/#website\"},\"primaryImageOfPage\":{\"@id\":\"https:\\\/\\\/www.actionproject.es\\\/blog\\\/competencias-basicas-desarrollo-personal\\\/#primaryimage\"},\"image\":{\"@id\":\"https:\\\/\\\/www.actionproject.es\\\/blog\\\/competencias-basicas-desarrollo-personal\\\/#primaryimage\"},\"thumbnailUrl\":\"https:\\\/\\\/www.actionproject.es\\\/wp-content\\\/uploads\\\/2025\\\/07\\\/competencias-basicas-desarrollo-personal.jpg\",\"datePublished\":\"2022-02-21T15:06:17+00:00\",\"dateModified\":\"2025-07-02T09:13:09+00:00\",\"breadcrumb\":{\"@id\":\"https:\\\/\\\/www.actionproject.es\\\/blog\\\/competencias-basicas-desarrollo-personal\\\/#breadcrumb\"},\"inLanguage\":\"en-GB\",\"potentialAction\":[{\"@type\":\"ReadAction\",\"target\":[\"https:\\\/\\\/www.actionproject.es\\\/blog\\\/competencias-basicas-desarrollo-personal\\\/\"]}]},{\"@type\":\"ImageObject\",\"inLanguage\":\"en-GB\",\"@id\":\"https:\\\/\\\/www.actionproject.es\\\/blog\\\/competencias-basicas-desarrollo-personal\\\/#primaryimage\",\"url\":\"https:\\\/\\\/www.actionproject.es\\\/wp-content\\\/uploads\\\/2025\\\/07\\\/competencias-basicas-desarrollo-personal.jpg\",\"contentUrl\":\"https:\\\/\\\/www.actionproject.es\\\/wp-content\\\/uploads\\\/2025\\\/07\\\/competencias-basicas-desarrollo-personal.jpg\",\"width\":1200,\"height\":800},{\"@type\":\"BreadcrumbList\",\"@id\":\"https:\\\/\\\/www.actionproject.es\\\/blog\\\/competencias-basicas-desarrollo-personal\\\/#breadcrumb\",\"itemListElement\":[{\"@type\":\"ListItem\",\"position\":1,\"name\":\"Portada\",\"item\":\"https:\\\/\\\/www.actionproject.es\\\/\"},{\"@type\":\"ListItem\",\"position\":2,\"name\":\"\u00c9xito laboral: 7 competencias b\u00e1sicas para el desarrollo personal\"}]},{\"@type\":\"WebSite\",\"@id\":\"https:\\\/\\\/www.actionproject.es\\\/#website\",\"url\":\"https:\\\/\\\/www.actionproject.es\\\/\",\"name\":\"Action Project\",\"description\":\"\",\"publisher\":{\"@id\":\"https:\\\/\\\/www.actionproject.es\\\/#organization\"},\"potentialAction\":[{\"@type\":\"SearchAction\",\"target\":{\"@type\":\"EntryPoint\",\"urlTemplate\":\"https:\\\/\\\/www.actionproject.es\\\/?s={search_term_string}\"},\"query-input\":{\"@type\":\"PropertyValueSpecification\",\"valueRequired\":true,\"valueName\":\"search_term_string\"}}],\"inLanguage\":\"en-GB\"},{\"@type\":\"Organization\",\"@id\":\"https:\\\/\\\/www.actionproject.es\\\/#organization\",\"name\":\"Action Project\",\"url\":\"https:\\\/\\\/www.actionproject.es\\\/\",\"logo\":{\"@type\":\"ImageObject\",\"inLanguage\":\"en-GB\",\"@id\":\"https:\\\/\\\/www.actionproject.es\\\/#\\\/schema\\\/logo\\\/image\\\/\",\"url\":\"https:\\\/\\\/www.actionproject.es\\\/wp-content\\\/uploads\\\/2025\\\/02\\\/favicon-action.png\",\"contentUrl\":\"https:\\\/\\\/www.actionproject.es\\\/wp-content\\\/uploads\\\/2025\\\/02\\\/favicon-action.png\",\"width\":512,\"height\":512,\"caption\":\"Action Project\"},\"image\":{\"@id\":\"https:\\\/\\\/www.actionproject.es\\\/#\\\/schema\\\/logo\\\/image\\\/\"}},{\"@type\":\"Person\",\"@id\":\"https:\\\/\\\/www.actionproject.es\\\/#\\\/schema\\\/person\\\/01aa5bb80cabd3235975fa1fccb16e23\",\"name\":\"Juanma\",\"image\":{\"@type\":\"ImageObject\",\"inLanguage\":\"en-GB\",\"@id\":\"https:\\\/\\\/secure.gravatar.com\\\/avatar\\\/85f0c3c9ba6a2b2ba51b0df3346eaf50cafa606989920561324eac0dd1c938f4?s=96&d=mm&r=g\",\"url\":\"https:\\\/\\\/secure.gravatar.com\\\/avatar\\\/85f0c3c9ba6a2b2ba51b0df3346eaf50cafa606989920561324eac0dd1c938f4?s=96&d=mm&r=g\",\"contentUrl\":\"https:\\\/\\\/secure.gravatar.com\\\/avatar\\\/85f0c3c9ba6a2b2ba51b0df3346eaf50cafa606989920561324eac0dd1c938f4?s=96&d=mm&r=g\",\"caption\":\"Juanma\"},\"url\":\"https:\\\/\\\/www.actionproject.es\\\/en_gb\\\/blog\\\/author\\\/juanma\\\/\"}]}<\/script>\n<!-- \/ Yoast SEO plugin. -->","yoast_head_json":{"title":"\u00c9xito laboral: 7 competencias b\u00e1sicas para el desarrollo personal - Action Project","robots":{"index":"index","follow":"follow","max-snippet":"max-snippet:-1","max-image-preview":"max-image-preview:large","max-video-preview":"max-video-preview:-1"},"canonical":"https:\/\/www.actionproject.es\/en_gb\/blog\/competencias-basicas-desarrollo-personal\/","og_locale":"en_GB","og_type":"article","og_title":"\u00c9xito laboral: 7 competencias b\u00e1sicas para el desarrollo personal - Action Project","og_description":"Cuando nos encontramos en un entorno laboral, siempre queremos estar rodeados de los mejores trabajadores con las mejores cualidades, pero \u00bftodas las competencias b\u00e1sicas para el desarrollo personal son iguales en cualquier empleo?","og_url":"https:\/\/www.actionproject.es\/en_gb\/blog\/competencias-basicas-desarrollo-personal\/","og_site_name":"Action Project","article_published_time":"2022-02-21T15:06:17+00:00","article_modified_time":"2025-07-02T09:13:09+00:00","og_image":[{"width":1200,"height":800,"url":"https:\/\/www.actionproject.es\/wp-content\/uploads\/2025\/07\/competencias-basicas-desarrollo-personal.jpg","type":"image\/jpeg"}],"author":"Juanma","twitter_card":"summary_large_image","twitter_misc":{"Written by":"Juanma","Estimated reading time":"2 minutes"},"schema":{"@context":"https:\/\/schema.org","@graph":[{"@type":"Article","@id":"https:\/\/www.actionproject.es\/blog\/competencias-basicas-desarrollo-personal\/#article","isPartOf":{"@id":"https:\/\/www.actionproject.es\/blog\/competencias-basicas-desarrollo-personal\/"},"author":{"name":"Juanma","@id":"https:\/\/www.actionproject.es\/#\/schema\/person\/01aa5bb80cabd3235975fa1fccb16e23"},"headline":"\u00c9xito laboral: 7 competencias b\u00e1sicas para el desarrollo personal","datePublished":"2022-02-21T15:06:17+00:00","dateModified":"2025-07-02T09:13:09+00:00","mainEntityOfPage":{"@id":"https:\/\/www.actionproject.es\/blog\/competencias-basicas-desarrollo-personal\/"},"wordCount":394,"publisher":{"@id":"https:\/\/www.actionproject.es\/#organization"},"image":{"@id":"https:\/\/www.actionproject.es\/blog\/competencias-basicas-desarrollo-personal\/#primaryimage"},"thumbnailUrl":"https:\/\/www.actionproject.es\/wp-content\/uploads\/2025\/07\/competencias-basicas-desarrollo-personal.jpg","keywords":["competencias b\u00e1sicas","competencias laborales","cualidades laborales","desarrollo personal","desarrollo profesional"],"articleSection":["Estrategia empresarial"],"inLanguage":"en-GB"},{"@type":"WebPage","@id":"https:\/\/www.actionproject.es\/blog\/competencias-basicas-desarrollo-personal\/","url":"https:\/\/www.actionproject.es\/blog\/competencias-basicas-desarrollo-personal\/","name":"\u00c9xito laboral: 7 competencias b\u00e1sicas para el desarrollo personal - Action Project","isPartOf":{"@id":"https:\/\/www.actionproject.es\/#website"},"primaryImageOfPage":{"@id":"https:\/\/www.actionproject.es\/blog\/competencias-basicas-desarrollo-personal\/#primaryimage"},"image":{"@id":"https:\/\/www.actionproject.es\/blog\/competencias-basicas-desarrollo-personal\/#primaryimage"},"thumbnailUrl":"https:\/\/www.actionproject.es\/wp-content\/uploads\/2025\/07\/competencias-basicas-desarrollo-personal.jpg","datePublished":"2022-02-21T15:06:17+00:00","dateModified":"2025-07-02T09:13:09+00:00","breadcrumb":{"@id":"https:\/\/www.actionproject.es\/blog\/competencias-basicas-desarrollo-personal\/#breadcrumb"},"inLanguage":"en-GB","potentialAction":[{"@type":"ReadAction","target":["https:\/\/www.actionproject.es\/blog\/competencias-basicas-desarrollo-personal\/"]}]},{"@type":"ImageObject","inLanguage":"en-GB","@id":"https:\/\/www.actionproject.es\/blog\/competencias-basicas-desarrollo-personal\/#primaryimage","url":"https:\/\/www.actionproject.es\/wp-content\/uploads\/2025\/07\/competencias-basicas-desarrollo-personal.jpg","contentUrl":"https:\/\/www.actionproject.es\/wp-content\/uploads\/2025\/07\/competencias-basicas-desarrollo-personal.jpg","width":1200,"height":800},{"@type":"BreadcrumbList","@id":"https:\/\/www.actionproject.es\/blog\/competencias-basicas-desarrollo-personal\/#breadcrumb","itemListElement":[{"@type":"ListItem","position":1,"name":"Portada","item":"https:\/\/www.actionproject.es\/"},{"@type":"ListItem","position":2,"name":"\u00c9xito laboral: 7 competencias b\u00e1sicas para el desarrollo personal"}]},{"@type":"WebSite","@id":"https:\/\/www.actionproject.es\/#website","url":"https:\/\/www.actionproject.es\/","name":"Action Project","description":"","publisher":{"@id":"https:\/\/www.actionproject.es\/#organization"},"potentialAction":[{"@type":"SearchAction","target":{"@type":"EntryPoint","urlTemplate":"https:\/\/www.actionproject.es\/?s={search_term_string}"},"query-input":{"@type":"PropertyValueSpecification","valueRequired":true,"valueName":"search_term_string"}}],"inLanguage":"en-GB"},{"@type":"Organization","@id":"https:\/\/www.actionproject.es\/#organization","name":"Action Project","url":"https:\/\/www.actionproject.es\/","logo":{"@type":"ImageObject","inLanguage":"en-GB","@id":"https:\/\/www.actionproject.es\/#\/schema\/logo\/image\/","url":"https:\/\/www.actionproject.es\/wp-content\/uploads\/2025\/02\/favicon-action.png","contentUrl":"https:\/\/www.actionproject.es\/wp-content\/uploads\/2025\/02\/favicon-action.png","width":512,"height":512,"caption":"Action Project"},"image":{"@id":"https:\/\/www.actionproject.es\/#\/schema\/logo\/image\/"}},{"@type":"Person","@id":"https:\/\/www.actionproject.es\/#\/schema\/person\/01aa5bb80cabd3235975fa1fccb16e23","name":"Juanma","image":{"@type":"ImageObject","inLanguage":"en-GB","@id":"https:\/\/secure.gravatar.com\/avatar\/85f0c3c9ba6a2b2ba51b0df3346eaf50cafa606989920561324eac0dd1c938f4?s=96&d=mm&r=g","url":"https:\/\/secure.gravatar.com\/avatar\/85f0c3c9ba6a2b2ba51b0df3346eaf50cafa606989920561324eac0dd1c938f4?s=96&d=mm&r=g","contentUrl":"https:\/\/secure.gravatar.com\/avatar\/85f0c3c9ba6a2b2ba51b0df3346eaf50cafa606989920561324eac0dd1c938f4?s=96&d=mm&r=g","caption":"Juanma"},"url":"https:\/\/www.actionproject.es\/en_gb\/blog\/author\/juanma\/"}]}},"_links":{"self":[{"href":"https:\/\/www.actionproject.es\/en_gb\/wp-json\/wp\/v2\/posts\/1329","targetHints":{"allow":["GET"]}}],"collection":[{"href":"https:\/\/www.actionproject.es\/en_gb\/wp-json\/wp\/v2\/posts"}],"about":[{"href":"https:\/\/www.actionproject.es\/en_gb\/wp-json\/wp\/v2\/types\/post"}],"author":[{"embeddable":true,"href":"https:\/\/www.actionproject.es\/en_gb\/wp-json\/wp\/v2\/users\/2"}],"replies":[{"embeddable":true,"href":"https:\/\/www.actionproject.es\/en_gb\/wp-json\/wp\/v2\/comments?post=1329"}],"version-history":[{"count":2,"href":"https:\/\/www.actionproject.es\/en_gb\/wp-json\/wp\/v2\/posts\/1329\/revisions"}],"predecessor-version":[{"id":1678,"href":"https:\/\/www.actionproject.es\/en_gb\/wp-json\/wp\/v2\/posts\/1329\/revisions\/1678"}],"wp:featuredmedia":[{"embeddable":true,"href":"https:\/\/www.actionproject.es\/en_gb\/wp-json\/wp\/v2\/media\/1411"}],"wp:attachment":[{"href":"https:\/\/www.actionproject.es\/en_gb\/wp-json\/wp\/v2\/media?parent=1329"}],"wp:term":[{"taxonomy":"category","embeddable":true,"href":"https:\/\/www.actionproject.es\/en_gb\/wp-json\/wp\/v2\/categories?post=1329"},{"taxonomy":"post_tag","embeddable":true,"href":"https:\/\/www.actionproject.es\/en_gb\/wp-json\/wp\/v2\/tags?post=1329"}],"curies":[{"name":"wp","href":"https:\/\/api.w.org\/{rel}","templated":true}]}}