{"id":1333,"date":"2022-05-10T07:04:40","date_gmt":"2022-05-10T05:04:40","guid":{"rendered":"https:\/\/www.actionproject.es\/blog\/importancia-gestion-de-procesos-empresa\/"},"modified":"2025-07-02T11:13:09","modified_gmt":"2025-07-02T09:13:09","slug":"importancia-gestion-de-procesos-empresa","status":"publish","type":"post","link":"https:\/\/www.actionproject.es\/en_gb\/blog\/importancia-gestion-de-procesos-empresa\/","title":{"rendered":"La importancia de la gesti\u00f3n de procesos para tu empresa"},"content":{"rendered":"<p>La principal diferencia entre una gesti\u00f3n por procesos y una tradicional es que la primera est\u00e1 <strong>orientada a satisfacer al cliente<\/strong>. Adem\u00e1s, se potencia m\u00e1s la figura del <a href=\"https:\/\/www.actionproject.es\/en_gb\/blog\/vision-empresarial-palanca-liderazgo-directivo\/\">l\u00edder directivo<\/a> en detrimento del concepto jefe.<\/p>\n<p>Las organizaciones se han visto abocadas a modificar la manera de hacer las cosas, es decir, revisar la gesti\u00f3n de procesos dentro de la empresa. En definitiva, se trata de <strong>mejorar el flujo de trabajo para hacerlo m\u00e1s eficiente y sin olvidar a los clientes<\/strong>.<\/p>\n<p>\u00a0<\/p>\n<h2>\u00bfEn qu\u00e9 se fundamenta la gesti\u00f3n de procesos para una empresa?<\/h2>\n<p>Para que la <strong>gesti\u00f3n de procesos sea correcta<\/strong>, debemos conocer cu\u00e1l es la cadena de valor de la empresa y definir los distintos elementos implicados, as\u00ed como las personas. Por ello, los <strong>pilares en los que se basa son<\/strong>:<\/p>\n<ul>\n<li>Una estructura de la organizaci\u00f3n que est\u00e9 fundamentada en los <strong>procesos orientados a clientes<\/strong>.<\/li>\n<li>Un cambio de <strong>estructura<\/strong> de jerarqu\u00eda vertical a horizontal o plana, delimitando cu\u00e1l es la responsabilidad de cada profesional.<\/li>\n<li>Trabajar como <strong>grupos multidisciplinarios<\/strong>.<\/li>\n<li>El uso de la <strong>tecnolog\u00eda<\/strong> para eliminar tareas que no a\u00f1aden valor.<\/li>\n<li>Llevar a cabo planes de <strong>mejora continua<\/strong> y as\u00ed poder optimizar los gastos y aprovechar mejor los recursos.<\/li>\n<\/ul>\n<p>\u00a0<\/p>\n<h2>\u00bfQu\u00e9 necesitas para implementar una gesti\u00f3n de procesos en tu organizaci\u00f3n?<\/h2>\n<p>Existen ciertas pautas que se deben seguir para <strong>alcanzar una gesti\u00f3n basada en procesos<\/strong>:<\/p>\n<ul>\n<li><strong>El compromiso de la direcci\u00f3n<\/strong>. En este caso, la barrera la encontramos cuando hay necesidad de formaci\u00f3n en <a href=\"\/en_gb\/servicios\/desarrollo-directivo\/\">management development<\/a> para ser capaz de dirigir el cambio.<\/li>\n<li><strong>B\u00fasqueda del compromiso por parte de los empleados<\/strong>, por encima del sentimiento de obligaci\u00f3n.<\/li>\n<li><strong>Identificaci\u00f3n y clasificaci\u00f3n de los procesos<\/strong> <strong>en las interacciones<\/strong> entre la organizaci\u00f3n y los clientes.<\/li>\n<li>Relaci\u00f3n de los procesos bajo una matriz y <strong>elaborar un mapa de procesos<\/strong>.<\/li>\n<li>Generaci\u00f3n de unos <strong>objetivos estrat\u00e9gicos<\/strong>.<\/li>\n<li><strong>Definici\u00f3n y medici\u00f3n de los KPI<\/strong> que se ajusten a las necesidades de la empresa.<\/li>\n<li><strong>Comprobaci\u00f3n<\/strong> antes de implantar la gesti\u00f3n de procesos.<\/li>\n<\/ul>\n<p>\u00a0<\/p>\n<p><strong>La gesti\u00f3n de procesos transforma la visi\u00f3n de la empresa a favor del cliente<\/strong>, que se convierte en el epicentro de esta nueva forma de organizaci\u00f3n. Apuesta por el cambio de la mano de nuestro servicio de <a href=\"\/en_gb\/servicios\/interim-management\/\">Interim Management<\/a>.<\/p>","protected":false},"excerpt":{"rendered":"<p>Las organizaciones tradicionales con un sistema de organigrama vertical est\u00e1n obsoletas. Si quieres mejorar los procesos de tu empresa en t\u00e9rminos de eficiencia, eficacia y flexibilidad, <strong>apuesta por la gesti\u00f3n de procesos<\/strong>.<\/p>","protected":false},"author":2,"featured_media":1453,"comment_status":"closed","ping_status":"open","sticky":false,"template":"","format":"standard","meta":{"_acf_changed":false,"_joinchat":[],"footnotes":""},"categories":[10],"tags":[223,221,161,224,222],"class_list":["post-1333","post","type-post","status-publish","format-standard","has-post-thumbnail","hentry","category-estrategia-empresarial","tag-estructura-empresarial","tag-gestion-de-procesos","tag-objetivos-de-negocio","tag-organizacion-de-empresa","tag-procesos-de-empresa"],"acf":[],"aioseo_notices":[],"yoast_head":"<!-- This site is optimized with the Yoast SEO plugin v27.3 - https:\/\/yoast.com\/product\/yoast-seo-wordpress\/ -->\n<title>La importancia de la gesti\u00f3n de procesos para tu empresa - Action Project<\/title>\n<meta name=\"robots\" content=\"index, follow, max-snippet:-1, max-image-preview:large, max-video-preview:-1\" \/>\n<link rel=\"canonical\" href=\"https:\/\/www.actionproject.es\/en_gb\/blog\/importancia-gestion-de-procesos-empresa\/\" \/>\n<meta property=\"og:locale\" content=\"en_GB\" \/>\n<meta property=\"og:type\" content=\"article\" \/>\n<meta property=\"og:title\" content=\"La importancia de la gesti\u00f3n de procesos para tu empresa - Action Project\" \/>\n<meta property=\"og:description\" content=\"Las organizaciones tradicionales con un sistema de organigrama vertical est\u00e1n obsoletas. Si quieres mejorar los procesos de tu empresa en t\u00e9rminos de eficiencia, eficacia y flexibilidad, apuesta por la gesti\u00f3n de procesos.\" \/>\n<meta property=\"og:url\" content=\"https:\/\/www.actionproject.es\/en_gb\/blog\/importancia-gestion-de-procesos-empresa\/\" \/>\n<meta property=\"og:site_name\" content=\"Action Project\" \/>\n<meta property=\"article:published_time\" content=\"2022-05-10T05:04:40+00:00\" \/>\n<meta property=\"article:modified_time\" content=\"2025-07-02T09:13:09+00:00\" \/>\n<meta property=\"og:image\" content=\"https:\/\/www.actionproject.es\/wp-content\/uploads\/2025\/07\/gestion-de-procesos.jpg\" \/>\n\t<meta property=\"og:image:width\" content=\"1200\" \/>\n\t<meta property=\"og:image:height\" content=\"800\" \/>\n\t<meta property=\"og:image:type\" content=\"image\/jpeg\" \/>\n<meta name=\"author\" content=\"Juanma\" \/>\n<meta name=\"twitter:card\" content=\"summary_large_image\" \/>\n<meta name=\"twitter:label1\" content=\"Written by\" \/>\n\t<meta name=\"twitter:data1\" content=\"Juanma\" \/>\n\t<meta name=\"twitter:label2\" content=\"Estimated reading time\" \/>\n\t<meta name=\"twitter:data2\" content=\"2 minutes\" \/>\n<script type=\"application\/ld+json\" class=\"yoast-schema-graph\">{\"@context\":\"https:\\\/\\\/schema.org\",\"@graph\":[{\"@type\":\"Article\",\"@id\":\"https:\\\/\\\/www.actionproject.es\\\/blog\\\/importancia-gestion-de-procesos-empresa\\\/#article\",\"isPartOf\":{\"@id\":\"https:\\\/\\\/www.actionproject.es\\\/blog\\\/importancia-gestion-de-procesos-empresa\\\/\"},\"author\":{\"name\":\"Juanma\",\"@id\":\"https:\\\/\\\/www.actionproject.es\\\/#\\\/schema\\\/person\\\/01aa5bb80cabd3235975fa1fccb16e23\"},\"headline\":\"La importancia de la gesti\u00f3n de procesos para tu empresa\",\"datePublished\":\"2022-05-10T05:04:40+00:00\",\"dateModified\":\"2025-07-02T09:13:09+00:00\",\"mainEntityOfPage\":{\"@id\":\"https:\\\/\\\/www.actionproject.es\\\/blog\\\/importancia-gestion-de-procesos-empresa\\\/\"},\"wordCount\":403,\"publisher\":{\"@id\":\"https:\\\/\\\/www.actionproject.es\\\/#organization\"},\"image\":{\"@id\":\"https:\\\/\\\/www.actionproject.es\\\/blog\\\/importancia-gestion-de-procesos-empresa\\\/#primaryimage\"},\"thumbnailUrl\":\"https:\\\/\\\/www.actionproject.es\\\/wp-content\\\/uploads\\\/2025\\\/07\\\/gestion-de-procesos.jpg\",\"keywords\":[\"estructura empresarial\",\"gesti\u00f3n de procesos\",\"objetivos de negocio\",\"organizaci\u00f3n de empresa\",\"procesos de empresa\"],\"articleSection\":[\"Estrategia empresarial\"],\"inLanguage\":\"en-GB\"},{\"@type\":\"WebPage\",\"@id\":\"https:\\\/\\\/www.actionproject.es\\\/blog\\\/importancia-gestion-de-procesos-empresa\\\/\",\"url\":\"https:\\\/\\\/www.actionproject.es\\\/blog\\\/importancia-gestion-de-procesos-empresa\\\/\",\"name\":\"La importancia de la gesti\u00f3n de procesos para tu empresa - Action Project\",\"isPartOf\":{\"@id\":\"https:\\\/\\\/www.actionproject.es\\\/#website\"},\"primaryImageOfPage\":{\"@id\":\"https:\\\/\\\/www.actionproject.es\\\/blog\\\/importancia-gestion-de-procesos-empresa\\\/#primaryimage\"},\"image\":{\"@id\":\"https:\\\/\\\/www.actionproject.es\\\/blog\\\/importancia-gestion-de-procesos-empresa\\\/#primaryimage\"},\"thumbnailUrl\":\"https:\\\/\\\/www.actionproject.es\\\/wp-content\\\/uploads\\\/2025\\\/07\\\/gestion-de-procesos.jpg\",\"datePublished\":\"2022-05-10T05:04:40+00:00\",\"dateModified\":\"2025-07-02T09:13:09+00:00\",\"breadcrumb\":{\"@id\":\"https:\\\/\\\/www.actionproject.es\\\/blog\\\/importancia-gestion-de-procesos-empresa\\\/#breadcrumb\"},\"inLanguage\":\"en-GB\",\"potentialAction\":[{\"@type\":\"ReadAction\",\"target\":[\"https:\\\/\\\/www.actionproject.es\\\/blog\\\/importancia-gestion-de-procesos-empresa\\\/\"]}]},{\"@type\":\"ImageObject\",\"inLanguage\":\"en-GB\",\"@id\":\"https:\\\/\\\/www.actionproject.es\\\/blog\\\/importancia-gestion-de-procesos-empresa\\\/#primaryimage\",\"url\":\"https:\\\/\\\/www.actionproject.es\\\/wp-content\\\/uploads\\\/2025\\\/07\\\/gestion-de-procesos.jpg\",\"contentUrl\":\"https:\\\/\\\/www.actionproject.es\\\/wp-content\\\/uploads\\\/2025\\\/07\\\/gestion-de-procesos.jpg\",\"width\":1200,\"height\":800},{\"@type\":\"BreadcrumbList\",\"@id\":\"https:\\\/\\\/www.actionproject.es\\\/blog\\\/importancia-gestion-de-procesos-empresa\\\/#breadcrumb\",\"itemListElement\":[{\"@type\":\"ListItem\",\"position\":1,\"name\":\"Portada\",\"item\":\"https:\\\/\\\/www.actionproject.es\\\/\"},{\"@type\":\"ListItem\",\"position\":2,\"name\":\"La importancia de la gesti\u00f3n de procesos para tu empresa\"}]},{\"@type\":\"WebSite\",\"@id\":\"https:\\\/\\\/www.actionproject.es\\\/#website\",\"url\":\"https:\\\/\\\/www.actionproject.es\\\/\",\"name\":\"Action Project\",\"description\":\"\",\"publisher\":{\"@id\":\"https:\\\/\\\/www.actionproject.es\\\/#organization\"},\"potentialAction\":[{\"@type\":\"SearchAction\",\"target\":{\"@type\":\"EntryPoint\",\"urlTemplate\":\"https:\\\/\\\/www.actionproject.es\\\/?s={search_term_string}\"},\"query-input\":{\"@type\":\"PropertyValueSpecification\",\"valueRequired\":true,\"valueName\":\"search_term_string\"}}],\"inLanguage\":\"en-GB\"},{\"@type\":\"Organization\",\"@id\":\"https:\\\/\\\/www.actionproject.es\\\/#organization\",\"name\":\"Action Project\",\"url\":\"https:\\\/\\\/www.actionproject.es\\\/\",\"logo\":{\"@type\":\"ImageObject\",\"inLanguage\":\"en-GB\",\"@id\":\"https:\\\/\\\/www.actionproject.es\\\/#\\\/schema\\\/logo\\\/image\\\/\",\"url\":\"https:\\\/\\\/www.actionproject.es\\\/wp-content\\\/uploads\\\/2025\\\/02\\\/favicon-action.png\",\"contentUrl\":\"https:\\\/\\\/www.actionproject.es\\\/wp-content\\\/uploads\\\/2025\\\/02\\\/favicon-action.png\",\"width\":512,\"height\":512,\"caption\":\"Action Project\"},\"image\":{\"@id\":\"https:\\\/\\\/www.actionproject.es\\\/#\\\/schema\\\/logo\\\/image\\\/\"}},{\"@type\":\"Person\",\"@id\":\"https:\\\/\\\/www.actionproject.es\\\/#\\\/schema\\\/person\\\/01aa5bb80cabd3235975fa1fccb16e23\",\"name\":\"Juanma\",\"image\":{\"@type\":\"ImageObject\",\"inLanguage\":\"en-GB\",\"@id\":\"https:\\\/\\\/secure.gravatar.com\\\/avatar\\\/85f0c3c9ba6a2b2ba51b0df3346eaf50cafa606989920561324eac0dd1c938f4?s=96&d=mm&r=g\",\"url\":\"https:\\\/\\\/secure.gravatar.com\\\/avatar\\\/85f0c3c9ba6a2b2ba51b0df3346eaf50cafa606989920561324eac0dd1c938f4?s=96&d=mm&r=g\",\"contentUrl\":\"https:\\\/\\\/secure.gravatar.com\\\/avatar\\\/85f0c3c9ba6a2b2ba51b0df3346eaf50cafa606989920561324eac0dd1c938f4?s=96&d=mm&r=g\",\"caption\":\"Juanma\"},\"url\":\"https:\\\/\\\/www.actionproject.es\\\/en_gb\\\/blog\\\/author\\\/juanma\\\/\"}]}<\/script>\n<!-- \/ Yoast SEO plugin. -->","yoast_head_json":{"title":"La importancia de la gesti\u00f3n de procesos para tu empresa - Action Project","robots":{"index":"index","follow":"follow","max-snippet":"max-snippet:-1","max-image-preview":"max-image-preview:large","max-video-preview":"max-video-preview:-1"},"canonical":"https:\/\/www.actionproject.es\/en_gb\/blog\/importancia-gestion-de-procesos-empresa\/","og_locale":"en_GB","og_type":"article","og_title":"La importancia de la gesti\u00f3n de procesos para tu empresa - Action Project","og_description":"Las organizaciones tradicionales con un sistema de organigrama vertical est\u00e1n obsoletas. Si quieres mejorar los procesos de tu empresa en t\u00e9rminos de eficiencia, eficacia y flexibilidad, apuesta por la gesti\u00f3n de procesos.","og_url":"https:\/\/www.actionproject.es\/en_gb\/blog\/importancia-gestion-de-procesos-empresa\/","og_site_name":"Action Project","article_published_time":"2022-05-10T05:04:40+00:00","article_modified_time":"2025-07-02T09:13:09+00:00","og_image":[{"width":1200,"height":800,"url":"https:\/\/www.actionproject.es\/wp-content\/uploads\/2025\/07\/gestion-de-procesos.jpg","type":"image\/jpeg"}],"author":"Juanma","twitter_card":"summary_large_image","twitter_misc":{"Written by":"Juanma","Estimated reading time":"2 minutes"},"schema":{"@context":"https:\/\/schema.org","@graph":[{"@type":"Article","@id":"https:\/\/www.actionproject.es\/blog\/importancia-gestion-de-procesos-empresa\/#article","isPartOf":{"@id":"https:\/\/www.actionproject.es\/blog\/importancia-gestion-de-procesos-empresa\/"},"author":{"name":"Juanma","@id":"https:\/\/www.actionproject.es\/#\/schema\/person\/01aa5bb80cabd3235975fa1fccb16e23"},"headline":"La importancia de la gesti\u00f3n de procesos para tu empresa","datePublished":"2022-05-10T05:04:40+00:00","dateModified":"2025-07-02T09:13:09+00:00","mainEntityOfPage":{"@id":"https:\/\/www.actionproject.es\/blog\/importancia-gestion-de-procesos-empresa\/"},"wordCount":403,"publisher":{"@id":"https:\/\/www.actionproject.es\/#organization"},"image":{"@id":"https:\/\/www.actionproject.es\/blog\/importancia-gestion-de-procesos-empresa\/#primaryimage"},"thumbnailUrl":"https:\/\/www.actionproject.es\/wp-content\/uploads\/2025\/07\/gestion-de-procesos.jpg","keywords":["estructura empresarial","gesti\u00f3n de procesos","objetivos de negocio","organizaci\u00f3n de empresa","procesos de empresa"],"articleSection":["Estrategia empresarial"],"inLanguage":"en-GB"},{"@type":"WebPage","@id":"https:\/\/www.actionproject.es\/blog\/importancia-gestion-de-procesos-empresa\/","url":"https:\/\/www.actionproject.es\/blog\/importancia-gestion-de-procesos-empresa\/","name":"La importancia de la gesti\u00f3n de procesos para tu empresa - Action Project","isPartOf":{"@id":"https:\/\/www.actionproject.es\/#website"},"primaryImageOfPage":{"@id":"https:\/\/www.actionproject.es\/blog\/importancia-gestion-de-procesos-empresa\/#primaryimage"},"image":{"@id":"https:\/\/www.actionproject.es\/blog\/importancia-gestion-de-procesos-empresa\/#primaryimage"},"thumbnailUrl":"https:\/\/www.actionproject.es\/wp-content\/uploads\/2025\/07\/gestion-de-procesos.jpg","datePublished":"2022-05-10T05:04:40+00:00","dateModified":"2025-07-02T09:13:09+00:00","breadcrumb":{"@id":"https:\/\/www.actionproject.es\/blog\/importancia-gestion-de-procesos-empresa\/#breadcrumb"},"inLanguage":"en-GB","potentialAction":[{"@type":"ReadAction","target":["https:\/\/www.actionproject.es\/blog\/importancia-gestion-de-procesos-empresa\/"]}]},{"@type":"ImageObject","inLanguage":"en-GB","@id":"https:\/\/www.actionproject.es\/blog\/importancia-gestion-de-procesos-empresa\/#primaryimage","url":"https:\/\/www.actionproject.es\/wp-content\/uploads\/2025\/07\/gestion-de-procesos.jpg","contentUrl":"https:\/\/www.actionproject.es\/wp-content\/uploads\/2025\/07\/gestion-de-procesos.jpg","width":1200,"height":800},{"@type":"BreadcrumbList","@id":"https:\/\/www.actionproject.es\/blog\/importancia-gestion-de-procesos-empresa\/#breadcrumb","itemListElement":[{"@type":"ListItem","position":1,"name":"Portada","item":"https:\/\/www.actionproject.es\/"},{"@type":"ListItem","position":2,"name":"La importancia de la gesti\u00f3n de procesos para tu empresa"}]},{"@type":"WebSite","@id":"https:\/\/www.actionproject.es\/#website","url":"https:\/\/www.actionproject.es\/","name":"Action Project","description":"","publisher":{"@id":"https:\/\/www.actionproject.es\/#organization"},"potentialAction":[{"@type":"SearchAction","target":{"@type":"EntryPoint","urlTemplate":"https:\/\/www.actionproject.es\/?s={search_term_string}"},"query-input":{"@type":"PropertyValueSpecification","valueRequired":true,"valueName":"search_term_string"}}],"inLanguage":"en-GB"},{"@type":"Organization","@id":"https:\/\/www.actionproject.es\/#organization","name":"Action Project","url":"https:\/\/www.actionproject.es\/","logo":{"@type":"ImageObject","inLanguage":"en-GB","@id":"https:\/\/www.actionproject.es\/#\/schema\/logo\/image\/","url":"https:\/\/www.actionproject.es\/wp-content\/uploads\/2025\/02\/favicon-action.png","contentUrl":"https:\/\/www.actionproject.es\/wp-content\/uploads\/2025\/02\/favicon-action.png","width":512,"height":512,"caption":"Action Project"},"image":{"@id":"https:\/\/www.actionproject.es\/#\/schema\/logo\/image\/"}},{"@type":"Person","@id":"https:\/\/www.actionproject.es\/#\/schema\/person\/01aa5bb80cabd3235975fa1fccb16e23","name":"Juanma","image":{"@type":"ImageObject","inLanguage":"en-GB","@id":"https:\/\/secure.gravatar.com\/avatar\/85f0c3c9ba6a2b2ba51b0df3346eaf50cafa606989920561324eac0dd1c938f4?s=96&d=mm&r=g","url":"https:\/\/secure.gravatar.com\/avatar\/85f0c3c9ba6a2b2ba51b0df3346eaf50cafa606989920561324eac0dd1c938f4?s=96&d=mm&r=g","contentUrl":"https:\/\/secure.gravatar.com\/avatar\/85f0c3c9ba6a2b2ba51b0df3346eaf50cafa606989920561324eac0dd1c938f4?s=96&d=mm&r=g","caption":"Juanma"},"url":"https:\/\/www.actionproject.es\/en_gb\/blog\/author\/juanma\/"}]}},"_links":{"self":[{"href":"https:\/\/www.actionproject.es\/en_gb\/wp-json\/wp\/v2\/posts\/1333","targetHints":{"allow":["GET"]}}],"collection":[{"href":"https:\/\/www.actionproject.es\/en_gb\/wp-json\/wp\/v2\/posts"}],"about":[{"href":"https:\/\/www.actionproject.es\/en_gb\/wp-json\/wp\/v2\/types\/post"}],"author":[{"embeddable":true,"href":"https:\/\/www.actionproject.es\/en_gb\/wp-json\/wp\/v2\/users\/2"}],"replies":[{"embeddable":true,"href":"https:\/\/www.actionproject.es\/en_gb\/wp-json\/wp\/v2\/comments?post=1333"}],"version-history":[{"count":2,"href":"https:\/\/www.actionproject.es\/en_gb\/wp-json\/wp\/v2\/posts\/1333\/revisions"}],"predecessor-version":[{"id":1682,"href":"https:\/\/www.actionproject.es\/en_gb\/wp-json\/wp\/v2\/posts\/1333\/revisions\/1682"}],"wp:featuredmedia":[{"embeddable":true,"href":"https:\/\/www.actionproject.es\/en_gb\/wp-json\/wp\/v2\/media\/1453"}],"wp:attachment":[{"href":"https:\/\/www.actionproject.es\/en_gb\/wp-json\/wp\/v2\/media?parent=1333"}],"wp:term":[{"taxonomy":"category","embeddable":true,"href":"https:\/\/www.actionproject.es\/en_gb\/wp-json\/wp\/v2\/categories?post=1333"},{"taxonomy":"post_tag","embeddable":true,"href":"https:\/\/www.actionproject.es\/en_gb\/wp-json\/wp\/v2\/tags?post=1333"}],"curies":[{"name":"wp","href":"https:\/\/api.w.org\/{rel}","templated":true}]}}