{"id":1334,"date":"2022-05-24T06:50:24","date_gmt":"2022-05-24T04:50:24","guid":{"rendered":"https:\/\/www.actionproject.es\/blog\/jeff-bezos-exito-empresarial-amazon\/"},"modified":"2025-07-02T11:13:09","modified_gmt":"2025-07-02T09:13:09","slug":"jeff-bezos-exito-empresarial-amazon","status":"publish","type":"post","link":"https:\/\/www.actionproject.es\/en_gb\/blog\/jeff-bezos-exito-empresarial-amazon\/","title":{"rendered":"C\u00f3mo Jeff Bezos consigui\u00f3 el \u00e9xito empresarial con Amazon"},"content":{"rendered":"<p>Si algo caracteriza al fundador de Amazon, es ver oportunidades donde otros no son capaces de verlas y <strong>lanzarse a conseguir sus objetivos sin pensar en el fracaso<\/strong>, sino en aprender por el camino hasta <strong>conseguir el \u00e9xito empresarial<\/strong>.<\/p>\n<p>\u00a0<\/p>\n<h2>Ense\u00f1anzas de \u00e9xito empresarial del fundador de Amazon<\/h2>\n<p>\u00a0<\/p>\n<ul>\n<li><strong>Innovar significa tomar riesgos<\/strong>. Cuando Amazon surgi\u00f3, el comercio en l\u00ednea era algo nuevo y con un futuro incierto. La cuesti\u00f3n fue <strong>tener en cuenta que los obst\u00e1culos existen<\/strong> en el camino hasta alcanzar el \u00e9xito empresarial. De hecho, la rentabilidad de Amazon no tuvo lugar hasta unos a\u00f1os despu\u00e9s de su creaci\u00f3n.<\/li>\n<\/ul>\n<p>\u00a0<\/p>\n<ul>\n<li><strong>El cliente en el centro de la estrategia<\/strong>. Su visi\u00f3n de futuro no se encuentra en un juego constante con la competencia o en la m\u00e1xima adquisici\u00f3n econ\u00f3mica, sino en las <strong>necesidades del cliente y su circunstancia particular<\/strong>. Incluso si alguna acci\u00f3n conlleva una p\u00e9rdida monetaria, prefiere no cancelar ning\u00fan pedido y perder dinero, pero mantener la fidelidad de los clientes.<\/li>\n<\/ul>\n<p>\u00a0<\/p>\n<ul>\n<li><strong>Capacidad de escalabilidad del negocio<\/strong>. Apostar por <strong>nuevas oportunidades de negocio ligadas a tu empresa<\/strong> es creer en la innovaci\u00f3n. Tras el nacimiento de Amazon como una nueva manera de consumo y distribuci\u00f3n, surgieron propuestas como la aplicaci\u00f3n Kindle, una nueva forma en que las personas obtienen y leen libros.<\/li>\n<\/ul>\n<p>\u00a0<\/p>\n<ul>\n<li><strong>Importancia de trabajar en equipo y delegar<\/strong>. Un directivo no tiene por qu\u00e9 ser experto en todas las \u00e1reas del negocio, pero s\u00ed debe tener la habilidad de identificar el talento adecuado. <strong>La idea es ser un l\u00edder con la capacidad de aceptar sugerencias<\/strong> y explicar con detalle cada acci\u00f3n tomada. De esta forma, Jeff Bezos ha apostado en su trayectoria por un buen liderazgo empresarial en detrimento de la figura de jefe autoritario.<\/li>\n<\/ul>\n<p>\u00a0<\/p>\n<p>Jeff Bezos se caracteriza por ser una persona con iniciativa y visi\u00f3n, que lleva adelante sus sue\u00f1os sin temor a los riesgos, o m\u00e1s bien, aprendiendo de ellos. <strong>Ver oportunidades donde otros a\u00fan no las han visto es el pistoletazo de salida <\/strong>para aceptar el desaf\u00edo y <strong>alcanzar el \u00e9xito empresarial<\/strong> con tu propuesta de negocio.<\/p>\n<p>Apuesta por la capacidad de <a href=\"https:\/\/www.actionproject.es\/en_gb\/blog\/liderazgo-empresarial-beneficios\/\">liderazgo empresarial<\/a> and the <a href=\"\/en_gb\/servicios\/gestion-de-proyectos\/\">gesti\u00f3n empresarial<\/a>, como hizo el fundador de Amazon. En ActionProject te ayudamos con la <a href=\"\/en_gb\/servicios\/profesionalizacion-de-la-empresa\/\">profesionalizaci\u00f3n de tu empresa<\/a>, \u00a1cont\u00e1ctanos!<\/p>","protected":false},"excerpt":{"rendered":"<p>Hoy en d\u00eda es raro alguna persona que no haya utilizado Amazon o, al menos, haber o\u00eddo hablar de \u00e9l. Ser reconocido en el mundo entero no es fruto de la casualidad, sino de la <strong>capacidad de visi\u00f3n de futuro y el esfuerzo de su creador: Jeff Bezos<\/strong>.<\/p>","protected":false},"author":2,"featured_media":1446,"comment_status":"closed","ping_status":"open","sticky":false,"template":"","format":"standard","meta":{"_acf_changed":false,"_joinchat":[],"footnotes":""},"categories":[10],"tags":[227,225,226,219,228],"class_list":["post-1334","post","type-post","status-publish","format-standard","has-post-thumbnail","hentry","category-estrategia-empresarial","tag-amazon","tag-exito-empresarial","tag-jeff-bezos","tag-lecciones-empresariales","tag-oportunidades-empresariales"],"acf":[],"aioseo_notices":[],"yoast_head":"<!-- This site is optimized with the Yoast SEO plugin v27.3 - https:\/\/yoast.com\/product\/yoast-seo-wordpress\/ -->\n<title>C\u00f3mo Jeff Bezos consigui\u00f3 el \u00e9xito empresarial con Amazon - Action Project<\/title>\n<meta name=\"robots\" content=\"index, follow, max-snippet:-1, max-image-preview:large, max-video-preview:-1\" \/>\n<link rel=\"canonical\" href=\"https:\/\/www.actionproject.es\/en_gb\/blog\/jeff-bezos-exito-empresarial-amazon\/\" \/>\n<meta property=\"og:locale\" content=\"en_GB\" \/>\n<meta property=\"og:type\" content=\"article\" \/>\n<meta property=\"og:title\" content=\"C\u00f3mo Jeff Bezos consigui\u00f3 el \u00e9xito empresarial con Amazon - Action Project\" \/>\n<meta property=\"og:description\" content=\"Hoy en d\u00eda es raro alguna persona que no haya utilizado Amazon o, al menos, haber o\u00eddo hablar de \u00e9l. Ser reconocido en el mundo entero no es fruto de la casualidad, sino de la capacidad de visi\u00f3n de futuro y el esfuerzo de su creador: Jeff Bezos.\" \/>\n<meta property=\"og:url\" content=\"https:\/\/www.actionproject.es\/en_gb\/blog\/jeff-bezos-exito-empresarial-amazon\/\" \/>\n<meta property=\"og:site_name\" content=\"Action Project\" \/>\n<meta property=\"article:published_time\" content=\"2022-05-24T04:50:24+00:00\" \/>\n<meta property=\"article:modified_time\" content=\"2025-07-02T09:13:09+00:00\" \/>\n<meta property=\"og:image\" content=\"https:\/\/www.actionproject.es\/wp-content\/uploads\/2025\/07\/exito-empresarial-jeff-bezos-amazon.jpg\" \/>\n\t<meta property=\"og:image:width\" content=\"1200\" \/>\n\t<meta property=\"og:image:height\" content=\"800\" \/>\n\t<meta property=\"og:image:type\" content=\"image\/jpeg\" \/>\n<meta name=\"author\" content=\"Juanma\" \/>\n<meta name=\"twitter:card\" content=\"summary_large_image\" \/>\n<meta name=\"twitter:label1\" content=\"Written by\" \/>\n\t<meta name=\"twitter:data1\" content=\"Juanma\" \/>\n\t<meta name=\"twitter:label2\" content=\"Estimated reading time\" \/>\n\t<meta name=\"twitter:data2\" content=\"2 minutes\" \/>\n<script type=\"application\/ld+json\" class=\"yoast-schema-graph\">{\"@context\":\"https:\\\/\\\/schema.org\",\"@graph\":[{\"@type\":\"Article\",\"@id\":\"https:\\\/\\\/www.actionproject.es\\\/blog\\\/jeff-bezos-exito-empresarial-amazon\\\/#article\",\"isPartOf\":{\"@id\":\"https:\\\/\\\/www.actionproject.es\\\/blog\\\/jeff-bezos-exito-empresarial-amazon\\\/\"},\"author\":{\"name\":\"Juanma\",\"@id\":\"https:\\\/\\\/www.actionproject.es\\\/#\\\/schema\\\/person\\\/01aa5bb80cabd3235975fa1fccb16e23\"},\"headline\":\"C\u00f3mo Jeff Bezos consigui\u00f3 el \u00e9xito empresarial con Amazon\",\"datePublished\":\"2022-05-24T04:50:24+00:00\",\"dateModified\":\"2025-07-02T09:13:09+00:00\",\"mainEntityOfPage\":{\"@id\":\"https:\\\/\\\/www.actionproject.es\\\/blog\\\/jeff-bezos-exito-empresarial-amazon\\\/\"},\"wordCount\":406,\"publisher\":{\"@id\":\"https:\\\/\\\/www.actionproject.es\\\/#organization\"},\"image\":{\"@id\":\"https:\\\/\\\/www.actionproject.es\\\/blog\\\/jeff-bezos-exito-empresarial-amazon\\\/#primaryimage\"},\"thumbnailUrl\":\"https:\\\/\\\/www.actionproject.es\\\/wp-content\\\/uploads\\\/2025\\\/07\\\/exito-empresarial-jeff-bezos-amazon.jpg\",\"keywords\":[\"Amazon\",\"\u00e9xito empresarial\",\"Jeff Bezos\",\"lecciones empresariales\",\"oportunidades empresariales\"],\"articleSection\":[\"Estrategia empresarial\"],\"inLanguage\":\"en-GB\"},{\"@type\":\"WebPage\",\"@id\":\"https:\\\/\\\/www.actionproject.es\\\/blog\\\/jeff-bezos-exito-empresarial-amazon\\\/\",\"url\":\"https:\\\/\\\/www.actionproject.es\\\/blog\\\/jeff-bezos-exito-empresarial-amazon\\\/\",\"name\":\"C\u00f3mo Jeff Bezos consigui\u00f3 el \u00e9xito empresarial con Amazon - Action Project\",\"isPartOf\":{\"@id\":\"https:\\\/\\\/www.actionproject.es\\\/#website\"},\"primaryImageOfPage\":{\"@id\":\"https:\\\/\\\/www.actionproject.es\\\/blog\\\/jeff-bezos-exito-empresarial-amazon\\\/#primaryimage\"},\"image\":{\"@id\":\"https:\\\/\\\/www.actionproject.es\\\/blog\\\/jeff-bezos-exito-empresarial-amazon\\\/#primaryimage\"},\"thumbnailUrl\":\"https:\\\/\\\/www.actionproject.es\\\/wp-content\\\/uploads\\\/2025\\\/07\\\/exito-empresarial-jeff-bezos-amazon.jpg\",\"datePublished\":\"2022-05-24T04:50:24+00:00\",\"dateModified\":\"2025-07-02T09:13:09+00:00\",\"breadcrumb\":{\"@id\":\"https:\\\/\\\/www.actionproject.es\\\/blog\\\/jeff-bezos-exito-empresarial-amazon\\\/#breadcrumb\"},\"inLanguage\":\"en-GB\",\"potentialAction\":[{\"@type\":\"ReadAction\",\"target\":[\"https:\\\/\\\/www.actionproject.es\\\/blog\\\/jeff-bezos-exito-empresarial-amazon\\\/\"]}]},{\"@type\":\"ImageObject\",\"inLanguage\":\"en-GB\",\"@id\":\"https:\\\/\\\/www.actionproject.es\\\/blog\\\/jeff-bezos-exito-empresarial-amazon\\\/#primaryimage\",\"url\":\"https:\\\/\\\/www.actionproject.es\\\/wp-content\\\/uploads\\\/2025\\\/07\\\/exito-empresarial-jeff-bezos-amazon.jpg\",\"contentUrl\":\"https:\\\/\\\/www.actionproject.es\\\/wp-content\\\/uploads\\\/2025\\\/07\\\/exito-empresarial-jeff-bezos-amazon.jpg\",\"width\":1200,\"height\":800},{\"@type\":\"BreadcrumbList\",\"@id\":\"https:\\\/\\\/www.actionproject.es\\\/blog\\\/jeff-bezos-exito-empresarial-amazon\\\/#breadcrumb\",\"itemListElement\":[{\"@type\":\"ListItem\",\"position\":1,\"name\":\"Portada\",\"item\":\"https:\\\/\\\/www.actionproject.es\\\/\"},{\"@type\":\"ListItem\",\"position\":2,\"name\":\"C\u00f3mo Jeff Bezos consigui\u00f3 el \u00e9xito empresarial con Amazon\"}]},{\"@type\":\"WebSite\",\"@id\":\"https:\\\/\\\/www.actionproject.es\\\/#website\",\"url\":\"https:\\\/\\\/www.actionproject.es\\\/\",\"name\":\"Action Project\",\"description\":\"\",\"publisher\":{\"@id\":\"https:\\\/\\\/www.actionproject.es\\\/#organization\"},\"potentialAction\":[{\"@type\":\"SearchAction\",\"target\":{\"@type\":\"EntryPoint\",\"urlTemplate\":\"https:\\\/\\\/www.actionproject.es\\\/?s={search_term_string}\"},\"query-input\":{\"@type\":\"PropertyValueSpecification\",\"valueRequired\":true,\"valueName\":\"search_term_string\"}}],\"inLanguage\":\"en-GB\"},{\"@type\":\"Organization\",\"@id\":\"https:\\\/\\\/www.actionproject.es\\\/#organization\",\"name\":\"Action Project\",\"url\":\"https:\\\/\\\/www.actionproject.es\\\/\",\"logo\":{\"@type\":\"ImageObject\",\"inLanguage\":\"en-GB\",\"@id\":\"https:\\\/\\\/www.actionproject.es\\\/#\\\/schema\\\/logo\\\/image\\\/\",\"url\":\"https:\\\/\\\/www.actionproject.es\\\/wp-content\\\/uploads\\\/2025\\\/02\\\/favicon-action.png\",\"contentUrl\":\"https:\\\/\\\/www.actionproject.es\\\/wp-content\\\/uploads\\\/2025\\\/02\\\/favicon-action.png\",\"width\":512,\"height\":512,\"caption\":\"Action Project\"},\"image\":{\"@id\":\"https:\\\/\\\/www.actionproject.es\\\/#\\\/schema\\\/logo\\\/image\\\/\"}},{\"@type\":\"Person\",\"@id\":\"https:\\\/\\\/www.actionproject.es\\\/#\\\/schema\\\/person\\\/01aa5bb80cabd3235975fa1fccb16e23\",\"name\":\"Juanma\",\"image\":{\"@type\":\"ImageObject\",\"inLanguage\":\"en-GB\",\"@id\":\"https:\\\/\\\/secure.gravatar.com\\\/avatar\\\/85f0c3c9ba6a2b2ba51b0df3346eaf50cafa606989920561324eac0dd1c938f4?s=96&d=mm&r=g\",\"url\":\"https:\\\/\\\/secure.gravatar.com\\\/avatar\\\/85f0c3c9ba6a2b2ba51b0df3346eaf50cafa606989920561324eac0dd1c938f4?s=96&d=mm&r=g\",\"contentUrl\":\"https:\\\/\\\/secure.gravatar.com\\\/avatar\\\/85f0c3c9ba6a2b2ba51b0df3346eaf50cafa606989920561324eac0dd1c938f4?s=96&d=mm&r=g\",\"caption\":\"Juanma\"},\"url\":\"https:\\\/\\\/www.actionproject.es\\\/en_gb\\\/blog\\\/author\\\/juanma\\\/\"}]}<\/script>\n<!-- \/ Yoast SEO plugin. -->","yoast_head_json":{"title":"C\u00f3mo Jeff Bezos consigui\u00f3 el \u00e9xito empresarial con Amazon - Action Project","robots":{"index":"index","follow":"follow","max-snippet":"max-snippet:-1","max-image-preview":"max-image-preview:large","max-video-preview":"max-video-preview:-1"},"canonical":"https:\/\/www.actionproject.es\/en_gb\/blog\/jeff-bezos-exito-empresarial-amazon\/","og_locale":"en_GB","og_type":"article","og_title":"C\u00f3mo Jeff Bezos consigui\u00f3 el \u00e9xito empresarial con Amazon - Action Project","og_description":"Hoy en d\u00eda es raro alguna persona que no haya utilizado Amazon o, al menos, haber o\u00eddo hablar de \u00e9l. Ser reconocido en el mundo entero no es fruto de la casualidad, sino de la capacidad de visi\u00f3n de futuro y el esfuerzo de su creador: Jeff Bezos.","og_url":"https:\/\/www.actionproject.es\/en_gb\/blog\/jeff-bezos-exito-empresarial-amazon\/","og_site_name":"Action Project","article_published_time":"2022-05-24T04:50:24+00:00","article_modified_time":"2025-07-02T09:13:09+00:00","og_image":[{"width":1200,"height":800,"url":"https:\/\/www.actionproject.es\/wp-content\/uploads\/2025\/07\/exito-empresarial-jeff-bezos-amazon.jpg","type":"image\/jpeg"}],"author":"Juanma","twitter_card":"summary_large_image","twitter_misc":{"Written by":"Juanma","Estimated reading time":"2 minutes"},"schema":{"@context":"https:\/\/schema.org","@graph":[{"@type":"Article","@id":"https:\/\/www.actionproject.es\/blog\/jeff-bezos-exito-empresarial-amazon\/#article","isPartOf":{"@id":"https:\/\/www.actionproject.es\/blog\/jeff-bezos-exito-empresarial-amazon\/"},"author":{"name":"Juanma","@id":"https:\/\/www.actionproject.es\/#\/schema\/person\/01aa5bb80cabd3235975fa1fccb16e23"},"headline":"C\u00f3mo Jeff Bezos consigui\u00f3 el \u00e9xito empresarial con Amazon","datePublished":"2022-05-24T04:50:24+00:00","dateModified":"2025-07-02T09:13:09+00:00","mainEntityOfPage":{"@id":"https:\/\/www.actionproject.es\/blog\/jeff-bezos-exito-empresarial-amazon\/"},"wordCount":406,"publisher":{"@id":"https:\/\/www.actionproject.es\/#organization"},"image":{"@id":"https:\/\/www.actionproject.es\/blog\/jeff-bezos-exito-empresarial-amazon\/#primaryimage"},"thumbnailUrl":"https:\/\/www.actionproject.es\/wp-content\/uploads\/2025\/07\/exito-empresarial-jeff-bezos-amazon.jpg","keywords":["Amazon","\u00e9xito empresarial","Jeff Bezos","lecciones empresariales","oportunidades empresariales"],"articleSection":["Estrategia empresarial"],"inLanguage":"en-GB"},{"@type":"WebPage","@id":"https:\/\/www.actionproject.es\/blog\/jeff-bezos-exito-empresarial-amazon\/","url":"https:\/\/www.actionproject.es\/blog\/jeff-bezos-exito-empresarial-amazon\/","name":"C\u00f3mo Jeff Bezos consigui\u00f3 el \u00e9xito empresarial con Amazon - Action Project","isPartOf":{"@id":"https:\/\/www.actionproject.es\/#website"},"primaryImageOfPage":{"@id":"https:\/\/www.actionproject.es\/blog\/jeff-bezos-exito-empresarial-amazon\/#primaryimage"},"image":{"@id":"https:\/\/www.actionproject.es\/blog\/jeff-bezos-exito-empresarial-amazon\/#primaryimage"},"thumbnailUrl":"https:\/\/www.actionproject.es\/wp-content\/uploads\/2025\/07\/exito-empresarial-jeff-bezos-amazon.jpg","datePublished":"2022-05-24T04:50:24+00:00","dateModified":"2025-07-02T09:13:09+00:00","breadcrumb":{"@id":"https:\/\/www.actionproject.es\/blog\/jeff-bezos-exito-empresarial-amazon\/#breadcrumb"},"inLanguage":"en-GB","potentialAction":[{"@type":"ReadAction","target":["https:\/\/www.actionproject.es\/blog\/jeff-bezos-exito-empresarial-amazon\/"]}]},{"@type":"ImageObject","inLanguage":"en-GB","@id":"https:\/\/www.actionproject.es\/blog\/jeff-bezos-exito-empresarial-amazon\/#primaryimage","url":"https:\/\/www.actionproject.es\/wp-content\/uploads\/2025\/07\/exito-empresarial-jeff-bezos-amazon.jpg","contentUrl":"https:\/\/www.actionproject.es\/wp-content\/uploads\/2025\/07\/exito-empresarial-jeff-bezos-amazon.jpg","width":1200,"height":800},{"@type":"BreadcrumbList","@id":"https:\/\/www.actionproject.es\/blog\/jeff-bezos-exito-empresarial-amazon\/#breadcrumb","itemListElement":[{"@type":"ListItem","position":1,"name":"Portada","item":"https:\/\/www.actionproject.es\/"},{"@type":"ListItem","position":2,"name":"C\u00f3mo Jeff Bezos consigui\u00f3 el \u00e9xito empresarial con Amazon"}]},{"@type":"WebSite","@id":"https:\/\/www.actionproject.es\/#website","url":"https:\/\/www.actionproject.es\/","name":"Action Project","description":"","publisher":{"@id":"https:\/\/www.actionproject.es\/#organization"},"potentialAction":[{"@type":"SearchAction","target":{"@type":"EntryPoint","urlTemplate":"https:\/\/www.actionproject.es\/?s={search_term_string}"},"query-input":{"@type":"PropertyValueSpecification","valueRequired":true,"valueName":"search_term_string"}}],"inLanguage":"en-GB"},{"@type":"Organization","@id":"https:\/\/www.actionproject.es\/#organization","name":"Action Project","url":"https:\/\/www.actionproject.es\/","logo":{"@type":"ImageObject","inLanguage":"en-GB","@id":"https:\/\/www.actionproject.es\/#\/schema\/logo\/image\/","url":"https:\/\/www.actionproject.es\/wp-content\/uploads\/2025\/02\/favicon-action.png","contentUrl":"https:\/\/www.actionproject.es\/wp-content\/uploads\/2025\/02\/favicon-action.png","width":512,"height":512,"caption":"Action Project"},"image":{"@id":"https:\/\/www.actionproject.es\/#\/schema\/logo\/image\/"}},{"@type":"Person","@id":"https:\/\/www.actionproject.es\/#\/schema\/person\/01aa5bb80cabd3235975fa1fccb16e23","name":"Juanma","image":{"@type":"ImageObject","inLanguage":"en-GB","@id":"https:\/\/secure.gravatar.com\/avatar\/85f0c3c9ba6a2b2ba51b0df3346eaf50cafa606989920561324eac0dd1c938f4?s=96&d=mm&r=g","url":"https:\/\/secure.gravatar.com\/avatar\/85f0c3c9ba6a2b2ba51b0df3346eaf50cafa606989920561324eac0dd1c938f4?s=96&d=mm&r=g","contentUrl":"https:\/\/secure.gravatar.com\/avatar\/85f0c3c9ba6a2b2ba51b0df3346eaf50cafa606989920561324eac0dd1c938f4?s=96&d=mm&r=g","caption":"Juanma"},"url":"https:\/\/www.actionproject.es\/en_gb\/blog\/author\/juanma\/"}]}},"_links":{"self":[{"href":"https:\/\/www.actionproject.es\/en_gb\/wp-json\/wp\/v2\/posts\/1334","targetHints":{"allow":["GET"]}}],"collection":[{"href":"https:\/\/www.actionproject.es\/en_gb\/wp-json\/wp\/v2\/posts"}],"about":[{"href":"https:\/\/www.actionproject.es\/en_gb\/wp-json\/wp\/v2\/types\/post"}],"author":[{"embeddable":true,"href":"https:\/\/www.actionproject.es\/en_gb\/wp-json\/wp\/v2\/users\/2"}],"replies":[{"embeddable":true,"href":"https:\/\/www.actionproject.es\/en_gb\/wp-json\/wp\/v2\/comments?post=1334"}],"version-history":[{"count":2,"href":"https:\/\/www.actionproject.es\/en_gb\/wp-json\/wp\/v2\/posts\/1334\/revisions"}],"predecessor-version":[{"id":1683,"href":"https:\/\/www.actionproject.es\/en_gb\/wp-json\/wp\/v2\/posts\/1334\/revisions\/1683"}],"wp:featuredmedia":[{"embeddable":true,"href":"https:\/\/www.actionproject.es\/en_gb\/wp-json\/wp\/v2\/media\/1446"}],"wp:attachment":[{"href":"https:\/\/www.actionproject.es\/en_gb\/wp-json\/wp\/v2\/media?parent=1334"}],"wp:term":[{"taxonomy":"category","embeddable":true,"href":"https:\/\/www.actionproject.es\/en_gb\/wp-json\/wp\/v2\/categories?post=1334"},{"taxonomy":"post_tag","embeddable":true,"href":"https:\/\/www.actionproject.es\/en_gb\/wp-json\/wp\/v2\/tags?post=1334"}],"curies":[{"name":"wp","href":"https:\/\/api.w.org\/{rel}","templated":true}]}}