{"id":1338,"date":"2022-07-12T08:20:39","date_gmt":"2022-07-12T06:20:39","guid":{"rendered":"https:\/\/www.actionproject.es\/blog\/relevo-generacional-profesionalizar-empresa\/"},"modified":"2025-07-02T11:13:09","modified_gmt":"2025-07-02T09:13:09","slug":"relevo-generacional-profesionalizar-empresa","status":"publish","type":"post","link":"https:\/\/www.actionproject.es\/en_gb\/blog\/relevo-generacional-profesionalizar-empresa\/","title":{"rendered":"Relevo generacional de \u00e9xito al profesionalizar la empresa"},"content":{"rendered":"<p><strong>Muchos de los negocios fracasan cuando una nueva generaci\u00f3n coge las riendas <\/strong>de la compa\u00f1\u00eda. En la mayor\u00eda de los casos, se debe a diferentes puntos de vista de los involucrados, desconocimiento del negocio o una mala comunicaci\u00f3n; pero, sobre todo, a una profesionalizaci\u00f3n empresarial inexistente.<\/p>\n<p>Por ello, lo importante a la hora de plantearse un <strong>relevo generacional es poner foco en la profesionalizaci\u00f3n de la empresa<\/strong> para prepararla al cambio.<\/p>\n<p>\u00a0<\/p>\n<h2>Pasos a tener en cuenta en el momento de profesionalizar el negocio para un relevo generacional empresarial<\/h2>\n<p>Para lograr el \u00e9xito en la sucesi\u00f3n familiar de una compa\u00f1\u00eda, primero hay que prepararla y profesionalizarla, para <strong>alcanzar no solo un salto cuantitativo, sino tambi\u00e9n cualitativo<\/strong>.<\/p>\n<ul>\n<li>Lo primero es <strong>centrarse en esas \u00e1reas clave<\/strong> de la empresa que tienen mayor impacto en el negocio principal.<\/li>\n<\/ul>\n<p>\u00a0<\/p>\n<ul>\n<li>Es importante <strong>impulsar la cultura profesionalizada desde la direcci\u00f3n<\/strong> y de manera consensuada de todos los miembros.<\/li>\n<\/ul>\n<p>\u00a0<\/p>\n<ul>\n<li>Debes <strong>prestar atenci\u00f3n al cu\u00e1ndo<\/strong>. En ocasiones nos podemos ver forzados a ese cambio, pero lo ideal es que el negocio est\u00e9 <strong>preparado para ese relevo generacional<\/strong>.<\/li>\n<\/ul>\n<p>\u00a0<\/p>\n<ul>\n<li>No olvides que <strong>contar con el talento adecuado<\/strong> es clave. En este cambio debes mantener a los empleados ilusionados y realizar la transici\u00f3n de manera gradual y transparente.<\/li>\n<\/ul>\n<p>\u00a0<\/p>\n<ul>\n<li>Un <strong>protocolo de profesionalizaci\u00f3n empresarial<\/strong> es vital para plasmar una ruta consensuada para la sucesi\u00f3n de la empresa.<\/li>\n<\/ul>\n<p>\u00a0<\/p>\n<h2>Ventajas que aporta la profesionalizaci\u00f3n en la sucesi\u00f3n empresarial<\/h2>\n<p>A la hora de realizar la transici\u00f3n familiar de la empresa, debes tener en cuenta <strong>que este cambio no perjudique la trayectoria de la misma<\/strong>. En este sentido, la <a href=\"\/en_gb\/servicios\/profesionalizacion-de-la-empresa\/\">profesionalizaci\u00f3n empresarial<\/a> arroja beneficios como:<\/p>\n<ul>\n<li>Gesti\u00f3n de par\u00e1metros econ\u00f3mico y financieros.<\/li>\n<li>Control administrativo de la empresa.<\/li>\n<li>Realizaci\u00f3n de un plan de gesti\u00f3n.<\/li>\n<li>Definici\u00f3n de objetivos.<\/li>\n<li>Incorporaci\u00f3n de una perspectiva empresarial global.<\/li>\n<li>Organizaci\u00f3n de necesidades, misi\u00f3n y estrategias.<\/li>\n<li>Planificaci\u00f3n en la gesti\u00f3n de operaciones y procesos.<\/li>\n<li>Ejecuci\u00f3n productiva de operaciones.<\/li>\n<li>Detecci\u00f3n de oportunidades.<\/li>\n<li>Optimizaci\u00f3n de recursos.<\/li>\n<\/ul>\n<p>\u00a0<\/p>\n<p>\u00bfNecesita tu empresa una <strong>profesionalizaci\u00f3n empresarial para el relevo generacional<\/strong>? \u00bfQuieres que la sucesi\u00f3n familiar del negocio se realice con \u00e9xito? Cuenta con <strong>ActionProject<\/strong>, <a href=\"\/en_gb\/servicios\/gestion-de-proyectos\/\">experts in business management<\/a> que se compromete con la mejora de tu negocio.<\/p>","protected":false},"excerpt":{"rendered":"<p>The <strong>relevo generacional de una empresa<\/strong>, en ocasiones, es un cambio forzoso y, en otras, una previsi\u00f3n necesaria del cambio. En cualquier caso, es importante que el negocio haya trabajado en la <strong>profesionalizaci\u00f3n empresarial para alcanzar el \u00e9xito en esta sucesi\u00f3n de empresa<\/strong>.<\/p>","protected":false},"author":2,"featured_media":1514,"comment_status":"closed","ping_status":"open","sticky":false,"template":"","format":"standard","meta":{"_acf_changed":false,"_joinchat":[],"footnotes":""},"categories":[10],"tags":[198,230,231],"class_list":["post-1338","post","type-post","status-publish","format-standard","has-post-thumbnail","hentry","category-estrategia-empresarial","tag-profesionalizacion-de-empresa","tag-relevo-generacional","tag-sucesion-empresarial"],"acf":[],"aioseo_notices":[],"yoast_head":"<!-- This site is optimized with the Yoast SEO plugin v27.3 - https:\/\/yoast.com\/product\/yoast-seo-wordpress\/ -->\n<title>Relevo generacional de \u00e9xito al profesionalizar la empresa - Action Project<\/title>\n<meta name=\"robots\" content=\"index, follow, max-snippet:-1, max-image-preview:large, max-video-preview:-1\" \/>\n<link rel=\"canonical\" href=\"https:\/\/www.actionproject.es\/en_gb\/blog\/relevo-generacional-profesionalizar-empresa\/\" \/>\n<meta property=\"og:locale\" content=\"en_GB\" \/>\n<meta property=\"og:type\" content=\"article\" \/>\n<meta property=\"og:title\" content=\"Relevo generacional de \u00e9xito al profesionalizar la empresa - Action Project\" \/>\n<meta property=\"og:description\" content=\"El relevo generacional de una empresa, en ocasiones, es un cambio forzoso y, en otras, una previsi\u00f3n necesaria del cambio. En cualquier caso, es importante que el negocio haya trabajado en la profesionalizaci\u00f3n empresarial para alcanzar el \u00e9xito en esta sucesi\u00f3n de empresa.\" \/>\n<meta property=\"og:url\" content=\"https:\/\/www.actionproject.es\/en_gb\/blog\/relevo-generacional-profesionalizar-empresa\/\" \/>\n<meta property=\"og:site_name\" content=\"Action Project\" \/>\n<meta property=\"article:published_time\" content=\"2022-07-12T06:20:39+00:00\" \/>\n<meta property=\"article:modified_time\" content=\"2025-07-02T09:13:09+00:00\" \/>\n<meta property=\"og:image\" content=\"https:\/\/www.actionproject.es\/wp-content\/uploads\/2025\/07\/relevo-generacional-empresa.jpg\" \/>\n\t<meta property=\"og:image:width\" content=\"1200\" \/>\n\t<meta property=\"og:image:height\" content=\"800\" \/>\n\t<meta property=\"og:image:type\" content=\"image\/jpeg\" \/>\n<meta name=\"author\" content=\"Juanma\" \/>\n<meta name=\"twitter:card\" content=\"summary_large_image\" \/>\n<meta name=\"twitter:label1\" content=\"Written by\" \/>\n\t<meta name=\"twitter:data1\" content=\"Juanma\" \/>\n\t<meta name=\"twitter:label2\" content=\"Estimated reading time\" \/>\n\t<meta name=\"twitter:data2\" content=\"2 minutes\" \/>\n<script type=\"application\/ld+json\" class=\"yoast-schema-graph\">{\"@context\":\"https:\\\/\\\/schema.org\",\"@graph\":[{\"@type\":\"Article\",\"@id\":\"https:\\\/\\\/www.actionproject.es\\\/blog\\\/relevo-generacional-profesionalizar-empresa\\\/#article\",\"isPartOf\":{\"@id\":\"https:\\\/\\\/www.actionproject.es\\\/blog\\\/relevo-generacional-profesionalizar-empresa\\\/\"},\"author\":{\"name\":\"Juanma\",\"@id\":\"https:\\\/\\\/www.actionproject.es\\\/#\\\/schema\\\/person\\\/01aa5bb80cabd3235975fa1fccb16e23\"},\"headline\":\"Relevo generacional de \u00e9xito al profesionalizar la empresa\",\"datePublished\":\"2022-07-12T06:20:39+00:00\",\"dateModified\":\"2025-07-02T09:13:09+00:00\",\"mainEntityOfPage\":{\"@id\":\"https:\\\/\\\/www.actionproject.es\\\/blog\\\/relevo-generacional-profesionalizar-empresa\\\/\"},\"wordCount\":398,\"publisher\":{\"@id\":\"https:\\\/\\\/www.actionproject.es\\\/#organization\"},\"image\":{\"@id\":\"https:\\\/\\\/www.actionproject.es\\\/blog\\\/relevo-generacional-profesionalizar-empresa\\\/#primaryimage\"},\"thumbnailUrl\":\"https:\\\/\\\/www.actionproject.es\\\/wp-content\\\/uploads\\\/2025\\\/07\\\/relevo-generacional-empresa.jpg\",\"keywords\":[\"profesionalizaci\u00f3n de empresa\",\"relevo generacional\",\"sucesi\u00f3n empresarial\"],\"articleSection\":[\"Estrategia empresarial\"],\"inLanguage\":\"en-GB\"},{\"@type\":\"WebPage\",\"@id\":\"https:\\\/\\\/www.actionproject.es\\\/blog\\\/relevo-generacional-profesionalizar-empresa\\\/\",\"url\":\"https:\\\/\\\/www.actionproject.es\\\/blog\\\/relevo-generacional-profesionalizar-empresa\\\/\",\"name\":\"Relevo generacional de \u00e9xito al profesionalizar la empresa - Action Project\",\"isPartOf\":{\"@id\":\"https:\\\/\\\/www.actionproject.es\\\/#website\"},\"primaryImageOfPage\":{\"@id\":\"https:\\\/\\\/www.actionproject.es\\\/blog\\\/relevo-generacional-profesionalizar-empresa\\\/#primaryimage\"},\"image\":{\"@id\":\"https:\\\/\\\/www.actionproject.es\\\/blog\\\/relevo-generacional-profesionalizar-empresa\\\/#primaryimage\"},\"thumbnailUrl\":\"https:\\\/\\\/www.actionproject.es\\\/wp-content\\\/uploads\\\/2025\\\/07\\\/relevo-generacional-empresa.jpg\",\"datePublished\":\"2022-07-12T06:20:39+00:00\",\"dateModified\":\"2025-07-02T09:13:09+00:00\",\"breadcrumb\":{\"@id\":\"https:\\\/\\\/www.actionproject.es\\\/blog\\\/relevo-generacional-profesionalizar-empresa\\\/#breadcrumb\"},\"inLanguage\":\"en-GB\",\"potentialAction\":[{\"@type\":\"ReadAction\",\"target\":[\"https:\\\/\\\/www.actionproject.es\\\/blog\\\/relevo-generacional-profesionalizar-empresa\\\/\"]}]},{\"@type\":\"ImageObject\",\"inLanguage\":\"en-GB\",\"@id\":\"https:\\\/\\\/www.actionproject.es\\\/blog\\\/relevo-generacional-profesionalizar-empresa\\\/#primaryimage\",\"url\":\"https:\\\/\\\/www.actionproject.es\\\/wp-content\\\/uploads\\\/2025\\\/07\\\/relevo-generacional-empresa.jpg\",\"contentUrl\":\"https:\\\/\\\/www.actionproject.es\\\/wp-content\\\/uploads\\\/2025\\\/07\\\/relevo-generacional-empresa.jpg\",\"width\":1200,\"height\":800},{\"@type\":\"BreadcrumbList\",\"@id\":\"https:\\\/\\\/www.actionproject.es\\\/blog\\\/relevo-generacional-profesionalizar-empresa\\\/#breadcrumb\",\"itemListElement\":[{\"@type\":\"ListItem\",\"position\":1,\"name\":\"Portada\",\"item\":\"https:\\\/\\\/www.actionproject.es\\\/\"},{\"@type\":\"ListItem\",\"position\":2,\"name\":\"Relevo generacional de \u00e9xito al profesionalizar la empresa\"}]},{\"@type\":\"WebSite\",\"@id\":\"https:\\\/\\\/www.actionproject.es\\\/#website\",\"url\":\"https:\\\/\\\/www.actionproject.es\\\/\",\"name\":\"Action Project\",\"description\":\"\",\"publisher\":{\"@id\":\"https:\\\/\\\/www.actionproject.es\\\/#organization\"},\"potentialAction\":[{\"@type\":\"SearchAction\",\"target\":{\"@type\":\"EntryPoint\",\"urlTemplate\":\"https:\\\/\\\/www.actionproject.es\\\/?s={search_term_string}\"},\"query-input\":{\"@type\":\"PropertyValueSpecification\",\"valueRequired\":true,\"valueName\":\"search_term_string\"}}],\"inLanguage\":\"en-GB\"},{\"@type\":\"Organization\",\"@id\":\"https:\\\/\\\/www.actionproject.es\\\/#organization\",\"name\":\"Action Project\",\"url\":\"https:\\\/\\\/www.actionproject.es\\\/\",\"logo\":{\"@type\":\"ImageObject\",\"inLanguage\":\"en-GB\",\"@id\":\"https:\\\/\\\/www.actionproject.es\\\/#\\\/schema\\\/logo\\\/image\\\/\",\"url\":\"https:\\\/\\\/www.actionproject.es\\\/wp-content\\\/uploads\\\/2025\\\/02\\\/favicon-action.png\",\"contentUrl\":\"https:\\\/\\\/www.actionproject.es\\\/wp-content\\\/uploads\\\/2025\\\/02\\\/favicon-action.png\",\"width\":512,\"height\":512,\"caption\":\"Action Project\"},\"image\":{\"@id\":\"https:\\\/\\\/www.actionproject.es\\\/#\\\/schema\\\/logo\\\/image\\\/\"}},{\"@type\":\"Person\",\"@id\":\"https:\\\/\\\/www.actionproject.es\\\/#\\\/schema\\\/person\\\/01aa5bb80cabd3235975fa1fccb16e23\",\"name\":\"Juanma\",\"image\":{\"@type\":\"ImageObject\",\"inLanguage\":\"en-GB\",\"@id\":\"https:\\\/\\\/secure.gravatar.com\\\/avatar\\\/85f0c3c9ba6a2b2ba51b0df3346eaf50cafa606989920561324eac0dd1c938f4?s=96&d=mm&r=g\",\"url\":\"https:\\\/\\\/secure.gravatar.com\\\/avatar\\\/85f0c3c9ba6a2b2ba51b0df3346eaf50cafa606989920561324eac0dd1c938f4?s=96&d=mm&r=g\",\"contentUrl\":\"https:\\\/\\\/secure.gravatar.com\\\/avatar\\\/85f0c3c9ba6a2b2ba51b0df3346eaf50cafa606989920561324eac0dd1c938f4?s=96&d=mm&r=g\",\"caption\":\"Juanma\"},\"url\":\"https:\\\/\\\/www.actionproject.es\\\/en_gb\\\/blog\\\/author\\\/juanma\\\/\"}]}<\/script>\n<!-- \/ Yoast SEO plugin. -->","yoast_head_json":{"title":"Relevo generacional de \u00e9xito al profesionalizar la empresa - Action Project","robots":{"index":"index","follow":"follow","max-snippet":"max-snippet:-1","max-image-preview":"max-image-preview:large","max-video-preview":"max-video-preview:-1"},"canonical":"https:\/\/www.actionproject.es\/en_gb\/blog\/relevo-generacional-profesionalizar-empresa\/","og_locale":"en_GB","og_type":"article","og_title":"Relevo generacional de \u00e9xito al profesionalizar la empresa - Action Project","og_description":"El relevo generacional de una empresa, en ocasiones, es un cambio forzoso y, en otras, una previsi\u00f3n necesaria del cambio. En cualquier caso, es importante que el negocio haya trabajado en la profesionalizaci\u00f3n empresarial para alcanzar el \u00e9xito en esta sucesi\u00f3n de empresa.","og_url":"https:\/\/www.actionproject.es\/en_gb\/blog\/relevo-generacional-profesionalizar-empresa\/","og_site_name":"Action Project","article_published_time":"2022-07-12T06:20:39+00:00","article_modified_time":"2025-07-02T09:13:09+00:00","og_image":[{"width":1200,"height":800,"url":"https:\/\/www.actionproject.es\/wp-content\/uploads\/2025\/07\/relevo-generacional-empresa.jpg","type":"image\/jpeg"}],"author":"Juanma","twitter_card":"summary_large_image","twitter_misc":{"Written by":"Juanma","Estimated reading time":"2 minutes"},"schema":{"@context":"https:\/\/schema.org","@graph":[{"@type":"Article","@id":"https:\/\/www.actionproject.es\/blog\/relevo-generacional-profesionalizar-empresa\/#article","isPartOf":{"@id":"https:\/\/www.actionproject.es\/blog\/relevo-generacional-profesionalizar-empresa\/"},"author":{"name":"Juanma","@id":"https:\/\/www.actionproject.es\/#\/schema\/person\/01aa5bb80cabd3235975fa1fccb16e23"},"headline":"Relevo generacional de \u00e9xito al profesionalizar la empresa","datePublished":"2022-07-12T06:20:39+00:00","dateModified":"2025-07-02T09:13:09+00:00","mainEntityOfPage":{"@id":"https:\/\/www.actionproject.es\/blog\/relevo-generacional-profesionalizar-empresa\/"},"wordCount":398,"publisher":{"@id":"https:\/\/www.actionproject.es\/#organization"},"image":{"@id":"https:\/\/www.actionproject.es\/blog\/relevo-generacional-profesionalizar-empresa\/#primaryimage"},"thumbnailUrl":"https:\/\/www.actionproject.es\/wp-content\/uploads\/2025\/07\/relevo-generacional-empresa.jpg","keywords":["profesionalizaci\u00f3n de empresa","relevo generacional","sucesi\u00f3n empresarial"],"articleSection":["Estrategia empresarial"],"inLanguage":"en-GB"},{"@type":"WebPage","@id":"https:\/\/www.actionproject.es\/blog\/relevo-generacional-profesionalizar-empresa\/","url":"https:\/\/www.actionproject.es\/blog\/relevo-generacional-profesionalizar-empresa\/","name":"Relevo generacional de \u00e9xito al profesionalizar la empresa - Action Project","isPartOf":{"@id":"https:\/\/www.actionproject.es\/#website"},"primaryImageOfPage":{"@id":"https:\/\/www.actionproject.es\/blog\/relevo-generacional-profesionalizar-empresa\/#primaryimage"},"image":{"@id":"https:\/\/www.actionproject.es\/blog\/relevo-generacional-profesionalizar-empresa\/#primaryimage"},"thumbnailUrl":"https:\/\/www.actionproject.es\/wp-content\/uploads\/2025\/07\/relevo-generacional-empresa.jpg","datePublished":"2022-07-12T06:20:39+00:00","dateModified":"2025-07-02T09:13:09+00:00","breadcrumb":{"@id":"https:\/\/www.actionproject.es\/blog\/relevo-generacional-profesionalizar-empresa\/#breadcrumb"},"inLanguage":"en-GB","potentialAction":[{"@type":"ReadAction","target":["https:\/\/www.actionproject.es\/blog\/relevo-generacional-profesionalizar-empresa\/"]}]},{"@type":"ImageObject","inLanguage":"en-GB","@id":"https:\/\/www.actionproject.es\/blog\/relevo-generacional-profesionalizar-empresa\/#primaryimage","url":"https:\/\/www.actionproject.es\/wp-content\/uploads\/2025\/07\/relevo-generacional-empresa.jpg","contentUrl":"https:\/\/www.actionproject.es\/wp-content\/uploads\/2025\/07\/relevo-generacional-empresa.jpg","width":1200,"height":800},{"@type":"BreadcrumbList","@id":"https:\/\/www.actionproject.es\/blog\/relevo-generacional-profesionalizar-empresa\/#breadcrumb","itemListElement":[{"@type":"ListItem","position":1,"name":"Portada","item":"https:\/\/www.actionproject.es\/"},{"@type":"ListItem","position":2,"name":"Relevo generacional de \u00e9xito al profesionalizar la empresa"}]},{"@type":"WebSite","@id":"https:\/\/www.actionproject.es\/#website","url":"https:\/\/www.actionproject.es\/","name":"Action Project","description":"","publisher":{"@id":"https:\/\/www.actionproject.es\/#organization"},"potentialAction":[{"@type":"SearchAction","target":{"@type":"EntryPoint","urlTemplate":"https:\/\/www.actionproject.es\/?s={search_term_string}"},"query-input":{"@type":"PropertyValueSpecification","valueRequired":true,"valueName":"search_term_string"}}],"inLanguage":"en-GB"},{"@type":"Organization","@id":"https:\/\/www.actionproject.es\/#organization","name":"Action Project","url":"https:\/\/www.actionproject.es\/","logo":{"@type":"ImageObject","inLanguage":"en-GB","@id":"https:\/\/www.actionproject.es\/#\/schema\/logo\/image\/","url":"https:\/\/www.actionproject.es\/wp-content\/uploads\/2025\/02\/favicon-action.png","contentUrl":"https:\/\/www.actionproject.es\/wp-content\/uploads\/2025\/02\/favicon-action.png","width":512,"height":512,"caption":"Action Project"},"image":{"@id":"https:\/\/www.actionproject.es\/#\/schema\/logo\/image\/"}},{"@type":"Person","@id":"https:\/\/www.actionproject.es\/#\/schema\/person\/01aa5bb80cabd3235975fa1fccb16e23","name":"Juanma","image":{"@type":"ImageObject","inLanguage":"en-GB","@id":"https:\/\/secure.gravatar.com\/avatar\/85f0c3c9ba6a2b2ba51b0df3346eaf50cafa606989920561324eac0dd1c938f4?s=96&d=mm&r=g","url":"https:\/\/secure.gravatar.com\/avatar\/85f0c3c9ba6a2b2ba51b0df3346eaf50cafa606989920561324eac0dd1c938f4?s=96&d=mm&r=g","contentUrl":"https:\/\/secure.gravatar.com\/avatar\/85f0c3c9ba6a2b2ba51b0df3346eaf50cafa606989920561324eac0dd1c938f4?s=96&d=mm&r=g","caption":"Juanma"},"url":"https:\/\/www.actionproject.es\/en_gb\/blog\/author\/juanma\/"}]}},"_links":{"self":[{"href":"https:\/\/www.actionproject.es\/en_gb\/wp-json\/wp\/v2\/posts\/1338","targetHints":{"allow":["GET"]}}],"collection":[{"href":"https:\/\/www.actionproject.es\/en_gb\/wp-json\/wp\/v2\/posts"}],"about":[{"href":"https:\/\/www.actionproject.es\/en_gb\/wp-json\/wp\/v2\/types\/post"}],"author":[{"embeddable":true,"href":"https:\/\/www.actionproject.es\/en_gb\/wp-json\/wp\/v2\/users\/2"}],"replies":[{"embeddable":true,"href":"https:\/\/www.actionproject.es\/en_gb\/wp-json\/wp\/v2\/comments?post=1338"}],"version-history":[{"count":1,"href":"https:\/\/www.actionproject.es\/en_gb\/wp-json\/wp\/v2\/posts\/1338\/revisions"}],"predecessor-version":[{"id":1600,"href":"https:\/\/www.actionproject.es\/en_gb\/wp-json\/wp\/v2\/posts\/1338\/revisions\/1600"}],"wp:featuredmedia":[{"embeddable":true,"href":"https:\/\/www.actionproject.es\/en_gb\/wp-json\/wp\/v2\/media\/1514"}],"wp:attachment":[{"href":"https:\/\/www.actionproject.es\/en_gb\/wp-json\/wp\/v2\/media?parent=1338"}],"wp:term":[{"taxonomy":"category","embeddable":true,"href":"https:\/\/www.actionproject.es\/en_gb\/wp-json\/wp\/v2\/categories?post=1338"},{"taxonomy":"post_tag","embeddable":true,"href":"https:\/\/www.actionproject.es\/en_gb\/wp-json\/wp\/v2\/tags?post=1338"}],"curies":[{"name":"wp","href":"https:\/\/api.w.org\/{rel}","templated":true}]}}