{"id":1340,"date":"2022-08-30T06:50:36","date_gmt":"2022-08-30T04:50:36","guid":{"rendered":"https:\/\/www.actionproject.es\/blog\/sistema-evaluacion-del-desempeno\/"},"modified":"2025-07-02T11:13:10","modified_gmt":"2025-07-02T09:13:10","slug":"sistema-evaluacion-del-desempeno","status":"publish","type":"post","link":"https:\/\/www.actionproject.es\/en_gb\/blog\/sistema-evaluacion-del-desempeno\/","title":{"rendered":"\u00bfSigue en pie el sistema de Evaluaci\u00f3n del Desempe\u00f1o?"},"content":{"rendered":"<p><strong>Los fines que persigue la Evaluaci\u00f3n del Desempe\u00f1o son: <\/strong><\/p>\n<ul>\n<li><a href=\"https:\/\/www.actionproject.es\/en_gb\/blog\/ventajas-direccion-por-objetivos\/\"><strong>Direcci\u00f3n por objetivos<\/strong><\/a> que establezca indicadores de medici\u00f3n para tomar conciencia de las metas marcadas.<\/li>\n<li>Reconocimiento seg\u00fan <strong>hechos objetivos y esperados<\/strong>.<\/li>\n<li><strong>Comunicaci\u00f3n bidireccional<\/strong> entre empleado y superior.<\/li>\n<li><strong>Alineaci\u00f3n de metas establecidas<\/strong> para alcanzar buena coordinaci\u00f3n en la estrategia empresarial.<\/li>\n<\/ul>\n<p>\u00a0<\/p>\n<h2>Cambios sustanciales del m\u00e9todo de Evaluaci\u00f3n del Desempe\u00f1o<\/h2>\n<p>Se entiende que la Evaluaci\u00f3n del Desempe\u00f1o es algo r\u00edgido que <strong>no permite conocer la capacidad productiva a lo largo del a\u00f1o<\/strong>. A pesar de este sistema marcado por los objetivos donde el trabajador sabe qu\u00e9 se espera de \u00e9l y conoce bien cu\u00e1l es su plan de acci\u00f3n<strong>, el panorama est\u00e1 evolucionando. <\/strong><\/p>\n<p>Los <strong>nuevos modelos tienden a valorar a los empleados en un periodo mayor y a trav\u00e9s de m\u00e9todos mejores<\/strong>, que permitan conocer el desempe\u00f1o del empleado en otros entornos. De este modo, no solo se tiene en cuenta la comunicaci\u00f3n bidireccional, sino que se presta <strong>atenci\u00f3n a la opini\u00f3n y las valoraciones de los trabajadores<\/strong>.<\/p>\n<p>Existen ciertas <strong>categor\u00edas que se valoran en esta metodolog\u00eda de evaluaci\u00f3n<\/strong>:<\/p>\n<ul>\n<li>The <strong>habilidad<\/strong> que tiene el evaluado para resolver problemas.<\/li>\n<li>The <strong>productividad<\/strong> del trabajador para finalizar una tarea en un periodo determinado.<\/li>\n<li>The <strong>value<\/strong> que a\u00f1ade el trabajo de ese empleado al resultado final que recibe el cliente.<\/li>\n<li>The <strong>ayuda<\/strong> prestada que mejora el flujo de trabajo entre compa\u00f1eros sin dependencia jer\u00e1rquica.<\/li>\n<\/ul>\n<p>\u00a0<\/p>\n<p>En este sistema de evaluaci\u00f3n <strong>juega un papel muy importante el <em>feedback<\/em><\/strong>, tanto del empleado hacia la direcci\u00f3n como viceversa. De este modo, el proceso de aprendizaje del trabajador mejora en sus <a href=\"https:\/\/www.actionproject.es\/en_gb\/blog\/competencias-basicas-desarrollo-personal\/\">competencias b\u00e1sicas para el desarrollo personal y profesional<\/a> y aumenta la confianza y motivaci\u00f3n. \u00a1As\u00ed es como se consigue un <a href=\"https:\/\/www.actionproject.es\/en_gb\/blog\/empresa-necesita-equipo-alto-rendimiento\/\">equipo de alto rendimiento<\/a> en tu compa\u00f1\u00eda!<\/p>\n<p>Podemos decir que la Evaluaci\u00f3n del Desempe\u00f1o ha virado hacia unos <strong>m\u00e9todos menos jer\u00e1rquicos donde se promueve la participaci\u00f3n<\/strong> a un nivel m\u00e1s horizontal que vertical y que incrementa las aptitudes de los empleados, incluso acerc\u00e1ndolos m\u00e1s a los valores de la empresa.<\/p>","protected":false},"excerpt":{"rendered":"<p>The <strong>Evaluaci\u00f3n del Desempe\u00f1o<\/strong> mide el grado de eficacia con que los trabajadores llevan a cabo sus actividades. Se trata de un m\u00e9todo objetivo y de evaluaci\u00f3n peri\u00f3dica de estimaci\u00f3n cuantitativa y cualitativa. Pero \u00bfes realmente eficiente hoy en d\u00eda?<\/p>","protected":false},"author":2,"featured_media":1445,"comment_status":"closed","ping_status":"open","sticky":false,"template":"","format":"standard","meta":{"_acf_changed":false,"_joinchat":[],"footnotes":""},"categories":[10],"tags":[211,202,235],"class_list":["post-1340","post","type-post","status-publish","format-standard","has-post-thumbnail","hentry","category-estrategia-empresarial","tag-desarrollo-profesional","tag-direccion-por-objetivos","tag-evaluacion-del-desempeno"],"acf":[],"aioseo_notices":[],"yoast_head":"<!-- This site is optimized with the Yoast SEO plugin v27.3 - https:\/\/yoast.com\/product\/yoast-seo-wordpress\/ -->\n<title>\u00bfSigue en pie el sistema de Evaluaci\u00f3n del Desempe\u00f1o? - Action Project<\/title>\n<meta name=\"robots\" content=\"index, follow, max-snippet:-1, max-image-preview:large, max-video-preview:-1\" \/>\n<link rel=\"canonical\" href=\"https:\/\/www.actionproject.es\/en_gb\/blog\/sistema-evaluacion-del-desempeno\/\" \/>\n<meta property=\"og:locale\" content=\"en_GB\" \/>\n<meta property=\"og:type\" content=\"article\" \/>\n<meta property=\"og:title\" content=\"\u00bfSigue en pie el sistema de Evaluaci\u00f3n del Desempe\u00f1o? - Action Project\" \/>\n<meta property=\"og:description\" content=\"La Evaluaci\u00f3n del Desempe\u00f1o mide el grado de eficacia con que los trabajadores llevan a cabo sus actividades. Se trata de un m\u00e9todo objetivo y de evaluaci\u00f3n peri\u00f3dica de estimaci\u00f3n cuantitativa y cualitativa. Pero \u00bfes realmente eficiente hoy en d\u00eda?\" \/>\n<meta property=\"og:url\" content=\"https:\/\/www.actionproject.es\/en_gb\/blog\/sistema-evaluacion-del-desempeno\/\" \/>\n<meta property=\"og:site_name\" content=\"Action Project\" \/>\n<meta property=\"article:published_time\" content=\"2022-08-30T04:50:36+00:00\" \/>\n<meta property=\"article:modified_time\" content=\"2025-07-02T09:13:10+00:00\" \/>\n<meta property=\"og:image\" content=\"https:\/\/www.actionproject.es\/wp-content\/uploads\/2025\/07\/evaluacion-del-desempeo.jpg\" \/>\n\t<meta property=\"og:image:width\" content=\"1200\" \/>\n\t<meta property=\"og:image:height\" content=\"800\" \/>\n\t<meta property=\"og:image:type\" content=\"image\/jpeg\" \/>\n<meta name=\"author\" content=\"Juanma\" \/>\n<meta name=\"twitter:card\" content=\"summary_large_image\" \/>\n<meta name=\"twitter:label1\" content=\"Written by\" \/>\n\t<meta name=\"twitter:data1\" content=\"Juanma\" \/>\n\t<meta name=\"twitter:label2\" content=\"Estimated reading time\" \/>\n\t<meta name=\"twitter:data2\" content=\"2 minutes\" \/>\n<script type=\"application\/ld+json\" class=\"yoast-schema-graph\">{\"@context\":\"https:\\\/\\\/schema.org\",\"@graph\":[{\"@type\":\"Article\",\"@id\":\"https:\\\/\\\/www.actionproject.es\\\/blog\\\/sistema-evaluacion-del-desempeno\\\/#article\",\"isPartOf\":{\"@id\":\"https:\\\/\\\/www.actionproject.es\\\/blog\\\/sistema-evaluacion-del-desempeno\\\/\"},\"author\":{\"name\":\"Juanma\",\"@id\":\"https:\\\/\\\/www.actionproject.es\\\/#\\\/schema\\\/person\\\/01aa5bb80cabd3235975fa1fccb16e23\"},\"headline\":\"\u00bfSigue en pie el sistema de Evaluaci\u00f3n del Desempe\u00f1o?\",\"datePublished\":\"2022-08-30T04:50:36+00:00\",\"dateModified\":\"2025-07-02T09:13:10+00:00\",\"mainEntityOfPage\":{\"@id\":\"https:\\\/\\\/www.actionproject.es\\\/blog\\\/sistema-evaluacion-del-desempeno\\\/\"},\"wordCount\":381,\"publisher\":{\"@id\":\"https:\\\/\\\/www.actionproject.es\\\/#organization\"},\"image\":{\"@id\":\"https:\\\/\\\/www.actionproject.es\\\/blog\\\/sistema-evaluacion-del-desempeno\\\/#primaryimage\"},\"thumbnailUrl\":\"https:\\\/\\\/www.actionproject.es\\\/wp-content\\\/uploads\\\/2025\\\/07\\\/evaluacion-del-desempeo.jpg\",\"keywords\":[\"desarrollo profesional\",\"direcci\u00f3n por objetivos\",\"evaluaci\u00f3n del desempe\u00f1o\"],\"articleSection\":[\"Estrategia empresarial\"],\"inLanguage\":\"en-GB\"},{\"@type\":\"WebPage\",\"@id\":\"https:\\\/\\\/www.actionproject.es\\\/blog\\\/sistema-evaluacion-del-desempeno\\\/\",\"url\":\"https:\\\/\\\/www.actionproject.es\\\/blog\\\/sistema-evaluacion-del-desempeno\\\/\",\"name\":\"\u00bfSigue en pie el sistema de Evaluaci\u00f3n del Desempe\u00f1o? - Action Project\",\"isPartOf\":{\"@id\":\"https:\\\/\\\/www.actionproject.es\\\/#website\"},\"primaryImageOfPage\":{\"@id\":\"https:\\\/\\\/www.actionproject.es\\\/blog\\\/sistema-evaluacion-del-desempeno\\\/#primaryimage\"},\"image\":{\"@id\":\"https:\\\/\\\/www.actionproject.es\\\/blog\\\/sistema-evaluacion-del-desempeno\\\/#primaryimage\"},\"thumbnailUrl\":\"https:\\\/\\\/www.actionproject.es\\\/wp-content\\\/uploads\\\/2025\\\/07\\\/evaluacion-del-desempeo.jpg\",\"datePublished\":\"2022-08-30T04:50:36+00:00\",\"dateModified\":\"2025-07-02T09:13:10+00:00\",\"breadcrumb\":{\"@id\":\"https:\\\/\\\/www.actionproject.es\\\/blog\\\/sistema-evaluacion-del-desempeno\\\/#breadcrumb\"},\"inLanguage\":\"en-GB\",\"potentialAction\":[{\"@type\":\"ReadAction\",\"target\":[\"https:\\\/\\\/www.actionproject.es\\\/blog\\\/sistema-evaluacion-del-desempeno\\\/\"]}]},{\"@type\":\"ImageObject\",\"inLanguage\":\"en-GB\",\"@id\":\"https:\\\/\\\/www.actionproject.es\\\/blog\\\/sistema-evaluacion-del-desempeno\\\/#primaryimage\",\"url\":\"https:\\\/\\\/www.actionproject.es\\\/wp-content\\\/uploads\\\/2025\\\/07\\\/evaluacion-del-desempeo.jpg\",\"contentUrl\":\"https:\\\/\\\/www.actionproject.es\\\/wp-content\\\/uploads\\\/2025\\\/07\\\/evaluacion-del-desempeo.jpg\",\"width\":1200,\"height\":800},{\"@type\":\"BreadcrumbList\",\"@id\":\"https:\\\/\\\/www.actionproject.es\\\/blog\\\/sistema-evaluacion-del-desempeno\\\/#breadcrumb\",\"itemListElement\":[{\"@type\":\"ListItem\",\"position\":1,\"name\":\"Portada\",\"item\":\"https:\\\/\\\/www.actionproject.es\\\/\"},{\"@type\":\"ListItem\",\"position\":2,\"name\":\"\u00bfSigue en pie el sistema de Evaluaci\u00f3n del Desempe\u00f1o?\"}]},{\"@type\":\"WebSite\",\"@id\":\"https:\\\/\\\/www.actionproject.es\\\/#website\",\"url\":\"https:\\\/\\\/www.actionproject.es\\\/\",\"name\":\"Action Project\",\"description\":\"\",\"publisher\":{\"@id\":\"https:\\\/\\\/www.actionproject.es\\\/#organization\"},\"potentialAction\":[{\"@type\":\"SearchAction\",\"target\":{\"@type\":\"EntryPoint\",\"urlTemplate\":\"https:\\\/\\\/www.actionproject.es\\\/?s={search_term_string}\"},\"query-input\":{\"@type\":\"PropertyValueSpecification\",\"valueRequired\":true,\"valueName\":\"search_term_string\"}}],\"inLanguage\":\"en-GB\"},{\"@type\":\"Organization\",\"@id\":\"https:\\\/\\\/www.actionproject.es\\\/#organization\",\"name\":\"Action Project\",\"url\":\"https:\\\/\\\/www.actionproject.es\\\/\",\"logo\":{\"@type\":\"ImageObject\",\"inLanguage\":\"en-GB\",\"@id\":\"https:\\\/\\\/www.actionproject.es\\\/#\\\/schema\\\/logo\\\/image\\\/\",\"url\":\"https:\\\/\\\/www.actionproject.es\\\/wp-content\\\/uploads\\\/2025\\\/02\\\/favicon-action.png\",\"contentUrl\":\"https:\\\/\\\/www.actionproject.es\\\/wp-content\\\/uploads\\\/2025\\\/02\\\/favicon-action.png\",\"width\":512,\"height\":512,\"caption\":\"Action Project\"},\"image\":{\"@id\":\"https:\\\/\\\/www.actionproject.es\\\/#\\\/schema\\\/logo\\\/image\\\/\"}},{\"@type\":\"Person\",\"@id\":\"https:\\\/\\\/www.actionproject.es\\\/#\\\/schema\\\/person\\\/01aa5bb80cabd3235975fa1fccb16e23\",\"name\":\"Juanma\",\"image\":{\"@type\":\"ImageObject\",\"inLanguage\":\"en-GB\",\"@id\":\"https:\\\/\\\/secure.gravatar.com\\\/avatar\\\/85f0c3c9ba6a2b2ba51b0df3346eaf50cafa606989920561324eac0dd1c938f4?s=96&d=mm&r=g\",\"url\":\"https:\\\/\\\/secure.gravatar.com\\\/avatar\\\/85f0c3c9ba6a2b2ba51b0df3346eaf50cafa606989920561324eac0dd1c938f4?s=96&d=mm&r=g\",\"contentUrl\":\"https:\\\/\\\/secure.gravatar.com\\\/avatar\\\/85f0c3c9ba6a2b2ba51b0df3346eaf50cafa606989920561324eac0dd1c938f4?s=96&d=mm&r=g\",\"caption\":\"Juanma\"},\"url\":\"https:\\\/\\\/www.actionproject.es\\\/en_gb\\\/blog\\\/author\\\/juanma\\\/\"}]}<\/script>\n<!-- \/ Yoast SEO plugin. -->","yoast_head_json":{"title":"\u00bfSigue en pie el sistema de Evaluaci\u00f3n del Desempe\u00f1o? - Action Project","robots":{"index":"index","follow":"follow","max-snippet":"max-snippet:-1","max-image-preview":"max-image-preview:large","max-video-preview":"max-video-preview:-1"},"canonical":"https:\/\/www.actionproject.es\/en_gb\/blog\/sistema-evaluacion-del-desempeno\/","og_locale":"en_GB","og_type":"article","og_title":"\u00bfSigue en pie el sistema de Evaluaci\u00f3n del Desempe\u00f1o? - Action Project","og_description":"La Evaluaci\u00f3n del Desempe\u00f1o mide el grado de eficacia con que los trabajadores llevan a cabo sus actividades. Se trata de un m\u00e9todo objetivo y de evaluaci\u00f3n peri\u00f3dica de estimaci\u00f3n cuantitativa y cualitativa. Pero \u00bfes realmente eficiente hoy en d\u00eda?","og_url":"https:\/\/www.actionproject.es\/en_gb\/blog\/sistema-evaluacion-del-desempeno\/","og_site_name":"Action Project","article_published_time":"2022-08-30T04:50:36+00:00","article_modified_time":"2025-07-02T09:13:10+00:00","og_image":[{"width":1200,"height":800,"url":"https:\/\/www.actionproject.es\/wp-content\/uploads\/2025\/07\/evaluacion-del-desempeo.jpg","type":"image\/jpeg"}],"author":"Juanma","twitter_card":"summary_large_image","twitter_misc":{"Written by":"Juanma","Estimated reading time":"2 minutes"},"schema":{"@context":"https:\/\/schema.org","@graph":[{"@type":"Article","@id":"https:\/\/www.actionproject.es\/blog\/sistema-evaluacion-del-desempeno\/#article","isPartOf":{"@id":"https:\/\/www.actionproject.es\/blog\/sistema-evaluacion-del-desempeno\/"},"author":{"name":"Juanma","@id":"https:\/\/www.actionproject.es\/#\/schema\/person\/01aa5bb80cabd3235975fa1fccb16e23"},"headline":"\u00bfSigue en pie el sistema de Evaluaci\u00f3n del Desempe\u00f1o?","datePublished":"2022-08-30T04:50:36+00:00","dateModified":"2025-07-02T09:13:10+00:00","mainEntityOfPage":{"@id":"https:\/\/www.actionproject.es\/blog\/sistema-evaluacion-del-desempeno\/"},"wordCount":381,"publisher":{"@id":"https:\/\/www.actionproject.es\/#organization"},"image":{"@id":"https:\/\/www.actionproject.es\/blog\/sistema-evaluacion-del-desempeno\/#primaryimage"},"thumbnailUrl":"https:\/\/www.actionproject.es\/wp-content\/uploads\/2025\/07\/evaluacion-del-desempeo.jpg","keywords":["desarrollo profesional","direcci\u00f3n por objetivos","evaluaci\u00f3n del desempe\u00f1o"],"articleSection":["Estrategia empresarial"],"inLanguage":"en-GB"},{"@type":"WebPage","@id":"https:\/\/www.actionproject.es\/blog\/sistema-evaluacion-del-desempeno\/","url":"https:\/\/www.actionproject.es\/blog\/sistema-evaluacion-del-desempeno\/","name":"\u00bfSigue en pie el sistema de Evaluaci\u00f3n del Desempe\u00f1o? - Action Project","isPartOf":{"@id":"https:\/\/www.actionproject.es\/#website"},"primaryImageOfPage":{"@id":"https:\/\/www.actionproject.es\/blog\/sistema-evaluacion-del-desempeno\/#primaryimage"},"image":{"@id":"https:\/\/www.actionproject.es\/blog\/sistema-evaluacion-del-desempeno\/#primaryimage"},"thumbnailUrl":"https:\/\/www.actionproject.es\/wp-content\/uploads\/2025\/07\/evaluacion-del-desempeo.jpg","datePublished":"2022-08-30T04:50:36+00:00","dateModified":"2025-07-02T09:13:10+00:00","breadcrumb":{"@id":"https:\/\/www.actionproject.es\/blog\/sistema-evaluacion-del-desempeno\/#breadcrumb"},"inLanguage":"en-GB","potentialAction":[{"@type":"ReadAction","target":["https:\/\/www.actionproject.es\/blog\/sistema-evaluacion-del-desempeno\/"]}]},{"@type":"ImageObject","inLanguage":"en-GB","@id":"https:\/\/www.actionproject.es\/blog\/sistema-evaluacion-del-desempeno\/#primaryimage","url":"https:\/\/www.actionproject.es\/wp-content\/uploads\/2025\/07\/evaluacion-del-desempeo.jpg","contentUrl":"https:\/\/www.actionproject.es\/wp-content\/uploads\/2025\/07\/evaluacion-del-desempeo.jpg","width":1200,"height":800},{"@type":"BreadcrumbList","@id":"https:\/\/www.actionproject.es\/blog\/sistema-evaluacion-del-desempeno\/#breadcrumb","itemListElement":[{"@type":"ListItem","position":1,"name":"Portada","item":"https:\/\/www.actionproject.es\/"},{"@type":"ListItem","position":2,"name":"\u00bfSigue en pie el sistema de Evaluaci\u00f3n del Desempe\u00f1o?"}]},{"@type":"WebSite","@id":"https:\/\/www.actionproject.es\/#website","url":"https:\/\/www.actionproject.es\/","name":"Action Project","description":"","publisher":{"@id":"https:\/\/www.actionproject.es\/#organization"},"potentialAction":[{"@type":"SearchAction","target":{"@type":"EntryPoint","urlTemplate":"https:\/\/www.actionproject.es\/?s={search_term_string}"},"query-input":{"@type":"PropertyValueSpecification","valueRequired":true,"valueName":"search_term_string"}}],"inLanguage":"en-GB"},{"@type":"Organization","@id":"https:\/\/www.actionproject.es\/#organization","name":"Action Project","url":"https:\/\/www.actionproject.es\/","logo":{"@type":"ImageObject","inLanguage":"en-GB","@id":"https:\/\/www.actionproject.es\/#\/schema\/logo\/image\/","url":"https:\/\/www.actionproject.es\/wp-content\/uploads\/2025\/02\/favicon-action.png","contentUrl":"https:\/\/www.actionproject.es\/wp-content\/uploads\/2025\/02\/favicon-action.png","width":512,"height":512,"caption":"Action Project"},"image":{"@id":"https:\/\/www.actionproject.es\/#\/schema\/logo\/image\/"}},{"@type":"Person","@id":"https:\/\/www.actionproject.es\/#\/schema\/person\/01aa5bb80cabd3235975fa1fccb16e23","name":"Juanma","image":{"@type":"ImageObject","inLanguage":"en-GB","@id":"https:\/\/secure.gravatar.com\/avatar\/85f0c3c9ba6a2b2ba51b0df3346eaf50cafa606989920561324eac0dd1c938f4?s=96&d=mm&r=g","url":"https:\/\/secure.gravatar.com\/avatar\/85f0c3c9ba6a2b2ba51b0df3346eaf50cafa606989920561324eac0dd1c938f4?s=96&d=mm&r=g","contentUrl":"https:\/\/secure.gravatar.com\/avatar\/85f0c3c9ba6a2b2ba51b0df3346eaf50cafa606989920561324eac0dd1c938f4?s=96&d=mm&r=g","caption":"Juanma"},"url":"https:\/\/www.actionproject.es\/en_gb\/blog\/author\/juanma\/"}]}},"_links":{"self":[{"href":"https:\/\/www.actionproject.es\/en_gb\/wp-json\/wp\/v2\/posts\/1340","targetHints":{"allow":["GET"]}}],"collection":[{"href":"https:\/\/www.actionproject.es\/en_gb\/wp-json\/wp\/v2\/posts"}],"about":[{"href":"https:\/\/www.actionproject.es\/en_gb\/wp-json\/wp\/v2\/types\/post"}],"author":[{"embeddable":true,"href":"https:\/\/www.actionproject.es\/en_gb\/wp-json\/wp\/v2\/users\/2"}],"replies":[{"embeddable":true,"href":"https:\/\/www.actionproject.es\/en_gb\/wp-json\/wp\/v2\/comments?post=1340"}],"version-history":[{"count":2,"href":"https:\/\/www.actionproject.es\/en_gb\/wp-json\/wp\/v2\/posts\/1340\/revisions"}],"predecessor-version":[{"id":1687,"href":"https:\/\/www.actionproject.es\/en_gb\/wp-json\/wp\/v2\/posts\/1340\/revisions\/1687"}],"wp:featuredmedia":[{"embeddable":true,"href":"https:\/\/www.actionproject.es\/en_gb\/wp-json\/wp\/v2\/media\/1445"}],"wp:attachment":[{"href":"https:\/\/www.actionproject.es\/en_gb\/wp-json\/wp\/v2\/media?parent=1340"}],"wp:term":[{"taxonomy":"category","embeddable":true,"href":"https:\/\/www.actionproject.es\/en_gb\/wp-json\/wp\/v2\/categories?post=1340"},{"taxonomy":"post_tag","embeddable":true,"href":"https:\/\/www.actionproject.es\/en_gb\/wp-json\/wp\/v2\/tags?post=1340"}],"curies":[{"name":"wp","href":"https:\/\/api.w.org\/{rel}","templated":true}]}}