{"id":1341,"date":"2022-09-13T10:05:00","date_gmt":"2022-09-13T08:05:00","guid":{"rendered":"https:\/\/www.actionproject.es\/blog\/fases-de-un-proyecto-empresarial\/"},"modified":"2025-07-02T11:13:10","modified_gmt":"2025-07-02T09:13:10","slug":"fases-de-un-proyecto-empresarial","status":"publish","type":"post","link":"https:\/\/www.actionproject.es\/en_gb\/blog\/fases-de-un-proyecto-empresarial\/","title":{"rendered":"\u00bfCu\u00e1les son las fases de un proyecto empresarial?"},"content":{"rendered":"<p>\u00a0<\/p>\n<h2>Alcanzar el \u00e9xito empresarial depende de estas tres fases de un proyecto<\/h2>\n<p><strong>El ciclo de vida de un proyecto<\/strong> se compone de diferentes fases que no debemos eludir si queremos alcanzar el triunfo del plan empresarial.<\/p>\n<p>\u00a0<\/p>\n<h3>Fase de planificaci\u00f3n<\/h3>\n<p>En este primer paso realizamos lo que se conoce como <a href=\"https:\/\/www.actionproject.es\/en_gb\/blog\/plan-de-viabilidad-negocio\/\">plan de viabilidad<\/a> para asentar las bases del proyecto. Para ello, <strong>debes identificar la oportunidad de negocio<\/strong>, es decir, \u00bfqu\u00e9 necesidad de tus clientes vas a cubrir? Adem\u00e1s, tendr\u00e1s que analizar un <strong>estudio de mercado<\/strong> tanto externo como interno, para conocer a la competencia y determinar cu\u00e1l es tu <a href=\"https:\/\/www.actionproject.es\/en_gb\/blog\/crear-propuesta-de-valor-empresa\/\">propuesta de valor diferencial<\/a>.<\/p>\n<p>Tambi\u00e9n, en esta fase de planificaci\u00f3n, debes determinar un <strong>plan organizativo y estructural de tu empresa<\/strong>. Cu\u00e1les son los diferentes puestos que necesitas y cu\u00e1les ser\u00e1n sus funciones. En este caso, suele ocurrir que, ante un periodo de cambios, crisis o no saber c\u00f3mo abordar una situaci\u00f3n, se recurra al perfil de un <a href=\"\/en_gb\/servicios\/interim-management\/\"><em>Interim Management<\/em><\/a>, que cubra un rol en un determinado tiempo.<\/p>\n<p>\u00a0<\/p>\n<h3>Fase de actuaci\u00f3n<\/h3>\n<p>Es el momento de <strong>poner en marcha las acciones que se han previsto en la planificaci\u00f3n<\/strong>. Esta fase consiste en implementar las tareas y actividades propias de la realizaci\u00f3n del proyecto. Aqu\u00ed tendr\u00e1s en cuenta la forma y tiempos adecuados que se han establecido en la fase previa y trabajar de forma orientada para conseguir los objetivos establecidos.<\/p>\n<p>\u00a0<\/p>\n<h3>Fase de control y seguimiento<\/h3>\n<p>Aunque se considera un tercer paso, esta fase debe iniciarse durante la actuaci\u00f3n del proyecto, es decir, la fase anterior y continuarlas posteriormente. De esta manera podr\u00e1s <strong>detectar posibles problemas que no se han identificado en la planificaci\u00f3n<\/strong> o aquellos que surjan durante el desarrollo del proyecto.<\/p>\n<p>El control resulta fundamental para <strong>comparar aquellos objetivos marcados con los resultados reales obtenidos<\/strong>. Esto te permitir\u00e1 establecer acciones para corregir estas desviaciones.<\/p>\n<p>\u00a0<\/p>\n<p>En definitiva, podemos decir que para que un<strong> proyecto empresarial triunfe, depende de la ejecuci\u00f3n de tres fases diferenciadas<\/strong>:<\/p>\n<ul>\n<li>La realizaci\u00f3n de un diagn\u00f3stico.<\/li>\n<li>El desarrollo de un plan de implementaci\u00f3n.<\/li>\n<li>El seguimiento y control del proyecto implementado.<\/li>\n<\/ul>\n<p>\u00a0<\/p>\n<p>En ActionProject <strong>te ayudamos en la <\/strong><a href=\"\/en_gb\/servicios\/gestion-de-proyectos\/\"><strong>gesti\u00f3n de proyectos<\/strong><\/a><strong> para alcanzar el \u00e9xito en tus estrategias marcadas<\/strong>. \u00a1Cont\u00e1ctanos! \u00a0<\/p>","protected":false},"excerpt":{"rendered":"<p>Esto es como una receta, se necesitan los ingredientes perfectos y seguir los pasos en orden. Si no trabajamos <strong>las fases de un proyecto<\/strong> como es debido, el caos aparecer\u00e1, ya sea un bizcocho o una ejecuci\u00f3n de una estrategia empresarial.<\/p>","protected":false},"author":2,"featured_media":1448,"comment_status":"closed","ping_status":"open","sticky":false,"template":"","format":"standard","meta":{"_acf_changed":false,"_joinchat":[],"footnotes":""},"categories":[10],"tags":[190,201,236],"class_list":["post-1341","post","type-post","status-publish","format-standard","has-post-thumbnail","hentry","category-estrategia-empresarial","tag-plan-de-proyectos","tag-plan-de-viabilidad","tag-proyecto-empresarial"],"acf":[],"aioseo_notices":[],"yoast_head":"<!-- This site is optimized with the Yoast SEO plugin v27.3 - https:\/\/yoast.com\/product\/yoast-seo-wordpress\/ -->\n<title>\u00bfCu\u00e1les son las fases de un proyecto empresarial? - Action Project<\/title>\n<meta name=\"robots\" content=\"index, follow, max-snippet:-1, max-image-preview:large, max-video-preview:-1\" \/>\n<link rel=\"canonical\" href=\"https:\/\/www.actionproject.es\/en_gb\/blog\/fases-de-un-proyecto-empresarial\/\" \/>\n<meta property=\"og:locale\" content=\"en_GB\" \/>\n<meta property=\"og:type\" content=\"article\" \/>\n<meta property=\"og:title\" content=\"\u00bfCu\u00e1les son las fases de un proyecto empresarial? - Action Project\" \/>\n<meta property=\"og:description\" content=\"Esto es como una receta, se necesitan los ingredientes perfectos y seguir los pasos en orden. Si no trabajamos las fases de un proyecto como es debido, el caos aparecer\u00e1, ya sea un bizcocho o una ejecuci\u00f3n de una estrategia empresarial.\" \/>\n<meta property=\"og:url\" content=\"https:\/\/www.actionproject.es\/en_gb\/blog\/fases-de-un-proyecto-empresarial\/\" \/>\n<meta property=\"og:site_name\" content=\"Action Project\" \/>\n<meta property=\"article:published_time\" content=\"2022-09-13T08:05:00+00:00\" \/>\n<meta property=\"article:modified_time\" content=\"2025-07-02T09:13:10+00:00\" \/>\n<meta property=\"og:image\" content=\"https:\/\/www.actionproject.es\/wp-content\/uploads\/2025\/07\/fases-proyecto-empresarial.jpg\" \/>\n\t<meta property=\"og:image:width\" content=\"1200\" \/>\n\t<meta property=\"og:image:height\" content=\"800\" \/>\n\t<meta property=\"og:image:type\" content=\"image\/jpeg\" \/>\n<meta name=\"author\" content=\"Juanma\" \/>\n<meta name=\"twitter:card\" content=\"summary_large_image\" \/>\n<meta name=\"twitter:label1\" content=\"Written by\" \/>\n\t<meta name=\"twitter:data1\" content=\"Juanma\" \/>\n\t<meta name=\"twitter:label2\" content=\"Estimated reading time\" \/>\n\t<meta name=\"twitter:data2\" content=\"2 minutes\" \/>\n<script type=\"application\/ld+json\" class=\"yoast-schema-graph\">{\"@context\":\"https:\\\/\\\/schema.org\",\"@graph\":[{\"@type\":\"Article\",\"@id\":\"https:\\\/\\\/www.actionproject.es\\\/blog\\\/fases-de-un-proyecto-empresarial\\\/#article\",\"isPartOf\":{\"@id\":\"https:\\\/\\\/www.actionproject.es\\\/blog\\\/fases-de-un-proyecto-empresarial\\\/\"},\"author\":{\"name\":\"Juanma\",\"@id\":\"https:\\\/\\\/www.actionproject.es\\\/#\\\/schema\\\/person\\\/01aa5bb80cabd3235975fa1fccb16e23\"},\"headline\":\"\u00bfCu\u00e1les son las fases de un proyecto empresarial?\",\"datePublished\":\"2022-09-13T08:05:00+00:00\",\"dateModified\":\"2025-07-02T09:13:10+00:00\",\"mainEntityOfPage\":{\"@id\":\"https:\\\/\\\/www.actionproject.es\\\/blog\\\/fases-de-un-proyecto-empresarial\\\/\"},\"wordCount\":390,\"publisher\":{\"@id\":\"https:\\\/\\\/www.actionproject.es\\\/#organization\"},\"image\":{\"@id\":\"https:\\\/\\\/www.actionproject.es\\\/blog\\\/fases-de-un-proyecto-empresarial\\\/#primaryimage\"},\"thumbnailUrl\":\"https:\\\/\\\/www.actionproject.es\\\/wp-content\\\/uploads\\\/2025\\\/07\\\/fases-proyecto-empresarial.jpg\",\"keywords\":[\"plan de proyectos\",\"plan de viabilidad\",\"proyecto empresarial\"],\"articleSection\":[\"Estrategia empresarial\"],\"inLanguage\":\"en-GB\"},{\"@type\":\"WebPage\",\"@id\":\"https:\\\/\\\/www.actionproject.es\\\/blog\\\/fases-de-un-proyecto-empresarial\\\/\",\"url\":\"https:\\\/\\\/www.actionproject.es\\\/blog\\\/fases-de-un-proyecto-empresarial\\\/\",\"name\":\"\u00bfCu\u00e1les son las fases de un proyecto empresarial? - Action Project\",\"isPartOf\":{\"@id\":\"https:\\\/\\\/www.actionproject.es\\\/#website\"},\"primaryImageOfPage\":{\"@id\":\"https:\\\/\\\/www.actionproject.es\\\/blog\\\/fases-de-un-proyecto-empresarial\\\/#primaryimage\"},\"image\":{\"@id\":\"https:\\\/\\\/www.actionproject.es\\\/blog\\\/fases-de-un-proyecto-empresarial\\\/#primaryimage\"},\"thumbnailUrl\":\"https:\\\/\\\/www.actionproject.es\\\/wp-content\\\/uploads\\\/2025\\\/07\\\/fases-proyecto-empresarial.jpg\",\"datePublished\":\"2022-09-13T08:05:00+00:00\",\"dateModified\":\"2025-07-02T09:13:10+00:00\",\"breadcrumb\":{\"@id\":\"https:\\\/\\\/www.actionproject.es\\\/blog\\\/fases-de-un-proyecto-empresarial\\\/#breadcrumb\"},\"inLanguage\":\"en-GB\",\"potentialAction\":[{\"@type\":\"ReadAction\",\"target\":[\"https:\\\/\\\/www.actionproject.es\\\/blog\\\/fases-de-un-proyecto-empresarial\\\/\"]}]},{\"@type\":\"ImageObject\",\"inLanguage\":\"en-GB\",\"@id\":\"https:\\\/\\\/www.actionproject.es\\\/blog\\\/fases-de-un-proyecto-empresarial\\\/#primaryimage\",\"url\":\"https:\\\/\\\/www.actionproject.es\\\/wp-content\\\/uploads\\\/2025\\\/07\\\/fases-proyecto-empresarial.jpg\",\"contentUrl\":\"https:\\\/\\\/www.actionproject.es\\\/wp-content\\\/uploads\\\/2025\\\/07\\\/fases-proyecto-empresarial.jpg\",\"width\":1200,\"height\":800},{\"@type\":\"BreadcrumbList\",\"@id\":\"https:\\\/\\\/www.actionproject.es\\\/blog\\\/fases-de-un-proyecto-empresarial\\\/#breadcrumb\",\"itemListElement\":[{\"@type\":\"ListItem\",\"position\":1,\"name\":\"Portada\",\"item\":\"https:\\\/\\\/www.actionproject.es\\\/\"},{\"@type\":\"ListItem\",\"position\":2,\"name\":\"\u00bfCu\u00e1les son las fases de un proyecto empresarial?\"}]},{\"@type\":\"WebSite\",\"@id\":\"https:\\\/\\\/www.actionproject.es\\\/#website\",\"url\":\"https:\\\/\\\/www.actionproject.es\\\/\",\"name\":\"Action Project\",\"description\":\"\",\"publisher\":{\"@id\":\"https:\\\/\\\/www.actionproject.es\\\/#organization\"},\"potentialAction\":[{\"@type\":\"SearchAction\",\"target\":{\"@type\":\"EntryPoint\",\"urlTemplate\":\"https:\\\/\\\/www.actionproject.es\\\/?s={search_term_string}\"},\"query-input\":{\"@type\":\"PropertyValueSpecification\",\"valueRequired\":true,\"valueName\":\"search_term_string\"}}],\"inLanguage\":\"en-GB\"},{\"@type\":\"Organization\",\"@id\":\"https:\\\/\\\/www.actionproject.es\\\/#organization\",\"name\":\"Action Project\",\"url\":\"https:\\\/\\\/www.actionproject.es\\\/\",\"logo\":{\"@type\":\"ImageObject\",\"inLanguage\":\"en-GB\",\"@id\":\"https:\\\/\\\/www.actionproject.es\\\/#\\\/schema\\\/logo\\\/image\\\/\",\"url\":\"https:\\\/\\\/www.actionproject.es\\\/wp-content\\\/uploads\\\/2025\\\/02\\\/favicon-action.png\",\"contentUrl\":\"https:\\\/\\\/www.actionproject.es\\\/wp-content\\\/uploads\\\/2025\\\/02\\\/favicon-action.png\",\"width\":512,\"height\":512,\"caption\":\"Action Project\"},\"image\":{\"@id\":\"https:\\\/\\\/www.actionproject.es\\\/#\\\/schema\\\/logo\\\/image\\\/\"}},{\"@type\":\"Person\",\"@id\":\"https:\\\/\\\/www.actionproject.es\\\/#\\\/schema\\\/person\\\/01aa5bb80cabd3235975fa1fccb16e23\",\"name\":\"Juanma\",\"image\":{\"@type\":\"ImageObject\",\"inLanguage\":\"en-GB\",\"@id\":\"https:\\\/\\\/secure.gravatar.com\\\/avatar\\\/85f0c3c9ba6a2b2ba51b0df3346eaf50cafa606989920561324eac0dd1c938f4?s=96&d=mm&r=g\",\"url\":\"https:\\\/\\\/secure.gravatar.com\\\/avatar\\\/85f0c3c9ba6a2b2ba51b0df3346eaf50cafa606989920561324eac0dd1c938f4?s=96&d=mm&r=g\",\"contentUrl\":\"https:\\\/\\\/secure.gravatar.com\\\/avatar\\\/85f0c3c9ba6a2b2ba51b0df3346eaf50cafa606989920561324eac0dd1c938f4?s=96&d=mm&r=g\",\"caption\":\"Juanma\"},\"url\":\"https:\\\/\\\/www.actionproject.es\\\/en_gb\\\/blog\\\/author\\\/juanma\\\/\"}]}<\/script>\n<!-- \/ Yoast SEO plugin. -->","yoast_head_json":{"title":"\u00bfCu\u00e1les son las fases de un proyecto empresarial? - Action Project","robots":{"index":"index","follow":"follow","max-snippet":"max-snippet:-1","max-image-preview":"max-image-preview:large","max-video-preview":"max-video-preview:-1"},"canonical":"https:\/\/www.actionproject.es\/en_gb\/blog\/fases-de-un-proyecto-empresarial\/","og_locale":"en_GB","og_type":"article","og_title":"\u00bfCu\u00e1les son las fases de un proyecto empresarial? - Action Project","og_description":"Esto es como una receta, se necesitan los ingredientes perfectos y seguir los pasos en orden. Si no trabajamos las fases de un proyecto como es debido, el caos aparecer\u00e1, ya sea un bizcocho o una ejecuci\u00f3n de una estrategia empresarial.","og_url":"https:\/\/www.actionproject.es\/en_gb\/blog\/fases-de-un-proyecto-empresarial\/","og_site_name":"Action Project","article_published_time":"2022-09-13T08:05:00+00:00","article_modified_time":"2025-07-02T09:13:10+00:00","og_image":[{"width":1200,"height":800,"url":"https:\/\/www.actionproject.es\/wp-content\/uploads\/2025\/07\/fases-proyecto-empresarial.jpg","type":"image\/jpeg"}],"author":"Juanma","twitter_card":"summary_large_image","twitter_misc":{"Written by":"Juanma","Estimated reading time":"2 minutes"},"schema":{"@context":"https:\/\/schema.org","@graph":[{"@type":"Article","@id":"https:\/\/www.actionproject.es\/blog\/fases-de-un-proyecto-empresarial\/#article","isPartOf":{"@id":"https:\/\/www.actionproject.es\/blog\/fases-de-un-proyecto-empresarial\/"},"author":{"name":"Juanma","@id":"https:\/\/www.actionproject.es\/#\/schema\/person\/01aa5bb80cabd3235975fa1fccb16e23"},"headline":"\u00bfCu\u00e1les son las fases de un proyecto empresarial?","datePublished":"2022-09-13T08:05:00+00:00","dateModified":"2025-07-02T09:13:10+00:00","mainEntityOfPage":{"@id":"https:\/\/www.actionproject.es\/blog\/fases-de-un-proyecto-empresarial\/"},"wordCount":390,"publisher":{"@id":"https:\/\/www.actionproject.es\/#organization"},"image":{"@id":"https:\/\/www.actionproject.es\/blog\/fases-de-un-proyecto-empresarial\/#primaryimage"},"thumbnailUrl":"https:\/\/www.actionproject.es\/wp-content\/uploads\/2025\/07\/fases-proyecto-empresarial.jpg","keywords":["plan de proyectos","plan de viabilidad","proyecto empresarial"],"articleSection":["Estrategia empresarial"],"inLanguage":"en-GB"},{"@type":"WebPage","@id":"https:\/\/www.actionproject.es\/blog\/fases-de-un-proyecto-empresarial\/","url":"https:\/\/www.actionproject.es\/blog\/fases-de-un-proyecto-empresarial\/","name":"\u00bfCu\u00e1les son las fases de un proyecto empresarial? - Action Project","isPartOf":{"@id":"https:\/\/www.actionproject.es\/#website"},"primaryImageOfPage":{"@id":"https:\/\/www.actionproject.es\/blog\/fases-de-un-proyecto-empresarial\/#primaryimage"},"image":{"@id":"https:\/\/www.actionproject.es\/blog\/fases-de-un-proyecto-empresarial\/#primaryimage"},"thumbnailUrl":"https:\/\/www.actionproject.es\/wp-content\/uploads\/2025\/07\/fases-proyecto-empresarial.jpg","datePublished":"2022-09-13T08:05:00+00:00","dateModified":"2025-07-02T09:13:10+00:00","breadcrumb":{"@id":"https:\/\/www.actionproject.es\/blog\/fases-de-un-proyecto-empresarial\/#breadcrumb"},"inLanguage":"en-GB","potentialAction":[{"@type":"ReadAction","target":["https:\/\/www.actionproject.es\/blog\/fases-de-un-proyecto-empresarial\/"]}]},{"@type":"ImageObject","inLanguage":"en-GB","@id":"https:\/\/www.actionproject.es\/blog\/fases-de-un-proyecto-empresarial\/#primaryimage","url":"https:\/\/www.actionproject.es\/wp-content\/uploads\/2025\/07\/fases-proyecto-empresarial.jpg","contentUrl":"https:\/\/www.actionproject.es\/wp-content\/uploads\/2025\/07\/fases-proyecto-empresarial.jpg","width":1200,"height":800},{"@type":"BreadcrumbList","@id":"https:\/\/www.actionproject.es\/blog\/fases-de-un-proyecto-empresarial\/#breadcrumb","itemListElement":[{"@type":"ListItem","position":1,"name":"Portada","item":"https:\/\/www.actionproject.es\/"},{"@type":"ListItem","position":2,"name":"\u00bfCu\u00e1les son las fases de un proyecto empresarial?"}]},{"@type":"WebSite","@id":"https:\/\/www.actionproject.es\/#website","url":"https:\/\/www.actionproject.es\/","name":"Action Project","description":"","publisher":{"@id":"https:\/\/www.actionproject.es\/#organization"},"potentialAction":[{"@type":"SearchAction","target":{"@type":"EntryPoint","urlTemplate":"https:\/\/www.actionproject.es\/?s={search_term_string}"},"query-input":{"@type":"PropertyValueSpecification","valueRequired":true,"valueName":"search_term_string"}}],"inLanguage":"en-GB"},{"@type":"Organization","@id":"https:\/\/www.actionproject.es\/#organization","name":"Action Project","url":"https:\/\/www.actionproject.es\/","logo":{"@type":"ImageObject","inLanguage":"en-GB","@id":"https:\/\/www.actionproject.es\/#\/schema\/logo\/image\/","url":"https:\/\/www.actionproject.es\/wp-content\/uploads\/2025\/02\/favicon-action.png","contentUrl":"https:\/\/www.actionproject.es\/wp-content\/uploads\/2025\/02\/favicon-action.png","width":512,"height":512,"caption":"Action Project"},"image":{"@id":"https:\/\/www.actionproject.es\/#\/schema\/logo\/image\/"}},{"@type":"Person","@id":"https:\/\/www.actionproject.es\/#\/schema\/person\/01aa5bb80cabd3235975fa1fccb16e23","name":"Juanma","image":{"@type":"ImageObject","inLanguage":"en-GB","@id":"https:\/\/secure.gravatar.com\/avatar\/85f0c3c9ba6a2b2ba51b0df3346eaf50cafa606989920561324eac0dd1c938f4?s=96&d=mm&r=g","url":"https:\/\/secure.gravatar.com\/avatar\/85f0c3c9ba6a2b2ba51b0df3346eaf50cafa606989920561324eac0dd1c938f4?s=96&d=mm&r=g","contentUrl":"https:\/\/secure.gravatar.com\/avatar\/85f0c3c9ba6a2b2ba51b0df3346eaf50cafa606989920561324eac0dd1c938f4?s=96&d=mm&r=g","caption":"Juanma"},"url":"https:\/\/www.actionproject.es\/en_gb\/blog\/author\/juanma\/"}]}},"_links":{"self":[{"href":"https:\/\/www.actionproject.es\/en_gb\/wp-json\/wp\/v2\/posts\/1341","targetHints":{"allow":["GET"]}}],"collection":[{"href":"https:\/\/www.actionproject.es\/en_gb\/wp-json\/wp\/v2\/posts"}],"about":[{"href":"https:\/\/www.actionproject.es\/en_gb\/wp-json\/wp\/v2\/types\/post"}],"author":[{"embeddable":true,"href":"https:\/\/www.actionproject.es\/en_gb\/wp-json\/wp\/v2\/users\/2"}],"replies":[{"embeddable":true,"href":"https:\/\/www.actionproject.es\/en_gb\/wp-json\/wp\/v2\/comments?post=1341"}],"version-history":[{"count":2,"href":"https:\/\/www.actionproject.es\/en_gb\/wp-json\/wp\/v2\/posts\/1341\/revisions"}],"predecessor-version":[{"id":1688,"href":"https:\/\/www.actionproject.es\/en_gb\/wp-json\/wp\/v2\/posts\/1341\/revisions\/1688"}],"wp:featuredmedia":[{"embeddable":true,"href":"https:\/\/www.actionproject.es\/en_gb\/wp-json\/wp\/v2\/media\/1448"}],"wp:attachment":[{"href":"https:\/\/www.actionproject.es\/en_gb\/wp-json\/wp\/v2\/media?parent=1341"}],"wp:term":[{"taxonomy":"category","embeddable":true,"href":"https:\/\/www.actionproject.es\/en_gb\/wp-json\/wp\/v2\/categories?post=1341"},{"taxonomy":"post_tag","embeddable":true,"href":"https:\/\/www.actionproject.es\/en_gb\/wp-json\/wp\/v2\/tags?post=1341"}],"curies":[{"name":"wp","href":"https:\/\/api.w.org\/{rel}","templated":true}]}}