{"id":1342,"date":"2022-09-27T09:57:22","date_gmt":"2022-09-27T07:57:22","guid":{"rendered":"https:\/\/www.actionproject.es\/blog\/disciplina-herramienta-exito-laboral\/"},"modified":"2025-07-02T11:13:10","modified_gmt":"2025-07-02T09:13:10","slug":"disciplina-herramienta-exito-laboral","status":"publish","type":"post","link":"https:\/\/www.actionproject.es\/en_gb\/blog\/disciplina-herramienta-exito-laboral\/","title":{"rendered":"La disciplina como herramienta clave del \u00e9xito laboral"},"content":{"rendered":"<p>La clave es la<strong> falta de disciplina<\/strong>. Para lograr nuestras metas y objetivos no es suficiente con tener fuerza de voluntad y motivaci\u00f3n ya que acaba agot\u00e1ndose, sino que es imprescindible tener disciplina.<\/p>\n<p>La disciplina es un aspecto a\u00fan m\u00e1s importante en nuestro mundo laboral porque es capaz de moldear nuestro car\u00e1cter y, adem\u00e1s, nos ofrece un panorama m\u00e1s amplio de la realidad donde alcanzar los objetivos gracias a nuestro esfuerzo.<\/p>\n<p>\u00a0<\/p>\n<h2>\u00bfQu\u00e9\u00a0puedes hacer para trabajar la disciplina y lograr nuestros objetivos?<\/h2>\n<p>\u00a0<\/p>\n<p><strong>DEFINE TU PROP\u00d3SITO<\/strong><\/p>\n<p>Tener un <strong>prop\u00f3sito fuerte e inspirador<\/strong> es fundamental para alcanzar el \u00e9xito. Para encontrarlo, la pregunta m\u00e1s importante que debemos hacernos no es \u00bfQu\u00e9 quiero lograr? Si no \u00bfPor qu\u00e9 quiero conseguir este objetivo? Solo cuando tengamos claro cu\u00e1l es la verdadera raz\u00f3n por la que queremos alcanzar nuestra meta, adquirir\u00e1 la entidad necesaria y ser\u00e1 m\u00e1s sencillo mantener la disciplina a largo plazo.<\/p>\n<p>\u00a0<\/p>\n<p><strong>CREA UNA HOJA DE RUTA<\/strong><\/p>\n<p>Una vez establecido un prop\u00f3sito fuerte, es el momento de la <strong>planificaci\u00f3n efectiva<\/strong>. Aqu\u00ed debemos establecer en qu\u00e9 punto nos encontramos y hasta d\u00f3nde queremos llegar, as\u00ed como los pasos necesarios para alcanzar esta meta. Esta planificaci\u00f3n o <a href=\"https:\/\/www.actionproject.es\/en_gb\/blog\/plan-de-viabilidad-negocio\/\">plan de viabilidad<\/a> puede estar hecha por ti mismo o por un mentor o profesional que ya haya conseguido lo que quieres lograr.<\/p>\n<p>\u00a0<\/p>\n<p><strong>TRABAJA TU FUERZA INTERIOR<\/strong><\/p>\n<p>La disciplina requiere de gran <strong>fortaleza<\/strong> interior, sobre todo en los momentos m\u00e1s bajos de moral. Intentar evitar situaciones inc\u00f3modas y la b\u00fasqueda del placer inmediato son dos grandes obst\u00e1culos para la disciplina. Para combatirlos, hazles frente y exponte de manera voluntaria a situaciones dif\u00edciles para adquirir fortaleza. Se trata de realizar peque\u00f1as acciones diarias que te preparen para afrontar la incomodidad y renunciar a esa gratificaci\u00f3n instant\u00e1nea que te hace sentirte bien en el momento, pero te aleja de la meta. As\u00ed creamos una mente disciplinada y apuntamos a objetivos m\u00e1s nobles.<\/p>\n<p>\u00a0<\/p>\n<p><strong>APRENDE DE TUS ERRORES<\/strong><\/p>\n<p>Es dif\u00edcil intentar cambiar rutinas y h\u00e1bitos ya que nuestro cerebro est\u00e1 programado para volver al comportamiento que consuma menos energ\u00eda. Por ello, es normal que falle la disciplina y caigamos en la procrastinaci\u00f3n. <strong>Autoeval\u00faate a diario<\/strong> abriendo un espacio a la reflexi\u00f3n, acepta los errores y vuelve a empezar sin rendirte ni caer en victimismos, aprovechando la oportunidad para determinar en qu\u00e9 puedes mejorar.<\/p>\n<p>\u00a0<\/p>\n<p>Si sigues estos pasos te ser\u00e1 m\u00e1s sencillo alcanzar a tus retos y recuerda que puedes <strong>apoyarte en expertos y profesionales<\/strong> para que te acompa\u00f1en a recorrer el camino m\u00e1s r\u00e1pido y con mayor seguridad.<\/p>\n<p>\u00a0<\/p>","protected":false},"excerpt":{"rendered":"<p>Tras las merecidas vacaciones, con el inicio del nuevo curso, volvemos a la rutina con ilusi\u00f3n, energ\u00eda y muchas ganas de lograr nuestras metas. Es el momento de redefinir objetivos. Cada a\u00f1o nos planteamos prop\u00f3sitos personales y profesionales que comenzamos con mucha fuerza, aunque a la larga no sabemos cumplir y desistimos, pero \u00bfpor qu\u00e9?<\/p>","protected":false},"author":2,"featured_media":1435,"comment_status":"closed","ping_status":"open","sticky":false,"template":"","format":"standard","meta":{"_acf_changed":false,"_joinchat":[],"footnotes":""},"categories":[10],"tags":[237],"class_list":["post-1342","post","type-post","status-publish","format-standard","has-post-thumbnail","hentry","category-estrategia-empresarial","tag-disciplina"],"acf":[],"aioseo_notices":[],"yoast_head":"<!-- This site is optimized with the Yoast SEO plugin v27.3 - https:\/\/yoast.com\/product\/yoast-seo-wordpress\/ -->\n<title>La disciplina como herramienta clave del \u00e9xito laboral - Action Project<\/title>\n<meta name=\"robots\" content=\"index, follow, max-snippet:-1, max-image-preview:large, max-video-preview:-1\" \/>\n<link rel=\"canonical\" href=\"https:\/\/www.actionproject.es\/en_gb\/blog\/disciplina-herramienta-exito-laboral\/\" \/>\n<meta property=\"og:locale\" content=\"en_GB\" \/>\n<meta property=\"og:type\" content=\"article\" \/>\n<meta property=\"og:title\" content=\"La disciplina como herramienta clave del \u00e9xito laboral - Action Project\" \/>\n<meta property=\"og:description\" content=\"Tras las merecidas vacaciones, con el inicio del nuevo curso, volvemos a la rutina con ilusi\u00f3n, energ\u00eda y muchas ganas de lograr nuestras metas. Es el momento de redefinir objetivos. Cada a\u00f1o nos planteamos prop\u00f3sitos personales y profesionales que comenzamos con mucha fuerza, aunque a la larga no sabemos cumplir y desistimos, pero \u00bfpor qu\u00e9?\" \/>\n<meta property=\"og:url\" content=\"https:\/\/www.actionproject.es\/en_gb\/blog\/disciplina-herramienta-exito-laboral\/\" \/>\n<meta property=\"og:site_name\" content=\"Action Project\" \/>\n<meta property=\"article:published_time\" content=\"2022-09-27T07:57:22+00:00\" \/>\n<meta property=\"article:modified_time\" content=\"2025-07-02T09:13:10+00:00\" \/>\n<meta property=\"og:image\" content=\"https:\/\/www.actionproject.es\/wp-content\/uploads\/2025\/07\/disciplin_20220928-104105_1.jpg\" \/>\n\t<meta property=\"og:image:width\" content=\"1200\" \/>\n\t<meta property=\"og:image:height\" content=\"800\" \/>\n\t<meta property=\"og:image:type\" content=\"image\/jpeg\" \/>\n<meta name=\"author\" content=\"Juanma\" \/>\n<meta name=\"twitter:card\" content=\"summary_large_image\" \/>\n<meta name=\"twitter:label1\" content=\"Written by\" \/>\n\t<meta name=\"twitter:data1\" content=\"Juanma\" \/>\n\t<meta name=\"twitter:label2\" content=\"Estimated reading time\" \/>\n\t<meta name=\"twitter:data2\" content=\"2 minutes\" \/>\n<script type=\"application\/ld+json\" class=\"yoast-schema-graph\">{\"@context\":\"https:\\\/\\\/schema.org\",\"@graph\":[{\"@type\":\"Article\",\"@id\":\"https:\\\/\\\/www.actionproject.es\\\/blog\\\/disciplina-herramienta-exito-laboral\\\/#article\",\"isPartOf\":{\"@id\":\"https:\\\/\\\/www.actionproject.es\\\/blog\\\/disciplina-herramienta-exito-laboral\\\/\"},\"author\":{\"name\":\"Juanma\",\"@id\":\"https:\\\/\\\/www.actionproject.es\\\/#\\\/schema\\\/person\\\/01aa5bb80cabd3235975fa1fccb16e23\"},\"headline\":\"La disciplina como herramienta clave del \u00e9xito laboral\",\"datePublished\":\"2022-09-27T07:57:22+00:00\",\"dateModified\":\"2025-07-02T09:13:10+00:00\",\"mainEntityOfPage\":{\"@id\":\"https:\\\/\\\/www.actionproject.es\\\/blog\\\/disciplina-herramienta-exito-laboral\\\/\"},\"wordCount\":460,\"publisher\":{\"@id\":\"https:\\\/\\\/www.actionproject.es\\\/#organization\"},\"image\":{\"@id\":\"https:\\\/\\\/www.actionproject.es\\\/blog\\\/disciplina-herramienta-exito-laboral\\\/#primaryimage\"},\"thumbnailUrl\":\"https:\\\/\\\/www.actionproject.es\\\/wp-content\\\/uploads\\\/2025\\\/07\\\/disciplin_20220928-104105_1.jpg\",\"keywords\":[\"Disciplina\"],\"articleSection\":[\"Estrategia empresarial\"],\"inLanguage\":\"en-GB\"},{\"@type\":\"WebPage\",\"@id\":\"https:\\\/\\\/www.actionproject.es\\\/blog\\\/disciplina-herramienta-exito-laboral\\\/\",\"url\":\"https:\\\/\\\/www.actionproject.es\\\/blog\\\/disciplina-herramienta-exito-laboral\\\/\",\"name\":\"La disciplina como herramienta clave del \u00e9xito laboral - Action Project\",\"isPartOf\":{\"@id\":\"https:\\\/\\\/www.actionproject.es\\\/#website\"},\"primaryImageOfPage\":{\"@id\":\"https:\\\/\\\/www.actionproject.es\\\/blog\\\/disciplina-herramienta-exito-laboral\\\/#primaryimage\"},\"image\":{\"@id\":\"https:\\\/\\\/www.actionproject.es\\\/blog\\\/disciplina-herramienta-exito-laboral\\\/#primaryimage\"},\"thumbnailUrl\":\"https:\\\/\\\/www.actionproject.es\\\/wp-content\\\/uploads\\\/2025\\\/07\\\/disciplin_20220928-104105_1.jpg\",\"datePublished\":\"2022-09-27T07:57:22+00:00\",\"dateModified\":\"2025-07-02T09:13:10+00:00\",\"breadcrumb\":{\"@id\":\"https:\\\/\\\/www.actionproject.es\\\/blog\\\/disciplina-herramienta-exito-laboral\\\/#breadcrumb\"},\"inLanguage\":\"en-GB\",\"potentialAction\":[{\"@type\":\"ReadAction\",\"target\":[\"https:\\\/\\\/www.actionproject.es\\\/blog\\\/disciplina-herramienta-exito-laboral\\\/\"]}]},{\"@type\":\"ImageObject\",\"inLanguage\":\"en-GB\",\"@id\":\"https:\\\/\\\/www.actionproject.es\\\/blog\\\/disciplina-herramienta-exito-laboral\\\/#primaryimage\",\"url\":\"https:\\\/\\\/www.actionproject.es\\\/wp-content\\\/uploads\\\/2025\\\/07\\\/disciplin_20220928-104105_1.jpg\",\"contentUrl\":\"https:\\\/\\\/www.actionproject.es\\\/wp-content\\\/uploads\\\/2025\\\/07\\\/disciplin_20220928-104105_1.jpg\",\"width\":1200,\"height\":800},{\"@type\":\"BreadcrumbList\",\"@id\":\"https:\\\/\\\/www.actionproject.es\\\/blog\\\/disciplina-herramienta-exito-laboral\\\/#breadcrumb\",\"itemListElement\":[{\"@type\":\"ListItem\",\"position\":1,\"name\":\"Portada\",\"item\":\"https:\\\/\\\/www.actionproject.es\\\/\"},{\"@type\":\"ListItem\",\"position\":2,\"name\":\"La disciplina como herramienta clave del \u00e9xito laboral\"}]},{\"@type\":\"WebSite\",\"@id\":\"https:\\\/\\\/www.actionproject.es\\\/#website\",\"url\":\"https:\\\/\\\/www.actionproject.es\\\/\",\"name\":\"Action Project\",\"description\":\"\",\"publisher\":{\"@id\":\"https:\\\/\\\/www.actionproject.es\\\/#organization\"},\"potentialAction\":[{\"@type\":\"SearchAction\",\"target\":{\"@type\":\"EntryPoint\",\"urlTemplate\":\"https:\\\/\\\/www.actionproject.es\\\/?s={search_term_string}\"},\"query-input\":{\"@type\":\"PropertyValueSpecification\",\"valueRequired\":true,\"valueName\":\"search_term_string\"}}],\"inLanguage\":\"en-GB\"},{\"@type\":\"Organization\",\"@id\":\"https:\\\/\\\/www.actionproject.es\\\/#organization\",\"name\":\"Action Project\",\"url\":\"https:\\\/\\\/www.actionproject.es\\\/\",\"logo\":{\"@type\":\"ImageObject\",\"inLanguage\":\"en-GB\",\"@id\":\"https:\\\/\\\/www.actionproject.es\\\/#\\\/schema\\\/logo\\\/image\\\/\",\"url\":\"https:\\\/\\\/www.actionproject.es\\\/wp-content\\\/uploads\\\/2025\\\/02\\\/favicon-action.png\",\"contentUrl\":\"https:\\\/\\\/www.actionproject.es\\\/wp-content\\\/uploads\\\/2025\\\/02\\\/favicon-action.png\",\"width\":512,\"height\":512,\"caption\":\"Action Project\"},\"image\":{\"@id\":\"https:\\\/\\\/www.actionproject.es\\\/#\\\/schema\\\/logo\\\/image\\\/\"}},{\"@type\":\"Person\",\"@id\":\"https:\\\/\\\/www.actionproject.es\\\/#\\\/schema\\\/person\\\/01aa5bb80cabd3235975fa1fccb16e23\",\"name\":\"Juanma\",\"image\":{\"@type\":\"ImageObject\",\"inLanguage\":\"en-GB\",\"@id\":\"https:\\\/\\\/secure.gravatar.com\\\/avatar\\\/85f0c3c9ba6a2b2ba51b0df3346eaf50cafa606989920561324eac0dd1c938f4?s=96&d=mm&r=g\",\"url\":\"https:\\\/\\\/secure.gravatar.com\\\/avatar\\\/85f0c3c9ba6a2b2ba51b0df3346eaf50cafa606989920561324eac0dd1c938f4?s=96&d=mm&r=g\",\"contentUrl\":\"https:\\\/\\\/secure.gravatar.com\\\/avatar\\\/85f0c3c9ba6a2b2ba51b0df3346eaf50cafa606989920561324eac0dd1c938f4?s=96&d=mm&r=g\",\"caption\":\"Juanma\"},\"url\":\"https:\\\/\\\/www.actionproject.es\\\/en_gb\\\/blog\\\/author\\\/juanma\\\/\"}]}<\/script>\n<!-- \/ Yoast SEO plugin. -->","yoast_head_json":{"title":"La disciplina como herramienta clave del \u00e9xito laboral - Action Project","robots":{"index":"index","follow":"follow","max-snippet":"max-snippet:-1","max-image-preview":"max-image-preview:large","max-video-preview":"max-video-preview:-1"},"canonical":"https:\/\/www.actionproject.es\/en_gb\/blog\/disciplina-herramienta-exito-laboral\/","og_locale":"en_GB","og_type":"article","og_title":"La disciplina como herramienta clave del \u00e9xito laboral - Action Project","og_description":"Tras las merecidas vacaciones, con el inicio del nuevo curso, volvemos a la rutina con ilusi\u00f3n, energ\u00eda y muchas ganas de lograr nuestras metas. Es el momento de redefinir objetivos. Cada a\u00f1o nos planteamos prop\u00f3sitos personales y profesionales que comenzamos con mucha fuerza, aunque a la larga no sabemos cumplir y desistimos, pero \u00bfpor qu\u00e9?","og_url":"https:\/\/www.actionproject.es\/en_gb\/blog\/disciplina-herramienta-exito-laboral\/","og_site_name":"Action Project","article_published_time":"2022-09-27T07:57:22+00:00","article_modified_time":"2025-07-02T09:13:10+00:00","og_image":[{"width":1200,"height":800,"url":"https:\/\/www.actionproject.es\/wp-content\/uploads\/2025\/07\/disciplin_20220928-104105_1.jpg","type":"image\/jpeg"}],"author":"Juanma","twitter_card":"summary_large_image","twitter_misc":{"Written by":"Juanma","Estimated reading time":"2 minutes"},"schema":{"@context":"https:\/\/schema.org","@graph":[{"@type":"Article","@id":"https:\/\/www.actionproject.es\/blog\/disciplina-herramienta-exito-laboral\/#article","isPartOf":{"@id":"https:\/\/www.actionproject.es\/blog\/disciplina-herramienta-exito-laboral\/"},"author":{"name":"Juanma","@id":"https:\/\/www.actionproject.es\/#\/schema\/person\/01aa5bb80cabd3235975fa1fccb16e23"},"headline":"La disciplina como herramienta clave del \u00e9xito laboral","datePublished":"2022-09-27T07:57:22+00:00","dateModified":"2025-07-02T09:13:10+00:00","mainEntityOfPage":{"@id":"https:\/\/www.actionproject.es\/blog\/disciplina-herramienta-exito-laboral\/"},"wordCount":460,"publisher":{"@id":"https:\/\/www.actionproject.es\/#organization"},"image":{"@id":"https:\/\/www.actionproject.es\/blog\/disciplina-herramienta-exito-laboral\/#primaryimage"},"thumbnailUrl":"https:\/\/www.actionproject.es\/wp-content\/uploads\/2025\/07\/disciplin_20220928-104105_1.jpg","keywords":["Disciplina"],"articleSection":["Estrategia empresarial"],"inLanguage":"en-GB"},{"@type":"WebPage","@id":"https:\/\/www.actionproject.es\/blog\/disciplina-herramienta-exito-laboral\/","url":"https:\/\/www.actionproject.es\/blog\/disciplina-herramienta-exito-laboral\/","name":"La disciplina como herramienta clave del \u00e9xito laboral - Action Project","isPartOf":{"@id":"https:\/\/www.actionproject.es\/#website"},"primaryImageOfPage":{"@id":"https:\/\/www.actionproject.es\/blog\/disciplina-herramienta-exito-laboral\/#primaryimage"},"image":{"@id":"https:\/\/www.actionproject.es\/blog\/disciplina-herramienta-exito-laboral\/#primaryimage"},"thumbnailUrl":"https:\/\/www.actionproject.es\/wp-content\/uploads\/2025\/07\/disciplin_20220928-104105_1.jpg","datePublished":"2022-09-27T07:57:22+00:00","dateModified":"2025-07-02T09:13:10+00:00","breadcrumb":{"@id":"https:\/\/www.actionproject.es\/blog\/disciplina-herramienta-exito-laboral\/#breadcrumb"},"inLanguage":"en-GB","potentialAction":[{"@type":"ReadAction","target":["https:\/\/www.actionproject.es\/blog\/disciplina-herramienta-exito-laboral\/"]}]},{"@type":"ImageObject","inLanguage":"en-GB","@id":"https:\/\/www.actionproject.es\/blog\/disciplina-herramienta-exito-laboral\/#primaryimage","url":"https:\/\/www.actionproject.es\/wp-content\/uploads\/2025\/07\/disciplin_20220928-104105_1.jpg","contentUrl":"https:\/\/www.actionproject.es\/wp-content\/uploads\/2025\/07\/disciplin_20220928-104105_1.jpg","width":1200,"height":800},{"@type":"BreadcrumbList","@id":"https:\/\/www.actionproject.es\/blog\/disciplina-herramienta-exito-laboral\/#breadcrumb","itemListElement":[{"@type":"ListItem","position":1,"name":"Portada","item":"https:\/\/www.actionproject.es\/"},{"@type":"ListItem","position":2,"name":"La disciplina como herramienta clave del \u00e9xito laboral"}]},{"@type":"WebSite","@id":"https:\/\/www.actionproject.es\/#website","url":"https:\/\/www.actionproject.es\/","name":"Action Project","description":"","publisher":{"@id":"https:\/\/www.actionproject.es\/#organization"},"potentialAction":[{"@type":"SearchAction","target":{"@type":"EntryPoint","urlTemplate":"https:\/\/www.actionproject.es\/?s={search_term_string}"},"query-input":{"@type":"PropertyValueSpecification","valueRequired":true,"valueName":"search_term_string"}}],"inLanguage":"en-GB"},{"@type":"Organization","@id":"https:\/\/www.actionproject.es\/#organization","name":"Action Project","url":"https:\/\/www.actionproject.es\/","logo":{"@type":"ImageObject","inLanguage":"en-GB","@id":"https:\/\/www.actionproject.es\/#\/schema\/logo\/image\/","url":"https:\/\/www.actionproject.es\/wp-content\/uploads\/2025\/02\/favicon-action.png","contentUrl":"https:\/\/www.actionproject.es\/wp-content\/uploads\/2025\/02\/favicon-action.png","width":512,"height":512,"caption":"Action Project"},"image":{"@id":"https:\/\/www.actionproject.es\/#\/schema\/logo\/image\/"}},{"@type":"Person","@id":"https:\/\/www.actionproject.es\/#\/schema\/person\/01aa5bb80cabd3235975fa1fccb16e23","name":"Juanma","image":{"@type":"ImageObject","inLanguage":"en-GB","@id":"https:\/\/secure.gravatar.com\/avatar\/85f0c3c9ba6a2b2ba51b0df3346eaf50cafa606989920561324eac0dd1c938f4?s=96&d=mm&r=g","url":"https:\/\/secure.gravatar.com\/avatar\/85f0c3c9ba6a2b2ba51b0df3346eaf50cafa606989920561324eac0dd1c938f4?s=96&d=mm&r=g","contentUrl":"https:\/\/secure.gravatar.com\/avatar\/85f0c3c9ba6a2b2ba51b0df3346eaf50cafa606989920561324eac0dd1c938f4?s=96&d=mm&r=g","caption":"Juanma"},"url":"https:\/\/www.actionproject.es\/en_gb\/blog\/author\/juanma\/"}]}},"_links":{"self":[{"href":"https:\/\/www.actionproject.es\/en_gb\/wp-json\/wp\/v2\/posts\/1342","targetHints":{"allow":["GET"]}}],"collection":[{"href":"https:\/\/www.actionproject.es\/en_gb\/wp-json\/wp\/v2\/posts"}],"about":[{"href":"https:\/\/www.actionproject.es\/en_gb\/wp-json\/wp\/v2\/types\/post"}],"author":[{"embeddable":true,"href":"https:\/\/www.actionproject.es\/en_gb\/wp-json\/wp\/v2\/users\/2"}],"replies":[{"embeddable":true,"href":"https:\/\/www.actionproject.es\/en_gb\/wp-json\/wp\/v2\/comments?post=1342"}],"version-history":[{"count":2,"href":"https:\/\/www.actionproject.es\/en_gb\/wp-json\/wp\/v2\/posts\/1342\/revisions"}],"predecessor-version":[{"id":1689,"href":"https:\/\/www.actionproject.es\/en_gb\/wp-json\/wp\/v2\/posts\/1342\/revisions\/1689"}],"wp:featuredmedia":[{"embeddable":true,"href":"https:\/\/www.actionproject.es\/en_gb\/wp-json\/wp\/v2\/media\/1435"}],"wp:attachment":[{"href":"https:\/\/www.actionproject.es\/en_gb\/wp-json\/wp\/v2\/media?parent=1342"}],"wp:term":[{"taxonomy":"category","embeddable":true,"href":"https:\/\/www.actionproject.es\/en_gb\/wp-json\/wp\/v2\/categories?post=1342"},{"taxonomy":"post_tag","embeddable":true,"href":"https:\/\/www.actionproject.es\/en_gb\/wp-json\/wp\/v2\/tags?post=1342"}],"curies":[{"name":"wp","href":"https:\/\/api.w.org\/{rel}","templated":true}]}}