{"id":1346,"date":"2022-12-20T09:38:33","date_gmt":"2022-12-20T08:38:33","guid":{"rendered":"https:\/\/www.actionproject.es\/blog\/motivacion-personal-en-entorno-empresarial-piramide-maslow\/"},"modified":"2025-07-02T11:13:10","modified_gmt":"2025-07-02T09:13:10","slug":"motivacion-personal-en-entorno-empresarial-piramide-maslow","status":"publish","type":"post","link":"https:\/\/www.actionproject.es\/en_gb\/blog\/motivacion-personal-en-entorno-empresarial-piramide-maslow\/","title":{"rendered":"Motivaci\u00f3n personal en el entorno empresarial seg\u00fan la Pir\u00e1mide de Maslow"},"content":{"rendered":"<p>\u00bfY c\u00f3mo podemos <strong>aplicar la Pir\u00e1mide de Maslow al \u00e1mbito laboral<\/strong>? En este caso, el objetivo es el de identificar cu\u00e1les son las necesidades laborales y priorizarlas seg\u00fan el nivel m\u00e1s b\u00e1sico hasta la c\u00faspide de la pir\u00e1mide.<\/p>\n<p>\u00a0<\/p>\n<h2>Motivaci\u00f3n personal en el entorno empresarial seg\u00fan la Pir\u00e1mide de Maslow<\/h2>\n<p>Estas necesidades del ser humano podemos adaptarlas a la jerarqu\u00eda de niveles en el \u00e1mbito laboral si tenemos en cuenta las <strong>necesidades de superaci\u00f3n profesional de los empleados<\/strong>.<\/p>\n<ul>\n<li><strong>Salario y condiciones laborales<\/strong>. El sueldo es uno de los elementos m\u00e1s importantes para motivar al empleado. Aplicado a la Pir\u00e1mide de Maslow, este factor <strong>cubre las dos primeras necesidades del ser humano: la fisiol\u00f3gica y la seguridad<\/strong>. Si el salario del trabajador no le permite cubrir estas dos etapas, el empleado no estar\u00e1 motivado. Por otra parte, la flexibilidad y las condiciones de trabajo deben ofrecerle al empleado la seguridad laboral que necesita para mayor estabilidad.<\/li>\n<\/ul>\n<p>\u00a0<\/p>\n<ul>\n<li><strong>Relaciones interpersonales<\/strong>. Potenciar la cooperaci\u00f3n entre trabajadores aumenta el rendimiento y mejora el clima laboral. Si el equipo est\u00e1 guiado por <a href=\"https:\/\/www.actionproject.es\/en_gb\/blog\/8-habilidades-directivas-ser-un-buen-lider\/\">un buen l\u00edder<\/a> que sabe escuchar a sus empleados y los tiene en cuenta, se fomenta el sentimiento de pertenencia. De este modo, <strong>se consigue satisfacer el nivel de afiliaci\u00f3n o pertenencia a un grupo.<\/strong><\/li>\n<\/ul>\n<p>\u00a0<\/p>\n<ul>\n<li><strong>Reconocimiento laboral<\/strong>. Cuando un equipo funciona, todo fluye; tanto a nivel laboral como personal. Reconocer los m\u00e9ritos de tus empleados les ayuda a <strong>cubrir los niveles de estima y realizaci\u00f3n<\/strong>, as\u00ed como potenciar su motivaci\u00f3n y productividad laboral.<\/li>\n<\/ul>\n<p>\u00a0<\/p>\n<ul>\n<li><strong>Desarrollo profesional<\/strong>. Seguir aprendiendo hace que el trabajador se sienta motivado. Ofrecer el desarrollo profesional adecuado dentro de la empresa <strong>ayuda a satisfacer la necesidad de estima<\/strong>, potencia el conocimiento y la confianza de los empleados.<\/li>\n<\/ul>\n<p>\u00a0<\/p>\n<p>Establecer en la empresa un <strong>sistema de necesidades para la motivaci\u00f3n laboral<\/strong> puede ayudar a alcanzar las metas de la empresa de una forma m\u00e1s satisfactoria. Gracias a la <a href=\"\/en_gb\/servicios\/profesionalizacion-de-la-empresa\/\">profesionalizaci\u00f3n de empresas aplicada a tu negocio,<\/a> tendr\u00e1s a tu disposici\u00f3n el conocimiento para mejorar la organizaci\u00f3n de estas prioridades y <a href=\"https:\/\/www.actionproject.es\/en_gb\/blog\/claves-liderazgo-efectivo-motivar-equipo\/\">aumentar el liderazgo efectivo<\/a>. \u00bfHablamos? Contacta con ActionProject.<\/p>","protected":false},"excerpt":{"rendered":"<p>Si tu responsabilidad es <strong>mantener la motivaci\u00f3n laboral<\/strong> de tu equipo, una de las estrategias recomendadas es conocer las necesidades b\u00e1sica de la Pir\u00e1mide de Maslow. Estos cinco niveles son: necesidades fisiol\u00f3gicas, de protecci\u00f3n, de pertenencia a un grupo, de reconocimiento y de realizaci\u00f3n personal.<\/p>","protected":false},"author":2,"featured_media":1497,"comment_status":"closed","ping_status":"open","sticky":false,"template":"","format":"standard","meta":{"_acf_changed":false,"_joinchat":[],"footnotes":""},"categories":[10],"tags":[139],"class_list":["post-1346","post","type-post","status-publish","format-standard","has-post-thumbnail","hentry","category-estrategia-empresarial","tag-motivacion"],"acf":[],"aioseo_notices":[],"yoast_head":"<!-- This site is optimized with the Yoast SEO plugin v27.3 - https:\/\/yoast.com\/product\/yoast-seo-wordpress\/ -->\n<title>Motivaci\u00f3n personal en el entorno empresarial seg\u00fan la Pir\u00e1mide de Maslow - Action Project<\/title>\n<meta name=\"robots\" content=\"index, follow, max-snippet:-1, max-image-preview:large, max-video-preview:-1\" \/>\n<link rel=\"canonical\" href=\"https:\/\/www.actionproject.es\/en_gb\/blog\/motivacion-personal-en-entorno-empresarial-piramide-maslow\/\" \/>\n<meta property=\"og:locale\" content=\"en_GB\" \/>\n<meta property=\"og:type\" content=\"article\" \/>\n<meta property=\"og:title\" content=\"Motivaci\u00f3n personal en el entorno empresarial seg\u00fan la Pir\u00e1mide de Maslow - Action Project\" \/>\n<meta property=\"og:description\" content=\"Si tu responsabilidad es mantener la motivaci\u00f3n laboral de tu equipo, una de las estrategias recomendadas es conocer las necesidades b\u00e1sica de la Pir\u00e1mide de Maslow. Estos cinco niveles son: necesidades fisiol\u00f3gicas, de protecci\u00f3n, de pertenencia a un grupo, de reconocimiento y de realizaci\u00f3n personal.\" \/>\n<meta property=\"og:url\" content=\"https:\/\/www.actionproject.es\/en_gb\/blog\/motivacion-personal-en-entorno-empresarial-piramide-maslow\/\" \/>\n<meta property=\"og:site_name\" content=\"Action Project\" \/>\n<meta property=\"article:published_time\" content=\"2022-12-20T08:38:33+00:00\" \/>\n<meta property=\"article:modified_time\" content=\"2025-07-02T09:13:10+00:00\" \/>\n<meta property=\"og:image\" content=\"https:\/\/www.actionproject.es\/wp-content\/uploads\/2025\/07\/motivacion-laboral.jpg\" \/>\n\t<meta property=\"og:image:width\" content=\"1200\" \/>\n\t<meta property=\"og:image:height\" content=\"800\" \/>\n\t<meta property=\"og:image:type\" content=\"image\/jpeg\" \/>\n<meta name=\"author\" content=\"Juanma\" \/>\n<meta name=\"twitter:card\" content=\"summary_large_image\" \/>\n<meta name=\"twitter:label1\" content=\"Written by\" \/>\n\t<meta name=\"twitter:data1\" content=\"Juanma\" \/>\n\t<meta name=\"twitter:label2\" content=\"Estimated reading time\" \/>\n\t<meta name=\"twitter:data2\" content=\"2 minutes\" \/>\n<script type=\"application\/ld+json\" class=\"yoast-schema-graph\">{\"@context\":\"https:\\\/\\\/schema.org\",\"@graph\":[{\"@type\":\"Article\",\"@id\":\"https:\\\/\\\/www.actionproject.es\\\/blog\\\/motivacion-personal-en-entorno-empresarial-piramide-maslow\\\/#article\",\"isPartOf\":{\"@id\":\"https:\\\/\\\/www.actionproject.es\\\/blog\\\/motivacion-personal-en-entorno-empresarial-piramide-maslow\\\/\"},\"author\":{\"name\":\"Juanma\",\"@id\":\"https:\\\/\\\/www.actionproject.es\\\/#\\\/schema\\\/person\\\/01aa5bb80cabd3235975fa1fccb16e23\"},\"headline\":\"Motivaci\u00f3n personal en el entorno empresarial seg\u00fan la Pir\u00e1mide de Maslow\",\"datePublished\":\"2022-12-20T08:38:33+00:00\",\"dateModified\":\"2025-07-02T09:13:10+00:00\",\"mainEntityOfPage\":{\"@id\":\"https:\\\/\\\/www.actionproject.es\\\/blog\\\/motivacion-personal-en-entorno-empresarial-piramide-maslow\\\/\"},\"wordCount\":384,\"publisher\":{\"@id\":\"https:\\\/\\\/www.actionproject.es\\\/#organization\"},\"image\":{\"@id\":\"https:\\\/\\\/www.actionproject.es\\\/blog\\\/motivacion-personal-en-entorno-empresarial-piramide-maslow\\\/#primaryimage\"},\"thumbnailUrl\":\"https:\\\/\\\/www.actionproject.es\\\/wp-content\\\/uploads\\\/2025\\\/07\\\/motivacion-laboral.jpg\",\"keywords\":[\"motivaci\u00f3n\"],\"articleSection\":[\"Estrategia empresarial\"],\"inLanguage\":\"en-GB\"},{\"@type\":\"WebPage\",\"@id\":\"https:\\\/\\\/www.actionproject.es\\\/blog\\\/motivacion-personal-en-entorno-empresarial-piramide-maslow\\\/\",\"url\":\"https:\\\/\\\/www.actionproject.es\\\/blog\\\/motivacion-personal-en-entorno-empresarial-piramide-maslow\\\/\",\"name\":\"Motivaci\u00f3n personal en el entorno empresarial seg\u00fan la Pir\u00e1mide de Maslow - Action Project\",\"isPartOf\":{\"@id\":\"https:\\\/\\\/www.actionproject.es\\\/#website\"},\"primaryImageOfPage\":{\"@id\":\"https:\\\/\\\/www.actionproject.es\\\/blog\\\/motivacion-personal-en-entorno-empresarial-piramide-maslow\\\/#primaryimage\"},\"image\":{\"@id\":\"https:\\\/\\\/www.actionproject.es\\\/blog\\\/motivacion-personal-en-entorno-empresarial-piramide-maslow\\\/#primaryimage\"},\"thumbnailUrl\":\"https:\\\/\\\/www.actionproject.es\\\/wp-content\\\/uploads\\\/2025\\\/07\\\/motivacion-laboral.jpg\",\"datePublished\":\"2022-12-20T08:38:33+00:00\",\"dateModified\":\"2025-07-02T09:13:10+00:00\",\"breadcrumb\":{\"@id\":\"https:\\\/\\\/www.actionproject.es\\\/blog\\\/motivacion-personal-en-entorno-empresarial-piramide-maslow\\\/#breadcrumb\"},\"inLanguage\":\"en-GB\",\"potentialAction\":[{\"@type\":\"ReadAction\",\"target\":[\"https:\\\/\\\/www.actionproject.es\\\/blog\\\/motivacion-personal-en-entorno-empresarial-piramide-maslow\\\/\"]}]},{\"@type\":\"ImageObject\",\"inLanguage\":\"en-GB\",\"@id\":\"https:\\\/\\\/www.actionproject.es\\\/blog\\\/motivacion-personal-en-entorno-empresarial-piramide-maslow\\\/#primaryimage\",\"url\":\"https:\\\/\\\/www.actionproject.es\\\/wp-content\\\/uploads\\\/2025\\\/07\\\/motivacion-laboral.jpg\",\"contentUrl\":\"https:\\\/\\\/www.actionproject.es\\\/wp-content\\\/uploads\\\/2025\\\/07\\\/motivacion-laboral.jpg\",\"width\":1200,\"height\":800},{\"@type\":\"BreadcrumbList\",\"@id\":\"https:\\\/\\\/www.actionproject.es\\\/blog\\\/motivacion-personal-en-entorno-empresarial-piramide-maslow\\\/#breadcrumb\",\"itemListElement\":[{\"@type\":\"ListItem\",\"position\":1,\"name\":\"Portada\",\"item\":\"https:\\\/\\\/www.actionproject.es\\\/\"},{\"@type\":\"ListItem\",\"position\":2,\"name\":\"Motivaci\u00f3n personal en el entorno empresarial seg\u00fan la Pir\u00e1mide de Maslow\"}]},{\"@type\":\"WebSite\",\"@id\":\"https:\\\/\\\/www.actionproject.es\\\/#website\",\"url\":\"https:\\\/\\\/www.actionproject.es\\\/\",\"name\":\"Action Project\",\"description\":\"\",\"publisher\":{\"@id\":\"https:\\\/\\\/www.actionproject.es\\\/#organization\"},\"potentialAction\":[{\"@type\":\"SearchAction\",\"target\":{\"@type\":\"EntryPoint\",\"urlTemplate\":\"https:\\\/\\\/www.actionproject.es\\\/?s={search_term_string}\"},\"query-input\":{\"@type\":\"PropertyValueSpecification\",\"valueRequired\":true,\"valueName\":\"search_term_string\"}}],\"inLanguage\":\"en-GB\"},{\"@type\":\"Organization\",\"@id\":\"https:\\\/\\\/www.actionproject.es\\\/#organization\",\"name\":\"Action Project\",\"url\":\"https:\\\/\\\/www.actionproject.es\\\/\",\"logo\":{\"@type\":\"ImageObject\",\"inLanguage\":\"en-GB\",\"@id\":\"https:\\\/\\\/www.actionproject.es\\\/#\\\/schema\\\/logo\\\/image\\\/\",\"url\":\"https:\\\/\\\/www.actionproject.es\\\/wp-content\\\/uploads\\\/2025\\\/02\\\/favicon-action.png\",\"contentUrl\":\"https:\\\/\\\/www.actionproject.es\\\/wp-content\\\/uploads\\\/2025\\\/02\\\/favicon-action.png\",\"width\":512,\"height\":512,\"caption\":\"Action Project\"},\"image\":{\"@id\":\"https:\\\/\\\/www.actionproject.es\\\/#\\\/schema\\\/logo\\\/image\\\/\"}},{\"@type\":\"Person\",\"@id\":\"https:\\\/\\\/www.actionproject.es\\\/#\\\/schema\\\/person\\\/01aa5bb80cabd3235975fa1fccb16e23\",\"name\":\"Juanma\",\"image\":{\"@type\":\"ImageObject\",\"inLanguage\":\"en-GB\",\"@id\":\"https:\\\/\\\/secure.gravatar.com\\\/avatar\\\/85f0c3c9ba6a2b2ba51b0df3346eaf50cafa606989920561324eac0dd1c938f4?s=96&d=mm&r=g\",\"url\":\"https:\\\/\\\/secure.gravatar.com\\\/avatar\\\/85f0c3c9ba6a2b2ba51b0df3346eaf50cafa606989920561324eac0dd1c938f4?s=96&d=mm&r=g\",\"contentUrl\":\"https:\\\/\\\/secure.gravatar.com\\\/avatar\\\/85f0c3c9ba6a2b2ba51b0df3346eaf50cafa606989920561324eac0dd1c938f4?s=96&d=mm&r=g\",\"caption\":\"Juanma\"},\"url\":\"https:\\\/\\\/www.actionproject.es\\\/en_gb\\\/blog\\\/author\\\/juanma\\\/\"}]}<\/script>\n<!-- \/ Yoast SEO plugin. -->","yoast_head_json":{"title":"Motivaci\u00f3n personal en el entorno empresarial seg\u00fan la Pir\u00e1mide de Maslow - Action Project","robots":{"index":"index","follow":"follow","max-snippet":"max-snippet:-1","max-image-preview":"max-image-preview:large","max-video-preview":"max-video-preview:-1"},"canonical":"https:\/\/www.actionproject.es\/en_gb\/blog\/motivacion-personal-en-entorno-empresarial-piramide-maslow\/","og_locale":"en_GB","og_type":"article","og_title":"Motivaci\u00f3n personal en el entorno empresarial seg\u00fan la Pir\u00e1mide de Maslow - Action Project","og_description":"Si tu responsabilidad es mantener la motivaci\u00f3n laboral de tu equipo, una de las estrategias recomendadas es conocer las necesidades b\u00e1sica de la Pir\u00e1mide de Maslow. Estos cinco niveles son: necesidades fisiol\u00f3gicas, de protecci\u00f3n, de pertenencia a un grupo, de reconocimiento y de realizaci\u00f3n personal.","og_url":"https:\/\/www.actionproject.es\/en_gb\/blog\/motivacion-personal-en-entorno-empresarial-piramide-maslow\/","og_site_name":"Action Project","article_published_time":"2022-12-20T08:38:33+00:00","article_modified_time":"2025-07-02T09:13:10+00:00","og_image":[{"width":1200,"height":800,"url":"https:\/\/www.actionproject.es\/wp-content\/uploads\/2025\/07\/motivacion-laboral.jpg","type":"image\/jpeg"}],"author":"Juanma","twitter_card":"summary_large_image","twitter_misc":{"Written by":"Juanma","Estimated reading time":"2 minutes"},"schema":{"@context":"https:\/\/schema.org","@graph":[{"@type":"Article","@id":"https:\/\/www.actionproject.es\/blog\/motivacion-personal-en-entorno-empresarial-piramide-maslow\/#article","isPartOf":{"@id":"https:\/\/www.actionproject.es\/blog\/motivacion-personal-en-entorno-empresarial-piramide-maslow\/"},"author":{"name":"Juanma","@id":"https:\/\/www.actionproject.es\/#\/schema\/person\/01aa5bb80cabd3235975fa1fccb16e23"},"headline":"Motivaci\u00f3n personal en el entorno empresarial seg\u00fan la Pir\u00e1mide de Maslow","datePublished":"2022-12-20T08:38:33+00:00","dateModified":"2025-07-02T09:13:10+00:00","mainEntityOfPage":{"@id":"https:\/\/www.actionproject.es\/blog\/motivacion-personal-en-entorno-empresarial-piramide-maslow\/"},"wordCount":384,"publisher":{"@id":"https:\/\/www.actionproject.es\/#organization"},"image":{"@id":"https:\/\/www.actionproject.es\/blog\/motivacion-personal-en-entorno-empresarial-piramide-maslow\/#primaryimage"},"thumbnailUrl":"https:\/\/www.actionproject.es\/wp-content\/uploads\/2025\/07\/motivacion-laboral.jpg","keywords":["motivaci\u00f3n"],"articleSection":["Estrategia empresarial"],"inLanguage":"en-GB"},{"@type":"WebPage","@id":"https:\/\/www.actionproject.es\/blog\/motivacion-personal-en-entorno-empresarial-piramide-maslow\/","url":"https:\/\/www.actionproject.es\/blog\/motivacion-personal-en-entorno-empresarial-piramide-maslow\/","name":"Motivaci\u00f3n personal en el entorno empresarial seg\u00fan la Pir\u00e1mide de Maslow - Action Project","isPartOf":{"@id":"https:\/\/www.actionproject.es\/#website"},"primaryImageOfPage":{"@id":"https:\/\/www.actionproject.es\/blog\/motivacion-personal-en-entorno-empresarial-piramide-maslow\/#primaryimage"},"image":{"@id":"https:\/\/www.actionproject.es\/blog\/motivacion-personal-en-entorno-empresarial-piramide-maslow\/#primaryimage"},"thumbnailUrl":"https:\/\/www.actionproject.es\/wp-content\/uploads\/2025\/07\/motivacion-laboral.jpg","datePublished":"2022-12-20T08:38:33+00:00","dateModified":"2025-07-02T09:13:10+00:00","breadcrumb":{"@id":"https:\/\/www.actionproject.es\/blog\/motivacion-personal-en-entorno-empresarial-piramide-maslow\/#breadcrumb"},"inLanguage":"en-GB","potentialAction":[{"@type":"ReadAction","target":["https:\/\/www.actionproject.es\/blog\/motivacion-personal-en-entorno-empresarial-piramide-maslow\/"]}]},{"@type":"ImageObject","inLanguage":"en-GB","@id":"https:\/\/www.actionproject.es\/blog\/motivacion-personal-en-entorno-empresarial-piramide-maslow\/#primaryimage","url":"https:\/\/www.actionproject.es\/wp-content\/uploads\/2025\/07\/motivacion-laboral.jpg","contentUrl":"https:\/\/www.actionproject.es\/wp-content\/uploads\/2025\/07\/motivacion-laboral.jpg","width":1200,"height":800},{"@type":"BreadcrumbList","@id":"https:\/\/www.actionproject.es\/blog\/motivacion-personal-en-entorno-empresarial-piramide-maslow\/#breadcrumb","itemListElement":[{"@type":"ListItem","position":1,"name":"Portada","item":"https:\/\/www.actionproject.es\/"},{"@type":"ListItem","position":2,"name":"Motivaci\u00f3n personal en el entorno empresarial seg\u00fan la Pir\u00e1mide de Maslow"}]},{"@type":"WebSite","@id":"https:\/\/www.actionproject.es\/#website","url":"https:\/\/www.actionproject.es\/","name":"Action Project","description":"","publisher":{"@id":"https:\/\/www.actionproject.es\/#organization"},"potentialAction":[{"@type":"SearchAction","target":{"@type":"EntryPoint","urlTemplate":"https:\/\/www.actionproject.es\/?s={search_term_string}"},"query-input":{"@type":"PropertyValueSpecification","valueRequired":true,"valueName":"search_term_string"}}],"inLanguage":"en-GB"},{"@type":"Organization","@id":"https:\/\/www.actionproject.es\/#organization","name":"Action Project","url":"https:\/\/www.actionproject.es\/","logo":{"@type":"ImageObject","inLanguage":"en-GB","@id":"https:\/\/www.actionproject.es\/#\/schema\/logo\/image\/","url":"https:\/\/www.actionproject.es\/wp-content\/uploads\/2025\/02\/favicon-action.png","contentUrl":"https:\/\/www.actionproject.es\/wp-content\/uploads\/2025\/02\/favicon-action.png","width":512,"height":512,"caption":"Action Project"},"image":{"@id":"https:\/\/www.actionproject.es\/#\/schema\/logo\/image\/"}},{"@type":"Person","@id":"https:\/\/www.actionproject.es\/#\/schema\/person\/01aa5bb80cabd3235975fa1fccb16e23","name":"Juanma","image":{"@type":"ImageObject","inLanguage":"en-GB","@id":"https:\/\/secure.gravatar.com\/avatar\/85f0c3c9ba6a2b2ba51b0df3346eaf50cafa606989920561324eac0dd1c938f4?s=96&d=mm&r=g","url":"https:\/\/secure.gravatar.com\/avatar\/85f0c3c9ba6a2b2ba51b0df3346eaf50cafa606989920561324eac0dd1c938f4?s=96&d=mm&r=g","contentUrl":"https:\/\/secure.gravatar.com\/avatar\/85f0c3c9ba6a2b2ba51b0df3346eaf50cafa606989920561324eac0dd1c938f4?s=96&d=mm&r=g","caption":"Juanma"},"url":"https:\/\/www.actionproject.es\/en_gb\/blog\/author\/juanma\/"}]}},"_links":{"self":[{"href":"https:\/\/www.actionproject.es\/en_gb\/wp-json\/wp\/v2\/posts\/1346","targetHints":{"allow":["GET"]}}],"collection":[{"href":"https:\/\/www.actionproject.es\/en_gb\/wp-json\/wp\/v2\/posts"}],"about":[{"href":"https:\/\/www.actionproject.es\/en_gb\/wp-json\/wp\/v2\/types\/post"}],"author":[{"embeddable":true,"href":"https:\/\/www.actionproject.es\/en_gb\/wp-json\/wp\/v2\/users\/2"}],"replies":[{"embeddable":true,"href":"https:\/\/www.actionproject.es\/en_gb\/wp-json\/wp\/v2\/comments?post=1346"}],"version-history":[{"count":2,"href":"https:\/\/www.actionproject.es\/en_gb\/wp-json\/wp\/v2\/posts\/1346\/revisions"}],"predecessor-version":[{"id":1693,"href":"https:\/\/www.actionproject.es\/en_gb\/wp-json\/wp\/v2\/posts\/1346\/revisions\/1693"}],"wp:featuredmedia":[{"embeddable":true,"href":"https:\/\/www.actionproject.es\/en_gb\/wp-json\/wp\/v2\/media\/1497"}],"wp:attachment":[{"href":"https:\/\/www.actionproject.es\/en_gb\/wp-json\/wp\/v2\/media?parent=1346"}],"wp:term":[{"taxonomy":"category","embeddable":true,"href":"https:\/\/www.actionproject.es\/en_gb\/wp-json\/wp\/v2\/categories?post=1346"},{"taxonomy":"post_tag","embeddable":true,"href":"https:\/\/www.actionproject.es\/en_gb\/wp-json\/wp\/v2\/tags?post=1346"}],"curies":[{"name":"wp","href":"https:\/\/api.w.org\/{rel}","templated":true}]}}