{"id":1347,"date":"2023-01-31T09:48:50","date_gmt":"2023-01-31T08:48:50","guid":{"rendered":"https:\/\/www.actionproject.es\/blog\/que-es-cohesion-grupal-como-desarrollarla-trabajo\/"},"modified":"2025-07-02T11:13:11","modified_gmt":"2025-07-02T09:13:11","slug":"que-es-cohesion-grupal-como-desarrollarla-trabajo","status":"publish","type":"post","link":"https:\/\/www.actionproject.es\/en_gb\/blog\/que-es-cohesion-grupal-como-desarrollarla-trabajo\/","title":{"rendered":"\u00bfQu\u00e9 es cohesi\u00f3n grupal y c\u00f3mo desarrollarla en el trabajo?"},"content":{"rendered":"<p>Para entender qu\u00e9 es la cohesi\u00f3n grupal debemos poner el foco en la <strong>capacidad de uni\u00f3n de un grupo<\/strong> determinado que se al\u00eda para conseguir un mismo objetivo.<\/p>\n<p>\u00a0<\/p>\n<h2>\u00bfC\u00f3mo se puede desarrollar la cohesi\u00f3n grupal?<\/h2>\n<p>Para alcanzar esas ventajas en un equipo de trabajo es importante fomentar la <a href=\"\/en_gb\/servicios\/profesionalizacion-de-la-empresa\/\">profesionalizaci\u00f3n de empresas<\/a>. Algunos de estos puntos clave que ofrecen <strong>mejores resultados para la cohesi\u00f3n grupal son<\/strong>:<\/p>\n<ul>\n<li><a href=\"https:\/\/www.actionproject.es\/en_gb\/blog\/liderazgo-empresarial-beneficios\/\"><strong>Liderazgo empresarial<\/strong><\/a><strong> compartido<\/strong>. Que sea compartido no quiere decir que no exista un l\u00edder dentro del equipo. Sino que la <strong>toma de<\/strong> <strong>decisiones se realice en consenso<\/strong>, mientras que el papel del l\u00edder se centrar\u00e1 en la gesti\u00f3n y supervisi\u00f3n de tareas.<\/li>\n<\/ul>\n<p>\u00a0<\/p>\n<ul>\n<li><strong>Adaptabilidad<\/strong>. Cuando los miembros de un equipo presentan mayor flexibilidad, implica una <strong>mayor cohesi\u00f3n de grupo<\/strong>. La posibilidad de conciliaci\u00f3n familiar ayuda a mejorar esa flexibilidad.<\/li>\n<\/ul>\n<p>\u00a0<\/p>\n<ul>\n<li><strong>Comunicaci\u00f3n<\/strong>. Crear espacios en los que se fomenta la comunicaci\u00f3n donde los miembros puedan expresarse de manera libre. De esta forma, se pueden dar a conocer ideas de valor y debatirlas y <strong>se fomenta la integraci\u00f3n y cohesi\u00f3n del grupo<\/strong>.<\/li>\n<\/ul>\n<p>\u00a0<\/p>\n<ul>\n<li><strong>Evaluaci\u00f3n continuada<\/strong>. Al realizar una evaluaci\u00f3n de manera tanto individual como grupal, aumenta el compromiso con el proyecto y con el resto de compa\u00f1eros. As\u00ed, no solo <strong>mejora el rendimiento, sino tambi\u00e9n la cohesi\u00f3n grupal<\/strong>. La idea es pensar en equipo y no de manera unilateral.<\/li>\n<\/ul>\n<p>\u00a0<\/p>\n<h2>Beneficios de fomentar la cohesi\u00f3n de grupo para la empresa<\/h2>\n<p>Que un equipo de trabajo funcione de manera m\u00e1s coordinada conlleva un <strong>desarrollo de la cohesi\u00f3n grupal y arroja ventajas como<\/strong>:<\/p>\n<ul>\n<li>Mejorar el estado de <strong>bienestar laboral<\/strong>, que deriva en motivaci\u00f3n del empleado.<\/li>\n<li><strong>Alcanzar los objetivos<\/strong> de forma m\u00e1s eficaz a trav\u00e9s del trabajo en equipo.<\/li>\n<li>Aumentar la <strong>productividad<\/strong><\/li>\n<li><strong>Disminuir los \u00edndices de estr\u00e9s<\/strong> en el trabajo gracias a la flexibilidad y apoyo de cada miembro.<\/li>\n<li>Conseguir mayor <strong>capacidad de resoluci\u00f3n<\/strong> gracias a la comunicaci\u00f3n de grupo.<\/li>\n<\/ul>\n<p>\u00a0<\/p>\n<p>In <strong>ActionProject<\/strong> ayudamos a los negocios en el <a href=\"\/en_gb\/servicios\/desarrollo-directivo\/\">desarrollo empresarial<\/a> para su consolidaci\u00f3n y crecimiento. \u00bfNecesitas una <a href=\"https:\/\/www.actionproject.es\/en_gb\/\">consultor\u00eda estrat\u00e9gica<\/a> para tu empresa? Cont\u00e1ctanos.<\/p>","protected":false},"excerpt":{"rendered":"<p>\u00bfTe imaginas un veh\u00edculo en el que cada pieza no encajase? Claro que no, porque es imposible que arrancase siquiera. Igual pasa con un equipo de trabajo. Para que funcione de manera eficiente es importante que exista una <strong>cohesi\u00f3n grupal<\/strong>. La idea es que el rendimiento del equipo funcione como un engranaje.<\/p>","protected":false},"author":2,"featured_media":1406,"comment_status":"closed","ping_status":"open","sticky":false,"template":"","format":"standard","meta":{"_acf_changed":false,"_joinchat":[],"footnotes":""},"categories":[10],"tags":[239,101,220],"class_list":["post-1347","post","type-post","status-publish","format-standard","has-post-thumbnail","hentry","category-estrategia-empresarial","tag-cohesion-grupal","tag-desarrollo-de-proyectos","tag-empresa"],"acf":[],"aioseo_notices":[],"yoast_head":"<!-- This site is optimized with the Yoast SEO plugin v27.3 - https:\/\/yoast.com\/product\/yoast-seo-wordpress\/ -->\n<title>\u00bfQu\u00e9 es cohesi\u00f3n grupal y c\u00f3mo desarrollarla en el trabajo? - Action Project<\/title>\n<meta name=\"robots\" content=\"index, follow, max-snippet:-1, max-image-preview:large, max-video-preview:-1\" \/>\n<link rel=\"canonical\" href=\"https:\/\/www.actionproject.es\/en_gb\/blog\/que-es-cohesion-grupal-como-desarrollarla-trabajo\/\" \/>\n<meta property=\"og:locale\" content=\"en_GB\" \/>\n<meta property=\"og:type\" content=\"article\" \/>\n<meta property=\"og:title\" content=\"\u00bfQu\u00e9 es cohesi\u00f3n grupal y c\u00f3mo desarrollarla en el trabajo? - Action Project\" \/>\n<meta property=\"og:description\" content=\"\u00bfTe imaginas un veh\u00edculo en el que cada pieza no encajase? Claro que no, porque es imposible que arrancase siquiera. Igual pasa con un equipo de trabajo. Para que funcione de manera eficiente es importante que exista una cohesi\u00f3n grupal. La idea es que el rendimiento del equipo funcione como un engranaje.\" \/>\n<meta property=\"og:url\" content=\"https:\/\/www.actionproject.es\/en_gb\/blog\/que-es-cohesion-grupal-como-desarrollarla-trabajo\/\" \/>\n<meta property=\"og:site_name\" content=\"Action Project\" \/>\n<meta property=\"article:published_time\" content=\"2023-01-31T08:48:50+00:00\" \/>\n<meta property=\"article:modified_time\" content=\"2025-07-02T09:13:11+00:00\" \/>\n<meta property=\"og:image\" content=\"https:\/\/www.actionproject.es\/wp-content\/uploads\/2025\/07\/cohesion-grupal-empresarial.jpg\" \/>\n\t<meta property=\"og:image:width\" content=\"1200\" \/>\n\t<meta property=\"og:image:height\" content=\"800\" \/>\n\t<meta property=\"og:image:type\" content=\"image\/jpeg\" \/>\n<meta name=\"author\" content=\"Juanma\" \/>\n<meta name=\"twitter:card\" content=\"summary_large_image\" \/>\n<meta name=\"twitter:label1\" content=\"Written by\" \/>\n\t<meta name=\"twitter:data1\" content=\"Juanma\" \/>\n\t<meta name=\"twitter:label2\" content=\"Estimated reading time\" \/>\n\t<meta name=\"twitter:data2\" content=\"2 minutes\" \/>\n<script type=\"application\/ld+json\" class=\"yoast-schema-graph\">{\"@context\":\"https:\\\/\\\/schema.org\",\"@graph\":[{\"@type\":\"Article\",\"@id\":\"https:\\\/\\\/www.actionproject.es\\\/blog\\\/que-es-cohesion-grupal-como-desarrollarla-trabajo\\\/#article\",\"isPartOf\":{\"@id\":\"https:\\\/\\\/www.actionproject.es\\\/blog\\\/que-es-cohesion-grupal-como-desarrollarla-trabajo\\\/\"},\"author\":{\"name\":\"Juanma\",\"@id\":\"https:\\\/\\\/www.actionproject.es\\\/#\\\/schema\\\/person\\\/01aa5bb80cabd3235975fa1fccb16e23\"},\"headline\":\"\u00bfQu\u00e9 es cohesi\u00f3n grupal y c\u00f3mo desarrollarla en el trabajo?\",\"datePublished\":\"2023-01-31T08:48:50+00:00\",\"dateModified\":\"2025-07-02T09:13:11+00:00\",\"mainEntityOfPage\":{\"@id\":\"https:\\\/\\\/www.actionproject.es\\\/blog\\\/que-es-cohesion-grupal-como-desarrollarla-trabajo\\\/\"},\"wordCount\":376,\"publisher\":{\"@id\":\"https:\\\/\\\/www.actionproject.es\\\/#organization\"},\"image\":{\"@id\":\"https:\\\/\\\/www.actionproject.es\\\/blog\\\/que-es-cohesion-grupal-como-desarrollarla-trabajo\\\/#primaryimage\"},\"thumbnailUrl\":\"https:\\\/\\\/www.actionproject.es\\\/wp-content\\\/uploads\\\/2025\\\/07\\\/cohesion-grupal-empresarial.jpg\",\"keywords\":[\"Cohesi\u00f3n grupal\",\"desarrollo de proyectos\",\"empresa\"],\"articleSection\":[\"Estrategia empresarial\"],\"inLanguage\":\"en-GB\"},{\"@type\":\"WebPage\",\"@id\":\"https:\\\/\\\/www.actionproject.es\\\/blog\\\/que-es-cohesion-grupal-como-desarrollarla-trabajo\\\/\",\"url\":\"https:\\\/\\\/www.actionproject.es\\\/blog\\\/que-es-cohesion-grupal-como-desarrollarla-trabajo\\\/\",\"name\":\"\u00bfQu\u00e9 es cohesi\u00f3n grupal y c\u00f3mo desarrollarla en el trabajo? - Action Project\",\"isPartOf\":{\"@id\":\"https:\\\/\\\/www.actionproject.es\\\/#website\"},\"primaryImageOfPage\":{\"@id\":\"https:\\\/\\\/www.actionproject.es\\\/blog\\\/que-es-cohesion-grupal-como-desarrollarla-trabajo\\\/#primaryimage\"},\"image\":{\"@id\":\"https:\\\/\\\/www.actionproject.es\\\/blog\\\/que-es-cohesion-grupal-como-desarrollarla-trabajo\\\/#primaryimage\"},\"thumbnailUrl\":\"https:\\\/\\\/www.actionproject.es\\\/wp-content\\\/uploads\\\/2025\\\/07\\\/cohesion-grupal-empresarial.jpg\",\"datePublished\":\"2023-01-31T08:48:50+00:00\",\"dateModified\":\"2025-07-02T09:13:11+00:00\",\"breadcrumb\":{\"@id\":\"https:\\\/\\\/www.actionproject.es\\\/blog\\\/que-es-cohesion-grupal-como-desarrollarla-trabajo\\\/#breadcrumb\"},\"inLanguage\":\"en-GB\",\"potentialAction\":[{\"@type\":\"ReadAction\",\"target\":[\"https:\\\/\\\/www.actionproject.es\\\/blog\\\/que-es-cohesion-grupal-como-desarrollarla-trabajo\\\/\"]}]},{\"@type\":\"ImageObject\",\"inLanguage\":\"en-GB\",\"@id\":\"https:\\\/\\\/www.actionproject.es\\\/blog\\\/que-es-cohesion-grupal-como-desarrollarla-trabajo\\\/#primaryimage\",\"url\":\"https:\\\/\\\/www.actionproject.es\\\/wp-content\\\/uploads\\\/2025\\\/07\\\/cohesion-grupal-empresarial.jpg\",\"contentUrl\":\"https:\\\/\\\/www.actionproject.es\\\/wp-content\\\/uploads\\\/2025\\\/07\\\/cohesion-grupal-empresarial.jpg\",\"width\":1200,\"height\":800},{\"@type\":\"BreadcrumbList\",\"@id\":\"https:\\\/\\\/www.actionproject.es\\\/blog\\\/que-es-cohesion-grupal-como-desarrollarla-trabajo\\\/#breadcrumb\",\"itemListElement\":[{\"@type\":\"ListItem\",\"position\":1,\"name\":\"Portada\",\"item\":\"https:\\\/\\\/www.actionproject.es\\\/\"},{\"@type\":\"ListItem\",\"position\":2,\"name\":\"\u00bfQu\u00e9 es cohesi\u00f3n grupal y c\u00f3mo desarrollarla en el trabajo?\"}]},{\"@type\":\"WebSite\",\"@id\":\"https:\\\/\\\/www.actionproject.es\\\/#website\",\"url\":\"https:\\\/\\\/www.actionproject.es\\\/\",\"name\":\"Action Project\",\"description\":\"\",\"publisher\":{\"@id\":\"https:\\\/\\\/www.actionproject.es\\\/#organization\"},\"potentialAction\":[{\"@type\":\"SearchAction\",\"target\":{\"@type\":\"EntryPoint\",\"urlTemplate\":\"https:\\\/\\\/www.actionproject.es\\\/?s={search_term_string}\"},\"query-input\":{\"@type\":\"PropertyValueSpecification\",\"valueRequired\":true,\"valueName\":\"search_term_string\"}}],\"inLanguage\":\"en-GB\"},{\"@type\":\"Organization\",\"@id\":\"https:\\\/\\\/www.actionproject.es\\\/#organization\",\"name\":\"Action Project\",\"url\":\"https:\\\/\\\/www.actionproject.es\\\/\",\"logo\":{\"@type\":\"ImageObject\",\"inLanguage\":\"en-GB\",\"@id\":\"https:\\\/\\\/www.actionproject.es\\\/#\\\/schema\\\/logo\\\/image\\\/\",\"url\":\"https:\\\/\\\/www.actionproject.es\\\/wp-content\\\/uploads\\\/2025\\\/02\\\/favicon-action.png\",\"contentUrl\":\"https:\\\/\\\/www.actionproject.es\\\/wp-content\\\/uploads\\\/2025\\\/02\\\/favicon-action.png\",\"width\":512,\"height\":512,\"caption\":\"Action Project\"},\"image\":{\"@id\":\"https:\\\/\\\/www.actionproject.es\\\/#\\\/schema\\\/logo\\\/image\\\/\"}},{\"@type\":\"Person\",\"@id\":\"https:\\\/\\\/www.actionproject.es\\\/#\\\/schema\\\/person\\\/01aa5bb80cabd3235975fa1fccb16e23\",\"name\":\"Juanma\",\"image\":{\"@type\":\"ImageObject\",\"inLanguage\":\"en-GB\",\"@id\":\"https:\\\/\\\/secure.gravatar.com\\\/avatar\\\/85f0c3c9ba6a2b2ba51b0df3346eaf50cafa606989920561324eac0dd1c938f4?s=96&d=mm&r=g\",\"url\":\"https:\\\/\\\/secure.gravatar.com\\\/avatar\\\/85f0c3c9ba6a2b2ba51b0df3346eaf50cafa606989920561324eac0dd1c938f4?s=96&d=mm&r=g\",\"contentUrl\":\"https:\\\/\\\/secure.gravatar.com\\\/avatar\\\/85f0c3c9ba6a2b2ba51b0df3346eaf50cafa606989920561324eac0dd1c938f4?s=96&d=mm&r=g\",\"caption\":\"Juanma\"},\"url\":\"https:\\\/\\\/www.actionproject.es\\\/en_gb\\\/blog\\\/author\\\/juanma\\\/\"}]}<\/script>\n<!-- \/ Yoast SEO plugin. -->","yoast_head_json":{"title":"\u00bfQu\u00e9 es cohesi\u00f3n grupal y c\u00f3mo desarrollarla en el trabajo? - Action Project","robots":{"index":"index","follow":"follow","max-snippet":"max-snippet:-1","max-image-preview":"max-image-preview:large","max-video-preview":"max-video-preview:-1"},"canonical":"https:\/\/www.actionproject.es\/en_gb\/blog\/que-es-cohesion-grupal-como-desarrollarla-trabajo\/","og_locale":"en_GB","og_type":"article","og_title":"\u00bfQu\u00e9 es cohesi\u00f3n grupal y c\u00f3mo desarrollarla en el trabajo? - Action Project","og_description":"\u00bfTe imaginas un veh\u00edculo en el que cada pieza no encajase? Claro que no, porque es imposible que arrancase siquiera. Igual pasa con un equipo de trabajo. Para que funcione de manera eficiente es importante que exista una cohesi\u00f3n grupal. La idea es que el rendimiento del equipo funcione como un engranaje.","og_url":"https:\/\/www.actionproject.es\/en_gb\/blog\/que-es-cohesion-grupal-como-desarrollarla-trabajo\/","og_site_name":"Action Project","article_published_time":"2023-01-31T08:48:50+00:00","article_modified_time":"2025-07-02T09:13:11+00:00","og_image":[{"width":1200,"height":800,"url":"https:\/\/www.actionproject.es\/wp-content\/uploads\/2025\/07\/cohesion-grupal-empresarial.jpg","type":"image\/jpeg"}],"author":"Juanma","twitter_card":"summary_large_image","twitter_misc":{"Written by":"Juanma","Estimated reading time":"2 minutes"},"schema":{"@context":"https:\/\/schema.org","@graph":[{"@type":"Article","@id":"https:\/\/www.actionproject.es\/blog\/que-es-cohesion-grupal-como-desarrollarla-trabajo\/#article","isPartOf":{"@id":"https:\/\/www.actionproject.es\/blog\/que-es-cohesion-grupal-como-desarrollarla-trabajo\/"},"author":{"name":"Juanma","@id":"https:\/\/www.actionproject.es\/#\/schema\/person\/01aa5bb80cabd3235975fa1fccb16e23"},"headline":"\u00bfQu\u00e9 es cohesi\u00f3n grupal y c\u00f3mo desarrollarla en el trabajo?","datePublished":"2023-01-31T08:48:50+00:00","dateModified":"2025-07-02T09:13:11+00:00","mainEntityOfPage":{"@id":"https:\/\/www.actionproject.es\/blog\/que-es-cohesion-grupal-como-desarrollarla-trabajo\/"},"wordCount":376,"publisher":{"@id":"https:\/\/www.actionproject.es\/#organization"},"image":{"@id":"https:\/\/www.actionproject.es\/blog\/que-es-cohesion-grupal-como-desarrollarla-trabajo\/#primaryimage"},"thumbnailUrl":"https:\/\/www.actionproject.es\/wp-content\/uploads\/2025\/07\/cohesion-grupal-empresarial.jpg","keywords":["Cohesi\u00f3n grupal","desarrollo de proyectos","empresa"],"articleSection":["Estrategia empresarial"],"inLanguage":"en-GB"},{"@type":"WebPage","@id":"https:\/\/www.actionproject.es\/blog\/que-es-cohesion-grupal-como-desarrollarla-trabajo\/","url":"https:\/\/www.actionproject.es\/blog\/que-es-cohesion-grupal-como-desarrollarla-trabajo\/","name":"\u00bfQu\u00e9 es cohesi\u00f3n grupal y c\u00f3mo desarrollarla en el trabajo? - Action Project","isPartOf":{"@id":"https:\/\/www.actionproject.es\/#website"},"primaryImageOfPage":{"@id":"https:\/\/www.actionproject.es\/blog\/que-es-cohesion-grupal-como-desarrollarla-trabajo\/#primaryimage"},"image":{"@id":"https:\/\/www.actionproject.es\/blog\/que-es-cohesion-grupal-como-desarrollarla-trabajo\/#primaryimage"},"thumbnailUrl":"https:\/\/www.actionproject.es\/wp-content\/uploads\/2025\/07\/cohesion-grupal-empresarial.jpg","datePublished":"2023-01-31T08:48:50+00:00","dateModified":"2025-07-02T09:13:11+00:00","breadcrumb":{"@id":"https:\/\/www.actionproject.es\/blog\/que-es-cohesion-grupal-como-desarrollarla-trabajo\/#breadcrumb"},"inLanguage":"en-GB","potentialAction":[{"@type":"ReadAction","target":["https:\/\/www.actionproject.es\/blog\/que-es-cohesion-grupal-como-desarrollarla-trabajo\/"]}]},{"@type":"ImageObject","inLanguage":"en-GB","@id":"https:\/\/www.actionproject.es\/blog\/que-es-cohesion-grupal-como-desarrollarla-trabajo\/#primaryimage","url":"https:\/\/www.actionproject.es\/wp-content\/uploads\/2025\/07\/cohesion-grupal-empresarial.jpg","contentUrl":"https:\/\/www.actionproject.es\/wp-content\/uploads\/2025\/07\/cohesion-grupal-empresarial.jpg","width":1200,"height":800},{"@type":"BreadcrumbList","@id":"https:\/\/www.actionproject.es\/blog\/que-es-cohesion-grupal-como-desarrollarla-trabajo\/#breadcrumb","itemListElement":[{"@type":"ListItem","position":1,"name":"Portada","item":"https:\/\/www.actionproject.es\/"},{"@type":"ListItem","position":2,"name":"\u00bfQu\u00e9 es cohesi\u00f3n grupal y c\u00f3mo desarrollarla en el trabajo?"}]},{"@type":"WebSite","@id":"https:\/\/www.actionproject.es\/#website","url":"https:\/\/www.actionproject.es\/","name":"Action Project","description":"","publisher":{"@id":"https:\/\/www.actionproject.es\/#organization"},"potentialAction":[{"@type":"SearchAction","target":{"@type":"EntryPoint","urlTemplate":"https:\/\/www.actionproject.es\/?s={search_term_string}"},"query-input":{"@type":"PropertyValueSpecification","valueRequired":true,"valueName":"search_term_string"}}],"inLanguage":"en-GB"},{"@type":"Organization","@id":"https:\/\/www.actionproject.es\/#organization","name":"Action Project","url":"https:\/\/www.actionproject.es\/","logo":{"@type":"ImageObject","inLanguage":"en-GB","@id":"https:\/\/www.actionproject.es\/#\/schema\/logo\/image\/","url":"https:\/\/www.actionproject.es\/wp-content\/uploads\/2025\/02\/favicon-action.png","contentUrl":"https:\/\/www.actionproject.es\/wp-content\/uploads\/2025\/02\/favicon-action.png","width":512,"height":512,"caption":"Action Project"},"image":{"@id":"https:\/\/www.actionproject.es\/#\/schema\/logo\/image\/"}},{"@type":"Person","@id":"https:\/\/www.actionproject.es\/#\/schema\/person\/01aa5bb80cabd3235975fa1fccb16e23","name":"Juanma","image":{"@type":"ImageObject","inLanguage":"en-GB","@id":"https:\/\/secure.gravatar.com\/avatar\/85f0c3c9ba6a2b2ba51b0df3346eaf50cafa606989920561324eac0dd1c938f4?s=96&d=mm&r=g","url":"https:\/\/secure.gravatar.com\/avatar\/85f0c3c9ba6a2b2ba51b0df3346eaf50cafa606989920561324eac0dd1c938f4?s=96&d=mm&r=g","contentUrl":"https:\/\/secure.gravatar.com\/avatar\/85f0c3c9ba6a2b2ba51b0df3346eaf50cafa606989920561324eac0dd1c938f4?s=96&d=mm&r=g","caption":"Juanma"},"url":"https:\/\/www.actionproject.es\/en_gb\/blog\/author\/juanma\/"}]}},"_links":{"self":[{"href":"https:\/\/www.actionproject.es\/en_gb\/wp-json\/wp\/v2\/posts\/1347","targetHints":{"allow":["GET"]}}],"collection":[{"href":"https:\/\/www.actionproject.es\/en_gb\/wp-json\/wp\/v2\/posts"}],"about":[{"href":"https:\/\/www.actionproject.es\/en_gb\/wp-json\/wp\/v2\/types\/post"}],"author":[{"embeddable":true,"href":"https:\/\/www.actionproject.es\/en_gb\/wp-json\/wp\/v2\/users\/2"}],"replies":[{"embeddable":true,"href":"https:\/\/www.actionproject.es\/en_gb\/wp-json\/wp\/v2\/comments?post=1347"}],"version-history":[{"count":2,"href":"https:\/\/www.actionproject.es\/en_gb\/wp-json\/wp\/v2\/posts\/1347\/revisions"}],"predecessor-version":[{"id":1694,"href":"https:\/\/www.actionproject.es\/en_gb\/wp-json\/wp\/v2\/posts\/1347\/revisions\/1694"}],"wp:featuredmedia":[{"embeddable":true,"href":"https:\/\/www.actionproject.es\/en_gb\/wp-json\/wp\/v2\/media\/1406"}],"wp:attachment":[{"href":"https:\/\/www.actionproject.es\/en_gb\/wp-json\/wp\/v2\/media?parent=1347"}],"wp:term":[{"taxonomy":"category","embeddable":true,"href":"https:\/\/www.actionproject.es\/en_gb\/wp-json\/wp\/v2\/categories?post=1347"},{"taxonomy":"post_tag","embeddable":true,"href":"https:\/\/www.actionproject.es\/en_gb\/wp-json\/wp\/v2\/tags?post=1347"}],"curies":[{"name":"wp","href":"https:\/\/api.w.org\/{rel}","templated":true}]}}