{"id":1355,"date":"2023-04-18T09:49:30","date_gmt":"2023-04-18T07:49:30","guid":{"rendered":"https:\/\/www.actionproject.es\/blog\/objetivos-empresariales-y-su-importancia\/"},"modified":"2025-07-02T11:13:11","modified_gmt":"2025-07-02T09:13:11","slug":"objetivos-empresariales-y-su-importancia","status":"publish","type":"post","link":"https:\/\/www.actionproject.es\/en_gb\/blog\/objetivos-empresariales-y-su-importancia\/","title":{"rendered":"Qu\u00e9 son los objetivos empresariales y cu\u00e1l es su importancia"},"content":{"rendered":"<p>Los objetivos de una empresa son esos fines que un negocio busca alcanzar a trav\u00e9s de sus operaciones y existencia. Sin embrago, <strong>no hay que confundirlo con las metas<\/strong>, que son el resultado final y general; mientras que los objetivos empresariales se pueden medir y definen el proceso a seguir para alcanzar esas metas.<\/p>\n<p>\u00a0<\/p>\n<h2>Caracter\u00edsticas de los objetivos de empresa<\/h2>\n<ul>\n<li><strong>Temporales<\/strong>. Pueden utilizarse objetivos a corto, medio o largo plazo. Es decir, no pueden ser eternos, sino que debe tener una fecha de fin para evaluar el objetivo y ver si se ha cumplido.<\/li>\n<\/ul>\n<p>\u00a0<\/p>\n<ul>\n<li><strong>Detallados<\/strong>. Lo ideal es que los objetivos empresariales propuestos se presenten de forma clara con sus caracter\u00edsticas y proyecto de ejecuci\u00f3n.<\/li>\n<\/ul>\n<p>\u00a0<\/p>\n<ul>\n<li><strong>Medibles<\/strong>. Se deben establecer objetivos que sean evaluables para poder llevar un registro de los progresos y el estado de desarrollo del objetivo.<\/li>\n<\/ul>\n<p>\u00a0<\/p>\n<ul>\n<li><strong>Reales<\/strong>. Para determinar la realidad de los objetivos hay que tener en cuenta tanto los factores internos de la empresa: la capacidad de desarrollo, las limitaciones, los riesgos, los beneficios\u2026; como los externos: el mercado donde se desarrolla y la situaci\u00f3n econ\u00f3mica.<\/li>\n<\/ul>\n<p>\u00a0<\/p>\n<ul>\n<li><strong>Alcanzables<\/strong>. Esta caracter\u00edstica est\u00e1 muy relacionada con el factor de objetivos reales. Una vez analizadas las variantes, deben mostrar que se puede lograr.<\/li>\n<\/ul>\n<p>\u00a0<\/p>\n<h2>\u00bfQu\u00e9 conseguimos al establecer los objetivos de una empresa?<\/h2>\n<p>Determinar un plan para alcanzar las metas nos arroja grandes beneficios para el negocio. Los <strong>objetivos empresariales tienen que ayudarnos a conseguir esas metas planteadas<\/strong> para nuestra empresa, pero, adem\u00e1s, <strong>tambi\u00e9n contribuyen a<\/strong>:<\/p>\n<ul>\n<li>Desarrollar mejor el <a href=\"https:\/\/www.actionproject.es\/en_gb\/blog\/factores-plan-de-negocio-establecer-objetivos\/\">plan de negocio<\/a>.<\/li>\n<li>Generar una agenda de prioridades que permite encontrar oportunidades.<\/li>\n<li>Establecer un medio de evaluaci\u00f3n con el que medir mejor los resultados y el progreso.<\/li>\n<li>Estimular el compromiso y la <a href=\"https:\/\/www.actionproject.es\/en_gb\/blog\/motivacion-personal-en-entorno-empresarial-piramide-maslow\/\">motivaci\u00f3n personal en el entorno empresarial<\/a>.<\/li>\n<li>Favorecer la coordinaci\u00f3n de las acciones, as\u00ed como la organizaci\u00f3n y control a nivel operativo, t\u00e1ctico y estrat\u00e9gico.<\/li>\n<\/ul>\n<p>Recuerda que conocer el destino antes de emprender el viaje es imprescindible para saber qu\u00e9 camino debemos tomar. <a href=\"\/en_gb\/servicios\/gestion-de-proyectos\/\">Te ayudamos a gestionar tu proyecto empresarial<\/a> para la consolidaci\u00f3n de tu negocio.\u00a0<\/p>","protected":false},"excerpt":{"rendered":"<p>Como cuando nos planteamos nuevos objetivos para el a\u00f1o nuevo, esto mismo es lo que deben realizar los negocios para <strong>entender los procesos y tener la capacidad de medir el crecimiento<\/strong>. Hablamos de los <strong>objetivos empresariales<\/strong>.<\/p>","protected":false},"author":2,"featured_media":1499,"comment_status":"closed","ping_status":"open","sticky":false,"template":"","format":"standard","meta":{"_acf_changed":false,"_joinchat":[],"footnotes":""},"categories":[10],"tags":[],"class_list":["post-1355","post","type-post","status-publish","format-standard","has-post-thumbnail","hentry","category-estrategia-empresarial"],"acf":[],"aioseo_notices":[],"yoast_head":"<!-- This site is optimized with the Yoast SEO plugin v27.3 - https:\/\/yoast.com\/product\/yoast-seo-wordpress\/ -->\n<title>Qu\u00e9 son los objetivos empresariales y cu\u00e1l es su importancia - Action Project<\/title>\n<meta name=\"robots\" content=\"index, follow, max-snippet:-1, max-image-preview:large, max-video-preview:-1\" \/>\n<link rel=\"canonical\" href=\"https:\/\/www.actionproject.es\/en_gb\/blog\/objetivos-empresariales-y-su-importancia\/\" \/>\n<meta property=\"og:locale\" content=\"en_GB\" \/>\n<meta property=\"og:type\" content=\"article\" \/>\n<meta property=\"og:title\" content=\"Qu\u00e9 son los objetivos empresariales y cu\u00e1l es su importancia - Action Project\" \/>\n<meta property=\"og:description\" content=\"Como cuando nos planteamos nuevos objetivos para el a\u00f1o nuevo, esto mismo es lo que deben realizar los negocios para entender los procesos y tener la capacidad de medir el crecimiento. Hablamos de los objetivos empresariales.\" \/>\n<meta property=\"og:url\" content=\"https:\/\/www.actionproject.es\/en_gb\/blog\/objetivos-empresariales-y-su-importancia\/\" \/>\n<meta property=\"og:site_name\" content=\"Action Project\" \/>\n<meta property=\"article:published_time\" content=\"2023-04-18T07:49:30+00:00\" \/>\n<meta property=\"article:modified_time\" content=\"2025-07-02T09:13:11+00:00\" \/>\n<meta property=\"og:image\" content=\"https:\/\/www.actionproject.es\/wp-content\/uploads\/2025\/07\/objetivos-empresariales.jpg\" \/>\n\t<meta property=\"og:image:width\" content=\"1200\" \/>\n\t<meta property=\"og:image:height\" content=\"800\" \/>\n\t<meta property=\"og:image:type\" content=\"image\/jpeg\" \/>\n<meta name=\"author\" content=\"Juanma\" \/>\n<meta name=\"twitter:card\" content=\"summary_large_image\" \/>\n<meta name=\"twitter:label1\" content=\"Written by\" \/>\n\t<meta name=\"twitter:data1\" content=\"Juanma\" \/>\n\t<meta name=\"twitter:label2\" content=\"Estimated reading time\" \/>\n\t<meta name=\"twitter:data2\" content=\"2 minutes\" \/>\n<script type=\"application\/ld+json\" class=\"yoast-schema-graph\">{\"@context\":\"https:\\\/\\\/schema.org\",\"@graph\":[{\"@type\":\"Article\",\"@id\":\"https:\\\/\\\/www.actionproject.es\\\/blog\\\/objetivos-empresariales-y-su-importancia\\\/#article\",\"isPartOf\":{\"@id\":\"https:\\\/\\\/www.actionproject.es\\\/blog\\\/objetivos-empresariales-y-su-importancia\\\/\"},\"author\":{\"name\":\"Juanma\",\"@id\":\"https:\\\/\\\/www.actionproject.es\\\/#\\\/schema\\\/person\\\/01aa5bb80cabd3235975fa1fccb16e23\"},\"headline\":\"Qu\u00e9 son los objetivos empresariales y cu\u00e1l es su importancia\",\"datePublished\":\"2023-04-18T07:49:30+00:00\",\"dateModified\":\"2025-07-02T09:13:11+00:00\",\"mainEntityOfPage\":{\"@id\":\"https:\\\/\\\/www.actionproject.es\\\/blog\\\/objetivos-empresariales-y-su-importancia\\\/\"},\"wordCount\":362,\"publisher\":{\"@id\":\"https:\\\/\\\/www.actionproject.es\\\/#organization\"},\"image\":{\"@id\":\"https:\\\/\\\/www.actionproject.es\\\/blog\\\/objetivos-empresariales-y-su-importancia\\\/#primaryimage\"},\"thumbnailUrl\":\"https:\\\/\\\/www.actionproject.es\\\/wp-content\\\/uploads\\\/2025\\\/07\\\/objetivos-empresariales.jpg\",\"articleSection\":[\"Estrategia empresarial\"],\"inLanguage\":\"en-GB\"},{\"@type\":\"WebPage\",\"@id\":\"https:\\\/\\\/www.actionproject.es\\\/blog\\\/objetivos-empresariales-y-su-importancia\\\/\",\"url\":\"https:\\\/\\\/www.actionproject.es\\\/blog\\\/objetivos-empresariales-y-su-importancia\\\/\",\"name\":\"Qu\u00e9 son los objetivos empresariales y cu\u00e1l es su importancia - Action Project\",\"isPartOf\":{\"@id\":\"https:\\\/\\\/www.actionproject.es\\\/#website\"},\"primaryImageOfPage\":{\"@id\":\"https:\\\/\\\/www.actionproject.es\\\/blog\\\/objetivos-empresariales-y-su-importancia\\\/#primaryimage\"},\"image\":{\"@id\":\"https:\\\/\\\/www.actionproject.es\\\/blog\\\/objetivos-empresariales-y-su-importancia\\\/#primaryimage\"},\"thumbnailUrl\":\"https:\\\/\\\/www.actionproject.es\\\/wp-content\\\/uploads\\\/2025\\\/07\\\/objetivos-empresariales.jpg\",\"datePublished\":\"2023-04-18T07:49:30+00:00\",\"dateModified\":\"2025-07-02T09:13:11+00:00\",\"breadcrumb\":{\"@id\":\"https:\\\/\\\/www.actionproject.es\\\/blog\\\/objetivos-empresariales-y-su-importancia\\\/#breadcrumb\"},\"inLanguage\":\"en-GB\",\"potentialAction\":[{\"@type\":\"ReadAction\",\"target\":[\"https:\\\/\\\/www.actionproject.es\\\/blog\\\/objetivos-empresariales-y-su-importancia\\\/\"]}]},{\"@type\":\"ImageObject\",\"inLanguage\":\"en-GB\",\"@id\":\"https:\\\/\\\/www.actionproject.es\\\/blog\\\/objetivos-empresariales-y-su-importancia\\\/#primaryimage\",\"url\":\"https:\\\/\\\/www.actionproject.es\\\/wp-content\\\/uploads\\\/2025\\\/07\\\/objetivos-empresariales.jpg\",\"contentUrl\":\"https:\\\/\\\/www.actionproject.es\\\/wp-content\\\/uploads\\\/2025\\\/07\\\/objetivos-empresariales.jpg\",\"width\":1200,\"height\":800},{\"@type\":\"BreadcrumbList\",\"@id\":\"https:\\\/\\\/www.actionproject.es\\\/blog\\\/objetivos-empresariales-y-su-importancia\\\/#breadcrumb\",\"itemListElement\":[{\"@type\":\"ListItem\",\"position\":1,\"name\":\"Portada\",\"item\":\"https:\\\/\\\/www.actionproject.es\\\/\"},{\"@type\":\"ListItem\",\"position\":2,\"name\":\"Qu\u00e9 son los objetivos empresariales y cu\u00e1l es su importancia\"}]},{\"@type\":\"WebSite\",\"@id\":\"https:\\\/\\\/www.actionproject.es\\\/#website\",\"url\":\"https:\\\/\\\/www.actionproject.es\\\/\",\"name\":\"Action Project\",\"description\":\"\",\"publisher\":{\"@id\":\"https:\\\/\\\/www.actionproject.es\\\/#organization\"},\"potentialAction\":[{\"@type\":\"SearchAction\",\"target\":{\"@type\":\"EntryPoint\",\"urlTemplate\":\"https:\\\/\\\/www.actionproject.es\\\/?s={search_term_string}\"},\"query-input\":{\"@type\":\"PropertyValueSpecification\",\"valueRequired\":true,\"valueName\":\"search_term_string\"}}],\"inLanguage\":\"en-GB\"},{\"@type\":\"Organization\",\"@id\":\"https:\\\/\\\/www.actionproject.es\\\/#organization\",\"name\":\"Action Project\",\"url\":\"https:\\\/\\\/www.actionproject.es\\\/\",\"logo\":{\"@type\":\"ImageObject\",\"inLanguage\":\"en-GB\",\"@id\":\"https:\\\/\\\/www.actionproject.es\\\/#\\\/schema\\\/logo\\\/image\\\/\",\"url\":\"https:\\\/\\\/www.actionproject.es\\\/wp-content\\\/uploads\\\/2025\\\/02\\\/favicon-action.png\",\"contentUrl\":\"https:\\\/\\\/www.actionproject.es\\\/wp-content\\\/uploads\\\/2025\\\/02\\\/favicon-action.png\",\"width\":512,\"height\":512,\"caption\":\"Action Project\"},\"image\":{\"@id\":\"https:\\\/\\\/www.actionproject.es\\\/#\\\/schema\\\/logo\\\/image\\\/\"}},{\"@type\":\"Person\",\"@id\":\"https:\\\/\\\/www.actionproject.es\\\/#\\\/schema\\\/person\\\/01aa5bb80cabd3235975fa1fccb16e23\",\"name\":\"Juanma\",\"image\":{\"@type\":\"ImageObject\",\"inLanguage\":\"en-GB\",\"@id\":\"https:\\\/\\\/secure.gravatar.com\\\/avatar\\\/85f0c3c9ba6a2b2ba51b0df3346eaf50cafa606989920561324eac0dd1c938f4?s=96&d=mm&r=g\",\"url\":\"https:\\\/\\\/secure.gravatar.com\\\/avatar\\\/85f0c3c9ba6a2b2ba51b0df3346eaf50cafa606989920561324eac0dd1c938f4?s=96&d=mm&r=g\",\"contentUrl\":\"https:\\\/\\\/secure.gravatar.com\\\/avatar\\\/85f0c3c9ba6a2b2ba51b0df3346eaf50cafa606989920561324eac0dd1c938f4?s=96&d=mm&r=g\",\"caption\":\"Juanma\"},\"url\":\"https:\\\/\\\/www.actionproject.es\\\/en_gb\\\/blog\\\/author\\\/juanma\\\/\"}]}<\/script>\n<!-- \/ Yoast SEO plugin. -->","yoast_head_json":{"title":"Qu\u00e9 son los objetivos empresariales y cu\u00e1l es su importancia - Action Project","robots":{"index":"index","follow":"follow","max-snippet":"max-snippet:-1","max-image-preview":"max-image-preview:large","max-video-preview":"max-video-preview:-1"},"canonical":"https:\/\/www.actionproject.es\/en_gb\/blog\/objetivos-empresariales-y-su-importancia\/","og_locale":"en_GB","og_type":"article","og_title":"Qu\u00e9 son los objetivos empresariales y cu\u00e1l es su importancia - Action Project","og_description":"Como cuando nos planteamos nuevos objetivos para el a\u00f1o nuevo, esto mismo es lo que deben realizar los negocios para entender los procesos y tener la capacidad de medir el crecimiento. Hablamos de los objetivos empresariales.","og_url":"https:\/\/www.actionproject.es\/en_gb\/blog\/objetivos-empresariales-y-su-importancia\/","og_site_name":"Action Project","article_published_time":"2023-04-18T07:49:30+00:00","article_modified_time":"2025-07-02T09:13:11+00:00","og_image":[{"width":1200,"height":800,"url":"https:\/\/www.actionproject.es\/wp-content\/uploads\/2025\/07\/objetivos-empresariales.jpg","type":"image\/jpeg"}],"author":"Juanma","twitter_card":"summary_large_image","twitter_misc":{"Written by":"Juanma","Estimated reading time":"2 minutes"},"schema":{"@context":"https:\/\/schema.org","@graph":[{"@type":"Article","@id":"https:\/\/www.actionproject.es\/blog\/objetivos-empresariales-y-su-importancia\/#article","isPartOf":{"@id":"https:\/\/www.actionproject.es\/blog\/objetivos-empresariales-y-su-importancia\/"},"author":{"name":"Juanma","@id":"https:\/\/www.actionproject.es\/#\/schema\/person\/01aa5bb80cabd3235975fa1fccb16e23"},"headline":"Qu\u00e9 son los objetivos empresariales y cu\u00e1l es su importancia","datePublished":"2023-04-18T07:49:30+00:00","dateModified":"2025-07-02T09:13:11+00:00","mainEntityOfPage":{"@id":"https:\/\/www.actionproject.es\/blog\/objetivos-empresariales-y-su-importancia\/"},"wordCount":362,"publisher":{"@id":"https:\/\/www.actionproject.es\/#organization"},"image":{"@id":"https:\/\/www.actionproject.es\/blog\/objetivos-empresariales-y-su-importancia\/#primaryimage"},"thumbnailUrl":"https:\/\/www.actionproject.es\/wp-content\/uploads\/2025\/07\/objetivos-empresariales.jpg","articleSection":["Estrategia empresarial"],"inLanguage":"en-GB"},{"@type":"WebPage","@id":"https:\/\/www.actionproject.es\/blog\/objetivos-empresariales-y-su-importancia\/","url":"https:\/\/www.actionproject.es\/blog\/objetivos-empresariales-y-su-importancia\/","name":"Qu\u00e9 son los objetivos empresariales y cu\u00e1l es su importancia - Action Project","isPartOf":{"@id":"https:\/\/www.actionproject.es\/#website"},"primaryImageOfPage":{"@id":"https:\/\/www.actionproject.es\/blog\/objetivos-empresariales-y-su-importancia\/#primaryimage"},"image":{"@id":"https:\/\/www.actionproject.es\/blog\/objetivos-empresariales-y-su-importancia\/#primaryimage"},"thumbnailUrl":"https:\/\/www.actionproject.es\/wp-content\/uploads\/2025\/07\/objetivos-empresariales.jpg","datePublished":"2023-04-18T07:49:30+00:00","dateModified":"2025-07-02T09:13:11+00:00","breadcrumb":{"@id":"https:\/\/www.actionproject.es\/blog\/objetivos-empresariales-y-su-importancia\/#breadcrumb"},"inLanguage":"en-GB","potentialAction":[{"@type":"ReadAction","target":["https:\/\/www.actionproject.es\/blog\/objetivos-empresariales-y-su-importancia\/"]}]},{"@type":"ImageObject","inLanguage":"en-GB","@id":"https:\/\/www.actionproject.es\/blog\/objetivos-empresariales-y-su-importancia\/#primaryimage","url":"https:\/\/www.actionproject.es\/wp-content\/uploads\/2025\/07\/objetivos-empresariales.jpg","contentUrl":"https:\/\/www.actionproject.es\/wp-content\/uploads\/2025\/07\/objetivos-empresariales.jpg","width":1200,"height":800},{"@type":"BreadcrumbList","@id":"https:\/\/www.actionproject.es\/blog\/objetivos-empresariales-y-su-importancia\/#breadcrumb","itemListElement":[{"@type":"ListItem","position":1,"name":"Portada","item":"https:\/\/www.actionproject.es\/"},{"@type":"ListItem","position":2,"name":"Qu\u00e9 son los objetivos empresariales y cu\u00e1l es su importancia"}]},{"@type":"WebSite","@id":"https:\/\/www.actionproject.es\/#website","url":"https:\/\/www.actionproject.es\/","name":"Action Project","description":"","publisher":{"@id":"https:\/\/www.actionproject.es\/#organization"},"potentialAction":[{"@type":"SearchAction","target":{"@type":"EntryPoint","urlTemplate":"https:\/\/www.actionproject.es\/?s={search_term_string}"},"query-input":{"@type":"PropertyValueSpecification","valueRequired":true,"valueName":"search_term_string"}}],"inLanguage":"en-GB"},{"@type":"Organization","@id":"https:\/\/www.actionproject.es\/#organization","name":"Action Project","url":"https:\/\/www.actionproject.es\/","logo":{"@type":"ImageObject","inLanguage":"en-GB","@id":"https:\/\/www.actionproject.es\/#\/schema\/logo\/image\/","url":"https:\/\/www.actionproject.es\/wp-content\/uploads\/2025\/02\/favicon-action.png","contentUrl":"https:\/\/www.actionproject.es\/wp-content\/uploads\/2025\/02\/favicon-action.png","width":512,"height":512,"caption":"Action Project"},"image":{"@id":"https:\/\/www.actionproject.es\/#\/schema\/logo\/image\/"}},{"@type":"Person","@id":"https:\/\/www.actionproject.es\/#\/schema\/person\/01aa5bb80cabd3235975fa1fccb16e23","name":"Juanma","image":{"@type":"ImageObject","inLanguage":"en-GB","@id":"https:\/\/secure.gravatar.com\/avatar\/85f0c3c9ba6a2b2ba51b0df3346eaf50cafa606989920561324eac0dd1c938f4?s=96&d=mm&r=g","url":"https:\/\/secure.gravatar.com\/avatar\/85f0c3c9ba6a2b2ba51b0df3346eaf50cafa606989920561324eac0dd1c938f4?s=96&d=mm&r=g","contentUrl":"https:\/\/secure.gravatar.com\/avatar\/85f0c3c9ba6a2b2ba51b0df3346eaf50cafa606989920561324eac0dd1c938f4?s=96&d=mm&r=g","caption":"Juanma"},"url":"https:\/\/www.actionproject.es\/en_gb\/blog\/author\/juanma\/"}]}},"_links":{"self":[{"href":"https:\/\/www.actionproject.es\/en_gb\/wp-json\/wp\/v2\/posts\/1355","targetHints":{"allow":["GET"]}}],"collection":[{"href":"https:\/\/www.actionproject.es\/en_gb\/wp-json\/wp\/v2\/posts"}],"about":[{"href":"https:\/\/www.actionproject.es\/en_gb\/wp-json\/wp\/v2\/types\/post"}],"author":[{"embeddable":true,"href":"https:\/\/www.actionproject.es\/en_gb\/wp-json\/wp\/v2\/users\/2"}],"replies":[{"embeddable":true,"href":"https:\/\/www.actionproject.es\/en_gb\/wp-json\/wp\/v2\/comments?post=1355"}],"version-history":[{"count":2,"href":"https:\/\/www.actionproject.es\/en_gb\/wp-json\/wp\/v2\/posts\/1355\/revisions"}],"predecessor-version":[{"id":1700,"href":"https:\/\/www.actionproject.es\/en_gb\/wp-json\/wp\/v2\/posts\/1355\/revisions\/1700"}],"wp:featuredmedia":[{"embeddable":true,"href":"https:\/\/www.actionproject.es\/en_gb\/wp-json\/wp\/v2\/media\/1499"}],"wp:attachment":[{"href":"https:\/\/www.actionproject.es\/en_gb\/wp-json\/wp\/v2\/media?parent=1355"}],"wp:term":[{"taxonomy":"category","embeddable":true,"href":"https:\/\/www.actionproject.es\/en_gb\/wp-json\/wp\/v2\/categories?post=1355"},{"taxonomy":"post_tag","embeddable":true,"href":"https:\/\/www.actionproject.es\/en_gb\/wp-json\/wp\/v2\/tags?post=1355"}],"curies":[{"name":"wp","href":"https:\/\/api.w.org\/{rel}","templated":true}]}}