{"id":1359,"date":"2023-07-18T08:47:35","date_gmt":"2023-07-18T06:47:35","guid":{"rendered":"https:\/\/www.actionproject.es\/blog\/crisis-empresarial\/"},"modified":"2025-07-02T11:13:12","modified_gmt":"2025-07-02T09:13:12","slug":"crisis-empresarial","status":"publish","type":"post","link":"https:\/\/www.actionproject.es\/en_gb\/blog\/crisis-empresarial\/","title":{"rendered":"\u00bfC\u00f3mo afrontar una crisis empresarial?"},"content":{"rendered":"","protected":false},"excerpt":{"rendered":"<p><span style=\"font-weight: 400;\">Hacer frente a una <\/span><b>crisis empresarial<\/b><span style=\"font-weight: 400;\"> es uno de los aspectos m\u00e1s temidos de los negocios. En buena parte, porque muchas veces no cuentan con las herramientas necesarias para hacerlo. Sobre todo, si se trata de una crisis interna.<\/span><\/p>\n<p>\u00a0<\/p>\n<h2><span style=\"font-weight: 400;\">3 caracter\u00edsticas de una crisis empresarial<\/span><\/h2>\n<ul>\n<li style=\"font-weight: 400;\"><b>Ocurren por sorpresa. <\/b><span style=\"font-weight: 400;\">Es <\/span> <span style=\"font-weight: 400;\">habitual que las situaciones de crisis se den cuando menos te lo esperas. De ah\u00ed la importancia de tener un protocolo establecido por si ocurren.<\/span><span style=\"font-weight: 400;\"><br \/><\/span><\/li>\n<li style=\"font-weight: 400;\"><b>Puede faltarte informaci\u00f3n. <\/b><span style=\"font-weight: 400;\">Es <\/span> <span style=\"font-weight: 400;\">normal que al principio no sepas bien qu\u00e9 ha pasado. Por eso, <\/span> <span style=\"font-weight: 400;\">resulta esencial recopilar todos los datos necesarios sobre el suceso. <\/span> <span style=\"font-weight: 400;\"><br \/><\/span><\/li>\n<li style=\"font-weight: 400;\"><b>Puede afectar al funcionamiento del negocio. <\/b><span style=\"font-weight: 400;\">Si <\/span> <span style=\"font-weight: 400;\">no contamos con un<\/span><a href=\"https:\/\/www.actionproject.es\/en_gb\/blog\/liderazgo-empresarial-beneficios\/\"> <span style=\"font-weight: 400;\">buen<\/span> <span style=\"font-weight: 400;\">liderazgo en la empresa<\/span><\/a><span style=\"font-weight: 400;\">, es probable que necesitemos ayuda externa para resolver la situaci\u00f3n lo mejor posible. <\/span> <span style=\"font-weight: 400;\">\n<p><\/span><\/li>\n<\/ul>\n<h2><span style=\"font-weight: 400;\">\u00bfC\u00f3mo gestionar la crisis en una empresa?<\/span><\/h2>\n<p><span style=\"font-weight: 400;\">Si no cuentas con un <\/span><b>plan de gesti\u00f3n de crisis<\/b><span style=\"font-weight: 400;\">, es probable que tu equipo no sepa c\u00f3mo actuar ante esta circunstancia. El objetivo de este plan es minimizar las consecuencias negativas de la misma y recuperar la actividad normal de la organizaci\u00f3n.<\/span><\/p>\n<p><span style=\"font-weight: 400;\">Por tanto, tener unas directrices claras sobre qu\u00e9 hacer ante una <\/span><b>crisis empresarial<\/b><span style=\"font-weight: 400;\">, ayuda a que esta se resuelva antes y a mantener la reputaci\u00f3n del negocio.<\/span><\/p>\n<p>\u00a0<\/p>\n<p><span style=\"font-weight: 400;\">Presta atenci\u00f3n a algunas pautas b\u00e1sicas que debe contener el plan:<\/span><\/p>\n<ul>\n<li style=\"font-weight: 400;\"><b>Identifica al equipo que actuar\u00e1 en la gesti\u00f3n de la crisis empresarial. <\/b><span style=\"font-weight: 400;\">Es muy importante que escojas a los miembros de la organizaci\u00f3n que <\/span> <span style=\"font-weight: 400;\">intervendr\u00e1n. Debes especificar muy bien qu\u00e9 rol tendr\u00e1 cada uno <\/span> <span style=\"font-weight: 400;\">llegado el momento. <\/span> <span style=\"font-weight: 400;\">\n<p><\/span><\/li>\n<\/ul>\n<ul>\n<li style=\"font-weight: 400;\"><b>Haz un listado de riesgos.<\/b><span style=\"font-weight: 400;\"> Visibiliza varios escenarios de crisis y eval\u00faa cu\u00e1l de ellos es m\u00e1s probable que suceda. Tambi\u00e9n ser\u00eda ideal que pensases en el impacto negativo que podr\u00eda tener en tu empresa.\u00a0<\/span><\/li>\n<\/ul>\n<ul>\n<li style=\"font-weight: 400;\"><b>Planifica las acciones<\/b><span style=\"font-weight: 400;\">. \u00bfQu\u00e9 posibles respuestas puedes dar si sucede alguno de los escenarios que has marcado? Tener preparadas acciones de antemano,facilita que comiences a gestionar la crisis empresarial cuanto antes. <\/span> <span style=\"font-weight: 400;\">\n<p><\/span><\/li>\n<\/ul>\n<ul>\n<li style=\"font-weight: 400;\"><b>Redacta el plan. <\/b><span style=\"font-weight: 400;\">Cuando <\/span> <span style=\"font-weight: 400;\">tengas claros todos los datos anteriores, consolida el plan en un documento. Te recomendamos que se lo hagas llegar a los miembros de la empresa para que est\u00e9n al tanto. <\/span> <span style=\"font-weight: 400;\"><br \/><\/span><span style=\"font-weight: 400;\">\n<p><\/span><\/li>\n<\/ul>\n<p><span style=\"font-weight: 400;\">\u00bfNo sabes c\u00f3mo abordar una <b>crisis empresarial interna<\/b>? Puedes contar con un<a href=\"\/en_gb\/servicios\/interim-management\/\"> Interim Management<\/a> durante un tiempo concreto para que te ayude a resolver los problemas de tu organizaci\u00f3n. En Action Project estamos contigo.<\/span><\/p>","protected":false},"author":2,"featured_media":1426,"comment_status":"closed","ping_status":"open","sticky":false,"template":"","format":"standard","meta":{"_acf_changed":false,"_joinchat":[],"footnotes":""},"categories":[10],"tags":[],"class_list":["post-1359","post","type-post","status-publish","format-standard","has-post-thumbnail","hentry","category-estrategia-empresarial"],"acf":[],"aioseo_notices":[],"yoast_head":"<!-- This site is optimized with the Yoast SEO plugin v27.3 - https:\/\/yoast.com\/product\/yoast-seo-wordpress\/ -->\n<title>\u00bfC\u00f3mo afrontar una crisis empresarial? - Action Project<\/title>\n<meta name=\"robots\" content=\"index, follow, max-snippet:-1, max-image-preview:large, max-video-preview:-1\" \/>\n<link rel=\"canonical\" href=\"https:\/\/www.actionproject.es\/en_gb\/blog\/crisis-empresarial\/\" \/>\n<meta property=\"og:locale\" content=\"en_GB\" \/>\n<meta property=\"og:type\" content=\"article\" \/>\n<meta property=\"og:title\" content=\"\u00bfC\u00f3mo afrontar una crisis empresarial? - Action Project\" \/>\n<meta property=\"og:description\" content=\"Hacer frente a una crisis empresarial es uno de los aspectos m\u00e1s temidos de los negocios. En buena parte, porque muchas veces no cuentan con las herramientas necesarias para hacerlo. Sobre todo, si se trata de una crisis interna. \u00a0 3 caracter\u00edsticas de una crisis empresarial Ocurren por sorpresa. Es habitual que las situaciones de crisis se den cuando menos te lo esperas. De ah\u00ed la importancia de tener un protocolo establecido por si ocurren. Puede faltarte informaci\u00f3n. Es normal que al principio no sepas bien qu\u00e9 ha pasado. Por eso, resulta esencial recopilar todos los datos necesarios sobre el suceso.  Puede afectar al funcionamiento del negocio. Si no contamos con un buen liderazgo en la empresa, es probable que necesitemos ayuda externa para resolver la situaci\u00f3n lo mejor posible.  \u00bfC\u00f3mo gestionar la crisis en una empresa? Si no cuentas con un plan de gesti\u00f3n de crisis, es probable que tu equipo no sepa c\u00f3mo actuar ante esta circunstancia. El objetivo de este plan es minimizar las consecuencias negativas de la misma y recuperar la actividad normal de la organizaci\u00f3n. Por tanto, tener unas directrices claras sobre qu\u00e9 hacer ante una crisis empresarial, ayuda a que esta se resuelva antes y a mantener la reputaci\u00f3n del negocio. \u00a0 Presta atenci\u00f3n a algunas pautas b\u00e1sicas que debe contener el plan: Identifica al equipo que actuar\u00e1 en la gesti\u00f3n de la crisis empresarial. Es muy importante que escojas a los miembros de la organizaci\u00f3n que intervendr\u00e1n. Debes especificar muy bien qu\u00e9 rol tendr\u00e1 cada uno llegado el momento.   Haz un listado de riesgos. Visibiliza varios escenarios de crisis y eval\u00faa cu\u00e1l de ellos es m\u00e1s probable que suceda. Tambi\u00e9n ser\u00eda ideal que pensases en el impacto negativo que podr\u00eda tener en tu empresa.\u00a0  Planifica las acciones. \u00bfQu\u00e9 posibles respuestas puedes dar si sucede alguno de los escenarios que has marcado? Tener preparadas acciones de antemano,facilita que comiences a gestionar la crisis empresarial cuanto antes.   Redacta el plan. Cuando tengas claros todos los datos anteriores, consolida el plan en un documento. Te recomendamos que se lo hagas llegar a los miembros de la empresa para que est\u00e9n al tanto.  \u00bfNo sabes c\u00f3mo abordar una crisis empresarial interna? Puedes contar con un Interim Management durante un tiempo concreto para que te ayude a resolver los problemas de tu organizaci\u00f3n. En Action Project estamos contigo.\" \/>\n<meta property=\"og:url\" content=\"https:\/\/www.actionproject.es\/en_gb\/blog\/crisis-empresarial\/\" \/>\n<meta property=\"og:site_name\" content=\"Action Project\" \/>\n<meta property=\"article:published_time\" content=\"2023-07-18T06:47:35+00:00\" \/>\n<meta property=\"article:modified_time\" content=\"2025-07-02T09:13:12+00:00\" \/>\n<meta property=\"og:image\" content=\"https:\/\/www.actionproject.es\/wp-content\/uploads\/2025\/07\/crisis-empresarial.jpg\" \/>\n\t<meta property=\"og:image:width\" content=\"1200\" \/>\n\t<meta property=\"og:image:height\" content=\"801\" \/>\n\t<meta property=\"og:image:type\" content=\"image\/jpeg\" \/>\n<meta name=\"author\" content=\"Juanma\" \/>\n<meta name=\"twitter:card\" content=\"summary_large_image\" \/>\n<meta name=\"twitter:label1\" content=\"Written by\" \/>\n\t<meta name=\"twitter:data1\" content=\"Juanma\" \/>\n<script type=\"application\/ld+json\" class=\"yoast-schema-graph\">{\"@context\":\"https:\\\/\\\/schema.org\",\"@graph\":[{\"@type\":\"Article\",\"@id\":\"https:\\\/\\\/www.actionproject.es\\\/blog\\\/crisis-empresarial\\\/#article\",\"isPartOf\":{\"@id\":\"https:\\\/\\\/www.actionproject.es\\\/blog\\\/crisis-empresarial\\\/\"},\"author\":{\"name\":\"Juanma\",\"@id\":\"https:\\\/\\\/www.actionproject.es\\\/#\\\/schema\\\/person\\\/01aa5bb80cabd3235975fa1fccb16e23\"},\"headline\":\"\u00bfC\u00f3mo afrontar una crisis empresarial?\",\"datePublished\":\"2023-07-18T06:47:35+00:00\",\"dateModified\":\"2025-07-02T09:13:12+00:00\",\"mainEntityOfPage\":{\"@id\":\"https:\\\/\\\/www.actionproject.es\\\/blog\\\/crisis-empresarial\\\/\"},\"wordCount\":6,\"publisher\":{\"@id\":\"https:\\\/\\\/www.actionproject.es\\\/#organization\"},\"image\":{\"@id\":\"https:\\\/\\\/www.actionproject.es\\\/blog\\\/crisis-empresarial\\\/#primaryimage\"},\"thumbnailUrl\":\"https:\\\/\\\/www.actionproject.es\\\/wp-content\\\/uploads\\\/2025\\\/07\\\/crisis-empresarial.jpg\",\"articleSection\":[\"Estrategia empresarial\"],\"inLanguage\":\"en-GB\"},{\"@type\":\"WebPage\",\"@id\":\"https:\\\/\\\/www.actionproject.es\\\/blog\\\/crisis-empresarial\\\/\",\"url\":\"https:\\\/\\\/www.actionproject.es\\\/blog\\\/crisis-empresarial\\\/\",\"name\":\"\u00bfC\u00f3mo afrontar una crisis empresarial? - Action Project\",\"isPartOf\":{\"@id\":\"https:\\\/\\\/www.actionproject.es\\\/#website\"},\"primaryImageOfPage\":{\"@id\":\"https:\\\/\\\/www.actionproject.es\\\/blog\\\/crisis-empresarial\\\/#primaryimage\"},\"image\":{\"@id\":\"https:\\\/\\\/www.actionproject.es\\\/blog\\\/crisis-empresarial\\\/#primaryimage\"},\"thumbnailUrl\":\"https:\\\/\\\/www.actionproject.es\\\/wp-content\\\/uploads\\\/2025\\\/07\\\/crisis-empresarial.jpg\",\"datePublished\":\"2023-07-18T06:47:35+00:00\",\"dateModified\":\"2025-07-02T09:13:12+00:00\",\"breadcrumb\":{\"@id\":\"https:\\\/\\\/www.actionproject.es\\\/blog\\\/crisis-empresarial\\\/#breadcrumb\"},\"inLanguage\":\"en-GB\",\"potentialAction\":[{\"@type\":\"ReadAction\",\"target\":[\"https:\\\/\\\/www.actionproject.es\\\/blog\\\/crisis-empresarial\\\/\"]}]},{\"@type\":\"ImageObject\",\"inLanguage\":\"en-GB\",\"@id\":\"https:\\\/\\\/www.actionproject.es\\\/blog\\\/crisis-empresarial\\\/#primaryimage\",\"url\":\"https:\\\/\\\/www.actionproject.es\\\/wp-content\\\/uploads\\\/2025\\\/07\\\/crisis-empresarial.jpg\",\"contentUrl\":\"https:\\\/\\\/www.actionproject.es\\\/wp-content\\\/uploads\\\/2025\\\/07\\\/crisis-empresarial.jpg\",\"width\":1200,\"height\":801},{\"@type\":\"BreadcrumbList\",\"@id\":\"https:\\\/\\\/www.actionproject.es\\\/blog\\\/crisis-empresarial\\\/#breadcrumb\",\"itemListElement\":[{\"@type\":\"ListItem\",\"position\":1,\"name\":\"Portada\",\"item\":\"https:\\\/\\\/www.actionproject.es\\\/\"},{\"@type\":\"ListItem\",\"position\":2,\"name\":\"\u00bfC\u00f3mo afrontar una crisis empresarial?\"}]},{\"@type\":\"WebSite\",\"@id\":\"https:\\\/\\\/www.actionproject.es\\\/#website\",\"url\":\"https:\\\/\\\/www.actionproject.es\\\/\",\"name\":\"Action Project\",\"description\":\"\",\"publisher\":{\"@id\":\"https:\\\/\\\/www.actionproject.es\\\/#organization\"},\"potentialAction\":[{\"@type\":\"SearchAction\",\"target\":{\"@type\":\"EntryPoint\",\"urlTemplate\":\"https:\\\/\\\/www.actionproject.es\\\/?s={search_term_string}\"},\"query-input\":{\"@type\":\"PropertyValueSpecification\",\"valueRequired\":true,\"valueName\":\"search_term_string\"}}],\"inLanguage\":\"en-GB\"},{\"@type\":\"Organization\",\"@id\":\"https:\\\/\\\/www.actionproject.es\\\/#organization\",\"name\":\"Action Project\",\"url\":\"https:\\\/\\\/www.actionproject.es\\\/\",\"logo\":{\"@type\":\"ImageObject\",\"inLanguage\":\"en-GB\",\"@id\":\"https:\\\/\\\/www.actionproject.es\\\/#\\\/schema\\\/logo\\\/image\\\/\",\"url\":\"https:\\\/\\\/www.actionproject.es\\\/wp-content\\\/uploads\\\/2025\\\/02\\\/favicon-action.png\",\"contentUrl\":\"https:\\\/\\\/www.actionproject.es\\\/wp-content\\\/uploads\\\/2025\\\/02\\\/favicon-action.png\",\"width\":512,\"height\":512,\"caption\":\"Action Project\"},\"image\":{\"@id\":\"https:\\\/\\\/www.actionproject.es\\\/#\\\/schema\\\/logo\\\/image\\\/\"}},{\"@type\":\"Person\",\"@id\":\"https:\\\/\\\/www.actionproject.es\\\/#\\\/schema\\\/person\\\/01aa5bb80cabd3235975fa1fccb16e23\",\"name\":\"Juanma\",\"image\":{\"@type\":\"ImageObject\",\"inLanguage\":\"en-GB\",\"@id\":\"https:\\\/\\\/secure.gravatar.com\\\/avatar\\\/85f0c3c9ba6a2b2ba51b0df3346eaf50cafa606989920561324eac0dd1c938f4?s=96&d=mm&r=g\",\"url\":\"https:\\\/\\\/secure.gravatar.com\\\/avatar\\\/85f0c3c9ba6a2b2ba51b0df3346eaf50cafa606989920561324eac0dd1c938f4?s=96&d=mm&r=g\",\"contentUrl\":\"https:\\\/\\\/secure.gravatar.com\\\/avatar\\\/85f0c3c9ba6a2b2ba51b0df3346eaf50cafa606989920561324eac0dd1c938f4?s=96&d=mm&r=g\",\"caption\":\"Juanma\"},\"url\":\"https:\\\/\\\/www.actionproject.es\\\/en_gb\\\/blog\\\/author\\\/juanma\\\/\"}]}<\/script>\n<!-- \/ Yoast SEO plugin. -->","yoast_head_json":{"title":"\u00bfC\u00f3mo afrontar una crisis empresarial? - Action Project","robots":{"index":"index","follow":"follow","max-snippet":"max-snippet:-1","max-image-preview":"max-image-preview:large","max-video-preview":"max-video-preview:-1"},"canonical":"https:\/\/www.actionproject.es\/en_gb\/blog\/crisis-empresarial\/","og_locale":"en_GB","og_type":"article","og_title":"\u00bfC\u00f3mo afrontar una crisis empresarial? - Action Project","og_description":"Hacer frente a una crisis empresarial es uno de los aspectos m\u00e1s temidos de los negocios. En buena parte, porque muchas veces no cuentan con las herramientas necesarias para hacerlo. Sobre todo, si se trata de una crisis interna. \u00a0 3 caracter\u00edsticas de una crisis empresarial Ocurren por sorpresa. Es habitual que las situaciones de crisis se den cuando menos te lo esperas. De ah\u00ed la importancia de tener un protocolo establecido por si ocurren. Puede faltarte informaci\u00f3n. Es normal que al principio no sepas bien qu\u00e9 ha pasado. Por eso, resulta esencial recopilar todos los datos necesarios sobre el suceso.  Puede afectar al funcionamiento del negocio. Si no contamos con un buen liderazgo en la empresa, es probable que necesitemos ayuda externa para resolver la situaci\u00f3n lo mejor posible.  \u00bfC\u00f3mo gestionar la crisis en una empresa? Si no cuentas con un plan de gesti\u00f3n de crisis, es probable que tu equipo no sepa c\u00f3mo actuar ante esta circunstancia. El objetivo de este plan es minimizar las consecuencias negativas de la misma y recuperar la actividad normal de la organizaci\u00f3n. Por tanto, tener unas directrices claras sobre qu\u00e9 hacer ante una crisis empresarial, ayuda a que esta se resuelva antes y a mantener la reputaci\u00f3n del negocio. \u00a0 Presta atenci\u00f3n a algunas pautas b\u00e1sicas que debe contener el plan: Identifica al equipo que actuar\u00e1 en la gesti\u00f3n de la crisis empresarial. Es muy importante que escojas a los miembros de la organizaci\u00f3n que intervendr\u00e1n. Debes especificar muy bien qu\u00e9 rol tendr\u00e1 cada uno llegado el momento.   Haz un listado de riesgos. Visibiliza varios escenarios de crisis y eval\u00faa cu\u00e1l de ellos es m\u00e1s probable que suceda. Tambi\u00e9n ser\u00eda ideal que pensases en el impacto negativo que podr\u00eda tener en tu empresa.\u00a0  Planifica las acciones. \u00bfQu\u00e9 posibles respuestas puedes dar si sucede alguno de los escenarios que has marcado? Tener preparadas acciones de antemano,facilita que comiences a gestionar la crisis empresarial cuanto antes.   Redacta el plan. Cuando tengas claros todos los datos anteriores, consolida el plan en un documento. Te recomendamos que se lo hagas llegar a los miembros de la empresa para que est\u00e9n al tanto.  \u00bfNo sabes c\u00f3mo abordar una crisis empresarial interna? Puedes contar con un Interim Management durante un tiempo concreto para que te ayude a resolver los problemas de tu organizaci\u00f3n. En Action Project estamos contigo.","og_url":"https:\/\/www.actionproject.es\/en_gb\/blog\/crisis-empresarial\/","og_site_name":"Action Project","article_published_time":"2023-07-18T06:47:35+00:00","article_modified_time":"2025-07-02T09:13:12+00:00","og_image":[{"width":1200,"height":801,"url":"https:\/\/www.actionproject.es\/wp-content\/uploads\/2025\/07\/crisis-empresarial.jpg","type":"image\/jpeg"}],"author":"Juanma","twitter_card":"summary_large_image","twitter_misc":{"Written by":"Juanma"},"schema":{"@context":"https:\/\/schema.org","@graph":[{"@type":"Article","@id":"https:\/\/www.actionproject.es\/blog\/crisis-empresarial\/#article","isPartOf":{"@id":"https:\/\/www.actionproject.es\/blog\/crisis-empresarial\/"},"author":{"name":"Juanma","@id":"https:\/\/www.actionproject.es\/#\/schema\/person\/01aa5bb80cabd3235975fa1fccb16e23"},"headline":"\u00bfC\u00f3mo afrontar una crisis empresarial?","datePublished":"2023-07-18T06:47:35+00:00","dateModified":"2025-07-02T09:13:12+00:00","mainEntityOfPage":{"@id":"https:\/\/www.actionproject.es\/blog\/crisis-empresarial\/"},"wordCount":6,"publisher":{"@id":"https:\/\/www.actionproject.es\/#organization"},"image":{"@id":"https:\/\/www.actionproject.es\/blog\/crisis-empresarial\/#primaryimage"},"thumbnailUrl":"https:\/\/www.actionproject.es\/wp-content\/uploads\/2025\/07\/crisis-empresarial.jpg","articleSection":["Estrategia empresarial"],"inLanguage":"en-GB"},{"@type":"WebPage","@id":"https:\/\/www.actionproject.es\/blog\/crisis-empresarial\/","url":"https:\/\/www.actionproject.es\/blog\/crisis-empresarial\/","name":"\u00bfC\u00f3mo afrontar una crisis empresarial? - Action Project","isPartOf":{"@id":"https:\/\/www.actionproject.es\/#website"},"primaryImageOfPage":{"@id":"https:\/\/www.actionproject.es\/blog\/crisis-empresarial\/#primaryimage"},"image":{"@id":"https:\/\/www.actionproject.es\/blog\/crisis-empresarial\/#primaryimage"},"thumbnailUrl":"https:\/\/www.actionproject.es\/wp-content\/uploads\/2025\/07\/crisis-empresarial.jpg","datePublished":"2023-07-18T06:47:35+00:00","dateModified":"2025-07-02T09:13:12+00:00","breadcrumb":{"@id":"https:\/\/www.actionproject.es\/blog\/crisis-empresarial\/#breadcrumb"},"inLanguage":"en-GB","potentialAction":[{"@type":"ReadAction","target":["https:\/\/www.actionproject.es\/blog\/crisis-empresarial\/"]}]},{"@type":"ImageObject","inLanguage":"en-GB","@id":"https:\/\/www.actionproject.es\/blog\/crisis-empresarial\/#primaryimage","url":"https:\/\/www.actionproject.es\/wp-content\/uploads\/2025\/07\/crisis-empresarial.jpg","contentUrl":"https:\/\/www.actionproject.es\/wp-content\/uploads\/2025\/07\/crisis-empresarial.jpg","width":1200,"height":801},{"@type":"BreadcrumbList","@id":"https:\/\/www.actionproject.es\/blog\/crisis-empresarial\/#breadcrumb","itemListElement":[{"@type":"ListItem","position":1,"name":"Portada","item":"https:\/\/www.actionproject.es\/"},{"@type":"ListItem","position":2,"name":"\u00bfC\u00f3mo afrontar una crisis empresarial?"}]},{"@type":"WebSite","@id":"https:\/\/www.actionproject.es\/#website","url":"https:\/\/www.actionproject.es\/","name":"Action Project","description":"","publisher":{"@id":"https:\/\/www.actionproject.es\/#organization"},"potentialAction":[{"@type":"SearchAction","target":{"@type":"EntryPoint","urlTemplate":"https:\/\/www.actionproject.es\/?s={search_term_string}"},"query-input":{"@type":"PropertyValueSpecification","valueRequired":true,"valueName":"search_term_string"}}],"inLanguage":"en-GB"},{"@type":"Organization","@id":"https:\/\/www.actionproject.es\/#organization","name":"Action Project","url":"https:\/\/www.actionproject.es\/","logo":{"@type":"ImageObject","inLanguage":"en-GB","@id":"https:\/\/www.actionproject.es\/#\/schema\/logo\/image\/","url":"https:\/\/www.actionproject.es\/wp-content\/uploads\/2025\/02\/favicon-action.png","contentUrl":"https:\/\/www.actionproject.es\/wp-content\/uploads\/2025\/02\/favicon-action.png","width":512,"height":512,"caption":"Action Project"},"image":{"@id":"https:\/\/www.actionproject.es\/#\/schema\/logo\/image\/"}},{"@type":"Person","@id":"https:\/\/www.actionproject.es\/#\/schema\/person\/01aa5bb80cabd3235975fa1fccb16e23","name":"Juanma","image":{"@type":"ImageObject","inLanguage":"en-GB","@id":"https:\/\/secure.gravatar.com\/avatar\/85f0c3c9ba6a2b2ba51b0df3346eaf50cafa606989920561324eac0dd1c938f4?s=96&d=mm&r=g","url":"https:\/\/secure.gravatar.com\/avatar\/85f0c3c9ba6a2b2ba51b0df3346eaf50cafa606989920561324eac0dd1c938f4?s=96&d=mm&r=g","contentUrl":"https:\/\/secure.gravatar.com\/avatar\/85f0c3c9ba6a2b2ba51b0df3346eaf50cafa606989920561324eac0dd1c938f4?s=96&d=mm&r=g","caption":"Juanma"},"url":"https:\/\/www.actionproject.es\/en_gb\/blog\/author\/juanma\/"}]}},"_links":{"self":[{"href":"https:\/\/www.actionproject.es\/en_gb\/wp-json\/wp\/v2\/posts\/1359","targetHints":{"allow":["GET"]}}],"collection":[{"href":"https:\/\/www.actionproject.es\/en_gb\/wp-json\/wp\/v2\/posts"}],"about":[{"href":"https:\/\/www.actionproject.es\/en_gb\/wp-json\/wp\/v2\/types\/post"}],"author":[{"embeddable":true,"href":"https:\/\/www.actionproject.es\/en_gb\/wp-json\/wp\/v2\/users\/2"}],"replies":[{"embeddable":true,"href":"https:\/\/www.actionproject.es\/en_gb\/wp-json\/wp\/v2\/comments?post=1359"}],"version-history":[{"count":2,"href":"https:\/\/www.actionproject.es\/en_gb\/wp-json\/wp\/v2\/posts\/1359\/revisions"}],"predecessor-version":[{"id":1704,"href":"https:\/\/www.actionproject.es\/en_gb\/wp-json\/wp\/v2\/posts\/1359\/revisions\/1704"}],"wp:featuredmedia":[{"embeddable":true,"href":"https:\/\/www.actionproject.es\/en_gb\/wp-json\/wp\/v2\/media\/1426"}],"wp:attachment":[{"href":"https:\/\/www.actionproject.es\/en_gb\/wp-json\/wp\/v2\/media?parent=1359"}],"wp:term":[{"taxonomy":"category","embeddable":true,"href":"https:\/\/www.actionproject.es\/en_gb\/wp-json\/wp\/v2\/categories?post=1359"},{"taxonomy":"post_tag","embeddable":true,"href":"https:\/\/www.actionproject.es\/en_gb\/wp-json\/wp\/v2\/tags?post=1359"}],"curies":[{"name":"wp","href":"https:\/\/api.w.org\/{rel}","templated":true}]}}