{"id":1361,"date":"2023-08-01T09:14:07","date_gmt":"2023-08-01T07:14:07","guid":{"rendered":"https:\/\/www.actionproject.es\/blog\/clima-laboral\/"},"modified":"2025-07-02T11:13:12","modified_gmt":"2025-07-02T09:13:12","slug":"clima-laboral","status":"publish","type":"post","link":"https:\/\/www.actionproject.es\/en_gb\/blog\/clima-laboral\/","title":{"rendered":"Clima laboral: qu\u00e9 es y c\u00f3mo mejorarlo"},"content":{"rendered":"","protected":false},"excerpt":{"rendered":"<p><span style=\"font-weight: 400;\">Muchos trabajadores piensan que el buen ambiente de la oficina es b\u00e1sico para sentirse c\u00f3modos en sus puestos. Hablamos del <\/span><b>clima laboral<\/b><span style=\"font-weight: 400;\">.<\/span><\/p>\n<p>\u00a0<\/p>\n<h2><span style=\"font-weight: 400;\">\u00bfQu\u00e9 es el clima laboral?<\/span><\/h2>\n<p><span style=\"font-weight: 400;\">Hay quienes piensan que el <\/span><b>clima laboral<\/b><span style=\"font-weight: 400;\"> se determina por la actitud de los empleados. Pero no se basa solo en eso. Tambi\u00e9n influye el entorno psicol\u00f3gico y organizacional en el que se producen las relaciones de trabajo.<\/span><\/p>\n<p><span style=\"font-weight: 400;\">Fomentarlo es muy importante para mejorar la<\/span><a href=\"https:\/\/www.actionproject.es\/en_gb\/blog\/motivacion-personal-en-entorno-empresarial-piramide-maslow\/\"> <span style=\"font-weight: 400;\">motivaci\u00f3n personal en el entorno empresarial<\/span><\/a><span style=\"font-weight: 400;\">. \u00bfDe qui\u00e9n depende esto? En buena parte, de la estrategia de recursos humanos y tambi\u00e9n de las<\/span><a href=\"https:\/\/www.actionproject.es\/en_gb\/blog\/8-habilidades-directivas-ser-un-buen-lider\/\"> <span style=\"font-weight: 400;\">habilidades directivas<\/span><\/a><span style=\"font-weight: 400;\"> de los l\u00edderes de tu organizaci\u00f3n.<\/span><\/p>\n<p>\u00a0<\/p>\n<h2><span style=\"font-weight: 400;\">\u00bfC\u00f3mo mejorar el clima laboral?<\/span><\/h2>\n<p>\u00a0<\/p>\n<ul>\n<li style=\"font-weight: 400;\"><b>Ofrece un ambiente de trabajo seguro. <\/b><span style=\"font-weight: 400;\">Aspectos como recoger los cables para que nadie tropiece, facilitar los accesos a la oficina, contar con un buen sistema de climatizaci\u00f3n, etc., son muy b\u00e1sicos, pero, a veces, se descuidan.<\/span><span style=\"font-weight: 400;\"><br \/><\/span><\/li>\n<li style=\"font-weight: 400;\"><b>Fomentar el aporte de ideas.<\/b><span style=\"font-weight: 400;\"> Cada persona tiene sus propias ideas y distintas formas de enfocar las tareas y la resoluci\u00f3n de problemas en la empresa. Dejar que todos las expresen puede enriquecer el clima laboral y encontrar soluciones nuevas.<\/span><\/li>\n<li style=\"font-weight: 400;\"><b>Promueve el bienestar laboral.<\/b><span style=\"font-weight: 400;\"> Por ejemplo, respetar siempre los descansos obligatorios de los trabajadores, ser flexible con los horarios, tener en cuenta la <\/span> <span style=\"font-weight: 400;\">salud mental de los empleados\u2026 son aspectos muy importantes para gozar de un ambiente positivo.<\/span><\/li>\n<li style=\"font-weight: 400;\"><b>Comunica lo que hace bien tu equipo<\/b><span style=\"font-weight: 400;\">. A veces, nos centramos en corregir y mejorar los fallos que <\/span> <span style=\"font-weight: 400;\">cometemos. Como consecuencia, se nos olvida felicitar por aquello que los empleados hacen bien. Si todo fuera negativo, tu organizaci\u00f3n no seguir\u00eda en marcha, \u00bfverdad?<\/span><\/li>\n<\/ul>\n<p>\u00a0<\/p>\n<h2><span style=\"font-weight: 400;\">5 preguntas que debes hacerte para saber si tu empresa goza de un buen clima laboral<\/span><\/h2>\n<p>\u00a0<\/p>\n<ol>\n<li style=\"font-weight: 400;\"><span style=\"font-weight: 400;\">\u00bfSabes cu\u00e1l es la mayor fortaleza de tu compa\u00f1\u00eda?<\/span><span style=\"font-weight: 400;\"><br \/><\/span><\/li>\n<li style=\"font-weight: 400;\"><span style=\"font-weight: 400;\">\u00bfLos l\u00edderes del grupo trabajan para lograr los objetivos de la <\/span> <span style=\"font-weight: 400;\">organizaci\u00f3n?<\/span><span style=\"font-weight: 400;\"><br \/><\/span><\/li>\n<li style=\"font-weight: 400;\"><span style=\"font-weight: 400;\">\u00bfC\u00f3mo gestionan los directivos las relaciones internas del negocio?<\/span><span style=\"font-weight: 400;\"><br \/><\/span><\/li>\n<li style=\"font-weight: 400;\"><span style=\"font-weight: 400;\">\u00bfHay mucha rotaci\u00f3n de personal en la empresa?<\/span><span style=\"font-weight: 400;\"><br \/><\/span><\/li>\n<li style=\"font-weight: 400;\"><span style=\"font-weight: 400;\">\u00bfSaben los l\u00edderes de tu negocio administrar bien las distintas tareas de <\/span> <span style=\"font-weight: 400;\">los trabajadores?<\/span><span style=\"font-weight: 400;\">\n<p><\/span><\/li>\n<\/ol>\n<p><span style=\"font-weight: 400;\">Si la respuesta a alguna de estas preguntas no es tan positiva como te gustar\u00eda, puede que necesites la ayuda de una<\/span><a href=\"https:\/\/www.actionproject.es\/en_gb\/\"> <span style=\"font-weight: 400;\">consultor\u00eda de negocios<\/span><\/a><span style=\"font-weight: 400;\">. En Action Project te apoyamos en el<\/span><a href=\"\/en_gb\/servicios\/desarrollo-directivo\/\"> <span style=\"font-weight: 400;\">management development<\/span><\/a><span style=\"font-weight: 400;\"> de tu empresa para que goces de un buen <\/span><b>clima laboral<\/b><span style=\"font-weight: 400;\">.\u00a0<\/span><\/p>\n<p><span style=\"font-weight: 400;\">\u00a0<\/span><\/p>","protected":false},"author":2,"featured_media":1405,"comment_status":"closed","ping_status":"open","sticky":false,"template":"","format":"standard","meta":{"_acf_changed":false,"_joinchat":[],"footnotes":""},"categories":[10],"tags":[244,243,215],"class_list":["post-1361","post","type-post","status-publish","format-standard","has-post-thumbnail","hentry","category-estrategia-empresarial","tag-ambiente-laboral","tag-clima-laboral","tag-equipo"],"acf":[],"aioseo_notices":[],"yoast_head":"<!-- This site is optimized with the Yoast SEO plugin v27.3 - https:\/\/yoast.com\/product\/yoast-seo-wordpress\/ -->\n<title>Clima laboral: qu\u00e9 es y c\u00f3mo mejorarlo - Action Project<\/title>\n<meta name=\"robots\" content=\"index, follow, max-snippet:-1, max-image-preview:large, max-video-preview:-1\" \/>\n<link rel=\"canonical\" href=\"https:\/\/www.actionproject.es\/en_gb\/blog\/clima-laboral\/\" \/>\n<meta property=\"og:locale\" content=\"en_GB\" \/>\n<meta property=\"og:type\" content=\"article\" \/>\n<meta property=\"og:title\" content=\"Clima laboral: qu\u00e9 es y c\u00f3mo mejorarlo - Action Project\" \/>\n<meta property=\"og:description\" content=\"Muchos trabajadores piensan que el buen ambiente de la oficina es b\u00e1sico para sentirse c\u00f3modos en sus puestos. Hablamos del clima laboral. \u00a0 \u00bfQu\u00e9 es el clima laboral? Hay quienes piensan que el clima laboral se determina por la actitud de los empleados. Pero no se basa solo en eso. Tambi\u00e9n influye el entorno psicol\u00f3gico y organizacional en el que se producen las relaciones de trabajo. Fomentarlo es muy importante para mejorar la motivaci\u00f3n personal en el entorno empresarial. \u00bfDe qui\u00e9n depende esto? En buena parte, de la estrategia de recursos humanos y tambi\u00e9n de las habilidades directivas de los l\u00edderes de tu organizaci\u00f3n. \u00a0 \u00bfC\u00f3mo mejorar el clima laboral? \u00a0 Ofrece un ambiente de trabajo seguro. Aspectos como recoger los cables para que nadie tropiece, facilitar los accesos a la oficina, contar con un buen sistema de climatizaci\u00f3n, etc., son muy b\u00e1sicos, pero, a veces, se descuidan. Fomentar el aporte de ideas. Cada persona tiene sus propias ideas y distintas formas de enfocar las tareas y la resoluci\u00f3n de problemas en la empresa. Dejar que todos las expresen puede enriquecer el clima laboral y encontrar soluciones nuevas. Promueve el bienestar laboral. Por ejemplo, respetar siempre los descansos obligatorios de los trabajadores, ser flexible con los horarios, tener en cuenta la salud mental de los empleados\u2026 son aspectos muy importantes para gozar de un ambiente positivo. Comunica lo que hace bien tu equipo. A veces, nos centramos en corregir y mejorar los fallos que cometemos. Como consecuencia, se nos olvida felicitar por aquello que los empleados hacen bien. Si todo fuera negativo, tu organizaci\u00f3n no seguir\u00eda en marcha, \u00bfverdad? \u00a0 5 preguntas que debes hacerte para saber si tu empresa goza de un buen clima laboral \u00a0 \u00bfSabes cu\u00e1l es la mayor fortaleza de tu compa\u00f1\u00eda? \u00bfLos l\u00edderes del grupo trabajan para lograr los objetivos de la organizaci\u00f3n? \u00bfC\u00f3mo gestionan los directivos las relaciones internas del negocio? \u00bfHay mucha rotaci\u00f3n de personal en la empresa? \u00bfSaben los l\u00edderes de tu negocio administrar bien las distintas tareas de los trabajadores? Si la respuesta a alguna de estas preguntas no es tan positiva como te gustar\u00eda, puede que necesites la ayuda de una consultor\u00eda de negocios. En Action Project te apoyamos en el desarrollo directivo de tu empresa para que goces de un buen clima laboral.\u00a0 \u00a0\" \/>\n<meta property=\"og:url\" content=\"https:\/\/www.actionproject.es\/en_gb\/blog\/clima-laboral\/\" \/>\n<meta property=\"og:site_name\" content=\"Action Project\" \/>\n<meta property=\"article:published_time\" content=\"2023-08-01T07:14:07+00:00\" \/>\n<meta property=\"article:modified_time\" content=\"2025-07-02T09:13:12+00:00\" \/>\n<meta property=\"og:image\" content=\"https:\/\/www.actionproject.es\/wp-content\/uploads\/2025\/07\/clima-laboral.jpg\" \/>\n\t<meta property=\"og:image:width\" content=\"1200\" \/>\n\t<meta property=\"og:image:height\" content=\"800\" \/>\n\t<meta property=\"og:image:type\" content=\"image\/jpeg\" \/>\n<meta name=\"author\" content=\"Juanma\" \/>\n<meta name=\"twitter:card\" content=\"summary_large_image\" \/>\n<meta name=\"twitter:label1\" content=\"Written by\" \/>\n\t<meta name=\"twitter:data1\" content=\"Juanma\" \/>\n<script type=\"application\/ld+json\" class=\"yoast-schema-graph\">{\"@context\":\"https:\\\/\\\/schema.org\",\"@graph\":[{\"@type\":\"Article\",\"@id\":\"https:\\\/\\\/www.actionproject.es\\\/blog\\\/clima-laboral\\\/#article\",\"isPartOf\":{\"@id\":\"https:\\\/\\\/www.actionproject.es\\\/blog\\\/clima-laboral\\\/\"},\"author\":{\"name\":\"Juanma\",\"@id\":\"https:\\\/\\\/www.actionproject.es\\\/#\\\/schema\\\/person\\\/01aa5bb80cabd3235975fa1fccb16e23\"},\"headline\":\"Clima laboral: qu\u00e9 es y c\u00f3mo mejorarlo\",\"datePublished\":\"2023-08-01T07:14:07+00:00\",\"dateModified\":\"2025-07-02T09:13:12+00:00\",\"mainEntityOfPage\":{\"@id\":\"https:\\\/\\\/www.actionproject.es\\\/blog\\\/clima-laboral\\\/\"},\"wordCount\":8,\"publisher\":{\"@id\":\"https:\\\/\\\/www.actionproject.es\\\/#organization\"},\"image\":{\"@id\":\"https:\\\/\\\/www.actionproject.es\\\/blog\\\/clima-laboral\\\/#primaryimage\"},\"thumbnailUrl\":\"https:\\\/\\\/www.actionproject.es\\\/wp-content\\\/uploads\\\/2025\\\/07\\\/clima-laboral.jpg\",\"keywords\":[\"ambiente laboral\",\"clima laboral\",\"equipo\"],\"articleSection\":[\"Estrategia empresarial\"],\"inLanguage\":\"en-GB\"},{\"@type\":\"WebPage\",\"@id\":\"https:\\\/\\\/www.actionproject.es\\\/blog\\\/clima-laboral\\\/\",\"url\":\"https:\\\/\\\/www.actionproject.es\\\/blog\\\/clima-laboral\\\/\",\"name\":\"Clima laboral: qu\u00e9 es y c\u00f3mo mejorarlo - Action Project\",\"isPartOf\":{\"@id\":\"https:\\\/\\\/www.actionproject.es\\\/#website\"},\"primaryImageOfPage\":{\"@id\":\"https:\\\/\\\/www.actionproject.es\\\/blog\\\/clima-laboral\\\/#primaryimage\"},\"image\":{\"@id\":\"https:\\\/\\\/www.actionproject.es\\\/blog\\\/clima-laboral\\\/#primaryimage\"},\"thumbnailUrl\":\"https:\\\/\\\/www.actionproject.es\\\/wp-content\\\/uploads\\\/2025\\\/07\\\/clima-laboral.jpg\",\"datePublished\":\"2023-08-01T07:14:07+00:00\",\"dateModified\":\"2025-07-02T09:13:12+00:00\",\"breadcrumb\":{\"@id\":\"https:\\\/\\\/www.actionproject.es\\\/blog\\\/clima-laboral\\\/#breadcrumb\"},\"inLanguage\":\"en-GB\",\"potentialAction\":[{\"@type\":\"ReadAction\",\"target\":[\"https:\\\/\\\/www.actionproject.es\\\/blog\\\/clima-laboral\\\/\"]}]},{\"@type\":\"ImageObject\",\"inLanguage\":\"en-GB\",\"@id\":\"https:\\\/\\\/www.actionproject.es\\\/blog\\\/clima-laboral\\\/#primaryimage\",\"url\":\"https:\\\/\\\/www.actionproject.es\\\/wp-content\\\/uploads\\\/2025\\\/07\\\/clima-laboral.jpg\",\"contentUrl\":\"https:\\\/\\\/www.actionproject.es\\\/wp-content\\\/uploads\\\/2025\\\/07\\\/clima-laboral.jpg\",\"width\":1200,\"height\":800},{\"@type\":\"BreadcrumbList\",\"@id\":\"https:\\\/\\\/www.actionproject.es\\\/blog\\\/clima-laboral\\\/#breadcrumb\",\"itemListElement\":[{\"@type\":\"ListItem\",\"position\":1,\"name\":\"Portada\",\"item\":\"https:\\\/\\\/www.actionproject.es\\\/\"},{\"@type\":\"ListItem\",\"position\":2,\"name\":\"Clima laboral: qu\u00e9 es y c\u00f3mo mejorarlo\"}]},{\"@type\":\"WebSite\",\"@id\":\"https:\\\/\\\/www.actionproject.es\\\/#website\",\"url\":\"https:\\\/\\\/www.actionproject.es\\\/\",\"name\":\"Action Project\",\"description\":\"\",\"publisher\":{\"@id\":\"https:\\\/\\\/www.actionproject.es\\\/#organization\"},\"potentialAction\":[{\"@type\":\"SearchAction\",\"target\":{\"@type\":\"EntryPoint\",\"urlTemplate\":\"https:\\\/\\\/www.actionproject.es\\\/?s={search_term_string}\"},\"query-input\":{\"@type\":\"PropertyValueSpecification\",\"valueRequired\":true,\"valueName\":\"search_term_string\"}}],\"inLanguage\":\"en-GB\"},{\"@type\":\"Organization\",\"@id\":\"https:\\\/\\\/www.actionproject.es\\\/#organization\",\"name\":\"Action Project\",\"url\":\"https:\\\/\\\/www.actionproject.es\\\/\",\"logo\":{\"@type\":\"ImageObject\",\"inLanguage\":\"en-GB\",\"@id\":\"https:\\\/\\\/www.actionproject.es\\\/#\\\/schema\\\/logo\\\/image\\\/\",\"url\":\"https:\\\/\\\/www.actionproject.es\\\/wp-content\\\/uploads\\\/2025\\\/02\\\/favicon-action.png\",\"contentUrl\":\"https:\\\/\\\/www.actionproject.es\\\/wp-content\\\/uploads\\\/2025\\\/02\\\/favicon-action.png\",\"width\":512,\"height\":512,\"caption\":\"Action Project\"},\"image\":{\"@id\":\"https:\\\/\\\/www.actionproject.es\\\/#\\\/schema\\\/logo\\\/image\\\/\"}},{\"@type\":\"Person\",\"@id\":\"https:\\\/\\\/www.actionproject.es\\\/#\\\/schema\\\/person\\\/01aa5bb80cabd3235975fa1fccb16e23\",\"name\":\"Juanma\",\"image\":{\"@type\":\"ImageObject\",\"inLanguage\":\"en-GB\",\"@id\":\"https:\\\/\\\/secure.gravatar.com\\\/avatar\\\/85f0c3c9ba6a2b2ba51b0df3346eaf50cafa606989920561324eac0dd1c938f4?s=96&d=mm&r=g\",\"url\":\"https:\\\/\\\/secure.gravatar.com\\\/avatar\\\/85f0c3c9ba6a2b2ba51b0df3346eaf50cafa606989920561324eac0dd1c938f4?s=96&d=mm&r=g\",\"contentUrl\":\"https:\\\/\\\/secure.gravatar.com\\\/avatar\\\/85f0c3c9ba6a2b2ba51b0df3346eaf50cafa606989920561324eac0dd1c938f4?s=96&d=mm&r=g\",\"caption\":\"Juanma\"},\"url\":\"https:\\\/\\\/www.actionproject.es\\\/en_gb\\\/blog\\\/author\\\/juanma\\\/\"}]}<\/script>\n<!-- \/ Yoast SEO plugin. -->","yoast_head_json":{"title":"Clima laboral: qu\u00e9 es y c\u00f3mo mejorarlo - Action Project","robots":{"index":"index","follow":"follow","max-snippet":"max-snippet:-1","max-image-preview":"max-image-preview:large","max-video-preview":"max-video-preview:-1"},"canonical":"https:\/\/www.actionproject.es\/en_gb\/blog\/clima-laboral\/","og_locale":"en_GB","og_type":"article","og_title":"Clima laboral: qu\u00e9 es y c\u00f3mo mejorarlo - Action Project","og_description":"Muchos trabajadores piensan que el buen ambiente de la oficina es b\u00e1sico para sentirse c\u00f3modos en sus puestos. Hablamos del clima laboral. \u00a0 \u00bfQu\u00e9 es el clima laboral? Hay quienes piensan que el clima laboral se determina por la actitud de los empleados. Pero no se basa solo en eso. Tambi\u00e9n influye el entorno psicol\u00f3gico y organizacional en el que se producen las relaciones de trabajo. Fomentarlo es muy importante para mejorar la motivaci\u00f3n personal en el entorno empresarial. \u00bfDe qui\u00e9n depende esto? En buena parte, de la estrategia de recursos humanos y tambi\u00e9n de las habilidades directivas de los l\u00edderes de tu organizaci\u00f3n. \u00a0 \u00bfC\u00f3mo mejorar el clima laboral? \u00a0 Ofrece un ambiente de trabajo seguro. Aspectos como recoger los cables para que nadie tropiece, facilitar los accesos a la oficina, contar con un buen sistema de climatizaci\u00f3n, etc., son muy b\u00e1sicos, pero, a veces, se descuidan. Fomentar el aporte de ideas. Cada persona tiene sus propias ideas y distintas formas de enfocar las tareas y la resoluci\u00f3n de problemas en la empresa. Dejar que todos las expresen puede enriquecer el clima laboral y encontrar soluciones nuevas. Promueve el bienestar laboral. Por ejemplo, respetar siempre los descansos obligatorios de los trabajadores, ser flexible con los horarios, tener en cuenta la salud mental de los empleados\u2026 son aspectos muy importantes para gozar de un ambiente positivo. Comunica lo que hace bien tu equipo. A veces, nos centramos en corregir y mejorar los fallos que cometemos. Como consecuencia, se nos olvida felicitar por aquello que los empleados hacen bien. Si todo fuera negativo, tu organizaci\u00f3n no seguir\u00eda en marcha, \u00bfverdad? \u00a0 5 preguntas que debes hacerte para saber si tu empresa goza de un buen clima laboral \u00a0 \u00bfSabes cu\u00e1l es la mayor fortaleza de tu compa\u00f1\u00eda? \u00bfLos l\u00edderes del grupo trabajan para lograr los objetivos de la organizaci\u00f3n? \u00bfC\u00f3mo gestionan los directivos las relaciones internas del negocio? \u00bfHay mucha rotaci\u00f3n de personal en la empresa? \u00bfSaben los l\u00edderes de tu negocio administrar bien las distintas tareas de los trabajadores? Si la respuesta a alguna de estas preguntas no es tan positiva como te gustar\u00eda, puede que necesites la ayuda de una consultor\u00eda de negocios. En Action Project te apoyamos en el desarrollo directivo de tu empresa para que goces de un buen clima laboral.\u00a0 \u00a0","og_url":"https:\/\/www.actionproject.es\/en_gb\/blog\/clima-laboral\/","og_site_name":"Action Project","article_published_time":"2023-08-01T07:14:07+00:00","article_modified_time":"2025-07-02T09:13:12+00:00","og_image":[{"width":1200,"height":800,"url":"https:\/\/www.actionproject.es\/wp-content\/uploads\/2025\/07\/clima-laboral.jpg","type":"image\/jpeg"}],"author":"Juanma","twitter_card":"summary_large_image","twitter_misc":{"Written by":"Juanma"},"schema":{"@context":"https:\/\/schema.org","@graph":[{"@type":"Article","@id":"https:\/\/www.actionproject.es\/blog\/clima-laboral\/#article","isPartOf":{"@id":"https:\/\/www.actionproject.es\/blog\/clima-laboral\/"},"author":{"name":"Juanma","@id":"https:\/\/www.actionproject.es\/#\/schema\/person\/01aa5bb80cabd3235975fa1fccb16e23"},"headline":"Clima laboral: qu\u00e9 es y c\u00f3mo mejorarlo","datePublished":"2023-08-01T07:14:07+00:00","dateModified":"2025-07-02T09:13:12+00:00","mainEntityOfPage":{"@id":"https:\/\/www.actionproject.es\/blog\/clima-laboral\/"},"wordCount":8,"publisher":{"@id":"https:\/\/www.actionproject.es\/#organization"},"image":{"@id":"https:\/\/www.actionproject.es\/blog\/clima-laboral\/#primaryimage"},"thumbnailUrl":"https:\/\/www.actionproject.es\/wp-content\/uploads\/2025\/07\/clima-laboral.jpg","keywords":["ambiente laboral","clima laboral","equipo"],"articleSection":["Estrategia empresarial"],"inLanguage":"en-GB"},{"@type":"WebPage","@id":"https:\/\/www.actionproject.es\/blog\/clima-laboral\/","url":"https:\/\/www.actionproject.es\/blog\/clima-laboral\/","name":"Clima laboral: qu\u00e9 es y c\u00f3mo mejorarlo - Action Project","isPartOf":{"@id":"https:\/\/www.actionproject.es\/#website"},"primaryImageOfPage":{"@id":"https:\/\/www.actionproject.es\/blog\/clima-laboral\/#primaryimage"},"image":{"@id":"https:\/\/www.actionproject.es\/blog\/clima-laboral\/#primaryimage"},"thumbnailUrl":"https:\/\/www.actionproject.es\/wp-content\/uploads\/2025\/07\/clima-laboral.jpg","datePublished":"2023-08-01T07:14:07+00:00","dateModified":"2025-07-02T09:13:12+00:00","breadcrumb":{"@id":"https:\/\/www.actionproject.es\/blog\/clima-laboral\/#breadcrumb"},"inLanguage":"en-GB","potentialAction":[{"@type":"ReadAction","target":["https:\/\/www.actionproject.es\/blog\/clima-laboral\/"]}]},{"@type":"ImageObject","inLanguage":"en-GB","@id":"https:\/\/www.actionproject.es\/blog\/clima-laboral\/#primaryimage","url":"https:\/\/www.actionproject.es\/wp-content\/uploads\/2025\/07\/clima-laboral.jpg","contentUrl":"https:\/\/www.actionproject.es\/wp-content\/uploads\/2025\/07\/clima-laboral.jpg","width":1200,"height":800},{"@type":"BreadcrumbList","@id":"https:\/\/www.actionproject.es\/blog\/clima-laboral\/#breadcrumb","itemListElement":[{"@type":"ListItem","position":1,"name":"Portada","item":"https:\/\/www.actionproject.es\/"},{"@type":"ListItem","position":2,"name":"Clima laboral: qu\u00e9 es y c\u00f3mo mejorarlo"}]},{"@type":"WebSite","@id":"https:\/\/www.actionproject.es\/#website","url":"https:\/\/www.actionproject.es\/","name":"Action Project","description":"","publisher":{"@id":"https:\/\/www.actionproject.es\/#organization"},"potentialAction":[{"@type":"SearchAction","target":{"@type":"EntryPoint","urlTemplate":"https:\/\/www.actionproject.es\/?s={search_term_string}"},"query-input":{"@type":"PropertyValueSpecification","valueRequired":true,"valueName":"search_term_string"}}],"inLanguage":"en-GB"},{"@type":"Organization","@id":"https:\/\/www.actionproject.es\/#organization","name":"Action Project","url":"https:\/\/www.actionproject.es\/","logo":{"@type":"ImageObject","inLanguage":"en-GB","@id":"https:\/\/www.actionproject.es\/#\/schema\/logo\/image\/","url":"https:\/\/www.actionproject.es\/wp-content\/uploads\/2025\/02\/favicon-action.png","contentUrl":"https:\/\/www.actionproject.es\/wp-content\/uploads\/2025\/02\/favicon-action.png","width":512,"height":512,"caption":"Action Project"},"image":{"@id":"https:\/\/www.actionproject.es\/#\/schema\/logo\/image\/"}},{"@type":"Person","@id":"https:\/\/www.actionproject.es\/#\/schema\/person\/01aa5bb80cabd3235975fa1fccb16e23","name":"Juanma","image":{"@type":"ImageObject","inLanguage":"en-GB","@id":"https:\/\/secure.gravatar.com\/avatar\/85f0c3c9ba6a2b2ba51b0df3346eaf50cafa606989920561324eac0dd1c938f4?s=96&d=mm&r=g","url":"https:\/\/secure.gravatar.com\/avatar\/85f0c3c9ba6a2b2ba51b0df3346eaf50cafa606989920561324eac0dd1c938f4?s=96&d=mm&r=g","contentUrl":"https:\/\/secure.gravatar.com\/avatar\/85f0c3c9ba6a2b2ba51b0df3346eaf50cafa606989920561324eac0dd1c938f4?s=96&d=mm&r=g","caption":"Juanma"},"url":"https:\/\/www.actionproject.es\/en_gb\/blog\/author\/juanma\/"}]}},"_links":{"self":[{"href":"https:\/\/www.actionproject.es\/en_gb\/wp-json\/wp\/v2\/posts\/1361","targetHints":{"allow":["GET"]}}],"collection":[{"href":"https:\/\/www.actionproject.es\/en_gb\/wp-json\/wp\/v2\/posts"}],"about":[{"href":"https:\/\/www.actionproject.es\/en_gb\/wp-json\/wp\/v2\/types\/post"}],"author":[{"embeddable":true,"href":"https:\/\/www.actionproject.es\/en_gb\/wp-json\/wp\/v2\/users\/2"}],"replies":[{"embeddable":true,"href":"https:\/\/www.actionproject.es\/en_gb\/wp-json\/wp\/v2\/comments?post=1361"}],"version-history":[{"count":2,"href":"https:\/\/www.actionproject.es\/en_gb\/wp-json\/wp\/v2\/posts\/1361\/revisions"}],"predecessor-version":[{"id":1706,"href":"https:\/\/www.actionproject.es\/en_gb\/wp-json\/wp\/v2\/posts\/1361\/revisions\/1706"}],"wp:featuredmedia":[{"embeddable":true,"href":"https:\/\/www.actionproject.es\/en_gb\/wp-json\/wp\/v2\/media\/1405"}],"wp:attachment":[{"href":"https:\/\/www.actionproject.es\/en_gb\/wp-json\/wp\/v2\/media?parent=1361"}],"wp:term":[{"taxonomy":"category","embeddable":true,"href":"https:\/\/www.actionproject.es\/en_gb\/wp-json\/wp\/v2\/categories?post=1361"},{"taxonomy":"post_tag","embeddable":true,"href":"https:\/\/www.actionproject.es\/en_gb\/wp-json\/wp\/v2\/tags?post=1361"}],"curies":[{"name":"wp","href":"https:\/\/api.w.org\/{rel}","templated":true}]}}