{"id":1364,"date":"2023-09-19T08:09:05","date_gmt":"2023-09-19T06:09:05","guid":{"rendered":"https:\/\/www.actionproject.es\/blog\/mapa-estrategico\/"},"modified":"2025-07-02T11:13:12","modified_gmt":"2025-07-02T09:13:12","slug":"mapa-estrategico","status":"publish","type":"post","link":"https:\/\/www.actionproject.es\/en_gb\/blog\/mapa-estrategico\/","title":{"rendered":"\u00bfQu\u00e9 es un mapa estrat\u00e9gico para una empresa?"},"content":{"rendered":"<p>\u00a0<\/p>\n<h2>\u00bfQu\u00e9 son los mapas estrat\u00e9gicos?<\/h2>\n<p>\u00a0<\/p>\n<p>Se trata de herramientas que permiten representar y describir la estrategia de un negocio. Ayudan a alinear los objetivos de la empresa con su misi\u00f3n, visi\u00f3n y valores y los resultados que se persiguen conseguir con la estrategia.<\/p>\n<p>\u00a0<\/p>\n<h3>Ventajas de contar con un mapa estrat\u00e9gico en una empresa<\/h3>\n<p>\u00a0<\/p>\n<ul>\n<li>Identifica los <a href=\"https:\/\/www.actionproject.es\/en_gb\/blog\/objetivos-empresariales-y-su-importancia\/\">objetivos empresariales<\/a> y las metas para alcanzarlos.<\/li>\n<li>Ayuda a comunicar la estrategia a tu equipo y se desarrollen acciones que contribuyan a lograr los objetivos de negocio.<\/li>\n<li>Permite <a href=\"https:\/\/www.actionproject.es\/en_gb\/blog\/toma-de-decisiones-en-la-empresa\/\">tomar decisiones en la empresa<\/a> m\u00e1s conscientes y basadas en datos.<\/li>\n<li>Ayuda a hacer un seguimiento del progreso de tu estrategia y saber en qu\u00e9 punto te encuentras. Esto posibilita ajustar tu plan de acci\u00f3n en caso necesario.<\/li>\n<\/ul>\n<p>\u00a0<\/p>\n<h2>Pasos para hacer un mapa estrat\u00e9gico empresarial<\/h2>\n<p>\u00a0<\/p>\n<p><strong>1. Define la misi\u00f3n, visi\u00f3n y valores<\/strong>. Aunque puede que ya hayas trabajado en ello, te ayudar\u00e1n a sentar las bases de tu mapa estrat\u00e9gico. Si no lo tienes claro a\u00fan, necesitas empezar por aqu\u00ed.<\/p>\n<p><strong>2. Analiza el entorno de tu organizaci\u00f3n.<\/strong> Antes de desarrollar tu estrategia es importante que entiendas el contexto y las tendencias de tu sector.<\/p>\n<p><strong>3. Fija tus objetivos de empresa y tu propuesta de valor.<\/strong> Esenciales para alcanzar las metas planteadas.<\/p>\n<p><strong>4. Establece tu estrategia.<\/strong> Cuando tengas definidos los objetivos, la direcci\u00f3n que quieres tomar y el entorno, ya puedes comenzar a establecer las bases de tu estrategia. Hazlo desde cuatro perspectivas:<\/p>\n<ul>\n<li><span style=\"text-decoration: underline;\">Financiera<\/span>: Puede enfocarse en el crecimiento, en la productividad o en el uso de recursos.<\/li>\n<li><span style=\"text-decoration: underline;\">Clientes<\/span>: Identifica y entiende qui\u00e9n es tu p\u00fablico objetivo para ofrecerle tu propuesta de valor.<\/li>\n<li><span style=\"text-decoration: underline;\">Internas<\/span>: \u00bfC\u00f3mo gestiona tu organizaci\u00f3n sus procesos internos y desarrolla su capital humano, informativo y organizativo? Para llevar a cabo este punto deber\u00e1s contar con algo fundamental: un buen l\u00edder.<\/li>\n<li><span style=\"text-decoration: underline;\">Aprendizaje y crecimiento<\/span>: Nos referimos a las habilidades, conocimientos y sistemas de organizaci\u00f3n de tu empresa.<\/li>\n<\/ul>\n<p>\u00a0<\/p>\n<p>En Action Project hemos creado una <strong>methodology<\/strong> for the <a href=\"\/en_gb\/servicios\/profesionalizacion-de-la-empresa\/\">profesionalizaci\u00f3n de empresas<\/a>. Tenemos en cuenta aspectos como el concepto de empresa, el mapa estrat\u00e9gico o la alta direcci\u00f3n.<\/p>\n<p>\u00bfQuieres aumentar la rentabilidad de tu negocio? <a href=\"https:\/\/www.actionproject.es\/en_gb\/contacto\/\">Cont\u00e1ctanos ahora<\/a>.<\/p>","protected":false},"excerpt":{"rendered":"<p>Toda organizaci\u00f3n necesita contar con una estrategia. Aunque, a veces, esta se recoge en documentos largos que a menudo resultan dif\u00edciles de entender. \u00bfY si te planteas crear un <strong>mapa estrat\u00e9gico<\/strong>?<\/p>","protected":false},"author":2,"featured_media":1487,"comment_status":"closed","ping_status":"open","sticky":false,"template":"","format":"standard","meta":{"_acf_changed":false,"_joinchat":[],"footnotes":""},"categories":[10],"tags":[131,204,198],"class_list":["post-1364","post","type-post","status-publish","format-standard","has-post-thumbnail","hentry","category-estrategia-empresarial","tag-estrategia-de-negocios","tag-estrategia-empresarial","tag-profesionalizacion-de-empresa"],"acf":[],"aioseo_notices":[],"yoast_head":"<!-- This site is optimized with the Yoast SEO plugin v27.3 - https:\/\/yoast.com\/product\/yoast-seo-wordpress\/ -->\n<title>\u00bfQu\u00e9 es un mapa estrat\u00e9gico para una empresa? - Action Project<\/title>\n<meta name=\"robots\" content=\"index, follow, max-snippet:-1, max-image-preview:large, max-video-preview:-1\" \/>\n<link rel=\"canonical\" href=\"https:\/\/www.actionproject.es\/en_gb\/blog\/mapa-estrategico\/\" \/>\n<meta property=\"og:locale\" content=\"en_GB\" \/>\n<meta property=\"og:type\" content=\"article\" \/>\n<meta property=\"og:title\" content=\"\u00bfQu\u00e9 es un mapa estrat\u00e9gico para una empresa? - Action Project\" \/>\n<meta property=\"og:description\" content=\"Toda organizaci\u00f3n necesita contar con una estrategia. Aunque, a veces, esta se recoge en documentos largos que a menudo resultan dif\u00edciles de entender. \u00bfY si te planteas crear un mapa estrat\u00e9gico?\" \/>\n<meta property=\"og:url\" content=\"https:\/\/www.actionproject.es\/en_gb\/blog\/mapa-estrategico\/\" \/>\n<meta property=\"og:site_name\" content=\"Action Project\" \/>\n<meta property=\"article:published_time\" content=\"2023-09-19T06:09:05+00:00\" \/>\n<meta property=\"article:modified_time\" content=\"2025-07-02T09:13:12+00:00\" \/>\n<meta property=\"og:image\" content=\"https:\/\/www.actionproject.es\/wp-content\/uploads\/2025\/07\/mapa-estrategico.jpg\" \/>\n\t<meta property=\"og:image:width\" content=\"1200\" \/>\n\t<meta property=\"og:image:height\" content=\"796\" \/>\n\t<meta property=\"og:image:type\" content=\"image\/jpeg\" \/>\n<meta name=\"author\" content=\"Juanma\" \/>\n<meta name=\"twitter:card\" content=\"summary_large_image\" \/>\n<meta name=\"twitter:label1\" content=\"Written by\" \/>\n\t<meta name=\"twitter:data1\" content=\"Juanma\" \/>\n\t<meta name=\"twitter:label2\" content=\"Estimated reading time\" \/>\n\t<meta name=\"twitter:data2\" content=\"2 minutes\" \/>\n<script type=\"application\/ld+json\" class=\"yoast-schema-graph\">{\"@context\":\"https:\\\/\\\/schema.org\",\"@graph\":[{\"@type\":\"Article\",\"@id\":\"https:\\\/\\\/www.actionproject.es\\\/blog\\\/mapa-estrategico\\\/#article\",\"isPartOf\":{\"@id\":\"https:\\\/\\\/www.actionproject.es\\\/blog\\\/mapa-estrategico\\\/\"},\"author\":{\"name\":\"Juanma\",\"@id\":\"https:\\\/\\\/www.actionproject.es\\\/#\\\/schema\\\/person\\\/01aa5bb80cabd3235975fa1fccb16e23\"},\"headline\":\"\u00bfQu\u00e9 es un mapa estrat\u00e9gico para una empresa?\",\"datePublished\":\"2023-09-19T06:09:05+00:00\",\"dateModified\":\"2025-07-02T09:13:12+00:00\",\"mainEntityOfPage\":{\"@id\":\"https:\\\/\\\/www.actionproject.es\\\/blog\\\/mapa-estrategico\\\/\"},\"wordCount\":380,\"publisher\":{\"@id\":\"https:\\\/\\\/www.actionproject.es\\\/#organization\"},\"image\":{\"@id\":\"https:\\\/\\\/www.actionproject.es\\\/blog\\\/mapa-estrategico\\\/#primaryimage\"},\"thumbnailUrl\":\"https:\\\/\\\/www.actionproject.es\\\/wp-content\\\/uploads\\\/2025\\\/07\\\/mapa-estrategico.jpg\",\"keywords\":[\"estrategia de negocios\",\"estrategia empresarial\",\"profesionalizaci\u00f3n de empresa\"],\"articleSection\":[\"Estrategia empresarial\"],\"inLanguage\":\"en-GB\"},{\"@type\":\"WebPage\",\"@id\":\"https:\\\/\\\/www.actionproject.es\\\/blog\\\/mapa-estrategico\\\/\",\"url\":\"https:\\\/\\\/www.actionproject.es\\\/blog\\\/mapa-estrategico\\\/\",\"name\":\"\u00bfQu\u00e9 es un mapa estrat\u00e9gico para una empresa? - Action Project\",\"isPartOf\":{\"@id\":\"https:\\\/\\\/www.actionproject.es\\\/#website\"},\"primaryImageOfPage\":{\"@id\":\"https:\\\/\\\/www.actionproject.es\\\/blog\\\/mapa-estrategico\\\/#primaryimage\"},\"image\":{\"@id\":\"https:\\\/\\\/www.actionproject.es\\\/blog\\\/mapa-estrategico\\\/#primaryimage\"},\"thumbnailUrl\":\"https:\\\/\\\/www.actionproject.es\\\/wp-content\\\/uploads\\\/2025\\\/07\\\/mapa-estrategico.jpg\",\"datePublished\":\"2023-09-19T06:09:05+00:00\",\"dateModified\":\"2025-07-02T09:13:12+00:00\",\"breadcrumb\":{\"@id\":\"https:\\\/\\\/www.actionproject.es\\\/blog\\\/mapa-estrategico\\\/#breadcrumb\"},\"inLanguage\":\"en-GB\",\"potentialAction\":[{\"@type\":\"ReadAction\",\"target\":[\"https:\\\/\\\/www.actionproject.es\\\/blog\\\/mapa-estrategico\\\/\"]}]},{\"@type\":\"ImageObject\",\"inLanguage\":\"en-GB\",\"@id\":\"https:\\\/\\\/www.actionproject.es\\\/blog\\\/mapa-estrategico\\\/#primaryimage\",\"url\":\"https:\\\/\\\/www.actionproject.es\\\/wp-content\\\/uploads\\\/2025\\\/07\\\/mapa-estrategico.jpg\",\"contentUrl\":\"https:\\\/\\\/www.actionproject.es\\\/wp-content\\\/uploads\\\/2025\\\/07\\\/mapa-estrategico.jpg\",\"width\":1200,\"height\":796},{\"@type\":\"BreadcrumbList\",\"@id\":\"https:\\\/\\\/www.actionproject.es\\\/blog\\\/mapa-estrategico\\\/#breadcrumb\",\"itemListElement\":[{\"@type\":\"ListItem\",\"position\":1,\"name\":\"Portada\",\"item\":\"https:\\\/\\\/www.actionproject.es\\\/\"},{\"@type\":\"ListItem\",\"position\":2,\"name\":\"\u00bfQu\u00e9 es un mapa estrat\u00e9gico para una empresa?\"}]},{\"@type\":\"WebSite\",\"@id\":\"https:\\\/\\\/www.actionproject.es\\\/#website\",\"url\":\"https:\\\/\\\/www.actionproject.es\\\/\",\"name\":\"Action Project\",\"description\":\"\",\"publisher\":{\"@id\":\"https:\\\/\\\/www.actionproject.es\\\/#organization\"},\"potentialAction\":[{\"@type\":\"SearchAction\",\"target\":{\"@type\":\"EntryPoint\",\"urlTemplate\":\"https:\\\/\\\/www.actionproject.es\\\/?s={search_term_string}\"},\"query-input\":{\"@type\":\"PropertyValueSpecification\",\"valueRequired\":true,\"valueName\":\"search_term_string\"}}],\"inLanguage\":\"en-GB\"},{\"@type\":\"Organization\",\"@id\":\"https:\\\/\\\/www.actionproject.es\\\/#organization\",\"name\":\"Action Project\",\"url\":\"https:\\\/\\\/www.actionproject.es\\\/\",\"logo\":{\"@type\":\"ImageObject\",\"inLanguage\":\"en-GB\",\"@id\":\"https:\\\/\\\/www.actionproject.es\\\/#\\\/schema\\\/logo\\\/image\\\/\",\"url\":\"https:\\\/\\\/www.actionproject.es\\\/wp-content\\\/uploads\\\/2025\\\/02\\\/favicon-action.png\",\"contentUrl\":\"https:\\\/\\\/www.actionproject.es\\\/wp-content\\\/uploads\\\/2025\\\/02\\\/favicon-action.png\",\"width\":512,\"height\":512,\"caption\":\"Action Project\"},\"image\":{\"@id\":\"https:\\\/\\\/www.actionproject.es\\\/#\\\/schema\\\/logo\\\/image\\\/\"}},{\"@type\":\"Person\",\"@id\":\"https:\\\/\\\/www.actionproject.es\\\/#\\\/schema\\\/person\\\/01aa5bb80cabd3235975fa1fccb16e23\",\"name\":\"Juanma\",\"image\":{\"@type\":\"ImageObject\",\"inLanguage\":\"en-GB\",\"@id\":\"https:\\\/\\\/secure.gravatar.com\\\/avatar\\\/85f0c3c9ba6a2b2ba51b0df3346eaf50cafa606989920561324eac0dd1c938f4?s=96&d=mm&r=g\",\"url\":\"https:\\\/\\\/secure.gravatar.com\\\/avatar\\\/85f0c3c9ba6a2b2ba51b0df3346eaf50cafa606989920561324eac0dd1c938f4?s=96&d=mm&r=g\",\"contentUrl\":\"https:\\\/\\\/secure.gravatar.com\\\/avatar\\\/85f0c3c9ba6a2b2ba51b0df3346eaf50cafa606989920561324eac0dd1c938f4?s=96&d=mm&r=g\",\"caption\":\"Juanma\"},\"url\":\"https:\\\/\\\/www.actionproject.es\\\/en_gb\\\/blog\\\/author\\\/juanma\\\/\"}]}<\/script>\n<!-- \/ Yoast SEO plugin. -->","yoast_head_json":{"title":"\u00bfQu\u00e9 es un mapa estrat\u00e9gico para una empresa? - Action Project","robots":{"index":"index","follow":"follow","max-snippet":"max-snippet:-1","max-image-preview":"max-image-preview:large","max-video-preview":"max-video-preview:-1"},"canonical":"https:\/\/www.actionproject.es\/en_gb\/blog\/mapa-estrategico\/","og_locale":"en_GB","og_type":"article","og_title":"\u00bfQu\u00e9 es un mapa estrat\u00e9gico para una empresa? - Action Project","og_description":"Toda organizaci\u00f3n necesita contar con una estrategia. Aunque, a veces, esta se recoge en documentos largos que a menudo resultan dif\u00edciles de entender. \u00bfY si te planteas crear un mapa estrat\u00e9gico?","og_url":"https:\/\/www.actionproject.es\/en_gb\/blog\/mapa-estrategico\/","og_site_name":"Action Project","article_published_time":"2023-09-19T06:09:05+00:00","article_modified_time":"2025-07-02T09:13:12+00:00","og_image":[{"width":1200,"height":796,"url":"https:\/\/www.actionproject.es\/wp-content\/uploads\/2025\/07\/mapa-estrategico.jpg","type":"image\/jpeg"}],"author":"Juanma","twitter_card":"summary_large_image","twitter_misc":{"Written by":"Juanma","Estimated reading time":"2 minutes"},"schema":{"@context":"https:\/\/schema.org","@graph":[{"@type":"Article","@id":"https:\/\/www.actionproject.es\/blog\/mapa-estrategico\/#article","isPartOf":{"@id":"https:\/\/www.actionproject.es\/blog\/mapa-estrategico\/"},"author":{"name":"Juanma","@id":"https:\/\/www.actionproject.es\/#\/schema\/person\/01aa5bb80cabd3235975fa1fccb16e23"},"headline":"\u00bfQu\u00e9 es un mapa estrat\u00e9gico para una empresa?","datePublished":"2023-09-19T06:09:05+00:00","dateModified":"2025-07-02T09:13:12+00:00","mainEntityOfPage":{"@id":"https:\/\/www.actionproject.es\/blog\/mapa-estrategico\/"},"wordCount":380,"publisher":{"@id":"https:\/\/www.actionproject.es\/#organization"},"image":{"@id":"https:\/\/www.actionproject.es\/blog\/mapa-estrategico\/#primaryimage"},"thumbnailUrl":"https:\/\/www.actionproject.es\/wp-content\/uploads\/2025\/07\/mapa-estrategico.jpg","keywords":["estrategia de negocios","estrategia empresarial","profesionalizaci\u00f3n de empresa"],"articleSection":["Estrategia empresarial"],"inLanguage":"en-GB"},{"@type":"WebPage","@id":"https:\/\/www.actionproject.es\/blog\/mapa-estrategico\/","url":"https:\/\/www.actionproject.es\/blog\/mapa-estrategico\/","name":"\u00bfQu\u00e9 es un mapa estrat\u00e9gico para una empresa? - Action Project","isPartOf":{"@id":"https:\/\/www.actionproject.es\/#website"},"primaryImageOfPage":{"@id":"https:\/\/www.actionproject.es\/blog\/mapa-estrategico\/#primaryimage"},"image":{"@id":"https:\/\/www.actionproject.es\/blog\/mapa-estrategico\/#primaryimage"},"thumbnailUrl":"https:\/\/www.actionproject.es\/wp-content\/uploads\/2025\/07\/mapa-estrategico.jpg","datePublished":"2023-09-19T06:09:05+00:00","dateModified":"2025-07-02T09:13:12+00:00","breadcrumb":{"@id":"https:\/\/www.actionproject.es\/blog\/mapa-estrategico\/#breadcrumb"},"inLanguage":"en-GB","potentialAction":[{"@type":"ReadAction","target":["https:\/\/www.actionproject.es\/blog\/mapa-estrategico\/"]}]},{"@type":"ImageObject","inLanguage":"en-GB","@id":"https:\/\/www.actionproject.es\/blog\/mapa-estrategico\/#primaryimage","url":"https:\/\/www.actionproject.es\/wp-content\/uploads\/2025\/07\/mapa-estrategico.jpg","contentUrl":"https:\/\/www.actionproject.es\/wp-content\/uploads\/2025\/07\/mapa-estrategico.jpg","width":1200,"height":796},{"@type":"BreadcrumbList","@id":"https:\/\/www.actionproject.es\/blog\/mapa-estrategico\/#breadcrumb","itemListElement":[{"@type":"ListItem","position":1,"name":"Portada","item":"https:\/\/www.actionproject.es\/"},{"@type":"ListItem","position":2,"name":"\u00bfQu\u00e9 es un mapa estrat\u00e9gico para una empresa?"}]},{"@type":"WebSite","@id":"https:\/\/www.actionproject.es\/#website","url":"https:\/\/www.actionproject.es\/","name":"Action Project","description":"","publisher":{"@id":"https:\/\/www.actionproject.es\/#organization"},"potentialAction":[{"@type":"SearchAction","target":{"@type":"EntryPoint","urlTemplate":"https:\/\/www.actionproject.es\/?s={search_term_string}"},"query-input":{"@type":"PropertyValueSpecification","valueRequired":true,"valueName":"search_term_string"}}],"inLanguage":"en-GB"},{"@type":"Organization","@id":"https:\/\/www.actionproject.es\/#organization","name":"Action Project","url":"https:\/\/www.actionproject.es\/","logo":{"@type":"ImageObject","inLanguage":"en-GB","@id":"https:\/\/www.actionproject.es\/#\/schema\/logo\/image\/","url":"https:\/\/www.actionproject.es\/wp-content\/uploads\/2025\/02\/favicon-action.png","contentUrl":"https:\/\/www.actionproject.es\/wp-content\/uploads\/2025\/02\/favicon-action.png","width":512,"height":512,"caption":"Action Project"},"image":{"@id":"https:\/\/www.actionproject.es\/#\/schema\/logo\/image\/"}},{"@type":"Person","@id":"https:\/\/www.actionproject.es\/#\/schema\/person\/01aa5bb80cabd3235975fa1fccb16e23","name":"Juanma","image":{"@type":"ImageObject","inLanguage":"en-GB","@id":"https:\/\/secure.gravatar.com\/avatar\/85f0c3c9ba6a2b2ba51b0df3346eaf50cafa606989920561324eac0dd1c938f4?s=96&d=mm&r=g","url":"https:\/\/secure.gravatar.com\/avatar\/85f0c3c9ba6a2b2ba51b0df3346eaf50cafa606989920561324eac0dd1c938f4?s=96&d=mm&r=g","contentUrl":"https:\/\/secure.gravatar.com\/avatar\/85f0c3c9ba6a2b2ba51b0df3346eaf50cafa606989920561324eac0dd1c938f4?s=96&d=mm&r=g","caption":"Juanma"},"url":"https:\/\/www.actionproject.es\/en_gb\/blog\/author\/juanma\/"}]}},"_links":{"self":[{"href":"https:\/\/www.actionproject.es\/en_gb\/wp-json\/wp\/v2\/posts\/1364","targetHints":{"allow":["GET"]}}],"collection":[{"href":"https:\/\/www.actionproject.es\/en_gb\/wp-json\/wp\/v2\/posts"}],"about":[{"href":"https:\/\/www.actionproject.es\/en_gb\/wp-json\/wp\/v2\/types\/post"}],"author":[{"embeddable":true,"href":"https:\/\/www.actionproject.es\/en_gb\/wp-json\/wp\/v2\/users\/2"}],"replies":[{"embeddable":true,"href":"https:\/\/www.actionproject.es\/en_gb\/wp-json\/wp\/v2\/comments?post=1364"}],"version-history":[{"count":3,"href":"https:\/\/www.actionproject.es\/en_gb\/wp-json\/wp\/v2\/posts\/1364\/revisions"}],"predecessor-version":[{"id":1746,"href":"https:\/\/www.actionproject.es\/en_gb\/wp-json\/wp\/v2\/posts\/1364\/revisions\/1746"}],"wp:featuredmedia":[{"embeddable":true,"href":"https:\/\/www.actionproject.es\/en_gb\/wp-json\/wp\/v2\/media\/1487"}],"wp:attachment":[{"href":"https:\/\/www.actionproject.es\/en_gb\/wp-json\/wp\/v2\/media?parent=1364"}],"wp:term":[{"taxonomy":"category","embeddable":true,"href":"https:\/\/www.actionproject.es\/en_gb\/wp-json\/wp\/v2\/categories?post=1364"},{"taxonomy":"post_tag","embeddable":true,"href":"https:\/\/www.actionproject.es\/en_gb\/wp-json\/wp\/v2\/tags?post=1364"}],"curies":[{"name":"wp","href":"https:\/\/api.w.org\/{rel}","templated":true}]}}