{"id":1365,"date":"2023-09-26T08:19:55","date_gmt":"2023-09-26T06:19:55","guid":{"rendered":"https:\/\/www.actionproject.es\/blog\/productividad-personal\/"},"modified":"2025-07-02T11:13:12","modified_gmt":"2025-07-02T09:13:12","slug":"productividad-personal","status":"publish","type":"post","link":"https:\/\/www.actionproject.es\/en_gb\/blog\/productividad-personal\/","title":{"rendered":"Productividad personal: \u00bfqu\u00e9 es y c\u00f3mo mejorarla?"},"content":{"rendered":"<h2>\u00bfQu\u00e9 es la productividad personal?<\/h2>\n<p>\u00a0<\/p>\n<p>Cuando hablamos de productividad personal nos referimos a la <strong>cantidad de trabajo o al n\u00famero de tareas realizadas<\/strong>, consideradas \u00fatiles, que se hacen en un periodo de tiempo determinado. Lo habitual, es que la clasifiquemos como alta, media o baja.<\/p>\n<p>\u00a0<\/p>\n<h2>C\u00f3mo mejorar la productividad personal en el trabajo<\/h2>\n<p>\u00a0<\/p>\n<ul>\n<li><strong>Descansa bien<\/strong>. A veces, queremos abarcar tantas tareas al d\u00eda que se nos olvida lo m\u00e1s importante: dormir de siete a ocho horas diarias. Si quieres ser m\u00e1s productivo, recuerda: no eres un robot, necesitas descansar.<\/li>\n<li><strong>Planifica tu jornada laboral.<\/strong> Podemos considerar la falta de organizaci\u00f3n como uno de los mayores enemigos de la productividad personal. Al inicio de tu d\u00eda, dedica unos minutos a jerarquizar las tareas m\u00e1s relevantes y a fijar el tiempo que necesitas invertir en cada una de ellas.<\/li>\n<li><strong>Mant\u00e9n a raya las distracciones<\/strong>. Contamos con muchos est\u00edmulos alrededor: las notificaciones del m\u00f3vil, los correos de clientes, las charlas con los compa\u00f1eros de trabajo\u2026 Lo primero que debes hacer es identificarlas y buscar una soluci\u00f3n. Por ejemplo, dejar el m\u00f3vil en tu taquilla para no usarlo durante tu jornada laboral.<\/li>\n<li><strong>C\u00e9ntrate en una cosa a la vez.<\/strong> Como dice el refr\u00e1n: \u00abquien mucho abarca, poco aprieta\u00bb. Intentar acaparar varias tareas con el fin de terminar antes, causar\u00e1 el efecto contrario: perder\u00e1s m\u00e1s tiempo y tu productividad ser\u00e1 menor.<\/li>\n<\/ul>\n<p>\u00a0<\/p>\n<h3>\u00bfSab\u00edas que los errores en el liderazgo pueden ser la causa de la baja productividad personal?<\/h3>\n<p>\u00a0<\/p>\n<p>La falta de productividad muchas veces encuentra su origen en la ausencia de un <a href=\"https:\/\/www.actionproject.es\/en_gb\/blog\/puede-haber-exito-buen-liderazgo-empresarial\/\">buen liderazgo en la empresa<\/a>. Sino, ponte en la piel de un trabajador que:<\/p>\n<ul>\n<li>Tiene un jefe muy autoritario.<\/li>\n<li>No le queda claro cu\u00e1les son las tareas que debe realizar.<\/li>\n<li>Su l\u00edder apenas est\u00e1 disponible y esto impide preguntarle sus dudas.<\/li>\n<li>Recibe los horarios de trabajo con poca antelaci\u00f3n.<\/li>\n<\/ul>\n<p>\u00a0<\/p>\n<p>En estos casos, resulta l\u00f3gico que la productividad personal disminuya. La buena noticia es que esto puede cambiar. \u00bfC\u00f3mo? Apuesta por el <a href=\"\/en_gb\/servicios\/desarrollo-directivo\/\">management development<\/a>.<\/p>\n<p>En Action Project te damos las <a href=\"https:\/\/www.actionproject.es\/en_gb\/blog\/claves-liderazgo-efectivo-motivar-equipo\/\">claves de un liderazgo efectivo<\/a> que ayudar\u00e1 a aumentar la <strong>productividad personal<\/strong> de tu equipo. \u00bf<a href=\"https:\/\/www.actionproject.es\/en_gb\/contacto\/\">Hablamos<\/a>?<\/p>","protected":false},"excerpt":{"rendered":"<p>Puede que alguna vez hayas tenido la sensaci\u00f3n de haber sido poco productivo en tu jornada laboral. Pero \u00bfsabes bien qu\u00e9 significa el concepto de <strong>productividad personal<\/strong>? Si te interesa aumentar tu rendimiento, dedica unos minutos a leer este <em>post<\/em>.<\/p>","protected":false},"author":2,"featured_media":1509,"comment_status":"closed","ping_status":"open","sticky":false,"template":"","format":"standard","meta":{"_acf_changed":false,"_joinchat":[],"footnotes":""},"categories":[10],"tags":[187,186,64],"class_list":["post-1365","post","type-post","status-publish","format-standard","has-post-thumbnail","hentry","category-estrategia-empresarial","tag-liderar-un-equipo","tag-liderazgo-directivo","tag-productividad"],"acf":[],"aioseo_notices":[],"yoast_head":"<!-- This site is optimized with the Yoast SEO plugin v27.3 - https:\/\/yoast.com\/product\/yoast-seo-wordpress\/ -->\n<title>Productividad personal: \u00bfqu\u00e9 es y c\u00f3mo mejorarla? - Action Project<\/title>\n<meta name=\"robots\" content=\"index, follow, max-snippet:-1, max-image-preview:large, max-video-preview:-1\" \/>\n<link rel=\"canonical\" href=\"https:\/\/www.actionproject.es\/en_gb\/blog\/productividad-personal\/\" \/>\n<meta property=\"og:locale\" content=\"en_GB\" \/>\n<meta property=\"og:type\" content=\"article\" \/>\n<meta property=\"og:title\" content=\"Productividad personal: \u00bfqu\u00e9 es y c\u00f3mo mejorarla? - Action Project\" \/>\n<meta property=\"og:description\" content=\"Puede que alguna vez hayas tenido la sensaci\u00f3n de haber sido poco productivo en tu jornada laboral. Pero \u00bfsabes bien qu\u00e9 significa el concepto de productividad personal? Si te interesa aumentar tu rendimiento, dedica unos minutos a leer este post.\" \/>\n<meta property=\"og:url\" content=\"https:\/\/www.actionproject.es\/en_gb\/blog\/productividad-personal\/\" \/>\n<meta property=\"og:site_name\" content=\"Action Project\" \/>\n<meta property=\"article:published_time\" content=\"2023-09-26T06:19:55+00:00\" \/>\n<meta property=\"article:modified_time\" content=\"2025-07-02T09:13:12+00:00\" \/>\n<meta property=\"og:image\" content=\"https:\/\/www.actionproject.es\/wp-content\/uploads\/2025\/07\/productividad-personal.jpg\" \/>\n\t<meta property=\"og:image:width\" content=\"1200\" \/>\n\t<meta property=\"og:image:height\" content=\"800\" \/>\n\t<meta property=\"og:image:type\" content=\"image\/jpeg\" \/>\n<meta name=\"author\" content=\"Juanma\" \/>\n<meta name=\"twitter:card\" content=\"summary_large_image\" \/>\n<meta name=\"twitter:label1\" content=\"Written by\" \/>\n\t<meta name=\"twitter:data1\" content=\"Juanma\" \/>\n\t<meta name=\"twitter:label2\" content=\"Estimated reading time\" \/>\n\t<meta name=\"twitter:data2\" content=\"2 minutes\" \/>\n<script type=\"application\/ld+json\" class=\"yoast-schema-graph\">{\"@context\":\"https:\\\/\\\/schema.org\",\"@graph\":[{\"@type\":\"Article\",\"@id\":\"https:\\\/\\\/www.actionproject.es\\\/blog\\\/productividad-personal\\\/#article\",\"isPartOf\":{\"@id\":\"https:\\\/\\\/www.actionproject.es\\\/blog\\\/productividad-personal\\\/\"},\"author\":{\"name\":\"Juanma\",\"@id\":\"https:\\\/\\\/www.actionproject.es\\\/#\\\/schema\\\/person\\\/01aa5bb80cabd3235975fa1fccb16e23\"},\"headline\":\"Productividad personal: \u00bfqu\u00e9 es y c\u00f3mo mejorarla?\",\"datePublished\":\"2023-09-26T06:19:55+00:00\",\"dateModified\":\"2025-07-02T09:13:12+00:00\",\"mainEntityOfPage\":{\"@id\":\"https:\\\/\\\/www.actionproject.es\\\/blog\\\/productividad-personal\\\/\"},\"wordCount\":382,\"publisher\":{\"@id\":\"https:\\\/\\\/www.actionproject.es\\\/#organization\"},\"image\":{\"@id\":\"https:\\\/\\\/www.actionproject.es\\\/blog\\\/productividad-personal\\\/#primaryimage\"},\"thumbnailUrl\":\"https:\\\/\\\/www.actionproject.es\\\/wp-content\\\/uploads\\\/2025\\\/07\\\/productividad-personal.jpg\",\"keywords\":[\"liderar un equipo\",\"liderazgo directivo\",\"productividad\"],\"articleSection\":[\"Estrategia empresarial\"],\"inLanguage\":\"en-GB\"},{\"@type\":\"WebPage\",\"@id\":\"https:\\\/\\\/www.actionproject.es\\\/blog\\\/productividad-personal\\\/\",\"url\":\"https:\\\/\\\/www.actionproject.es\\\/blog\\\/productividad-personal\\\/\",\"name\":\"Productividad personal: \u00bfqu\u00e9 es y c\u00f3mo mejorarla? - Action Project\",\"isPartOf\":{\"@id\":\"https:\\\/\\\/www.actionproject.es\\\/#website\"},\"primaryImageOfPage\":{\"@id\":\"https:\\\/\\\/www.actionproject.es\\\/blog\\\/productividad-personal\\\/#primaryimage\"},\"image\":{\"@id\":\"https:\\\/\\\/www.actionproject.es\\\/blog\\\/productividad-personal\\\/#primaryimage\"},\"thumbnailUrl\":\"https:\\\/\\\/www.actionproject.es\\\/wp-content\\\/uploads\\\/2025\\\/07\\\/productividad-personal.jpg\",\"datePublished\":\"2023-09-26T06:19:55+00:00\",\"dateModified\":\"2025-07-02T09:13:12+00:00\",\"breadcrumb\":{\"@id\":\"https:\\\/\\\/www.actionproject.es\\\/blog\\\/productividad-personal\\\/#breadcrumb\"},\"inLanguage\":\"en-GB\",\"potentialAction\":[{\"@type\":\"ReadAction\",\"target\":[\"https:\\\/\\\/www.actionproject.es\\\/blog\\\/productividad-personal\\\/\"]}]},{\"@type\":\"ImageObject\",\"inLanguage\":\"en-GB\",\"@id\":\"https:\\\/\\\/www.actionproject.es\\\/blog\\\/productividad-personal\\\/#primaryimage\",\"url\":\"https:\\\/\\\/www.actionproject.es\\\/wp-content\\\/uploads\\\/2025\\\/07\\\/productividad-personal.jpg\",\"contentUrl\":\"https:\\\/\\\/www.actionproject.es\\\/wp-content\\\/uploads\\\/2025\\\/07\\\/productividad-personal.jpg\",\"width\":1200,\"height\":800},{\"@type\":\"BreadcrumbList\",\"@id\":\"https:\\\/\\\/www.actionproject.es\\\/blog\\\/productividad-personal\\\/#breadcrumb\",\"itemListElement\":[{\"@type\":\"ListItem\",\"position\":1,\"name\":\"Portada\",\"item\":\"https:\\\/\\\/www.actionproject.es\\\/\"},{\"@type\":\"ListItem\",\"position\":2,\"name\":\"Productividad personal: \u00bfqu\u00e9 es y c\u00f3mo mejorarla?\"}]},{\"@type\":\"WebSite\",\"@id\":\"https:\\\/\\\/www.actionproject.es\\\/#website\",\"url\":\"https:\\\/\\\/www.actionproject.es\\\/\",\"name\":\"Action Project\",\"description\":\"\",\"publisher\":{\"@id\":\"https:\\\/\\\/www.actionproject.es\\\/#organization\"},\"potentialAction\":[{\"@type\":\"SearchAction\",\"target\":{\"@type\":\"EntryPoint\",\"urlTemplate\":\"https:\\\/\\\/www.actionproject.es\\\/?s={search_term_string}\"},\"query-input\":{\"@type\":\"PropertyValueSpecification\",\"valueRequired\":true,\"valueName\":\"search_term_string\"}}],\"inLanguage\":\"en-GB\"},{\"@type\":\"Organization\",\"@id\":\"https:\\\/\\\/www.actionproject.es\\\/#organization\",\"name\":\"Action Project\",\"url\":\"https:\\\/\\\/www.actionproject.es\\\/\",\"logo\":{\"@type\":\"ImageObject\",\"inLanguage\":\"en-GB\",\"@id\":\"https:\\\/\\\/www.actionproject.es\\\/#\\\/schema\\\/logo\\\/image\\\/\",\"url\":\"https:\\\/\\\/www.actionproject.es\\\/wp-content\\\/uploads\\\/2025\\\/02\\\/favicon-action.png\",\"contentUrl\":\"https:\\\/\\\/www.actionproject.es\\\/wp-content\\\/uploads\\\/2025\\\/02\\\/favicon-action.png\",\"width\":512,\"height\":512,\"caption\":\"Action Project\"},\"image\":{\"@id\":\"https:\\\/\\\/www.actionproject.es\\\/#\\\/schema\\\/logo\\\/image\\\/\"}},{\"@type\":\"Person\",\"@id\":\"https:\\\/\\\/www.actionproject.es\\\/#\\\/schema\\\/person\\\/01aa5bb80cabd3235975fa1fccb16e23\",\"name\":\"Juanma\",\"image\":{\"@type\":\"ImageObject\",\"inLanguage\":\"en-GB\",\"@id\":\"https:\\\/\\\/secure.gravatar.com\\\/avatar\\\/85f0c3c9ba6a2b2ba51b0df3346eaf50cafa606989920561324eac0dd1c938f4?s=96&d=mm&r=g\",\"url\":\"https:\\\/\\\/secure.gravatar.com\\\/avatar\\\/85f0c3c9ba6a2b2ba51b0df3346eaf50cafa606989920561324eac0dd1c938f4?s=96&d=mm&r=g\",\"contentUrl\":\"https:\\\/\\\/secure.gravatar.com\\\/avatar\\\/85f0c3c9ba6a2b2ba51b0df3346eaf50cafa606989920561324eac0dd1c938f4?s=96&d=mm&r=g\",\"caption\":\"Juanma\"},\"url\":\"https:\\\/\\\/www.actionproject.es\\\/en_gb\\\/blog\\\/author\\\/juanma\\\/\"}]}<\/script>\n<!-- \/ Yoast SEO plugin. -->","yoast_head_json":{"title":"Productividad personal: \u00bfqu\u00e9 es y c\u00f3mo mejorarla? - Action Project","robots":{"index":"index","follow":"follow","max-snippet":"max-snippet:-1","max-image-preview":"max-image-preview:large","max-video-preview":"max-video-preview:-1"},"canonical":"https:\/\/www.actionproject.es\/en_gb\/blog\/productividad-personal\/","og_locale":"en_GB","og_type":"article","og_title":"Productividad personal: \u00bfqu\u00e9 es y c\u00f3mo mejorarla? - Action Project","og_description":"Puede que alguna vez hayas tenido la sensaci\u00f3n de haber sido poco productivo en tu jornada laboral. Pero \u00bfsabes bien qu\u00e9 significa el concepto de productividad personal? Si te interesa aumentar tu rendimiento, dedica unos minutos a leer este post.","og_url":"https:\/\/www.actionproject.es\/en_gb\/blog\/productividad-personal\/","og_site_name":"Action Project","article_published_time":"2023-09-26T06:19:55+00:00","article_modified_time":"2025-07-02T09:13:12+00:00","og_image":[{"width":1200,"height":800,"url":"https:\/\/www.actionproject.es\/wp-content\/uploads\/2025\/07\/productividad-personal.jpg","type":"image\/jpeg"}],"author":"Juanma","twitter_card":"summary_large_image","twitter_misc":{"Written by":"Juanma","Estimated reading time":"2 minutes"},"schema":{"@context":"https:\/\/schema.org","@graph":[{"@type":"Article","@id":"https:\/\/www.actionproject.es\/blog\/productividad-personal\/#article","isPartOf":{"@id":"https:\/\/www.actionproject.es\/blog\/productividad-personal\/"},"author":{"name":"Juanma","@id":"https:\/\/www.actionproject.es\/#\/schema\/person\/01aa5bb80cabd3235975fa1fccb16e23"},"headline":"Productividad personal: \u00bfqu\u00e9 es y c\u00f3mo mejorarla?","datePublished":"2023-09-26T06:19:55+00:00","dateModified":"2025-07-02T09:13:12+00:00","mainEntityOfPage":{"@id":"https:\/\/www.actionproject.es\/blog\/productividad-personal\/"},"wordCount":382,"publisher":{"@id":"https:\/\/www.actionproject.es\/#organization"},"image":{"@id":"https:\/\/www.actionproject.es\/blog\/productividad-personal\/#primaryimage"},"thumbnailUrl":"https:\/\/www.actionproject.es\/wp-content\/uploads\/2025\/07\/productividad-personal.jpg","keywords":["liderar un equipo","liderazgo directivo","productividad"],"articleSection":["Estrategia empresarial"],"inLanguage":"en-GB"},{"@type":"WebPage","@id":"https:\/\/www.actionproject.es\/blog\/productividad-personal\/","url":"https:\/\/www.actionproject.es\/blog\/productividad-personal\/","name":"Productividad personal: \u00bfqu\u00e9 es y c\u00f3mo mejorarla? - Action Project","isPartOf":{"@id":"https:\/\/www.actionproject.es\/#website"},"primaryImageOfPage":{"@id":"https:\/\/www.actionproject.es\/blog\/productividad-personal\/#primaryimage"},"image":{"@id":"https:\/\/www.actionproject.es\/blog\/productividad-personal\/#primaryimage"},"thumbnailUrl":"https:\/\/www.actionproject.es\/wp-content\/uploads\/2025\/07\/productividad-personal.jpg","datePublished":"2023-09-26T06:19:55+00:00","dateModified":"2025-07-02T09:13:12+00:00","breadcrumb":{"@id":"https:\/\/www.actionproject.es\/blog\/productividad-personal\/#breadcrumb"},"inLanguage":"en-GB","potentialAction":[{"@type":"ReadAction","target":["https:\/\/www.actionproject.es\/blog\/productividad-personal\/"]}]},{"@type":"ImageObject","inLanguage":"en-GB","@id":"https:\/\/www.actionproject.es\/blog\/productividad-personal\/#primaryimage","url":"https:\/\/www.actionproject.es\/wp-content\/uploads\/2025\/07\/productividad-personal.jpg","contentUrl":"https:\/\/www.actionproject.es\/wp-content\/uploads\/2025\/07\/productividad-personal.jpg","width":1200,"height":800},{"@type":"BreadcrumbList","@id":"https:\/\/www.actionproject.es\/blog\/productividad-personal\/#breadcrumb","itemListElement":[{"@type":"ListItem","position":1,"name":"Portada","item":"https:\/\/www.actionproject.es\/"},{"@type":"ListItem","position":2,"name":"Productividad personal: \u00bfqu\u00e9 es y c\u00f3mo mejorarla?"}]},{"@type":"WebSite","@id":"https:\/\/www.actionproject.es\/#website","url":"https:\/\/www.actionproject.es\/","name":"Action Project","description":"","publisher":{"@id":"https:\/\/www.actionproject.es\/#organization"},"potentialAction":[{"@type":"SearchAction","target":{"@type":"EntryPoint","urlTemplate":"https:\/\/www.actionproject.es\/?s={search_term_string}"},"query-input":{"@type":"PropertyValueSpecification","valueRequired":true,"valueName":"search_term_string"}}],"inLanguage":"en-GB"},{"@type":"Organization","@id":"https:\/\/www.actionproject.es\/#organization","name":"Action Project","url":"https:\/\/www.actionproject.es\/","logo":{"@type":"ImageObject","inLanguage":"en-GB","@id":"https:\/\/www.actionproject.es\/#\/schema\/logo\/image\/","url":"https:\/\/www.actionproject.es\/wp-content\/uploads\/2025\/02\/favicon-action.png","contentUrl":"https:\/\/www.actionproject.es\/wp-content\/uploads\/2025\/02\/favicon-action.png","width":512,"height":512,"caption":"Action Project"},"image":{"@id":"https:\/\/www.actionproject.es\/#\/schema\/logo\/image\/"}},{"@type":"Person","@id":"https:\/\/www.actionproject.es\/#\/schema\/person\/01aa5bb80cabd3235975fa1fccb16e23","name":"Juanma","image":{"@type":"ImageObject","inLanguage":"en-GB","@id":"https:\/\/secure.gravatar.com\/avatar\/85f0c3c9ba6a2b2ba51b0df3346eaf50cafa606989920561324eac0dd1c938f4?s=96&d=mm&r=g","url":"https:\/\/secure.gravatar.com\/avatar\/85f0c3c9ba6a2b2ba51b0df3346eaf50cafa606989920561324eac0dd1c938f4?s=96&d=mm&r=g","contentUrl":"https:\/\/secure.gravatar.com\/avatar\/85f0c3c9ba6a2b2ba51b0df3346eaf50cafa606989920561324eac0dd1c938f4?s=96&d=mm&r=g","caption":"Juanma"},"url":"https:\/\/www.actionproject.es\/en_gb\/blog\/author\/juanma\/"}]}},"_links":{"self":[{"href":"https:\/\/www.actionproject.es\/en_gb\/wp-json\/wp\/v2\/posts\/1365","targetHints":{"allow":["GET"]}}],"collection":[{"href":"https:\/\/www.actionproject.es\/en_gb\/wp-json\/wp\/v2\/posts"}],"about":[{"href":"https:\/\/www.actionproject.es\/en_gb\/wp-json\/wp\/v2\/types\/post"}],"author":[{"embeddable":true,"href":"https:\/\/www.actionproject.es\/en_gb\/wp-json\/wp\/v2\/users\/2"}],"replies":[{"embeddable":true,"href":"https:\/\/www.actionproject.es\/en_gb\/wp-json\/wp\/v2\/comments?post=1365"}],"version-history":[{"count":3,"href":"https:\/\/www.actionproject.es\/en_gb\/wp-json\/wp\/v2\/posts\/1365\/revisions"}],"predecessor-version":[{"id":1747,"href":"https:\/\/www.actionproject.es\/en_gb\/wp-json\/wp\/v2\/posts\/1365\/revisions\/1747"}],"wp:featuredmedia":[{"embeddable":true,"href":"https:\/\/www.actionproject.es\/en_gb\/wp-json\/wp\/v2\/media\/1509"}],"wp:attachment":[{"href":"https:\/\/www.actionproject.es\/en_gb\/wp-json\/wp\/v2\/media?parent=1365"}],"wp:term":[{"taxonomy":"category","embeddable":true,"href":"https:\/\/www.actionproject.es\/en_gb\/wp-json\/wp\/v2\/categories?post=1365"},{"taxonomy":"post_tag","embeddable":true,"href":"https:\/\/www.actionproject.es\/en_gb\/wp-json\/wp\/v2\/tags?post=1365"}],"curies":[{"name":"wp","href":"https:\/\/api.w.org\/{rel}","templated":true}]}}