{"id":1370,"date":"2023-11-07T07:57:06","date_gmt":"2023-11-07T06:57:06","guid":{"rendered":"https:\/\/www.actionproject.es\/blog\/como-mejorar-la-organizacion-de-una-empresa\/"},"modified":"2025-07-02T11:13:13","modified_gmt":"2025-07-02T09:13:13","slug":"como-mejorar-la-organizacion-de-una-empresa","status":"publish","type":"post","link":"https:\/\/www.actionproject.es\/en_gb\/blog\/como-mejorar-la-organizacion-de-una-empresa\/","title":{"rendered":"\u00bfC\u00f3mo mejorar la organizaci\u00f3n de una empresa?"},"content":{"rendered":"<p>\u00a0<\/p>\n<h2>\u00bfC\u00f3mo mejorar la estructura organizacional de una empresa?<\/h2>\n<p>\u00a0<\/p>\n<p>Cuando hablamos del sistema organizativo de una empresa nos referimos al <strong>modelo que establece la forma en que se estructura el negocio y sus empleados<\/strong>. Tambi\u00e9n se definen los niveles jer\u00e1rquicos dentro de la organizaci\u00f3n y se reparten las responsabilidades y tareas de cada \u00e1rea o departamento.<\/p>\n<p>\u00a0<\/p>\n<ul>\n<li><strong>Cuenta con un <a href=\"https:\/\/www.actionproject.es\/en_gb\/blog\/puede-haber-exito-buen-liderazgo-empresarial\/\">buen liderazgo empresarial<\/a>.<\/strong> Las figuras de mando han cambiado su filosof\u00eda. Contar con un l\u00edder autoritario que solo se comunique de forma unidireccional, ya no se ve como garant\u00eda de \u00e9xito: todo lo contrario. Tu negocio necesita un l\u00edder que inspire, motive y escuche a tu equipo. Porque las personas de tu organizaci\u00f3n son importantes.<\/li>\n<li><strong>La estructura organizacional debe ser formal.<\/strong> A veces, resulta complicado encontrar un equilibrio entre la libertad y la rigidez. La organizaci\u00f3n de tu empresa debe ser clara y concisa, pero sin llegar a ser inamovible. Piensa que introducir y probar peque\u00f1os cambios puede aportar mejoras.<\/li>\n<li><strong>Mant\u00e9n una buena comunicaci\u00f3n en tu empresa<\/strong>. Los trabajadores necesitan conocer bien sus tareas y funciones dentro de la organizaci\u00f3n. Si no hay un flujo de comunicaci\u00f3n adecuado, puede que los empleados no sepan c\u00f3mo hacer su trabajo ni a qui\u00e9n preguntar sus dudas. P\u00e1rate a pensar: \u00bfcuentas con los canales de comunicaci\u00f3n internos adecuados?<\/li>\n<li><strong>Dedica tiempo a formar a tu equipo.<\/strong> Como suele decirse, el conocimiento es poder. Cuando tus empleados mejoran sus habilidades o aprenden otras nuevas, puedes reasignar la organizaci\u00f3n de tareas. Esto permite que repartas la carga de trabajo entre los miembros de tu equipo y que todos dispongan de tiempo suficiente para cumplir con los plazos establecidos.<\/li>\n<\/ul>\n<p>\u00a0<\/p>\n<p>En definitiva, determinar una estructura organizacional clara en tu empresa ayuda a mejorar la rentabilidad y productividad de la misma. Adem\u00e1s, genera un ambiente de seguridad y confianza en todos sus miembros.<\/p>\n<p>Si tienes una pyme, puede que te sientas abrumado por el exceso de tareas. Quiz\u00e1s te venga bien contar con un <strong>consultor externo<\/strong> que sepa c\u00f3mo mejorar la organizaci\u00f3n en una empresa.<\/p>\n<p>\u00bfQuieres saber m\u00e1s sobre nuestro servicio de <a href=\"\/en_gb\/servicios\/profesionalizacion-de-la-empresa\/\">profesionalizaci\u00f3n de empresas<\/a>? <a href=\"https:\/\/www.actionproject.es\/en_gb\/contacto\/\">Cont\u00e1ctanos ahora<\/a> y dinos qu\u00e9 necesitas.<\/p>","protected":false},"excerpt":{"rendered":"<p>Una mala organizaci\u00f3n de tu negocio afecta de forma negativa a la productividad. Qu\u00e9date a leer este post y conoce <strong>c\u00f3mo mejorar la organizaci\u00f3n de tu empresa<\/strong>. A veces, parece algo complicado, pero con tiempo y dedicaci\u00f3n puedes lograrlo.<\/p>","protected":false},"author":2,"featured_media":1409,"comment_status":"closed","ping_status":"open","sticky":false,"template":"","format":"standard","meta":{"_acf_changed":false,"_joinchat":[],"footnotes":""},"categories":[10],"tags":[23,224],"class_list":["post-1370","post","type-post","status-publish","format-standard","has-post-thumbnail","hentry","category-estrategia-empresarial","tag-liderazgo-de-equipo","tag-organizacion-de-empresa"],"acf":[],"aioseo_notices":[],"yoast_head":"<!-- This site is optimized with the Yoast SEO plugin v27.3 - https:\/\/yoast.com\/product\/yoast-seo-wordpress\/ -->\n<title>\u00bfC\u00f3mo mejorar la organizaci\u00f3n de una empresa? - Action Project<\/title>\n<meta name=\"robots\" content=\"index, follow, max-snippet:-1, max-image-preview:large, max-video-preview:-1\" \/>\n<link rel=\"canonical\" href=\"https:\/\/www.actionproject.es\/en_gb\/blog\/como-mejorar-la-organizacion-de-una-empresa\/\" \/>\n<meta property=\"og:locale\" content=\"en_GB\" \/>\n<meta property=\"og:type\" content=\"article\" \/>\n<meta property=\"og:title\" content=\"\u00bfC\u00f3mo mejorar la organizaci\u00f3n de una empresa? - Action Project\" \/>\n<meta property=\"og:description\" content=\"Una mala organizaci\u00f3n de tu negocio afecta de forma negativa a la productividad. Qu\u00e9date a leer este post y conoce c\u00f3mo mejorar la organizaci\u00f3n de tu empresa. A veces, parece algo complicado, pero con tiempo y dedicaci\u00f3n puedes lograrlo.\" \/>\n<meta property=\"og:url\" content=\"https:\/\/www.actionproject.es\/en_gb\/blog\/como-mejorar-la-organizacion-de-una-empresa\/\" \/>\n<meta property=\"og:site_name\" content=\"Action Project\" \/>\n<meta property=\"article:published_time\" content=\"2023-11-07T06:57:06+00:00\" \/>\n<meta property=\"article:modified_time\" content=\"2025-07-02T09:13:13+00:00\" \/>\n<meta property=\"og:image\" content=\"https:\/\/www.actionproject.es\/wp-content\/uploads\/2025\/07\/como-mejorar-la-organizacion-en-una-empresa.jpg\" \/>\n\t<meta property=\"og:image:width\" content=\"1200\" \/>\n\t<meta property=\"og:image:height\" content=\"720\" \/>\n\t<meta property=\"og:image:type\" content=\"image\/jpeg\" \/>\n<meta name=\"author\" content=\"Juanma\" \/>\n<meta name=\"twitter:card\" content=\"summary_large_image\" \/>\n<meta name=\"twitter:label1\" content=\"Written by\" \/>\n\t<meta name=\"twitter:data1\" content=\"Juanma\" \/>\n\t<meta name=\"twitter:label2\" content=\"Estimated reading time\" \/>\n\t<meta name=\"twitter:data2\" content=\"2 minutes\" \/>\n<script type=\"application\/ld+json\" class=\"yoast-schema-graph\">{\"@context\":\"https:\\\/\\\/schema.org\",\"@graph\":[{\"@type\":\"Article\",\"@id\":\"https:\\\/\\\/www.actionproject.es\\\/blog\\\/como-mejorar-la-organizacion-de-una-empresa\\\/#article\",\"isPartOf\":{\"@id\":\"https:\\\/\\\/www.actionproject.es\\\/blog\\\/como-mejorar-la-organizacion-de-una-empresa\\\/\"},\"author\":{\"name\":\"Juanma\",\"@id\":\"https:\\\/\\\/www.actionproject.es\\\/#\\\/schema\\\/person\\\/01aa5bb80cabd3235975fa1fccb16e23\"},\"headline\":\"\u00bfC\u00f3mo mejorar la organizaci\u00f3n de una empresa?\",\"datePublished\":\"2023-11-07T06:57:06+00:00\",\"dateModified\":\"2025-07-02T09:13:13+00:00\",\"mainEntityOfPage\":{\"@id\":\"https:\\\/\\\/www.actionproject.es\\\/blog\\\/como-mejorar-la-organizacion-de-una-empresa\\\/\"},\"wordCount\":386,\"publisher\":{\"@id\":\"https:\\\/\\\/www.actionproject.es\\\/#organization\"},\"image\":{\"@id\":\"https:\\\/\\\/www.actionproject.es\\\/blog\\\/como-mejorar-la-organizacion-de-una-empresa\\\/#primaryimage\"},\"thumbnailUrl\":\"https:\\\/\\\/www.actionproject.es\\\/wp-content\\\/uploads\\\/2025\\\/07\\\/como-mejorar-la-organizacion-en-una-empresa.jpg\",\"keywords\":[\"liderazgo de equipo\",\"organizaci\u00f3n de empresa\"],\"articleSection\":[\"Estrategia empresarial\"],\"inLanguage\":\"en-GB\"},{\"@type\":\"WebPage\",\"@id\":\"https:\\\/\\\/www.actionproject.es\\\/blog\\\/como-mejorar-la-organizacion-de-una-empresa\\\/\",\"url\":\"https:\\\/\\\/www.actionproject.es\\\/blog\\\/como-mejorar-la-organizacion-de-una-empresa\\\/\",\"name\":\"\u00bfC\u00f3mo mejorar la organizaci\u00f3n de una empresa? - Action Project\",\"isPartOf\":{\"@id\":\"https:\\\/\\\/www.actionproject.es\\\/#website\"},\"primaryImageOfPage\":{\"@id\":\"https:\\\/\\\/www.actionproject.es\\\/blog\\\/como-mejorar-la-organizacion-de-una-empresa\\\/#primaryimage\"},\"image\":{\"@id\":\"https:\\\/\\\/www.actionproject.es\\\/blog\\\/como-mejorar-la-organizacion-de-una-empresa\\\/#primaryimage\"},\"thumbnailUrl\":\"https:\\\/\\\/www.actionproject.es\\\/wp-content\\\/uploads\\\/2025\\\/07\\\/como-mejorar-la-organizacion-en-una-empresa.jpg\",\"datePublished\":\"2023-11-07T06:57:06+00:00\",\"dateModified\":\"2025-07-02T09:13:13+00:00\",\"breadcrumb\":{\"@id\":\"https:\\\/\\\/www.actionproject.es\\\/blog\\\/como-mejorar-la-organizacion-de-una-empresa\\\/#breadcrumb\"},\"inLanguage\":\"en-GB\",\"potentialAction\":[{\"@type\":\"ReadAction\",\"target\":[\"https:\\\/\\\/www.actionproject.es\\\/blog\\\/como-mejorar-la-organizacion-de-una-empresa\\\/\"]}]},{\"@type\":\"ImageObject\",\"inLanguage\":\"en-GB\",\"@id\":\"https:\\\/\\\/www.actionproject.es\\\/blog\\\/como-mejorar-la-organizacion-de-una-empresa\\\/#primaryimage\",\"url\":\"https:\\\/\\\/www.actionproject.es\\\/wp-content\\\/uploads\\\/2025\\\/07\\\/como-mejorar-la-organizacion-en-una-empresa.jpg\",\"contentUrl\":\"https:\\\/\\\/www.actionproject.es\\\/wp-content\\\/uploads\\\/2025\\\/07\\\/como-mejorar-la-organizacion-en-una-empresa.jpg\",\"width\":1200,\"height\":720},{\"@type\":\"BreadcrumbList\",\"@id\":\"https:\\\/\\\/www.actionproject.es\\\/blog\\\/como-mejorar-la-organizacion-de-una-empresa\\\/#breadcrumb\",\"itemListElement\":[{\"@type\":\"ListItem\",\"position\":1,\"name\":\"Portada\",\"item\":\"https:\\\/\\\/www.actionproject.es\\\/\"},{\"@type\":\"ListItem\",\"position\":2,\"name\":\"\u00bfC\u00f3mo mejorar la organizaci\u00f3n de una empresa?\"}]},{\"@type\":\"WebSite\",\"@id\":\"https:\\\/\\\/www.actionproject.es\\\/#website\",\"url\":\"https:\\\/\\\/www.actionproject.es\\\/\",\"name\":\"Action Project\",\"description\":\"\",\"publisher\":{\"@id\":\"https:\\\/\\\/www.actionproject.es\\\/#organization\"},\"potentialAction\":[{\"@type\":\"SearchAction\",\"target\":{\"@type\":\"EntryPoint\",\"urlTemplate\":\"https:\\\/\\\/www.actionproject.es\\\/?s={search_term_string}\"},\"query-input\":{\"@type\":\"PropertyValueSpecification\",\"valueRequired\":true,\"valueName\":\"search_term_string\"}}],\"inLanguage\":\"en-GB\"},{\"@type\":\"Organization\",\"@id\":\"https:\\\/\\\/www.actionproject.es\\\/#organization\",\"name\":\"Action Project\",\"url\":\"https:\\\/\\\/www.actionproject.es\\\/\",\"logo\":{\"@type\":\"ImageObject\",\"inLanguage\":\"en-GB\",\"@id\":\"https:\\\/\\\/www.actionproject.es\\\/#\\\/schema\\\/logo\\\/image\\\/\",\"url\":\"https:\\\/\\\/www.actionproject.es\\\/wp-content\\\/uploads\\\/2025\\\/02\\\/favicon-action.png\",\"contentUrl\":\"https:\\\/\\\/www.actionproject.es\\\/wp-content\\\/uploads\\\/2025\\\/02\\\/favicon-action.png\",\"width\":512,\"height\":512,\"caption\":\"Action Project\"},\"image\":{\"@id\":\"https:\\\/\\\/www.actionproject.es\\\/#\\\/schema\\\/logo\\\/image\\\/\"}},{\"@type\":\"Person\",\"@id\":\"https:\\\/\\\/www.actionproject.es\\\/#\\\/schema\\\/person\\\/01aa5bb80cabd3235975fa1fccb16e23\",\"name\":\"Juanma\",\"image\":{\"@type\":\"ImageObject\",\"inLanguage\":\"en-GB\",\"@id\":\"https:\\\/\\\/secure.gravatar.com\\\/avatar\\\/85f0c3c9ba6a2b2ba51b0df3346eaf50cafa606989920561324eac0dd1c938f4?s=96&d=mm&r=g\",\"url\":\"https:\\\/\\\/secure.gravatar.com\\\/avatar\\\/85f0c3c9ba6a2b2ba51b0df3346eaf50cafa606989920561324eac0dd1c938f4?s=96&d=mm&r=g\",\"contentUrl\":\"https:\\\/\\\/secure.gravatar.com\\\/avatar\\\/85f0c3c9ba6a2b2ba51b0df3346eaf50cafa606989920561324eac0dd1c938f4?s=96&d=mm&r=g\",\"caption\":\"Juanma\"},\"url\":\"https:\\\/\\\/www.actionproject.es\\\/en_gb\\\/blog\\\/author\\\/juanma\\\/\"}]}<\/script>\n<!-- \/ Yoast SEO plugin. -->","yoast_head_json":{"title":"\u00bfC\u00f3mo mejorar la organizaci\u00f3n de una empresa? - Action Project","robots":{"index":"index","follow":"follow","max-snippet":"max-snippet:-1","max-image-preview":"max-image-preview:large","max-video-preview":"max-video-preview:-1"},"canonical":"https:\/\/www.actionproject.es\/en_gb\/blog\/como-mejorar-la-organizacion-de-una-empresa\/","og_locale":"en_GB","og_type":"article","og_title":"\u00bfC\u00f3mo mejorar la organizaci\u00f3n de una empresa? - Action Project","og_description":"Una mala organizaci\u00f3n de tu negocio afecta de forma negativa a la productividad. Qu\u00e9date a leer este post y conoce c\u00f3mo mejorar la organizaci\u00f3n de tu empresa. A veces, parece algo complicado, pero con tiempo y dedicaci\u00f3n puedes lograrlo.","og_url":"https:\/\/www.actionproject.es\/en_gb\/blog\/como-mejorar-la-organizacion-de-una-empresa\/","og_site_name":"Action Project","article_published_time":"2023-11-07T06:57:06+00:00","article_modified_time":"2025-07-02T09:13:13+00:00","og_image":[{"width":1200,"height":720,"url":"https:\/\/www.actionproject.es\/wp-content\/uploads\/2025\/07\/como-mejorar-la-organizacion-en-una-empresa.jpg","type":"image\/jpeg"}],"author":"Juanma","twitter_card":"summary_large_image","twitter_misc":{"Written by":"Juanma","Estimated reading time":"2 minutes"},"schema":{"@context":"https:\/\/schema.org","@graph":[{"@type":"Article","@id":"https:\/\/www.actionproject.es\/blog\/como-mejorar-la-organizacion-de-una-empresa\/#article","isPartOf":{"@id":"https:\/\/www.actionproject.es\/blog\/como-mejorar-la-organizacion-de-una-empresa\/"},"author":{"name":"Juanma","@id":"https:\/\/www.actionproject.es\/#\/schema\/person\/01aa5bb80cabd3235975fa1fccb16e23"},"headline":"\u00bfC\u00f3mo mejorar la organizaci\u00f3n de una empresa?","datePublished":"2023-11-07T06:57:06+00:00","dateModified":"2025-07-02T09:13:13+00:00","mainEntityOfPage":{"@id":"https:\/\/www.actionproject.es\/blog\/como-mejorar-la-organizacion-de-una-empresa\/"},"wordCount":386,"publisher":{"@id":"https:\/\/www.actionproject.es\/#organization"},"image":{"@id":"https:\/\/www.actionproject.es\/blog\/como-mejorar-la-organizacion-de-una-empresa\/#primaryimage"},"thumbnailUrl":"https:\/\/www.actionproject.es\/wp-content\/uploads\/2025\/07\/como-mejorar-la-organizacion-en-una-empresa.jpg","keywords":["liderazgo de equipo","organizaci\u00f3n de empresa"],"articleSection":["Estrategia empresarial"],"inLanguage":"en-GB"},{"@type":"WebPage","@id":"https:\/\/www.actionproject.es\/blog\/como-mejorar-la-organizacion-de-una-empresa\/","url":"https:\/\/www.actionproject.es\/blog\/como-mejorar-la-organizacion-de-una-empresa\/","name":"\u00bfC\u00f3mo mejorar la organizaci\u00f3n de una empresa? - Action Project","isPartOf":{"@id":"https:\/\/www.actionproject.es\/#website"},"primaryImageOfPage":{"@id":"https:\/\/www.actionproject.es\/blog\/como-mejorar-la-organizacion-de-una-empresa\/#primaryimage"},"image":{"@id":"https:\/\/www.actionproject.es\/blog\/como-mejorar-la-organizacion-de-una-empresa\/#primaryimage"},"thumbnailUrl":"https:\/\/www.actionproject.es\/wp-content\/uploads\/2025\/07\/como-mejorar-la-organizacion-en-una-empresa.jpg","datePublished":"2023-11-07T06:57:06+00:00","dateModified":"2025-07-02T09:13:13+00:00","breadcrumb":{"@id":"https:\/\/www.actionproject.es\/blog\/como-mejorar-la-organizacion-de-una-empresa\/#breadcrumb"},"inLanguage":"en-GB","potentialAction":[{"@type":"ReadAction","target":["https:\/\/www.actionproject.es\/blog\/como-mejorar-la-organizacion-de-una-empresa\/"]}]},{"@type":"ImageObject","inLanguage":"en-GB","@id":"https:\/\/www.actionproject.es\/blog\/como-mejorar-la-organizacion-de-una-empresa\/#primaryimage","url":"https:\/\/www.actionproject.es\/wp-content\/uploads\/2025\/07\/como-mejorar-la-organizacion-en-una-empresa.jpg","contentUrl":"https:\/\/www.actionproject.es\/wp-content\/uploads\/2025\/07\/como-mejorar-la-organizacion-en-una-empresa.jpg","width":1200,"height":720},{"@type":"BreadcrumbList","@id":"https:\/\/www.actionproject.es\/blog\/como-mejorar-la-organizacion-de-una-empresa\/#breadcrumb","itemListElement":[{"@type":"ListItem","position":1,"name":"Portada","item":"https:\/\/www.actionproject.es\/"},{"@type":"ListItem","position":2,"name":"\u00bfC\u00f3mo mejorar la organizaci\u00f3n de una empresa?"}]},{"@type":"WebSite","@id":"https:\/\/www.actionproject.es\/#website","url":"https:\/\/www.actionproject.es\/","name":"Action Project","description":"","publisher":{"@id":"https:\/\/www.actionproject.es\/#organization"},"potentialAction":[{"@type":"SearchAction","target":{"@type":"EntryPoint","urlTemplate":"https:\/\/www.actionproject.es\/?s={search_term_string}"},"query-input":{"@type":"PropertyValueSpecification","valueRequired":true,"valueName":"search_term_string"}}],"inLanguage":"en-GB"},{"@type":"Organization","@id":"https:\/\/www.actionproject.es\/#organization","name":"Action Project","url":"https:\/\/www.actionproject.es\/","logo":{"@type":"ImageObject","inLanguage":"en-GB","@id":"https:\/\/www.actionproject.es\/#\/schema\/logo\/image\/","url":"https:\/\/www.actionproject.es\/wp-content\/uploads\/2025\/02\/favicon-action.png","contentUrl":"https:\/\/www.actionproject.es\/wp-content\/uploads\/2025\/02\/favicon-action.png","width":512,"height":512,"caption":"Action Project"},"image":{"@id":"https:\/\/www.actionproject.es\/#\/schema\/logo\/image\/"}},{"@type":"Person","@id":"https:\/\/www.actionproject.es\/#\/schema\/person\/01aa5bb80cabd3235975fa1fccb16e23","name":"Juanma","image":{"@type":"ImageObject","inLanguage":"en-GB","@id":"https:\/\/secure.gravatar.com\/avatar\/85f0c3c9ba6a2b2ba51b0df3346eaf50cafa606989920561324eac0dd1c938f4?s=96&d=mm&r=g","url":"https:\/\/secure.gravatar.com\/avatar\/85f0c3c9ba6a2b2ba51b0df3346eaf50cafa606989920561324eac0dd1c938f4?s=96&d=mm&r=g","contentUrl":"https:\/\/secure.gravatar.com\/avatar\/85f0c3c9ba6a2b2ba51b0df3346eaf50cafa606989920561324eac0dd1c938f4?s=96&d=mm&r=g","caption":"Juanma"},"url":"https:\/\/www.actionproject.es\/en_gb\/blog\/author\/juanma\/"}]}},"_links":{"self":[{"href":"https:\/\/www.actionproject.es\/en_gb\/wp-json\/wp\/v2\/posts\/1370","targetHints":{"allow":["GET"]}}],"collection":[{"href":"https:\/\/www.actionproject.es\/en_gb\/wp-json\/wp\/v2\/posts"}],"about":[{"href":"https:\/\/www.actionproject.es\/en_gb\/wp-json\/wp\/v2\/types\/post"}],"author":[{"embeddable":true,"href":"https:\/\/www.actionproject.es\/en_gb\/wp-json\/wp\/v2\/users\/2"}],"replies":[{"embeddable":true,"href":"https:\/\/www.actionproject.es\/en_gb\/wp-json\/wp\/v2\/comments?post=1370"}],"version-history":[{"count":3,"href":"https:\/\/www.actionproject.es\/en_gb\/wp-json\/wp\/v2\/posts\/1370\/revisions"}],"predecessor-version":[{"id":1750,"href":"https:\/\/www.actionproject.es\/en_gb\/wp-json\/wp\/v2\/posts\/1370\/revisions\/1750"}],"wp:featuredmedia":[{"embeddable":true,"href":"https:\/\/www.actionproject.es\/en_gb\/wp-json\/wp\/v2\/media\/1409"}],"wp:attachment":[{"href":"https:\/\/www.actionproject.es\/en_gb\/wp-json\/wp\/v2\/media?parent=1370"}],"wp:term":[{"taxonomy":"category","embeddable":true,"href":"https:\/\/www.actionproject.es\/en_gb\/wp-json\/wp\/v2\/categories?post=1370"},{"taxonomy":"post_tag","embeddable":true,"href":"https:\/\/www.actionproject.es\/en_gb\/wp-json\/wp\/v2\/tags?post=1370"}],"curies":[{"name":"wp","href":"https:\/\/api.w.org\/{rel}","templated":true}]}}