{"id":1373,"date":"2023-12-18T11:51:21","date_gmt":"2023-12-18T10:51:21","guid":{"rendered":"https:\/\/www.actionproject.es\/blog\/lecciones-liderazgo-steve-jobs\/"},"modified":"2025-07-02T11:13:13","modified_gmt":"2025-07-02T09:13:13","slug":"lecciones-liderazgo-steve-jobs","status":"publish","type":"post","link":"https:\/\/www.actionproject.es\/en_gb\/blog\/lecciones-liderazgo-steve-jobs\/","title":{"rendered":"5 lecciones de liderazgo que nos deja la pel\u00edcula de Steve Jobs"},"content":{"rendered":"<h2>\u00bfQu\u00e9 ense\u00f1anzas nos deja la pel\u00edcula de Steve Jobs sobre liderazgo?<\/h2>\n<p>\u00a0<\/p>\n<ul>\n<li><strong>No tener miedo al fracaso.<\/strong> Tomar decisiones empresariales siempre implica un riesgo. Aunque hay que tomarlas de manera consciente y evaluar varias alternativas, una decisi\u00f3n puede estar sujeta a error. Pero si no nos equivocamos, tampoco crecemos. Por tanto, est\u00e1 bien tener respeto a tomar decisiones sin caer en la par\u00e1lisis por an\u00e1lisis.<\/li>\n<\/ul>\n<p>\u00a0<\/p>\n<ul>\n<li><strong>Responsabilizarse.<\/strong> Steve Jobs y su marca se hac\u00edan cargo de todo el proceso: desde la creaci\u00f3n del producto hasta la experiencia del usuario. El mismo m\u00e9todo debe aplicar un buen l\u00edder con su equipo. En esto se basa el liderazgo \u00e9tico, en asumir la responsabilidad de la toma de decisiones y actuar en consecuencia.<\/li>\n<\/ul>\n<p>\u00a0<\/p>\n<ul>\n<li><strong>Atender a los detalles.<\/strong> Cada detalle del proceso de producci\u00f3n y de sus productos importaba a Steve Jobs. A veces, pasamos por alto las peque\u00f1as cosas, aquellas que tienen un valor real. \u00bfC\u00f3mo podemos aplicar esto a un l\u00edder de empresa? Por ejemplo, hay quienes lideran un equipo y no tienen en cuenta si los empleados respetan las pausas de diez minutos para descansar la vista o no saben si disponen de flexibilidad horaria para necesidades especiales. Poner la atenci\u00f3n en esto mejora el <a href=\"https:\/\/www.actionproject.es\/en_gb\/blog\/clima-laboral\/\">clima laboral<\/a>.<\/li>\n<\/ul>\n<p>\u00a0<\/p>\n<ul>\n<li><strong>Valorar el talento de tu equipo<\/strong>. El creador de Apple atribuy\u00f3 parte de su \u00e9xito a las personas con las que trabajaba. Sin ellos no hubiese llegado tan alto. Apreciar el talento de tus empleados, escucharles, darles formaci\u00f3n y fomentar que desarrollen sus habilidades repercute de manera positiva en el \u00e9xito conjunto de la empresa.<\/li>\n<\/ul>\n<p>\u00a0<\/p>\n<ul>\n<li><strong>Comunicarse de forma efectiva.<\/strong> Steve Jobs explicaba a su audiencia de manera clara qu\u00e9 problema resolv\u00eda su producto. De esta forma, despejaba todas las inc\u00f3gnitas acerca de sus ideas. Lo mismo debe hacer un buen l\u00edder: resolver las dudas de los trabajadores y comunicarse de forma transparente y precisa. Si hay retroalimentaci\u00f3n entre el l\u00edder y su equipo, el trabajo fluye mejor.<\/li>\n<\/ul>\n<p>\u00a0<\/p>\n<p>\u00bfCuentas con buenos l\u00edderes en tu empresa? \u00bfTe gustar\u00eda mejorar algunos aspectos? <a href=\"https:\/\/www.actionproject.es\/en_gb\/contacto\/\">Preg\u00fantanos<\/a> por nuestro programa de <a href=\"\/en_gb\/servicios\/desarrollo-directivo\/\">management development<\/a> y nos ponemos a trabajar contigo.<\/p>","protected":false},"excerpt":{"rendered":"<p>Hace ya algunos a\u00f1os que falleci\u00f3 el famoso creador de Apple, Steve Jobs. Aunque sus valiosas lecciones sobre <a href=\"https:\/\/www.actionproject.es\/en_gb\/blog\/liderazgo-empresarial-beneficios\/\">liderazgo empresarial<\/a> a\u00fan aportan mucho valor. Estas son algunas que se reflejan en la pel\u00edcula que se hizo de su figura.<\/p>","protected":false},"author":2,"featured_media":1483,"comment_status":"closed","ping_status":"open","sticky":false,"template":"","format":"standard","meta":{"_acf_changed":false,"_joinchat":[],"footnotes":""},"categories":[10],"tags":[187,186,21],"class_list":["post-1373","post","type-post","status-publish","format-standard","has-post-thumbnail","hentry","category-estrategia-empresarial","tag-liderar-un-equipo","tag-liderazgo-directivo","tag-liderazgo-empresarial"],"acf":[],"aioseo_notices":[],"yoast_head":"<!-- This site is optimized with the Yoast SEO plugin v27.3 - https:\/\/yoast.com\/product\/yoast-seo-wordpress\/ -->\n<title>5 lecciones de liderazgo que nos deja la pel\u00edcula de Steve Jobs - Action Project<\/title>\n<meta name=\"robots\" content=\"index, follow, max-snippet:-1, max-image-preview:large, max-video-preview:-1\" \/>\n<link rel=\"canonical\" href=\"https:\/\/www.actionproject.es\/en_gb\/blog\/lecciones-liderazgo-steve-jobs\/\" \/>\n<meta property=\"og:locale\" content=\"en_GB\" \/>\n<meta property=\"og:type\" content=\"article\" \/>\n<meta property=\"og:title\" content=\"5 lecciones de liderazgo que nos deja la pel\u00edcula de Steve Jobs - Action Project\" \/>\n<meta property=\"og:description\" content=\"Hace ya algunos a\u00f1os que falleci\u00f3 el famoso creador de Apple, Steve Jobs. Aunque sus valiosas lecciones sobre liderazgo empresarial a\u00fan aportan mucho valor. Estas son algunas que se reflejan en la pel\u00edcula que se hizo de su figura.\" \/>\n<meta property=\"og:url\" content=\"https:\/\/www.actionproject.es\/en_gb\/blog\/lecciones-liderazgo-steve-jobs\/\" \/>\n<meta property=\"og:site_name\" content=\"Action Project\" \/>\n<meta property=\"article:published_time\" content=\"2023-12-18T10:51:21+00:00\" \/>\n<meta property=\"article:modified_time\" content=\"2025-07-02T09:13:13+00:00\" \/>\n<meta property=\"og:image\" content=\"https:\/\/www.actionproject.es\/wp-content\/uploads\/2025\/07\/liderazgo-steve-jobs.jpg\" \/>\n\t<meta property=\"og:image:width\" content=\"1200\" \/>\n\t<meta property=\"og:image:height\" content=\"900\" \/>\n\t<meta property=\"og:image:type\" content=\"image\/jpeg\" \/>\n<meta name=\"author\" content=\"Juanma\" \/>\n<meta name=\"twitter:card\" content=\"summary_large_image\" \/>\n<meta name=\"twitter:label1\" content=\"Written by\" \/>\n\t<meta name=\"twitter:data1\" content=\"Juanma\" \/>\n\t<meta name=\"twitter:label2\" content=\"Estimated reading time\" \/>\n\t<meta name=\"twitter:data2\" content=\"2 minutes\" \/>\n<script type=\"application\/ld+json\" class=\"yoast-schema-graph\">{\"@context\":\"https:\\\/\\\/schema.org\",\"@graph\":[{\"@type\":\"Article\",\"@id\":\"https:\\\/\\\/www.actionproject.es\\\/blog\\\/lecciones-liderazgo-steve-jobs\\\/#article\",\"isPartOf\":{\"@id\":\"https:\\\/\\\/www.actionproject.es\\\/blog\\\/lecciones-liderazgo-steve-jobs\\\/\"},\"author\":{\"name\":\"Juanma\",\"@id\":\"https:\\\/\\\/www.actionproject.es\\\/#\\\/schema\\\/person\\\/01aa5bb80cabd3235975fa1fccb16e23\"},\"headline\":\"5 lecciones de liderazgo que nos deja la pel\u00edcula de Steve Jobs\",\"datePublished\":\"2023-12-18T10:51:21+00:00\",\"dateModified\":\"2025-07-02T09:13:13+00:00\",\"mainEntityOfPage\":{\"@id\":\"https:\\\/\\\/www.actionproject.es\\\/blog\\\/lecciones-liderazgo-steve-jobs\\\/\"},\"wordCount\":381,\"publisher\":{\"@id\":\"https:\\\/\\\/www.actionproject.es\\\/#organization\"},\"image\":{\"@id\":\"https:\\\/\\\/www.actionproject.es\\\/blog\\\/lecciones-liderazgo-steve-jobs\\\/#primaryimage\"},\"thumbnailUrl\":\"https:\\\/\\\/www.actionproject.es\\\/wp-content\\\/uploads\\\/2025\\\/07\\\/liderazgo-steve-jobs.jpg\",\"keywords\":[\"liderar un equipo\",\"liderazgo directivo\",\"liderazgo empresarial\"],\"articleSection\":[\"Estrategia empresarial\"],\"inLanguage\":\"en-GB\"},{\"@type\":\"WebPage\",\"@id\":\"https:\\\/\\\/www.actionproject.es\\\/blog\\\/lecciones-liderazgo-steve-jobs\\\/\",\"url\":\"https:\\\/\\\/www.actionproject.es\\\/blog\\\/lecciones-liderazgo-steve-jobs\\\/\",\"name\":\"5 lecciones de liderazgo que nos deja la pel\u00edcula de Steve Jobs - Action Project\",\"isPartOf\":{\"@id\":\"https:\\\/\\\/www.actionproject.es\\\/#website\"},\"primaryImageOfPage\":{\"@id\":\"https:\\\/\\\/www.actionproject.es\\\/blog\\\/lecciones-liderazgo-steve-jobs\\\/#primaryimage\"},\"image\":{\"@id\":\"https:\\\/\\\/www.actionproject.es\\\/blog\\\/lecciones-liderazgo-steve-jobs\\\/#primaryimage\"},\"thumbnailUrl\":\"https:\\\/\\\/www.actionproject.es\\\/wp-content\\\/uploads\\\/2025\\\/07\\\/liderazgo-steve-jobs.jpg\",\"datePublished\":\"2023-12-18T10:51:21+00:00\",\"dateModified\":\"2025-07-02T09:13:13+00:00\",\"breadcrumb\":{\"@id\":\"https:\\\/\\\/www.actionproject.es\\\/blog\\\/lecciones-liderazgo-steve-jobs\\\/#breadcrumb\"},\"inLanguage\":\"en-GB\",\"potentialAction\":[{\"@type\":\"ReadAction\",\"target\":[\"https:\\\/\\\/www.actionproject.es\\\/blog\\\/lecciones-liderazgo-steve-jobs\\\/\"]}]},{\"@type\":\"ImageObject\",\"inLanguage\":\"en-GB\",\"@id\":\"https:\\\/\\\/www.actionproject.es\\\/blog\\\/lecciones-liderazgo-steve-jobs\\\/#primaryimage\",\"url\":\"https:\\\/\\\/www.actionproject.es\\\/wp-content\\\/uploads\\\/2025\\\/07\\\/liderazgo-steve-jobs.jpg\",\"contentUrl\":\"https:\\\/\\\/www.actionproject.es\\\/wp-content\\\/uploads\\\/2025\\\/07\\\/liderazgo-steve-jobs.jpg\",\"width\":1200,\"height\":900},{\"@type\":\"BreadcrumbList\",\"@id\":\"https:\\\/\\\/www.actionproject.es\\\/blog\\\/lecciones-liderazgo-steve-jobs\\\/#breadcrumb\",\"itemListElement\":[{\"@type\":\"ListItem\",\"position\":1,\"name\":\"Portada\",\"item\":\"https:\\\/\\\/www.actionproject.es\\\/\"},{\"@type\":\"ListItem\",\"position\":2,\"name\":\"5 lecciones de liderazgo que nos deja la pel\u00edcula de Steve Jobs\"}]},{\"@type\":\"WebSite\",\"@id\":\"https:\\\/\\\/www.actionproject.es\\\/#website\",\"url\":\"https:\\\/\\\/www.actionproject.es\\\/\",\"name\":\"Action Project\",\"description\":\"\",\"publisher\":{\"@id\":\"https:\\\/\\\/www.actionproject.es\\\/#organization\"},\"potentialAction\":[{\"@type\":\"SearchAction\",\"target\":{\"@type\":\"EntryPoint\",\"urlTemplate\":\"https:\\\/\\\/www.actionproject.es\\\/?s={search_term_string}\"},\"query-input\":{\"@type\":\"PropertyValueSpecification\",\"valueRequired\":true,\"valueName\":\"search_term_string\"}}],\"inLanguage\":\"en-GB\"},{\"@type\":\"Organization\",\"@id\":\"https:\\\/\\\/www.actionproject.es\\\/#organization\",\"name\":\"Action Project\",\"url\":\"https:\\\/\\\/www.actionproject.es\\\/\",\"logo\":{\"@type\":\"ImageObject\",\"inLanguage\":\"en-GB\",\"@id\":\"https:\\\/\\\/www.actionproject.es\\\/#\\\/schema\\\/logo\\\/image\\\/\",\"url\":\"https:\\\/\\\/www.actionproject.es\\\/wp-content\\\/uploads\\\/2025\\\/02\\\/favicon-action.png\",\"contentUrl\":\"https:\\\/\\\/www.actionproject.es\\\/wp-content\\\/uploads\\\/2025\\\/02\\\/favicon-action.png\",\"width\":512,\"height\":512,\"caption\":\"Action Project\"},\"image\":{\"@id\":\"https:\\\/\\\/www.actionproject.es\\\/#\\\/schema\\\/logo\\\/image\\\/\"}},{\"@type\":\"Person\",\"@id\":\"https:\\\/\\\/www.actionproject.es\\\/#\\\/schema\\\/person\\\/01aa5bb80cabd3235975fa1fccb16e23\",\"name\":\"Juanma\",\"image\":{\"@type\":\"ImageObject\",\"inLanguage\":\"en-GB\",\"@id\":\"https:\\\/\\\/secure.gravatar.com\\\/avatar\\\/85f0c3c9ba6a2b2ba51b0df3346eaf50cafa606989920561324eac0dd1c938f4?s=96&d=mm&r=g\",\"url\":\"https:\\\/\\\/secure.gravatar.com\\\/avatar\\\/85f0c3c9ba6a2b2ba51b0df3346eaf50cafa606989920561324eac0dd1c938f4?s=96&d=mm&r=g\",\"contentUrl\":\"https:\\\/\\\/secure.gravatar.com\\\/avatar\\\/85f0c3c9ba6a2b2ba51b0df3346eaf50cafa606989920561324eac0dd1c938f4?s=96&d=mm&r=g\",\"caption\":\"Juanma\"},\"url\":\"https:\\\/\\\/www.actionproject.es\\\/en_gb\\\/blog\\\/author\\\/juanma\\\/\"}]}<\/script>\n<!-- \/ Yoast SEO plugin. -->","yoast_head_json":{"title":"5 lecciones de liderazgo que nos deja la pel\u00edcula de Steve Jobs - Action Project","robots":{"index":"index","follow":"follow","max-snippet":"max-snippet:-1","max-image-preview":"max-image-preview:large","max-video-preview":"max-video-preview:-1"},"canonical":"https:\/\/www.actionproject.es\/en_gb\/blog\/lecciones-liderazgo-steve-jobs\/","og_locale":"en_GB","og_type":"article","og_title":"5 lecciones de liderazgo que nos deja la pel\u00edcula de Steve Jobs - Action Project","og_description":"Hace ya algunos a\u00f1os que falleci\u00f3 el famoso creador de Apple, Steve Jobs. Aunque sus valiosas lecciones sobre liderazgo empresarial a\u00fan aportan mucho valor. Estas son algunas que se reflejan en la pel\u00edcula que se hizo de su figura.","og_url":"https:\/\/www.actionproject.es\/en_gb\/blog\/lecciones-liderazgo-steve-jobs\/","og_site_name":"Action Project","article_published_time":"2023-12-18T10:51:21+00:00","article_modified_time":"2025-07-02T09:13:13+00:00","og_image":[{"width":1200,"height":900,"url":"https:\/\/www.actionproject.es\/wp-content\/uploads\/2025\/07\/liderazgo-steve-jobs.jpg","type":"image\/jpeg"}],"author":"Juanma","twitter_card":"summary_large_image","twitter_misc":{"Written by":"Juanma","Estimated reading time":"2 minutes"},"schema":{"@context":"https:\/\/schema.org","@graph":[{"@type":"Article","@id":"https:\/\/www.actionproject.es\/blog\/lecciones-liderazgo-steve-jobs\/#article","isPartOf":{"@id":"https:\/\/www.actionproject.es\/blog\/lecciones-liderazgo-steve-jobs\/"},"author":{"name":"Juanma","@id":"https:\/\/www.actionproject.es\/#\/schema\/person\/01aa5bb80cabd3235975fa1fccb16e23"},"headline":"5 lecciones de liderazgo que nos deja la pel\u00edcula de Steve Jobs","datePublished":"2023-12-18T10:51:21+00:00","dateModified":"2025-07-02T09:13:13+00:00","mainEntityOfPage":{"@id":"https:\/\/www.actionproject.es\/blog\/lecciones-liderazgo-steve-jobs\/"},"wordCount":381,"publisher":{"@id":"https:\/\/www.actionproject.es\/#organization"},"image":{"@id":"https:\/\/www.actionproject.es\/blog\/lecciones-liderazgo-steve-jobs\/#primaryimage"},"thumbnailUrl":"https:\/\/www.actionproject.es\/wp-content\/uploads\/2025\/07\/liderazgo-steve-jobs.jpg","keywords":["liderar un equipo","liderazgo directivo","liderazgo empresarial"],"articleSection":["Estrategia empresarial"],"inLanguage":"en-GB"},{"@type":"WebPage","@id":"https:\/\/www.actionproject.es\/blog\/lecciones-liderazgo-steve-jobs\/","url":"https:\/\/www.actionproject.es\/blog\/lecciones-liderazgo-steve-jobs\/","name":"5 lecciones de liderazgo que nos deja la pel\u00edcula de Steve Jobs - Action Project","isPartOf":{"@id":"https:\/\/www.actionproject.es\/#website"},"primaryImageOfPage":{"@id":"https:\/\/www.actionproject.es\/blog\/lecciones-liderazgo-steve-jobs\/#primaryimage"},"image":{"@id":"https:\/\/www.actionproject.es\/blog\/lecciones-liderazgo-steve-jobs\/#primaryimage"},"thumbnailUrl":"https:\/\/www.actionproject.es\/wp-content\/uploads\/2025\/07\/liderazgo-steve-jobs.jpg","datePublished":"2023-12-18T10:51:21+00:00","dateModified":"2025-07-02T09:13:13+00:00","breadcrumb":{"@id":"https:\/\/www.actionproject.es\/blog\/lecciones-liderazgo-steve-jobs\/#breadcrumb"},"inLanguage":"en-GB","potentialAction":[{"@type":"ReadAction","target":["https:\/\/www.actionproject.es\/blog\/lecciones-liderazgo-steve-jobs\/"]}]},{"@type":"ImageObject","inLanguage":"en-GB","@id":"https:\/\/www.actionproject.es\/blog\/lecciones-liderazgo-steve-jobs\/#primaryimage","url":"https:\/\/www.actionproject.es\/wp-content\/uploads\/2025\/07\/liderazgo-steve-jobs.jpg","contentUrl":"https:\/\/www.actionproject.es\/wp-content\/uploads\/2025\/07\/liderazgo-steve-jobs.jpg","width":1200,"height":900},{"@type":"BreadcrumbList","@id":"https:\/\/www.actionproject.es\/blog\/lecciones-liderazgo-steve-jobs\/#breadcrumb","itemListElement":[{"@type":"ListItem","position":1,"name":"Portada","item":"https:\/\/www.actionproject.es\/"},{"@type":"ListItem","position":2,"name":"5 lecciones de liderazgo que nos deja la pel\u00edcula de Steve Jobs"}]},{"@type":"WebSite","@id":"https:\/\/www.actionproject.es\/#website","url":"https:\/\/www.actionproject.es\/","name":"Action Project","description":"","publisher":{"@id":"https:\/\/www.actionproject.es\/#organization"},"potentialAction":[{"@type":"SearchAction","target":{"@type":"EntryPoint","urlTemplate":"https:\/\/www.actionproject.es\/?s={search_term_string}"},"query-input":{"@type":"PropertyValueSpecification","valueRequired":true,"valueName":"search_term_string"}}],"inLanguage":"en-GB"},{"@type":"Organization","@id":"https:\/\/www.actionproject.es\/#organization","name":"Action Project","url":"https:\/\/www.actionproject.es\/","logo":{"@type":"ImageObject","inLanguage":"en-GB","@id":"https:\/\/www.actionproject.es\/#\/schema\/logo\/image\/","url":"https:\/\/www.actionproject.es\/wp-content\/uploads\/2025\/02\/favicon-action.png","contentUrl":"https:\/\/www.actionproject.es\/wp-content\/uploads\/2025\/02\/favicon-action.png","width":512,"height":512,"caption":"Action Project"},"image":{"@id":"https:\/\/www.actionproject.es\/#\/schema\/logo\/image\/"}},{"@type":"Person","@id":"https:\/\/www.actionproject.es\/#\/schema\/person\/01aa5bb80cabd3235975fa1fccb16e23","name":"Juanma","image":{"@type":"ImageObject","inLanguage":"en-GB","@id":"https:\/\/secure.gravatar.com\/avatar\/85f0c3c9ba6a2b2ba51b0df3346eaf50cafa606989920561324eac0dd1c938f4?s=96&d=mm&r=g","url":"https:\/\/secure.gravatar.com\/avatar\/85f0c3c9ba6a2b2ba51b0df3346eaf50cafa606989920561324eac0dd1c938f4?s=96&d=mm&r=g","contentUrl":"https:\/\/secure.gravatar.com\/avatar\/85f0c3c9ba6a2b2ba51b0df3346eaf50cafa606989920561324eac0dd1c938f4?s=96&d=mm&r=g","caption":"Juanma"},"url":"https:\/\/www.actionproject.es\/en_gb\/blog\/author\/juanma\/"}]}},"_links":{"self":[{"href":"https:\/\/www.actionproject.es\/en_gb\/wp-json\/wp\/v2\/posts\/1373","targetHints":{"allow":["GET"]}}],"collection":[{"href":"https:\/\/www.actionproject.es\/en_gb\/wp-json\/wp\/v2\/posts"}],"about":[{"href":"https:\/\/www.actionproject.es\/en_gb\/wp-json\/wp\/v2\/types\/post"}],"author":[{"embeddable":true,"href":"https:\/\/www.actionproject.es\/en_gb\/wp-json\/wp\/v2\/users\/2"}],"replies":[{"embeddable":true,"href":"https:\/\/www.actionproject.es\/en_gb\/wp-json\/wp\/v2\/comments?post=1373"}],"version-history":[{"count":3,"href":"https:\/\/www.actionproject.es\/en_gb\/wp-json\/wp\/v2\/posts\/1373\/revisions"}],"predecessor-version":[{"id":1753,"href":"https:\/\/www.actionproject.es\/en_gb\/wp-json\/wp\/v2\/posts\/1373\/revisions\/1753"}],"wp:featuredmedia":[{"embeddable":true,"href":"https:\/\/www.actionproject.es\/en_gb\/wp-json\/wp\/v2\/media\/1483"}],"wp:attachment":[{"href":"https:\/\/www.actionproject.es\/en_gb\/wp-json\/wp\/v2\/media?parent=1373"}],"wp:term":[{"taxonomy":"category","embeddable":true,"href":"https:\/\/www.actionproject.es\/en_gb\/wp-json\/wp\/v2\/categories?post=1373"},{"taxonomy":"post_tag","embeddable":true,"href":"https:\/\/www.actionproject.es\/en_gb\/wp-json\/wp\/v2\/tags?post=1373"}],"curies":[{"name":"wp","href":"https:\/\/api.w.org\/{rel}","templated":true}]}}