{"id":1391,"date":"2024-09-17T06:00:52","date_gmt":"2024-09-17T04:00:52","guid":{"rendered":"https:\/\/www.actionproject.es\/blog\/como-organizar-las-tareas-de-una-empresa\/"},"modified":"2025-07-02T11:13:16","modified_gmt":"2025-07-02T09:13:16","slug":"como-organizar-las-tareas-de-una-empresa","status":"publish","type":"post","link":"https:\/\/www.actionproject.es\/en_gb\/blog\/como-organizar-las-tareas-de-una-empresa\/","title":{"rendered":"\u00bfC\u00f3mo organizar las tareas de una empresa?"},"content":{"rendered":"<p>\u00a0<\/p>\n<h2>Claves para la organizaci\u00f3n de tareas de una empresa<\/h2>\n<p>\u00a0<\/p>\n<p><strong>1. Define y prioriza las tareas.<\/strong><\/p>\n<p>\u00a0<\/p>\n<p>Comienza por identificar las labores del equipo y describe cada una de ellas de forma detallada. Una vez hecho esto, clasif\u00edcalas en funci\u00f3n de su urgencia e importancia. Para ello, te servir\u00e1 la<strong> matriz de Eisenhower:<\/strong><\/p>\n<ul>\n<li><strong>Importantes y urgentes:<\/strong> deben ser atendidas de inmediato.<\/li>\n<li><strong>Importantes pero no urgentes:<\/strong> planif\u00edcalas para un futuro cercano.<\/li>\n<li><strong>No importantes pero urgentes:<\/strong> considera delegarlas.<\/li>\n<li><strong>No importantes y no urgentes:<\/strong> eval\u00faa si realmente son necesarias.<\/li>\n<\/ul>\n<p>\u00a0<\/p>\n<p><strong>2. Establece objetivos claros y realistas.<\/strong><\/p>\n<p>\u00a0<\/p>\n<p>La organizaci\u00f3n eficaz de las tareas tambi\u00e9n implica establecer <a href=\"https:\/\/www.actionproject.es\/en_gb\/blog\/objetivos-empresariales-y-su-importancia\/\">objetivos empresariales<\/a><strong>\u00a0claros y alcanzables<\/strong>. Cada tarea debe tener un prop\u00f3sito definido y un resultado esperado. Utiliza la <strong>metodolog\u00eda SMART<\/strong> (<em>specific, measurable, achievable, relevant, time-bound<\/em>) para definir objetivos que sean espec\u00edficos, medibles, alcanzables, relevantes y con un plazo determinado.<\/p>\n<p>\u00a0<\/p>\n<p><strong>3. Asigna responsabilidades claras.<\/strong><\/p>\n<p>\u00a0<\/p>\n<p>\u00bfCada miembro de tu equipo conoce bien <strong>cu\u00e1les son sus responsabilidades y las expectativas que se esperan de ello<\/strong>? Muchas veces, la falta de organizaci\u00f3n crea confusi\u00f3n en los trabajadores al no estar bien delimitadas las tareas. Aseg\u00farate de mantener una <strong><a href=\"https:\/\/www.actionproject.es\/en_gb\/blog\/comunicacion-en-la-empresa\/\">comunicaci\u00f3n en la empresa<\/a> eficaz<\/strong> y en ambas direcciones para que los empleados est\u00e9n abiertos a preguntar dudas sobre sus quehaceres diarios.<\/p>\n<p>\u00a0<\/p>\n<p><strong>4. Utiliza herramientas de gesti\u00f3n de tareas.<\/strong><\/p>\n<p>\u00a0<\/p>\n<p>Para una organizaci\u00f3n de tareas en una empresa m\u00e1s eficiente es recomendable usar herramientas de gesti\u00f3n de proyectos como<strong> Trello, Asana o Monday.com<\/strong>. Estas herramientas permiten <strong>asignar tareas, establecer plazos y hacer un seguimiento del progreso en tiempo real<\/strong>. Adem\u00e1s, facilitan la colaboraci\u00f3n entre los miembros del equipo y aseguran que todos est\u00e9n alineados con los objetivos del proyecto.<\/p>\n<p>\u00a0<\/p>\n<p><strong>5. Implementa un sistema de seguimiento y evaluaci\u00f3n.<\/strong><\/p>\n<p>\u00a0<\/p>\n<p>\u00bfFunciona tu sistema de organizaci\u00f3n de tareas en la empresa? Aver\u00edgualo con la <strong>aplicaci\u00f3n de un sistema de seguimiento y evaluaci\u00f3n<\/strong>. Establece indicadores clave de rendimiento (KPI) para medir el progreso y la efectividad de las tareas. Realiza revisiones peri\u00f3dicas con el objetivo de evaluar el rendimiento y ajustar las estrategias seg\u00fan sea necesario.<\/p>\n<p>\u00a0<\/p>\n<p>La buena organizaci\u00f3n de las tareas en una empresa no solo mejora la <a href=\"https:\/\/www.actionproject.es\/en_gb\/blog\/productividad-personal\/\">productividad personal<\/a>, sino que tambi\u00e9n aumenta la satisfacci\u00f3n y motivaci\u00f3n del equipo. \u00bf<a href=\"https:\/\/www.actionproject.es\/en_gb\/contacto\/\" rel=\"nofollow\">Necesitas ayuda con ello<\/a>?<\/p>","protected":false},"excerpt":{"rendered":"<p>Una correcta gesti\u00f3n de las tareas puede marcar la diferencia entre la baja y la alta productividad. Por eso, la organizaci\u00f3n de las tareas en una empresa resulta esencial para asegurar la eficiencia y el buen desarrollo de los procesos.<\/p>","protected":false},"author":2,"featured_media":1500,"comment_status":"closed","ping_status":"open","sticky":false,"template":"","format":"standard","meta":{"_acf_changed":false,"_joinchat":[],"footnotes":""},"categories":[10],"tags":[224],"class_list":["post-1391","post","type-post","status-publish","format-standard","has-post-thumbnail","hentry","category-estrategia-empresarial","tag-organizacion-de-empresa"],"acf":[],"aioseo_notices":[],"yoast_head":"<!-- This site is optimized with the Yoast SEO plugin v27.3 - https:\/\/yoast.com\/product\/yoast-seo-wordpress\/ -->\n<title>\u00bfC\u00f3mo organizar las tareas de una empresa? - Action Project<\/title>\n<meta name=\"robots\" content=\"index, follow, max-snippet:-1, max-image-preview:large, max-video-preview:-1\" \/>\n<link rel=\"canonical\" href=\"https:\/\/www.actionproject.es\/en_gb\/blog\/como-organizar-las-tareas-de-una-empresa\/\" \/>\n<meta property=\"og:locale\" content=\"en_GB\" \/>\n<meta property=\"og:type\" content=\"article\" \/>\n<meta property=\"og:title\" content=\"\u00bfC\u00f3mo organizar las tareas de una empresa? - Action Project\" \/>\n<meta property=\"og:description\" content=\"Una correcta gesti\u00f3n de las tareas puede marcar la diferencia entre la baja y la alta productividad. Por eso, la organizaci\u00f3n de las tareas en una empresa resulta esencial para asegurar la eficiencia y el buen desarrollo de los procesos.\" \/>\n<meta property=\"og:url\" content=\"https:\/\/www.actionproject.es\/en_gb\/blog\/como-organizar-las-tareas-de-una-empresa\/\" \/>\n<meta property=\"og:site_name\" content=\"Action Project\" \/>\n<meta property=\"article:published_time\" content=\"2024-09-17T04:00:52+00:00\" \/>\n<meta property=\"article:modified_time\" content=\"2025-07-02T09:13:16+00:00\" \/>\n<meta property=\"og:image\" content=\"https:\/\/www.actionproject.es\/wp-content\/uploads\/2025\/07\/organizacin-de-tareas-en-una-empresa.jpg\" \/>\n\t<meta property=\"og:image:width\" content=\"1200\" \/>\n\t<meta property=\"og:image:height\" content=\"800\" \/>\n\t<meta property=\"og:image:type\" content=\"image\/jpeg\" \/>\n<meta name=\"author\" content=\"Juanma\" \/>\n<meta name=\"twitter:card\" content=\"summary_large_image\" \/>\n<meta name=\"twitter:label1\" content=\"Written by\" \/>\n\t<meta name=\"twitter:data1\" content=\"Juanma\" \/>\n\t<meta name=\"twitter:label2\" content=\"Estimated reading time\" \/>\n\t<meta name=\"twitter:data2\" content=\"2 minutes\" \/>\n<script type=\"application\/ld+json\" class=\"yoast-schema-graph\">{\"@context\":\"https:\\\/\\\/schema.org\",\"@graph\":[{\"@type\":\"Article\",\"@id\":\"https:\\\/\\\/www.actionproject.es\\\/blog\\\/como-organizar-las-tareas-de-una-empresa\\\/#article\",\"isPartOf\":{\"@id\":\"https:\\\/\\\/www.actionproject.es\\\/blog\\\/como-organizar-las-tareas-de-una-empresa\\\/\"},\"author\":{\"name\":\"Juanma\",\"@id\":\"https:\\\/\\\/www.actionproject.es\\\/#\\\/schema\\\/person\\\/01aa5bb80cabd3235975fa1fccb16e23\"},\"headline\":\"\u00bfC\u00f3mo organizar las tareas de una empresa?\",\"datePublished\":\"2024-09-17T04:00:52+00:00\",\"dateModified\":\"2025-07-02T09:13:16+00:00\",\"mainEntityOfPage\":{\"@id\":\"https:\\\/\\\/www.actionproject.es\\\/blog\\\/como-organizar-las-tareas-de-una-empresa\\\/\"},\"wordCount\":400,\"publisher\":{\"@id\":\"https:\\\/\\\/www.actionproject.es\\\/#organization\"},\"image\":{\"@id\":\"https:\\\/\\\/www.actionproject.es\\\/blog\\\/como-organizar-las-tareas-de-una-empresa\\\/#primaryimage\"},\"thumbnailUrl\":\"https:\\\/\\\/www.actionproject.es\\\/wp-content\\\/uploads\\\/2025\\\/07\\\/organizacin-de-tareas-en-una-empresa.jpg\",\"keywords\":[\"organizaci\u00f3n de empresa\"],\"articleSection\":[\"Estrategia empresarial\"],\"inLanguage\":\"en-GB\"},{\"@type\":\"WebPage\",\"@id\":\"https:\\\/\\\/www.actionproject.es\\\/blog\\\/como-organizar-las-tareas-de-una-empresa\\\/\",\"url\":\"https:\\\/\\\/www.actionproject.es\\\/blog\\\/como-organizar-las-tareas-de-una-empresa\\\/\",\"name\":\"\u00bfC\u00f3mo organizar las tareas de una empresa? - Action Project\",\"isPartOf\":{\"@id\":\"https:\\\/\\\/www.actionproject.es\\\/#website\"},\"primaryImageOfPage\":{\"@id\":\"https:\\\/\\\/www.actionproject.es\\\/blog\\\/como-organizar-las-tareas-de-una-empresa\\\/#primaryimage\"},\"image\":{\"@id\":\"https:\\\/\\\/www.actionproject.es\\\/blog\\\/como-organizar-las-tareas-de-una-empresa\\\/#primaryimage\"},\"thumbnailUrl\":\"https:\\\/\\\/www.actionproject.es\\\/wp-content\\\/uploads\\\/2025\\\/07\\\/organizacin-de-tareas-en-una-empresa.jpg\",\"datePublished\":\"2024-09-17T04:00:52+00:00\",\"dateModified\":\"2025-07-02T09:13:16+00:00\",\"breadcrumb\":{\"@id\":\"https:\\\/\\\/www.actionproject.es\\\/blog\\\/como-organizar-las-tareas-de-una-empresa\\\/#breadcrumb\"},\"inLanguage\":\"en-GB\",\"potentialAction\":[{\"@type\":\"ReadAction\",\"target\":[\"https:\\\/\\\/www.actionproject.es\\\/blog\\\/como-organizar-las-tareas-de-una-empresa\\\/\"]}]},{\"@type\":\"ImageObject\",\"inLanguage\":\"en-GB\",\"@id\":\"https:\\\/\\\/www.actionproject.es\\\/blog\\\/como-organizar-las-tareas-de-una-empresa\\\/#primaryimage\",\"url\":\"https:\\\/\\\/www.actionproject.es\\\/wp-content\\\/uploads\\\/2025\\\/07\\\/organizacin-de-tareas-en-una-empresa.jpg\",\"contentUrl\":\"https:\\\/\\\/www.actionproject.es\\\/wp-content\\\/uploads\\\/2025\\\/07\\\/organizacin-de-tareas-en-una-empresa.jpg\",\"width\":1200,\"height\":800},{\"@type\":\"BreadcrumbList\",\"@id\":\"https:\\\/\\\/www.actionproject.es\\\/blog\\\/como-organizar-las-tareas-de-una-empresa\\\/#breadcrumb\",\"itemListElement\":[{\"@type\":\"ListItem\",\"position\":1,\"name\":\"Portada\",\"item\":\"https:\\\/\\\/www.actionproject.es\\\/\"},{\"@type\":\"ListItem\",\"position\":2,\"name\":\"\u00bfC\u00f3mo organizar las tareas de una empresa?\"}]},{\"@type\":\"WebSite\",\"@id\":\"https:\\\/\\\/www.actionproject.es\\\/#website\",\"url\":\"https:\\\/\\\/www.actionproject.es\\\/\",\"name\":\"Action Project\",\"description\":\"\",\"publisher\":{\"@id\":\"https:\\\/\\\/www.actionproject.es\\\/#organization\"},\"potentialAction\":[{\"@type\":\"SearchAction\",\"target\":{\"@type\":\"EntryPoint\",\"urlTemplate\":\"https:\\\/\\\/www.actionproject.es\\\/?s={search_term_string}\"},\"query-input\":{\"@type\":\"PropertyValueSpecification\",\"valueRequired\":true,\"valueName\":\"search_term_string\"}}],\"inLanguage\":\"en-GB\"},{\"@type\":\"Organization\",\"@id\":\"https:\\\/\\\/www.actionproject.es\\\/#organization\",\"name\":\"Action Project\",\"url\":\"https:\\\/\\\/www.actionproject.es\\\/\",\"logo\":{\"@type\":\"ImageObject\",\"inLanguage\":\"en-GB\",\"@id\":\"https:\\\/\\\/www.actionproject.es\\\/#\\\/schema\\\/logo\\\/image\\\/\",\"url\":\"https:\\\/\\\/www.actionproject.es\\\/wp-content\\\/uploads\\\/2025\\\/02\\\/favicon-action.png\",\"contentUrl\":\"https:\\\/\\\/www.actionproject.es\\\/wp-content\\\/uploads\\\/2025\\\/02\\\/favicon-action.png\",\"width\":512,\"height\":512,\"caption\":\"Action Project\"},\"image\":{\"@id\":\"https:\\\/\\\/www.actionproject.es\\\/#\\\/schema\\\/logo\\\/image\\\/\"}},{\"@type\":\"Person\",\"@id\":\"https:\\\/\\\/www.actionproject.es\\\/#\\\/schema\\\/person\\\/01aa5bb80cabd3235975fa1fccb16e23\",\"name\":\"Juanma\",\"image\":{\"@type\":\"ImageObject\",\"inLanguage\":\"en-GB\",\"@id\":\"https:\\\/\\\/secure.gravatar.com\\\/avatar\\\/85f0c3c9ba6a2b2ba51b0df3346eaf50cafa606989920561324eac0dd1c938f4?s=96&d=mm&r=g\",\"url\":\"https:\\\/\\\/secure.gravatar.com\\\/avatar\\\/85f0c3c9ba6a2b2ba51b0df3346eaf50cafa606989920561324eac0dd1c938f4?s=96&d=mm&r=g\",\"contentUrl\":\"https:\\\/\\\/secure.gravatar.com\\\/avatar\\\/85f0c3c9ba6a2b2ba51b0df3346eaf50cafa606989920561324eac0dd1c938f4?s=96&d=mm&r=g\",\"caption\":\"Juanma\"},\"url\":\"https:\\\/\\\/www.actionproject.es\\\/en_gb\\\/blog\\\/author\\\/juanma\\\/\"}]}<\/script>\n<!-- \/ Yoast SEO plugin. -->","yoast_head_json":{"title":"\u00bfC\u00f3mo organizar las tareas de una empresa? - Action Project","robots":{"index":"index","follow":"follow","max-snippet":"max-snippet:-1","max-image-preview":"max-image-preview:large","max-video-preview":"max-video-preview:-1"},"canonical":"https:\/\/www.actionproject.es\/en_gb\/blog\/como-organizar-las-tareas-de-una-empresa\/","og_locale":"en_GB","og_type":"article","og_title":"\u00bfC\u00f3mo organizar las tareas de una empresa? - Action Project","og_description":"Una correcta gesti\u00f3n de las tareas puede marcar la diferencia entre la baja y la alta productividad. Por eso, la organizaci\u00f3n de las tareas en una empresa resulta esencial para asegurar la eficiencia y el buen desarrollo de los procesos.","og_url":"https:\/\/www.actionproject.es\/en_gb\/blog\/como-organizar-las-tareas-de-una-empresa\/","og_site_name":"Action Project","article_published_time":"2024-09-17T04:00:52+00:00","article_modified_time":"2025-07-02T09:13:16+00:00","og_image":[{"width":1200,"height":800,"url":"https:\/\/www.actionproject.es\/wp-content\/uploads\/2025\/07\/organizacin-de-tareas-en-una-empresa.jpg","type":"image\/jpeg"}],"author":"Juanma","twitter_card":"summary_large_image","twitter_misc":{"Written by":"Juanma","Estimated reading time":"2 minutes"},"schema":{"@context":"https:\/\/schema.org","@graph":[{"@type":"Article","@id":"https:\/\/www.actionproject.es\/blog\/como-organizar-las-tareas-de-una-empresa\/#article","isPartOf":{"@id":"https:\/\/www.actionproject.es\/blog\/como-organizar-las-tareas-de-una-empresa\/"},"author":{"name":"Juanma","@id":"https:\/\/www.actionproject.es\/#\/schema\/person\/01aa5bb80cabd3235975fa1fccb16e23"},"headline":"\u00bfC\u00f3mo organizar las tareas de una empresa?","datePublished":"2024-09-17T04:00:52+00:00","dateModified":"2025-07-02T09:13:16+00:00","mainEntityOfPage":{"@id":"https:\/\/www.actionproject.es\/blog\/como-organizar-las-tareas-de-una-empresa\/"},"wordCount":400,"publisher":{"@id":"https:\/\/www.actionproject.es\/#organization"},"image":{"@id":"https:\/\/www.actionproject.es\/blog\/como-organizar-las-tareas-de-una-empresa\/#primaryimage"},"thumbnailUrl":"https:\/\/www.actionproject.es\/wp-content\/uploads\/2025\/07\/organizacin-de-tareas-en-una-empresa.jpg","keywords":["organizaci\u00f3n de empresa"],"articleSection":["Estrategia empresarial"],"inLanguage":"en-GB"},{"@type":"WebPage","@id":"https:\/\/www.actionproject.es\/blog\/como-organizar-las-tareas-de-una-empresa\/","url":"https:\/\/www.actionproject.es\/blog\/como-organizar-las-tareas-de-una-empresa\/","name":"\u00bfC\u00f3mo organizar las tareas de una empresa? - Action Project","isPartOf":{"@id":"https:\/\/www.actionproject.es\/#website"},"primaryImageOfPage":{"@id":"https:\/\/www.actionproject.es\/blog\/como-organizar-las-tareas-de-una-empresa\/#primaryimage"},"image":{"@id":"https:\/\/www.actionproject.es\/blog\/como-organizar-las-tareas-de-una-empresa\/#primaryimage"},"thumbnailUrl":"https:\/\/www.actionproject.es\/wp-content\/uploads\/2025\/07\/organizacin-de-tareas-en-una-empresa.jpg","datePublished":"2024-09-17T04:00:52+00:00","dateModified":"2025-07-02T09:13:16+00:00","breadcrumb":{"@id":"https:\/\/www.actionproject.es\/blog\/como-organizar-las-tareas-de-una-empresa\/#breadcrumb"},"inLanguage":"en-GB","potentialAction":[{"@type":"ReadAction","target":["https:\/\/www.actionproject.es\/blog\/como-organizar-las-tareas-de-una-empresa\/"]}]},{"@type":"ImageObject","inLanguage":"en-GB","@id":"https:\/\/www.actionproject.es\/blog\/como-organizar-las-tareas-de-una-empresa\/#primaryimage","url":"https:\/\/www.actionproject.es\/wp-content\/uploads\/2025\/07\/organizacin-de-tareas-en-una-empresa.jpg","contentUrl":"https:\/\/www.actionproject.es\/wp-content\/uploads\/2025\/07\/organizacin-de-tareas-en-una-empresa.jpg","width":1200,"height":800},{"@type":"BreadcrumbList","@id":"https:\/\/www.actionproject.es\/blog\/como-organizar-las-tareas-de-una-empresa\/#breadcrumb","itemListElement":[{"@type":"ListItem","position":1,"name":"Portada","item":"https:\/\/www.actionproject.es\/"},{"@type":"ListItem","position":2,"name":"\u00bfC\u00f3mo organizar las tareas de una empresa?"}]},{"@type":"WebSite","@id":"https:\/\/www.actionproject.es\/#website","url":"https:\/\/www.actionproject.es\/","name":"Action Project","description":"","publisher":{"@id":"https:\/\/www.actionproject.es\/#organization"},"potentialAction":[{"@type":"SearchAction","target":{"@type":"EntryPoint","urlTemplate":"https:\/\/www.actionproject.es\/?s={search_term_string}"},"query-input":{"@type":"PropertyValueSpecification","valueRequired":true,"valueName":"search_term_string"}}],"inLanguage":"en-GB"},{"@type":"Organization","@id":"https:\/\/www.actionproject.es\/#organization","name":"Action Project","url":"https:\/\/www.actionproject.es\/","logo":{"@type":"ImageObject","inLanguage":"en-GB","@id":"https:\/\/www.actionproject.es\/#\/schema\/logo\/image\/","url":"https:\/\/www.actionproject.es\/wp-content\/uploads\/2025\/02\/favicon-action.png","contentUrl":"https:\/\/www.actionproject.es\/wp-content\/uploads\/2025\/02\/favicon-action.png","width":512,"height":512,"caption":"Action Project"},"image":{"@id":"https:\/\/www.actionproject.es\/#\/schema\/logo\/image\/"}},{"@type":"Person","@id":"https:\/\/www.actionproject.es\/#\/schema\/person\/01aa5bb80cabd3235975fa1fccb16e23","name":"Juanma","image":{"@type":"ImageObject","inLanguage":"en-GB","@id":"https:\/\/secure.gravatar.com\/avatar\/85f0c3c9ba6a2b2ba51b0df3346eaf50cafa606989920561324eac0dd1c938f4?s=96&d=mm&r=g","url":"https:\/\/secure.gravatar.com\/avatar\/85f0c3c9ba6a2b2ba51b0df3346eaf50cafa606989920561324eac0dd1c938f4?s=96&d=mm&r=g","contentUrl":"https:\/\/secure.gravatar.com\/avatar\/85f0c3c9ba6a2b2ba51b0df3346eaf50cafa606989920561324eac0dd1c938f4?s=96&d=mm&r=g","caption":"Juanma"},"url":"https:\/\/www.actionproject.es\/en_gb\/blog\/author\/juanma\/"}]}},"_links":{"self":[{"href":"https:\/\/www.actionproject.es\/en_gb\/wp-json\/wp\/v2\/posts\/1391","targetHints":{"allow":["GET"]}}],"collection":[{"href":"https:\/\/www.actionproject.es\/en_gb\/wp-json\/wp\/v2\/posts"}],"about":[{"href":"https:\/\/www.actionproject.es\/en_gb\/wp-json\/wp\/v2\/types\/post"}],"author":[{"embeddable":true,"href":"https:\/\/www.actionproject.es\/en_gb\/wp-json\/wp\/v2\/users\/2"}],"replies":[{"embeddable":true,"href":"https:\/\/www.actionproject.es\/en_gb\/wp-json\/wp\/v2\/comments?post=1391"}],"version-history":[{"count":3,"href":"https:\/\/www.actionproject.es\/en_gb\/wp-json\/wp\/v2\/posts\/1391\/revisions"}],"predecessor-version":[{"id":1769,"href":"https:\/\/www.actionproject.es\/en_gb\/wp-json\/wp\/v2\/posts\/1391\/revisions\/1769"}],"wp:featuredmedia":[{"embeddable":true,"href":"https:\/\/www.actionproject.es\/en_gb\/wp-json\/wp\/v2\/media\/1500"}],"wp:attachment":[{"href":"https:\/\/www.actionproject.es\/en_gb\/wp-json\/wp\/v2\/media?parent=1391"}],"wp:term":[{"taxonomy":"category","embeddable":true,"href":"https:\/\/www.actionproject.es\/en_gb\/wp-json\/wp\/v2\/categories?post=1391"},{"taxonomy":"post_tag","embeddable":true,"href":"https:\/\/www.actionproject.es\/en_gb\/wp-json\/wp\/v2\/tags?post=1391"}],"curies":[{"name":"wp","href":"https:\/\/api.w.org\/{rel}","templated":true}]}}