{"id":1392,"date":"2024-10-08T06:00:17","date_gmt":"2024-10-08T04:00:17","guid":{"rendered":"https:\/\/www.actionproject.es\/blog\/gestion-del-tiempo-en-la-empresa\/"},"modified":"2025-07-02T11:13:16","modified_gmt":"2025-07-02T09:13:16","slug":"gestion-del-tiempo-en-la-empresa","status":"publish","type":"post","link":"https:\/\/www.actionproject.es\/en_gb\/blog\/gestion-del-tiempo-en-la-empresa\/","title":{"rendered":"\u00bfC\u00f3mo mantener una buena gesti\u00f3n del tiempo en la empresa?"},"content":{"rendered":"<h2>\u00bfQu\u00e9 es la gesti\u00f3n del tiempo en una empresa?<\/h2>\n<p>\u00a0<\/p>\n<p>La gesti\u00f3n del tiempo en una empresa consiste en la<strong> implementaci\u00f3n de t\u00e9cnicas y estrategias<\/strong> que permiten <strong>optimizar el uso del tiempo<\/strong> dentro de la organizaci\u00f3n. Esta pr\u00e1ctica tiene como objetivo <strong>mejorar la eficiencia operativa, aumentar la productividad y reducir los <a href=\"https:\/\/www.actionproject.es\/en_gb\/blog\/cuello-de-botella-de-una-empresa\/\">cuellos de botella<\/a><\/strong>\u00a0que frenan el crecimiento.<\/p>\n<p>Desde la correcta asignaci\u00f3n de tareas hasta la priorizaci\u00f3n de proyectos, la gesti\u00f3n del tiempo se convierte en un factor clave para alcanzar los <a href=\"https:\/\/www.actionproject.es\/en_gb\/blog\/objetivos-empresariales-y-su-importancia\/\">objetivos empresariales<\/a>.<\/p>\n<p>\u00a0<\/p>\n<h2>5 consejos pr\u00e1cticos para la gesti\u00f3n del tiempo en las empresas<\/h2>\n<p>\u00a0<\/p>\n<p><strong>1. Establecer prioridades claras<\/strong>. Una de las t\u00e9cnicas m\u00e1s efectivas para mejorar la gesti\u00f3n del tiempo en una empresa es clasificar las tareas seg\u00fan su importancia y urgencia. La <strong>matriz de Eisenhower<\/strong> es una herramienta \u00fatil para esto. Ayuda a diferenciar lo urgente de lo importante.<\/p>\n<p><strong>2. Planificar de forma diaria y semanal.<\/strong> Organiza las tareas m\u00e1s relevantes al comienzo de la semana. Herramientas como Trello, Asana o Google Calendar permiten <strong>visualizar las responsabilidades y asignarlas de manera eficiente<\/strong>. Evita la improvisaci\u00f3n y maximiza la <a href=\"https:\/\/www.actionproject.es\/en_gb\/blog\/productividad-personal\/\">productividad personal<\/a>.<\/p>\n<p><strong>3. Aprender a delegar.<\/strong> No todas las tareas requieren de la intervenci\u00f3n directa de los l\u00edderes o los directivos. Conf\u00eda en tu equipo y <strong>asigna responsabilidades a quienes tienen las competencias adecuadas.<\/strong> Esto no solo libera tu agenda, sino que potencia el desarrollo de las personas.<\/p>\n<p><strong>4. Reducir las reuniones innecesarias.<\/strong> Las reuniones deben ser breves, con una agenda clara y un objetivo definido. Establecer un l\u00edmite de tiempo para cada reuni\u00f3n evita que se prolonguen sin aportar valor.<\/p>\n<p><strong>5. Implementar bloques de tiempo<\/strong>. Agrupar tareas similares y reservar per\u00edodos espec\u00edficos para ellas ayuda a mantener la concentraci\u00f3n. La <strong>t\u00e9cnica Pomodoro<\/strong>, que alterna bloques de trabajo de 25 minutos con pausas cortas, es un ejemplo pr\u00e1ctico que mejora la productividad.<\/p>\n<p>\u00a0<\/p>\n<p><strong>Mejorar la gesti\u00f3n del tiempo en una empresa aporta multitud de beneficios al equipo<\/strong>. Pero no siempre es tarea f\u00e1cil y quiz\u00e1s necesites ayuda de expertos en <a href=\"\/en_gb\/servicios\/desarrollo-directivo\/\">management development<\/a> para hacerlo. Piensa que la presencia de un buen l\u00edder influye mucho en la organizaci\u00f3n de tareas. \u00a1<a href=\"https:\/\/www.actionproject.es\/en_gb\/contacto\/\">Cont\u00e1ctanos<\/a>!<\/p>","protected":false},"excerpt":{"rendered":"<p>Sin duda, el tiempo es un bien escaso y muy valorado, tanto en el \u00e1mbito personal como empresarial. Incluso puede que hayas hecho o visto cursos para aprovecharlo mejor y aprender a organizarte. Aqu\u00ed vas a encontrar algunos <strong>consejos \u00fatiles para la gesti\u00f3n del tiempo en la empresa<\/strong>.<\/p>\n<p>\u00a0<\/p>","protected":false},"author":2,"featured_media":1452,"comment_status":"closed","ping_status":"open","sticky":false,"template":"","format":"standard","meta":{"_acf_changed":false,"_joinchat":[],"footnotes":""},"categories":[10],"tags":[249,224,64,151],"class_list":["post-1392","post","type-post","status-publish","format-standard","has-post-thumbnail","hentry","category-estrategia-empresarial","tag-gestion-del-tiempo","tag-organizacion-de-empresa","tag-productividad","tag-productividad-de-empresa"],"acf":[],"aioseo_notices":[],"yoast_head":"<!-- This site is optimized with the Yoast SEO plugin v27.3 - https:\/\/yoast.com\/product\/yoast-seo-wordpress\/ -->\n<title>\u00bfC\u00f3mo mantener una buena gesti\u00f3n del tiempo en la empresa? - Action Project<\/title>\n<meta name=\"robots\" content=\"index, follow, max-snippet:-1, max-image-preview:large, max-video-preview:-1\" \/>\n<link rel=\"canonical\" href=\"https:\/\/www.actionproject.es\/en_gb\/blog\/gestion-del-tiempo-en-la-empresa\/\" \/>\n<meta property=\"og:locale\" content=\"en_GB\" \/>\n<meta property=\"og:type\" content=\"article\" \/>\n<meta property=\"og:title\" content=\"\u00bfC\u00f3mo mantener una buena gesti\u00f3n del tiempo en la empresa? - Action Project\" \/>\n<meta property=\"og:description\" content=\"Sin duda, el tiempo es un bien escaso y muy valorado, tanto en el \u00e1mbito personal como empresarial. Incluso puede que hayas hecho o visto cursos para aprovecharlo mejor y aprender a organizarte. Aqu\u00ed vas a encontrar algunos consejos \u00fatiles para la gesti\u00f3n del tiempo en la empresa. \u00a0\" \/>\n<meta property=\"og:url\" content=\"https:\/\/www.actionproject.es\/en_gb\/blog\/gestion-del-tiempo-en-la-empresa\/\" \/>\n<meta property=\"og:site_name\" content=\"Action Project\" \/>\n<meta property=\"article:published_time\" content=\"2024-10-08T04:00:17+00:00\" \/>\n<meta property=\"article:modified_time\" content=\"2025-07-02T09:13:16+00:00\" \/>\n<meta property=\"og:image\" content=\"https:\/\/www.actionproject.es\/wp-content\/uploads\/2025\/07\/gestion-del-tiempo-en-las-empresas.jpg\" \/>\n\t<meta property=\"og:image:width\" content=\"1200\" \/>\n\t<meta property=\"og:image:height\" content=\"800\" \/>\n\t<meta property=\"og:image:type\" content=\"image\/jpeg\" \/>\n<meta name=\"author\" content=\"Juanma\" \/>\n<meta name=\"twitter:card\" content=\"summary_large_image\" \/>\n<meta name=\"twitter:label1\" content=\"Written by\" \/>\n\t<meta name=\"twitter:data1\" content=\"Juanma\" \/>\n\t<meta name=\"twitter:label2\" content=\"Estimated reading time\" \/>\n\t<meta name=\"twitter:data2\" content=\"2 minutes\" \/>\n<script type=\"application\/ld+json\" class=\"yoast-schema-graph\">{\"@context\":\"https:\\\/\\\/schema.org\",\"@graph\":[{\"@type\":\"Article\",\"@id\":\"https:\\\/\\\/www.actionproject.es\\\/blog\\\/gestion-del-tiempo-en-la-empresa\\\/#article\",\"isPartOf\":{\"@id\":\"https:\\\/\\\/www.actionproject.es\\\/blog\\\/gestion-del-tiempo-en-la-empresa\\\/\"},\"author\":{\"name\":\"Juanma\",\"@id\":\"https:\\\/\\\/www.actionproject.es\\\/#\\\/schema\\\/person\\\/01aa5bb80cabd3235975fa1fccb16e23\"},\"headline\":\"\u00bfC\u00f3mo mantener una buena gesti\u00f3n del tiempo en la empresa?\",\"datePublished\":\"2024-10-08T04:00:17+00:00\",\"dateModified\":\"2025-07-02T09:13:16+00:00\",\"mainEntityOfPage\":{\"@id\":\"https:\\\/\\\/www.actionproject.es\\\/blog\\\/gestion-del-tiempo-en-la-empresa\\\/\"},\"wordCount\":386,\"publisher\":{\"@id\":\"https:\\\/\\\/www.actionproject.es\\\/#organization\"},\"image\":{\"@id\":\"https:\\\/\\\/www.actionproject.es\\\/blog\\\/gestion-del-tiempo-en-la-empresa\\\/#primaryimage\"},\"thumbnailUrl\":\"https:\\\/\\\/www.actionproject.es\\\/wp-content\\\/uploads\\\/2025\\\/07\\\/gestion-del-tiempo-en-las-empresas.jpg\",\"keywords\":[\"gesti\u00f3n del tiempo\",\"organizaci\u00f3n de empresa\",\"productividad\",\"productividad de empresa\"],\"articleSection\":[\"Estrategia empresarial\"],\"inLanguage\":\"en-GB\"},{\"@type\":\"WebPage\",\"@id\":\"https:\\\/\\\/www.actionproject.es\\\/blog\\\/gestion-del-tiempo-en-la-empresa\\\/\",\"url\":\"https:\\\/\\\/www.actionproject.es\\\/blog\\\/gestion-del-tiempo-en-la-empresa\\\/\",\"name\":\"\u00bfC\u00f3mo mantener una buena gesti\u00f3n del tiempo en la empresa? - Action Project\",\"isPartOf\":{\"@id\":\"https:\\\/\\\/www.actionproject.es\\\/#website\"},\"primaryImageOfPage\":{\"@id\":\"https:\\\/\\\/www.actionproject.es\\\/blog\\\/gestion-del-tiempo-en-la-empresa\\\/#primaryimage\"},\"image\":{\"@id\":\"https:\\\/\\\/www.actionproject.es\\\/blog\\\/gestion-del-tiempo-en-la-empresa\\\/#primaryimage\"},\"thumbnailUrl\":\"https:\\\/\\\/www.actionproject.es\\\/wp-content\\\/uploads\\\/2025\\\/07\\\/gestion-del-tiempo-en-las-empresas.jpg\",\"datePublished\":\"2024-10-08T04:00:17+00:00\",\"dateModified\":\"2025-07-02T09:13:16+00:00\",\"breadcrumb\":{\"@id\":\"https:\\\/\\\/www.actionproject.es\\\/blog\\\/gestion-del-tiempo-en-la-empresa\\\/#breadcrumb\"},\"inLanguage\":\"en-GB\",\"potentialAction\":[{\"@type\":\"ReadAction\",\"target\":[\"https:\\\/\\\/www.actionproject.es\\\/blog\\\/gestion-del-tiempo-en-la-empresa\\\/\"]}]},{\"@type\":\"ImageObject\",\"inLanguage\":\"en-GB\",\"@id\":\"https:\\\/\\\/www.actionproject.es\\\/blog\\\/gestion-del-tiempo-en-la-empresa\\\/#primaryimage\",\"url\":\"https:\\\/\\\/www.actionproject.es\\\/wp-content\\\/uploads\\\/2025\\\/07\\\/gestion-del-tiempo-en-las-empresas.jpg\",\"contentUrl\":\"https:\\\/\\\/www.actionproject.es\\\/wp-content\\\/uploads\\\/2025\\\/07\\\/gestion-del-tiempo-en-las-empresas.jpg\",\"width\":1200,\"height\":800},{\"@type\":\"BreadcrumbList\",\"@id\":\"https:\\\/\\\/www.actionproject.es\\\/blog\\\/gestion-del-tiempo-en-la-empresa\\\/#breadcrumb\",\"itemListElement\":[{\"@type\":\"ListItem\",\"position\":1,\"name\":\"Portada\",\"item\":\"https:\\\/\\\/www.actionproject.es\\\/\"},{\"@type\":\"ListItem\",\"position\":2,\"name\":\"\u00bfC\u00f3mo mantener una buena gesti\u00f3n del tiempo en la empresa?\"}]},{\"@type\":\"WebSite\",\"@id\":\"https:\\\/\\\/www.actionproject.es\\\/#website\",\"url\":\"https:\\\/\\\/www.actionproject.es\\\/\",\"name\":\"Action Project\",\"description\":\"\",\"publisher\":{\"@id\":\"https:\\\/\\\/www.actionproject.es\\\/#organization\"},\"potentialAction\":[{\"@type\":\"SearchAction\",\"target\":{\"@type\":\"EntryPoint\",\"urlTemplate\":\"https:\\\/\\\/www.actionproject.es\\\/?s={search_term_string}\"},\"query-input\":{\"@type\":\"PropertyValueSpecification\",\"valueRequired\":true,\"valueName\":\"search_term_string\"}}],\"inLanguage\":\"en-GB\"},{\"@type\":\"Organization\",\"@id\":\"https:\\\/\\\/www.actionproject.es\\\/#organization\",\"name\":\"Action Project\",\"url\":\"https:\\\/\\\/www.actionproject.es\\\/\",\"logo\":{\"@type\":\"ImageObject\",\"inLanguage\":\"en-GB\",\"@id\":\"https:\\\/\\\/www.actionproject.es\\\/#\\\/schema\\\/logo\\\/image\\\/\",\"url\":\"https:\\\/\\\/www.actionproject.es\\\/wp-content\\\/uploads\\\/2025\\\/02\\\/favicon-action.png\",\"contentUrl\":\"https:\\\/\\\/www.actionproject.es\\\/wp-content\\\/uploads\\\/2025\\\/02\\\/favicon-action.png\",\"width\":512,\"height\":512,\"caption\":\"Action Project\"},\"image\":{\"@id\":\"https:\\\/\\\/www.actionproject.es\\\/#\\\/schema\\\/logo\\\/image\\\/\"}},{\"@type\":\"Person\",\"@id\":\"https:\\\/\\\/www.actionproject.es\\\/#\\\/schema\\\/person\\\/01aa5bb80cabd3235975fa1fccb16e23\",\"name\":\"Juanma\",\"image\":{\"@type\":\"ImageObject\",\"inLanguage\":\"en-GB\",\"@id\":\"https:\\\/\\\/secure.gravatar.com\\\/avatar\\\/85f0c3c9ba6a2b2ba51b0df3346eaf50cafa606989920561324eac0dd1c938f4?s=96&d=mm&r=g\",\"url\":\"https:\\\/\\\/secure.gravatar.com\\\/avatar\\\/85f0c3c9ba6a2b2ba51b0df3346eaf50cafa606989920561324eac0dd1c938f4?s=96&d=mm&r=g\",\"contentUrl\":\"https:\\\/\\\/secure.gravatar.com\\\/avatar\\\/85f0c3c9ba6a2b2ba51b0df3346eaf50cafa606989920561324eac0dd1c938f4?s=96&d=mm&r=g\",\"caption\":\"Juanma\"},\"url\":\"https:\\\/\\\/www.actionproject.es\\\/en_gb\\\/blog\\\/author\\\/juanma\\\/\"}]}<\/script>\n<!-- \/ Yoast SEO plugin. -->","yoast_head_json":{"title":"\u00bfC\u00f3mo mantener una buena gesti\u00f3n del tiempo en la empresa? - Action Project","robots":{"index":"index","follow":"follow","max-snippet":"max-snippet:-1","max-image-preview":"max-image-preview:large","max-video-preview":"max-video-preview:-1"},"canonical":"https:\/\/www.actionproject.es\/en_gb\/blog\/gestion-del-tiempo-en-la-empresa\/","og_locale":"en_GB","og_type":"article","og_title":"\u00bfC\u00f3mo mantener una buena gesti\u00f3n del tiempo en la empresa? - Action Project","og_description":"Sin duda, el tiempo es un bien escaso y muy valorado, tanto en el \u00e1mbito personal como empresarial. Incluso puede que hayas hecho o visto cursos para aprovecharlo mejor y aprender a organizarte. Aqu\u00ed vas a encontrar algunos consejos \u00fatiles para la gesti\u00f3n del tiempo en la empresa. \u00a0","og_url":"https:\/\/www.actionproject.es\/en_gb\/blog\/gestion-del-tiempo-en-la-empresa\/","og_site_name":"Action Project","article_published_time":"2024-10-08T04:00:17+00:00","article_modified_time":"2025-07-02T09:13:16+00:00","og_image":[{"width":1200,"height":800,"url":"https:\/\/www.actionproject.es\/wp-content\/uploads\/2025\/07\/gestion-del-tiempo-en-las-empresas.jpg","type":"image\/jpeg"}],"author":"Juanma","twitter_card":"summary_large_image","twitter_misc":{"Written by":"Juanma","Estimated reading time":"2 minutes"},"schema":{"@context":"https:\/\/schema.org","@graph":[{"@type":"Article","@id":"https:\/\/www.actionproject.es\/blog\/gestion-del-tiempo-en-la-empresa\/#article","isPartOf":{"@id":"https:\/\/www.actionproject.es\/blog\/gestion-del-tiempo-en-la-empresa\/"},"author":{"name":"Juanma","@id":"https:\/\/www.actionproject.es\/#\/schema\/person\/01aa5bb80cabd3235975fa1fccb16e23"},"headline":"\u00bfC\u00f3mo mantener una buena gesti\u00f3n del tiempo en la empresa?","datePublished":"2024-10-08T04:00:17+00:00","dateModified":"2025-07-02T09:13:16+00:00","mainEntityOfPage":{"@id":"https:\/\/www.actionproject.es\/blog\/gestion-del-tiempo-en-la-empresa\/"},"wordCount":386,"publisher":{"@id":"https:\/\/www.actionproject.es\/#organization"},"image":{"@id":"https:\/\/www.actionproject.es\/blog\/gestion-del-tiempo-en-la-empresa\/#primaryimage"},"thumbnailUrl":"https:\/\/www.actionproject.es\/wp-content\/uploads\/2025\/07\/gestion-del-tiempo-en-las-empresas.jpg","keywords":["gesti\u00f3n del tiempo","organizaci\u00f3n de empresa","productividad","productividad de empresa"],"articleSection":["Estrategia empresarial"],"inLanguage":"en-GB"},{"@type":"WebPage","@id":"https:\/\/www.actionproject.es\/blog\/gestion-del-tiempo-en-la-empresa\/","url":"https:\/\/www.actionproject.es\/blog\/gestion-del-tiempo-en-la-empresa\/","name":"\u00bfC\u00f3mo mantener una buena gesti\u00f3n del tiempo en la empresa? - Action Project","isPartOf":{"@id":"https:\/\/www.actionproject.es\/#website"},"primaryImageOfPage":{"@id":"https:\/\/www.actionproject.es\/blog\/gestion-del-tiempo-en-la-empresa\/#primaryimage"},"image":{"@id":"https:\/\/www.actionproject.es\/blog\/gestion-del-tiempo-en-la-empresa\/#primaryimage"},"thumbnailUrl":"https:\/\/www.actionproject.es\/wp-content\/uploads\/2025\/07\/gestion-del-tiempo-en-las-empresas.jpg","datePublished":"2024-10-08T04:00:17+00:00","dateModified":"2025-07-02T09:13:16+00:00","breadcrumb":{"@id":"https:\/\/www.actionproject.es\/blog\/gestion-del-tiempo-en-la-empresa\/#breadcrumb"},"inLanguage":"en-GB","potentialAction":[{"@type":"ReadAction","target":["https:\/\/www.actionproject.es\/blog\/gestion-del-tiempo-en-la-empresa\/"]}]},{"@type":"ImageObject","inLanguage":"en-GB","@id":"https:\/\/www.actionproject.es\/blog\/gestion-del-tiempo-en-la-empresa\/#primaryimage","url":"https:\/\/www.actionproject.es\/wp-content\/uploads\/2025\/07\/gestion-del-tiempo-en-las-empresas.jpg","contentUrl":"https:\/\/www.actionproject.es\/wp-content\/uploads\/2025\/07\/gestion-del-tiempo-en-las-empresas.jpg","width":1200,"height":800},{"@type":"BreadcrumbList","@id":"https:\/\/www.actionproject.es\/blog\/gestion-del-tiempo-en-la-empresa\/#breadcrumb","itemListElement":[{"@type":"ListItem","position":1,"name":"Portada","item":"https:\/\/www.actionproject.es\/"},{"@type":"ListItem","position":2,"name":"\u00bfC\u00f3mo mantener una buena gesti\u00f3n del tiempo en la empresa?"}]},{"@type":"WebSite","@id":"https:\/\/www.actionproject.es\/#website","url":"https:\/\/www.actionproject.es\/","name":"Action Project","description":"","publisher":{"@id":"https:\/\/www.actionproject.es\/#organization"},"potentialAction":[{"@type":"SearchAction","target":{"@type":"EntryPoint","urlTemplate":"https:\/\/www.actionproject.es\/?s={search_term_string}"},"query-input":{"@type":"PropertyValueSpecification","valueRequired":true,"valueName":"search_term_string"}}],"inLanguage":"en-GB"},{"@type":"Organization","@id":"https:\/\/www.actionproject.es\/#organization","name":"Action Project","url":"https:\/\/www.actionproject.es\/","logo":{"@type":"ImageObject","inLanguage":"en-GB","@id":"https:\/\/www.actionproject.es\/#\/schema\/logo\/image\/","url":"https:\/\/www.actionproject.es\/wp-content\/uploads\/2025\/02\/favicon-action.png","contentUrl":"https:\/\/www.actionproject.es\/wp-content\/uploads\/2025\/02\/favicon-action.png","width":512,"height":512,"caption":"Action Project"},"image":{"@id":"https:\/\/www.actionproject.es\/#\/schema\/logo\/image\/"}},{"@type":"Person","@id":"https:\/\/www.actionproject.es\/#\/schema\/person\/01aa5bb80cabd3235975fa1fccb16e23","name":"Juanma","image":{"@type":"ImageObject","inLanguage":"en-GB","@id":"https:\/\/secure.gravatar.com\/avatar\/85f0c3c9ba6a2b2ba51b0df3346eaf50cafa606989920561324eac0dd1c938f4?s=96&d=mm&r=g","url":"https:\/\/secure.gravatar.com\/avatar\/85f0c3c9ba6a2b2ba51b0df3346eaf50cafa606989920561324eac0dd1c938f4?s=96&d=mm&r=g","contentUrl":"https:\/\/secure.gravatar.com\/avatar\/85f0c3c9ba6a2b2ba51b0df3346eaf50cafa606989920561324eac0dd1c938f4?s=96&d=mm&r=g","caption":"Juanma"},"url":"https:\/\/www.actionproject.es\/en_gb\/blog\/author\/juanma\/"}]}},"_links":{"self":[{"href":"https:\/\/www.actionproject.es\/en_gb\/wp-json\/wp\/v2\/posts\/1392","targetHints":{"allow":["GET"]}}],"collection":[{"href":"https:\/\/www.actionproject.es\/en_gb\/wp-json\/wp\/v2\/posts"}],"about":[{"href":"https:\/\/www.actionproject.es\/en_gb\/wp-json\/wp\/v2\/types\/post"}],"author":[{"embeddable":true,"href":"https:\/\/www.actionproject.es\/en_gb\/wp-json\/wp\/v2\/users\/2"}],"replies":[{"embeddable":true,"href":"https:\/\/www.actionproject.es\/en_gb\/wp-json\/wp\/v2\/comments?post=1392"}],"version-history":[{"count":3,"href":"https:\/\/www.actionproject.es\/en_gb\/wp-json\/wp\/v2\/posts\/1392\/revisions"}],"predecessor-version":[{"id":1770,"href":"https:\/\/www.actionproject.es\/en_gb\/wp-json\/wp\/v2\/posts\/1392\/revisions\/1770"}],"wp:featuredmedia":[{"embeddable":true,"href":"https:\/\/www.actionproject.es\/en_gb\/wp-json\/wp\/v2\/media\/1452"}],"wp:attachment":[{"href":"https:\/\/www.actionproject.es\/en_gb\/wp-json\/wp\/v2\/media?parent=1392"}],"wp:term":[{"taxonomy":"category","embeddable":true,"href":"https:\/\/www.actionproject.es\/en_gb\/wp-json\/wp\/v2\/categories?post=1392"},{"taxonomy":"post_tag","embeddable":true,"href":"https:\/\/www.actionproject.es\/en_gb\/wp-json\/wp\/v2\/tags?post=1392"}],"curies":[{"name":"wp","href":"https:\/\/api.w.org\/{rel}","templated":true}]}}