{"id":1393,"date":"2024-10-22T14:28:52","date_gmt":"2024-10-22T12:28:52","guid":{"rendered":"https:\/\/www.actionproject.es\/blog\/crecimiento-personal-en-la-empresa\/"},"modified":"2025-07-02T11:13:16","modified_gmt":"2025-07-02T09:13:16","slug":"crecimiento-personal-en-la-empresa","status":"publish","type":"post","link":"https:\/\/www.actionproject.es\/en_gb\/blog\/crecimiento-personal-en-la-empresa\/","title":{"rendered":"Crecimiento personal: qu\u00e9 es y c\u00f3mo aplicarlo en tu empresa"},"content":{"rendered":"<h2>\u00bfQu\u00e9 es el crecimiento personal?<\/h2>\n<p>\u00a0<\/p>\n<p>Vamos a comenzar por la definici\u00f3n general para que entiendas bien el t\u00e9rmino:<\/p>\n<p>Se refiere al <strong>proceso mediante el cual una persona desarrolla habilidades, adquiere conocimientos y trabaja en mejorar aspectos de su vida<\/strong>, tanto en lo profesional como en lo personal. Este proceso abarca desde aprender nuevas competencias hasta fortalecer valores como la empat\u00eda, la resiliencia o la <a href=\"https:\/\/www.actionproject.es\/en_gb\/blog\/autogestion-personal\/\">autogesti\u00f3n personal<\/a>. En esencia, el crecimiento personal es un viaje continuo que permite a cada individuo alcanzar su m\u00e1ximo potencial.<\/p>\n<p>M\u00e1s all\u00e1 de los conceptos generales, el crecimiento personal requiere de capacidad de <strong>identificar \u00e1reas de mejora en uno mismo y trabajar para superarlas<\/strong>. Se trata de aprender a gestionar las emociones, tomar decisiones m\u00e1s efectivas y mantener un equilibrio entre la vida laboral y personal. Este crecimiento no solo enriquece al individuo, sino que tambi\u00e9n<strong> se refleja en la calidad de su trabajo y en sus relaciones laborales.<\/strong><\/p>\n<p>\u00a0<\/p>\n<h2>El crecimiento personal en la empresa: una inversi\u00f3n en capital humano<\/h2>\n<p>\u00a0<\/p>\n<p>Incorporar un plan de crecimiento personal en la empresa resulta una buena estrategia. Cuando los negocios invierten en el desarrollo integral de sus empleados, crean un <strong>entorno donde el talento florece y las relaciones laborales se fortalecen<\/strong>.<\/p>\n<p>Los <strong>beneficios<\/strong> de integrar el crecimiento personal en la cultura corporativa son numerosos:<\/p>\n<ul>\n<li>Aumenta la <a href=\"https:\/\/www.actionproject.es\/en_gb\/blog\/motivacion-personal-en-entorno-empresarial-piramide-maslow\/\">motivaci\u00f3n personal<\/a>.<\/li>\n<li>Mejora la comunicaci\u00f3n interna.<\/li>\n<li>Reduce la rotaci\u00f3n de personal.<\/li>\n<li>Incrementa los niveles de compromiso con la organizaci\u00f3n.<\/li>\n<\/ul>\n<p>\u00a0<\/p>\n<h3>Consejos para crear un plan de crecimiento personal en una empresa<\/h3>\n<p>\u00a0<\/p>\n<ol>\n<li><strong>Identifica las necesidades y \u00e1reas de mejora<\/strong> de cada empleado a trav\u00e9s de entrevistas o encuestas. <\/li>\n<li><strong>Ofrece programas de formaci\u00f3n<\/strong> y desarrollo adaptados a los objetivos personales y profesionales del equipo.<\/li>\n<li><strong>Define metas espec\u00edficas para cada trabajador<\/strong>, tanto a corto como a largo plazo.<\/li>\n<li><strong>Mant\u00e9n una comunicaci\u00f3n abierta y regular<\/strong> con los empleados sobre su progreso. <\/li>\n<li><strong>Fomenta la autodisciplina y la responsabilidad personal<\/strong>. Ofrece herramientas para que los trabajadores puedan gestionar su propio desarrollo.<\/li>\n<\/ol>\n<p>\u00a0<\/p>\n<p>\u00bfNecesitas ayuda para trabajar el crecimiento personal en tu empresa? <a href=\"https:\/\/www.actionproject.es\/en_gb\/contacto\/\">Preg\u00fantanos <\/a>por nuestro programa de <a href=\"\/en_gb\/servicios\/desarrollo-directivo\/\">management development<\/a>.<\/p>","protected":false},"excerpt":{"rendered":"<p>\u00bfHas le\u00eddo alguna vez un libro sobre crecimiento personal? Quiz\u00e1s te suene y hayas puesto en pr\u00e1ctica t\u00e9cnicas para mejorar tu vida. Pero estos m\u00e9todos tambi\u00e9n se pueden incorporar en las organizaciones para <strong>mejorar el rendimiento y la motivaci\u00f3n del equipo<\/strong>.<\/p>\n<p>\u00a0<\/p>","protected":false},"author":2,"featured_media":1424,"comment_status":"closed","ping_status":"open","sticky":false,"template":"","format":"standard","meta":{"_acf_changed":false,"_joinchat":[],"footnotes":""},"categories":[10],"tags":[162,250,139],"class_list":["post-1393","post","type-post","status-publish","format-standard","has-post-thumbnail","hentry","category-estrategia-empresarial","tag-crecimiento-de-negocio","tag-crecimiento-personal","tag-motivacion"],"acf":[],"aioseo_notices":[],"yoast_head":"<!-- This site is optimized with the Yoast SEO plugin v27.3 - https:\/\/yoast.com\/product\/yoast-seo-wordpress\/ -->\n<title>Crecimiento personal: qu\u00e9 es y c\u00f3mo aplicarlo en tu empresa - Action Project<\/title>\n<meta name=\"robots\" content=\"index, follow, max-snippet:-1, max-image-preview:large, max-video-preview:-1\" \/>\n<link rel=\"canonical\" href=\"https:\/\/www.actionproject.es\/en_gb\/blog\/crecimiento-personal-en-la-empresa\/\" \/>\n<meta property=\"og:locale\" content=\"en_GB\" \/>\n<meta property=\"og:type\" content=\"article\" \/>\n<meta property=\"og:title\" content=\"Crecimiento personal: qu\u00e9 es y c\u00f3mo aplicarlo en tu empresa - Action Project\" \/>\n<meta property=\"og:description\" content=\"\u00bfHas le\u00eddo alguna vez un libro sobre crecimiento personal? Quiz\u00e1s te suene y hayas puesto en pr\u00e1ctica t\u00e9cnicas para mejorar tu vida. Pero estos m\u00e9todos tambi\u00e9n se pueden incorporar en las organizaciones para mejorar el rendimiento y la motivaci\u00f3n del equipo. \u00a0\" \/>\n<meta property=\"og:url\" content=\"https:\/\/www.actionproject.es\/en_gb\/blog\/crecimiento-personal-en-la-empresa\/\" \/>\n<meta property=\"og:site_name\" content=\"Action Project\" \/>\n<meta property=\"article:published_time\" content=\"2024-10-22T12:28:52+00:00\" \/>\n<meta property=\"article:modified_time\" content=\"2025-07-02T09:13:16+00:00\" \/>\n<meta property=\"og:image\" content=\"https:\/\/www.actionproject.es\/wp-content\/uploads\/2025\/07\/crecimiento-personal-en-la-empresa.jpg\" \/>\n\t<meta property=\"og:image:width\" content=\"1200\" \/>\n\t<meta property=\"og:image:height\" content=\"801\" \/>\n\t<meta property=\"og:image:type\" content=\"image\/jpeg\" \/>\n<meta name=\"author\" content=\"Juanma\" \/>\n<meta name=\"twitter:card\" content=\"summary_large_image\" \/>\n<meta name=\"twitter:label1\" content=\"Written by\" \/>\n\t<meta name=\"twitter:data1\" content=\"Juanma\" \/>\n\t<meta name=\"twitter:label2\" content=\"Estimated reading time\" \/>\n\t<meta name=\"twitter:data2\" content=\"2 minutes\" \/>\n<script type=\"application\/ld+json\" class=\"yoast-schema-graph\">{\"@context\":\"https:\\\/\\\/schema.org\",\"@graph\":[{\"@type\":\"Article\",\"@id\":\"https:\\\/\\\/www.actionproject.es\\\/blog\\\/crecimiento-personal-en-la-empresa\\\/#article\",\"isPartOf\":{\"@id\":\"https:\\\/\\\/www.actionproject.es\\\/blog\\\/crecimiento-personal-en-la-empresa\\\/\"},\"author\":{\"name\":\"Juanma\",\"@id\":\"https:\\\/\\\/www.actionproject.es\\\/#\\\/schema\\\/person\\\/01aa5bb80cabd3235975fa1fccb16e23\"},\"headline\":\"Crecimiento personal: qu\u00e9 es y c\u00f3mo aplicarlo en tu empresa\",\"datePublished\":\"2024-10-22T12:28:52+00:00\",\"dateModified\":\"2025-07-02T09:13:16+00:00\",\"mainEntityOfPage\":{\"@id\":\"https:\\\/\\\/www.actionproject.es\\\/blog\\\/crecimiento-personal-en-la-empresa\\\/\"},\"wordCount\":367,\"publisher\":{\"@id\":\"https:\\\/\\\/www.actionproject.es\\\/#organization\"},\"image\":{\"@id\":\"https:\\\/\\\/www.actionproject.es\\\/blog\\\/crecimiento-personal-en-la-empresa\\\/#primaryimage\"},\"thumbnailUrl\":\"https:\\\/\\\/www.actionproject.es\\\/wp-content\\\/uploads\\\/2025\\\/07\\\/crecimiento-personal-en-la-empresa.jpg\",\"keywords\":[\"crecimiento de negocio\",\"crecimiento personal\",\"motivaci\u00f3n\"],\"articleSection\":[\"Estrategia empresarial\"],\"inLanguage\":\"en-GB\"},{\"@type\":\"WebPage\",\"@id\":\"https:\\\/\\\/www.actionproject.es\\\/blog\\\/crecimiento-personal-en-la-empresa\\\/\",\"url\":\"https:\\\/\\\/www.actionproject.es\\\/blog\\\/crecimiento-personal-en-la-empresa\\\/\",\"name\":\"Crecimiento personal: qu\u00e9 es y c\u00f3mo aplicarlo en tu empresa - Action Project\",\"isPartOf\":{\"@id\":\"https:\\\/\\\/www.actionproject.es\\\/#website\"},\"primaryImageOfPage\":{\"@id\":\"https:\\\/\\\/www.actionproject.es\\\/blog\\\/crecimiento-personal-en-la-empresa\\\/#primaryimage\"},\"image\":{\"@id\":\"https:\\\/\\\/www.actionproject.es\\\/blog\\\/crecimiento-personal-en-la-empresa\\\/#primaryimage\"},\"thumbnailUrl\":\"https:\\\/\\\/www.actionproject.es\\\/wp-content\\\/uploads\\\/2025\\\/07\\\/crecimiento-personal-en-la-empresa.jpg\",\"datePublished\":\"2024-10-22T12:28:52+00:00\",\"dateModified\":\"2025-07-02T09:13:16+00:00\",\"breadcrumb\":{\"@id\":\"https:\\\/\\\/www.actionproject.es\\\/blog\\\/crecimiento-personal-en-la-empresa\\\/#breadcrumb\"},\"inLanguage\":\"en-GB\",\"potentialAction\":[{\"@type\":\"ReadAction\",\"target\":[\"https:\\\/\\\/www.actionproject.es\\\/blog\\\/crecimiento-personal-en-la-empresa\\\/\"]}]},{\"@type\":\"ImageObject\",\"inLanguage\":\"en-GB\",\"@id\":\"https:\\\/\\\/www.actionproject.es\\\/blog\\\/crecimiento-personal-en-la-empresa\\\/#primaryimage\",\"url\":\"https:\\\/\\\/www.actionproject.es\\\/wp-content\\\/uploads\\\/2025\\\/07\\\/crecimiento-personal-en-la-empresa.jpg\",\"contentUrl\":\"https:\\\/\\\/www.actionproject.es\\\/wp-content\\\/uploads\\\/2025\\\/07\\\/crecimiento-personal-en-la-empresa.jpg\",\"width\":1200,\"height\":801},{\"@type\":\"BreadcrumbList\",\"@id\":\"https:\\\/\\\/www.actionproject.es\\\/blog\\\/crecimiento-personal-en-la-empresa\\\/#breadcrumb\",\"itemListElement\":[{\"@type\":\"ListItem\",\"position\":1,\"name\":\"Portada\",\"item\":\"https:\\\/\\\/www.actionproject.es\\\/\"},{\"@type\":\"ListItem\",\"position\":2,\"name\":\"Crecimiento personal: qu\u00e9 es y c\u00f3mo aplicarlo en tu empresa\"}]},{\"@type\":\"WebSite\",\"@id\":\"https:\\\/\\\/www.actionproject.es\\\/#website\",\"url\":\"https:\\\/\\\/www.actionproject.es\\\/\",\"name\":\"Action Project\",\"description\":\"\",\"publisher\":{\"@id\":\"https:\\\/\\\/www.actionproject.es\\\/#organization\"},\"potentialAction\":[{\"@type\":\"SearchAction\",\"target\":{\"@type\":\"EntryPoint\",\"urlTemplate\":\"https:\\\/\\\/www.actionproject.es\\\/?s={search_term_string}\"},\"query-input\":{\"@type\":\"PropertyValueSpecification\",\"valueRequired\":true,\"valueName\":\"search_term_string\"}}],\"inLanguage\":\"en-GB\"},{\"@type\":\"Organization\",\"@id\":\"https:\\\/\\\/www.actionproject.es\\\/#organization\",\"name\":\"Action Project\",\"url\":\"https:\\\/\\\/www.actionproject.es\\\/\",\"logo\":{\"@type\":\"ImageObject\",\"inLanguage\":\"en-GB\",\"@id\":\"https:\\\/\\\/www.actionproject.es\\\/#\\\/schema\\\/logo\\\/image\\\/\",\"url\":\"https:\\\/\\\/www.actionproject.es\\\/wp-content\\\/uploads\\\/2025\\\/02\\\/favicon-action.png\",\"contentUrl\":\"https:\\\/\\\/www.actionproject.es\\\/wp-content\\\/uploads\\\/2025\\\/02\\\/favicon-action.png\",\"width\":512,\"height\":512,\"caption\":\"Action Project\"},\"image\":{\"@id\":\"https:\\\/\\\/www.actionproject.es\\\/#\\\/schema\\\/logo\\\/image\\\/\"}},{\"@type\":\"Person\",\"@id\":\"https:\\\/\\\/www.actionproject.es\\\/#\\\/schema\\\/person\\\/01aa5bb80cabd3235975fa1fccb16e23\",\"name\":\"Juanma\",\"image\":{\"@type\":\"ImageObject\",\"inLanguage\":\"en-GB\",\"@id\":\"https:\\\/\\\/secure.gravatar.com\\\/avatar\\\/85f0c3c9ba6a2b2ba51b0df3346eaf50cafa606989920561324eac0dd1c938f4?s=96&d=mm&r=g\",\"url\":\"https:\\\/\\\/secure.gravatar.com\\\/avatar\\\/85f0c3c9ba6a2b2ba51b0df3346eaf50cafa606989920561324eac0dd1c938f4?s=96&d=mm&r=g\",\"contentUrl\":\"https:\\\/\\\/secure.gravatar.com\\\/avatar\\\/85f0c3c9ba6a2b2ba51b0df3346eaf50cafa606989920561324eac0dd1c938f4?s=96&d=mm&r=g\",\"caption\":\"Juanma\"},\"url\":\"https:\\\/\\\/www.actionproject.es\\\/en_gb\\\/blog\\\/author\\\/juanma\\\/\"}]}<\/script>\n<!-- \/ Yoast SEO plugin. -->","yoast_head_json":{"title":"Crecimiento personal: qu\u00e9 es y c\u00f3mo aplicarlo en tu empresa - Action Project","robots":{"index":"index","follow":"follow","max-snippet":"max-snippet:-1","max-image-preview":"max-image-preview:large","max-video-preview":"max-video-preview:-1"},"canonical":"https:\/\/www.actionproject.es\/en_gb\/blog\/crecimiento-personal-en-la-empresa\/","og_locale":"en_GB","og_type":"article","og_title":"Crecimiento personal: qu\u00e9 es y c\u00f3mo aplicarlo en tu empresa - Action Project","og_description":"\u00bfHas le\u00eddo alguna vez un libro sobre crecimiento personal? Quiz\u00e1s te suene y hayas puesto en pr\u00e1ctica t\u00e9cnicas para mejorar tu vida. Pero estos m\u00e9todos tambi\u00e9n se pueden incorporar en las organizaciones para mejorar el rendimiento y la motivaci\u00f3n del equipo. \u00a0","og_url":"https:\/\/www.actionproject.es\/en_gb\/blog\/crecimiento-personal-en-la-empresa\/","og_site_name":"Action Project","article_published_time":"2024-10-22T12:28:52+00:00","article_modified_time":"2025-07-02T09:13:16+00:00","og_image":[{"width":1200,"height":801,"url":"https:\/\/www.actionproject.es\/wp-content\/uploads\/2025\/07\/crecimiento-personal-en-la-empresa.jpg","type":"image\/jpeg"}],"author":"Juanma","twitter_card":"summary_large_image","twitter_misc":{"Written by":"Juanma","Estimated reading time":"2 minutes"},"schema":{"@context":"https:\/\/schema.org","@graph":[{"@type":"Article","@id":"https:\/\/www.actionproject.es\/blog\/crecimiento-personal-en-la-empresa\/#article","isPartOf":{"@id":"https:\/\/www.actionproject.es\/blog\/crecimiento-personal-en-la-empresa\/"},"author":{"name":"Juanma","@id":"https:\/\/www.actionproject.es\/#\/schema\/person\/01aa5bb80cabd3235975fa1fccb16e23"},"headline":"Crecimiento personal: qu\u00e9 es y c\u00f3mo aplicarlo en tu empresa","datePublished":"2024-10-22T12:28:52+00:00","dateModified":"2025-07-02T09:13:16+00:00","mainEntityOfPage":{"@id":"https:\/\/www.actionproject.es\/blog\/crecimiento-personal-en-la-empresa\/"},"wordCount":367,"publisher":{"@id":"https:\/\/www.actionproject.es\/#organization"},"image":{"@id":"https:\/\/www.actionproject.es\/blog\/crecimiento-personal-en-la-empresa\/#primaryimage"},"thumbnailUrl":"https:\/\/www.actionproject.es\/wp-content\/uploads\/2025\/07\/crecimiento-personal-en-la-empresa.jpg","keywords":["crecimiento de negocio","crecimiento personal","motivaci\u00f3n"],"articleSection":["Estrategia empresarial"],"inLanguage":"en-GB"},{"@type":"WebPage","@id":"https:\/\/www.actionproject.es\/blog\/crecimiento-personal-en-la-empresa\/","url":"https:\/\/www.actionproject.es\/blog\/crecimiento-personal-en-la-empresa\/","name":"Crecimiento personal: qu\u00e9 es y c\u00f3mo aplicarlo en tu empresa - Action Project","isPartOf":{"@id":"https:\/\/www.actionproject.es\/#website"},"primaryImageOfPage":{"@id":"https:\/\/www.actionproject.es\/blog\/crecimiento-personal-en-la-empresa\/#primaryimage"},"image":{"@id":"https:\/\/www.actionproject.es\/blog\/crecimiento-personal-en-la-empresa\/#primaryimage"},"thumbnailUrl":"https:\/\/www.actionproject.es\/wp-content\/uploads\/2025\/07\/crecimiento-personal-en-la-empresa.jpg","datePublished":"2024-10-22T12:28:52+00:00","dateModified":"2025-07-02T09:13:16+00:00","breadcrumb":{"@id":"https:\/\/www.actionproject.es\/blog\/crecimiento-personal-en-la-empresa\/#breadcrumb"},"inLanguage":"en-GB","potentialAction":[{"@type":"ReadAction","target":["https:\/\/www.actionproject.es\/blog\/crecimiento-personal-en-la-empresa\/"]}]},{"@type":"ImageObject","inLanguage":"en-GB","@id":"https:\/\/www.actionproject.es\/blog\/crecimiento-personal-en-la-empresa\/#primaryimage","url":"https:\/\/www.actionproject.es\/wp-content\/uploads\/2025\/07\/crecimiento-personal-en-la-empresa.jpg","contentUrl":"https:\/\/www.actionproject.es\/wp-content\/uploads\/2025\/07\/crecimiento-personal-en-la-empresa.jpg","width":1200,"height":801},{"@type":"BreadcrumbList","@id":"https:\/\/www.actionproject.es\/blog\/crecimiento-personal-en-la-empresa\/#breadcrumb","itemListElement":[{"@type":"ListItem","position":1,"name":"Portada","item":"https:\/\/www.actionproject.es\/"},{"@type":"ListItem","position":2,"name":"Crecimiento personal: qu\u00e9 es y c\u00f3mo aplicarlo en tu empresa"}]},{"@type":"WebSite","@id":"https:\/\/www.actionproject.es\/#website","url":"https:\/\/www.actionproject.es\/","name":"Action Project","description":"","publisher":{"@id":"https:\/\/www.actionproject.es\/#organization"},"potentialAction":[{"@type":"SearchAction","target":{"@type":"EntryPoint","urlTemplate":"https:\/\/www.actionproject.es\/?s={search_term_string}"},"query-input":{"@type":"PropertyValueSpecification","valueRequired":true,"valueName":"search_term_string"}}],"inLanguage":"en-GB"},{"@type":"Organization","@id":"https:\/\/www.actionproject.es\/#organization","name":"Action Project","url":"https:\/\/www.actionproject.es\/","logo":{"@type":"ImageObject","inLanguage":"en-GB","@id":"https:\/\/www.actionproject.es\/#\/schema\/logo\/image\/","url":"https:\/\/www.actionproject.es\/wp-content\/uploads\/2025\/02\/favicon-action.png","contentUrl":"https:\/\/www.actionproject.es\/wp-content\/uploads\/2025\/02\/favicon-action.png","width":512,"height":512,"caption":"Action Project"},"image":{"@id":"https:\/\/www.actionproject.es\/#\/schema\/logo\/image\/"}},{"@type":"Person","@id":"https:\/\/www.actionproject.es\/#\/schema\/person\/01aa5bb80cabd3235975fa1fccb16e23","name":"Juanma","image":{"@type":"ImageObject","inLanguage":"en-GB","@id":"https:\/\/secure.gravatar.com\/avatar\/85f0c3c9ba6a2b2ba51b0df3346eaf50cafa606989920561324eac0dd1c938f4?s=96&d=mm&r=g","url":"https:\/\/secure.gravatar.com\/avatar\/85f0c3c9ba6a2b2ba51b0df3346eaf50cafa606989920561324eac0dd1c938f4?s=96&d=mm&r=g","contentUrl":"https:\/\/secure.gravatar.com\/avatar\/85f0c3c9ba6a2b2ba51b0df3346eaf50cafa606989920561324eac0dd1c938f4?s=96&d=mm&r=g","caption":"Juanma"},"url":"https:\/\/www.actionproject.es\/en_gb\/blog\/author\/juanma\/"}]}},"_links":{"self":[{"href":"https:\/\/www.actionproject.es\/en_gb\/wp-json\/wp\/v2\/posts\/1393","targetHints":{"allow":["GET"]}}],"collection":[{"href":"https:\/\/www.actionproject.es\/en_gb\/wp-json\/wp\/v2\/posts"}],"about":[{"href":"https:\/\/www.actionproject.es\/en_gb\/wp-json\/wp\/v2\/types\/post"}],"author":[{"embeddable":true,"href":"https:\/\/www.actionproject.es\/en_gb\/wp-json\/wp\/v2\/users\/2"}],"replies":[{"embeddable":true,"href":"https:\/\/www.actionproject.es\/en_gb\/wp-json\/wp\/v2\/comments?post=1393"}],"version-history":[{"count":4,"href":"https:\/\/www.actionproject.es\/en_gb\/wp-json\/wp\/v2\/posts\/1393\/revisions"}],"predecessor-version":[{"id":1789,"href":"https:\/\/www.actionproject.es\/en_gb\/wp-json\/wp\/v2\/posts\/1393\/revisions\/1789"}],"wp:featuredmedia":[{"embeddable":true,"href":"https:\/\/www.actionproject.es\/en_gb\/wp-json\/wp\/v2\/media\/1424"}],"wp:attachment":[{"href":"https:\/\/www.actionproject.es\/en_gb\/wp-json\/wp\/v2\/media?parent=1393"}],"wp:term":[{"taxonomy":"category","embeddable":true,"href":"https:\/\/www.actionproject.es\/en_gb\/wp-json\/wp\/v2\/categories?post=1393"},{"taxonomy":"post_tag","embeddable":true,"href":"https:\/\/www.actionproject.es\/en_gb\/wp-json\/wp\/v2\/tags?post=1393"}],"curies":[{"name":"wp","href":"https:\/\/api.w.org\/{rel}","templated":true}]}}