{"id":1780,"date":"2025-07-29T11:33:58","date_gmt":"2025-07-29T09:33:58","guid":{"rendered":"https:\/\/www.actionproject.es\/?p=1780"},"modified":"2025-08-25T18:51:37","modified_gmt":"2025-08-25T16:51:37","slug":"de-verdad-el-talento-es-la-clave-del-exito","status":"publish","type":"post","link":"https:\/\/www.actionproject.es\/en_gb\/blog\/de-verdad-el-talento-es-la-clave-del-exito\/","title":{"rendered":"\u00bfDe verdad el\u00a0talento\u00a0es la clave del \u00e9xito?"},"content":{"rendered":"<p>\n\n\n<\/p>\n<p>Durante a\u00f1os hemos escuchado frases como \u00abnaci\u00f3 con un don\u00bb para explicar el \u00e9xito de alguien. Esta idea, aunque atractiva, puede limitar nuestro\u00a0<strong>crecimiento empresarial<\/strong>\u00a0y personal. El\u00a0<strong>talento sin acci\u00f3n<\/strong>\u00a0no sirve de nada.<\/p>\n<p>\n\n\n\n<\/p>\n<p>En realidad, lo que transforma vidas y empresas no es un regalo innato, sino una elecci\u00f3n diaria: la\u00a0<strong>disciplina<\/strong>.<\/p>\n<p>\n\n\n<h2 style=\"font-weight: 400;\">\u00bfQu\u00e9 es la <strong>disciplina<\/strong> (y por qu\u00e9 supera al <strong>talento<\/strong>)?<\/h2>\n<p style=\"font-weight: 400;\">The <strong>disciplina empresarial<\/strong> es la capacidad de hacer lo que se debe hacer, incluso sin ganas. Es constancia y compromiso. El <strong>talento<\/strong> puede ser un buen inicio, pero la <strong>disciplina<\/strong> es el combustible que te lleva lejos.<\/p>\n<p style=\"font-weight: 400;\">Pensemos en esta analog\u00eda: el <strong>talento<\/strong> es un coche deportivo sin gasolina. Por muy potente que sea, no te lleva a ninguna parte sin energ\u00eda. Esa energ\u00eda diaria es la <strong>disciplina diaria<\/strong>, basada en <strong>h\u00e1bitos de \u00e9xito<\/strong>.<\/p>\n<h2 style=\"font-weight: 400;\">Claves para cultivar la <strong>disciplina<\/strong> y dejar de depender del <strong>talento<\/strong><\/h2>\n<ol style=\"font-weight: 400;\">\n<li><strong>Rompe el mito del talento: <\/strong>Entender que el <strong>talento no garantiza \u00e9xito empresarial<\/strong> te libera. Te enfoca en lo que puedes controlar: tu esfuerzo.<\/li>\n<li><strong>Crea rutinas simples: <\/strong>The <strong>disciplina<\/strong> nace de peque\u00f1os actos repetidos. Leer 10 p\u00e1ginas, hacer 5 llamadas, escribir 500 palabras&#8230;<\/li>\n<li><strong>Comprom\u00e9tete sin aplausos: <\/strong>La mayor parte del progreso sucede en silencio. Como la camarera que practicaba sola en casa o el vendedor que llenaba cuadernos con respuestas.<\/li>\n<li><strong>Elige el precio a pagar: <\/strong>Puedes pagar el esfuerzo hoy o el arrepentimiento ma\u00f1ana. La <strong>disciplina<\/strong> cuesta, pero el arrepentimiento pesa mucho m\u00e1s.<\/li>\n<li><strong>La motivaci\u00f3n llega despu\u00e9s: <\/strong>No esperes a sentirte motivado. Act\u00faa, y ver resultados te dar\u00e1 energ\u00eda.<\/li>\n<\/ol>\n<h2 style=\"font-weight: 400;\">Una elecci\u00f3n diaria: \u00bfcomodidad o crecimiento?<\/h2>\n<p style=\"font-weight: 400;\">Cada d\u00eda eliges actuar desde la comodidad o el compromiso. Esa elecci\u00f3n define tu futuro. El <strong>talento<\/strong> puede darte un inicio r\u00e1pido, pero la <strong>disciplina<\/strong> determina hasta d\u00f3nde llegar\u00e1s.<\/p>\n<p style=\"font-weight: 400;\">Tu \u00e9xito no depende de tener un don especial, sino de <strong>decisiones sostenidas en el tiempo<\/strong>.<\/p>\n<p style=\"font-weight: 400;\">\u00bfEst\u00e1s construyendo la <strong>disciplina<\/strong> que tu futuro necesita?<\/p>\n<p style=\"font-weight: 400;\">In <strong>ActionProject<\/strong> ayudamos a las empresas a <strong>crecer<\/strong>, fortaleciendo su organizaci\u00f3n interna, liderazgo y <strong>enfoque estrat\u00e9gico<\/strong>. Si quieres acompa\u00f1amiento para desarrollar una <strong>cultura de acci\u00f3n<\/strong>, compromiso y <strong>resultados sostenibles<\/strong>, <a href=\"https:\/\/www.actionproject.es\/en_gb\/contacto\/\">cont\u00e1ctanos<\/a>.<\/p>\n\n\n<p><\/p>","protected":false},"excerpt":{"rendered":"<p>Durante a\u00f1os hemos escuchado frases como \u00abnaci\u00f3 con un don\u00bb para explicar el \u00e9xito de alguien. Esta idea, aunque atractiva, puede limitar nuestro\u00a0crecimiento empresarial\u00a0y personal. El\u00a0talento sin acci\u00f3n\u00a0no sirve de nada. En realidad, lo que transforma vidas y empresas no es un regalo innato, sino una elecci\u00f3n diaria: la\u00a0disciplina. \u00bfQu\u00e9 es la disciplina (y por [&hellip;]<\/p>\n","protected":false},"author":3,"featured_media":1781,"comment_status":"open","ping_status":"open","sticky":false,"template":"","format":"standard","meta":{"_acf_changed":false,"_joinchat":[],"footnotes":""},"categories":[10],"tags":[254,258,263,264,257,93,259,38,260,255,252,20,71,238,261,262,64,251,253,256],"class_list":["post-1780","post","type-post","status-publish","format-standard","has-post-thumbnail","hentry","category-estrategia-empresarial","tag-analisis","tag-consejos","tag-consultoria","tag-crecimiento","tag-desarrollo","tag-emprendimiento","tag-estrategia","tag-finanzas","tag-gestion","tag-guias","tag-innovacion","tag-liderazgo","tag-marketing","tag-negocios","tag-noticias","tag-opinion","tag-productividad","tag-tecnologia","tag-tendencias","tag-tutoriales"],"acf":[],"aioseo_notices":[],"yoast_head":"<!-- This site is optimized with the Yoast SEO plugin v27.3 - https:\/\/yoast.com\/product\/yoast-seo-wordpress\/ -->\n<title>\u00bfDe verdad el\u00a0talento\u00a0es la clave del \u00e9xito? - Action Project<\/title>\n<meta name=\"robots\" content=\"index, follow, max-snippet:-1, max-image-preview:large, max-video-preview:-1\" \/>\n<link rel=\"canonical\" href=\"https:\/\/www.actionproject.es\/en_gb\/blog\/de-verdad-el-talento-es-la-clave-del-exito\/\" \/>\n<meta property=\"og:locale\" content=\"en_GB\" \/>\n<meta property=\"og:type\" content=\"article\" \/>\n<meta property=\"og:title\" content=\"\u00bfDe verdad el\u00a0talento\u00a0es la clave del \u00e9xito? - Action Project\" \/>\n<meta property=\"og:description\" content=\"Durante a\u00f1os hemos escuchado frases como \u00abnaci\u00f3 con un don\u00bb para explicar el \u00e9xito de alguien. Esta idea, aunque atractiva, puede limitar nuestro\u00a0crecimiento empresarial\u00a0y personal. El\u00a0talento sin acci\u00f3n\u00a0no sirve de nada. En realidad, lo que transforma vidas y empresas no es un regalo innato, sino una elecci\u00f3n diaria: la\u00a0disciplina. \u00bfQu\u00e9 es la disciplina (y por [&hellip;]\" \/>\n<meta property=\"og:url\" content=\"https:\/\/www.actionproject.es\/en_gb\/blog\/de-verdad-el-talento-es-la-clave-del-exito\/\" \/>\n<meta property=\"og:site_name\" content=\"Action Project\" \/>\n<meta property=\"article:published_time\" content=\"2025-07-29T09:33:58+00:00\" \/>\n<meta property=\"article:modified_time\" content=\"2025-08-25T16:51:37+00:00\" \/>\n<meta property=\"og:image\" content=\"https:\/\/www.actionproject.es\/wp-content\/uploads\/2025\/07\/Que-es-la-disciplina.jpg\" \/>\n\t<meta property=\"og:image:width\" content=\"2240\" \/>\n\t<meta property=\"og:image:height\" content=\"1260\" \/>\n\t<meta property=\"og:image:type\" content=\"image\/jpeg\" \/>\n<meta name=\"author\" content=\"actionproject\" \/>\n<meta name=\"twitter:card\" content=\"summary_large_image\" \/>\n<meta name=\"twitter:label1\" content=\"Written by\" \/>\n\t<meta name=\"twitter:data1\" content=\"actionproject\" \/>\n\t<meta name=\"twitter:label2\" content=\"Estimated reading time\" \/>\n\t<meta name=\"twitter:data2\" content=\"2 minutes\" \/>\n<script type=\"application\/ld+json\" class=\"yoast-schema-graph\">{\"@context\":\"https:\\\/\\\/schema.org\",\"@graph\":[{\"@type\":\"Article\",\"@id\":\"https:\\\/\\\/www.actionproject.es\\\/blog\\\/de-verdad-el-talento-es-la-clave-del-exito\\\/#article\",\"isPartOf\":{\"@id\":\"https:\\\/\\\/www.actionproject.es\\\/blog\\\/de-verdad-el-talento-es-la-clave-del-exito\\\/\"},\"author\":{\"name\":\"actionproject\",\"@id\":\"https:\\\/\\\/www.actionproject.es\\\/#\\\/schema\\\/person\\\/4633f258256b38e12daba9bddcd55c3b\"},\"headline\":\"\u00bfDe verdad el\u00a0talento\u00a0es la clave del \u00e9xito?\",\"datePublished\":\"2025-07-29T09:33:58+00:00\",\"dateModified\":\"2025-08-25T16:51:37+00:00\",\"mainEntityOfPage\":{\"@id\":\"https:\\\/\\\/www.actionproject.es\\\/blog\\\/de-verdad-el-talento-es-la-clave-del-exito\\\/\"},\"wordCount\":381,\"commentCount\":0,\"publisher\":{\"@id\":\"https:\\\/\\\/www.actionproject.es\\\/#organization\"},\"image\":{\"@id\":\"https:\\\/\\\/www.actionproject.es\\\/blog\\\/de-verdad-el-talento-es-la-clave-del-exito\\\/#primaryimage\"},\"thumbnailUrl\":\"https:\\\/\\\/www.actionproject.es\\\/wp-content\\\/uploads\\\/2025\\\/07\\\/Que-es-la-disciplina.jpg\",\"keywords\":[\"An\u00e1lisis\",\"Consejos\",\"Consultor\u00eda\",\"Crecimiento\",\"Desarrollo\",\"emprendimiento\",\"Estrategia\",\"finanzas\",\"Gesti\u00f3n\",\"Gu\u00edas\",\"Innovaci\u00f3n\",\"Liderazgo\",\"marketing\",\"Negocios\",\"Noticias\",\"Opini\u00f3n\",\"productividad\",\"Tecnolog\u00eda\",\"Tendencias\",\"Tutoriales\"],\"articleSection\":[\"Estrategia empresarial\"],\"inLanguage\":\"en-GB\",\"potentialAction\":[{\"@type\":\"CommentAction\",\"name\":\"Comment\",\"target\":[\"https:\\\/\\\/www.actionproject.es\\\/blog\\\/de-verdad-el-talento-es-la-clave-del-exito\\\/#respond\"]}]},{\"@type\":\"WebPage\",\"@id\":\"https:\\\/\\\/www.actionproject.es\\\/blog\\\/de-verdad-el-talento-es-la-clave-del-exito\\\/\",\"url\":\"https:\\\/\\\/www.actionproject.es\\\/blog\\\/de-verdad-el-talento-es-la-clave-del-exito\\\/\",\"name\":\"\u00bfDe verdad el\u00a0talento\u00a0es la clave del \u00e9xito? - Action Project\",\"isPartOf\":{\"@id\":\"https:\\\/\\\/www.actionproject.es\\\/#website\"},\"primaryImageOfPage\":{\"@id\":\"https:\\\/\\\/www.actionproject.es\\\/blog\\\/de-verdad-el-talento-es-la-clave-del-exito\\\/#primaryimage\"},\"image\":{\"@id\":\"https:\\\/\\\/www.actionproject.es\\\/blog\\\/de-verdad-el-talento-es-la-clave-del-exito\\\/#primaryimage\"},\"thumbnailUrl\":\"https:\\\/\\\/www.actionproject.es\\\/wp-content\\\/uploads\\\/2025\\\/07\\\/Que-es-la-disciplina.jpg\",\"datePublished\":\"2025-07-29T09:33:58+00:00\",\"dateModified\":\"2025-08-25T16:51:37+00:00\",\"breadcrumb\":{\"@id\":\"https:\\\/\\\/www.actionproject.es\\\/blog\\\/de-verdad-el-talento-es-la-clave-del-exito\\\/#breadcrumb\"},\"inLanguage\":\"en-GB\",\"potentialAction\":[{\"@type\":\"ReadAction\",\"target\":[\"https:\\\/\\\/www.actionproject.es\\\/blog\\\/de-verdad-el-talento-es-la-clave-del-exito\\\/\"]}]},{\"@type\":\"ImageObject\",\"inLanguage\":\"en-GB\",\"@id\":\"https:\\\/\\\/www.actionproject.es\\\/blog\\\/de-verdad-el-talento-es-la-clave-del-exito\\\/#primaryimage\",\"url\":\"https:\\\/\\\/www.actionproject.es\\\/wp-content\\\/uploads\\\/2025\\\/07\\\/Que-es-la-disciplina.jpg\",\"contentUrl\":\"https:\\\/\\\/www.actionproject.es\\\/wp-content\\\/uploads\\\/2025\\\/07\\\/Que-es-la-disciplina.jpg\",\"width\":2240,\"height\":1260,\"caption\":\"\u00bfQu\u00e9 es la disciplina (y por qu\u00e9 supera al talento)?\"},{\"@type\":\"BreadcrumbList\",\"@id\":\"https:\\\/\\\/www.actionproject.es\\\/blog\\\/de-verdad-el-talento-es-la-clave-del-exito\\\/#breadcrumb\",\"itemListElement\":[{\"@type\":\"ListItem\",\"position\":1,\"name\":\"Portada\",\"item\":\"https:\\\/\\\/www.actionproject.es\\\/\"},{\"@type\":\"ListItem\",\"position\":2,\"name\":\"\u00bfDe verdad el\u00a0talento\u00a0es la clave del \u00e9xito?\"}]},{\"@type\":\"WebSite\",\"@id\":\"https:\\\/\\\/www.actionproject.es\\\/#website\",\"url\":\"https:\\\/\\\/www.actionproject.es\\\/\",\"name\":\"Action Project\",\"description\":\"\",\"publisher\":{\"@id\":\"https:\\\/\\\/www.actionproject.es\\\/#organization\"},\"potentialAction\":[{\"@type\":\"SearchAction\",\"target\":{\"@type\":\"EntryPoint\",\"urlTemplate\":\"https:\\\/\\\/www.actionproject.es\\\/?s={search_term_string}\"},\"query-input\":{\"@type\":\"PropertyValueSpecification\",\"valueRequired\":true,\"valueName\":\"search_term_string\"}}],\"inLanguage\":\"en-GB\"},{\"@type\":\"Organization\",\"@id\":\"https:\\\/\\\/www.actionproject.es\\\/#organization\",\"name\":\"Action Project\",\"url\":\"https:\\\/\\\/www.actionproject.es\\\/\",\"logo\":{\"@type\":\"ImageObject\",\"inLanguage\":\"en-GB\",\"@id\":\"https:\\\/\\\/www.actionproject.es\\\/#\\\/schema\\\/logo\\\/image\\\/\",\"url\":\"https:\\\/\\\/www.actionproject.es\\\/wp-content\\\/uploads\\\/2025\\\/02\\\/favicon-action.png\",\"contentUrl\":\"https:\\\/\\\/www.actionproject.es\\\/wp-content\\\/uploads\\\/2025\\\/02\\\/favicon-action.png\",\"width\":512,\"height\":512,\"caption\":\"Action Project\"},\"image\":{\"@id\":\"https:\\\/\\\/www.actionproject.es\\\/#\\\/schema\\\/logo\\\/image\\\/\"}},{\"@type\":\"Person\",\"@id\":\"https:\\\/\\\/www.actionproject.es\\\/#\\\/schema\\\/person\\\/4633f258256b38e12daba9bddcd55c3b\",\"name\":\"actionproject\",\"image\":{\"@type\":\"ImageObject\",\"inLanguage\":\"en-GB\",\"@id\":\"https:\\\/\\\/secure.gravatar.com\\\/avatar\\\/94aa39178cd729cb00da5a97f7f64038ff9312f3bfa8105035616ceff087f47c?s=96&d=mm&r=g\",\"url\":\"https:\\\/\\\/secure.gravatar.com\\\/avatar\\\/94aa39178cd729cb00da5a97f7f64038ff9312f3bfa8105035616ceff087f47c?s=96&d=mm&r=g\",\"contentUrl\":\"https:\\\/\\\/secure.gravatar.com\\\/avatar\\\/94aa39178cd729cb00da5a97f7f64038ff9312f3bfa8105035616ceff087f47c?s=96&d=mm&r=g\",\"caption\":\"actionproject\"},\"url\":\"https:\\\/\\\/www.actionproject.es\\\/en_gb\\\/blog\\\/author\\\/actionproject\\\/\"}]}<\/script>\n<!-- \/ Yoast SEO plugin. -->","yoast_head_json":{"title":"\u00bfDe verdad el\u00a0talento\u00a0es la clave del \u00e9xito? - Action Project","robots":{"index":"index","follow":"follow","max-snippet":"max-snippet:-1","max-image-preview":"max-image-preview:large","max-video-preview":"max-video-preview:-1"},"canonical":"https:\/\/www.actionproject.es\/en_gb\/blog\/de-verdad-el-talento-es-la-clave-del-exito\/","og_locale":"en_GB","og_type":"article","og_title":"\u00bfDe verdad el\u00a0talento\u00a0es la clave del \u00e9xito? - Action Project","og_description":"Durante a\u00f1os hemos escuchado frases como \u00abnaci\u00f3 con un don\u00bb para explicar el \u00e9xito de alguien. Esta idea, aunque atractiva, puede limitar nuestro\u00a0crecimiento empresarial\u00a0y personal. El\u00a0talento sin acci\u00f3n\u00a0no sirve de nada. En realidad, lo que transforma vidas y empresas no es un regalo innato, sino una elecci\u00f3n diaria: la\u00a0disciplina. \u00bfQu\u00e9 es la disciplina (y por [&hellip;]","og_url":"https:\/\/www.actionproject.es\/en_gb\/blog\/de-verdad-el-talento-es-la-clave-del-exito\/","og_site_name":"Action Project","article_published_time":"2025-07-29T09:33:58+00:00","article_modified_time":"2025-08-25T16:51:37+00:00","og_image":[{"width":2240,"height":1260,"url":"https:\/\/www.actionproject.es\/wp-content\/uploads\/2025\/07\/Que-es-la-disciplina.jpg","type":"image\/jpeg"}],"author":"actionproject","twitter_card":"summary_large_image","twitter_misc":{"Written by":"actionproject","Estimated reading time":"2 minutes"},"schema":{"@context":"https:\/\/schema.org","@graph":[{"@type":"Article","@id":"https:\/\/www.actionproject.es\/blog\/de-verdad-el-talento-es-la-clave-del-exito\/#article","isPartOf":{"@id":"https:\/\/www.actionproject.es\/blog\/de-verdad-el-talento-es-la-clave-del-exito\/"},"author":{"name":"actionproject","@id":"https:\/\/www.actionproject.es\/#\/schema\/person\/4633f258256b38e12daba9bddcd55c3b"},"headline":"\u00bfDe verdad el\u00a0talento\u00a0es la clave del \u00e9xito?","datePublished":"2025-07-29T09:33:58+00:00","dateModified":"2025-08-25T16:51:37+00:00","mainEntityOfPage":{"@id":"https:\/\/www.actionproject.es\/blog\/de-verdad-el-talento-es-la-clave-del-exito\/"},"wordCount":381,"commentCount":0,"publisher":{"@id":"https:\/\/www.actionproject.es\/#organization"},"image":{"@id":"https:\/\/www.actionproject.es\/blog\/de-verdad-el-talento-es-la-clave-del-exito\/#primaryimage"},"thumbnailUrl":"https:\/\/www.actionproject.es\/wp-content\/uploads\/2025\/07\/Que-es-la-disciplina.jpg","keywords":["An\u00e1lisis","Consejos","Consultor\u00eda","Crecimiento","Desarrollo","emprendimiento","Estrategia","finanzas","Gesti\u00f3n","Gu\u00edas","Innovaci\u00f3n","Liderazgo","marketing","Negocios","Noticias","Opini\u00f3n","productividad","Tecnolog\u00eda","Tendencias","Tutoriales"],"articleSection":["Estrategia empresarial"],"inLanguage":"en-GB","potentialAction":[{"@type":"CommentAction","name":"Comment","target":["https:\/\/www.actionproject.es\/blog\/de-verdad-el-talento-es-la-clave-del-exito\/#respond"]}]},{"@type":"WebPage","@id":"https:\/\/www.actionproject.es\/blog\/de-verdad-el-talento-es-la-clave-del-exito\/","url":"https:\/\/www.actionproject.es\/blog\/de-verdad-el-talento-es-la-clave-del-exito\/","name":"\u00bfDe verdad el\u00a0talento\u00a0es la clave del \u00e9xito? - Action Project","isPartOf":{"@id":"https:\/\/www.actionproject.es\/#website"},"primaryImageOfPage":{"@id":"https:\/\/www.actionproject.es\/blog\/de-verdad-el-talento-es-la-clave-del-exito\/#primaryimage"},"image":{"@id":"https:\/\/www.actionproject.es\/blog\/de-verdad-el-talento-es-la-clave-del-exito\/#primaryimage"},"thumbnailUrl":"https:\/\/www.actionproject.es\/wp-content\/uploads\/2025\/07\/Que-es-la-disciplina.jpg","datePublished":"2025-07-29T09:33:58+00:00","dateModified":"2025-08-25T16:51:37+00:00","breadcrumb":{"@id":"https:\/\/www.actionproject.es\/blog\/de-verdad-el-talento-es-la-clave-del-exito\/#breadcrumb"},"inLanguage":"en-GB","potentialAction":[{"@type":"ReadAction","target":["https:\/\/www.actionproject.es\/blog\/de-verdad-el-talento-es-la-clave-del-exito\/"]}]},{"@type":"ImageObject","inLanguage":"en-GB","@id":"https:\/\/www.actionproject.es\/blog\/de-verdad-el-talento-es-la-clave-del-exito\/#primaryimage","url":"https:\/\/www.actionproject.es\/wp-content\/uploads\/2025\/07\/Que-es-la-disciplina.jpg","contentUrl":"https:\/\/www.actionproject.es\/wp-content\/uploads\/2025\/07\/Que-es-la-disciplina.jpg","width":2240,"height":1260,"caption":"\u00bfQu\u00e9 es la disciplina (y por qu\u00e9 supera al talento)?"},{"@type":"BreadcrumbList","@id":"https:\/\/www.actionproject.es\/blog\/de-verdad-el-talento-es-la-clave-del-exito\/#breadcrumb","itemListElement":[{"@type":"ListItem","position":1,"name":"Portada","item":"https:\/\/www.actionproject.es\/"},{"@type":"ListItem","position":2,"name":"\u00bfDe verdad el\u00a0talento\u00a0es la clave del \u00e9xito?"}]},{"@type":"WebSite","@id":"https:\/\/www.actionproject.es\/#website","url":"https:\/\/www.actionproject.es\/","name":"Action Project","description":"","publisher":{"@id":"https:\/\/www.actionproject.es\/#organization"},"potentialAction":[{"@type":"SearchAction","target":{"@type":"EntryPoint","urlTemplate":"https:\/\/www.actionproject.es\/?s={search_term_string}"},"query-input":{"@type":"PropertyValueSpecification","valueRequired":true,"valueName":"search_term_string"}}],"inLanguage":"en-GB"},{"@type":"Organization","@id":"https:\/\/www.actionproject.es\/#organization","name":"Action Project","url":"https:\/\/www.actionproject.es\/","logo":{"@type":"ImageObject","inLanguage":"en-GB","@id":"https:\/\/www.actionproject.es\/#\/schema\/logo\/image\/","url":"https:\/\/www.actionproject.es\/wp-content\/uploads\/2025\/02\/favicon-action.png","contentUrl":"https:\/\/www.actionproject.es\/wp-content\/uploads\/2025\/02\/favicon-action.png","width":512,"height":512,"caption":"Action Project"},"image":{"@id":"https:\/\/www.actionproject.es\/#\/schema\/logo\/image\/"}},{"@type":"Person","@id":"https:\/\/www.actionproject.es\/#\/schema\/person\/4633f258256b38e12daba9bddcd55c3b","name":"actionproject","image":{"@type":"ImageObject","inLanguage":"en-GB","@id":"https:\/\/secure.gravatar.com\/avatar\/94aa39178cd729cb00da5a97f7f64038ff9312f3bfa8105035616ceff087f47c?s=96&d=mm&r=g","url":"https:\/\/secure.gravatar.com\/avatar\/94aa39178cd729cb00da5a97f7f64038ff9312f3bfa8105035616ceff087f47c?s=96&d=mm&r=g","contentUrl":"https:\/\/secure.gravatar.com\/avatar\/94aa39178cd729cb00da5a97f7f64038ff9312f3bfa8105035616ceff087f47c?s=96&d=mm&r=g","caption":"actionproject"},"url":"https:\/\/www.actionproject.es\/en_gb\/blog\/author\/actionproject\/"}]}},"_links":{"self":[{"href":"https:\/\/www.actionproject.es\/en_gb\/wp-json\/wp\/v2\/posts\/1780","targetHints":{"allow":["GET"]}}],"collection":[{"href":"https:\/\/www.actionproject.es\/en_gb\/wp-json\/wp\/v2\/posts"}],"about":[{"href":"https:\/\/www.actionproject.es\/en_gb\/wp-json\/wp\/v2\/types\/post"}],"author":[{"embeddable":true,"href":"https:\/\/www.actionproject.es\/en_gb\/wp-json\/wp\/v2\/users\/3"}],"replies":[{"embeddable":true,"href":"https:\/\/www.actionproject.es\/en_gb\/wp-json\/wp\/v2\/comments?post=1780"}],"version-history":[{"count":11,"href":"https:\/\/www.actionproject.es\/en_gb\/wp-json\/wp\/v2\/posts\/1780\/revisions"}],"predecessor-version":[{"id":1806,"href":"https:\/\/www.actionproject.es\/en_gb\/wp-json\/wp\/v2\/posts\/1780\/revisions\/1806"}],"wp:featuredmedia":[{"embeddable":true,"href":"https:\/\/www.actionproject.es\/en_gb\/wp-json\/wp\/v2\/media\/1781"}],"wp:attachment":[{"href":"https:\/\/www.actionproject.es\/en_gb\/wp-json\/wp\/v2\/media?parent=1780"}],"wp:term":[{"taxonomy":"category","embeddable":true,"href":"https:\/\/www.actionproject.es\/en_gb\/wp-json\/wp\/v2\/categories?post=1780"},{"taxonomy":"post_tag","embeddable":true,"href":"https:\/\/www.actionproject.es\/en_gb\/wp-json\/wp\/v2\/tags?post=1780"}],"curies":[{"name":"wp","href":"https:\/\/api.w.org\/{rel}","templated":true}]}}