{"id":1823,"date":"2025-09-10T12:40:53","date_gmt":"2025-09-10T10:40:53","guid":{"rendered":"https:\/\/www.actionproject.es\/?p=1823"},"modified":"2025-09-10T14:04:06","modified_gmt":"2025-09-10T12:04:06","slug":"como-organizar-mejor-a-tu-equipo-para-que-rinda-mas-cada-semana","status":"publish","type":"post","link":"https:\/\/www.actionproject.es\/en_gb\/blog\/como-organizar-mejor-a-tu-equipo-para-que-rinda-mas-cada-semana\/","title":{"rendered":"C\u00f3mo organizar mejor a tu equipo para que rinda m\u00e1s cada semana"},"content":{"rendered":"<p>\u00bfTe has preguntado por qu\u00e9 algunos equipos parecen funcionar como una m\u00e1quina perfectamente engrasada mientras otros luchan constantemente con los plazos y la productividad? La diferencia no est\u00e1 en el talento individual, sino en la <strong>gesti\u00f3n estrat\u00e9gica del equipo<\/strong>. En las PYMES, donde cada recurso cuenta, optimizar el rendimiento semanal del equipo puede marcar la diferencia entre el estancamiento y el crecimiento sostenible.<\/p>\n<p>\u00a0<\/p>\n<h2><strong>La planificaci\u00f3n del Lunes<\/strong><\/h2>\n<p>\u00a0<\/p>\n<p>El inicio de semana define el ritmo del resto. <strong>La reuni\u00f3n de planificaci\u00f3n semanal<\/strong> no debe durar m\u00e1s de 30 minutos, pero su impacto se extiende durante toda la semana.<\/p>\n<p>\u00a0<\/p>\n<p>Durante este encuentro:<\/p>\n<ul>\n<li><strong>Define prioridades clave<\/strong> para la semana\u00a0<\/li>\n<li><strong>Asigna responsables espec\u00edficos<\/strong> para cada tarea cr\u00edtica<\/li>\n<li><strong>Establece checkpoints intermedios<\/strong> para revisar el mi\u00e9rcoles<\/li>\n<\/ul>\n<p>Como nos ense\u00f1a la serie <em>Succession<\/em>, el poder est\u00e1 en la claridad de objetivos: cuando Logan Roy convoca a su equipo, cada uno sabe exactamente qu\u00e9 se espera de \u00e9l. Tu equipo necesita esa misma claridad cristalina.<\/p>\n<p>\u00a0<\/p>\n<h2><strong>El reparto de responsabilidades<\/strong><\/h2>\n<p>\u00a0<\/p>\n<p>The <strong>delegaci\u00f3n efectiva<\/strong> no significa simplemente distribuir tareas. Se trata de empoderar a tu equipo mientras mantienes el control estrat\u00e9gico:<\/p>\n<ol>\n<li><strong>Asignaci\u00f3n por Fortalezas: <\/strong>Identifica las <strong>competencias naturales<\/strong> de cada miembro. El empleado anal\u00edtico brillar\u00e1 con los informes; el creativo, con las propuestas innovadoras.<\/li>\n<li><a href=\"https:\/\/www.actionproject.es\/en_gb\/blog\/autogestion-personal\/\"><strong>Autonom\u00eda con L\u00edmites: <\/strong><\/a>Define el <strong>qu\u00e9<\/strong> and the <strong>cu\u00e1ndo<\/strong>, pero permite que cada persona decida el <strong>c\u00f3mo<\/strong>. Esta autonom\u00eda controlada aumenta la satisfacci\u00f3n laboral en un 40% seg\u00fan estudios recientes.<\/li>\n<li><strong>Rotaci\u00f3n Estrat\u00e9gica: <\/strong>Cada trimestre, rota un 20% de las responsabilidades. Esto previene el estancamiento y desarrolla <a href=\"https:\/\/www.actionproject.es\/en_gb\/blog\/equipos-de-alto-rendimiento\/\"><strong>equipos de alto rendimiento<\/strong><\/a> multifuncionales.<\/li>\n<\/ol>\n<p>\u00a0<\/p>\n<h2><a href=\"https:\/\/www.actionproject.es\/en_gb\/blog\/sistema-evaluacion-del-desempeno\/\"><strong>Metodolog\u00eda de seguimiento sin microgesti\u00f3n<\/strong><\/a><\/h2>\n<p>\u00a0<\/p>\n<p>El seguimiento efectivo no requiere respirar sobre el cuello de tu equipo. Implementa estos <strong>tres pilares de supervisi\u00f3n inteligente<\/strong>:<\/p>\n<ol>\n<li><strong>Check-ins Diarios de 5 Minutos<\/strong>: Un mensaje r\u00e1pido en el canal de equipo respondiendo: \u00bfEn qu\u00e9 estoy trabajando hoy? \u00bfQu\u00e9 obst\u00e1culos encuentro?<\/li>\n<li><strong>Reuniones 1:1 Semanales<\/strong>: 15 minutos con cada responsable de \u00e1rea para revisar avances y ofrecer apoyo.<\/li>\n<li><a href=\"https:\/\/www.actionproject.es\/en_gb\/blog\/que-son-los-kpi-de-una-empresa\/\"><strong>Dashboard Visual Compartido<\/strong>:<\/a> Utiliza herramientas simples donde todos vean el progreso. La <strong>transparencia<\/strong> genera responsabilidad natural.<\/li>\n<\/ol>\n<p>\u00a0<\/p>\n<h2><strong>La comunicaci\u00f3n como multiplicador de productividad<\/strong><\/h2>\n<p>\u00a0<\/p>\n<p>The <a href=\"https:\/\/www.actionproject.es\/en_gb\/blog\/comunicacion-en-la-empresa\/\"><strong>comunicaci\u00f3n efectiva<\/strong><\/a> no es un soft skill; es el aceite que lubrica la maquinaria de tu equipo. Establece estos protocolos:<\/p>\n<ul>\n<li><strong>Canal \u00fanico para urgencias<\/strong> (evita la dispersi\u00f3n)<\/li>\n<li><strong>Documentaci\u00f3n de decisiones<\/strong> en un lugar accesible<\/li>\n<li><a href=\"https:\/\/www.actionproject.es\/en_gb\/blog\/sistema-evaluacion-del-desempeno\/\"><strong>Feedback constructivo inmediato<\/strong><\/a>, no esperes a fin de mes<\/li>\n<\/ul>\n<p>Como demostr\u00f3 <a href=\"https:\/\/www.actionproject.es\/en_gb\/blog\/lecciones-para-emprendedores-de-la-pelicula-money-ball\/\"><em>MoneyBall<\/em><\/a>, los equipos ganadores no son los que tienen m\u00e1s estrellas, sino los que mejor coordinan sus talentos disponibles.<\/p>\n<p>\u00a0<\/p>\n<h2><strong>El Viernes de retrospectiva y celebraci\u00f3n<\/strong><\/h2>\n<p>Cierra cada semana con una <strong>reuni\u00f3n de retrospectiva<\/strong> de 20 minutos respondiendo a estas preguntas:<\/p>\n<ol>\n<li>\u00bfQu\u00e9 logramos esta semana?<\/li>\n<li>\u00bfQu\u00e9 podemos mejorar?<\/li>\n<li>\u00bfCu\u00e1les fueron nuestros logros?<\/li>\n<\/ol>\n<p>Este ritual consolida el aprendizaje y mantiene la <strong>motivaci\u00f3n del equipo<\/strong> en niveles \u00f3ptimos.<\/p>\n<h2>\u00a0<\/h2>\n<p>Para una <strong><a href=\"https:\/\/www.actionproject.es\/en_gb\/blog\/gestion-empresarial\/\">gesti\u00f3n empresarial efectiva<\/a>, <\/strong>se\u00a0requiere m\u00e1s que buenas intenciones; necesita metodolog\u00eda, experiencia y adaptaci\u00f3n constante. En <strong>ActionProject<\/strong>, hemos ayudado a m\u00e1s de 200 PYMES a profesionalizar sus estructuras de equipo, aumentando su productividad en un promedio del 35%.<\/p>\n<p>\u00bfListo para llevar tu equipo al siguiente nivel? Solicita tu <a href=\"https:\/\/www.actionproject.es\/en_gb\/contacto\/\"><strong>consultor\u00eda gratuita<\/strong><\/a> y descubre c\u00f3mo nuestros servicios de <a href=\"https:\/\/www.actionproject.es\/en_gb\/blog\/puede-haber-exito-buen-liderazgo-empresarial\/\">management development<\/a> pueden transformar la din\u00e1mica de tu empresa. Porque en el mundo empresarial actual, <strong>la diferencia entre sobrevivir y prosperar est\u00e1 en c\u00f3mo gestionas tu talento<\/strong>.<\/p>\n\n\n<p><\/p>","protected":false},"excerpt":{"rendered":"<p>\u00bfTe has preguntado por qu\u00e9 algunos equipos parecen funcionar como una m\u00e1quina perfectamente engrasada mientras otros luchan constantemente con los plazos y la productividad? La diferencia no est\u00e1 en el talento individual, sino en la gesti\u00f3n estrat\u00e9gica del equipo. En las PYMES, donde cada recurso cuenta, optimizar el rendimiento semanal del equipo puede marcar la [&hellip;]<\/p>\n","protected":false},"author":3,"featured_media":1825,"comment_status":"open","ping_status":"open","sticky":false,"template":"","format":"standard","meta":{"_acf_changed":false,"_joinchat":[],"footnotes":""},"categories":[10],"tags":[283,285,216,272,89,273,280,98,78,21,278,275,286,279,271,282,274,270,287,28,277,284,281,56,276],"class_list":["post-1823","post","type-post","status-publish","format-standard","has-post-thumbnail","hentry","category-estrategia-empresarial","tag-actionproject","tag-comunicacion-efectiva","tag-consultoria-empresarial","tag-delegacion-efectiva","tag-desarrollo-directivo","tag-equipos-de-alto-rendimiento","tag-feedback-constructivo","tag-gestion-de-equipos","tag-gestion-empresarial","tag-liderazgo-empresarial","tag-management","tag-metodologia-de-trabajo","tag-motivacion-de-equipos","tag-optimizacion-de-recursos","tag-organizacion-semanal","tag-pequenas-y-medianas-empresas","tag-planificacion-estrategica","tag-productividad-laboral","tag-profesionalizacion-empresarial","tag-pymes","tag-rendimiento-de-equipos","tag-responsabilidades-laborales","tag-retrospectiva-semanal","tag-satisfaccion-laboral","tag-supervision-inteligente"],"acf":[],"aioseo_notices":[],"yoast_head":"<!-- This site is optimized with the Yoast SEO plugin v27.3 - https:\/\/yoast.com\/product\/yoast-seo-wordpress\/ -->\n<title>C\u00f3mo organizar mejor a tu equipo para que rinda m\u00e1s cada semana - Action Project<\/title>\n<meta name=\"robots\" content=\"index, follow, max-snippet:-1, max-image-preview:large, max-video-preview:-1\" \/>\n<link rel=\"canonical\" href=\"https:\/\/www.actionproject.es\/en_gb\/blog\/como-organizar-mejor-a-tu-equipo-para-que-rinda-mas-cada-semana\/\" \/>\n<meta property=\"og:locale\" content=\"en_GB\" \/>\n<meta property=\"og:type\" content=\"article\" \/>\n<meta property=\"og:title\" content=\"C\u00f3mo organizar mejor a tu equipo para que rinda m\u00e1s cada semana - Action Project\" \/>\n<meta property=\"og:description\" content=\"\u00bfTe has preguntado por qu\u00e9 algunos equipos parecen funcionar como una m\u00e1quina perfectamente engrasada mientras otros luchan constantemente con los plazos y la productividad? La diferencia no est\u00e1 en el talento individual, sino en la gesti\u00f3n estrat\u00e9gica del equipo. En las PYMES, donde cada recurso cuenta, optimizar el rendimiento semanal del equipo puede marcar la [&hellip;]\" \/>\n<meta property=\"og:url\" content=\"https:\/\/www.actionproject.es\/en_gb\/blog\/como-organizar-mejor-a-tu-equipo-para-que-rinda-mas-cada-semana\/\" \/>\n<meta property=\"og:site_name\" content=\"Action Project\" \/>\n<meta property=\"article:published_time\" content=\"2025-09-10T10:40:53+00:00\" \/>\n<meta property=\"article:modified_time\" content=\"2025-09-10T12:04:06+00:00\" \/>\n<meta property=\"og:image\" content=\"https:\/\/www.actionproject.es\/wp-content\/uploads\/2025\/09\/ActionProject-Blog-3.jpg\" \/>\n\t<meta property=\"og:image:width\" content=\"2240\" \/>\n\t<meta property=\"og:image:height\" content=\"1260\" \/>\n\t<meta property=\"og:image:type\" content=\"image\/jpeg\" \/>\n<meta name=\"author\" content=\"actionproject\" \/>\n<meta name=\"twitter:card\" content=\"summary_large_image\" \/>\n<meta name=\"twitter:label1\" content=\"Written by\" \/>\n\t<meta name=\"twitter:data1\" content=\"actionproject\" \/>\n\t<meta name=\"twitter:label2\" content=\"Estimated reading time\" \/>\n\t<meta name=\"twitter:data2\" content=\"3 minutes\" \/>\n<script type=\"application\/ld+json\" class=\"yoast-schema-graph\">{\"@context\":\"https:\\\/\\\/schema.org\",\"@graph\":[{\"@type\":\"Article\",\"@id\":\"https:\\\/\\\/www.actionproject.es\\\/blog\\\/como-organizar-mejor-a-tu-equipo-para-que-rinda-mas-cada-semana\\\/#article\",\"isPartOf\":{\"@id\":\"https:\\\/\\\/www.actionproject.es\\\/blog\\\/como-organizar-mejor-a-tu-equipo-para-que-rinda-mas-cada-semana\\\/\"},\"author\":{\"name\":\"actionproject\",\"@id\":\"https:\\\/\\\/www.actionproject.es\\\/#\\\/schema\\\/person\\\/4633f258256b38e12daba9bddcd55c3b\"},\"headline\":\"C\u00f3mo organizar mejor a tu equipo para que rinda m\u00e1s cada semana\",\"datePublished\":\"2025-09-10T10:40:53+00:00\",\"dateModified\":\"2025-09-10T12:04:06+00:00\",\"mainEntityOfPage\":{\"@id\":\"https:\\\/\\\/www.actionproject.es\\\/blog\\\/como-organizar-mejor-a-tu-equipo-para-que-rinda-mas-cada-semana\\\/\"},\"wordCount\":587,\"commentCount\":0,\"publisher\":{\"@id\":\"https:\\\/\\\/www.actionproject.es\\\/#organization\"},\"image\":{\"@id\":\"https:\\\/\\\/www.actionproject.es\\\/blog\\\/como-organizar-mejor-a-tu-equipo-para-que-rinda-mas-cada-semana\\\/#primaryimage\"},\"thumbnailUrl\":\"https:\\\/\\\/www.actionproject.es\\\/wp-content\\\/uploads\\\/2025\\\/09\\\/ActionProject-Blog-3.jpg\",\"keywords\":[\"ActionProject\",\"comunicaci\u00f3n efectiva\",\"consultor\u00eda empresarial\",\"delegaci\u00f3n efectiva\",\"desarrollo directivo\",\"equipos de alto rendimiento\",\"feedback constructivo\",\"gesti\u00f3n de equipos\",\"gesti\u00f3n empresarial\",\"liderazgo empresarial\",\"management\",\"metodolog\u00eda de trabajo\",\"motivaci\u00f3n de equipos\",\"optimizaci\u00f3n de recursos\",\"organizaci\u00f3n semanal\",\"peque\u00f1as y medianas empresas\",\"planificaci\u00f3n estrat\u00e9gica\",\"productividad laboral\",\"profesionalizaci\u00f3n empresarial\",\"Pymes\",\"rendimiento de equipos\",\"responsabilidades laborales\",\"retrospectiva semanal\",\"satisfacci\u00f3n laboral\",\"supervisi\u00f3n inteligente\"],\"articleSection\":[\"Estrategia empresarial\"],\"inLanguage\":\"en-GB\",\"potentialAction\":[{\"@type\":\"CommentAction\",\"name\":\"Comment\",\"target\":[\"https:\\\/\\\/www.actionproject.es\\\/blog\\\/como-organizar-mejor-a-tu-equipo-para-que-rinda-mas-cada-semana\\\/#respond\"]}]},{\"@type\":\"WebPage\",\"@id\":\"https:\\\/\\\/www.actionproject.es\\\/blog\\\/como-organizar-mejor-a-tu-equipo-para-que-rinda-mas-cada-semana\\\/\",\"url\":\"https:\\\/\\\/www.actionproject.es\\\/blog\\\/como-organizar-mejor-a-tu-equipo-para-que-rinda-mas-cada-semana\\\/\",\"name\":\"C\u00f3mo organizar mejor a tu equipo para que rinda m\u00e1s cada semana - Action Project\",\"isPartOf\":{\"@id\":\"https:\\\/\\\/www.actionproject.es\\\/#website\"},\"primaryImageOfPage\":{\"@id\":\"https:\\\/\\\/www.actionproject.es\\\/blog\\\/como-organizar-mejor-a-tu-equipo-para-que-rinda-mas-cada-semana\\\/#primaryimage\"},\"image\":{\"@id\":\"https:\\\/\\\/www.actionproject.es\\\/blog\\\/como-organizar-mejor-a-tu-equipo-para-que-rinda-mas-cada-semana\\\/#primaryimage\"},\"thumbnailUrl\":\"https:\\\/\\\/www.actionproject.es\\\/wp-content\\\/uploads\\\/2025\\\/09\\\/ActionProject-Blog-3.jpg\",\"datePublished\":\"2025-09-10T10:40:53+00:00\",\"dateModified\":\"2025-09-10T12:04:06+00:00\",\"breadcrumb\":{\"@id\":\"https:\\\/\\\/www.actionproject.es\\\/blog\\\/como-organizar-mejor-a-tu-equipo-para-que-rinda-mas-cada-semana\\\/#breadcrumb\"},\"inLanguage\":\"en-GB\",\"potentialAction\":[{\"@type\":\"ReadAction\",\"target\":[\"https:\\\/\\\/www.actionproject.es\\\/blog\\\/como-organizar-mejor-a-tu-equipo-para-que-rinda-mas-cada-semana\\\/\"]}]},{\"@type\":\"ImageObject\",\"inLanguage\":\"en-GB\",\"@id\":\"https:\\\/\\\/www.actionproject.es\\\/blog\\\/como-organizar-mejor-a-tu-equipo-para-que-rinda-mas-cada-semana\\\/#primaryimage\",\"url\":\"https:\\\/\\\/www.actionproject.es\\\/wp-content\\\/uploads\\\/2025\\\/09\\\/ActionProject-Blog-3.jpg\",\"contentUrl\":\"https:\\\/\\\/www.actionproject.es\\\/wp-content\\\/uploads\\\/2025\\\/09\\\/ActionProject-Blog-3.jpg\",\"width\":2240,\"height\":1260,\"caption\":\"C\u00f3mo Organizar Mejor a tu Equipo para que Rinda M\u00e1s Cada Semana\"},{\"@type\":\"BreadcrumbList\",\"@id\":\"https:\\\/\\\/www.actionproject.es\\\/blog\\\/como-organizar-mejor-a-tu-equipo-para-que-rinda-mas-cada-semana\\\/#breadcrumb\",\"itemListElement\":[{\"@type\":\"ListItem\",\"position\":1,\"name\":\"Portada\",\"item\":\"https:\\\/\\\/www.actionproject.es\\\/\"},{\"@type\":\"ListItem\",\"position\":2,\"name\":\"C\u00f3mo organizar mejor a tu equipo para que rinda m\u00e1s cada semana\"}]},{\"@type\":\"WebSite\",\"@id\":\"https:\\\/\\\/www.actionproject.es\\\/#website\",\"url\":\"https:\\\/\\\/www.actionproject.es\\\/\",\"name\":\"Action Project\",\"description\":\"\",\"publisher\":{\"@id\":\"https:\\\/\\\/www.actionproject.es\\\/#organization\"},\"potentialAction\":[{\"@type\":\"SearchAction\",\"target\":{\"@type\":\"EntryPoint\",\"urlTemplate\":\"https:\\\/\\\/www.actionproject.es\\\/?s={search_term_string}\"},\"query-input\":{\"@type\":\"PropertyValueSpecification\",\"valueRequired\":true,\"valueName\":\"search_term_string\"}}],\"inLanguage\":\"en-GB\"},{\"@type\":\"Organization\",\"@id\":\"https:\\\/\\\/www.actionproject.es\\\/#organization\",\"name\":\"Action Project\",\"url\":\"https:\\\/\\\/www.actionproject.es\\\/\",\"logo\":{\"@type\":\"ImageObject\",\"inLanguage\":\"en-GB\",\"@id\":\"https:\\\/\\\/www.actionproject.es\\\/#\\\/schema\\\/logo\\\/image\\\/\",\"url\":\"https:\\\/\\\/www.actionproject.es\\\/wp-content\\\/uploads\\\/2025\\\/02\\\/favicon-action.png\",\"contentUrl\":\"https:\\\/\\\/www.actionproject.es\\\/wp-content\\\/uploads\\\/2025\\\/02\\\/favicon-action.png\",\"width\":512,\"height\":512,\"caption\":\"Action Project\"},\"image\":{\"@id\":\"https:\\\/\\\/www.actionproject.es\\\/#\\\/schema\\\/logo\\\/image\\\/\"}},{\"@type\":\"Person\",\"@id\":\"https:\\\/\\\/www.actionproject.es\\\/#\\\/schema\\\/person\\\/4633f258256b38e12daba9bddcd55c3b\",\"name\":\"actionproject\",\"image\":{\"@type\":\"ImageObject\",\"inLanguage\":\"en-GB\",\"@id\":\"https:\\\/\\\/secure.gravatar.com\\\/avatar\\\/94aa39178cd729cb00da5a97f7f64038ff9312f3bfa8105035616ceff087f47c?s=96&d=mm&r=g\",\"url\":\"https:\\\/\\\/secure.gravatar.com\\\/avatar\\\/94aa39178cd729cb00da5a97f7f64038ff9312f3bfa8105035616ceff087f47c?s=96&d=mm&r=g\",\"contentUrl\":\"https:\\\/\\\/secure.gravatar.com\\\/avatar\\\/94aa39178cd729cb00da5a97f7f64038ff9312f3bfa8105035616ceff087f47c?s=96&d=mm&r=g\",\"caption\":\"actionproject\"},\"url\":\"https:\\\/\\\/www.actionproject.es\\\/en_gb\\\/blog\\\/author\\\/actionproject\\\/\"}]}<\/script>\n<!-- \/ Yoast SEO plugin. -->","yoast_head_json":{"title":"C\u00f3mo organizar mejor a tu equipo para que rinda m\u00e1s cada semana - Action Project","robots":{"index":"index","follow":"follow","max-snippet":"max-snippet:-1","max-image-preview":"max-image-preview:large","max-video-preview":"max-video-preview:-1"},"canonical":"https:\/\/www.actionproject.es\/en_gb\/blog\/como-organizar-mejor-a-tu-equipo-para-que-rinda-mas-cada-semana\/","og_locale":"en_GB","og_type":"article","og_title":"C\u00f3mo organizar mejor a tu equipo para que rinda m\u00e1s cada semana - Action Project","og_description":"\u00bfTe has preguntado por qu\u00e9 algunos equipos parecen funcionar como una m\u00e1quina perfectamente engrasada mientras otros luchan constantemente con los plazos y la productividad? La diferencia no est\u00e1 en el talento individual, sino en la gesti\u00f3n estrat\u00e9gica del equipo. En las PYMES, donde cada recurso cuenta, optimizar el rendimiento semanal del equipo puede marcar la [&hellip;]","og_url":"https:\/\/www.actionproject.es\/en_gb\/blog\/como-organizar-mejor-a-tu-equipo-para-que-rinda-mas-cada-semana\/","og_site_name":"Action Project","article_published_time":"2025-09-10T10:40:53+00:00","article_modified_time":"2025-09-10T12:04:06+00:00","og_image":[{"width":2240,"height":1260,"url":"https:\/\/www.actionproject.es\/wp-content\/uploads\/2025\/09\/ActionProject-Blog-3.jpg","type":"image\/jpeg"}],"author":"actionproject","twitter_card":"summary_large_image","twitter_misc":{"Written by":"actionproject","Estimated reading time":"3 minutes"},"schema":{"@context":"https:\/\/schema.org","@graph":[{"@type":"Article","@id":"https:\/\/www.actionproject.es\/blog\/como-organizar-mejor-a-tu-equipo-para-que-rinda-mas-cada-semana\/#article","isPartOf":{"@id":"https:\/\/www.actionproject.es\/blog\/como-organizar-mejor-a-tu-equipo-para-que-rinda-mas-cada-semana\/"},"author":{"name":"actionproject","@id":"https:\/\/www.actionproject.es\/#\/schema\/person\/4633f258256b38e12daba9bddcd55c3b"},"headline":"C\u00f3mo organizar mejor a tu equipo para que rinda m\u00e1s cada semana","datePublished":"2025-09-10T10:40:53+00:00","dateModified":"2025-09-10T12:04:06+00:00","mainEntityOfPage":{"@id":"https:\/\/www.actionproject.es\/blog\/como-organizar-mejor-a-tu-equipo-para-que-rinda-mas-cada-semana\/"},"wordCount":587,"commentCount":0,"publisher":{"@id":"https:\/\/www.actionproject.es\/#organization"},"image":{"@id":"https:\/\/www.actionproject.es\/blog\/como-organizar-mejor-a-tu-equipo-para-que-rinda-mas-cada-semana\/#primaryimage"},"thumbnailUrl":"https:\/\/www.actionproject.es\/wp-content\/uploads\/2025\/09\/ActionProject-Blog-3.jpg","keywords":["ActionProject","comunicaci\u00f3n efectiva","consultor\u00eda empresarial","delegaci\u00f3n efectiva","desarrollo directivo","equipos de alto rendimiento","feedback constructivo","gesti\u00f3n de equipos","gesti\u00f3n empresarial","liderazgo empresarial","management","metodolog\u00eda de trabajo","motivaci\u00f3n de equipos","optimizaci\u00f3n de recursos","organizaci\u00f3n semanal","peque\u00f1as y medianas empresas","planificaci\u00f3n estrat\u00e9gica","productividad laboral","profesionalizaci\u00f3n empresarial","Pymes","rendimiento de equipos","responsabilidades laborales","retrospectiva semanal","satisfacci\u00f3n laboral","supervisi\u00f3n inteligente"],"articleSection":["Estrategia empresarial"],"inLanguage":"en-GB","potentialAction":[{"@type":"CommentAction","name":"Comment","target":["https:\/\/www.actionproject.es\/blog\/como-organizar-mejor-a-tu-equipo-para-que-rinda-mas-cada-semana\/#respond"]}]},{"@type":"WebPage","@id":"https:\/\/www.actionproject.es\/blog\/como-organizar-mejor-a-tu-equipo-para-que-rinda-mas-cada-semana\/","url":"https:\/\/www.actionproject.es\/blog\/como-organizar-mejor-a-tu-equipo-para-que-rinda-mas-cada-semana\/","name":"C\u00f3mo organizar mejor a tu equipo para que rinda m\u00e1s cada semana - Action Project","isPartOf":{"@id":"https:\/\/www.actionproject.es\/#website"},"primaryImageOfPage":{"@id":"https:\/\/www.actionproject.es\/blog\/como-organizar-mejor-a-tu-equipo-para-que-rinda-mas-cada-semana\/#primaryimage"},"image":{"@id":"https:\/\/www.actionproject.es\/blog\/como-organizar-mejor-a-tu-equipo-para-que-rinda-mas-cada-semana\/#primaryimage"},"thumbnailUrl":"https:\/\/www.actionproject.es\/wp-content\/uploads\/2025\/09\/ActionProject-Blog-3.jpg","datePublished":"2025-09-10T10:40:53+00:00","dateModified":"2025-09-10T12:04:06+00:00","breadcrumb":{"@id":"https:\/\/www.actionproject.es\/blog\/como-organizar-mejor-a-tu-equipo-para-que-rinda-mas-cada-semana\/#breadcrumb"},"inLanguage":"en-GB","potentialAction":[{"@type":"ReadAction","target":["https:\/\/www.actionproject.es\/blog\/como-organizar-mejor-a-tu-equipo-para-que-rinda-mas-cada-semana\/"]}]},{"@type":"ImageObject","inLanguage":"en-GB","@id":"https:\/\/www.actionproject.es\/blog\/como-organizar-mejor-a-tu-equipo-para-que-rinda-mas-cada-semana\/#primaryimage","url":"https:\/\/www.actionproject.es\/wp-content\/uploads\/2025\/09\/ActionProject-Blog-3.jpg","contentUrl":"https:\/\/www.actionproject.es\/wp-content\/uploads\/2025\/09\/ActionProject-Blog-3.jpg","width":2240,"height":1260,"caption":"C\u00f3mo Organizar Mejor a tu Equipo para que Rinda M\u00e1s Cada Semana"},{"@type":"BreadcrumbList","@id":"https:\/\/www.actionproject.es\/blog\/como-organizar-mejor-a-tu-equipo-para-que-rinda-mas-cada-semana\/#breadcrumb","itemListElement":[{"@type":"ListItem","position":1,"name":"Portada","item":"https:\/\/www.actionproject.es\/"},{"@type":"ListItem","position":2,"name":"C\u00f3mo organizar mejor a tu equipo para que rinda m\u00e1s cada semana"}]},{"@type":"WebSite","@id":"https:\/\/www.actionproject.es\/#website","url":"https:\/\/www.actionproject.es\/","name":"Action Project","description":"","publisher":{"@id":"https:\/\/www.actionproject.es\/#organization"},"potentialAction":[{"@type":"SearchAction","target":{"@type":"EntryPoint","urlTemplate":"https:\/\/www.actionproject.es\/?s={search_term_string}"},"query-input":{"@type":"PropertyValueSpecification","valueRequired":true,"valueName":"search_term_string"}}],"inLanguage":"en-GB"},{"@type":"Organization","@id":"https:\/\/www.actionproject.es\/#organization","name":"Action Project","url":"https:\/\/www.actionproject.es\/","logo":{"@type":"ImageObject","inLanguage":"en-GB","@id":"https:\/\/www.actionproject.es\/#\/schema\/logo\/image\/","url":"https:\/\/www.actionproject.es\/wp-content\/uploads\/2025\/02\/favicon-action.png","contentUrl":"https:\/\/www.actionproject.es\/wp-content\/uploads\/2025\/02\/favicon-action.png","width":512,"height":512,"caption":"Action Project"},"image":{"@id":"https:\/\/www.actionproject.es\/#\/schema\/logo\/image\/"}},{"@type":"Person","@id":"https:\/\/www.actionproject.es\/#\/schema\/person\/4633f258256b38e12daba9bddcd55c3b","name":"actionproject","image":{"@type":"ImageObject","inLanguage":"en-GB","@id":"https:\/\/secure.gravatar.com\/avatar\/94aa39178cd729cb00da5a97f7f64038ff9312f3bfa8105035616ceff087f47c?s=96&d=mm&r=g","url":"https:\/\/secure.gravatar.com\/avatar\/94aa39178cd729cb00da5a97f7f64038ff9312f3bfa8105035616ceff087f47c?s=96&d=mm&r=g","contentUrl":"https:\/\/secure.gravatar.com\/avatar\/94aa39178cd729cb00da5a97f7f64038ff9312f3bfa8105035616ceff087f47c?s=96&d=mm&r=g","caption":"actionproject"},"url":"https:\/\/www.actionproject.es\/en_gb\/blog\/author\/actionproject\/"}]}},"_links":{"self":[{"href":"https:\/\/www.actionproject.es\/en_gb\/wp-json\/wp\/v2\/posts\/1823","targetHints":{"allow":["GET"]}}],"collection":[{"href":"https:\/\/www.actionproject.es\/en_gb\/wp-json\/wp\/v2\/posts"}],"about":[{"href":"https:\/\/www.actionproject.es\/en_gb\/wp-json\/wp\/v2\/types\/post"}],"author":[{"embeddable":true,"href":"https:\/\/www.actionproject.es\/en_gb\/wp-json\/wp\/v2\/users\/3"}],"replies":[{"embeddable":true,"href":"https:\/\/www.actionproject.es\/en_gb\/wp-json\/wp\/v2\/comments?post=1823"}],"version-history":[{"count":14,"href":"https:\/\/www.actionproject.es\/en_gb\/wp-json\/wp\/v2\/posts\/1823\/revisions"}],"predecessor-version":[{"id":1846,"href":"https:\/\/www.actionproject.es\/en_gb\/wp-json\/wp\/v2\/posts\/1823\/revisions\/1846"}],"wp:featuredmedia":[{"embeddable":true,"href":"https:\/\/www.actionproject.es\/en_gb\/wp-json\/wp\/v2\/media\/1825"}],"wp:attachment":[{"href":"https:\/\/www.actionproject.es\/en_gb\/wp-json\/wp\/v2\/media?parent=1823"}],"wp:term":[{"taxonomy":"category","embeddable":true,"href":"https:\/\/www.actionproject.es\/en_gb\/wp-json\/wp\/v2\/categories?post=1823"},{"taxonomy":"post_tag","embeddable":true,"href":"https:\/\/www.actionproject.es\/en_gb\/wp-json\/wp\/v2\/tags?post=1823"}],"curies":[{"name":"wp","href":"https:\/\/api.w.org\/{rel}","templated":true}]}}