{"id":1988,"date":"2025-09-30T14:27:02","date_gmt":"2025-09-30T12:27:02","guid":{"rendered":"https:\/\/www.actionproject.es\/?p=1988"},"modified":"2025-10-07T17:30:59","modified_gmt":"2025-10-07T15:30:59","slug":"empieza-con-el-por-que-el-circulo-dorado-de-simon-sinek-aplicado-a-tu-negocio","status":"publish","type":"post","link":"https:\/\/www.actionproject.es\/en_gb\/blog\/empieza-con-el-por-que-el-circulo-dorado-de-simon-sinek-aplicado-a-tu-negocio\/","title":{"rendered":"Empieza con el por qu\u00e9: el C\u00edrculo Dorado de Simon Sinek aplicado a tu negocio"},"content":{"rendered":"<p>\u00a0<\/p>\n<p><span style=\"font-weight: 400;\">\u00bfPor qu\u00e9 algunos <a href=\"https:\/\/www.actionproject.es\/en_gb\/blog\/8-habilidades-directivas-ser-un-buen-lider\/\">l\u00edderes<\/a> inspiran lealtad mientras otros solo logran obediencia? Simon Sinek responde con su <\/span><b>C\u00edrculo Dorado<\/b><span style=\"font-weight: 400;\">: las empresas que comunican desde el \u00abpor qu\u00e9\u00bb \u2014su <a href=\"https:\/\/www.actionproject.es\/en_gb\/blog\/empresas-proposito-valores-corporativos-definen\/\">prop\u00f3sito<\/a>\u2014 conectan m\u00e1s profundo que quienes solo explican qu\u00e9 hacen o c\u00f3mo lo hacen.<\/span><\/p>\n<h2>\u00a0<\/h2>\n<h2><b>Qu\u00e9 es el C\u00edrculo Dorado y por qu\u00e9 importa<\/b><\/h2>\n<p>\u00a0<\/p>\n<p>\u00a0<\/p>\n<p><span style=\"font-weight: 400;\">The <\/span><b>C\u00edrculo Dorado<\/b><span style=\"font-weight: 400;\"> ordena la comunicaci\u00f3n en tres capas: <\/span><b>porqu\u00e9<\/b><span style=\"font-weight: 400;\"> (prop\u00f3sito), <\/span><b>c\u00f3mo<\/b><span style=\"font-weight: 400;\"> (proceso) y <\/span><b>qu\u00e9<\/b><span style=\"font-weight: 400;\"> (<a href=\"https:\/\/www.actionproject.es\/en_gb\/blog\/crear-propuesta-de-valor-empresa\/\">producto\/servicio<\/a>). La mayor\u00eda empieza por fuera (qu\u00e9\u2192c\u00f3mo\u2192por qu\u00e9); los que inspiran hacen lo contrario: <\/span><b>comunican de dentro hacia fuera<\/b><span style=\"font-weight: 400;\">.<\/span><\/p>\n<p>\u00a0<\/p>\n<p>\u00a0<\/p>\n<p><b>Por ejemplo:<\/b><\/p>\n<ul>\n<li style=\"font-weight: 400;\" aria-level=\"1\"><b>Desde fuera<\/b><span style=\"font-weight: 400;\">: \u00abVendemos software (qu\u00e9) con interfaz intuitiva (c\u00f3mo)\u00bb.<\/span><\/li>\n<li style=\"font-weight: 400;\" aria-level=\"1\"><b>Desde dentro<\/b><span style=\"font-weight: 400;\">: \u00abCreemos que el trabajo debe ser simple (por qu\u00e9). Por eso dise\u00f1amos herramientas intuitivas (c\u00f3mo) como nuestro software (qu\u00e9)\u00bb.<\/span><\/li>\n<\/ul>\n<p>\u00a0<\/p>\n<p><span style=\"font-weight: 400;\">El cerebro humano decide por emoci\u00f3n (sistema l\u00edmbico, donde reside el por qu\u00e9) y justifica con l\u00f3gica. <\/span><b>Si solo hablas de qu\u00e9\/c\u00f3mo, no activas lealtad; si partes del porqu\u00e9, creas conexi\u00f3n<\/b><span style=\"font-weight: 400;\">.<\/span><\/p>\n<h2>\u00a0<\/h2>\n<h2><b>Beneficios de un prop\u00f3sito claro<\/b><\/h2>\n<p>\u00a0<\/p>\n<p><span style=\"font-weight: 400;\">Un <\/span><b>porqu\u00e9<\/b><span style=\"font-weight: 400;\"> definido transforma tu empresa:<\/span><\/p>\n<ul>\n<li style=\"font-weight: 400;\" aria-level=\"1\"><b>Lealtad sobre precio<\/b><span style=\"font-weight: 400;\">: los clientes compran el <\/span><i><span style=\"font-weight: 400;\">por qu\u00e9<\/span><\/i><span style=\"font-weight: 400;\"> lo haces, no solo lo <\/span><i><span style=\"font-weight: 400;\">qu\u00e9<\/span><\/i><span style=\"font-weight: 400;\"> vendes. Estos clientes se convierten en\u00a0 evangelizadores, no compradores ocasionales.<\/span><\/li>\n<li style=\"font-weight: 400;\" aria-level=\"1\"><a href=\"https:\/\/www.actionproject.es\/en_gb\/blog\/direccion-estrategica-clave-exito-empresa\/\"><b>Foco estrat\u00e9gico<\/b><\/a><span style=\"font-weight: 400;\">: las decisiones est\u00e1n alineadas al prop\u00f3sito, menos dispersi\u00f3n.<\/span><\/li>\n<li style=\"font-weight: 400;\" aria-level=\"1\"><a href=\"https:\/\/www.actionproject.es\/en_gb\/blog\/que-podemos-aprender-silicon-valley-pleno-confinamiento\/\"><b>Innovaci\u00f3n coherente<\/b><\/a><span style=\"font-weight: 400;\">: nuevos productos\/servicios nacen del por qu\u00e9, no del azar.<\/span><\/li>\n<li style=\"font-weight: 400;\" aria-level=\"1\"><a href=\"https:\/\/www.actionproject.es\/en_gb\/blog\/equipos-de-alto-rendimiento\/\"><b>Atracci\u00f3n de talento<\/b><\/a><span style=\"font-weight: 400;\">: los empleados que comparten tu prop\u00f3sito se comprometen m\u00e1s all\u00e1 del sueldo.<\/span><\/li>\n<li style=\"font-weight: 400;\" aria-level=\"1\"><a href=\"https:\/\/www.actionproject.es\/en_gb\/blog\/enseno-2020-ley-murphy-empresas\/\"><b>Resiliencia<\/b><\/a><span style=\"font-weight: 400;\">: en crisis, el prop\u00f3sito ancla y orienta.<\/span><\/li>\n<\/ul>\n<h2>\u00a0<\/h2>\n<h2><b>C\u00f3mo aplicar el C\u00edrculo Dorado paso a paso<\/b><\/h2>\n<h3>\u00a0<\/h3>\n<h3><b>1. Define tu por qu\u00e9<\/b><\/h3>\n<p>\u00a0<\/p>\n<p><span style=\"font-weight: 400;\">Responde: <\/span><b>\u00bfPor qu\u00e9 existe tu empresa m\u00e1s all\u00e1 de ganar dinero?<\/b><span style=\"font-weight: 400;\"> No es un eslogan marketero; es tu convicci\u00f3n.<\/span><\/p>\n<ul>\n<li style=\"font-weight: 400;\" aria-level=\"1\"><span style=\"font-weight: 400;\">Preg\u00fantate: \u00bfQu\u00e9 problema del mundo quieres resolver? \u00bfQu\u00e9 te indigna o apasiona?<\/span><\/li>\n<\/ul>\n<h3>\u00a0<\/h3>\n<h3><b>2. Trad\u00facelo al \u00abc\u00f3mo\u00bb<\/b><\/h3>\n<p>\u00a0<\/p>\n<p><span style=\"font-weight: 400;\">Tu <\/span><b>c\u00f3mo,<\/b><span style=\"font-weight: 400;\"> son tus <a href=\"https:\/\/www.actionproject.es\/en_gb\/blog\/valores-alla-resultados-economicos-empresas\/\">valores<\/a>\/procesos \u00fanicos que materializan el por qu\u00e9:<\/span><\/p>\n<ul>\n<li style=\"font-weight: 400;\" aria-level=\"1\"><span style=\"font-weight: 400;\">\u00bfC\u00f3mo haces realidad ese prop\u00f3sito? \u00bfQu\u00e9 metodolog\u00eda, <a href=\"https:\/\/www.actionproject.es\/en_gb\/blog\/cultura-empresarial\/\">cultura<\/a> o principios te diferencian?<\/span><\/li>\n<li style=\"font-weight: 400;\" aria-level=\"1\"><span style=\"font-weight: 400;\">Sinek lo llama \u00abvalores en acci\u00f3n\u00bb. No palabras en el aire.<\/span><\/li>\n<\/ul>\n<h3>\u00a0<\/h3>\n<h3><b>3. Alinea el \u00abqu\u00e9\u00bb<\/b><\/h3>\n<p>\u00a0<\/p>\n<p><span style=\"font-weight: 400;\">Tu producto\/servicio debe ser <\/span><b>prueba tangible<\/b><span style=\"font-weight: 400;\"> del por qu\u00e9:<\/span><\/p>\n<ul>\n<li style=\"font-weight: 400;\" aria-level=\"1\"><span style=\"font-weight: 400;\">Revisa tu oferta: \u00bfrefleja el prop\u00f3sito o solo \u00abvende algo\u00bb?<\/span><\/li>\n<li style=\"font-weight: 400;\" aria-level=\"1\"><span style=\"font-weight: 400;\">Si hay incoherencia, ajusta o descarta l\u00edneas que desvirt\u00faan tu mensaje.<\/span><\/li>\n<\/ul>\n<h3>\u00a0<\/h3>\n<h3><b>4. Comunica desde dentro<\/b><\/h3>\n<p>\u00a0<\/p>\n<p><span style=\"font-weight: 400;\">En web, redes, <a href=\"https:\/\/www.actionproject.es\/en_gb\/blog\/aprendizaje-emprendedores-lobo-wall-street\/\">pitch de venta<\/a>: <\/span><b>por qu\u00e9 primero, luego c\u00f3mo, finalmente qu\u00e9<\/b><span style=\"font-weight: 400;\">:<\/span><\/p>\n<ul>\n<li style=\"font-weight: 400;\" aria-level=\"1\"><span style=\"font-weight: 400;\">Empieza discursos\/textos con \u00abCreemos que\u2026\u00bb, \u00abExiste(imos) para\u2026\u00bb.<\/span><\/li>\n<li style=\"font-weight: 400;\" aria-level=\"1\"><span style=\"font-weight: 400;\">Evita listas de caracter\u00edsticas sin contexto emocional.<\/span><\/li>\n<\/ul>\n<h3>\u00a0<\/h3>\n<h3><b>5. Mide coherencia<\/b><\/h3>\n<p>\u00a0<\/p>\n<p><span style=\"font-weight: 400;\"><a href=\"https:\/\/www.actionproject.es\/en_gb\/blog\/que-son-los-kpi-de-una-empresa\/\">KPIs cualitativos<\/a>: \u00bftu equipo recita el por qu\u00e9? \u00bfLos clientes eligen tu <a href=\"https:\/\/www.actionproject.es\/en_gb\/blog\/5-formas-para-humanizar-tu-marca\/\">marca<\/a> o tu producto?<\/span><\/p>\n<ul>\n<li style=\"font-weight: 400;\" aria-level=\"1\"><span style=\"font-weight: 400;\">Encuestas de percepci\u00f3n, an\u00e1lisis de rese\u00f1as, rotaci\u00f3n de personal.<\/span><\/li>\n<\/ul>\n<h2>\u00a0<\/h2>\n<h2><b>Errores comunes al buscar tu por qu\u00e9<\/b><\/h2>\n<p>\u00a0<\/p>\n<ul>\n<li style=\"font-weight: 400;\" aria-level=\"1\"><b>Confundir eslogan con prop\u00f3sito<\/b><span style=\"font-weight: 400;\">: \u00abInnovaci\u00f3n\u00bb o \u00abExcelencia\u00bb no son porqu\u00e9s; son resultados o valores gen\u00e9ricos.<\/span><\/li>\n<li style=\"font-weight: 400;\" aria-level=\"1\"><b>Incoherencia entre decir y hacer<\/b><span style=\"font-weight: 400;\">: comunicar <a href=\"https:\/\/www.actionproject.es\/en_gb\/blog\/3-objetivos-cumplir-ser-empresa-sostenible\/\">sostenibilidad<\/a> y fabricar con pr\u00e1cticas contaminantes, destroza la\u00a0 confianza.<\/span><\/li>\n<li style=\"font-weight: 400;\" aria-level=\"1\"><b>Porqu\u00e9 centrado en ti, no en otros<\/b><span style=\"font-weight: 400;\">: \u00abGanar dinero\u00bb o \u00abSer el l\u00edder\u00bb son metas internas; el porqu\u00e9 debe impactar al mundo.<\/span><\/li>\n<li style=\"font-weight: 400;\" aria-level=\"1\"><b>No cascadear el mensaje<\/b><span style=\"font-weight: 400;\">: si solo la direcci\u00f3n conoce el porqu\u00e9, el equipo no lo vive.<\/span><\/li>\n<li style=\"font-weight: 400;\" aria-level=\"1\"><b>Buscar el por qu\u00e9 perfecto<\/b><span style=\"font-weight: 400;\">: mejor un por qu\u00e9 imperfecto compartido hoy que uno \u00abideal\u00bb nunca comunicado.<\/span><\/li>\n<\/ul>\n<h2>\u00a0<\/h2>\n<h2><b>Preguntas frecuentes<\/b><\/h2>\n<h3>\u00a0<\/h3>\n<h3><b>\u00bfC\u00f3mo medir el impacto de comunicar el por qu\u00e9?<\/b><\/h3>\n<p><span style=\"font-weight: 400;\">Observa la <\/span><b>repetici\u00f3n de compra sin promoci\u00f3n<\/b><span style=\"font-weight: 400;\">, <\/span><b>recomendaciones espont\u00e1neas<\/b><span style=\"font-weight: 400;\"> and the <\/span><b>engagement del equipo<\/b><span style=\"font-weight: 400;\">. Si la gente vuelve\/se queda \u00abporque s\u00ed\u00bb, tu por qu\u00e9 resuena.<\/span><\/p>\n<h3>\u00a0<\/h3>\n<h3><b>\u00bfFunciona igual en B2B que en B2C?<\/b><\/h3>\n<p><span style=\"font-weight: 400;\">S\u00ed. En B2B, los compradores son personas; deciden por emoci\u00f3n (por qu\u00e9) y justifican con ROI (qu\u00e9\/c\u00f3mo). Un proveedor que comparte tu visi\u00f3n genera alianza, no solo transacci\u00f3n.<\/span><\/p>\n<h3>\u00a0<\/h3>\n<h3><b>Mi <a href=\"https:\/\/www.actionproject.es\/en_gb\/blog\/problemas-frecuentes-detectan-pymes\/\">Pyme<\/a> es peque\u00f1a, \u00bfrealmente necesita un por qu\u00e9?<\/b><\/h3>\n<p><b>M\u00e1s que las grandes<\/b><span style=\"font-weight: 400;\">. Sin marca consolidada, tu prop\u00f3sito es tu principal <a href=\"https:\/\/www.actionproject.es\/en_gb\/blog\/encuentra-factor-diferencial-negocio\/\">diferenciador<\/a>. Los clientes buscan autenticidad; si sabes por qu\u00e9 existes, destacas frente a competidores gen\u00e9ricos.<\/span><\/p>\n<h3>\u00a0<\/h3>\n<h3><b>\u00bfEl por qu\u00e9 puede cambiar con el tiempo?<\/b><\/h3>\n<p><span style=\"font-weight: 400;\">Rara vez; el prop\u00f3sito suele ser estable. Lo que evoluciona es el <\/span><b>c\u00f3mo<\/b><span style=\"font-weight: 400;\"> (metodolog\u00edas) y el <\/span><b>qu\u00e9<\/b><span style=\"font-weight: 400;\"> (productos). Si realmente ha mutado tu convicci\u00f3n, comunica el cambio con transparencia.<\/span><\/p>\n<p>\u00a0<\/p>\n<p><b>\u00bfListo para definir tu por qu\u00e9 y conectar con clientes que comparten tu visi\u00f3n?<\/b><span style=\"font-weight: 400;\"> Pide tu <\/span><b>consultor\u00eda gratuita<\/b><span style=\"font-weight: 400;\"> con ActionProject y traduce tu prop\u00f3sito en estrategia real. <\/span><a href=\"https:\/\/www.actionproject.es\/en_gb\/contacto\/\"><b>Contact us<\/b><\/a><span style=\"font-weight: 400;\"> hoy mismo.\u00a0<\/span><\/p>\n\n\n<p><\/p>","protected":false},"excerpt":{"rendered":"<p>\u00a0 \u00bfPor qu\u00e9 algunos l\u00edderes inspiran lealtad mientras otros solo logran obediencia? Simon Sinek responde con su C\u00edrculo Dorado: las empresas que comunican desde el \u00abpor qu\u00e9\u00bb \u2014su prop\u00f3sito\u2014 conectan m\u00e1s profundo que quienes solo explican qu\u00e9 hacen o c\u00f3mo lo hacen. \u00a0 Qu\u00e9 es el C\u00edrculo Dorado y por qu\u00e9 importa \u00a0 \u00a0 El [&hellip;]<\/p>\n","protected":false},"author":3,"featured_media":2007,"comment_status":"open","ping_status":"open","sticky":false,"template":"","format":"standard","meta":{"_acf_changed":false,"_joinchat":[],"footnotes":""},"categories":[10],"tags":[299,285,305,307,309,301,78,306,303,304,300,28,302,308,185],"class_list":["post-1988","post","type-post","status-publish","format-standard","has-post-thumbnail","hentry","category-estrategia-empresarial","tag-circulo-dorado","tag-comunicacion-efectiva","tag-cultura-organizativa","tag-diferenciacion-de-marca","tag-engagement","tag-estrategia-de-negocio","tag-gestion-empresarial","tag-lealtad-de-clientes","tag-liderazgo-inspirador","tag-porque","tag-proposito-empresarial","tag-pymes","tag-simon-sinek","tag-valores-empresariales","tag-vision-empresarial"],"acf":[],"aioseo_notices":[],"yoast_head":"<!-- This site is optimized with the Yoast SEO plugin v27.3 - https:\/\/yoast.com\/product\/yoast-seo-wordpress\/ -->\n<title>Empieza con el por qu\u00e9: el C\u00edrculo Dorado de Simon Sinek aplicado a tu negocio - Action Project<\/title>\n<meta name=\"description\" content=\"Descubre c\u00f3mo el C\u00edrculo Dorado de Simon Sinek transforma tu liderazgo. Define tu porqu\u00e9, comunica con prop\u00f3sito y genera lealtad real en tu negocio.\" \/>\n<meta name=\"robots\" content=\"index, follow, max-snippet:-1, max-image-preview:large, max-video-preview:-1\" \/>\n<link rel=\"canonical\" href=\"https:\/\/www.actionproject.es\/en_gb\/blog\/empieza-con-el-por-que-el-circulo-dorado-de-simon-sinek-aplicado-a-tu-negocio\/\" \/>\n<meta property=\"og:locale\" content=\"en_GB\" \/>\n<meta property=\"og:type\" content=\"article\" \/>\n<meta property=\"og:title\" content=\"Empieza con el por qu\u00e9: el C\u00edrculo Dorado de Simon Sinek aplicado a tu negocio - Action Project\" \/>\n<meta property=\"og:description\" content=\"Descubre c\u00f3mo el C\u00edrculo Dorado de Simon Sinek transforma tu liderazgo. Define tu porqu\u00e9, comunica con prop\u00f3sito y genera lealtad real en tu negocio.\" \/>\n<meta property=\"og:url\" content=\"https:\/\/www.actionproject.es\/en_gb\/blog\/empieza-con-el-por-que-el-circulo-dorado-de-simon-sinek-aplicado-a-tu-negocio\/\" \/>\n<meta property=\"og:site_name\" content=\"Action Project\" \/>\n<meta property=\"article:published_time\" content=\"2025-09-30T12:27:02+00:00\" \/>\n<meta property=\"article:modified_time\" content=\"2025-10-07T15:30:59+00:00\" \/>\n<meta property=\"og:image\" content=\"https:\/\/www.actionproject.es\/wp-content\/uploads\/2025\/09\/nlkasjdlkfaj.jpg\" \/>\n\t<meta property=\"og:image:width\" content=\"1920\" \/>\n\t<meta property=\"og:image:height\" content=\"1080\" \/>\n\t<meta property=\"og:image:type\" content=\"image\/jpeg\" \/>\n<meta name=\"author\" content=\"actionproject\" \/>\n<meta name=\"twitter:card\" content=\"summary_large_image\" \/>\n<meta name=\"twitter:label1\" content=\"Written by\" \/>\n\t<meta name=\"twitter:data1\" content=\"actionproject\" \/>\n\t<meta name=\"twitter:label2\" content=\"Estimated reading time\" \/>\n\t<meta name=\"twitter:data2\" content=\"4 minutes\" \/>\n<script type=\"application\/ld+json\" class=\"yoast-schema-graph\">{\"@context\":\"https:\\\/\\\/schema.org\",\"@graph\":[{\"@type\":\"Article\",\"@id\":\"https:\\\/\\\/www.actionproject.es\\\/blog\\\/empieza-con-el-por-que-el-circulo-dorado-de-simon-sinek-aplicado-a-tu-negocio\\\/#article\",\"isPartOf\":{\"@id\":\"https:\\\/\\\/www.actionproject.es\\\/blog\\\/empieza-con-el-por-que-el-circulo-dorado-de-simon-sinek-aplicado-a-tu-negocio\\\/\"},\"author\":{\"name\":\"actionproject\",\"@id\":\"https:\\\/\\\/www.actionproject.es\\\/#\\\/schema\\\/person\\\/4633f258256b38e12daba9bddcd55c3b\"},\"headline\":\"Empieza con el por qu\u00e9: el C\u00edrculo Dorado de Simon Sinek aplicado a tu negocio\",\"datePublished\":\"2025-09-30T12:27:02+00:00\",\"dateModified\":\"2025-10-07T15:30:59+00:00\",\"mainEntityOfPage\":{\"@id\":\"https:\\\/\\\/www.actionproject.es\\\/blog\\\/empieza-con-el-por-que-el-circulo-dorado-de-simon-sinek-aplicado-a-tu-negocio\\\/\"},\"wordCount\":772,\"commentCount\":0,\"publisher\":{\"@id\":\"https:\\\/\\\/www.actionproject.es\\\/#organization\"},\"image\":{\"@id\":\"https:\\\/\\\/www.actionproject.es\\\/blog\\\/empieza-con-el-por-que-el-circulo-dorado-de-simon-sinek-aplicado-a-tu-negocio\\\/#primaryimage\"},\"thumbnailUrl\":\"https:\\\/\\\/www.actionproject.es\\\/wp-content\\\/uploads\\\/2025\\\/09\\\/nlkasjdlkfaj.jpg\",\"keywords\":[\"C\u00edrculo Dorado\",\"comunicaci\u00f3n efectiva\",\"cultura organizativa\",\"diferenciaci\u00f3n de marca\",\"engagement\",\"estrategia de negocio\",\"gesti\u00f3n empresarial\",\"lealtad de clientes\",\"liderazgo inspirador\",\"porqu\u00e9\",\"prop\u00f3sito empresarial\",\"Pymes\",\"Simon Sinek\",\"valores empresariales\",\"visi\u00f3n empresarial\"],\"articleSection\":[\"Estrategia empresarial\"],\"inLanguage\":\"en-GB\",\"potentialAction\":[{\"@type\":\"CommentAction\",\"name\":\"Comment\",\"target\":[\"https:\\\/\\\/www.actionproject.es\\\/blog\\\/empieza-con-el-por-que-el-circulo-dorado-de-simon-sinek-aplicado-a-tu-negocio\\\/#respond\"]}]},{\"@type\":\"WebPage\",\"@id\":\"https:\\\/\\\/www.actionproject.es\\\/blog\\\/empieza-con-el-por-que-el-circulo-dorado-de-simon-sinek-aplicado-a-tu-negocio\\\/\",\"url\":\"https:\\\/\\\/www.actionproject.es\\\/blog\\\/empieza-con-el-por-que-el-circulo-dorado-de-simon-sinek-aplicado-a-tu-negocio\\\/\",\"name\":\"Empieza con el por qu\u00e9: el C\u00edrculo Dorado de Simon Sinek aplicado a tu negocio - Action Project\",\"isPartOf\":{\"@id\":\"https:\\\/\\\/www.actionproject.es\\\/#website\"},\"primaryImageOfPage\":{\"@id\":\"https:\\\/\\\/www.actionproject.es\\\/blog\\\/empieza-con-el-por-que-el-circulo-dorado-de-simon-sinek-aplicado-a-tu-negocio\\\/#primaryimage\"},\"image\":{\"@id\":\"https:\\\/\\\/www.actionproject.es\\\/blog\\\/empieza-con-el-por-que-el-circulo-dorado-de-simon-sinek-aplicado-a-tu-negocio\\\/#primaryimage\"},\"thumbnailUrl\":\"https:\\\/\\\/www.actionproject.es\\\/wp-content\\\/uploads\\\/2025\\\/09\\\/nlkasjdlkfaj.jpg\",\"datePublished\":\"2025-09-30T12:27:02+00:00\",\"dateModified\":\"2025-10-07T15:30:59+00:00\",\"description\":\"Descubre c\u00f3mo el C\u00edrculo Dorado de Simon Sinek transforma tu liderazgo. Define tu porqu\u00e9, comunica con prop\u00f3sito y genera lealtad real en tu negocio.\",\"breadcrumb\":{\"@id\":\"https:\\\/\\\/www.actionproject.es\\\/blog\\\/empieza-con-el-por-que-el-circulo-dorado-de-simon-sinek-aplicado-a-tu-negocio\\\/#breadcrumb\"},\"inLanguage\":\"en-GB\",\"potentialAction\":[{\"@type\":\"ReadAction\",\"target\":[\"https:\\\/\\\/www.actionproject.es\\\/blog\\\/empieza-con-el-por-que-el-circulo-dorado-de-simon-sinek-aplicado-a-tu-negocio\\\/\"]}]},{\"@type\":\"ImageObject\",\"inLanguage\":\"en-GB\",\"@id\":\"https:\\\/\\\/www.actionproject.es\\\/blog\\\/empieza-con-el-por-que-el-circulo-dorado-de-simon-sinek-aplicado-a-tu-negocio\\\/#primaryimage\",\"url\":\"https:\\\/\\\/www.actionproject.es\\\/wp-content\\\/uploads\\\/2025\\\/09\\\/nlkasjdlkfaj.jpg\",\"contentUrl\":\"https:\\\/\\\/www.actionproject.es\\\/wp-content\\\/uploads\\\/2025\\\/09\\\/nlkasjdlkfaj.jpg\",\"width\":1920,\"height\":1080},{\"@type\":\"BreadcrumbList\",\"@id\":\"https:\\\/\\\/www.actionproject.es\\\/blog\\\/empieza-con-el-por-que-el-circulo-dorado-de-simon-sinek-aplicado-a-tu-negocio\\\/#breadcrumb\",\"itemListElement\":[{\"@type\":\"ListItem\",\"position\":1,\"name\":\"Portada\",\"item\":\"https:\\\/\\\/www.actionproject.es\\\/\"},{\"@type\":\"ListItem\",\"position\":2,\"name\":\"Empieza con el por qu\u00e9: el C\u00edrculo Dorado de Simon Sinek aplicado a tu negocio\"}]},{\"@type\":\"WebSite\",\"@id\":\"https:\\\/\\\/www.actionproject.es\\\/#website\",\"url\":\"https:\\\/\\\/www.actionproject.es\\\/\",\"name\":\"Action Project\",\"description\":\"\",\"publisher\":{\"@id\":\"https:\\\/\\\/www.actionproject.es\\\/#organization\"},\"potentialAction\":[{\"@type\":\"SearchAction\",\"target\":{\"@type\":\"EntryPoint\",\"urlTemplate\":\"https:\\\/\\\/www.actionproject.es\\\/?s={search_term_string}\"},\"query-input\":{\"@type\":\"PropertyValueSpecification\",\"valueRequired\":true,\"valueName\":\"search_term_string\"}}],\"inLanguage\":\"en-GB\"},{\"@type\":\"Organization\",\"@id\":\"https:\\\/\\\/www.actionproject.es\\\/#organization\",\"name\":\"Action Project\",\"url\":\"https:\\\/\\\/www.actionproject.es\\\/\",\"logo\":{\"@type\":\"ImageObject\",\"inLanguage\":\"en-GB\",\"@id\":\"https:\\\/\\\/www.actionproject.es\\\/#\\\/schema\\\/logo\\\/image\\\/\",\"url\":\"https:\\\/\\\/www.actionproject.es\\\/wp-content\\\/uploads\\\/2025\\\/02\\\/favicon-action.png\",\"contentUrl\":\"https:\\\/\\\/www.actionproject.es\\\/wp-content\\\/uploads\\\/2025\\\/02\\\/favicon-action.png\",\"width\":512,\"height\":512,\"caption\":\"Action Project\"},\"image\":{\"@id\":\"https:\\\/\\\/www.actionproject.es\\\/#\\\/schema\\\/logo\\\/image\\\/\"}},{\"@type\":\"Person\",\"@id\":\"https:\\\/\\\/www.actionproject.es\\\/#\\\/schema\\\/person\\\/4633f258256b38e12daba9bddcd55c3b\",\"name\":\"actionproject\",\"image\":{\"@type\":\"ImageObject\",\"inLanguage\":\"en-GB\",\"@id\":\"https:\\\/\\\/secure.gravatar.com\\\/avatar\\\/94aa39178cd729cb00da5a97f7f64038ff9312f3bfa8105035616ceff087f47c?s=96&d=mm&r=g\",\"url\":\"https:\\\/\\\/secure.gravatar.com\\\/avatar\\\/94aa39178cd729cb00da5a97f7f64038ff9312f3bfa8105035616ceff087f47c?s=96&d=mm&r=g\",\"contentUrl\":\"https:\\\/\\\/secure.gravatar.com\\\/avatar\\\/94aa39178cd729cb00da5a97f7f64038ff9312f3bfa8105035616ceff087f47c?s=96&d=mm&r=g\",\"caption\":\"actionproject\"},\"url\":\"https:\\\/\\\/www.actionproject.es\\\/en_gb\\\/blog\\\/author\\\/actionproject\\\/\"}]}<\/script>\n<!-- \/ Yoast SEO plugin. -->","yoast_head_json":{"title":"Empieza con el por qu\u00e9: el C\u00edrculo Dorado de Simon Sinek aplicado a tu negocio - Action Project","description":"Descubre c\u00f3mo el C\u00edrculo Dorado de Simon Sinek transforma tu liderazgo. Define tu porqu\u00e9, comunica con prop\u00f3sito y genera lealtad real en tu negocio.","robots":{"index":"index","follow":"follow","max-snippet":"max-snippet:-1","max-image-preview":"max-image-preview:large","max-video-preview":"max-video-preview:-1"},"canonical":"https:\/\/www.actionproject.es\/en_gb\/blog\/empieza-con-el-por-que-el-circulo-dorado-de-simon-sinek-aplicado-a-tu-negocio\/","og_locale":"en_GB","og_type":"article","og_title":"Empieza con el por qu\u00e9: el C\u00edrculo Dorado de Simon Sinek aplicado a tu negocio - Action Project","og_description":"Descubre c\u00f3mo el C\u00edrculo Dorado de Simon Sinek transforma tu liderazgo. Define tu porqu\u00e9, comunica con prop\u00f3sito y genera lealtad real en tu negocio.","og_url":"https:\/\/www.actionproject.es\/en_gb\/blog\/empieza-con-el-por-que-el-circulo-dorado-de-simon-sinek-aplicado-a-tu-negocio\/","og_site_name":"Action Project","article_published_time":"2025-09-30T12:27:02+00:00","article_modified_time":"2025-10-07T15:30:59+00:00","og_image":[{"width":1920,"height":1080,"url":"https:\/\/www.actionproject.es\/wp-content\/uploads\/2025\/09\/nlkasjdlkfaj.jpg","type":"image\/jpeg"}],"author":"actionproject","twitter_card":"summary_large_image","twitter_misc":{"Written by":"actionproject","Estimated reading time":"4 minutes"},"schema":{"@context":"https:\/\/schema.org","@graph":[{"@type":"Article","@id":"https:\/\/www.actionproject.es\/blog\/empieza-con-el-por-que-el-circulo-dorado-de-simon-sinek-aplicado-a-tu-negocio\/#article","isPartOf":{"@id":"https:\/\/www.actionproject.es\/blog\/empieza-con-el-por-que-el-circulo-dorado-de-simon-sinek-aplicado-a-tu-negocio\/"},"author":{"name":"actionproject","@id":"https:\/\/www.actionproject.es\/#\/schema\/person\/4633f258256b38e12daba9bddcd55c3b"},"headline":"Empieza con el por qu\u00e9: el C\u00edrculo Dorado de Simon Sinek aplicado a tu negocio","datePublished":"2025-09-30T12:27:02+00:00","dateModified":"2025-10-07T15:30:59+00:00","mainEntityOfPage":{"@id":"https:\/\/www.actionproject.es\/blog\/empieza-con-el-por-que-el-circulo-dorado-de-simon-sinek-aplicado-a-tu-negocio\/"},"wordCount":772,"commentCount":0,"publisher":{"@id":"https:\/\/www.actionproject.es\/#organization"},"image":{"@id":"https:\/\/www.actionproject.es\/blog\/empieza-con-el-por-que-el-circulo-dorado-de-simon-sinek-aplicado-a-tu-negocio\/#primaryimage"},"thumbnailUrl":"https:\/\/www.actionproject.es\/wp-content\/uploads\/2025\/09\/nlkasjdlkfaj.jpg","keywords":["C\u00edrculo Dorado","comunicaci\u00f3n efectiva","cultura organizativa","diferenciaci\u00f3n de marca","engagement","estrategia de negocio","gesti\u00f3n empresarial","lealtad de clientes","liderazgo inspirador","porqu\u00e9","prop\u00f3sito empresarial","Pymes","Simon Sinek","valores empresariales","visi\u00f3n empresarial"],"articleSection":["Estrategia empresarial"],"inLanguage":"en-GB","potentialAction":[{"@type":"CommentAction","name":"Comment","target":["https:\/\/www.actionproject.es\/blog\/empieza-con-el-por-que-el-circulo-dorado-de-simon-sinek-aplicado-a-tu-negocio\/#respond"]}]},{"@type":"WebPage","@id":"https:\/\/www.actionproject.es\/blog\/empieza-con-el-por-que-el-circulo-dorado-de-simon-sinek-aplicado-a-tu-negocio\/","url":"https:\/\/www.actionproject.es\/blog\/empieza-con-el-por-que-el-circulo-dorado-de-simon-sinek-aplicado-a-tu-negocio\/","name":"Empieza con el por qu\u00e9: el C\u00edrculo Dorado de Simon Sinek aplicado a tu negocio - Action Project","isPartOf":{"@id":"https:\/\/www.actionproject.es\/#website"},"primaryImageOfPage":{"@id":"https:\/\/www.actionproject.es\/blog\/empieza-con-el-por-que-el-circulo-dorado-de-simon-sinek-aplicado-a-tu-negocio\/#primaryimage"},"image":{"@id":"https:\/\/www.actionproject.es\/blog\/empieza-con-el-por-que-el-circulo-dorado-de-simon-sinek-aplicado-a-tu-negocio\/#primaryimage"},"thumbnailUrl":"https:\/\/www.actionproject.es\/wp-content\/uploads\/2025\/09\/nlkasjdlkfaj.jpg","datePublished":"2025-09-30T12:27:02+00:00","dateModified":"2025-10-07T15:30:59+00:00","description":"Descubre c\u00f3mo el C\u00edrculo Dorado de Simon Sinek transforma tu liderazgo. Define tu porqu\u00e9, comunica con prop\u00f3sito y genera lealtad real en tu negocio.","breadcrumb":{"@id":"https:\/\/www.actionproject.es\/blog\/empieza-con-el-por-que-el-circulo-dorado-de-simon-sinek-aplicado-a-tu-negocio\/#breadcrumb"},"inLanguage":"en-GB","potentialAction":[{"@type":"ReadAction","target":["https:\/\/www.actionproject.es\/blog\/empieza-con-el-por-que-el-circulo-dorado-de-simon-sinek-aplicado-a-tu-negocio\/"]}]},{"@type":"ImageObject","inLanguage":"en-GB","@id":"https:\/\/www.actionproject.es\/blog\/empieza-con-el-por-que-el-circulo-dorado-de-simon-sinek-aplicado-a-tu-negocio\/#primaryimage","url":"https:\/\/www.actionproject.es\/wp-content\/uploads\/2025\/09\/nlkasjdlkfaj.jpg","contentUrl":"https:\/\/www.actionproject.es\/wp-content\/uploads\/2025\/09\/nlkasjdlkfaj.jpg","width":1920,"height":1080},{"@type":"BreadcrumbList","@id":"https:\/\/www.actionproject.es\/blog\/empieza-con-el-por-que-el-circulo-dorado-de-simon-sinek-aplicado-a-tu-negocio\/#breadcrumb","itemListElement":[{"@type":"ListItem","position":1,"name":"Portada","item":"https:\/\/www.actionproject.es\/"},{"@type":"ListItem","position":2,"name":"Empieza con el por qu\u00e9: el C\u00edrculo Dorado de Simon Sinek aplicado a tu negocio"}]},{"@type":"WebSite","@id":"https:\/\/www.actionproject.es\/#website","url":"https:\/\/www.actionproject.es\/","name":"Action Project","description":"","publisher":{"@id":"https:\/\/www.actionproject.es\/#organization"},"potentialAction":[{"@type":"SearchAction","target":{"@type":"EntryPoint","urlTemplate":"https:\/\/www.actionproject.es\/?s={search_term_string}"},"query-input":{"@type":"PropertyValueSpecification","valueRequired":true,"valueName":"search_term_string"}}],"inLanguage":"en-GB"},{"@type":"Organization","@id":"https:\/\/www.actionproject.es\/#organization","name":"Action Project","url":"https:\/\/www.actionproject.es\/","logo":{"@type":"ImageObject","inLanguage":"en-GB","@id":"https:\/\/www.actionproject.es\/#\/schema\/logo\/image\/","url":"https:\/\/www.actionproject.es\/wp-content\/uploads\/2025\/02\/favicon-action.png","contentUrl":"https:\/\/www.actionproject.es\/wp-content\/uploads\/2025\/02\/favicon-action.png","width":512,"height":512,"caption":"Action Project"},"image":{"@id":"https:\/\/www.actionproject.es\/#\/schema\/logo\/image\/"}},{"@type":"Person","@id":"https:\/\/www.actionproject.es\/#\/schema\/person\/4633f258256b38e12daba9bddcd55c3b","name":"actionproject","image":{"@type":"ImageObject","inLanguage":"en-GB","@id":"https:\/\/secure.gravatar.com\/avatar\/94aa39178cd729cb00da5a97f7f64038ff9312f3bfa8105035616ceff087f47c?s=96&d=mm&r=g","url":"https:\/\/secure.gravatar.com\/avatar\/94aa39178cd729cb00da5a97f7f64038ff9312f3bfa8105035616ceff087f47c?s=96&d=mm&r=g","contentUrl":"https:\/\/secure.gravatar.com\/avatar\/94aa39178cd729cb00da5a97f7f64038ff9312f3bfa8105035616ceff087f47c?s=96&d=mm&r=g","caption":"actionproject"},"url":"https:\/\/www.actionproject.es\/en_gb\/blog\/author\/actionproject\/"}]}},"_links":{"self":[{"href":"https:\/\/www.actionproject.es\/en_gb\/wp-json\/wp\/v2\/posts\/1988","targetHints":{"allow":["GET"]}}],"collection":[{"href":"https:\/\/www.actionproject.es\/en_gb\/wp-json\/wp\/v2\/posts"}],"about":[{"href":"https:\/\/www.actionproject.es\/en_gb\/wp-json\/wp\/v2\/types\/post"}],"author":[{"embeddable":true,"href":"https:\/\/www.actionproject.es\/en_gb\/wp-json\/wp\/v2\/users\/3"}],"replies":[{"embeddable":true,"href":"https:\/\/www.actionproject.es\/en_gb\/wp-json\/wp\/v2\/comments?post=1988"}],"version-history":[{"count":5,"href":"https:\/\/www.actionproject.es\/en_gb\/wp-json\/wp\/v2\/posts\/1988\/revisions"}],"predecessor-version":[{"id":1997,"href":"https:\/\/www.actionproject.es\/en_gb\/wp-json\/wp\/v2\/posts\/1988\/revisions\/1997"}],"wp:featuredmedia":[{"embeddable":true,"href":"https:\/\/www.actionproject.es\/en_gb\/wp-json\/wp\/v2\/media\/2007"}],"wp:attachment":[{"href":"https:\/\/www.actionproject.es\/en_gb\/wp-json\/wp\/v2\/media?parent=1988"}],"wp:term":[{"taxonomy":"category","embeddable":true,"href":"https:\/\/www.actionproject.es\/en_gb\/wp-json\/wp\/v2\/categories?post=1988"},{"taxonomy":"post_tag","embeddable":true,"href":"https:\/\/www.actionproject.es\/en_gb\/wp-json\/wp\/v2\/tags?post=1988"}],"curies":[{"name":"wp","href":"https:\/\/api.w.org\/{rel}","templated":true}]}}