{"id":2189,"date":"2025-12-02T14:17:44","date_gmt":"2025-12-02T13:17:44","guid":{"rendered":"https:\/\/www.actionproject.es\/?p=2189"},"modified":"2025-12-17T23:17:46","modified_gmt":"2025-12-17T22:17:46","slug":"siete-anos-construyendo-empresas-mas-solidas-el-camino-de-actionproject","status":"publish","type":"post","link":"https:\/\/www.actionproject.es\/en_gb\/blog\/siete-anos-construyendo-empresas-mas-solidas-el-camino-de-actionproject\/","title":{"rendered":"ActionProject, Consultor\u00eda de empresas en Sevilla: Lo que aprendimos tras 7 a\u00f1os impulsando PYMEs"},"content":{"rendered":"<p><span style=\"font-weight: 400;\">\u00bfCu\u00e1ntas promesas de transformaci\u00f3n acaban siendo un entregable en PowerPoints?La diferencia entre el diagn\u00f3stico y la ejecuci\u00f3n real marca la frontera entre avanzar o seguir atascado en los mismos problemas de siempre.<\/span><\/p>\n<p><span style=\"font-weight: 400;\">Desde 2018, en ActionProject hemos trabajado codo a codo con pymes y startups que necesitaban m\u00e1s que consejos: quer\u00edan resultados tangibles y metodolog\u00edas que funcionaran en su realidad diaria.<\/span><\/p>\n<h2><b>Por qu\u00e9 la <a href=\"https:\/\/www.actionproject.es\/en_gb\/blog\/el-interim-manager-una-solucion-adaptada-a-la-pyme\/\">gesti\u00f3n pyme<\/a> no se parece a la gran empresa<\/b><\/h2>\n<p><span style=\"font-weight: 400;\">Desde nuestros inicios, sab\u00edamos que la consultor\u00eda tipo multinacional no era adecuada para empresas como la tuya. Por eso, cogimos lo que funciona en entornos complejos y lo adaptamos a equipos peque\u00f1os, con recursos limitados y decisiones r\u00e1pidas.<\/span><\/p>\n<p><span style=\"font-weight: 400;\">Las diferencias son claras:<\/span><\/p>\n<ul>\n<li style=\"font-weight: 400;\" aria-level=\"1\"><a href=\"https:\/\/www.actionproject.es\/en_gb\/blog\/evitar-descontrol-financiero-pymes\/\"><b>Recursos ajustados<\/b><\/a><span style=\"font-weight: 400;\">: cada euro cuenta, cada hora tambi\u00e9n.<\/span><\/li>\n<li style=\"font-weight: 400;\" aria-level=\"1\"><b>Velocidad de ejecuci\u00f3n<\/b><span style=\"font-weight: 400;\">: no hay meses para pilotar; hay que implementar y corregir sobre la marcha.<\/span><\/li>\n<li style=\"font-weight: 400;\" aria-level=\"1\"><b>Cercan\u00eda directiva<\/b><span style=\"font-weight: 400;\">: el CEO est\u00e1 en operaciones, ventas y estrategia al mismo tiempo.<\/span><\/li>\n<\/ul>\n<p><span style=\"font-weight: 400;\">Tu empresa no necesita complejidad a\u00f1adida. Necesita claridad, estructura y herramientas que se integren sin fricciones.<\/span><\/p>\n<h2><b>Lo que hemos aprendido acompa\u00f1ando a directivos<\/b><\/h2>\n<p><span style=\"font-weight: 400;\">En estos siete a\u00f1os, confirmamos que la <a href=\"https:\/\/www.actionproject.es\/en_gb\/blog\/por-que-profesionalizar-la-empresa-familiar\/\">profesionalizaci\u00f3n empresarial<\/a> no es un lujo, es supervivencia. Y que avanzar sin m\u00e9todo genera m\u00e1s desgaste que resultados.<\/span><\/p>\n<p><b>Patrones comunes en pymes que crecen:<\/b><\/p>\n<ol>\n<li style=\"font-weight: 400;\" aria-level=\"1\"><span style=\"font-weight: 400;\"><a href=\"https:\/\/www.actionproject.es\/en_gb\/blog\/gano-verdad-dinero-empresa-negocio\/\">Control de m\u00e1rgenes<\/a> desde el d\u00eda uno.<\/span><\/li>\n<li style=\"font-weight: 400;\" aria-level=\"1\"><a href=\"https:\/\/www.actionproject.es\/en_gb\/blog\/herramientas-analisis-para-mejora-empresarial\/\"><span style=\"font-weight: 400;\">Cuadros de mando sencillos pero rigurosos.<\/span><\/a><\/li>\n<li style=\"font-weight: 400;\" aria-level=\"1\"><span style=\"font-weight: 400;\"><a href=\"https:\/\/www.actionproject.es\/en_gb\/blog\/ventajas-direccion-por-objetivos\/\">Direcci\u00f3n por objetivos compartida<\/a> con todo el equipo.<\/span><\/li>\n<li style=\"font-weight: 400;\" aria-level=\"1\"><span style=\"font-weight: 400;\"><a href=\"https:\/\/www.actionproject.es\/en_gb\/blog\/flujo-de-trabajo\/\">Procedimientos documentados<\/a> que no ralentizan, sino que ordenan.<\/span><\/li>\n<\/ol>\n<p><span style=\"font-weight: 400;\">Cuando estructuras bien, ganas tiempo y reduces dependencias cr\u00edticas. Cuando <a href=\"https:\/\/www.actionproject.es\/en_gb\/blog\/enseno-2020-ley-murphy-empresas\/\">improvisas continuamente,<\/a> acabas apagando <\/span><span style=\"font-weight: 400;\">fuegos en bucle.<\/span><\/p>\n<h2><b>Nuestro m\u00e9todo: pragmatismo sobre teor\u00eda<\/b><\/h2>\n<p><span style=\"font-weight: 400;\">No vendemos auditor\u00edas interminables. Trabajamos contigo para que tu empresa funcione mejor desde la primera semana.<\/span><\/p>\n<p><span style=\"font-weight: 400;\">As\u00ed lo hacemos:<\/span><\/p>\n<ul>\n<li style=\"font-weight: 400;\" aria-level=\"1\"><b>An\u00e1lisis riguroso<\/b><span style=\"font-weight: 400;\"> que convierte complejidad en decisiones viables.<\/span><\/li>\n<li style=\"font-weight: 400;\" aria-level=\"1\"><b>Acompa\u00f1amiento directivo independiente<\/b><span style=\"font-weight: 400;\">: objetividad y respaldo sin conflictos de inter\u00e9s.<\/span><\/li>\n<li style=\"font-weight: 400;\" aria-level=\"1\"><b>Implementaci\u00f3n progresiva<\/b><span style=\"font-weight: 400;\">: empezamos por lo urgente, construimos sobre resultados.<\/span><\/li>\n<li style=\"font-weight: 400;\" aria-level=\"1\"><b>Seguimiento continuo<\/b><span style=\"font-weight: 400;\">: no desaparecemos tras el informe; medimos contigo el avance real.<\/span><\/li>\n<\/ul>\n<p><span style=\"font-weight: 400;\">The <a href=\"https:\/\/www.actionproject.es\/en_gb\/blog\/necesito-consultoria-estrategica-empresarial\/\">consultor\u00eda estrat\u00e9gica efectiva<\/a> no impresiona con jerga. Resuelve problemas concretos con soluciones que puedes ejecutar.<\/span><\/p>\n<h2>\u00a0<\/h2>\n<h2><b>Las herramientas que marcan diferencia<\/b><\/h2>\n<p><span style=\"font-weight: 400;\">Desarrollamos <\/span><b>ionProject<\/b><span style=\"font-weight: 400;\"> y nuestra plataforma cloud. Necesitas trazabilidad, productividad y visibilidad centralizada sin complejidad t\u00e9cnica.<\/span><\/p>\n<p><span style=\"font-weight: 400;\">Qu\u00e9 aporta ionProject:<\/span><\/p>\n<ul>\n<li style=\"font-weight: 400;\" aria-level=\"1\"><span style=\"font-weight: 400;\"><a href=\"https:\/\/www.actionproject.es\/en_gb\/blog\/gestion-de-proyectos-mejorar-resultados-empresariales\/\">Gesti\u00f3n de proyectos y tareas<\/a> en tiempo real.<\/span><\/li>\n<li style=\"font-weight: 400;\" aria-level=\"1\"><span style=\"font-weight: 400;\">Cuadros de mando personalizados seg\u00fan tu modelo de negocio.<\/span><\/li>\n<li style=\"font-weight: 400;\" aria-level=\"1\"><span style=\"font-weight: 400;\">Procedimientos documentados accesibles para todo el equipo.<\/span><\/li>\n<li style=\"font-weight: 400;\" aria-level=\"1\"><span style=\"font-weight: 400;\"><a href=\"https:\/\/www.actionproject.es\/en_gb\/blog\/que-son-los-kpi-de-una-empresa\/\">Seguimiento de KPIs cr\u00edticos<\/a> sin perder horas en consolidar datos.<\/span><\/li>\n<\/ul>\n<p><span style=\"font-weight: 400;\">Tecnolog\u00eda que simplifica, no que complica. Esa es la clave.<\/span><\/p>\n<h2><b>Casos reales, resultados medibles<\/b><\/h2>\n<p><span style=\"font-weight: 400;\">Nuestros clientes hoy gestionan mejor sus recursos, controlan m\u00e1rgenes con precisi\u00f3n y lideran con mayor seguridad. No son frases; son hechos verificables en sus cuentas de resultados y en c\u00f3mo operan sus equipos.<\/span><\/p>\n<p><span style=\"font-weight: 400;\">Algunas mejoras recurrentes tras trabajar con nosotros:<\/span><\/p>\n<ul>\n<li style=\"font-weight: 400;\" aria-level=\"1\"><span style=\"font-weight: 400;\">Reducci\u00f3n de improvisaci\u00f3n operativa.<\/span><\/li>\n<li style=\"font-weight: 400;\" aria-level=\"1\"><span style=\"font-weight: 400;\">Mayor previsibilidad en proyectos y entregas.<\/span><\/li>\n<li style=\"font-weight: 400;\" aria-level=\"1\"><span style=\"font-weight: 400;\">Equipos alineados con objetivos claros y medibles.<\/span><\/li>\n<li style=\"font-weight: 400;\" aria-level=\"1\"><span style=\"font-weight: 400;\"><a href=\"https:\/\/www.actionproject.es\/en_gb\/blog\/claves-hacer-crecer-negocio-plan-crecimiento\/\">Crecimiento sostenible<\/a> sin quemar al directivo en el proceso.<\/span><\/li>\n<\/ul>\n<p><span style=\"font-weight: 400;\">El \u00e9xito de una pyme no se mide solo en facturaci\u00f3n. Se mide en estabilidad, capacidad de escalar y tranquilidad directiva.<\/span><\/p>\n<h2>\u00a0<\/h2>\n<h2><b>The <a href=\"https:\/\/www.actionproject.es\/en_gb\/blog\/inteligencia-emocional-1\/\">factor humano<\/a>: compromiso m\u00e1s all\u00e1 del contrato<\/b><\/h2>\n<p><span style=\"font-weight: 400;\">La diferencia no est\u00e1 solo en metodolog\u00edas o herramientas. Est\u00e1 en trabajar contigo como un socio comprometido con tu <a href=\"https:\/\/www.actionproject.es\/en_gb\/blog\/vision-empresarial-palanca-liderazgo-directivo\/\">visi\u00f3n<\/a>.<\/span><\/p>\n<p><span style=\"font-weight: 400;\">Creemos que cada empresario merece claridad sobre su situaci\u00f3n, opciones reales para avanzar y alguien que entienda la presi\u00f3n de decidir con informaci\u00f3n incompleta. Por eso no nos limitamos a analizar: acompa\u00f1amos, ejecutamos y asumimos responsabilidad compartida en los resultados.<\/span><\/p>\n<p><span style=\"font-weight: 400;\">Siete a\u00f1os despu\u00e9s, seguimos con la misma convicci\u00f3n: hacer del progreso de nuestros clientes nuestro mayor \u00e9xito.<\/span><\/p>\n<p><a href=\"https:\/\/www.actionproject.es\/en_gb\/contacto\/\"><b>\u00bfTu pyme necesita estructura, claridad y crecimiento sostenible?<\/b><\/a><span style=\"font-weight: 400;\"> En ActionProject transformamos la gesti\u00f3n empresarial de pymes con consultor\u00eda estrat\u00e9gica pragm\u00e1tica y resultados medibles.<\/span><\/p>\n\n\n<p><\/p>","protected":false},"excerpt":{"rendered":"<p>\u00bfCu\u00e1ntas promesas de transformaci\u00f3n acaban siendo un entregable en PowerPoints?La diferencia entre el diagn\u00f3stico y la ejecuci\u00f3n real marca la frontera entre avanzar o seguir atascado en los mismos problemas de siempre. Desde 2018, en ActionProject hemos trabajado codo a codo con pymes y startups que necesitaban m\u00e1s que consejos: quer\u00edan resultados tangibles y metodolog\u00edas [&hellip;]<\/p>\n","protected":false},"author":3,"featured_media":2190,"comment_status":"open","ping_status":"open","sticky":true,"template":"","format":"standard","meta":{"_acf_changed":false,"_joinchat":[],"footnotes":""},"categories":[10],"tags":[314,43,312,202,171,78,172,313,20,64,310,311,315],"class_list":["post-2189","post","type-post","status-publish","format-standard","has-post-thumbnail","hentry","category-estrategia-empresarial","tag-acompanamiento-directivo","tag-consultoria-estrategica","tag-crecimiento-sostenible","tag-direccion-por-objetivos","tag-gestion-de-proyectos","tag-gestion-empresarial","tag-ionproject","tag-kpi","tag-liderazgo","tag-productividad","tag-profesionalizacion","tag-pyme","tag-resultados"],"acf":[],"aioseo_notices":[],"yoast_head":"<!-- This site is optimized with the Yoast SEO plugin v27.3 - https:\/\/yoast.com\/product\/yoast-seo-wordpress\/ -->\n<title>ActionProject, Consultor\u00eda de empresas en Sevilla: Lo que aprendimos tras 7 a\u00f1os impulsando PYMEs - Action Project<\/title>\n<meta name=\"description\" content=\"Desde 2018, en ActionProject transformamos la gesti\u00f3n de tu PYME. Obt\u00e9n consultor\u00eda estrat\u00e9gica con ejecuci\u00f3n real, resultados medibles y herramientas como ionProject.\" \/>\n<meta name=\"robots\" content=\"index, follow, max-snippet:-1, max-image-preview:large, max-video-preview:-1\" \/>\n<link rel=\"canonical\" href=\"https:\/\/www.actionproject.es\/en_gb\/blog\/siete-anos-construyendo-empresas-mas-solidas-el-camino-de-actionproject\/\" \/>\n<meta property=\"og:locale\" content=\"en_GB\" \/>\n<meta property=\"og:type\" content=\"article\" \/>\n<meta property=\"og:title\" content=\"ActionProject, Consultor\u00eda de empresas en Sevilla: Lo que aprendimos tras 7 a\u00f1os impulsando PYMEs - Action Project\" \/>\n<meta property=\"og:description\" content=\"Desde 2018, en ActionProject transformamos la gesti\u00f3n de tu PYME. Obt\u00e9n consultor\u00eda estrat\u00e9gica con ejecuci\u00f3n real, resultados medibles y herramientas como ionProject.\" \/>\n<meta property=\"og:url\" content=\"https:\/\/www.actionproject.es\/en_gb\/blog\/siete-anos-construyendo-empresas-mas-solidas-el-camino-de-actionproject\/\" \/>\n<meta property=\"og:site_name\" content=\"Action Project\" \/>\n<meta property=\"article:published_time\" content=\"2025-12-02T13:17:44+00:00\" \/>\n<meta property=\"article:modified_time\" content=\"2025-12-17T22:17:46+00:00\" \/>\n<meta property=\"og:image\" content=\"https:\/\/www.actionproject.es\/wp-content\/uploads\/2025\/12\/Siete-anos-construyendo-empresas.png\" \/>\n\t<meta property=\"og:image:width\" content=\"1920\" \/>\n\t<meta property=\"og:image:height\" content=\"1080\" \/>\n\t<meta property=\"og:image:type\" content=\"image\/png\" \/>\n<meta name=\"author\" content=\"actionproject\" \/>\n<meta name=\"twitter:card\" content=\"summary_large_image\" \/>\n<meta name=\"twitter:label1\" content=\"Written by\" \/>\n\t<meta name=\"twitter:data1\" content=\"actionproject\" \/>\n\t<meta name=\"twitter:label2\" content=\"Estimated reading time\" \/>\n\t<meta name=\"twitter:data2\" content=\"3 minutes\" \/>\n<script type=\"application\/ld+json\" class=\"yoast-schema-graph\">{\"@context\":\"https:\\\/\\\/schema.org\",\"@graph\":[{\"@type\":\"Article\",\"@id\":\"https:\\\/\\\/www.actionproject.es\\\/blog\\\/siete-anos-construyendo-empresas-mas-solidas-el-camino-de-actionproject\\\/#article\",\"isPartOf\":{\"@id\":\"https:\\\/\\\/www.actionproject.es\\\/blog\\\/siete-anos-construyendo-empresas-mas-solidas-el-camino-de-actionproject\\\/\"},\"author\":{\"name\":\"actionproject\",\"@id\":\"https:\\\/\\\/www.actionproject.es\\\/#\\\/schema\\\/person\\\/4633f258256b38e12daba9bddcd55c3b\"},\"headline\":\"ActionProject, Consultor\u00eda de empresas en Sevilla: Lo que aprendimos tras 7 a\u00f1os impulsando PYMEs\",\"datePublished\":\"2025-12-02T13:17:44+00:00\",\"dateModified\":\"2025-12-17T22:17:46+00:00\",\"mainEntityOfPage\":{\"@id\":\"https:\\\/\\\/www.actionproject.es\\\/blog\\\/siete-anos-construyendo-empresas-mas-solidas-el-camino-de-actionproject\\\/\"},\"wordCount\":671,\"commentCount\":0,\"publisher\":{\"@id\":\"https:\\\/\\\/www.actionproject.es\\\/#organization\"},\"image\":{\"@id\":\"https:\\\/\\\/www.actionproject.es\\\/blog\\\/siete-anos-construyendo-empresas-mas-solidas-el-camino-de-actionproject\\\/#primaryimage\"},\"thumbnailUrl\":\"https:\\\/\\\/www.actionproject.es\\\/wp-content\\\/uploads\\\/2025\\\/12\\\/Siete-anos-construyendo-empresas.png\",\"keywords\":[\"Acompa\u00f1amiento directivo\",\"consultor\u00eda estrat\u00e9gica\",\"Crecimiento sostenible\",\"direcci\u00f3n por objetivos\",\"gesti\u00f3n de proyectos\",\"gesti\u00f3n empresarial\",\"ionProject\",\"KPI\",\"Liderazgo\",\"productividad\",\"Profesionalizaci\u00f3n\",\"PYME\",\"Resultados\"],\"articleSection\":[\"Estrategia empresarial\"],\"inLanguage\":\"en-GB\",\"potentialAction\":[{\"@type\":\"CommentAction\",\"name\":\"Comment\",\"target\":[\"https:\\\/\\\/www.actionproject.es\\\/blog\\\/siete-anos-construyendo-empresas-mas-solidas-el-camino-de-actionproject\\\/#respond\"]}]},{\"@type\":\"WebPage\",\"@id\":\"https:\\\/\\\/www.actionproject.es\\\/blog\\\/siete-anos-construyendo-empresas-mas-solidas-el-camino-de-actionproject\\\/\",\"url\":\"https:\\\/\\\/www.actionproject.es\\\/blog\\\/siete-anos-construyendo-empresas-mas-solidas-el-camino-de-actionproject\\\/\",\"name\":\"ActionProject, Consultor\u00eda de empresas en Sevilla: Lo que aprendimos tras 7 a\u00f1os impulsando PYMEs - Action Project\",\"isPartOf\":{\"@id\":\"https:\\\/\\\/www.actionproject.es\\\/#website\"},\"primaryImageOfPage\":{\"@id\":\"https:\\\/\\\/www.actionproject.es\\\/blog\\\/siete-anos-construyendo-empresas-mas-solidas-el-camino-de-actionproject\\\/#primaryimage\"},\"image\":{\"@id\":\"https:\\\/\\\/www.actionproject.es\\\/blog\\\/siete-anos-construyendo-empresas-mas-solidas-el-camino-de-actionproject\\\/#primaryimage\"},\"thumbnailUrl\":\"https:\\\/\\\/www.actionproject.es\\\/wp-content\\\/uploads\\\/2025\\\/12\\\/Siete-anos-construyendo-empresas.png\",\"datePublished\":\"2025-12-02T13:17:44+00:00\",\"dateModified\":\"2025-12-17T22:17:46+00:00\",\"description\":\"Desde 2018, en ActionProject transformamos la gesti\u00f3n de tu PYME. Obt\u00e9n consultor\u00eda estrat\u00e9gica con ejecuci\u00f3n real, resultados medibles y herramientas como ionProject.\",\"breadcrumb\":{\"@id\":\"https:\\\/\\\/www.actionproject.es\\\/blog\\\/siete-anos-construyendo-empresas-mas-solidas-el-camino-de-actionproject\\\/#breadcrumb\"},\"inLanguage\":\"en-GB\",\"potentialAction\":[{\"@type\":\"ReadAction\",\"target\":[\"https:\\\/\\\/www.actionproject.es\\\/blog\\\/siete-anos-construyendo-empresas-mas-solidas-el-camino-de-actionproject\\\/\"]}]},{\"@type\":\"ImageObject\",\"inLanguage\":\"en-GB\",\"@id\":\"https:\\\/\\\/www.actionproject.es\\\/blog\\\/siete-anos-construyendo-empresas-mas-solidas-el-camino-de-actionproject\\\/#primaryimage\",\"url\":\"https:\\\/\\\/www.actionproject.es\\\/wp-content\\\/uploads\\\/2025\\\/12\\\/Siete-anos-construyendo-empresas.png\",\"contentUrl\":\"https:\\\/\\\/www.actionproject.es\\\/wp-content\\\/uploads\\\/2025\\\/12\\\/Siete-anos-construyendo-empresas.png\",\"width\":1920,\"height\":1080},{\"@type\":\"BreadcrumbList\",\"@id\":\"https:\\\/\\\/www.actionproject.es\\\/blog\\\/siete-anos-construyendo-empresas-mas-solidas-el-camino-de-actionproject\\\/#breadcrumb\",\"itemListElement\":[{\"@type\":\"ListItem\",\"position\":1,\"name\":\"Portada\",\"item\":\"https:\\\/\\\/www.actionproject.es\\\/\"},{\"@type\":\"ListItem\",\"position\":2,\"name\":\"ActionProject, Consultor\u00eda de empresas en Sevilla: Lo que aprendimos tras 7 a\u00f1os impulsando PYMEs\"}]},{\"@type\":\"WebSite\",\"@id\":\"https:\\\/\\\/www.actionproject.es\\\/#website\",\"url\":\"https:\\\/\\\/www.actionproject.es\\\/\",\"name\":\"Action Project\",\"description\":\"\",\"publisher\":{\"@id\":\"https:\\\/\\\/www.actionproject.es\\\/#organization\"},\"potentialAction\":[{\"@type\":\"SearchAction\",\"target\":{\"@type\":\"EntryPoint\",\"urlTemplate\":\"https:\\\/\\\/www.actionproject.es\\\/?s={search_term_string}\"},\"query-input\":{\"@type\":\"PropertyValueSpecification\",\"valueRequired\":true,\"valueName\":\"search_term_string\"}}],\"inLanguage\":\"en-GB\"},{\"@type\":\"Organization\",\"@id\":\"https:\\\/\\\/www.actionproject.es\\\/#organization\",\"name\":\"Action Project\",\"url\":\"https:\\\/\\\/www.actionproject.es\\\/\",\"logo\":{\"@type\":\"ImageObject\",\"inLanguage\":\"en-GB\",\"@id\":\"https:\\\/\\\/www.actionproject.es\\\/#\\\/schema\\\/logo\\\/image\\\/\",\"url\":\"https:\\\/\\\/www.actionproject.es\\\/wp-content\\\/uploads\\\/2025\\\/02\\\/favicon-action.png\",\"contentUrl\":\"https:\\\/\\\/www.actionproject.es\\\/wp-content\\\/uploads\\\/2025\\\/02\\\/favicon-action.png\",\"width\":512,\"height\":512,\"caption\":\"Action Project\"},\"image\":{\"@id\":\"https:\\\/\\\/www.actionproject.es\\\/#\\\/schema\\\/logo\\\/image\\\/\"}},{\"@type\":\"Person\",\"@id\":\"https:\\\/\\\/www.actionproject.es\\\/#\\\/schema\\\/person\\\/4633f258256b38e12daba9bddcd55c3b\",\"name\":\"actionproject\",\"image\":{\"@type\":\"ImageObject\",\"inLanguage\":\"en-GB\",\"@id\":\"https:\\\/\\\/secure.gravatar.com\\\/avatar\\\/94aa39178cd729cb00da5a97f7f64038ff9312f3bfa8105035616ceff087f47c?s=96&d=mm&r=g\",\"url\":\"https:\\\/\\\/secure.gravatar.com\\\/avatar\\\/94aa39178cd729cb00da5a97f7f64038ff9312f3bfa8105035616ceff087f47c?s=96&d=mm&r=g\",\"contentUrl\":\"https:\\\/\\\/secure.gravatar.com\\\/avatar\\\/94aa39178cd729cb00da5a97f7f64038ff9312f3bfa8105035616ceff087f47c?s=96&d=mm&r=g\",\"caption\":\"actionproject\"},\"url\":\"https:\\\/\\\/www.actionproject.es\\\/en_gb\\\/blog\\\/author\\\/actionproject\\\/\"}]}<\/script>\n<!-- \/ Yoast SEO plugin. -->","yoast_head_json":{"title":"ActionProject, Consultor\u00eda de empresas en Sevilla: Lo que aprendimos tras 7 a\u00f1os impulsando PYMEs - Action Project","description":"Desde 2018, en ActionProject transformamos la gesti\u00f3n de tu PYME. Obt\u00e9n consultor\u00eda estrat\u00e9gica con ejecuci\u00f3n real, resultados medibles y herramientas como ionProject.","robots":{"index":"index","follow":"follow","max-snippet":"max-snippet:-1","max-image-preview":"max-image-preview:large","max-video-preview":"max-video-preview:-1"},"canonical":"https:\/\/www.actionproject.es\/en_gb\/blog\/siete-anos-construyendo-empresas-mas-solidas-el-camino-de-actionproject\/","og_locale":"en_GB","og_type":"article","og_title":"ActionProject, Consultor\u00eda de empresas en Sevilla: Lo que aprendimos tras 7 a\u00f1os impulsando PYMEs - Action Project","og_description":"Desde 2018, en ActionProject transformamos la gesti\u00f3n de tu PYME. Obt\u00e9n consultor\u00eda estrat\u00e9gica con ejecuci\u00f3n real, resultados medibles y herramientas como ionProject.","og_url":"https:\/\/www.actionproject.es\/en_gb\/blog\/siete-anos-construyendo-empresas-mas-solidas-el-camino-de-actionproject\/","og_site_name":"Action Project","article_published_time":"2025-12-02T13:17:44+00:00","article_modified_time":"2025-12-17T22:17:46+00:00","og_image":[{"width":1920,"height":1080,"url":"https:\/\/www.actionproject.es\/wp-content\/uploads\/2025\/12\/Siete-anos-construyendo-empresas.png","type":"image\/png"}],"author":"actionproject","twitter_card":"summary_large_image","twitter_misc":{"Written by":"actionproject","Estimated reading time":"3 minutes"},"schema":{"@context":"https:\/\/schema.org","@graph":[{"@type":"Article","@id":"https:\/\/www.actionproject.es\/blog\/siete-anos-construyendo-empresas-mas-solidas-el-camino-de-actionproject\/#article","isPartOf":{"@id":"https:\/\/www.actionproject.es\/blog\/siete-anos-construyendo-empresas-mas-solidas-el-camino-de-actionproject\/"},"author":{"name":"actionproject","@id":"https:\/\/www.actionproject.es\/#\/schema\/person\/4633f258256b38e12daba9bddcd55c3b"},"headline":"ActionProject, Consultor\u00eda de empresas en Sevilla: Lo que aprendimos tras 7 a\u00f1os impulsando PYMEs","datePublished":"2025-12-02T13:17:44+00:00","dateModified":"2025-12-17T22:17:46+00:00","mainEntityOfPage":{"@id":"https:\/\/www.actionproject.es\/blog\/siete-anos-construyendo-empresas-mas-solidas-el-camino-de-actionproject\/"},"wordCount":671,"commentCount":0,"publisher":{"@id":"https:\/\/www.actionproject.es\/#organization"},"image":{"@id":"https:\/\/www.actionproject.es\/blog\/siete-anos-construyendo-empresas-mas-solidas-el-camino-de-actionproject\/#primaryimage"},"thumbnailUrl":"https:\/\/www.actionproject.es\/wp-content\/uploads\/2025\/12\/Siete-anos-construyendo-empresas.png","keywords":["Acompa\u00f1amiento directivo","consultor\u00eda estrat\u00e9gica","Crecimiento sostenible","direcci\u00f3n por objetivos","gesti\u00f3n de proyectos","gesti\u00f3n empresarial","ionProject","KPI","Liderazgo","productividad","Profesionalizaci\u00f3n","PYME","Resultados"],"articleSection":["Estrategia empresarial"],"inLanguage":"en-GB","potentialAction":[{"@type":"CommentAction","name":"Comment","target":["https:\/\/www.actionproject.es\/blog\/siete-anos-construyendo-empresas-mas-solidas-el-camino-de-actionproject\/#respond"]}]},{"@type":"WebPage","@id":"https:\/\/www.actionproject.es\/blog\/siete-anos-construyendo-empresas-mas-solidas-el-camino-de-actionproject\/","url":"https:\/\/www.actionproject.es\/blog\/siete-anos-construyendo-empresas-mas-solidas-el-camino-de-actionproject\/","name":"ActionProject, Consultor\u00eda de empresas en Sevilla: Lo que aprendimos tras 7 a\u00f1os impulsando PYMEs - Action Project","isPartOf":{"@id":"https:\/\/www.actionproject.es\/#website"},"primaryImageOfPage":{"@id":"https:\/\/www.actionproject.es\/blog\/siete-anos-construyendo-empresas-mas-solidas-el-camino-de-actionproject\/#primaryimage"},"image":{"@id":"https:\/\/www.actionproject.es\/blog\/siete-anos-construyendo-empresas-mas-solidas-el-camino-de-actionproject\/#primaryimage"},"thumbnailUrl":"https:\/\/www.actionproject.es\/wp-content\/uploads\/2025\/12\/Siete-anos-construyendo-empresas.png","datePublished":"2025-12-02T13:17:44+00:00","dateModified":"2025-12-17T22:17:46+00:00","description":"Desde 2018, en ActionProject transformamos la gesti\u00f3n de tu PYME. Obt\u00e9n consultor\u00eda estrat\u00e9gica con ejecuci\u00f3n real, resultados medibles y herramientas como ionProject.","breadcrumb":{"@id":"https:\/\/www.actionproject.es\/blog\/siete-anos-construyendo-empresas-mas-solidas-el-camino-de-actionproject\/#breadcrumb"},"inLanguage":"en-GB","potentialAction":[{"@type":"ReadAction","target":["https:\/\/www.actionproject.es\/blog\/siete-anos-construyendo-empresas-mas-solidas-el-camino-de-actionproject\/"]}]},{"@type":"ImageObject","inLanguage":"en-GB","@id":"https:\/\/www.actionproject.es\/blog\/siete-anos-construyendo-empresas-mas-solidas-el-camino-de-actionproject\/#primaryimage","url":"https:\/\/www.actionproject.es\/wp-content\/uploads\/2025\/12\/Siete-anos-construyendo-empresas.png","contentUrl":"https:\/\/www.actionproject.es\/wp-content\/uploads\/2025\/12\/Siete-anos-construyendo-empresas.png","width":1920,"height":1080},{"@type":"BreadcrumbList","@id":"https:\/\/www.actionproject.es\/blog\/siete-anos-construyendo-empresas-mas-solidas-el-camino-de-actionproject\/#breadcrumb","itemListElement":[{"@type":"ListItem","position":1,"name":"Portada","item":"https:\/\/www.actionproject.es\/"},{"@type":"ListItem","position":2,"name":"ActionProject, Consultor\u00eda de empresas en Sevilla: Lo que aprendimos tras 7 a\u00f1os impulsando PYMEs"}]},{"@type":"WebSite","@id":"https:\/\/www.actionproject.es\/#website","url":"https:\/\/www.actionproject.es\/","name":"Action Project","description":"","publisher":{"@id":"https:\/\/www.actionproject.es\/#organization"},"potentialAction":[{"@type":"SearchAction","target":{"@type":"EntryPoint","urlTemplate":"https:\/\/www.actionproject.es\/?s={search_term_string}"},"query-input":{"@type":"PropertyValueSpecification","valueRequired":true,"valueName":"search_term_string"}}],"inLanguage":"en-GB"},{"@type":"Organization","@id":"https:\/\/www.actionproject.es\/#organization","name":"Action Project","url":"https:\/\/www.actionproject.es\/","logo":{"@type":"ImageObject","inLanguage":"en-GB","@id":"https:\/\/www.actionproject.es\/#\/schema\/logo\/image\/","url":"https:\/\/www.actionproject.es\/wp-content\/uploads\/2025\/02\/favicon-action.png","contentUrl":"https:\/\/www.actionproject.es\/wp-content\/uploads\/2025\/02\/favicon-action.png","width":512,"height":512,"caption":"Action Project"},"image":{"@id":"https:\/\/www.actionproject.es\/#\/schema\/logo\/image\/"}},{"@type":"Person","@id":"https:\/\/www.actionproject.es\/#\/schema\/person\/4633f258256b38e12daba9bddcd55c3b","name":"actionproject","image":{"@type":"ImageObject","inLanguage":"en-GB","@id":"https:\/\/secure.gravatar.com\/avatar\/94aa39178cd729cb00da5a97f7f64038ff9312f3bfa8105035616ceff087f47c?s=96&d=mm&r=g","url":"https:\/\/secure.gravatar.com\/avatar\/94aa39178cd729cb00da5a97f7f64038ff9312f3bfa8105035616ceff087f47c?s=96&d=mm&r=g","contentUrl":"https:\/\/secure.gravatar.com\/avatar\/94aa39178cd729cb00da5a97f7f64038ff9312f3bfa8105035616ceff087f47c?s=96&d=mm&r=g","caption":"actionproject"},"url":"https:\/\/www.actionproject.es\/en_gb\/blog\/author\/actionproject\/"}]}},"_links":{"self":[{"href":"https:\/\/www.actionproject.es\/en_gb\/wp-json\/wp\/v2\/posts\/2189","targetHints":{"allow":["GET"]}}],"collection":[{"href":"https:\/\/www.actionproject.es\/en_gb\/wp-json\/wp\/v2\/posts"}],"about":[{"href":"https:\/\/www.actionproject.es\/en_gb\/wp-json\/wp\/v2\/types\/post"}],"author":[{"embeddable":true,"href":"https:\/\/www.actionproject.es\/en_gb\/wp-json\/wp\/v2\/users\/3"}],"replies":[{"embeddable":true,"href":"https:\/\/www.actionproject.es\/en_gb\/wp-json\/wp\/v2\/comments?post=2189"}],"version-history":[{"count":6,"href":"https:\/\/www.actionproject.es\/en_gb\/wp-json\/wp\/v2\/posts\/2189\/revisions"}],"predecessor-version":[{"id":2201,"href":"https:\/\/www.actionproject.es\/en_gb\/wp-json\/wp\/v2\/posts\/2189\/revisions\/2201"}],"wp:featuredmedia":[{"embeddable":true,"href":"https:\/\/www.actionproject.es\/en_gb\/wp-json\/wp\/v2\/media\/2190"}],"wp:attachment":[{"href":"https:\/\/www.actionproject.es\/en_gb\/wp-json\/wp\/v2\/media?parent=2189"}],"wp:term":[{"taxonomy":"category","embeddable":true,"href":"https:\/\/www.actionproject.es\/en_gb\/wp-json\/wp\/v2\/categories?post=2189"},{"taxonomy":"post_tag","embeddable":true,"href":"https:\/\/www.actionproject.es\/en_gb\/wp-json\/wp\/v2\/tags?post=2189"}],"curies":[{"name":"wp","href":"https:\/\/api.w.org\/{rel}","templated":true}]}}