{"id":2235,"date":"2025-12-17T22:46:02","date_gmt":"2025-12-17T21:46:02","guid":{"rendered":"https:\/\/www.actionproject.es\/?p=2235"},"modified":"2025-12-17T23:08:56","modified_gmt":"2025-12-17T22:08:56","slug":"profesionalizar-pyme-sin-perder-esencia","status":"publish","type":"post","link":"https:\/\/www.actionproject.es\/en_gb\/blog\/profesionalizar-pyme-sin-perder-esencia\/","title":{"rendered":"C\u00f3mo Profesionalizar una PYME sin Perder su Esencia: Gu\u00eda Pr\u00e1ctica en 5 Pasos"},"content":{"rendered":"<p>\u00a0<\/p>\n<p><span style=\"font-weight: 400;\">En el panorama empresarial actual, las peque\u00f1as y medianas empresas se encuentran ante una paradoja fascinante: la necesidad de estructurarse para crecer choca con el temor de perder aquello que las hace genuinamente valiosas. <\/span><b>La profesionalizaci\u00f3n, bien entendida, no es una amenaza a la <a href=\"https:\/\/www.actionproject.es\/en_gb\/blog\/claves-ver-identidad-corporativa-va-empresa-i\/\">identidad corporativa<\/a>, sino su mejor garant\u00eda de permanencia.<\/b><\/p>\n<h2>\u00a0<\/h2>\n<h2><b>Qu\u00e9 Significa Realmente Profesionalizar una PYME<\/b><\/h2>\n<p>\u00a0<\/p>\n<p><span style=\"font-weight: 400;\"><a href=\"https:\/\/www.actionproject.es\/en_gb\/blog\/por-que-profesionalizar-la-empresa-familiar\/\">Profesionalizar una empresa<\/a> trasciende la mera implementaci\u00f3n de procesos o herramientas. Implica <\/span><b>construir un sistema organizativo que amplifique las fortalezas existentes<\/b><span style=\"font-weight: 400;\"> mientras corrige las vulnerabilidades estructurales que limitan el crecimiento.<\/span><\/p>\n<p>\u00a0<\/p>\n<p><span style=\"font-weight: 400;\">Las se\u00f1ales que indican la necesidad de profesionalizaci\u00f3n son reconocibles:<\/span><\/p>\n<ul>\n<li style=\"font-weight: 400;\" aria-level=\"1\"><span style=\"font-weight: 400;\">Dependencia excesiva de personas clave para decisiones cotidianas<\/span><\/li>\n<li style=\"font-weight: 400;\" aria-level=\"1\"><span style=\"font-weight: 400;\">Ausencia de documentaci\u00f3n en procesos cr\u00edticos<\/span><\/li>\n<li style=\"font-weight: 400;\" aria-level=\"1\"><span style=\"font-weight: 400;\">Crecimiento que genera m\u00e1s fricci\u00f3n que oportunidades<\/span><\/li>\n<li style=\"font-weight: 400;\" aria-level=\"1\"><span style=\"font-weight: 400;\">Inconsistencias perceptibles en la experiencia del cliente<\/span><\/li>\n<\/ul>\n<h2>\u00a0<\/h2>\n<h2><b>Beneficios Estrat\u00e9gicos de la Profesionalizaci\u00f3n<\/b><\/h2>\n<p>\u00a0<\/p>\n<p><span style=\"font-weight: 400;\">La transformaci\u00f3n hacia una estructura m\u00e1s profesional genera impactos medibles:<\/span><\/p>\n<ul>\n<li style=\"font-weight: 400;\" aria-level=\"1\"><b>Escalabilidad real<\/b><span style=\"font-weight: 400;\"> sin sobrecargar a los fundadores<\/span><\/li>\n<li style=\"font-weight: 400;\" aria-level=\"1\"><b>Reducci\u00f3n significativa de errores<\/b><span style=\"font-weight: 400;\"> operativos<\/span><\/li>\n<li style=\"font-weight: 400;\" aria-level=\"1\"><b>Mayor atractivo para talento cualificado<\/b><span style=\"font-weight: 400;\"> que busca entornos organizados<\/span><\/li>\n<li style=\"font-weight: 400;\" aria-level=\"1\"><b>Valoraci\u00f3n empresarial superior<\/b><span style=\"font-weight: 400;\"> ante inversores y socios estrat\u00e9gicos<\/span><\/li>\n<li style=\"font-weight: 400;\" aria-level=\"1\"><b><a href=\"https:\/\/www.actionproject.es\/en_gb\/blog\/toma-de-decisiones-en-la-empresa\/\">Toma de decisiones<\/a> fundamentada en datos<\/b><span style=\"font-weight: 400;\">, no en intuiciones aisladas<\/span><\/li>\n<li style=\"font-weight: 400;\" aria-level=\"1\"><b>Preservaci\u00f3n del conocimiento organizacional<\/b><span style=\"font-weight: 400;\"> frente a la rotaci\u00f3n<\/span><\/li>\n<\/ul>\n<h2>\u00a0<\/h2>\n<h2><b>Los 5 Pasos para una Profesionalizaci\u00f3n con Prop\u00f3sito<\/b><\/h2>\n<h3>\u00a0<\/h3>\n<h3><b>Paso 1: Identifica los Elementos Innegociables de tu Cultura<\/b><\/h3>\n<p>\u00a0<\/p>\n<p><span style=\"font-weight: 400;\">Antes de cualquier cambio estructural, es fundamental cartografiar aquello que define tu identidad empresarial:<\/span><\/p>\n<ul>\n<li style=\"font-weight: 400;\" aria-level=\"1\"><span style=\"font-weight: 400;\"><a href=\"https:\/\/www.actionproject.es\/en_gb\/blog\/empresas-proposito-valores-corporativos-definen\/\">Values<\/a> que orientan las decisiones diarias<\/span><\/li>\n<li style=\"font-weight: 400;\" aria-level=\"1\"><span style=\"font-weight: 400;\">Formas de relaci\u00f3n con clientes que generan lealtad<\/span><\/li>\n<li style=\"font-weight: 400;\" aria-level=\"1\"><span style=\"font-weight: 400;\">Din\u00e1micas internas que sostienen la <a href=\"https:\/\/www.actionproject.es\/en_gb\/blog\/claves-liderazgo-efectivo-motivar-equipo\/\">motivaci\u00f3n del equipo<\/a><\/span><\/li>\n<\/ul>\n<p><b>Estos elementos constituyen tu ventaja competitiva genuina.<\/b><span style=\"font-weight: 400;\"> Protegerlos es prioritario.<\/span><\/p>\n<h3>\u00a0<\/h3>\n<h3><b>Paso 2: <a href=\"https:\/\/www.actionproject.es\/en_gb\/blog\/importancia-gestion-de-procesos-empresa\/\">Documenta los Procesos<\/a> de Mayor Impacto<\/b><\/h3>\n<p>\u00a0<\/p>\n<p><span style=\"font-weight: 400;\">La sistematizaci\u00f3n comienza por los procesos que m\u00e1s influyen en la experiencia del cliente:<\/span><\/p>\n<ul>\n<li style=\"font-weight: 400;\" aria-level=\"1\"><span style=\"font-weight: 400;\">Mapea el flujo actual con honestidad, incluyendo sus imperfecciones<\/span><\/li>\n<li style=\"font-weight: 400;\" aria-level=\"1\"><span style=\"font-weight: 400;\">Identifica dependencias cr\u00edticas de personas espec\u00edficas<\/span><\/li>\n<li style=\"font-weight: 400;\" aria-level=\"1\"><span style=\"font-weight: 400;\">Genera procedimientos escritos, accesibles y actualizables<\/span><\/li>\n<\/ul>\n<p><span style=\"font-weight: 400;\">La meta no es la perfecci\u00f3n documental, sino la claridad operativa.<\/span><\/p>\n<h3>\u00a0<\/h3>\n<h3><b>Paso 3: Establece una Arquitectura Clara de <a href=\"https:\/\/www.actionproject.es\/en_gb\/blog\/como-mejorar-la-organizacion-de-una-empresa\/\">Roles<\/a><\/b><\/h3>\n<p>\u00a0<\/p>\n<p><span style=\"font-weight: 400;\">La ambig\u00fcedad organizativa es uno de los principales frenos al crecimiento sostenible:<\/span><\/p>\n<ul>\n<li style=\"font-weight: 400;\" aria-level=\"1\"><span style=\"font-weight: 400;\">Define con precisi\u00f3n qui\u00e9n decide qu\u00e9 en cada \u00e1rea<\/span><\/li>\n<li style=\"font-weight: 400;\" aria-level=\"1\"><span style=\"font-weight: 400;\">Establece expectativas medibles para cada posici\u00f3n<\/span><\/li>\n<li style=\"font-weight: 400;\" aria-level=\"1\"><span style=\"font-weight: 400;\">Dise\u00f1a sistemas de evaluaci\u00f3n coherentes con tus valores<\/span><\/li>\n<\/ul>\n<p><span style=\"font-weight: 400;\">Una estructura clara no reduce la agilidad; la potencia con direcci\u00f3n.<\/span><\/p>\n<h3>\u00a0<\/h3>\n<h3><b>Paso 4: Selecciona <a href=\"https:\/\/www.actionproject.es\/en_gb\/blog\/herramientas-analisis-para-mejora-empresarial\/\">Herramientas de Gesti\u00f3n<\/a> Apropiadas<\/b><\/h3>\n<p>\u00a0<\/p>\n<p><span style=\"font-weight: 400;\">La tecnolog\u00eda debe servir a la estrategia, no al rev\u00e9s:<\/span><\/p>\n<ul>\n<li style=\"font-weight: 400;\" aria-level=\"1\"><span style=\"font-weight: 400;\">Prioriza soluciones adaptadas a tu dimensi\u00f3n actual<\/span><\/li>\n<li style=\"font-weight: 400;\" aria-level=\"1\"><span style=\"font-weight: 400;\">Valora la capacidad de escalabilidad sin migraciones traum\u00e1ticas<\/span><\/li>\n<li style=\"font-weight: 400;\" aria-level=\"1\"><span style=\"font-weight: 400;\">Asegura la adopci\u00f3n real por parte del equipo<\/span><\/li>\n<\/ul>\n<p><span style=\"font-weight: 400;\">Un CRM b\u00e1sico bien implementado supera a cualquier sistema complejo que nadie utiliza.<\/span><\/p>\n<h3>\u00a0<\/h3>\n<h3><b>Paso 5: Mide, Ajusta y Comunica con Transparencia<\/b><\/h3>\n<p>\u00a0<\/p>\n<p><span style=\"font-weight: 400;\">La profesionalizaci\u00f3n es un proceso din\u00e1mico que requiere iteraci\u00f3n constante:<\/span><\/p>\n<ul>\n<li style=\"font-weight: 400;\" aria-level=\"1\"><span style=\"font-weight: 400;\">Define <a href=\"https:\/\/www.actionproject.es\/en_gb\/blog\/que-son-los-kpi-de-una-empresa\/\">indicadores relevantes<\/a> para tu modelo de negocio<\/span><\/li>\n<li style=\"font-weight: 400;\" aria-level=\"1\"><span style=\"font-weight: 400;\">Establece revisiones peri\u00f3dicas con frecuencia definida<\/span><\/li>\n<li style=\"font-weight: 400;\" aria-level=\"1\"><span style=\"font-weight: 400;\">Comunica abiertamente los cambios y sus fundamentos<\/span><\/li>\n<\/ul>\n<p><b>La transparencia transforma resistencias en compromisos.<\/b><\/p>\n<h2>\u00a0<\/h2>\n<h2><b>Errores Frecuentes en el Proceso de Profesionalizaci\u00f3n<\/b><\/h2>\n<ul>\n<li style=\"font-weight: 400;\" aria-level=\"1\"><b>Replicar modelos corporativos<\/b><span style=\"font-weight: 400;\"> incompatibles con la realidad de una PYME<\/span><\/li>\n<li style=\"font-weight: 400;\" aria-level=\"1\"><b>Implementar cambios masivos<\/b><span style=\"font-weight: 400;\"> que generan rechazo organizacional<\/span><\/li>\n<li style=\"font-weight: 400;\" aria-level=\"1\"><b>Omitir la comunicaci\u00f3n<\/b><span style=\"font-weight: 400;\"> del prop\u00f3sito detr\u00e1s de cada transformaci\u00f3n<\/span><\/li>\n<li style=\"font-weight: 400;\" aria-level=\"1\"><b>Sobrevalorar las herramientas<\/b><span style=\"font-weight: 400;\"> en detrimento de las personas<\/span><\/li>\n<li style=\"font-weight: 400;\" aria-level=\"1\"><b>Sacrificar la cercan\u00eda con el cliente<\/b><span style=\"font-weight: 400;\"> por exceso de procedimientos<\/span><\/li>\n<\/ul>\n<h2>\u00a0<\/h2>\n<h2><b>Preguntas Frecuentes<\/b><\/h2>\n<h3>\u00a0<\/h3>\n<h3><b>\u00bfCu\u00e1l es el horizonte temporal razonable para profesionalizar una PYME?<\/b><\/h3>\n<p><span style=\"font-weight: 400;\">Cada organizaci\u00f3n parte de circunstancias distintas, pero consolidar cambios significativos suele requerir entre <\/span><b>6 y 18 meses<\/b><span style=\"font-weight: 400;\">. La clave est\u00e1 en la consistencia del avance, no en la velocidad.<\/span><\/p>\n<h3>\u00a0<\/h3>\n<h3><b>\u00bfEs viable profesionalizar sin ampliar la plantilla?<\/b><\/h3>\n<p><span style=\"font-weight: 400;\">Absolutamente. En numerosos casos, profesionalizar significa <\/span><a href=\"https:\/\/www.actionproject.es\/en_gb\/blog\/consultoria-de-operaciones\/\"><b>optimizar recursos existentes<\/b><\/a><span style=\"font-weight: 400;\">. Documentar procesos y clarificar roles frecuentemente libera capacidad que permanec\u00eda oculta.<\/span><\/p>\n<h3>\u00a0<\/h3>\n<h3><b>\u00bfC\u00f3mo <a href=\"https:\/\/www.actionproject.es\/en_gb\/blog\/transformacion-negocios-facil-trampa-carton\/\">gestionar la resistencia del equipo<\/a> ante estos cambios?<\/b><\/h3>\n<p><span style=\"font-weight: 400;\">La participaci\u00f3n temprana es determinante. Cuando las personas contribuyen al dise\u00f1o de los cambios, su compromiso con la implementaci\u00f3n se multiplica. <\/span><b>El objetivo es estructura, no control.<\/b><\/p>\n<p>\u00a0<\/p>\n<p><b>La profesionalizaci\u00f3n representa una oportunidad estrat\u00e9gica para consolidar aquello que hace \u00fanica a tu empresa.<\/b><span style=\"font-weight: 400;\"> En ActionProject acompa\u00f1amos a organizaciones en este proceso de transformaci\u00f3n con sentido. <\/span><a href=\"https:\/\/www.actionproject.es\/en_gb\/contacto\/\"><b>Contacta con ActionProject<\/b><\/a><span style=\"font-weight: 400;\"> y construyamos juntos el siguiente cap\u00edtulo de tu empresa.<\/span><\/p>\n\n\n<p><\/p>","protected":false},"excerpt":{"rendered":"<p>\u00a0 En el panorama empresarial actual, las peque\u00f1as y medianas empresas se encuentran ante una paradoja fascinante: la necesidad de estructurarse para crecer choca con el temor de perder aquello que las hace genuinamente valiosas. La profesionalizaci\u00f3n, bien entendida, no es una amenaza a la identidad corporativa, sino su mejor garant\u00eda de permanencia. \u00a0 Qu\u00e9 [&hellip;]<\/p>\n","protected":false},"author":3,"featured_media":2236,"comment_status":"open","ping_status":"open","sticky":false,"template":"","format":"standard","meta":{"_acf_changed":false,"_joinchat":[],"footnotes":""},"categories":[10],"tags":[43,320,316,321,317,78,318,319],"class_list":["post-2235","post","type-post","status-publish","format-standard","has-post-thumbnail","hentry","category-estrategia-empresarial","tag-consultoria-estrategica","tag-crecimiento-estrategico","tag-cultura-corporativa","tag-desarrollo-empresarial","tag-escalabilidad","tag-gestion-empresarial","tag-profesionalizacion-pyme","tag-transformacion-organizacional"],"acf":[],"aioseo_notices":[],"yoast_head":"<!-- This site is optimized with the Yoast SEO plugin v27.3 - https:\/\/yoast.com\/product\/yoast-seo-wordpress\/ -->\n<title>C\u00f3mo Profesionalizar una PYME sin Perder su Esencia | 5 Pasos - Action Project<\/title>\n<meta name=\"description\" content=\"Gu\u00eda estrat\u00e9gica para profesionalizar tu PYME en 5 pasos. Sistematiza procesos y escala tu negocio preservando la cultura que te diferencia.\" \/>\n<meta name=\"robots\" content=\"index, follow, max-snippet:-1, max-image-preview:large, max-video-preview:-1\" \/>\n<link rel=\"canonical\" href=\"https:\/\/www.actionproject.es\/en_gb\/blog\/profesionalizar-pyme-sin-perder-esencia\/\" \/>\n<meta property=\"og:locale\" content=\"en_GB\" \/>\n<meta property=\"og:type\" content=\"article\" \/>\n<meta property=\"og:title\" content=\"C\u00f3mo Profesionalizar una PYME sin Perder su Esencia | 5 Pasos - Action Project\" \/>\n<meta property=\"og:description\" content=\"Gu\u00eda estrat\u00e9gica para profesionalizar tu PYME en 5 pasos. Sistematiza procesos y escala tu negocio preservando la cultura que te diferencia.\" \/>\n<meta property=\"og:url\" content=\"https:\/\/www.actionproject.es\/en_gb\/blog\/profesionalizar-pyme-sin-perder-esencia\/\" \/>\n<meta property=\"og:site_name\" content=\"Action Project\" \/>\n<meta property=\"article:published_time\" content=\"2025-12-17T21:46:02+00:00\" \/>\n<meta property=\"article:modified_time\" content=\"2025-12-17T22:08:56+00:00\" \/>\n<meta property=\"og:image\" content=\"https:\/\/www.actionproject.es\/wp-content\/uploads\/2025\/12\/ljhglk.lj_.png\" \/>\n\t<meta property=\"og:image:width\" content=\"1920\" \/>\n\t<meta property=\"og:image:height\" content=\"1080\" \/>\n\t<meta property=\"og:image:type\" content=\"image\/png\" \/>\n<meta name=\"author\" content=\"actionproject\" \/>\n<meta name=\"twitter:card\" content=\"summary_large_image\" \/>\n<meta name=\"twitter:label1\" content=\"Written by\" \/>\n\t<meta name=\"twitter:data1\" content=\"actionproject\" \/>\n\t<meta name=\"twitter:label2\" content=\"Estimated reading time\" \/>\n\t<meta name=\"twitter:data2\" content=\"4 minutes\" \/>\n<script type=\"application\/ld+json\" class=\"yoast-schema-graph\">{\"@context\":\"https:\\\/\\\/schema.org\",\"@graph\":[{\"@type\":\"Article\",\"@id\":\"https:\\\/\\\/www.actionproject.es\\\/blog\\\/profesionalizar-pyme-sin-perder-esencia\\\/#article\",\"isPartOf\":{\"@id\":\"https:\\\/\\\/www.actionproject.es\\\/blog\\\/profesionalizar-pyme-sin-perder-esencia\\\/\"},\"author\":{\"name\":\"actionproject\",\"@id\":\"https:\\\/\\\/www.actionproject.es\\\/#\\\/schema\\\/person\\\/4633f258256b38e12daba9bddcd55c3b\"},\"headline\":\"C\u00f3mo Profesionalizar una PYME sin Perder su Esencia: Gu\u00eda Pr\u00e1ctica en 5 Pasos\",\"datePublished\":\"2025-12-17T21:46:02+00:00\",\"dateModified\":\"2025-12-17T22:08:56+00:00\",\"mainEntityOfPage\":{\"@id\":\"https:\\\/\\\/www.actionproject.es\\\/blog\\\/profesionalizar-pyme-sin-perder-esencia\\\/\"},\"wordCount\":723,\"commentCount\":0,\"publisher\":{\"@id\":\"https:\\\/\\\/www.actionproject.es\\\/#organization\"},\"image\":{\"@id\":\"https:\\\/\\\/www.actionproject.es\\\/blog\\\/profesionalizar-pyme-sin-perder-esencia\\\/#primaryimage\"},\"thumbnailUrl\":\"https:\\\/\\\/www.actionproject.es\\\/wp-content\\\/uploads\\\/2025\\\/12\\\/ljhglk.lj_.png\",\"keywords\":[\"consultor\u00eda estrat\u00e9gica\",\"crecimiento estrat\u00e9gico\",\"cultura corporativa\",\"desarrollo empresarial\",\"escalabilidad\",\"gesti\u00f3n empresarial\",\"profesionalizaci\u00f3n PYME\",\"transformaci\u00f3n organizacional\"],\"articleSection\":[\"Estrategia empresarial\"],\"inLanguage\":\"en-GB\",\"potentialAction\":[{\"@type\":\"CommentAction\",\"name\":\"Comment\",\"target\":[\"https:\\\/\\\/www.actionproject.es\\\/blog\\\/profesionalizar-pyme-sin-perder-esencia\\\/#respond\"]}]},{\"@type\":\"WebPage\",\"@id\":\"https:\\\/\\\/www.actionproject.es\\\/blog\\\/profesionalizar-pyme-sin-perder-esencia\\\/\",\"url\":\"https:\\\/\\\/www.actionproject.es\\\/blog\\\/profesionalizar-pyme-sin-perder-esencia\\\/\",\"name\":\"C\u00f3mo Profesionalizar una PYME sin Perder su Esencia | 5 Pasos - Action Project\",\"isPartOf\":{\"@id\":\"https:\\\/\\\/www.actionproject.es\\\/#website\"},\"primaryImageOfPage\":{\"@id\":\"https:\\\/\\\/www.actionproject.es\\\/blog\\\/profesionalizar-pyme-sin-perder-esencia\\\/#primaryimage\"},\"image\":{\"@id\":\"https:\\\/\\\/www.actionproject.es\\\/blog\\\/profesionalizar-pyme-sin-perder-esencia\\\/#primaryimage\"},\"thumbnailUrl\":\"https:\\\/\\\/www.actionproject.es\\\/wp-content\\\/uploads\\\/2025\\\/12\\\/ljhglk.lj_.png\",\"datePublished\":\"2025-12-17T21:46:02+00:00\",\"dateModified\":\"2025-12-17T22:08:56+00:00\",\"description\":\"Gu\u00eda estrat\u00e9gica para profesionalizar tu PYME en 5 pasos. Sistematiza procesos y escala tu negocio preservando la cultura que te diferencia.\",\"breadcrumb\":{\"@id\":\"https:\\\/\\\/www.actionproject.es\\\/blog\\\/profesionalizar-pyme-sin-perder-esencia\\\/#breadcrumb\"},\"inLanguage\":\"en-GB\",\"potentialAction\":[{\"@type\":\"ReadAction\",\"target\":[\"https:\\\/\\\/www.actionproject.es\\\/blog\\\/profesionalizar-pyme-sin-perder-esencia\\\/\"]}]},{\"@type\":\"ImageObject\",\"inLanguage\":\"en-GB\",\"@id\":\"https:\\\/\\\/www.actionproject.es\\\/blog\\\/profesionalizar-pyme-sin-perder-esencia\\\/#primaryimage\",\"url\":\"https:\\\/\\\/www.actionproject.es\\\/wp-content\\\/uploads\\\/2025\\\/12\\\/ljhglk.lj_.png\",\"contentUrl\":\"https:\\\/\\\/www.actionproject.es\\\/wp-content\\\/uploads\\\/2025\\\/12\\\/ljhglk.lj_.png\",\"width\":1920,\"height\":1080},{\"@type\":\"BreadcrumbList\",\"@id\":\"https:\\\/\\\/www.actionproject.es\\\/blog\\\/profesionalizar-pyme-sin-perder-esencia\\\/#breadcrumb\",\"itemListElement\":[{\"@type\":\"ListItem\",\"position\":1,\"name\":\"Portada\",\"item\":\"https:\\\/\\\/www.actionproject.es\\\/\"},{\"@type\":\"ListItem\",\"position\":2,\"name\":\"C\u00f3mo Profesionalizar una PYME sin Perder su Esencia: Gu\u00eda Pr\u00e1ctica en 5 Pasos\"}]},{\"@type\":\"WebSite\",\"@id\":\"https:\\\/\\\/www.actionproject.es\\\/#website\",\"url\":\"https:\\\/\\\/www.actionproject.es\\\/\",\"name\":\"Action Project\",\"description\":\"\",\"publisher\":{\"@id\":\"https:\\\/\\\/www.actionproject.es\\\/#organization\"},\"potentialAction\":[{\"@type\":\"SearchAction\",\"target\":{\"@type\":\"EntryPoint\",\"urlTemplate\":\"https:\\\/\\\/www.actionproject.es\\\/?s={search_term_string}\"},\"query-input\":{\"@type\":\"PropertyValueSpecification\",\"valueRequired\":true,\"valueName\":\"search_term_string\"}}],\"inLanguage\":\"en-GB\"},{\"@type\":\"Organization\",\"@id\":\"https:\\\/\\\/www.actionproject.es\\\/#organization\",\"name\":\"Action Project\",\"url\":\"https:\\\/\\\/www.actionproject.es\\\/\",\"logo\":{\"@type\":\"ImageObject\",\"inLanguage\":\"en-GB\",\"@id\":\"https:\\\/\\\/www.actionproject.es\\\/#\\\/schema\\\/logo\\\/image\\\/\",\"url\":\"https:\\\/\\\/www.actionproject.es\\\/wp-content\\\/uploads\\\/2025\\\/02\\\/favicon-action.png\",\"contentUrl\":\"https:\\\/\\\/www.actionproject.es\\\/wp-content\\\/uploads\\\/2025\\\/02\\\/favicon-action.png\",\"width\":512,\"height\":512,\"caption\":\"Action Project\"},\"image\":{\"@id\":\"https:\\\/\\\/www.actionproject.es\\\/#\\\/schema\\\/logo\\\/image\\\/\"}},{\"@type\":\"Person\",\"@id\":\"https:\\\/\\\/www.actionproject.es\\\/#\\\/schema\\\/person\\\/4633f258256b38e12daba9bddcd55c3b\",\"name\":\"actionproject\",\"image\":{\"@type\":\"ImageObject\",\"inLanguage\":\"en-GB\",\"@id\":\"https:\\\/\\\/secure.gravatar.com\\\/avatar\\\/94aa39178cd729cb00da5a97f7f64038ff9312f3bfa8105035616ceff087f47c?s=96&d=mm&r=g\",\"url\":\"https:\\\/\\\/secure.gravatar.com\\\/avatar\\\/94aa39178cd729cb00da5a97f7f64038ff9312f3bfa8105035616ceff087f47c?s=96&d=mm&r=g\",\"contentUrl\":\"https:\\\/\\\/secure.gravatar.com\\\/avatar\\\/94aa39178cd729cb00da5a97f7f64038ff9312f3bfa8105035616ceff087f47c?s=96&d=mm&r=g\",\"caption\":\"actionproject\"},\"url\":\"https:\\\/\\\/www.actionproject.es\\\/en_gb\\\/blog\\\/author\\\/actionproject\\\/\"}]}<\/script>\n<!-- \/ Yoast SEO plugin. -->","yoast_head_json":{"title":"C\u00f3mo Profesionalizar una PYME sin Perder su Esencia | 5 Pasos - Action Project","description":"Gu\u00eda estrat\u00e9gica para profesionalizar tu PYME en 5 pasos. Sistematiza procesos y escala tu negocio preservando la cultura que te diferencia.","robots":{"index":"index","follow":"follow","max-snippet":"max-snippet:-1","max-image-preview":"max-image-preview:large","max-video-preview":"max-video-preview:-1"},"canonical":"https:\/\/www.actionproject.es\/en_gb\/blog\/profesionalizar-pyme-sin-perder-esencia\/","og_locale":"en_GB","og_type":"article","og_title":"C\u00f3mo Profesionalizar una PYME sin Perder su Esencia | 5 Pasos - Action Project","og_description":"Gu\u00eda estrat\u00e9gica para profesionalizar tu PYME en 5 pasos. Sistematiza procesos y escala tu negocio preservando la cultura que te diferencia.","og_url":"https:\/\/www.actionproject.es\/en_gb\/blog\/profesionalizar-pyme-sin-perder-esencia\/","og_site_name":"Action Project","article_published_time":"2025-12-17T21:46:02+00:00","article_modified_time":"2025-12-17T22:08:56+00:00","og_image":[{"width":1920,"height":1080,"url":"https:\/\/www.actionproject.es\/wp-content\/uploads\/2025\/12\/ljhglk.lj_.png","type":"image\/png"}],"author":"actionproject","twitter_card":"summary_large_image","twitter_misc":{"Written by":"actionproject","Estimated reading time":"4 minutes"},"schema":{"@context":"https:\/\/schema.org","@graph":[{"@type":"Article","@id":"https:\/\/www.actionproject.es\/blog\/profesionalizar-pyme-sin-perder-esencia\/#article","isPartOf":{"@id":"https:\/\/www.actionproject.es\/blog\/profesionalizar-pyme-sin-perder-esencia\/"},"author":{"name":"actionproject","@id":"https:\/\/www.actionproject.es\/#\/schema\/person\/4633f258256b38e12daba9bddcd55c3b"},"headline":"C\u00f3mo Profesionalizar una PYME sin Perder su Esencia: Gu\u00eda Pr\u00e1ctica en 5 Pasos","datePublished":"2025-12-17T21:46:02+00:00","dateModified":"2025-12-17T22:08:56+00:00","mainEntityOfPage":{"@id":"https:\/\/www.actionproject.es\/blog\/profesionalizar-pyme-sin-perder-esencia\/"},"wordCount":723,"commentCount":0,"publisher":{"@id":"https:\/\/www.actionproject.es\/#organization"},"image":{"@id":"https:\/\/www.actionproject.es\/blog\/profesionalizar-pyme-sin-perder-esencia\/#primaryimage"},"thumbnailUrl":"https:\/\/www.actionproject.es\/wp-content\/uploads\/2025\/12\/ljhglk.lj_.png","keywords":["consultor\u00eda estrat\u00e9gica","crecimiento estrat\u00e9gico","cultura corporativa","desarrollo empresarial","escalabilidad","gesti\u00f3n empresarial","profesionalizaci\u00f3n PYME","transformaci\u00f3n organizacional"],"articleSection":["Estrategia empresarial"],"inLanguage":"en-GB","potentialAction":[{"@type":"CommentAction","name":"Comment","target":["https:\/\/www.actionproject.es\/blog\/profesionalizar-pyme-sin-perder-esencia\/#respond"]}]},{"@type":"WebPage","@id":"https:\/\/www.actionproject.es\/blog\/profesionalizar-pyme-sin-perder-esencia\/","url":"https:\/\/www.actionproject.es\/blog\/profesionalizar-pyme-sin-perder-esencia\/","name":"C\u00f3mo Profesionalizar una PYME sin Perder su Esencia | 5 Pasos - Action Project","isPartOf":{"@id":"https:\/\/www.actionproject.es\/#website"},"primaryImageOfPage":{"@id":"https:\/\/www.actionproject.es\/blog\/profesionalizar-pyme-sin-perder-esencia\/#primaryimage"},"image":{"@id":"https:\/\/www.actionproject.es\/blog\/profesionalizar-pyme-sin-perder-esencia\/#primaryimage"},"thumbnailUrl":"https:\/\/www.actionproject.es\/wp-content\/uploads\/2025\/12\/ljhglk.lj_.png","datePublished":"2025-12-17T21:46:02+00:00","dateModified":"2025-12-17T22:08:56+00:00","description":"Gu\u00eda estrat\u00e9gica para profesionalizar tu PYME en 5 pasos. Sistematiza procesos y escala tu negocio preservando la cultura que te diferencia.","breadcrumb":{"@id":"https:\/\/www.actionproject.es\/blog\/profesionalizar-pyme-sin-perder-esencia\/#breadcrumb"},"inLanguage":"en-GB","potentialAction":[{"@type":"ReadAction","target":["https:\/\/www.actionproject.es\/blog\/profesionalizar-pyme-sin-perder-esencia\/"]}]},{"@type":"ImageObject","inLanguage":"en-GB","@id":"https:\/\/www.actionproject.es\/blog\/profesionalizar-pyme-sin-perder-esencia\/#primaryimage","url":"https:\/\/www.actionproject.es\/wp-content\/uploads\/2025\/12\/ljhglk.lj_.png","contentUrl":"https:\/\/www.actionproject.es\/wp-content\/uploads\/2025\/12\/ljhglk.lj_.png","width":1920,"height":1080},{"@type":"BreadcrumbList","@id":"https:\/\/www.actionproject.es\/blog\/profesionalizar-pyme-sin-perder-esencia\/#breadcrumb","itemListElement":[{"@type":"ListItem","position":1,"name":"Portada","item":"https:\/\/www.actionproject.es\/"},{"@type":"ListItem","position":2,"name":"C\u00f3mo Profesionalizar una PYME sin Perder su Esencia: Gu\u00eda Pr\u00e1ctica en 5 Pasos"}]},{"@type":"WebSite","@id":"https:\/\/www.actionproject.es\/#website","url":"https:\/\/www.actionproject.es\/","name":"Action Project","description":"","publisher":{"@id":"https:\/\/www.actionproject.es\/#organization"},"potentialAction":[{"@type":"SearchAction","target":{"@type":"EntryPoint","urlTemplate":"https:\/\/www.actionproject.es\/?s={search_term_string}"},"query-input":{"@type":"PropertyValueSpecification","valueRequired":true,"valueName":"search_term_string"}}],"inLanguage":"en-GB"},{"@type":"Organization","@id":"https:\/\/www.actionproject.es\/#organization","name":"Action Project","url":"https:\/\/www.actionproject.es\/","logo":{"@type":"ImageObject","inLanguage":"en-GB","@id":"https:\/\/www.actionproject.es\/#\/schema\/logo\/image\/","url":"https:\/\/www.actionproject.es\/wp-content\/uploads\/2025\/02\/favicon-action.png","contentUrl":"https:\/\/www.actionproject.es\/wp-content\/uploads\/2025\/02\/favicon-action.png","width":512,"height":512,"caption":"Action Project"},"image":{"@id":"https:\/\/www.actionproject.es\/#\/schema\/logo\/image\/"}},{"@type":"Person","@id":"https:\/\/www.actionproject.es\/#\/schema\/person\/4633f258256b38e12daba9bddcd55c3b","name":"actionproject","image":{"@type":"ImageObject","inLanguage":"en-GB","@id":"https:\/\/secure.gravatar.com\/avatar\/94aa39178cd729cb00da5a97f7f64038ff9312f3bfa8105035616ceff087f47c?s=96&d=mm&r=g","url":"https:\/\/secure.gravatar.com\/avatar\/94aa39178cd729cb00da5a97f7f64038ff9312f3bfa8105035616ceff087f47c?s=96&d=mm&r=g","contentUrl":"https:\/\/secure.gravatar.com\/avatar\/94aa39178cd729cb00da5a97f7f64038ff9312f3bfa8105035616ceff087f47c?s=96&d=mm&r=g","caption":"actionproject"},"url":"https:\/\/www.actionproject.es\/en_gb\/blog\/author\/actionproject\/"}]}},"_links":{"self":[{"href":"https:\/\/www.actionproject.es\/en_gb\/wp-json\/wp\/v2\/posts\/2235","targetHints":{"allow":["GET"]}}],"collection":[{"href":"https:\/\/www.actionproject.es\/en_gb\/wp-json\/wp\/v2\/posts"}],"about":[{"href":"https:\/\/www.actionproject.es\/en_gb\/wp-json\/wp\/v2\/types\/post"}],"author":[{"embeddable":true,"href":"https:\/\/www.actionproject.es\/en_gb\/wp-json\/wp\/v2\/users\/3"}],"replies":[{"embeddable":true,"href":"https:\/\/www.actionproject.es\/en_gb\/wp-json\/wp\/v2\/comments?post=2235"}],"version-history":[{"count":3,"href":"https:\/\/www.actionproject.es\/en_gb\/wp-json\/wp\/v2\/posts\/2235\/revisions"}],"predecessor-version":[{"id":2241,"href":"https:\/\/www.actionproject.es\/en_gb\/wp-json\/wp\/v2\/posts\/2235\/revisions\/2241"}],"wp:featuredmedia":[{"embeddable":true,"href":"https:\/\/www.actionproject.es\/en_gb\/wp-json\/wp\/v2\/media\/2236"}],"wp:attachment":[{"href":"https:\/\/www.actionproject.es\/en_gb\/wp-json\/wp\/v2\/media?parent=2235"}],"wp:term":[{"taxonomy":"category","embeddable":true,"href":"https:\/\/www.actionproject.es\/en_gb\/wp-json\/wp\/v2\/categories?post=2235"},{"taxonomy":"post_tag","embeddable":true,"href":"https:\/\/www.actionproject.es\/en_gb\/wp-json\/wp\/v2\/tags?post=2235"}],"curies":[{"name":"wp","href":"https:\/\/api.w.org\/{rel}","templated":true}]}}