{"id":2387,"date":"2026-02-27T07:19:46","date_gmt":"2026-02-27T06:19:46","guid":{"rendered":"https:\/\/www.actionproject.es\/?p=2387"},"modified":"2026-02-24T07:58:20","modified_gmt":"2026-02-24T06:58:20","slug":"que-hacer-cuando-bajan-las-ventas","status":"publish","type":"post","link":"https:\/\/www.actionproject.es\/en_gb\/blog\/que-hacer-cuando-bajan-las-ventas\/","title":{"rendered":"Qu\u00e9 hacer cuando las ventas bajan: 5 acciones urgentes para reactivar ingresos"},"content":{"rendered":"<p><span style=\"font-weight: 400;\">Las ventas han ca\u00eddo y el silencio en el pipeline empieza a pesar. No es momento de an\u00e1lisis interminables: es momento de actuar con criterio y velocidad.<\/span><\/p>\n<h2><\/h2>\n<h2><b>Qu\u00e9 significa una ca\u00edda de ventas (y cu\u00e1ndo actuar ya)<\/b><\/h2>\n<p><span style=\"font-weight: 400;\">Una bajada de ventas es cualquier descenso sostenido de ingresos durante dos o m\u00e1s semanas consecutivas que no responde a estacionalidad prevista. Puede afectar a nuevas captaciones, a renovaciones o a ambas.<\/span><\/p>\n<p><b>Cu\u00e1ndo actuar de inmediato:<\/b><span style=\"font-weight: 400;\"> cuando la ca\u00edda supera el 15% respecto al mismo periodo del a\u00f1o anterior o cuando el<\/span><a href=\"https:\/\/www.actionproject.es\/en_gb\/blog\/tesoreria-monstruo-aterra-empresarios\/\"><span style=\"font-weight: 400;\"> flujo de caja<\/span><\/a><span style=\"font-weight: 400;\"> empieza a comprometerse en el corto plazo.<\/span><\/p>\n<h2><\/h2>\n<h2><b>Por qu\u00e9 importa reaccionar r\u00e1pido<\/b><\/h2>\n<p><span style=\"font-weight: 400;\">Esperar a \u00abver c\u00f3mo evoluciona\u00bb tiene un coste real:<\/span><\/p>\n<ul>\n<li style=\"font-weight: 400;\" aria-level=\"1\"><b>Cada semana perdida<\/b><span style=\"font-weight: 400;\"> es pipeline que no se recupera ese mes.<\/span><\/li>\n<li style=\"font-weight: 400;\" aria-level=\"1\"><span style=\"font-weight: 400;\">Los equipos pierden confianza si no ven respuesta directiva clara.<\/span><\/li>\n<li style=\"font-weight: 400;\" aria-level=\"1\"><span style=\"font-weight: 400;\">La competencia puede aprovechar el hueco si el problema es de mercado.<\/span><\/li>\n<li style=\"font-weight: 400;\" aria-level=\"1\"><span style=\"font-weight: 400;\">Los problemas de tesorer\u00eda se agravan de forma exponencial, no lineal.<\/span><\/li>\n<\/ul>\n<h2><\/h2>\n<h2><b>5 acciones urgentes para reactivar ingresos<\/b><\/h2>\n<h3><\/h3>\n<h3><b>1. Diagnostica el origen antes de moverse<\/b><\/h3>\n<p><span style=\"font-weight: 400;\">Sin diagn\u00f3stico, las acciones son disparos al aire. Revisa estos tres focos:<\/span><\/p>\n<ul>\n<li style=\"font-weight: 400;\" aria-level=\"1\"><b>\u00bfHa ca\u00eddo el volumen de leads<\/b><span style=\"font-weight: 400;\"> o se est\u00e1n cerrando peor?<\/span><\/li>\n<li style=\"font-weight: 400;\" aria-level=\"1\"><b>\u00bfEl problema es sectorial<\/b><span style=\"font-weight: 400;\"> (afecta a competidores) o interno?<\/span><\/li>\n<li style=\"font-weight: 400;\" aria-level=\"1\"><b>\u00bfHa cambiado algo reciente?<\/b><span style=\"font-weight: 400;\"> Precio, producto, equipo comercial, canales.<\/span><\/li>\n<\/ul>\n<p><a href=\"https:\/\/www.actionproject.es\/en_gb\/blog\/herramientas-analisis-para-mejora-empresarial\/\"><span style=\"font-weight: 400;\">Dedica 48 horas a datos, no a suposiciones.<\/span><\/a><\/p>\n<h3><\/h3>\n<h3><b>2. Activa la cartera existente<\/b><\/h3>\n<p><span style=\"font-weight: 400;\">Los clientes actuales son el activo m\u00e1s infrautilizado en semanas de crisis:<\/span><\/p>\n<ul>\n<li style=\"font-weight: 400;\" aria-level=\"1\"><span style=\"font-weight: 400;\">Llama a clientes inactivos de los \u00faltimos 6 meses con una propuesta concreta.<\/span><\/li>\n<li style=\"font-weight: 400;\" aria-level=\"1\"><span style=\"font-weight: 400;\">Ofrece upsell o servicios complementarios a clientes activos con alta satisfacci\u00f3n.<\/span><\/li>\n<li style=\"font-weight: 400;\" aria-level=\"1\"><span style=\"font-weight: 400;\">Lanza una campa\u00f1a de reactivaci\u00f3n simple: correo personalizado + llamada de seguimiento.<\/span><\/li>\n<\/ul>\n<p><span style=\"font-weight: 400;\">The <\/span><a href=\"https:\/\/www.actionproject.es\/en_gb\/blog\/que-son-los-kpi-de-una-empresa\/\"><span style=\"font-weight: 400;\">coste de adquisici\u00f3n<\/span><\/a><span style=\"font-weight: 400;\"> de un cliente ya ganado es entre 5 y 7 veces menor que el de uno nuevo.<\/span><\/p>\n<h3><\/h3>\n<h3><b>3. Revisa y simplifica la <\/b><a href=\"https:\/\/www.actionproject.es\/en_gb\/blog\/crear-propuesta-de-valor-empresa\/\"><b>propuesta de valor<\/b><\/a><\/h3>\n<p><span style=\"font-weight: 400;\">A veces las ventas bajan porque el mensaje dej\u00f3 de resonar, no el producto:<\/span><\/p>\n<ul>\n<li style=\"font-weight: 400;\" aria-level=\"1\"><span style=\"font-weight: 400;\">Compara tu propuesta actual con la de los \u00faltimos 3 meses. \u00bfHa cambiado el mercado?<\/span><\/li>\n<li style=\"font-weight: 400;\" aria-level=\"1\"><span style=\"font-weight: 400;\">Habla con 3\u20135 clientes recientes y preg\u00fantales qu\u00e9 les hizo decidir.<\/span><\/li>\n<li style=\"font-weight: 400;\" aria-level=\"1\"><span style=\"font-weight: 400;\">Elimina fricciones en el proceso de compra: formularios largos, pasos innecesarios, precios poco visibles.<\/span><\/li>\n<\/ul>\n<h3><\/h3>\n<h3><b>4. Refuerza la actividad comercial con un sprint corto<\/b><\/h3>\n<p><a href=\"https:\/\/www.actionproject.es\/en_gb\/blog\/metodologias-agiles-pymes-scrum-kanban\/\"><span style=\"font-weight: 400;\">Un sprint<\/span><\/a><span style=\"font-weight: 400;\"> comercial es un periodo acotado (1\u20133 semanas) de actividad intensiva y medida:<\/span><\/p>\n<ul>\n<li style=\"font-weight: 400;\" aria-level=\"1\"><span style=\"font-weight: 400;\">Define un objetivo num\u00e9rico claro: X reuniones, Y propuestas enviadas.<\/span><\/li>\n<li style=\"font-weight: 400;\" aria-level=\"1\"><span style=\"font-weight: 400;\">Establece seguimiento diario, no semanal.<\/span><\/li>\n<li style=\"font-weight: 400;\" aria-level=\"1\"><span style=\"font-weight: 400;\">Elimina tareas administrativas del equipo durante ese periodo.<\/span><\/li>\n<\/ul>\n<h3><\/h3>\n<h3><b>5. Controla el flujo de caja en paralelo<\/b><\/h3>\n<p><span style=\"font-weight: 400;\">Reactivar ventas lleva tiempo. Mientras tanto, protege la <\/span><a href=\"https:\/\/www.actionproject.es\/en_gb\/blog\/evitar-descontrol-financiero-pymes\/\"><span style=\"font-weight: 400;\">tesorer\u00eda<\/span><\/a><span style=\"font-weight: 400;\">:<\/span><\/p>\n<ul>\n<li style=\"font-weight: 400;\" aria-level=\"1\"><span style=\"font-weight: 400;\">Negocia aplazamientos con proveedores si es necesario.<\/span><\/li>\n<li style=\"font-weight: 400;\" aria-level=\"1\"><span style=\"font-weight: 400;\">Prioriza el cobro de facturas pendientes.<\/span><\/li>\n<li style=\"font-weight: 400;\" aria-level=\"1\"><span style=\"font-weight: 400;\">Identifica gastos prescindibles que puedes pausar sin impacto operativo.<\/span><\/li>\n<\/ul>\n<h2><\/h2>\n<h2><b>Errores que agravan la ca\u00edda<\/b><\/h2>\n<ul>\n<li style=\"font-weight: 400;\" aria-level=\"1\"><a href=\"https:\/\/www.actionproject.es\/en_gb\/blog\/estrategias-ventaja-competitiva-negocio\/\"><b>Bajar precios sin an\u00e1lisis previo.<\/b><\/a><span style=\"font-weight: 400;\"> Destruye margen sin garantizar volumen.<\/span><\/li>\n<li style=\"font-weight: 400;\" aria-level=\"1\"><b>Cambiar el mensaje cada semana.<\/b><span style=\"font-weight: 400;\"> La inestabilidad confunde al mercado.<\/span><\/li>\n<li style=\"font-weight: 400;\" aria-level=\"1\"><b>Sobrecargar al equipo.<\/b><span style=\"font-weight: 400;\"> La presi\u00f3n sin direcci\u00f3n genera par\u00e1lisis.<\/span><\/li>\n<li style=\"font-weight: 400;\" aria-level=\"1\"><b>Ignorar los datos.<\/b> <a href=\"https:\/\/www.actionproject.es\/en_gb\/blog\/analisis-datos-pymes-decisiones-informacion\/\"><span style=\"font-weight: 400;\">Las decisiones por intuici\u00f3n <\/span><\/a><span style=\"font-weight: 400;\">tienen un coste alto en contextos de crisis.<\/span><\/li>\n<\/ul>\n<h2><\/h2>\n<h2><b>FAQ<\/b><\/h2>\n<h3><\/h3>\n<h3><b>\u00bfEn cu\u00e1nto tiempo se ven resultados con estas acciones?<\/b><\/h3>\n<p><span style=\"font-weight: 400;\">Depende del ciclo de venta de tu negocio. En servicios con ciclos cortos, entre 2 y 4 semanas. En B2B con ciclos largos, el impacto real se ve a partir del mes 6\u20138 semanas.<\/span><\/p>\n<h3><\/h3>\n<h3><b>\u00bfTengo que hacer todas las acciones a la vez?<\/b><\/h3>\n<p><span style=\"font-weight: 400;\">No. Prioriza seg\u00fan el diagn\u00f3stico inicial. Si el problema es de leads, empieza por los puntos 3 y 4. Si es de cierre, c\u00e9ntrate en el 1 y el 2.<\/span><\/p>\n<h3><\/h3>\n<h3><b>\u00bfC\u00f3mo s\u00e9 si la ca\u00edda es estructural o coyuntural?<\/b><\/h3>\n<p><span style=\"font-weight: 400;\">Compara con el sector. Si competidores directos tambi\u00e9n reportan ca\u00eddas, el problema es de mercado. Si solo te afecta a ti, el problema es interno.<\/span><\/p>\n<h3><\/h3>\n<h3><b>\u00bfVale la pena contratar m\u00e1s comerciales en este momento?<\/b><\/h3>\n<p><span style=\"font-weight: 400;\">Generalmente, no. Incorporar a alguien nuevo en un momento de ca\u00edda a\u00f1ade coste fijo sin impacto inmediato. Primero optimiza lo que tienes.<\/span><\/p>\n<p><span style=\"font-weight: 400;\">Si las ventas de tu empresa est\u00e1n bajo presi\u00f3n y necesitas un<\/span><a href=\"https:\/\/www.actionproject.es\/en_gb\/blog\/necesito-consultoria-estrategica-empresarial\/\"><span style=\"font-weight: 400;\"> diagn\u00f3stico externo <\/span><\/a><span style=\"font-weight: 400;\">con perspectiva, <\/span><a href=\"https:\/\/www.actionproject.es\/en_gb\/blog\/consultoria-empresarial-exito-negocio\/\"><b>pide tu consultor\u00eda gratuita<\/b><\/a><span style=\"font-weight: 400;\"> con ActionProject. Tambi\u00e9n puedes <\/span><a href=\"https:\/\/www.actionproject.es\/en_gb\/contacto\/\"><b>contactar con ActionProject<\/b><\/a><span style=\"font-weight: 400;\"> para definir un plan de reactivaci\u00f3n comercial adaptado a tu sector y tama\u00f1o.<\/span><\/p>","protected":false},"excerpt":{"rendered":"<p>Las ventas han ca\u00eddo y el silencio en el pipeline empieza a pesar. No es momento de an\u00e1lisis interminables: es momento de actuar con criterio y velocidad. Qu\u00e9 significa una ca\u00edda de ventas (y cu\u00e1ndo actuar ya) Una bajada de ventas es cualquier descenso sostenido de ingresos durante dos o m\u00e1s semanas consecutivas que no [&hellip;]<\/p>\n","protected":false},"author":3,"featured_media":2388,"comment_status":"open","ping_status":"open","sticky":false,"template":"","format":"standard","meta":{"_acf_changed":false,"_joinchat":[],"footnotes":""},"categories":[10],"tags":[263,290,336,46,21,205,358,311,357,356],"class_list":["post-2387","post","type-post","status-publish","format-standard","has-post-thumbnail","hentry","category-estrategia-empresarial","tag-consultoria","tag-estrategia-comercial","tag-flujo-de-caja","tag-gestion-de-crisis","tag-liderazgo-empresarial","tag-negocio","tag-pequena-empresa","tag-pyme","tag-reactivacion-comercial","tag-ventas"],"acf":[],"aioseo_notices":[],"yoast_head":"<!-- This site is optimized with the Yoast SEO plugin v27.3 - https:\/\/yoast.com\/product\/yoast-seo-wordpress\/ -->\n<title>Qu\u00e9 hacer cuando bajan las ventas: 5 acciones urgentes | ActionProject<\/title>\n<meta name=\"description\" content=\"Las ventas han ca\u00eddo y necesitas actuar ya. Descubre 5 acciones inmediatas para reactivar ingresos en tu PYME con criterio y sin perder margen.\" \/>\n<meta name=\"robots\" content=\"index, follow, max-snippet:-1, max-image-preview:large, max-video-preview:-1\" \/>\n<link rel=\"canonical\" href=\"https:\/\/www.actionproject.es\/en_gb\/blog\/que-hacer-cuando-bajan-las-ventas\/\" \/>\n<meta property=\"og:locale\" content=\"en_GB\" \/>\n<meta property=\"og:type\" content=\"article\" \/>\n<meta property=\"og:title\" content=\"Qu\u00e9 hacer cuando bajan las ventas: 5 acciones urgentes | ActionProject\" \/>\n<meta property=\"og:description\" content=\"Las ventas han ca\u00eddo y necesitas actuar ya. Descubre 5 acciones inmediatas para reactivar ingresos en tu PYME con criterio y sin perder margen.\" \/>\n<meta property=\"og:url\" content=\"https:\/\/www.actionproject.es\/en_gb\/blog\/que-hacer-cuando-bajan-las-ventas\/\" \/>\n<meta property=\"og:site_name\" content=\"Action Project\" \/>\n<meta property=\"article:published_time\" content=\"2026-02-27T06:19:46+00:00\" \/>\n<meta property=\"og:image\" content=\"https:\/\/www.actionproject.es\/wp-content\/uploads\/2026\/02\/andslkfja.png\" \/>\n\t<meta property=\"og:image:width\" content=\"1920\" \/>\n\t<meta property=\"og:image:height\" content=\"1080\" \/>\n\t<meta property=\"og:image:type\" content=\"image\/png\" \/>\n<meta name=\"author\" content=\"actionproject\" \/>\n<meta name=\"twitter:card\" content=\"summary_large_image\" \/>\n<meta name=\"twitter:label1\" content=\"Written by\" \/>\n\t<meta name=\"twitter:data1\" content=\"actionproject\" \/>\n\t<meta name=\"twitter:label2\" content=\"Estimated reading time\" \/>\n\t<meta name=\"twitter:data2\" content=\"4 minutes\" \/>\n<script type=\"application\/ld+json\" class=\"yoast-schema-graph\">{\"@context\":\"https:\\\/\\\/schema.org\",\"@graph\":[{\"@type\":\"Article\",\"@id\":\"https:\\\/\\\/www.actionproject.es\\\/blog\\\/que-hacer-cuando-bajan-las-ventas\\\/#article\",\"isPartOf\":{\"@id\":\"https:\\\/\\\/www.actionproject.es\\\/blog\\\/que-hacer-cuando-bajan-las-ventas\\\/\"},\"author\":{\"name\":\"actionproject\",\"@id\":\"https:\\\/\\\/www.actionproject.es\\\/#\\\/schema\\\/person\\\/4633f258256b38e12daba9bddcd55c3b\"},\"headline\":\"Qu\u00e9 hacer cuando las ventas bajan: 5 acciones urgentes para reactivar ingresos\",\"datePublished\":\"2026-02-27T06:19:46+00:00\",\"mainEntityOfPage\":{\"@id\":\"https:\\\/\\\/www.actionproject.es\\\/blog\\\/que-hacer-cuando-bajan-las-ventas\\\/\"},\"wordCount\":713,\"commentCount\":0,\"publisher\":{\"@id\":\"https:\\\/\\\/www.actionproject.es\\\/#organization\"},\"image\":{\"@id\":\"https:\\\/\\\/www.actionproject.es\\\/blog\\\/que-hacer-cuando-bajan-las-ventas\\\/#primaryimage\"},\"thumbnailUrl\":\"https:\\\/\\\/www.actionproject.es\\\/wp-content\\\/uploads\\\/2026\\\/02\\\/andslkfja.png\",\"keywords\":[\"Consultor\u00eda\",\"estrategia comercial\",\"flujo de caja\",\"gesti\u00f3n de crisis\",\"liderazgo empresarial\",\"negocio\",\"peque\u00f1a empresa\",\"PYME\",\"reactivaci\u00f3n comercial\",\"ventas\"],\"articleSection\":[\"Estrategia empresarial\"],\"inLanguage\":\"en-GB\",\"potentialAction\":[{\"@type\":\"CommentAction\",\"name\":\"Comment\",\"target\":[\"https:\\\/\\\/www.actionproject.es\\\/blog\\\/que-hacer-cuando-bajan-las-ventas\\\/#respond\"]}]},{\"@type\":\"WebPage\",\"@id\":\"https:\\\/\\\/www.actionproject.es\\\/blog\\\/que-hacer-cuando-bajan-las-ventas\\\/\",\"url\":\"https:\\\/\\\/www.actionproject.es\\\/blog\\\/que-hacer-cuando-bajan-las-ventas\\\/\",\"name\":\"Qu\u00e9 hacer cuando bajan las ventas: 5 acciones urgentes | ActionProject\",\"isPartOf\":{\"@id\":\"https:\\\/\\\/www.actionproject.es\\\/#website\"},\"primaryImageOfPage\":{\"@id\":\"https:\\\/\\\/www.actionproject.es\\\/blog\\\/que-hacer-cuando-bajan-las-ventas\\\/#primaryimage\"},\"image\":{\"@id\":\"https:\\\/\\\/www.actionproject.es\\\/blog\\\/que-hacer-cuando-bajan-las-ventas\\\/#primaryimage\"},\"thumbnailUrl\":\"https:\\\/\\\/www.actionproject.es\\\/wp-content\\\/uploads\\\/2026\\\/02\\\/andslkfja.png\",\"datePublished\":\"2026-02-27T06:19:46+00:00\",\"description\":\"Las ventas han ca\u00eddo y necesitas actuar ya. Descubre 5 acciones inmediatas para reactivar ingresos en tu PYME con criterio y sin perder margen.\",\"breadcrumb\":{\"@id\":\"https:\\\/\\\/www.actionproject.es\\\/blog\\\/que-hacer-cuando-bajan-las-ventas\\\/#breadcrumb\"},\"inLanguage\":\"en-GB\",\"potentialAction\":[{\"@type\":\"ReadAction\",\"target\":[\"https:\\\/\\\/www.actionproject.es\\\/blog\\\/que-hacer-cuando-bajan-las-ventas\\\/\"]}]},{\"@type\":\"ImageObject\",\"inLanguage\":\"en-GB\",\"@id\":\"https:\\\/\\\/www.actionproject.es\\\/blog\\\/que-hacer-cuando-bajan-las-ventas\\\/#primaryimage\",\"url\":\"https:\\\/\\\/www.actionproject.es\\\/wp-content\\\/uploads\\\/2026\\\/02\\\/andslkfja.png\",\"contentUrl\":\"https:\\\/\\\/www.actionproject.es\\\/wp-content\\\/uploads\\\/2026\\\/02\\\/andslkfja.png\",\"width\":1920,\"height\":1080},{\"@type\":\"BreadcrumbList\",\"@id\":\"https:\\\/\\\/www.actionproject.es\\\/blog\\\/que-hacer-cuando-bajan-las-ventas\\\/#breadcrumb\",\"itemListElement\":[{\"@type\":\"ListItem\",\"position\":1,\"name\":\"Portada\",\"item\":\"https:\\\/\\\/www.actionproject.es\\\/\"},{\"@type\":\"ListItem\",\"position\":2,\"name\":\"Qu\u00e9 hacer cuando las ventas bajan: 5 acciones urgentes para reactivar ingresos\"}]},{\"@type\":\"WebSite\",\"@id\":\"https:\\\/\\\/www.actionproject.es\\\/#website\",\"url\":\"https:\\\/\\\/www.actionproject.es\\\/\",\"name\":\"Action Project\",\"description\":\"\",\"publisher\":{\"@id\":\"https:\\\/\\\/www.actionproject.es\\\/#organization\"},\"potentialAction\":[{\"@type\":\"SearchAction\",\"target\":{\"@type\":\"EntryPoint\",\"urlTemplate\":\"https:\\\/\\\/www.actionproject.es\\\/?s={search_term_string}\"},\"query-input\":{\"@type\":\"PropertyValueSpecification\",\"valueRequired\":true,\"valueName\":\"search_term_string\"}}],\"inLanguage\":\"en-GB\"},{\"@type\":\"Organization\",\"@id\":\"https:\\\/\\\/www.actionproject.es\\\/#organization\",\"name\":\"Action Project\",\"url\":\"https:\\\/\\\/www.actionproject.es\\\/\",\"logo\":{\"@type\":\"ImageObject\",\"inLanguage\":\"en-GB\",\"@id\":\"https:\\\/\\\/www.actionproject.es\\\/#\\\/schema\\\/logo\\\/image\\\/\",\"url\":\"https:\\\/\\\/www.actionproject.es\\\/wp-content\\\/uploads\\\/2025\\\/02\\\/favicon-action.png\",\"contentUrl\":\"https:\\\/\\\/www.actionproject.es\\\/wp-content\\\/uploads\\\/2025\\\/02\\\/favicon-action.png\",\"width\":512,\"height\":512,\"caption\":\"Action Project\"},\"image\":{\"@id\":\"https:\\\/\\\/www.actionproject.es\\\/#\\\/schema\\\/logo\\\/image\\\/\"}},{\"@type\":\"Person\",\"@id\":\"https:\\\/\\\/www.actionproject.es\\\/#\\\/schema\\\/person\\\/4633f258256b38e12daba9bddcd55c3b\",\"name\":\"actionproject\",\"image\":{\"@type\":\"ImageObject\",\"inLanguage\":\"en-GB\",\"@id\":\"https:\\\/\\\/secure.gravatar.com\\\/avatar\\\/94aa39178cd729cb00da5a97f7f64038ff9312f3bfa8105035616ceff087f47c?s=96&d=mm&r=g\",\"url\":\"https:\\\/\\\/secure.gravatar.com\\\/avatar\\\/94aa39178cd729cb00da5a97f7f64038ff9312f3bfa8105035616ceff087f47c?s=96&d=mm&r=g\",\"contentUrl\":\"https:\\\/\\\/secure.gravatar.com\\\/avatar\\\/94aa39178cd729cb00da5a97f7f64038ff9312f3bfa8105035616ceff087f47c?s=96&d=mm&r=g\",\"caption\":\"actionproject\"},\"url\":\"https:\\\/\\\/www.actionproject.es\\\/en_gb\\\/blog\\\/author\\\/actionproject\\\/\"}]}<\/script>\n<!-- \/ Yoast SEO plugin. -->","yoast_head_json":{"title":"Qu\u00e9 hacer cuando bajan las ventas: 5 acciones urgentes | ActionProject","description":"Las ventas han ca\u00eddo y necesitas actuar ya. Descubre 5 acciones inmediatas para reactivar ingresos en tu PYME con criterio y sin perder margen.","robots":{"index":"index","follow":"follow","max-snippet":"max-snippet:-1","max-image-preview":"max-image-preview:large","max-video-preview":"max-video-preview:-1"},"canonical":"https:\/\/www.actionproject.es\/en_gb\/blog\/que-hacer-cuando-bajan-las-ventas\/","og_locale":"en_GB","og_type":"article","og_title":"Qu\u00e9 hacer cuando bajan las ventas: 5 acciones urgentes | ActionProject","og_description":"Las ventas han ca\u00eddo y necesitas actuar ya. Descubre 5 acciones inmediatas para reactivar ingresos en tu PYME con criterio y sin perder margen.","og_url":"https:\/\/www.actionproject.es\/en_gb\/blog\/que-hacer-cuando-bajan-las-ventas\/","og_site_name":"Action Project","article_published_time":"2026-02-27T06:19:46+00:00","og_image":[{"width":1920,"height":1080,"url":"https:\/\/www.actionproject.es\/wp-content\/uploads\/2026\/02\/andslkfja.png","type":"image\/png"}],"author":"actionproject","twitter_card":"summary_large_image","twitter_misc":{"Written by":"actionproject","Estimated reading time":"4 minutes"},"schema":{"@context":"https:\/\/schema.org","@graph":[{"@type":"Article","@id":"https:\/\/www.actionproject.es\/blog\/que-hacer-cuando-bajan-las-ventas\/#article","isPartOf":{"@id":"https:\/\/www.actionproject.es\/blog\/que-hacer-cuando-bajan-las-ventas\/"},"author":{"name":"actionproject","@id":"https:\/\/www.actionproject.es\/#\/schema\/person\/4633f258256b38e12daba9bddcd55c3b"},"headline":"Qu\u00e9 hacer cuando las ventas bajan: 5 acciones urgentes para reactivar ingresos","datePublished":"2026-02-27T06:19:46+00:00","mainEntityOfPage":{"@id":"https:\/\/www.actionproject.es\/blog\/que-hacer-cuando-bajan-las-ventas\/"},"wordCount":713,"commentCount":0,"publisher":{"@id":"https:\/\/www.actionproject.es\/#organization"},"image":{"@id":"https:\/\/www.actionproject.es\/blog\/que-hacer-cuando-bajan-las-ventas\/#primaryimage"},"thumbnailUrl":"https:\/\/www.actionproject.es\/wp-content\/uploads\/2026\/02\/andslkfja.png","keywords":["Consultor\u00eda","estrategia comercial","flujo de caja","gesti\u00f3n de crisis","liderazgo empresarial","negocio","peque\u00f1a empresa","PYME","reactivaci\u00f3n comercial","ventas"],"articleSection":["Estrategia empresarial"],"inLanguage":"en-GB","potentialAction":[{"@type":"CommentAction","name":"Comment","target":["https:\/\/www.actionproject.es\/blog\/que-hacer-cuando-bajan-las-ventas\/#respond"]}]},{"@type":"WebPage","@id":"https:\/\/www.actionproject.es\/blog\/que-hacer-cuando-bajan-las-ventas\/","url":"https:\/\/www.actionproject.es\/blog\/que-hacer-cuando-bajan-las-ventas\/","name":"Qu\u00e9 hacer cuando bajan las ventas: 5 acciones urgentes | ActionProject","isPartOf":{"@id":"https:\/\/www.actionproject.es\/#website"},"primaryImageOfPage":{"@id":"https:\/\/www.actionproject.es\/blog\/que-hacer-cuando-bajan-las-ventas\/#primaryimage"},"image":{"@id":"https:\/\/www.actionproject.es\/blog\/que-hacer-cuando-bajan-las-ventas\/#primaryimage"},"thumbnailUrl":"https:\/\/www.actionproject.es\/wp-content\/uploads\/2026\/02\/andslkfja.png","datePublished":"2026-02-27T06:19:46+00:00","description":"Las ventas han ca\u00eddo y necesitas actuar ya. Descubre 5 acciones inmediatas para reactivar ingresos en tu PYME con criterio y sin perder margen.","breadcrumb":{"@id":"https:\/\/www.actionproject.es\/blog\/que-hacer-cuando-bajan-las-ventas\/#breadcrumb"},"inLanguage":"en-GB","potentialAction":[{"@type":"ReadAction","target":["https:\/\/www.actionproject.es\/blog\/que-hacer-cuando-bajan-las-ventas\/"]}]},{"@type":"ImageObject","inLanguage":"en-GB","@id":"https:\/\/www.actionproject.es\/blog\/que-hacer-cuando-bajan-las-ventas\/#primaryimage","url":"https:\/\/www.actionproject.es\/wp-content\/uploads\/2026\/02\/andslkfja.png","contentUrl":"https:\/\/www.actionproject.es\/wp-content\/uploads\/2026\/02\/andslkfja.png","width":1920,"height":1080},{"@type":"BreadcrumbList","@id":"https:\/\/www.actionproject.es\/blog\/que-hacer-cuando-bajan-las-ventas\/#breadcrumb","itemListElement":[{"@type":"ListItem","position":1,"name":"Portada","item":"https:\/\/www.actionproject.es\/"},{"@type":"ListItem","position":2,"name":"Qu\u00e9 hacer cuando las ventas bajan: 5 acciones urgentes para reactivar ingresos"}]},{"@type":"WebSite","@id":"https:\/\/www.actionproject.es\/#website","url":"https:\/\/www.actionproject.es\/","name":"Action Project","description":"","publisher":{"@id":"https:\/\/www.actionproject.es\/#organization"},"potentialAction":[{"@type":"SearchAction","target":{"@type":"EntryPoint","urlTemplate":"https:\/\/www.actionproject.es\/?s={search_term_string}"},"query-input":{"@type":"PropertyValueSpecification","valueRequired":true,"valueName":"search_term_string"}}],"inLanguage":"en-GB"},{"@type":"Organization","@id":"https:\/\/www.actionproject.es\/#organization","name":"Action Project","url":"https:\/\/www.actionproject.es\/","logo":{"@type":"ImageObject","inLanguage":"en-GB","@id":"https:\/\/www.actionproject.es\/#\/schema\/logo\/image\/","url":"https:\/\/www.actionproject.es\/wp-content\/uploads\/2025\/02\/favicon-action.png","contentUrl":"https:\/\/www.actionproject.es\/wp-content\/uploads\/2025\/02\/favicon-action.png","width":512,"height":512,"caption":"Action Project"},"image":{"@id":"https:\/\/www.actionproject.es\/#\/schema\/logo\/image\/"}},{"@type":"Person","@id":"https:\/\/www.actionproject.es\/#\/schema\/person\/4633f258256b38e12daba9bddcd55c3b","name":"actionproject","image":{"@type":"ImageObject","inLanguage":"en-GB","@id":"https:\/\/secure.gravatar.com\/avatar\/94aa39178cd729cb00da5a97f7f64038ff9312f3bfa8105035616ceff087f47c?s=96&d=mm&r=g","url":"https:\/\/secure.gravatar.com\/avatar\/94aa39178cd729cb00da5a97f7f64038ff9312f3bfa8105035616ceff087f47c?s=96&d=mm&r=g","contentUrl":"https:\/\/secure.gravatar.com\/avatar\/94aa39178cd729cb00da5a97f7f64038ff9312f3bfa8105035616ceff087f47c?s=96&d=mm&r=g","caption":"actionproject"},"url":"https:\/\/www.actionproject.es\/en_gb\/blog\/author\/actionproject\/"}]}},"_links":{"self":[{"href":"https:\/\/www.actionproject.es\/en_gb\/wp-json\/wp\/v2\/posts\/2387","targetHints":{"allow":["GET"]}}],"collection":[{"href":"https:\/\/www.actionproject.es\/en_gb\/wp-json\/wp\/v2\/posts"}],"about":[{"href":"https:\/\/www.actionproject.es\/en_gb\/wp-json\/wp\/v2\/types\/post"}],"author":[{"embeddable":true,"href":"https:\/\/www.actionproject.es\/en_gb\/wp-json\/wp\/v2\/users\/3"}],"replies":[{"embeddable":true,"href":"https:\/\/www.actionproject.es\/en_gb\/wp-json\/wp\/v2\/comments?post=2387"}],"version-history":[{"count":1,"href":"https:\/\/www.actionproject.es\/en_gb\/wp-json\/wp\/v2\/posts\/2387\/revisions"}],"predecessor-version":[{"id":2389,"href":"https:\/\/www.actionproject.es\/en_gb\/wp-json\/wp\/v2\/posts\/2387\/revisions\/2389"}],"wp:featuredmedia":[{"embeddable":true,"href":"https:\/\/www.actionproject.es\/en_gb\/wp-json\/wp\/v2\/media\/2388"}],"wp:attachment":[{"href":"https:\/\/www.actionproject.es\/en_gb\/wp-json\/wp\/v2\/media?parent=2387"}],"wp:term":[{"taxonomy":"category","embeddable":true,"href":"https:\/\/www.actionproject.es\/en_gb\/wp-json\/wp\/v2\/categories?post=2387"},{"taxonomy":"post_tag","embeddable":true,"href":"https:\/\/www.actionproject.es\/en_gb\/wp-json\/wp\/v2\/tags?post=2387"}],"curies":[{"name":"wp","href":"https:\/\/api.w.org\/{rel}","templated":true}]}}