{"id":2391,"date":"2026-03-06T08:13:10","date_gmt":"2026-03-06T07:13:10","guid":{"rendered":"https:\/\/www.actionproject.es\/?p=2391"},"modified":"2026-03-06T08:13:12","modified_gmt":"2026-03-06T07:13:12","slug":"importancia-mision-empresarial","status":"publish","type":"post","link":"https:\/\/www.actionproject.es\/en_gb\/blog\/importancia-mision-empresarial\/","title":{"rendered":"Por qu\u00e9 una misi\u00f3n empresarial bien definida cambia el rumbo de tu empresa"},"content":{"rendered":"<p><span style=\"font-weight: 400;\">Sin una misi\u00f3n clara, las decisiones se toman sin criterio. La misi\u00f3n empresarial no es un texto para la p\u00e1gina de inicio: es el fundamento sobre el que se construye cada decisi\u00f3n estrat\u00e9gica. Cuando est\u00e1 bien definida, todo el equipo comprende hacia d\u00f3nde va la empresa y, sobre todo, por qu\u00e9.<\/span><\/p>\n<h2><b>Qu\u00e9 es la misi\u00f3n empresarial y cu\u00e1ndo necesitas revisarla<\/b><\/h2>\n<p><span style=\"font-weight: 400;\">The <\/span><b>misi\u00f3n empresarial<\/b><span style=\"font-weight: 400;\"> responde a tres preguntas esenciales: qu\u00e9 hace tu empresa, para qui\u00e9n lo hace y c\u00f3mo lo hace. No es una aspiraci\u00f3n de futuro \u2014eso corresponde a la visi\u00f3n\u2014, sino una descripci\u00f3n precisa de tu raz\u00f3n de ser en el presente.<\/span><\/p>\n<p><span style=\"font-weight: 400;\">Revisarla se vuelve necesario cuando:<\/span><\/p>\n<ul>\n<li style=\"font-weight: 400;\" aria-level=\"1\"><span style=\"font-weight: 400;\">The <\/span><a href=\"https:\/\/www.actionproject.es\/en_gb\/blog\/modelo-de-negocio\/\"><span style=\"font-weight: 400;\">modelo de negocio<\/span><\/a><span style=\"font-weight: 400;\"> ha evolucionado y la misi\u00f3n original ya no lo refleja<\/span><\/li>\n<li style=\"font-weight: 400;\" aria-level=\"1\"><span style=\"font-weight: 400;\">El equipo carece de criterio com\u00fan para priorizar ante conflictos<\/span><\/li>\n<li style=\"font-weight: 400;\" aria-level=\"1\"><span style=\"font-weight: 400;\">La captaci\u00f3n de clientes o talento pierde fuerza por falta de argumento diferenciador<\/span><\/li>\n<li style=\"font-weight: 400;\" aria-level=\"1\"><span style=\"font-weight: 400;\">Las decisiones estrat\u00e9gicas se toman sin un marco de referencia compartido<\/span><\/li>\n<\/ul>\n<h2><b>Por qu\u00e9 una misi\u00f3n bien definida transforma la gesti\u00f3n empresarial<\/b><\/h2>\n<p><span style=\"font-weight: 400;\">Una misi\u00f3n s\u00f3lida tiene consecuencias directas en la operativa diaria. No es un ejercicio te\u00f3rico: es una herramienta de gesti\u00f3n con impacto real y medible.<\/span><\/p>\n<ul>\n<li style=\"font-weight: 400;\" aria-level=\"1\"><b>Alinea al equipo<\/b><span style=\"font-weight: 400;\">: un prop\u00f3sito compartido convierte las decisiones individuales en acciones coherentes con la estrategia global<\/span><\/li>\n<li style=\"font-weight: 400;\" aria-level=\"1\"><b>Simplifica la <\/b><a href=\"https:\/\/www.actionproject.es\/en_gb\/blog\/toma-de-decisiones-en-la-empresa\/\"><b>toma de decisiones<\/b><\/a><span style=\"font-weight: 400;\">: ante una disyuntiva estrat\u00e9gica, la misi\u00f3n act\u00faa como filtro natural<\/span><\/li>\n<li style=\"font-weight: 400;\" aria-level=\"1\"><b>Fortalece la <\/b><a href=\"https:\/\/www.actionproject.es\/en_gb\/blog\/comunicacion-en-la-empresa\/\"><b>comunicaci\u00f3n externa<\/b><\/a><span style=\"font-weight: 400;\">: clientes, socios e inversores comprenden con claridad qu\u00e9 aportas y por qu\u00e9 elegirte<\/span><\/li>\n<li style=\"font-weight: 400;\" aria-level=\"1\"><b>Atrae talento con <\/b><a href=\"https:\/\/www.actionproject.es\/en_gb\/blog\/empieza-con-el-por-que-el-circulo-dorado-de-simon-sinek-aplicado-a-tu-negocio\/\"><b>prop\u00f3sito<\/b><\/a><span style=\"font-weight: 400;\">: las personas se incorporan a proyectos en los que creen, no solo a empresas que retribuyen<\/span><\/li>\n<li style=\"font-weight: 400;\" aria-level=\"1\"><b>Reduce la rotaci\u00f3n interna<\/b><span style=\"font-weight: 400;\">: un equipo que entiende el prop\u00f3sito tiene m\u00e1s razones para comprometerse<\/span><\/li>\n<li style=\"font-weight: 400;\" aria-level=\"1\"><b>Fundamenta el <\/b><a href=\"https:\/\/www.actionproject.es\/en_gb\/blog\/importancia-estrategia-empresarial-negocio\/\"><b>plan estrat\u00e9gico<\/b><\/a><span style=\"font-weight: 400;\">: sin misi\u00f3n definida, cualquier planificaci\u00f3n pierde su base de sustentaci\u00f3n<\/span><\/li>\n<\/ul>\n<h2><b>C\u00f3mo construir una misi\u00f3n empresarial que funcione<\/b><\/h2>\n<h3><b>Paso 1. Responde las preguntas esenciales<\/b><\/h3>\n<p><span style=\"font-weight: 400;\">Antes de redactar, construye las respuestas por escrito:<\/span><\/p>\n<ul>\n<li style=\"font-weight: 400;\" aria-level=\"1\"><span style=\"font-weight: 400;\">\u00bfQu\u00e9 problema resuelve tu empresa?<\/span><\/li>\n<li style=\"font-weight: 400;\" aria-level=\"1\"><span style=\"font-weight: 400;\">\u00bfA qui\u00e9n va dirigida tu soluci\u00f3n?<\/span><\/li>\n<li style=\"font-weight: 400;\" aria-level=\"1\"><span style=\"font-weight: 400;\">\u00bfQu\u00e9 te diferencia de otras empresas del sector?<\/span><\/li>\n<\/ul>\n<h3><b>Paso 2. Involucra al <\/b><a href=\"https:\/\/www.actionproject.es\/en_gb\/blog\/rol-de-un-directivo\/\"><b>equipo directivo<\/b><\/a><\/h3>\n<p><span style=\"font-weight: 400;\">La misi\u00f3n no puede surgir en solitario. Contrasta las respuestas con los responsables clave. Las discrepancias que aparezcan no son un obst\u00e1culo: son un diagn\u00f3stico de falta de alineaci\u00f3n estrat\u00e9gica que conviene resolver cuanto antes.<\/span><\/p>\n<h3><b>Paso 3. Red\u00e1ctala con precisi\u00f3n y sin ret\u00f3rica vac\u00eda<\/b><\/h3>\n<p><span style=\"font-weight: 400;\">Una misi\u00f3n eficaz ocupa entre una y tres frases. El lenguaje grandilocuente y los conceptos abstractos la debilitan. Si no puedes explic\u00e1rsela a un empleado nuevo en dos minutos, necesita reescribirse.<\/span><\/p>\n<h3><b>Paso 4. Val\u00eddala con la realidad operativa<\/b><\/h3>\n<p><span style=\"font-weight: 400;\">Comprueba que lo que declara la misi\u00f3n se corresponde con lo que realmente hace la empresa. La coherencia entre discurso y acci\u00f3n es lo que genera credibilidad, tanto dentro como fuera de la organizaci\u00f3n.<\/span><\/p>\n<h3><b>Paso 5. Int\u00e9grala en los procesos internos<\/b><\/h3>\n<p><span style=\"font-weight: 400;\">Una misi\u00f3n que solo aparece en la web no cumple su funci\u00f3n. Debe estar presente en el proceso de incorporaci\u00f3n, en las reuniones estrat\u00e9gicas y en los criterios de evaluaci\u00f3n del equipo.<\/span><\/p>\n<h2><b>Errores que comprometen la eficacia de la misi\u00f3n empresarial<\/b><\/h2>\n<ul>\n<li style=\"font-weight: 400;\" aria-level=\"1\"><span style=\"font-weight: 400;\">Confundir misi\u00f3n con visi\u00f3n o con valores: son tres herramientas complementarias, pero distintas<\/span><\/li>\n<li style=\"font-weight: 400;\" aria-level=\"1\"><span style=\"font-weight: 400;\">Formularla de manera tan amplia que pierda su capacidad orientadora<\/span><\/li>\n<li style=\"font-weight: 400;\" aria-level=\"1\"><span style=\"font-weight: 400;\">No actualizarla tras cambios relevantes en el modelo de negocio<\/span><\/li>\n<li style=\"font-weight: 400;\" aria-level=\"1\"><span style=\"font-weight: 400;\">Que solo la direcci\u00f3n la conozca, mientras el equipo operativo la ignora<\/span><\/li>\n<li style=\"font-weight: 400;\" aria-level=\"1\"><span style=\"font-weight: 400;\">Usarla como pieza de comunicaci\u00f3n sin conectarla con la estrategia interna<\/span><\/li>\n<\/ul>\n<h2><b>FAQ sobre la misi\u00f3n empresarial<\/b><\/h2>\n<h3><b>\u00bfCu\u00e1nto tiempo requiere definir la misi\u00f3n?<\/b><\/h3>\n<p><span style=\"font-weight: 400;\">Depende de la madurez y el tama\u00f1o de la empresa. En una PYME, un proceso bien facilitado puede resolverse en dos o tres sesiones con el equipo directivo. Lo relevante no es la rapidez, sino que el resultado sea consensuado y refleje la realidad del negocio.<\/span><\/p>\n<h3><b>\u00bfCon qu\u00e9 frecuencia debe revisarse la misi\u00f3n?<\/b><\/h3>\n<p><span style=\"font-weight: 400;\">No hay una periodicidad fija, pero conviene revisarla siempre que la empresa cambie de mercado, de modelo de negocio o de <\/span><a href=\"https:\/\/www.actionproject.es\/en_gb\/blog\/como-definir-a-tu-cliente-ideal-sin-complicarte-la-vida\/\"><span style=\"font-weight: 400;\">p\u00fablico objetivo<\/span><\/a><span style=\"font-weight: 400;\">. Tambi\u00e9n cuando el equipo crece de forma significativa y la cultura interna evoluciona.<\/span><\/p>\n<h3><b>\u00bfPuede una PYME permitirse trabajar la misi\u00f3n empresarial?<\/b><\/h3>\n<p><span style=\"font-weight: 400;\">No solo puede: es una necesidad estrat\u00e9gica. Las peque\u00f1as y medianas empresas son precisamente las que m\u00e1s se benefician de tener un prop\u00f3sito claro, porque los recursos son limitados y cada decisi\u00f3n tiene mayor peso relativo. Sin misi\u00f3n definida, el riesgo de dispersi\u00f3n estrat\u00e9gica se multiplica.<\/span><\/p>\n<h3><b>\u00bfQu\u00e9 diferencia hay entre misi\u00f3n, <\/b><a href=\"https:\/\/www.actionproject.es\/en_gb\/blog\/vision-empresarial-palanca-liderazgo-directivo\/\"><b>visi\u00f3n<\/b><\/a><b> y valores?<\/b><\/h3>\n<p><span style=\"font-weight: 400;\">The <\/span><b>misi\u00f3n<\/b><span style=\"font-weight: 400;\"> describe qu\u00e9 hace la empresa hoy y para qui\u00e9n. La <\/span><b>visi\u00f3n<\/b><span style=\"font-weight: 400;\"> marca d\u00f3nde quiere estar en el futuro. Los <\/span><b>valores<\/b><span style=\"font-weight: 400;\"> son los principios que gu\u00edan c\u00f3mo act\u00faa el equipo. Las tres herramientas son complementarias y necesitan estar alineadas para que la estrategia sea coherente.<\/span><\/p>\n<p><span style=\"font-weight: 400;\">Si quieres construir o revisar la misi\u00f3n de tu empresa con criterio estrat\u00e9gico, <\/span><a href=\"https:\/\/www.actionproject.es\/en_gb\/blog\/revision-estrategia-negocio-plan-anual\/\"><b>pide tu consultor\u00eda gratuita<\/b><\/a><span style=\"font-weight: 400;\"> y analizamos juntos el punto de partida. Tambi\u00e9n puedes <\/span><a href=\"https:\/\/www.actionproject.es\/en_gb\/contacto\/\"><b>contactar con ActionProject<\/b><\/a><span style=\"font-weight: 400;\"> para conocer c\u00f3mo trabajamos la estrategia con PYMEs.<\/span><\/p>","protected":false},"excerpt":{"rendered":"<p>Sin una misi\u00f3n clara, las decisiones se toman sin criterio. La misi\u00f3n empresarial no es un texto para la p\u00e1gina de inicio: es el fundamento sobre el que se construye cada decisi\u00f3n estrat\u00e9gica. Cuando est\u00e1 bien definida, todo el equipo comprende hacia d\u00f3nde va la empresa y, sobre todo, por qu\u00e9. Qu\u00e9 es la misi\u00f3n [&hellip;]<\/p>\n","protected":false},"author":3,"featured_media":2392,"comment_status":"open","ping_status":"open","sticky":false,"template":"","format":"standard","meta":{"_acf_changed":false,"_joinchat":[],"footnotes":""},"categories":[10],"tags":[69,359,179,204,78,86,360,274,311,308],"class_list":["post-2391","post","type-post","status-publish","format-standard","has-post-thumbnail","hentry","category-estrategia-empresarial","tag-consultoria-de-empresa","tag-cultura-empresarial","tag-direccion-estrategica","tag-estrategia-empresarial","tag-gestion-empresarial","tag-identidad-corporativa","tag-mision-empresarial","tag-planificacion-estrategica","tag-pyme","tag-valores-empresariales"],"acf":[],"aioseo_notices":[],"yoast_head":"<!-- This site is optimized with the Yoast SEO plugin v27.3 - https:\/\/yoast.com\/product\/yoast-seo-wordpress\/ -->\n<title>Misi\u00f3n empresarial: c\u00f3mo definirla bien y por qu\u00e9 importa<\/title>\n<meta name=\"description\" content=\"Una misi\u00f3n empresarial clara alinea equipos, mejora decisiones y diferencia tu negocio. Aprende a construirla paso a paso y evita los errores m\u00e1s comunes.\" \/>\n<meta name=\"robots\" content=\"index, follow, max-snippet:-1, max-image-preview:large, max-video-preview:-1\" \/>\n<link rel=\"canonical\" href=\"https:\/\/www.actionproject.es\/en_gb\/blog\/importancia-mision-empresarial\/\" \/>\n<meta property=\"og:locale\" content=\"en_GB\" \/>\n<meta property=\"og:type\" content=\"article\" \/>\n<meta property=\"og:title\" content=\"Misi\u00f3n empresarial: c\u00f3mo definirla bien y por qu\u00e9 importa\" \/>\n<meta property=\"og:description\" content=\"Una misi\u00f3n empresarial clara alinea equipos, mejora decisiones y diferencia tu negocio. Aprende a construirla paso a paso y evita los errores m\u00e1s comunes.\" \/>\n<meta property=\"og:url\" content=\"https:\/\/www.actionproject.es\/en_gb\/blog\/importancia-mision-empresarial\/\" \/>\n<meta property=\"og:site_name\" content=\"Action Project\" \/>\n<meta property=\"article:published_time\" content=\"2026-03-06T07:13:10+00:00\" \/>\n<meta property=\"article:modified_time\" content=\"2026-03-06T07:13:12+00:00\" \/>\n<meta property=\"og:image\" content=\"https:\/\/www.actionproject.es\/wp-content\/uploads\/2026\/03\/brujula.png\" \/>\n\t<meta property=\"og:image:width\" content=\"1920\" \/>\n\t<meta property=\"og:image:height\" content=\"1080\" \/>\n\t<meta property=\"og:image:type\" content=\"image\/png\" \/>\n<meta name=\"author\" content=\"actionproject\" \/>\n<meta name=\"twitter:card\" content=\"summary_large_image\" \/>\n<meta name=\"twitter:label1\" content=\"Written by\" \/>\n\t<meta name=\"twitter:data1\" content=\"actionproject\" \/>\n\t<meta name=\"twitter:label2\" content=\"Estimated reading time\" \/>\n\t<meta name=\"twitter:data2\" content=\"4 minutes\" \/>\n<script type=\"application\/ld+json\" class=\"yoast-schema-graph\">{\"@context\":\"https:\\\/\\\/schema.org\",\"@graph\":[{\"@type\":\"Article\",\"@id\":\"https:\\\/\\\/www.actionproject.es\\\/blog\\\/importancia-mision-empresarial\\\/#article\",\"isPartOf\":{\"@id\":\"https:\\\/\\\/www.actionproject.es\\\/blog\\\/importancia-mision-empresarial\\\/\"},\"author\":{\"name\":\"actionproject\",\"@id\":\"https:\\\/\\\/www.actionproject.es\\\/#\\\/schema\\\/person\\\/4633f258256b38e12daba9bddcd55c3b\"},\"headline\":\"Por qu\u00e9 una misi\u00f3n empresarial bien definida cambia el rumbo de tu empresa\",\"datePublished\":\"2026-03-06T07:13:10+00:00\",\"dateModified\":\"2026-03-06T07:13:12+00:00\",\"mainEntityOfPage\":{\"@id\":\"https:\\\/\\\/www.actionproject.es\\\/blog\\\/importancia-mision-empresarial\\\/\"},\"wordCount\":907,\"commentCount\":0,\"publisher\":{\"@id\":\"https:\\\/\\\/www.actionproject.es\\\/#organization\"},\"image\":{\"@id\":\"https:\\\/\\\/www.actionproject.es\\\/blog\\\/importancia-mision-empresarial\\\/#primaryimage\"},\"thumbnailUrl\":\"https:\\\/\\\/www.actionproject.es\\\/wp-content\\\/uploads\\\/2026\\\/03\\\/brujula.png\",\"keywords\":[\"consultor\u00eda de empresa\",\"cultura empresarial\",\"direcci\u00f3n estrat\u00e9gica\",\"estrategia empresarial\",\"gesti\u00f3n empresarial\",\"identidad corporativa\",\"misi\u00f3n empresarial\",\"planificaci\u00f3n estrat\u00e9gica\",\"PYME\",\"valores empresariales\"],\"articleSection\":[\"Estrategia empresarial\"],\"inLanguage\":\"en-GB\",\"potentialAction\":[{\"@type\":\"CommentAction\",\"name\":\"Comment\",\"target\":[\"https:\\\/\\\/www.actionproject.es\\\/blog\\\/importancia-mision-empresarial\\\/#respond\"]}]},{\"@type\":\"WebPage\",\"@id\":\"https:\\\/\\\/www.actionproject.es\\\/blog\\\/importancia-mision-empresarial\\\/\",\"url\":\"https:\\\/\\\/www.actionproject.es\\\/blog\\\/importancia-mision-empresarial\\\/\",\"name\":\"Misi\u00f3n empresarial: c\u00f3mo definirla bien y por qu\u00e9 importa\",\"isPartOf\":{\"@id\":\"https:\\\/\\\/www.actionproject.es\\\/#website\"},\"primaryImageOfPage\":{\"@id\":\"https:\\\/\\\/www.actionproject.es\\\/blog\\\/importancia-mision-empresarial\\\/#primaryimage\"},\"image\":{\"@id\":\"https:\\\/\\\/www.actionproject.es\\\/blog\\\/importancia-mision-empresarial\\\/#primaryimage\"},\"thumbnailUrl\":\"https:\\\/\\\/www.actionproject.es\\\/wp-content\\\/uploads\\\/2026\\\/03\\\/brujula.png\",\"datePublished\":\"2026-03-06T07:13:10+00:00\",\"dateModified\":\"2026-03-06T07:13:12+00:00\",\"description\":\"Una misi\u00f3n empresarial clara alinea equipos, mejora decisiones y diferencia tu negocio. Aprende a construirla paso a paso y evita los errores m\u00e1s comunes.\",\"breadcrumb\":{\"@id\":\"https:\\\/\\\/www.actionproject.es\\\/blog\\\/importancia-mision-empresarial\\\/#breadcrumb\"},\"inLanguage\":\"en-GB\",\"potentialAction\":[{\"@type\":\"ReadAction\",\"target\":[\"https:\\\/\\\/www.actionproject.es\\\/blog\\\/importancia-mision-empresarial\\\/\"]}]},{\"@type\":\"ImageObject\",\"inLanguage\":\"en-GB\",\"@id\":\"https:\\\/\\\/www.actionproject.es\\\/blog\\\/importancia-mision-empresarial\\\/#primaryimage\",\"url\":\"https:\\\/\\\/www.actionproject.es\\\/wp-content\\\/uploads\\\/2026\\\/03\\\/brujula.png\",\"contentUrl\":\"https:\\\/\\\/www.actionproject.es\\\/wp-content\\\/uploads\\\/2026\\\/03\\\/brujula.png\",\"width\":1920,\"height\":1080},{\"@type\":\"BreadcrumbList\",\"@id\":\"https:\\\/\\\/www.actionproject.es\\\/blog\\\/importancia-mision-empresarial\\\/#breadcrumb\",\"itemListElement\":[{\"@type\":\"ListItem\",\"position\":1,\"name\":\"Portada\",\"item\":\"https:\\\/\\\/www.actionproject.es\\\/\"},{\"@type\":\"ListItem\",\"position\":2,\"name\":\"Por qu\u00e9 una misi\u00f3n empresarial bien definida cambia el rumbo de tu empresa\"}]},{\"@type\":\"WebSite\",\"@id\":\"https:\\\/\\\/www.actionproject.es\\\/#website\",\"url\":\"https:\\\/\\\/www.actionproject.es\\\/\",\"name\":\"Action Project\",\"description\":\"\",\"publisher\":{\"@id\":\"https:\\\/\\\/www.actionproject.es\\\/#organization\"},\"potentialAction\":[{\"@type\":\"SearchAction\",\"target\":{\"@type\":\"EntryPoint\",\"urlTemplate\":\"https:\\\/\\\/www.actionproject.es\\\/?s={search_term_string}\"},\"query-input\":{\"@type\":\"PropertyValueSpecification\",\"valueRequired\":true,\"valueName\":\"search_term_string\"}}],\"inLanguage\":\"en-GB\"},{\"@type\":\"Organization\",\"@id\":\"https:\\\/\\\/www.actionproject.es\\\/#organization\",\"name\":\"Action Project\",\"url\":\"https:\\\/\\\/www.actionproject.es\\\/\",\"logo\":{\"@type\":\"ImageObject\",\"inLanguage\":\"en-GB\",\"@id\":\"https:\\\/\\\/www.actionproject.es\\\/#\\\/schema\\\/logo\\\/image\\\/\",\"url\":\"https:\\\/\\\/www.actionproject.es\\\/wp-content\\\/uploads\\\/2025\\\/02\\\/favicon-action.png\",\"contentUrl\":\"https:\\\/\\\/www.actionproject.es\\\/wp-content\\\/uploads\\\/2025\\\/02\\\/favicon-action.png\",\"width\":512,\"height\":512,\"caption\":\"Action Project\"},\"image\":{\"@id\":\"https:\\\/\\\/www.actionproject.es\\\/#\\\/schema\\\/logo\\\/image\\\/\"}},{\"@type\":\"Person\",\"@id\":\"https:\\\/\\\/www.actionproject.es\\\/#\\\/schema\\\/person\\\/4633f258256b38e12daba9bddcd55c3b\",\"name\":\"actionproject\",\"image\":{\"@type\":\"ImageObject\",\"inLanguage\":\"en-GB\",\"@id\":\"https:\\\/\\\/secure.gravatar.com\\\/avatar\\\/94aa39178cd729cb00da5a97f7f64038ff9312f3bfa8105035616ceff087f47c?s=96&d=mm&r=g\",\"url\":\"https:\\\/\\\/secure.gravatar.com\\\/avatar\\\/94aa39178cd729cb00da5a97f7f64038ff9312f3bfa8105035616ceff087f47c?s=96&d=mm&r=g\",\"contentUrl\":\"https:\\\/\\\/secure.gravatar.com\\\/avatar\\\/94aa39178cd729cb00da5a97f7f64038ff9312f3bfa8105035616ceff087f47c?s=96&d=mm&r=g\",\"caption\":\"actionproject\"},\"url\":\"https:\\\/\\\/www.actionproject.es\\\/en_gb\\\/blog\\\/author\\\/actionproject\\\/\"}]}<\/script>\n<!-- \/ Yoast SEO plugin. -->","yoast_head_json":{"title":"Misi\u00f3n empresarial: c\u00f3mo definirla bien y por qu\u00e9 importa","description":"Una misi\u00f3n empresarial clara alinea equipos, mejora decisiones y diferencia tu negocio. Aprende a construirla paso a paso y evita los errores m\u00e1s comunes.","robots":{"index":"index","follow":"follow","max-snippet":"max-snippet:-1","max-image-preview":"max-image-preview:large","max-video-preview":"max-video-preview:-1"},"canonical":"https:\/\/www.actionproject.es\/en_gb\/blog\/importancia-mision-empresarial\/","og_locale":"en_GB","og_type":"article","og_title":"Misi\u00f3n empresarial: c\u00f3mo definirla bien y por qu\u00e9 importa","og_description":"Una misi\u00f3n empresarial clara alinea equipos, mejora decisiones y diferencia tu negocio. Aprende a construirla paso a paso y evita los errores m\u00e1s comunes.","og_url":"https:\/\/www.actionproject.es\/en_gb\/blog\/importancia-mision-empresarial\/","og_site_name":"Action Project","article_published_time":"2026-03-06T07:13:10+00:00","article_modified_time":"2026-03-06T07:13:12+00:00","og_image":[{"width":1920,"height":1080,"url":"https:\/\/www.actionproject.es\/wp-content\/uploads\/2026\/03\/brujula.png","type":"image\/png"}],"author":"actionproject","twitter_card":"summary_large_image","twitter_misc":{"Written by":"actionproject","Estimated reading time":"4 minutes"},"schema":{"@context":"https:\/\/schema.org","@graph":[{"@type":"Article","@id":"https:\/\/www.actionproject.es\/blog\/importancia-mision-empresarial\/#article","isPartOf":{"@id":"https:\/\/www.actionproject.es\/blog\/importancia-mision-empresarial\/"},"author":{"name":"actionproject","@id":"https:\/\/www.actionproject.es\/#\/schema\/person\/4633f258256b38e12daba9bddcd55c3b"},"headline":"Por qu\u00e9 una misi\u00f3n empresarial bien definida cambia el rumbo de tu empresa","datePublished":"2026-03-06T07:13:10+00:00","dateModified":"2026-03-06T07:13:12+00:00","mainEntityOfPage":{"@id":"https:\/\/www.actionproject.es\/blog\/importancia-mision-empresarial\/"},"wordCount":907,"commentCount":0,"publisher":{"@id":"https:\/\/www.actionproject.es\/#organization"},"image":{"@id":"https:\/\/www.actionproject.es\/blog\/importancia-mision-empresarial\/#primaryimage"},"thumbnailUrl":"https:\/\/www.actionproject.es\/wp-content\/uploads\/2026\/03\/brujula.png","keywords":["consultor\u00eda de empresa","cultura empresarial","direcci\u00f3n estrat\u00e9gica","estrategia empresarial","gesti\u00f3n empresarial","identidad corporativa","misi\u00f3n empresarial","planificaci\u00f3n estrat\u00e9gica","PYME","valores empresariales"],"articleSection":["Estrategia empresarial"],"inLanguage":"en-GB","potentialAction":[{"@type":"CommentAction","name":"Comment","target":["https:\/\/www.actionproject.es\/blog\/importancia-mision-empresarial\/#respond"]}]},{"@type":"WebPage","@id":"https:\/\/www.actionproject.es\/blog\/importancia-mision-empresarial\/","url":"https:\/\/www.actionproject.es\/blog\/importancia-mision-empresarial\/","name":"Misi\u00f3n empresarial: c\u00f3mo definirla bien y por qu\u00e9 importa","isPartOf":{"@id":"https:\/\/www.actionproject.es\/#website"},"primaryImageOfPage":{"@id":"https:\/\/www.actionproject.es\/blog\/importancia-mision-empresarial\/#primaryimage"},"image":{"@id":"https:\/\/www.actionproject.es\/blog\/importancia-mision-empresarial\/#primaryimage"},"thumbnailUrl":"https:\/\/www.actionproject.es\/wp-content\/uploads\/2026\/03\/brujula.png","datePublished":"2026-03-06T07:13:10+00:00","dateModified":"2026-03-06T07:13:12+00:00","description":"Una misi\u00f3n empresarial clara alinea equipos, mejora decisiones y diferencia tu negocio. Aprende a construirla paso a paso y evita los errores m\u00e1s comunes.","breadcrumb":{"@id":"https:\/\/www.actionproject.es\/blog\/importancia-mision-empresarial\/#breadcrumb"},"inLanguage":"en-GB","potentialAction":[{"@type":"ReadAction","target":["https:\/\/www.actionproject.es\/blog\/importancia-mision-empresarial\/"]}]},{"@type":"ImageObject","inLanguage":"en-GB","@id":"https:\/\/www.actionproject.es\/blog\/importancia-mision-empresarial\/#primaryimage","url":"https:\/\/www.actionproject.es\/wp-content\/uploads\/2026\/03\/brujula.png","contentUrl":"https:\/\/www.actionproject.es\/wp-content\/uploads\/2026\/03\/brujula.png","width":1920,"height":1080},{"@type":"BreadcrumbList","@id":"https:\/\/www.actionproject.es\/blog\/importancia-mision-empresarial\/#breadcrumb","itemListElement":[{"@type":"ListItem","position":1,"name":"Portada","item":"https:\/\/www.actionproject.es\/"},{"@type":"ListItem","position":2,"name":"Por qu\u00e9 una misi\u00f3n empresarial bien definida cambia el rumbo de tu empresa"}]},{"@type":"WebSite","@id":"https:\/\/www.actionproject.es\/#website","url":"https:\/\/www.actionproject.es\/","name":"Action Project","description":"","publisher":{"@id":"https:\/\/www.actionproject.es\/#organization"},"potentialAction":[{"@type":"SearchAction","target":{"@type":"EntryPoint","urlTemplate":"https:\/\/www.actionproject.es\/?s={search_term_string}"},"query-input":{"@type":"PropertyValueSpecification","valueRequired":true,"valueName":"search_term_string"}}],"inLanguage":"en-GB"},{"@type":"Organization","@id":"https:\/\/www.actionproject.es\/#organization","name":"Action Project","url":"https:\/\/www.actionproject.es\/","logo":{"@type":"ImageObject","inLanguage":"en-GB","@id":"https:\/\/www.actionproject.es\/#\/schema\/logo\/image\/","url":"https:\/\/www.actionproject.es\/wp-content\/uploads\/2025\/02\/favicon-action.png","contentUrl":"https:\/\/www.actionproject.es\/wp-content\/uploads\/2025\/02\/favicon-action.png","width":512,"height":512,"caption":"Action Project"},"image":{"@id":"https:\/\/www.actionproject.es\/#\/schema\/logo\/image\/"}},{"@type":"Person","@id":"https:\/\/www.actionproject.es\/#\/schema\/person\/4633f258256b38e12daba9bddcd55c3b","name":"actionproject","image":{"@type":"ImageObject","inLanguage":"en-GB","@id":"https:\/\/secure.gravatar.com\/avatar\/94aa39178cd729cb00da5a97f7f64038ff9312f3bfa8105035616ceff087f47c?s=96&d=mm&r=g","url":"https:\/\/secure.gravatar.com\/avatar\/94aa39178cd729cb00da5a97f7f64038ff9312f3bfa8105035616ceff087f47c?s=96&d=mm&r=g","contentUrl":"https:\/\/secure.gravatar.com\/avatar\/94aa39178cd729cb00da5a97f7f64038ff9312f3bfa8105035616ceff087f47c?s=96&d=mm&r=g","caption":"actionproject"},"url":"https:\/\/www.actionproject.es\/en_gb\/blog\/author\/actionproject\/"}]}},"_links":{"self":[{"href":"https:\/\/www.actionproject.es\/en_gb\/wp-json\/wp\/v2\/posts\/2391","targetHints":{"allow":["GET"]}}],"collection":[{"href":"https:\/\/www.actionproject.es\/en_gb\/wp-json\/wp\/v2\/posts"}],"about":[{"href":"https:\/\/www.actionproject.es\/en_gb\/wp-json\/wp\/v2\/types\/post"}],"author":[{"embeddable":true,"href":"https:\/\/www.actionproject.es\/en_gb\/wp-json\/wp\/v2\/users\/3"}],"replies":[{"embeddable":true,"href":"https:\/\/www.actionproject.es\/en_gb\/wp-json\/wp\/v2\/comments?post=2391"}],"version-history":[{"count":1,"href":"https:\/\/www.actionproject.es\/en_gb\/wp-json\/wp\/v2\/posts\/2391\/revisions"}],"predecessor-version":[{"id":2393,"href":"https:\/\/www.actionproject.es\/en_gb\/wp-json\/wp\/v2\/posts\/2391\/revisions\/2393"}],"wp:featuredmedia":[{"embeddable":true,"href":"https:\/\/www.actionproject.es\/en_gb\/wp-json\/wp\/v2\/media\/2392"}],"wp:attachment":[{"href":"https:\/\/www.actionproject.es\/en_gb\/wp-json\/wp\/v2\/media?parent=2391"}],"wp:term":[{"taxonomy":"category","embeddable":true,"href":"https:\/\/www.actionproject.es\/en_gb\/wp-json\/wp\/v2\/categories?post=2391"},{"taxonomy":"post_tag","embeddable":true,"href":"https:\/\/www.actionproject.es\/en_gb\/wp-json\/wp\/v2\/tags?post=2391"}],"curies":[{"name":"wp","href":"https:\/\/api.w.org\/{rel}","templated":true}]}}