{"id":2615,"date":"2026-04-25T10:17:35","date_gmt":"2026-04-25T08:17:35","guid":{"rendered":"https:\/\/www.actionproject.es\/?p=2615"},"modified":"2026-04-25T10:17:37","modified_gmt":"2026-04-25T08:17:37","slug":"transformacion-digital-pyme-2026-por-donde-empezar","status":"publish","type":"post","link":"https:\/\/www.actionproject.es\/en_gb\/blog\/transformacion-digital-pyme-2026-por-donde-empezar\/","title":{"rendered":"Transformaci\u00f3n digital en 2026: Por d\u00f3nde empezar si eres una PYME"},"content":{"rendered":"<p><span style=\"font-weight: 400;\">Muchas pymes siguen confundiendo transformaci\u00f3n digital con \u00abtener una web\u00bb o \u00ababrir un perfil en redes\u00bb. En 2026, digitalizar significa repensar c\u00f3mo opera tu negocio desde dentro: procesos, datos, decisiones y personas. Si no sabes por d\u00f3nde empezar, este art\u00edculo te da un camino claro.<\/span><\/p>\n<h2><b>Qu\u00e9 es la transformaci\u00f3n digital para una PYME (y qu\u00e9 no es)<\/b><\/h2>\n<p><span style=\"font-weight: 400;\">La transformaci\u00f3n digital consiste en <\/span><b>planificar, ejecutar e implantar soluciones tecnol\u00f3gicas<\/b><span style=\"font-weight: 400;\"> \u2014software, automatizaciones, herramientas de datos\u2014 que optimicen \u00e1reas concretas de tu empresa: producci\u00f3n, administraci\u00f3n, gesti\u00f3n comercial o atenci\u00f3n al cliente.<\/span><\/p>\n<p><span style=\"font-weight: 400;\">No es:<\/span><\/p>\n<ul>\n<li style=\"font-weight: 400;\" aria-level=\"1\"><span style=\"font-weight: 400;\">Comprar tecnolog\u00eda cara sin un objetivo definido.<\/span><\/li>\n<li style=\"font-weight: 400;\" aria-level=\"1\"><span style=\"font-weight: 400;\">Lanzar una tienda online y cruzar los dedos.<\/span><\/li>\n<li style=\"font-weight: 400;\" aria-level=\"1\"><span style=\"font-weight: 400;\">Copiar lo que hacen las grandes corporaciones con presupuestos que no tienes.<\/span><\/li>\n<\/ul>\n<p><b>Cu\u00e1ndo plante\u00e1rtelo:<\/b><span style=\"font-weight: 400;\"> cuando detectas<\/span><a href=\"https:\/\/www.actionproject.es\/en_gb\/blog\/cuello-de-botella-de-una-empresa\/\"><span style=\"font-weight: 400;\"> cuellos de botella<\/span><\/a><span style=\"font-weight: 400;\"> repetitivos, dependencia excesiva de hojas de c\u00e1lculo, falta de visibilidad sobre tus n\u00fameros o dificultad para escalar sin multiplicar costes.<\/span><\/p>\n<h2><b>Ventajas reales de digitalizar tu PYME en 2026<\/b><\/h2>\n<ul>\n<li style=\"font-weight: 400;\" aria-level=\"1\"><b>Reducci\u00f3n de costes operativos<\/b><span style=\"font-weight: 400;\"> al automatizar tareas manuales y repetitivas.<\/span><\/li>\n<li style=\"font-weight: 400;\" aria-level=\"1\"><a href=\"https:\/\/www.actionproject.es\/en_gb\/blog\/analisis-datos-pymes-decisiones-informacion\/\"><b>Mejores decisiones<\/b><\/a><span style=\"font-weight: 400;\"> gracias al acceso a datos actualizados y centralizados.<\/span><\/li>\n<li style=\"font-weight: 400;\" aria-level=\"1\"><b>Mayor agilidad<\/b><span style=\"font-weight: 400;\"> para responder a cambios del mercado sin depender de procesos lentos.<\/span><\/li>\n<li style=\"font-weight: 400;\" aria-level=\"1\"><a href=\"https:\/\/www.actionproject.es\/en_gb\/blog\/plan-accion-crecimiento-pymes\/\"><b>Escalabilidad ordenada<\/b><\/a><span style=\"font-weight: 400;\">: crecer sin que la estructura se desmorone.<\/span><\/li>\n<li style=\"font-weight: 400;\" aria-level=\"1\"><a href=\"https:\/\/www.actionproject.es\/en_gb\/blog\/como-retener-talento-pyme\/\"><b>Retenci\u00f3n de talento<\/b><\/a><span style=\"font-weight: 400;\">, porque los equipos trabajan con herramientas que facilitan su d\u00eda a d\u00eda en lugar de complicarlo.<\/span><\/li>\n<li style=\"font-weight: 400;\" aria-level=\"1\"><a href=\"https:\/\/www.actionproject.es\/en_gb\/blog\/estrategias-ventaja-competitiva-negocio\/\"><b>Ventaja competitiva<\/b><\/a><b> directa<\/b><span style=\"font-weight: 400;\"> frente a competidores que siguen operando de forma anal\u00f3gica.<\/span><\/li>\n<\/ul>\n<h2><b>C\u00f3mo empezar la transformaci\u00f3n digital paso a paso<\/b><\/h2>\n<h3><b>1. Haz un diagn\u00f3stico honesto de tu situaci\u00f3n actual<\/b><\/h3>\n<p><span style=\"font-weight: 400;\">Antes de elegir herramientas, identifica <\/span><b>qu\u00e9 procesos consumen m\u00e1s tiempo, generan m\u00e1s errores o dependen de una sola persona<\/b><span style=\"font-weight: 400;\">. Sin ese mapa, cualquier inversi\u00f3n es un tiro al aire.<\/span><\/p>\n<ul>\n<li style=\"font-weight: 400;\" aria-level=\"1\"><span style=\"font-weight: 400;\">Revisa <\/span><a href=\"https:\/\/www.actionproject.es\/en_gb\/blog\/flujo-de-trabajo\/\"><span style=\"font-weight: 400;\">flujos de trabajo<\/span><\/a><span style=\"font-weight: 400;\"> clave (ventas, facturaci\u00f3n, log\u00edstica).<\/span><\/li>\n<li style=\"font-weight: 400;\" aria-level=\"1\"><span style=\"font-weight: 400;\">Detecta d\u00f3nde se pierde informaci\u00f3n o se duplican tareas.<\/span><\/li>\n<li style=\"font-weight: 400;\" aria-level=\"1\"><span style=\"font-weight: 400;\">Pregunta a tu equipo: ellos conocen los puntos de fricci\u00f3n mejor que nadie.<\/span><\/li>\n<\/ul>\n<h3><b>2. Define objetivos concretos y medibles<\/b><\/h3>\n<p><span style=\"font-weight: 400;\">No vale \u00abquiero digitalizar la empresa\u00bb. Necesitas objetivos tangibles:<\/span><\/p>\n<ul>\n<li style=\"font-weight: 400;\" aria-level=\"1\"><span style=\"font-weight: 400;\">Reducir el tiempo de facturaci\u00f3n un 30%.<\/span><\/li>\n<li style=\"font-weight: 400;\" aria-level=\"1\"><span style=\"font-weight: 400;\">Centralizar la informaci\u00f3n comercial en un solo sistema.<\/span><\/li>\n<li style=\"font-weight: 400;\" aria-level=\"1\"><span style=\"font-weight: 400;\">Automatizar respuestas a consultas frecuentes de clientes.<\/span><\/li>\n<\/ul>\n<h3><b>3. Empieza por un \u00e1rea con impacto visible<\/b><\/h3>\n<p><span style=\"font-weight: 400;\">Elegir un proyecto piloto manejable te permite <\/span><b>medir resultados reales sin arriesgar toda la operativa<\/b><span style=\"font-weight: 400;\">. \u00c1reas con alto retorno r\u00e1pido: gesti\u00f3n comercial (CRM), comunicaci\u00f3n interna o automatizaci\u00f3n de tareas administrativas.<\/span><\/p>\n<h3><b>4. Gestiona el cambio con tu equipo<\/b><\/h3>\n<p><span style=\"font-weight: 400;\">Ninguna herramienta funciona si el equipo no la adopta. La <\/span><a href=\"https:\/\/www.actionproject.es\/en_gb\/blog\/transformacion-negocios-facil-trampa-carton\/\"><b>gesti\u00f3n del cambio<\/b><\/a><span style=\"font-weight: 400;\"> es tan importante como la tecnolog\u00eda. Comunica el porqu\u00e9, forma a las personas implicadas y recoge feedback durante las primeras semanas.<\/span><\/p>\n<h3><b>5. Mide, ajusta y escala<\/b><\/h3>\n<p><span style=\"font-weight: 400;\">Establece <\/span><a href=\"https:\/\/www.actionproject.es\/en_gb\/blog\/que-son-los-kpi-de-una-empresa\/\"><b>indicadores claros<\/b><\/a><span style=\"font-weight: 400;\"> (KPIs) desde el primer d\u00eda. Si el proyecto piloto funciona, ampl\u00eda. Si no, corrige antes de seguir invirtiendo.<\/span><\/p>\n<h2><b>Errores frecuentes que frenan la digitalizaci\u00f3n<\/b><\/h2>\n<ul>\n<li style=\"font-weight: 400;\" aria-level=\"1\"><b>Querer hacerlo todo a la vez.<\/b><span style=\"font-weight: 400;\"> La transformaci\u00f3n eficaz es progresiva, no un big bang.<\/span><\/li>\n<li style=\"font-weight: 400;\" aria-level=\"1\"><b>Elegir herramientas sin definir el problema.<\/b><span style=\"font-weight: 400;\"> La tecnolog\u00eda es el medio, no el fin.<\/span><\/li>\n<li style=\"font-weight: 400;\" aria-level=\"1\"><b>Ignorar al equipo.<\/b><span style=\"font-weight: 400;\"> La resistencia al cambio mal gestionada destruye proyectos con buen planteamiento.<\/span><\/li>\n<li style=\"font-weight: 400;\" aria-level=\"1\"><b>No medir resultados.<\/b><span style=\"font-weight: 400;\"> Sin m\u00e9tricas, no sabes si est\u00e1s avanzando o gastando dinero.<\/span><\/li>\n<li style=\"font-weight: 400;\" aria-level=\"1\"><b>Prescindir de visi\u00f3n externa.<\/b><span style=\"font-weight: 400;\"> Un <\/span><a href=\"https:\/\/www.actionproject.es\/en_gb\/blog\/consultoria-empresarial-exito-negocio\/\"><span style=\"font-weight: 400;\">consultor de negocio<\/span><\/a><span style=\"font-weight: 400;\"> aporta perspectiva que desde dentro no se ve.<\/span><\/li>\n<\/ul>\n<h2><b>Preguntas frecuentes<\/b><\/h2>\n<h3><b>\u00bfCu\u00e1nto deber\u00eda invertir una PYME en transformaci\u00f3n digital?<\/b><\/h3>\n<p><span style=\"font-weight: 400;\">No hay cifra universal. Lo relevante es que la inversi\u00f3n est\u00e9 vinculada a un objetivo de negocio medible. Se puede empezar con presupuestos modestos si se eligen bien las prioridades.<\/span><\/p>\n<h3><b>\u00bfEs necesario contratar un perfil t\u00e9cnico para digitalizar mi empresa?<\/b><\/h3>\n<p><span style=\"font-weight: 400;\">No siempre. Muchas herramientas actuales est\u00e1n dise\u00f1adas para usuarios sin formaci\u00f3n t\u00e9cnica. Lo que s\u00ed necesitas es alguien con <\/span><b>visi\u00f3n estrat\u00e9gica<\/b><span style=\"font-weight: 400;\"> que conecte tecnolog\u00eda con objetivos reales de negocio.<\/span><\/p>\n<h3><b>\u00bfCu\u00e1nto tiempo tarda en notarse el impacto?<\/b><\/h3>\n<p><span style=\"font-weight: 400;\">Depende del alcance, pero un proyecto piloto bien enfocado puede mostrar resultados tangibles en <\/span><b>4 a 8 semanas<\/b><span style=\"font-weight: 400;\">. La clave es empezar por donde m\u00e1s duele.<\/span><\/p>\n<h3><b>\u00bfQu\u00e9 papel juega la <\/b><a href=\"https:\/\/www.actionproject.es\/en_gb\/blog\/inteligencia-artificial-para-pymes-aplicaciones-practicas-sin-grandes-inversiones\/\"><b>inteligencia artificial<\/b><\/a><b> en la digitalizaci\u00f3n de pymes?<\/b><\/h3>\n<p><span style=\"font-weight: 400;\">La IA es una capa m\u00e1s dentro de la transformaci\u00f3n digital, \u00fatil para automatizar an\u00e1lisis, personalizar comunicaciones o agilizar la atenci\u00f3n al cliente. Pero sin procesos ordenados debajo, la IA no hace milagros.<\/span><\/p>\n<p><span style=\"font-weight: 400;\">Si sientes que tu PYME necesita estructura para dar el paso digital con criterio, <\/span><b>pide tu consultor\u00eda gratuita<\/b><span style=\"font-weight: 400;\">. En ActionProject trabajamos contigo para trazar un plan realista, adaptado a tu situaci\u00f3n y con resultados medibles. <\/span><a href=\"https:\/\/www.actionproject.es\/en_gb\/contacto\/\"><b>Contacta<\/b><\/a><b> con ActionProject<\/b><span style=\"font-weight: 400;\"> y empezamos.<\/span><\/p>","protected":false},"excerpt":{"rendered":"<p>Muchas pymes siguen confundiendo transformaci\u00f3n digital con \u00abtener una web\u00bb o \u00ababrir un perfil en redes\u00bb. En 2026, digitalizar significa repensar c\u00f3mo opera tu negocio desde dentro: procesos, datos, decisiones y personas. Si no sabes por d\u00f3nde empezar, este art\u00edculo te da un camino claro. Qu\u00e9 es la transformaci\u00f3n digital para una PYME (y qu\u00e9 [&hellip;]<\/p>\n","protected":false},"author":3,"featured_media":2616,"comment_status":"open","ping_status":"open","sticky":false,"template":"","format":"standard","meta":{"_acf_changed":false,"_joinchat":[],"footnotes":""},"categories":[206],"tags":[268,43,124,130,265,333,311,125],"class_list":["post-2615","post","type-post","status-publish","format-standard","has-post-thumbnail","hentry","category-actualidad","tag-automatizacion","tag-consultoria-estrategica","tag-digitalizacion","tag-gestion-del-cambio","tag-inteligencia-artificial","tag-kpis","tag-pyme","tag-transformacion-digital"],"acf":[],"aioseo_notices":[],"yoast_head":"<!-- This site is optimized with the Yoast SEO plugin v27.3 - https:\/\/yoast.com\/product\/yoast-seo-wordpress\/ -->\n<title>Transformaci\u00f3n digital para PYMES en 2026 | Por d\u00f3nde empezar<\/title>\n<meta name=\"description\" content=\"Gu\u00eda pr\u00e1ctica para que tu PYME inicie su transformaci\u00f3n digital en 2026: diagn\u00f3stico, pasos clave, errores a evitar y c\u00f3mo medir resultados reales.\" \/>\n<meta name=\"robots\" content=\"index, follow, max-snippet:-1, max-image-preview:large, max-video-preview:-1\" \/>\n<link rel=\"canonical\" href=\"https:\/\/www.actionproject.es\/en_gb\/blog\/transformacion-digital-pyme-2026-por-donde-empezar\/\" \/>\n<meta property=\"og:locale\" content=\"en_GB\" \/>\n<meta property=\"og:type\" content=\"article\" \/>\n<meta property=\"og:title\" content=\"Transformaci\u00f3n digital para PYMES en 2026 | Por d\u00f3nde empezar\" \/>\n<meta property=\"og:description\" content=\"Gu\u00eda pr\u00e1ctica para que tu PYME inicie su transformaci\u00f3n digital en 2026: diagn\u00f3stico, pasos clave, errores a evitar y c\u00f3mo medir resultados reales.\" \/>\n<meta property=\"og:url\" content=\"https:\/\/www.actionproject.es\/en_gb\/blog\/transformacion-digital-pyme-2026-por-donde-empezar\/\" \/>\n<meta property=\"og:site_name\" content=\"Action Project\" \/>\n<meta property=\"article:published_time\" content=\"2026-04-25T08:17:35+00:00\" \/>\n<meta property=\"article:modified_time\" content=\"2026-04-25T08:17:37+00:00\" \/>\n<meta property=\"og:image\" content=\"https:\/\/www.actionproject.es\/wp-content\/uploads\/2026\/04\/transfor.jpg\" \/>\n\t<meta property=\"og:image:width\" content=\"1920\" \/>\n\t<meta property=\"og:image:height\" content=\"1080\" \/>\n\t<meta property=\"og:image:type\" content=\"image\/jpeg\" \/>\n<meta name=\"author\" content=\"actionproject\" \/>\n<meta name=\"twitter:card\" content=\"summary_large_image\" \/>\n<meta name=\"twitter:label1\" content=\"Written by\" \/>\n\t<meta name=\"twitter:data1\" content=\"actionproject\" \/>\n\t<meta name=\"twitter:label2\" content=\"Estimated reading time\" \/>\n\t<meta name=\"twitter:data2\" content=\"4 minutes\" \/>\n<script type=\"application\/ld+json\" class=\"yoast-schema-graph\">{\"@context\":\"https:\\\/\\\/schema.org\",\"@graph\":[{\"@type\":\"Article\",\"@id\":\"https:\\\/\\\/www.actionproject.es\\\/blog\\\/transformacion-digital-pyme-2026-por-donde-empezar\\\/#article\",\"isPartOf\":{\"@id\":\"https:\\\/\\\/www.actionproject.es\\\/blog\\\/transformacion-digital-pyme-2026-por-donde-empezar\\\/\"},\"author\":{\"name\":\"actionproject\",\"@id\":\"https:\\\/\\\/www.actionproject.es\\\/#\\\/schema\\\/person\\\/4633f258256b38e12daba9bddcd55c3b\"},\"headline\":\"Transformaci\u00f3n digital en 2026: Por d\u00f3nde empezar si eres una PYME\",\"datePublished\":\"2026-04-25T08:17:35+00:00\",\"dateModified\":\"2026-04-25T08:17:37+00:00\",\"mainEntityOfPage\":{\"@id\":\"https:\\\/\\\/www.actionproject.es\\\/blog\\\/transformacion-digital-pyme-2026-por-donde-empezar\\\/\"},\"wordCount\":789,\"commentCount\":0,\"publisher\":{\"@id\":\"https:\\\/\\\/www.actionproject.es\\\/#organization\"},\"image\":{\"@id\":\"https:\\\/\\\/www.actionproject.es\\\/blog\\\/transformacion-digital-pyme-2026-por-donde-empezar\\\/#primaryimage\"},\"thumbnailUrl\":\"https:\\\/\\\/www.actionproject.es\\\/wp-content\\\/uploads\\\/2026\\\/04\\\/transfor.jpg\",\"keywords\":[\"Automatizaci\u00f3n\",\"consultor\u00eda estrat\u00e9gica\",\"digitalizaci\u00f3n\",\"gesti\u00f3n del cambio\",\"Inteligencia Artificial\",\"KPIs\",\"PYME\",\"transformaci\u00f3n digital\"],\"articleSection\":[\"Actualidad\"],\"inLanguage\":\"en-GB\",\"potentialAction\":[{\"@type\":\"CommentAction\",\"name\":\"Comment\",\"target\":[\"https:\\\/\\\/www.actionproject.es\\\/blog\\\/transformacion-digital-pyme-2026-por-donde-empezar\\\/#respond\"]}]},{\"@type\":\"WebPage\",\"@id\":\"https:\\\/\\\/www.actionproject.es\\\/blog\\\/transformacion-digital-pyme-2026-por-donde-empezar\\\/\",\"url\":\"https:\\\/\\\/www.actionproject.es\\\/blog\\\/transformacion-digital-pyme-2026-por-donde-empezar\\\/\",\"name\":\"Transformaci\u00f3n digital para PYMES en 2026 | Por d\u00f3nde empezar\",\"isPartOf\":{\"@id\":\"https:\\\/\\\/www.actionproject.es\\\/#website\"},\"primaryImageOfPage\":{\"@id\":\"https:\\\/\\\/www.actionproject.es\\\/blog\\\/transformacion-digital-pyme-2026-por-donde-empezar\\\/#primaryimage\"},\"image\":{\"@id\":\"https:\\\/\\\/www.actionproject.es\\\/blog\\\/transformacion-digital-pyme-2026-por-donde-empezar\\\/#primaryimage\"},\"thumbnailUrl\":\"https:\\\/\\\/www.actionproject.es\\\/wp-content\\\/uploads\\\/2026\\\/04\\\/transfor.jpg\",\"datePublished\":\"2026-04-25T08:17:35+00:00\",\"dateModified\":\"2026-04-25T08:17:37+00:00\",\"description\":\"Gu\u00eda pr\u00e1ctica para que tu PYME inicie su transformaci\u00f3n digital en 2026: diagn\u00f3stico, pasos clave, errores a evitar y c\u00f3mo medir resultados reales.\",\"breadcrumb\":{\"@id\":\"https:\\\/\\\/www.actionproject.es\\\/blog\\\/transformacion-digital-pyme-2026-por-donde-empezar\\\/#breadcrumb\"},\"inLanguage\":\"en-GB\",\"potentialAction\":[{\"@type\":\"ReadAction\",\"target\":[\"https:\\\/\\\/www.actionproject.es\\\/blog\\\/transformacion-digital-pyme-2026-por-donde-empezar\\\/\"]}]},{\"@type\":\"ImageObject\",\"inLanguage\":\"en-GB\",\"@id\":\"https:\\\/\\\/www.actionproject.es\\\/blog\\\/transformacion-digital-pyme-2026-por-donde-empezar\\\/#primaryimage\",\"url\":\"https:\\\/\\\/www.actionproject.es\\\/wp-content\\\/uploads\\\/2026\\\/04\\\/transfor.jpg\",\"contentUrl\":\"https:\\\/\\\/www.actionproject.es\\\/wp-content\\\/uploads\\\/2026\\\/04\\\/transfor.jpg\",\"width\":1920,\"height\":1080},{\"@type\":\"BreadcrumbList\",\"@id\":\"https:\\\/\\\/www.actionproject.es\\\/blog\\\/transformacion-digital-pyme-2026-por-donde-empezar\\\/#breadcrumb\",\"itemListElement\":[{\"@type\":\"ListItem\",\"position\":1,\"name\":\"Portada\",\"item\":\"https:\\\/\\\/www.actionproject.es\\\/\"},{\"@type\":\"ListItem\",\"position\":2,\"name\":\"Transformaci\u00f3n digital en 2026: Por d\u00f3nde empezar si eres una PYME\"}]},{\"@type\":\"WebSite\",\"@id\":\"https:\\\/\\\/www.actionproject.es\\\/#website\",\"url\":\"https:\\\/\\\/www.actionproject.es\\\/\",\"name\":\"Action Project\",\"description\":\"\",\"publisher\":{\"@id\":\"https:\\\/\\\/www.actionproject.es\\\/#organization\"},\"potentialAction\":[{\"@type\":\"SearchAction\",\"target\":{\"@type\":\"EntryPoint\",\"urlTemplate\":\"https:\\\/\\\/www.actionproject.es\\\/?s={search_term_string}\"},\"query-input\":{\"@type\":\"PropertyValueSpecification\",\"valueRequired\":true,\"valueName\":\"search_term_string\"}}],\"inLanguage\":\"en-GB\"},{\"@type\":\"Organization\",\"@id\":\"https:\\\/\\\/www.actionproject.es\\\/#organization\",\"name\":\"Action Project\",\"url\":\"https:\\\/\\\/www.actionproject.es\\\/\",\"logo\":{\"@type\":\"ImageObject\",\"inLanguage\":\"en-GB\",\"@id\":\"https:\\\/\\\/www.actionproject.es\\\/#\\\/schema\\\/logo\\\/image\\\/\",\"url\":\"https:\\\/\\\/www.actionproject.es\\\/wp-content\\\/uploads\\\/2025\\\/02\\\/favicon-action.png\",\"contentUrl\":\"https:\\\/\\\/www.actionproject.es\\\/wp-content\\\/uploads\\\/2025\\\/02\\\/favicon-action.png\",\"width\":512,\"height\":512,\"caption\":\"Action Project\"},\"image\":{\"@id\":\"https:\\\/\\\/www.actionproject.es\\\/#\\\/schema\\\/logo\\\/image\\\/\"}},{\"@type\":\"Person\",\"@id\":\"https:\\\/\\\/www.actionproject.es\\\/#\\\/schema\\\/person\\\/4633f258256b38e12daba9bddcd55c3b\",\"name\":\"actionproject\",\"image\":{\"@type\":\"ImageObject\",\"inLanguage\":\"en-GB\",\"@id\":\"https:\\\/\\\/secure.gravatar.com\\\/avatar\\\/94aa39178cd729cb00da5a97f7f64038ff9312f3bfa8105035616ceff087f47c?s=96&d=mm&r=g\",\"url\":\"https:\\\/\\\/secure.gravatar.com\\\/avatar\\\/94aa39178cd729cb00da5a97f7f64038ff9312f3bfa8105035616ceff087f47c?s=96&d=mm&r=g\",\"contentUrl\":\"https:\\\/\\\/secure.gravatar.com\\\/avatar\\\/94aa39178cd729cb00da5a97f7f64038ff9312f3bfa8105035616ceff087f47c?s=96&d=mm&r=g\",\"caption\":\"actionproject\"},\"url\":\"https:\\\/\\\/www.actionproject.es\\\/en_gb\\\/blog\\\/author\\\/actionproject\\\/\"}]}<\/script>\n<!-- \/ Yoast SEO plugin. -->","yoast_head_json":{"title":"Transformaci\u00f3n digital para PYMES en 2026 | Por d\u00f3nde empezar","description":"Gu\u00eda pr\u00e1ctica para que tu PYME inicie su transformaci\u00f3n digital en 2026: diagn\u00f3stico, pasos clave, errores a evitar y c\u00f3mo medir resultados reales.","robots":{"index":"index","follow":"follow","max-snippet":"max-snippet:-1","max-image-preview":"max-image-preview:large","max-video-preview":"max-video-preview:-1"},"canonical":"https:\/\/www.actionproject.es\/en_gb\/blog\/transformacion-digital-pyme-2026-por-donde-empezar\/","og_locale":"en_GB","og_type":"article","og_title":"Transformaci\u00f3n digital para PYMES en 2026 | Por d\u00f3nde empezar","og_description":"Gu\u00eda pr\u00e1ctica para que tu PYME inicie su transformaci\u00f3n digital en 2026: diagn\u00f3stico, pasos clave, errores a evitar y c\u00f3mo medir resultados reales.","og_url":"https:\/\/www.actionproject.es\/en_gb\/blog\/transformacion-digital-pyme-2026-por-donde-empezar\/","og_site_name":"Action Project","article_published_time":"2026-04-25T08:17:35+00:00","article_modified_time":"2026-04-25T08:17:37+00:00","og_image":[{"width":1920,"height":1080,"url":"https:\/\/www.actionproject.es\/wp-content\/uploads\/2026\/04\/transfor.jpg","type":"image\/jpeg"}],"author":"actionproject","twitter_card":"summary_large_image","twitter_misc":{"Written by":"actionproject","Estimated reading time":"4 minutes"},"schema":{"@context":"https:\/\/schema.org","@graph":[{"@type":"Article","@id":"https:\/\/www.actionproject.es\/blog\/transformacion-digital-pyme-2026-por-donde-empezar\/#article","isPartOf":{"@id":"https:\/\/www.actionproject.es\/blog\/transformacion-digital-pyme-2026-por-donde-empezar\/"},"author":{"name":"actionproject","@id":"https:\/\/www.actionproject.es\/#\/schema\/person\/4633f258256b38e12daba9bddcd55c3b"},"headline":"Transformaci\u00f3n digital en 2026: Por d\u00f3nde empezar si eres una PYME","datePublished":"2026-04-25T08:17:35+00:00","dateModified":"2026-04-25T08:17:37+00:00","mainEntityOfPage":{"@id":"https:\/\/www.actionproject.es\/blog\/transformacion-digital-pyme-2026-por-donde-empezar\/"},"wordCount":789,"commentCount":0,"publisher":{"@id":"https:\/\/www.actionproject.es\/#organization"},"image":{"@id":"https:\/\/www.actionproject.es\/blog\/transformacion-digital-pyme-2026-por-donde-empezar\/#primaryimage"},"thumbnailUrl":"https:\/\/www.actionproject.es\/wp-content\/uploads\/2026\/04\/transfor.jpg","keywords":["Automatizaci\u00f3n","consultor\u00eda estrat\u00e9gica","digitalizaci\u00f3n","gesti\u00f3n del cambio","Inteligencia Artificial","KPIs","PYME","transformaci\u00f3n digital"],"articleSection":["Actualidad"],"inLanguage":"en-GB","potentialAction":[{"@type":"CommentAction","name":"Comment","target":["https:\/\/www.actionproject.es\/blog\/transformacion-digital-pyme-2026-por-donde-empezar\/#respond"]}]},{"@type":"WebPage","@id":"https:\/\/www.actionproject.es\/blog\/transformacion-digital-pyme-2026-por-donde-empezar\/","url":"https:\/\/www.actionproject.es\/blog\/transformacion-digital-pyme-2026-por-donde-empezar\/","name":"Transformaci\u00f3n digital para PYMES en 2026 | Por d\u00f3nde empezar","isPartOf":{"@id":"https:\/\/www.actionproject.es\/#website"},"primaryImageOfPage":{"@id":"https:\/\/www.actionproject.es\/blog\/transformacion-digital-pyme-2026-por-donde-empezar\/#primaryimage"},"image":{"@id":"https:\/\/www.actionproject.es\/blog\/transformacion-digital-pyme-2026-por-donde-empezar\/#primaryimage"},"thumbnailUrl":"https:\/\/www.actionproject.es\/wp-content\/uploads\/2026\/04\/transfor.jpg","datePublished":"2026-04-25T08:17:35+00:00","dateModified":"2026-04-25T08:17:37+00:00","description":"Gu\u00eda pr\u00e1ctica para que tu PYME inicie su transformaci\u00f3n digital en 2026: diagn\u00f3stico, pasos clave, errores a evitar y c\u00f3mo medir resultados reales.","breadcrumb":{"@id":"https:\/\/www.actionproject.es\/blog\/transformacion-digital-pyme-2026-por-donde-empezar\/#breadcrumb"},"inLanguage":"en-GB","potentialAction":[{"@type":"ReadAction","target":["https:\/\/www.actionproject.es\/blog\/transformacion-digital-pyme-2026-por-donde-empezar\/"]}]},{"@type":"ImageObject","inLanguage":"en-GB","@id":"https:\/\/www.actionproject.es\/blog\/transformacion-digital-pyme-2026-por-donde-empezar\/#primaryimage","url":"https:\/\/www.actionproject.es\/wp-content\/uploads\/2026\/04\/transfor.jpg","contentUrl":"https:\/\/www.actionproject.es\/wp-content\/uploads\/2026\/04\/transfor.jpg","width":1920,"height":1080},{"@type":"BreadcrumbList","@id":"https:\/\/www.actionproject.es\/blog\/transformacion-digital-pyme-2026-por-donde-empezar\/#breadcrumb","itemListElement":[{"@type":"ListItem","position":1,"name":"Portada","item":"https:\/\/www.actionproject.es\/"},{"@type":"ListItem","position":2,"name":"Transformaci\u00f3n digital en 2026: Por d\u00f3nde empezar si eres una PYME"}]},{"@type":"WebSite","@id":"https:\/\/www.actionproject.es\/#website","url":"https:\/\/www.actionproject.es\/","name":"Action Project","description":"","publisher":{"@id":"https:\/\/www.actionproject.es\/#organization"},"potentialAction":[{"@type":"SearchAction","target":{"@type":"EntryPoint","urlTemplate":"https:\/\/www.actionproject.es\/?s={search_term_string}"},"query-input":{"@type":"PropertyValueSpecification","valueRequired":true,"valueName":"search_term_string"}}],"inLanguage":"en-GB"},{"@type":"Organization","@id":"https:\/\/www.actionproject.es\/#organization","name":"Action Project","url":"https:\/\/www.actionproject.es\/","logo":{"@type":"ImageObject","inLanguage":"en-GB","@id":"https:\/\/www.actionproject.es\/#\/schema\/logo\/image\/","url":"https:\/\/www.actionproject.es\/wp-content\/uploads\/2025\/02\/favicon-action.png","contentUrl":"https:\/\/www.actionproject.es\/wp-content\/uploads\/2025\/02\/favicon-action.png","width":512,"height":512,"caption":"Action Project"},"image":{"@id":"https:\/\/www.actionproject.es\/#\/schema\/logo\/image\/"}},{"@type":"Person","@id":"https:\/\/www.actionproject.es\/#\/schema\/person\/4633f258256b38e12daba9bddcd55c3b","name":"actionproject","image":{"@type":"ImageObject","inLanguage":"en-GB","@id":"https:\/\/secure.gravatar.com\/avatar\/94aa39178cd729cb00da5a97f7f64038ff9312f3bfa8105035616ceff087f47c?s=96&d=mm&r=g","url":"https:\/\/secure.gravatar.com\/avatar\/94aa39178cd729cb00da5a97f7f64038ff9312f3bfa8105035616ceff087f47c?s=96&d=mm&r=g","contentUrl":"https:\/\/secure.gravatar.com\/avatar\/94aa39178cd729cb00da5a97f7f64038ff9312f3bfa8105035616ceff087f47c?s=96&d=mm&r=g","caption":"actionproject"},"url":"https:\/\/www.actionproject.es\/en_gb\/blog\/author\/actionproject\/"}]}},"_links":{"self":[{"href":"https:\/\/www.actionproject.es\/en_gb\/wp-json\/wp\/v2\/posts\/2615","targetHints":{"allow":["GET"]}}],"collection":[{"href":"https:\/\/www.actionproject.es\/en_gb\/wp-json\/wp\/v2\/posts"}],"about":[{"href":"https:\/\/www.actionproject.es\/en_gb\/wp-json\/wp\/v2\/types\/post"}],"author":[{"embeddable":true,"href":"https:\/\/www.actionproject.es\/en_gb\/wp-json\/wp\/v2\/users\/3"}],"replies":[{"embeddable":true,"href":"https:\/\/www.actionproject.es\/en_gb\/wp-json\/wp\/v2\/comments?post=2615"}],"version-history":[{"count":1,"href":"https:\/\/www.actionproject.es\/en_gb\/wp-json\/wp\/v2\/posts\/2615\/revisions"}],"predecessor-version":[{"id":2617,"href":"https:\/\/www.actionproject.es\/en_gb\/wp-json\/wp\/v2\/posts\/2615\/revisions\/2617"}],"wp:featuredmedia":[{"embeddable":true,"href":"https:\/\/www.actionproject.es\/en_gb\/wp-json\/wp\/v2\/media\/2616"}],"wp:attachment":[{"href":"https:\/\/www.actionproject.es\/en_gb\/wp-json\/wp\/v2\/media?parent=2615"}],"wp:term":[{"taxonomy":"category","embeddable":true,"href":"https:\/\/www.actionproject.es\/en_gb\/wp-json\/wp\/v2\/categories?post=2615"},{"taxonomy":"post_tag","embeddable":true,"href":"https:\/\/www.actionproject.es\/en_gb\/wp-json\/wp\/v2\/tags?post=2615"}],"curies":[{"name":"wp","href":"https:\/\/api.w.org\/{rel}","templated":true}]}}