{"id":2861,"date":"2026-08-18T09:00:00","date_gmt":"2026-08-18T07:00:00","guid":{"rendered":"https:\/\/www.actionproject.es\/?p=2861"},"modified":"2026-09-01T15:42:30","modified_gmt":"2026-09-01T13:42:30","slug":"como-retener-talento-evitar-fuga-mejores-empleados","status":"publish","type":"post","link":"https:\/\/www.actionproject.es\/en_gb\/blog\/como-retener-talento-evitar-fuga-mejores-empleados\/","title":{"rendered":"C\u00f3mo retener talento y evitar la fuga de tus mejores empleados"},"content":{"rendered":"<p>Cuando tu mejor empleado presenta la renuncia, ya es tarde: la decisi\u00f3n suele tomarse semanas o meses antes del aviso. La clave no est\u00e1 solo en qu\u00e9 ofreces, sino en detectar las se\u00f1ales de fuga a tiempo y actuar antes de que sea irreversible. En nuestro post sobre <a href=\"https:\/\/www.actionproject.es\/en_gb\/blog\/como-retener-talento-pyme\/\">estrategias de retenci\u00f3n m\u00e1s all\u00e1 del salario<\/a> vimos qu\u00e9 ofrecer; aqu\u00ed vamos un paso antes: c\u00f3mo anticiparte a la salida.<\/p>\n<h2>Qu\u00e9 es la fuga de talento y por qu\u00e9 es distinta a una simple rotaci\u00f3n<\/h2>\n<p>La fuga de talento ocurre cuando se van, espec\u00edficamente, las personas que m\u00e1s valor aportan: las que dominan procesos cr\u00edticos, lideran equipos informalmente o son referencia t\u00e9cnica. No es lo mismo que la rotaci\u00f3n natural de una plantilla. Perder a estas personas cuesta caro: formaci\u00f3n perdida, proyectos que se ralentizan y un efecto contagio sobre el resto del equipo.<\/p>\n<h2>Se\u00f1ales de que un buen empleado est\u00e1 a punto de irse<\/h2>\n<ul>\n<li>Baja su participaci\u00f3n activa en reuniones donde antes opinaba mucho<\/li>\n<li>Deja de proponer mejoras o iniciativas propias<\/li>\n<li>Empieza a pedir d\u00edas sueltos con m\u00e1s frecuencia sin motivo aparente<\/li>\n<li>Se desconecta de la <a href=\"https:\/\/www.actionproject.es\/en_gb\/blog\/cultura-empresarial\/\">cultura empresarial<\/a> y de los eventos internos<\/li>\n<li>Pregunta de forma indirecta por condiciones, pol\u00edticas de teletrabajo o planes a futuro de la empresa<\/li>\n<li>Su rendimiento no baja, pero su energ\u00eda e implicaci\u00f3n s\u00ed<\/li>\n<\/ul>\n<h2>Qu\u00e9 hacer cuando detectas estas se\u00f1ales<\/h2>\n<h3>Paso 1: Habla antes de que sea una entrevista de salida<\/h3>\n<p>No esperes a la carta de renuncia. Una conversaci\u00f3n honesta y sin presi\u00f3n, preguntando qu\u00e9 le frustra o qu\u00e9 echa en falta, resuelve m\u00e1s casos de los que parece. Esto exige un liderazgo cercano, del tipo que describimos en <a href=\"https:\/\/www.actionproject.es\/en_gb\/blog\/liderazgo-que-inspira-motivar-equipo-pyme\/\">liderazgo que inspira<\/a>.<\/p>\n<h3>Paso 2: Revisa si el problema es el rol, no la empresa<\/h3>\n<p>Muchas fugas se evitan con un cambio de responsabilidades, no con una subida salarial. Si la persona lleva tiempo en la misma funci\u00f3n sin crecer, valora <a href=\"https:\/\/www.actionproject.es\/en_gb\/blog\/asignar-roles-tareas-sin-conflictos-en-equipo\/\">reasignar roles y tareas<\/a> antes de que busque ese crecimiento fuera.<\/p>\n<h3>Paso 3: Refuerza el reconocimiento inmediato, no solo el anual<\/h3>\n<p>Un empleado con riesgo de fuga necesita ver que su trabajo se valora ya, no en la pr\u00f3xima evaluaci\u00f3n de desempe\u00f1o. Reconocimiento p\u00fablico, autonom\u00eda real y proyectos con impacto visible funcionan mejor que promesas a futuro, como explicamos en <a href=\"https:\/\/www.actionproject.es\/en_gb\/blog\/motivar-equipo-sin-subir-salarios\/\">c\u00f3mo motivar a tu equipo sin subir salarios<\/a>.<\/p>\n<h3>Paso 4: Adapta tu estilo de liderazgo al equipo actual<\/h3>\n<p>Los equipos h\u00edbridos y multigeneracionales tienen expectativas distintas a las de hace unos a\u00f1os. Revisar tu forma de dirigir con las claves de <a href=\"https:\/\/www.actionproject.es\/en_gb\/blog\/lider-pyme-2026-equipos-hibridos\/\">liderar equipos h\u00edbridos en 2026<\/a> reduce fricciones que, sin darte cuenta, empujan a la gente a irse.<\/p>\n<h3>Paso 5: Calcula el coste real de no actuar<\/h3>\n<p>Sustituir a un empleado clave puede costar entre seis y nueve meses de su salario en selecci\u00f3n, formaci\u00f3n y p\u00e9rdida de productividad. Compara ese coste con lo que costar\u00eda retenerlo: casi siempre sale m\u00e1s barato actuar a tiempo.<\/p>\n<h2>Errores que aceleran la fuga de talento<\/h2>\n<ul>\n<li>Ignorar se\u00f1ales porque \u00abel rendimiento sigue siendo bueno\u00bb<\/li>\n<li>Ofrecer una subida de sueldo como \u00fanica respuesta cuando el problema es de fondo<\/li>\n<li>No <a href=\"https:\/\/www.actionproject.es\/en_gb\/blog\/delegar-gerencia-sin-perder-control\/\">delegar responsabilidades reales<\/a> por miedo a perder el control<\/li>\n<li>Comparar a tu equipo \u00fanicamente por lo que gana la competencia, sin mirar la carga real de trabajo, algo que cuestiona nuestro post sobre si <a href=\"https:\/\/www.actionproject.es\/en_gb\/blog\/de-verdad-el-talento-es-la-clave-del-exito\/\">el talento es de verdad la clave del \u00e9xito<\/a><\/li>\n<li>No revisar c\u00f3mo se distribuye el trabajo semanal, como explicamos al hablar de <a href=\"https:\/\/www.actionproject.es\/en_gb\/blog\/como-organizar-mejor-a-tu-equipo-para-que-rinda-mas-cada-semana\/\">organizar mejor a tu equipo<\/a><\/li>\n<\/ul>\n<h2>FAQ<\/h2>\n<h3>\u00bfC\u00f3mo s\u00e9 si la se\u00f1al es fuga de talento o solo una mala semana?<\/h3>\n<p>La diferencia est\u00e1 en la duraci\u00f3n y el patr\u00f3n: una mala semana se recupera sola, la fuga de talento se mantiene o empeora durante varias semanas seguidas y afecta a varios aspectos a la vez, no solo al rendimiento.<\/p>\n<h3>\u00bfDebo ofrecer una contraoferta si ya ha recibido otra propuesta?<\/h3>\n<p>Solo como \u00faltimo recurso. Las contraofertas suelen retrasar la salida unos meses, no resolver el motivo de fondo, y generan precedentes dif\u00edciles de gestionar con el resto del equipo.<\/p>\n<h3>\u00bfEsto aplica igual en equipos peque\u00f1os de menos de diez personas?<\/h3>\n<p>S\u00ed, e incluso con m\u00e1s urgencia: en plantillas peque\u00f1as, perder a una persona clave tiene un impacto proporcionalmente mayor sobre el d\u00eda a d\u00eda de la empresa.<\/p>\n<h3>\u00bfQu\u00e9 papel juega el liderazgo inclusivo en todo esto?<\/h3>\n<p>Un estilo de <a href=\"https:\/\/www.actionproject.es\/en_gb\/blog\/liderazgo-inclusivo\/\">liderazgo inclusivo<\/a> facilita que las personas expresen su descontento antes de tomar la decisi\u00f3n de irse, lo que te da m\u00e1s margen para reaccionar a tiempo.<\/p>\n<p>Detectar la fuga de talento a tiempo es m\u00e1s barato y m\u00e1s r\u00e1pido que sustituir a quien se va. <strong>Pide tu consultor\u00eda gratuita<\/strong> y revisamos juntos el estado real de tu equipo. <a href=\"https:\/\/www.actionproject.es\/en_gb\/contacto\/\">Contacta con ActionProject<\/a>.<\/p>","protected":false},"excerpt":{"rendered":"<p>Las se\u00f1ales que anticipan la fuga de tus mejores empleados y el plan de acci\u00f3n para retenerlos antes de que la renuncia sea irreversible.<\/p>","protected":false},"author":3,"featured_media":2860,"comment_status":"open","ping_status":"open","sticky":false,"template":"","format":"standard","meta":{"_acf_changed":false,"footnotes":""},"categories":[10],"tags":[398,98,20,361,362],"class_list":["post-2861","post","type-post","status-publish","format-standard","has-post-thumbnail","hentry","category-estrategia-empresarial","tag-fuga-de-talento","tag-gestion-de-equipos","tag-liderazgo","tag-recursos-humanos-pyme","tag-retencion-de-talento"],"acf":[],"aioseo_notices":[],"aioseo_head":"\n\t\t<!-- All in One SEO 5.0.0.1 - aioseo.com -->\n\t<meta name=\"description\" content=\"Aprende a detectar las se\u00f1ales de fuga de talento antes de que tus mejores empleados se vayan y qu\u00e9 hacer para retenerlos a tiempo en tu PYME.\" \/>\n\t<meta name=\"robots\" content=\"max-image-preview:large\" \/>\n\t<meta name=\"author\" content=\"actionproject\"\/>\n\t<link rel=\"canonical\" href=\"https:\/\/www.actionproject.es\/en_gb\/blog\/como-retener-talento-evitar-fuga-mejores-empleados\/\" \/>\n\t<meta name=\"generator\" content=\"All in One SEO (AIOSEO) 5.0.0.1\" \/>\n\t\t<meta property=\"og:locale\" content=\"en_GB\" \/>\n\t\t<meta property=\"og:site_name\" content=\"ActionProject -\" \/>\n\t\t<meta property=\"og:type\" content=\"article\" \/>\n\t\t<meta property=\"og:title\" content=\"C\u00f3mo evitar la fuga de talento en tu PYME\" \/>\n\t\t<meta property=\"og:description\" content=\"Aprende a detectar las se\u00f1ales de fuga de talento antes de que tus mejores empleados se vayan y qu\u00e9 hacer para retenerlos a tiempo en tu PYME.\" \/>\n\t\t<meta property=\"og:url\" content=\"https:\/\/www.actionproject.es\/en_gb\/blog\/como-retener-talento-evitar-fuga-mejores-empleados\/\" \/>\n\t\t<meta property=\"og:image\" content=\"https:\/\/www.actionproject.es\/wp-content\/uploads\/2024\/12\/ActionProject-animado-1.gif\" \/>\n\t\t<meta property=\"og:image:secure_url\" content=\"https:\/\/www.actionproject.es\/wp-content\/uploads\/2024\/12\/ActionProject-animado-1.gif\" \/>\n\t\t<meta property=\"og:image:width\" content=\"361\" \/>\n\t\t<meta property=\"og:image:height\" content=\"123\" \/>\n\t\t<meta property=\"article:published_time\" content=\"2026-08-18T07:00:00+00:00\" \/>\n\t\t<meta property=\"article:modified_time\" content=\"2026-09-01T13:42:30+00:00\" \/>\n\t\t<meta name=\"twitter:card\" content=\"summary_large_image\" \/>\n\t\t<meta name=\"twitter:title\" content=\"C\u00f3mo evitar la fuga de talento en tu PYME\" \/>\n\t\t<meta name=\"twitter:description\" content=\"Aprende a detectar las se\u00f1ales de fuga de talento antes de que tus mejores empleados se vayan y qu\u00e9 hacer para retenerlos a tiempo en tu PYME.\" \/>\n\t\t<meta name=\"twitter:image\" content=\"https:\/\/www.actionproject.es\/wp-content\/uploads\/2024\/12\/ActionProject-animado-1.gif\" \/>\n\t\t<script type=\"application\/ld+json\" class=\"aioseo-schema\">\n\t\t\t{\"@context\":\"https:\\\/\\\/schema.org\",\"@graph\":[{\"@type\":\"BlogPosting\",\"@id\":\"https:\\\/\\\/www.actionproject.es\\\/en_gb\\\/blog\\\/como-retener-talento-evitar-fuga-mejores-empleados\\\/#blogposting\",\"name\":\"C\\u00f3mo evitar la fuga de talento en tu PYME\",\"headline\":\"C\\u00f3mo retener talento y evitar la fuga de tus mejores empleados\",\"author\":{\"@id\":\"https:\\\/\\\/www.actionproject.es\\\/en_gb\\\/blog\\\/author\\\/actionproject\\\/#author\"},\"publisher\":{\"@id\":\"https:\\\/\\\/www.actionproject.es\\\/en_gb\\\/#organization\"},\"image\":{\"@type\":\"ImageObject\",\"url\":\"https:\\\/\\\/www.actionproject.es\\\/wp-content\\\/uploads\\\/2026\\\/09\\\/retener-talento-fuga-empleados.jpg\",\"width\":1600,\"height\":893,\"caption\":\"C\\u00f3mo evitar la fuga de talento\"},\"datePublished\":\"2026-08-18T09:00:00+02:00\",\"dateModified\":\"2026-09-01T15:42:30+02:00\",\"inLanguage\":\"en-GB\",\"mainEntityOfPage\":{\"@id\":\"https:\\\/\\\/www.actionproject.es\\\/en_gb\\\/blog\\\/como-retener-talento-evitar-fuga-mejores-empleados\\\/#webpage\"},\"isPartOf\":{\"@id\":\"https:\\\/\\\/www.actionproject.es\\\/en_gb\\\/blog\\\/como-retener-talento-evitar-fuga-mejores-empleados\\\/#webpage\"},\"articleSection\":\"Estrategia empresarial, fuga de talento, gesti\\u00f3n de equipos, Liderazgo, recursos humanos PYME, retenci\\u00f3n de talento\"},{\"@type\":\"BreadcrumbList\",\"@id\":\"https:\\\/\\\/www.actionproject.es\\\/en_gb\\\/blog\\\/como-retener-talento-evitar-fuga-mejores-empleados\\\/#breadcrumblist\",\"itemListElement\":[{\"@type\":\"ListItem\",\"@id\":\"https:\\\/\\\/www.actionproject.es\\\/en_gb#listItem\",\"position\":1,\"name\":\"Home\",\"item\":\"https:\\\/\\\/www.actionproject.es\\\/en_gb\",\"nextItem\":{\"@type\":\"ListItem\",\"@id\":\"https:\\\/\\\/www.actionproject.es\\\/en_gb\\\/blog\\\/category\\\/estrategia-empresarial\\\/#listItem\",\"name\":\"Estrategia empresarial\"}},{\"@type\":\"ListItem\",\"@id\":\"https:\\\/\\\/www.actionproject.es\\\/en_gb\\\/blog\\\/category\\\/estrategia-empresarial\\\/#listItem\",\"position\":2,\"name\":\"Estrategia empresarial\",\"item\":\"https:\\\/\\\/www.actionproject.es\\\/en_gb\\\/blog\\\/category\\\/estrategia-empresarial\\\/\",\"nextItem\":{\"@type\":\"ListItem\",\"@id\":\"https:\\\/\\\/www.actionproject.es\\\/en_gb\\\/blog\\\/como-retener-talento-evitar-fuga-mejores-empleados\\\/#listItem\",\"name\":\"C\\u00f3mo retener talento y evitar la fuga de tus mejores empleados\"},\"previousItem\":{\"@type\":\"ListItem\",\"@id\":\"https:\\\/\\\/www.actionproject.es\\\/en_gb#listItem\",\"name\":\"Home\"}},{\"@type\":\"ListItem\",\"@id\":\"https:\\\/\\\/www.actionproject.es\\\/en_gb\\\/blog\\\/como-retener-talento-evitar-fuga-mejores-empleados\\\/#listItem\",\"position\":3,\"name\":\"C\\u00f3mo retener talento y evitar la fuga de tus mejores empleados\",\"previousItem\":{\"@type\":\"ListItem\",\"@id\":\"https:\\\/\\\/www.actionproject.es\\\/en_gb\\\/blog\\\/category\\\/estrategia-empresarial\\\/#listItem\",\"name\":\"Estrategia empresarial\"}}]},{\"@type\":\"Organization\",\"@id\":\"https:\\\/\\\/www.actionproject.es\\\/en_gb\\\/#organization\",\"name\":\"ActionProject\",\"url\":\"https:\\\/\\\/www.actionproject.es\\\/en_gb\\\/\",\"logo\":{\"@type\":\"ImageObject\",\"url\":\"https:\\\/\\\/www.actionproject.es\\\/wp-content\\\/uploads\\\/2025\\\/02\\\/favicon-action.png\",\"@id\":\"https:\\\/\\\/www.actionproject.es\\\/en_gb\\\/blog\\\/como-retener-talento-evitar-fuga-mejores-empleados\\\/#organizationLogo\",\"width\":512,\"height\":512},\"image\":{\"@id\":\"https:\\\/\\\/www.actionproject.es\\\/en_gb\\\/blog\\\/como-retener-talento-evitar-fuga-mejores-empleados\\\/#organizationLogo\"}},{\"@type\":\"Person\",\"@id\":\"https:\\\/\\\/www.actionproject.es\\\/en_gb\\\/blog\\\/author\\\/actionproject\\\/#author\",\"url\":\"https:\\\/\\\/www.actionproject.es\\\/en_gb\\\/blog\\\/author\\\/actionproject\\\/\",\"name\":\"actionproject\",\"image\":{\"@type\":\"ImageObject\",\"@id\":\"https:\\\/\\\/www.actionproject.es\\\/en_gb\\\/blog\\\/como-retener-talento-evitar-fuga-mejores-empleados\\\/#authorImage\",\"url\":\"https:\\\/\\\/secure.gravatar.com\\\/avatar\\\/94aa39178cd729cb00da5a97f7f64038ff9312f3bfa8105035616ceff087f47c?s=96&d=mm&r=g\",\"width\":96,\"height\":96,\"caption\":\"actionproject\"}},{\"@type\":\"WebPage\",\"@id\":\"https:\\\/\\\/www.actionproject.es\\\/en_gb\\\/blog\\\/como-retener-talento-evitar-fuga-mejores-empleados\\\/#webpage\",\"url\":\"https:\\\/\\\/www.actionproject.es\\\/en_gb\\\/blog\\\/como-retener-talento-evitar-fuga-mejores-empleados\\\/\",\"name\":\"C\\u00f3mo evitar la fuga de talento en tu PYME\",\"description\":\"Aprende a detectar las se\\u00f1ales de fuga de talento antes de que tus mejores empleados se vayan y qu\\u00e9 hacer para retenerlos a tiempo en tu PYME.\",\"inLanguage\":\"en-GB\",\"isPartOf\":{\"@id\":\"https:\\\/\\\/www.actionproject.es\\\/en_gb\\\/#website\"},\"breadcrumb\":{\"@id\":\"https:\\\/\\\/www.actionproject.es\\\/en_gb\\\/blog\\\/como-retener-talento-evitar-fuga-mejores-empleados\\\/#breadcrumblist\"},\"author\":{\"@id\":\"https:\\\/\\\/www.actionproject.es\\\/en_gb\\\/blog\\\/author\\\/actionproject\\\/#author\"},\"creator\":{\"@id\":\"https:\\\/\\\/www.actionproject.es\\\/en_gb\\\/blog\\\/author\\\/actionproject\\\/#author\"},\"image\":{\"@type\":\"ImageObject\",\"url\":\"https:\\\/\\\/www.actionproject.es\\\/wp-content\\\/uploads\\\/2026\\\/09\\\/retener-talento-fuga-empleados.jpg\",\"@id\":\"https:\\\/\\\/www.actionproject.es\\\/en_gb\\\/blog\\\/como-retener-talento-evitar-fuga-mejores-empleados\\\/#mainImage\",\"width\":1600,\"height\":893,\"caption\":\"C\\u00f3mo evitar la fuga de talento\"},\"primaryImageOfPage\":{\"@id\":\"https:\\\/\\\/www.actionproject.es\\\/en_gb\\\/blog\\\/como-retener-talento-evitar-fuga-mejores-empleados\\\/#mainImage\"},\"datePublished\":\"2026-08-18T09:00:00+02:00\",\"dateModified\":\"2026-09-01T15:42:30+02:00\"},{\"@type\":\"WebSite\",\"@id\":\"https:\\\/\\\/www.actionproject.es\\\/en_gb\\\/#website\",\"url\":\"https:\\\/\\\/www.actionproject.es\\\/en_gb\\\/\",\"name\":\"ActionProject\",\"inLanguage\":\"en-GB\",\"publisher\":{\"@id\":\"https:\\\/\\\/www.actionproject.es\\\/en_gb\\\/#organization\"}}]}\n\t\t<\/script>\n\t\t<!-- All in One SEO -->\n\n","aioseo_head_json":{"title":"C\u00f3mo evitar la fuga de talento en tu PYME","description":"Aprende a detectar las se\u00f1ales de fuga de talento antes de que tus mejores empleados se vayan y qu\u00e9 hacer para retenerlos a tiempo en tu PYME.","canonical_url":"https:\/\/www.actionproject.es\/en_gb\/blog\/como-retener-talento-evitar-fuga-mejores-empleados\/","robots":"max-image-preview:large","keywords":"","webmasterTools":{"miscellaneous":""},"schema":{"@context":"https:\/\/schema.org","@graph":[{"@type":"BlogPosting","@id":"https:\/\/www.actionproject.es\/en_gb\/blog\/como-retener-talento-evitar-fuga-mejores-empleados\/#blogposting","name":"C\u00f3mo evitar la fuga de talento en tu PYME","headline":"C\u00f3mo retener talento y evitar la fuga de tus mejores empleados","author":{"@id":"https:\/\/www.actionproject.es\/en_gb\/blog\/author\/actionproject\/#author"},"publisher":{"@id":"https:\/\/www.actionproject.es\/en_gb\/#organization"},"image":{"@type":"ImageObject","url":"https:\/\/www.actionproject.es\/wp-content\/uploads\/2026\/09\/retener-talento-fuga-empleados.jpg","width":1600,"height":893,"caption":"C\u00f3mo evitar la fuga de talento"},"datePublished":"2026-08-18T09:00:00+02:00","dateModified":"2026-09-01T15:42:30+02:00","inLanguage":"en-GB","mainEntityOfPage":{"@id":"https:\/\/www.actionproject.es\/en_gb\/blog\/como-retener-talento-evitar-fuga-mejores-empleados\/#webpage"},"isPartOf":{"@id":"https:\/\/www.actionproject.es\/en_gb\/blog\/como-retener-talento-evitar-fuga-mejores-empleados\/#webpage"},"articleSection":"Estrategia empresarial, fuga de talento, gesti\u00f3n de equipos, Liderazgo, recursos humanos PYME, retenci\u00f3n de talento"},{"@type":"BreadcrumbList","@id":"https:\/\/www.actionproject.es\/en_gb\/blog\/como-retener-talento-evitar-fuga-mejores-empleados\/#breadcrumblist","itemListElement":[{"@type":"ListItem","@id":"https:\/\/www.actionproject.es\/en_gb#listItem","position":1,"name":"Home","item":"https:\/\/www.actionproject.es\/en_gb","nextItem":{"@type":"ListItem","@id":"https:\/\/www.actionproject.es\/en_gb\/blog\/category\/estrategia-empresarial\/#listItem","name":"Estrategia empresarial"}},{"@type":"ListItem","@id":"https:\/\/www.actionproject.es\/en_gb\/blog\/category\/estrategia-empresarial\/#listItem","position":2,"name":"Estrategia empresarial","item":"https:\/\/www.actionproject.es\/en_gb\/blog\/category\/estrategia-empresarial\/","nextItem":{"@type":"ListItem","@id":"https:\/\/www.actionproject.es\/en_gb\/blog\/como-retener-talento-evitar-fuga-mejores-empleados\/#listItem","name":"C\u00f3mo retener talento y evitar la fuga de tus mejores empleados"},"previousItem":{"@type":"ListItem","@id":"https:\/\/www.actionproject.es\/en_gb#listItem","name":"Home"}},{"@type":"ListItem","@id":"https:\/\/www.actionproject.es\/en_gb\/blog\/como-retener-talento-evitar-fuga-mejores-empleados\/#listItem","position":3,"name":"C\u00f3mo retener talento y evitar la fuga de tus mejores empleados","previousItem":{"@type":"ListItem","@id":"https:\/\/www.actionproject.es\/en_gb\/blog\/category\/estrategia-empresarial\/#listItem","name":"Estrategia empresarial"}}]},{"@type":"Organization","@id":"https:\/\/www.actionproject.es\/en_gb\/#organization","name":"ActionProject","url":"https:\/\/www.actionproject.es\/en_gb\/","logo":{"@type":"ImageObject","url":"https:\/\/www.actionproject.es\/wp-content\/uploads\/2025\/02\/favicon-action.png","@id":"https:\/\/www.actionproject.es\/en_gb\/blog\/como-retener-talento-evitar-fuga-mejores-empleados\/#organizationLogo","width":512,"height":512},"image":{"@id":"https:\/\/www.actionproject.es\/en_gb\/blog\/como-retener-talento-evitar-fuga-mejores-empleados\/#organizationLogo"}},{"@type":"Person","@id":"https:\/\/www.actionproject.es\/en_gb\/blog\/author\/actionproject\/#author","url":"https:\/\/www.actionproject.es\/en_gb\/blog\/author\/actionproject\/","name":"actionproject","image":{"@type":"ImageObject","@id":"https:\/\/www.actionproject.es\/en_gb\/blog\/como-retener-talento-evitar-fuga-mejores-empleados\/#authorImage","url":"https:\/\/secure.gravatar.com\/avatar\/94aa39178cd729cb00da5a97f7f64038ff9312f3bfa8105035616ceff087f47c?s=96&d=mm&r=g","width":96,"height":96,"caption":"actionproject"}},{"@type":"WebPage","@id":"https:\/\/www.actionproject.es\/en_gb\/blog\/como-retener-talento-evitar-fuga-mejores-empleados\/#webpage","url":"https:\/\/www.actionproject.es\/en_gb\/blog\/como-retener-talento-evitar-fuga-mejores-empleados\/","name":"C\u00f3mo evitar la fuga de talento en tu PYME","description":"Aprende a detectar las se\u00f1ales de fuga de talento antes de que tus mejores empleados se vayan y qu\u00e9 hacer para retenerlos a tiempo en tu PYME.","inLanguage":"en-GB","isPartOf":{"@id":"https:\/\/www.actionproject.es\/en_gb\/#website"},"breadcrumb":{"@id":"https:\/\/www.actionproject.es\/en_gb\/blog\/como-retener-talento-evitar-fuga-mejores-empleados\/#breadcrumblist"},"author":{"@id":"https:\/\/www.actionproject.es\/en_gb\/blog\/author\/actionproject\/#author"},"creator":{"@id":"https:\/\/www.actionproject.es\/en_gb\/blog\/author\/actionproject\/#author"},"image":{"@type":"ImageObject","url":"https:\/\/www.actionproject.es\/wp-content\/uploads\/2026\/09\/retener-talento-fuga-empleados.jpg","@id":"https:\/\/www.actionproject.es\/en_gb\/blog\/como-retener-talento-evitar-fuga-mejores-empleados\/#mainImage","width":1600,"height":893,"caption":"C\u00f3mo evitar la fuga de talento"},"primaryImageOfPage":{"@id":"https:\/\/www.actionproject.es\/en_gb\/blog\/como-retener-talento-evitar-fuga-mejores-empleados\/#mainImage"},"datePublished":"2026-08-18T09:00:00+02:00","dateModified":"2026-09-01T15:42:30+02:00"},{"@type":"WebSite","@id":"https:\/\/www.actionproject.es\/en_gb\/#website","url":"https:\/\/www.actionproject.es\/en_gb\/","name":"ActionProject","inLanguage":"en-GB","publisher":{"@id":"https:\/\/www.actionproject.es\/en_gb\/#organization"}}]},"og:locale":"en_GB","og:site_name":"ActionProject -","og:type":"article","og:title":"C\u00f3mo evitar la fuga de talento en tu PYME","og:description":"Aprende a detectar las se\u00f1ales de fuga de talento antes de que tus mejores empleados se vayan y qu\u00e9 hacer para retenerlos a tiempo en tu PYME.","og:url":"https:\/\/www.actionproject.es\/en_gb\/blog\/como-retener-talento-evitar-fuga-mejores-empleados\/","og:image":"https:\/\/www.actionproject.es\/wp-content\/uploads\/2024\/12\/ActionProject-animado-1.gif","og:image:secure_url":"https:\/\/www.actionproject.es\/wp-content\/uploads\/2024\/12\/ActionProject-animado-1.gif","og:image:width":361,"og:image:height":123,"article:published_time":"2026-08-18T07:00:00+00:00","article:modified_time":"2026-09-01T13:42:30+00:00","twitter:card":"summary_large_image","twitter:title":"C\u00f3mo evitar la fuga de talento en tu PYME","twitter:description":"Aprende a detectar las se\u00f1ales de fuga de talento antes de que tus mejores empleados se vayan y qu\u00e9 hacer para retenerlos a tiempo en tu PYME.","twitter:image":"https:\/\/www.actionproject.es\/wp-content\/uploads\/2024\/12\/ActionProject-animado-1.gif"},"aioseo_meta_data":{"post_id":"2861","title":"C\u00f3mo evitar la fuga de talento en tu PYME","description":"Aprende a detectar las se\u00f1ales de fuga de talento antes de que tus mejores empleados se vayan y qu\u00e9 hacer para retenerlos a tiempo en tu PYME.","keywords":null,"keyphrases":{"focus":{"keyphrase":"fuga de talento","score":76},"additional":[]},"primary_term":null,"canonical_url":null,"og_title":null,"og_description":null,"og_object_type":"default","og_image_type":"default","og_image_url":null,"og_image_width":null,"og_image_height":null,"og_image_custom_url":null,"og_image_custom_fields":null,"og_video":null,"og_custom_url":null,"og_article_section":null,"og_article_tags":null,"twitter_use_og":false,"twitter_card":"default","twitter_image_type":"default","twitter_image_url":null,"twitter_image_custom_url":null,"twitter_image_custom_fields":null,"twitter_title":null,"twitter_description":null,"schema":{"blockGraphs":[],"customGraphs":[],"default":{"data":{"Article":[],"Course":[],"Dataset":[],"FAQPage":[],"Movie":[],"Person":[],"Product":[],"ProductReview":[],"Car":[],"Recipe":[],"Service":[],"SoftwareApplication":[],"WebPage":[]},"graphName":"","isEnabled":true},"graphs":[]},"schema_type":"default","schema_type_options":null,"pillar_content":false,"robots_default":true,"robots_noindex":false,"robots_noarchive":false,"robots_nosnippet":false,"robots_nofollow":false,"robots_noimageindex":false,"robots_noodp":false,"robots_notranslate":false,"robots_max_snippet":null,"robots_max_videopreview":null,"robots_max_imagepreview":"large","priority":null,"frequency":null,"local_seo":null,"breadcrumb_settings":null,"limit_modified_date":false,"ai":null,"created":"2026-09-01 13:37:54","updated":"2026-09-01 14:27:35","seo_analyzer_scan_date":null,"focus_keyword":"fuga de talento","additional_keywords":null,"truseo_locale":null},"aioseo_breadcrumb":"<div class=\"aioseo-breadcrumbs\"><span class=\"aioseo-breadcrumb\">\n\t\t\t<a href=\"https:\/\/www.actionproject.es\/en_gb\" title=\"Home\">Home<\/a>\n\t\t<\/span><span class=\"aioseo-breadcrumb-separator\">&raquo;<\/span><span class=\"aioseo-breadcrumb\">\n\t\t\t<a href=\"https:\/\/www.actionproject.es\/en_gb\/blog\/category\/estrategia-empresarial\/\" title=\"Estrategia empresarial\">Estrategia empresarial<\/a>\n\t\t<\/span><span class=\"aioseo-breadcrumb-separator\">&raquo;<\/span><span class=\"aioseo-breadcrumb\">\n\t\t\tC\u00f3mo retener talento y evitar la fuga de tus mejores empleados\n\t\t<\/span><\/div>","aioseo_breadcrumb_json":[{"label":"Home","link":"https:\/\/www.actionproject.es\/en_gb"},{"label":"Estrategia empresarial","link":"https:\/\/www.actionproject.es\/en_gb\/blog\/category\/estrategia-empresarial\/"},{"label":"C\u00f3mo retener talento y evitar la fuga de tus mejores empleados","link":"https:\/\/www.actionproject.es\/en_gb\/blog\/como-retener-talento-evitar-fuga-mejores-empleados\/"}],"yoast_head":"<!-- This site is optimized with the Yoast SEO plugin v27.7 - https:\/\/yoast.com\/product\/yoast-seo-wordpress\/ -->\n<title>C\u00f3mo evitar la fuga de talento en tu PYME<\/title>\n<meta name=\"description\" content=\"Aprende a detectar las se\u00f1ales de fuga de talento antes de que tus mejores empleados se vayan y qu\u00e9 hacer para retenerlos a tiempo en tu PYME.\" \/>\n<meta name=\"robots\" content=\"index, follow, max-snippet:-1, max-image-preview:large, max-video-preview:-1\" \/>\n<link rel=\"canonical\" href=\"https:\/\/www.actionproject.es\/en_gb\/blog\/como-retener-talento-evitar-fuga-mejores-empleados\/\" \/>\n<meta property=\"og:locale\" content=\"en_GB\" \/>\n<meta property=\"og:type\" content=\"article\" \/>\n<meta property=\"og:title\" content=\"C\u00f3mo evitar la fuga de talento en tu PYME\" \/>\n<meta property=\"og:description\" content=\"Aprende a detectar las se\u00f1ales de fuga de talento antes de que tus mejores empleados se vayan y qu\u00e9 hacer para retenerlos a tiempo en tu PYME.\" \/>\n<meta property=\"og:url\" content=\"https:\/\/www.actionproject.es\/en_gb\/blog\/como-retener-talento-evitar-fuga-mejores-empleados\/\" \/>\n<meta property=\"og:site_name\" content=\"ActionProject\" \/>\n<meta property=\"article:published_time\" content=\"2026-08-18T07:00:00+00:00\" \/>\n<meta property=\"article:modified_time\" content=\"2026-09-01T13:42:30+00:00\" \/>\n<meta property=\"og:image\" content=\"https:\/\/www.actionproject.es\/wp-content\/uploads\/2026\/09\/retener-talento-fuga-empleados.jpg\" \/>\n\t<meta property=\"og:image:width\" content=\"1600\" \/>\n\t<meta property=\"og:image:height\" content=\"893\" \/>\n\t<meta property=\"og:image:type\" content=\"image\/jpeg\" \/>\n<meta name=\"author\" content=\"actionproject\" \/>\n<meta name=\"twitter:card\" content=\"summary_large_image\" \/>\n<meta name=\"twitter:label1\" content=\"Written by\" \/>\n\t<meta name=\"twitter:data1\" content=\"actionproject\" \/>\n\t<meta name=\"twitter:label2\" content=\"Estimated reading time\" \/>\n\t<meta name=\"twitter:data2\" content=\"4 minutes\" \/>\n<script type=\"application\/ld+json\" class=\"yoast-schema-graph\">{\"@context\":\"https:\\\/\\\/schema.org\",\"@graph\":[{\"@type\":\"Article\",\"@id\":\"https:\\\/\\\/www.actionproject.es\\\/blog\\\/como-retener-talento-evitar-fuga-mejores-empleados\\\/#article\",\"isPartOf\":{\"@id\":\"https:\\\/\\\/www.actionproject.es\\\/blog\\\/como-retener-talento-evitar-fuga-mejores-empleados\\\/\"},\"author\":{\"name\":\"actionproject\",\"@id\":\"https:\\\/\\\/www.actionproject.es\\\/#\\\/schema\\\/person\\\/4633f258256b38e12daba9bddcd55c3b\"},\"headline\":\"C\u00f3mo retener talento y evitar la fuga de tus mejores empleados\",\"datePublished\":\"2026-08-18T07:00:00+00:00\",\"dateModified\":\"2026-09-01T13:42:30+00:00\",\"mainEntityOfPage\":{\"@id\":\"https:\\\/\\\/www.actionproject.es\\\/blog\\\/como-retener-talento-evitar-fuga-mejores-empleados\\\/\"},\"wordCount\":837,\"commentCount\":0,\"publisher\":{\"@id\":\"https:\\\/\\\/www.actionproject.es\\\/#organization\"},\"image\":{\"@id\":\"https:\\\/\\\/www.actionproject.es\\\/blog\\\/como-retener-talento-evitar-fuga-mejores-empleados\\\/#primaryimage\"},\"thumbnailUrl\":\"https:\\\/\\\/www.actionproject.es\\\/wp-content\\\/uploads\\\/2026\\\/09\\\/retener-talento-fuga-empleados.jpg\",\"keywords\":[\"fuga de talento\",\"gesti\u00f3n de equipos\",\"Liderazgo\",\"recursos humanos PYME\",\"retenci\u00f3n de talento\"],\"articleSection\":[\"Estrategia empresarial\"],\"inLanguage\":\"en-GB\",\"potentialAction\":[{\"@type\":\"CommentAction\",\"name\":\"Comment\",\"target\":[\"https:\\\/\\\/www.actionproject.es\\\/blog\\\/como-retener-talento-evitar-fuga-mejores-empleados\\\/#respond\"]}]},{\"@type\":\"WebPage\",\"@id\":\"https:\\\/\\\/www.actionproject.es\\\/blog\\\/como-retener-talento-evitar-fuga-mejores-empleados\\\/\",\"url\":\"https:\\\/\\\/www.actionproject.es\\\/blog\\\/como-retener-talento-evitar-fuga-mejores-empleados\\\/\",\"name\":\"C\u00f3mo evitar la fuga de talento en tu PYME\",\"isPartOf\":{\"@id\":\"https:\\\/\\\/www.actionproject.es\\\/#website\"},\"primaryImageOfPage\":{\"@id\":\"https:\\\/\\\/www.actionproject.es\\\/blog\\\/como-retener-talento-evitar-fuga-mejores-empleados\\\/#primaryimage\"},\"image\":{\"@id\":\"https:\\\/\\\/www.actionproject.es\\\/blog\\\/como-retener-talento-evitar-fuga-mejores-empleados\\\/#primaryimage\"},\"thumbnailUrl\":\"https:\\\/\\\/www.actionproject.es\\\/wp-content\\\/uploads\\\/2026\\\/09\\\/retener-talento-fuga-empleados.jpg\",\"datePublished\":\"2026-08-18T07:00:00+00:00\",\"dateModified\":\"2026-09-01T13:42:30+00:00\",\"description\":\"Aprende a detectar las se\u00f1ales de fuga de talento antes de que tus mejores empleados se vayan y qu\u00e9 hacer para retenerlos a tiempo en tu PYME.\",\"breadcrumb\":{\"@id\":\"https:\\\/\\\/www.actionproject.es\\\/blog\\\/como-retener-talento-evitar-fuga-mejores-empleados\\\/#breadcrumb\"},\"inLanguage\":\"en-GB\",\"potentialAction\":[{\"@type\":\"ReadAction\",\"target\":[\"https:\\\/\\\/www.actionproject.es\\\/blog\\\/como-retener-talento-evitar-fuga-mejores-empleados\\\/\"]}]},{\"@type\":\"ImageObject\",\"inLanguage\":\"en-GB\",\"@id\":\"https:\\\/\\\/www.actionproject.es\\\/blog\\\/como-retener-talento-evitar-fuga-mejores-empleados\\\/#primaryimage\",\"url\":\"https:\\\/\\\/www.actionproject.es\\\/wp-content\\\/uploads\\\/2026\\\/09\\\/retener-talento-fuga-empleados.jpg\",\"contentUrl\":\"https:\\\/\\\/www.actionproject.es\\\/wp-content\\\/uploads\\\/2026\\\/09\\\/retener-talento-fuga-empleados.jpg\",\"width\":1600,\"height\":893,\"caption\":\"C\u00f3mo evitar la fuga de talento\"},{\"@type\":\"BreadcrumbList\",\"@id\":\"https:\\\/\\\/www.actionproject.es\\\/blog\\\/como-retener-talento-evitar-fuga-mejores-empleados\\\/#breadcrumb\",\"itemListElement\":[{\"@type\":\"ListItem\",\"position\":1,\"name\":\"Portada\",\"item\":\"https:\\\/\\\/www.actionproject.es\\\/\"},{\"@type\":\"ListItem\",\"position\":2,\"name\":\"C\u00f3mo retener talento y evitar la fuga de tus mejores empleados\"}]},{\"@type\":\"WebSite\",\"@id\":\"https:\\\/\\\/www.actionproject.es\\\/#website\",\"url\":\"https:\\\/\\\/www.actionproject.es\\\/\",\"name\":\"ActionProject\",\"description\":\"\",\"publisher\":{\"@id\":\"https:\\\/\\\/www.actionproject.es\\\/#organization\"},\"potentialAction\":[{\"@type\":\"SearchAction\",\"target\":{\"@type\":\"EntryPoint\",\"urlTemplate\":\"https:\\\/\\\/www.actionproject.es\\\/?s={search_term_string}\"},\"query-input\":{\"@type\":\"PropertyValueSpecification\",\"valueRequired\":true,\"valueName\":\"search_term_string\"}}],\"inLanguage\":\"en-GB\"},{\"@type\":\"Organization\",\"@id\":\"https:\\\/\\\/www.actionproject.es\\\/#organization\",\"name\":\"Action Project\",\"url\":\"https:\\\/\\\/www.actionproject.es\\\/\",\"logo\":{\"@type\":\"ImageObject\",\"inLanguage\":\"en-GB\",\"@id\":\"https:\\\/\\\/www.actionproject.es\\\/#\\\/schema\\\/logo\\\/image\\\/\",\"url\":\"https:\\\/\\\/www.actionproject.es\\\/wp-content\\\/uploads\\\/2025\\\/02\\\/favicon-action.png\",\"contentUrl\":\"https:\\\/\\\/www.actionproject.es\\\/wp-content\\\/uploads\\\/2025\\\/02\\\/favicon-action.png\",\"width\":512,\"height\":512,\"caption\":\"Action Project\"},\"image\":{\"@id\":\"https:\\\/\\\/www.actionproject.es\\\/#\\\/schema\\\/logo\\\/image\\\/\"}},{\"@type\":\"Person\",\"@id\":\"https:\\\/\\\/www.actionproject.es\\\/#\\\/schema\\\/person\\\/4633f258256b38e12daba9bddcd55c3b\",\"name\":\"actionproject\",\"image\":{\"@type\":\"ImageObject\",\"inLanguage\":\"en-GB\",\"@id\":\"https:\\\/\\\/secure.gravatar.com\\\/avatar\\\/94aa39178cd729cb00da5a97f7f64038ff9312f3bfa8105035616ceff087f47c?s=96&d=mm&r=g\",\"url\":\"https:\\\/\\\/secure.gravatar.com\\\/avatar\\\/94aa39178cd729cb00da5a97f7f64038ff9312f3bfa8105035616ceff087f47c?s=96&d=mm&r=g\",\"contentUrl\":\"https:\\\/\\\/secure.gravatar.com\\\/avatar\\\/94aa39178cd729cb00da5a97f7f64038ff9312f3bfa8105035616ceff087f47c?s=96&d=mm&r=g\",\"caption\":\"actionproject\"},\"url\":\"https:\\\/\\\/www.actionproject.es\\\/en_gb\\\/blog\\\/author\\\/actionproject\\\/\"}]}<\/script>\n<!-- \/ Yoast SEO plugin. -->","yoast_head_json":{"title":"C\u00f3mo evitar la fuga de talento en tu PYME","description":"Aprende a detectar las se\u00f1ales de fuga de talento antes de que tus mejores empleados se vayan y qu\u00e9 hacer para retenerlos a tiempo en tu PYME.","robots":{"index":"index","follow":"follow","max-snippet":"max-snippet:-1","max-image-preview":"max-image-preview:large","max-video-preview":"max-video-preview:-1"},"canonical":"https:\/\/www.actionproject.es\/en_gb\/blog\/como-retener-talento-evitar-fuga-mejores-empleados\/","og_locale":"en_GB","og_type":"article","og_title":"C\u00f3mo evitar la fuga de talento en tu PYME","og_description":"Aprende a detectar las se\u00f1ales de fuga de talento antes de que tus mejores empleados se vayan y qu\u00e9 hacer para retenerlos a tiempo en tu PYME.","og_url":"https:\/\/www.actionproject.es\/en_gb\/blog\/como-retener-talento-evitar-fuga-mejores-empleados\/","og_site_name":"ActionProject","article_published_time":"2026-08-18T07:00:00+00:00","article_modified_time":"2026-09-01T13:42:30+00:00","og_image":[{"width":1600,"height":893,"url":"https:\/\/www.actionproject.es\/wp-content\/uploads\/2026\/09\/retener-talento-fuga-empleados.jpg","type":"image\/jpeg"}],"author":"actionproject","twitter_card":"summary_large_image","twitter_misc":{"Written by":"actionproject","Estimated reading time":"4 minutes"},"schema":{"@context":"https:\/\/schema.org","@graph":[{"@type":"Article","@id":"https:\/\/www.actionproject.es\/blog\/como-retener-talento-evitar-fuga-mejores-empleados\/#article","isPartOf":{"@id":"https:\/\/www.actionproject.es\/blog\/como-retener-talento-evitar-fuga-mejores-empleados\/"},"author":{"name":"actionproject","@id":"https:\/\/www.actionproject.es\/#\/schema\/person\/4633f258256b38e12daba9bddcd55c3b"},"headline":"C\u00f3mo retener talento y evitar la fuga de tus mejores empleados","datePublished":"2026-08-18T07:00:00+00:00","dateModified":"2026-09-01T13:42:30+00:00","mainEntityOfPage":{"@id":"https:\/\/www.actionproject.es\/blog\/como-retener-talento-evitar-fuga-mejores-empleados\/"},"wordCount":837,"commentCount":0,"publisher":{"@id":"https:\/\/www.actionproject.es\/#organization"},"image":{"@id":"https:\/\/www.actionproject.es\/blog\/como-retener-talento-evitar-fuga-mejores-empleados\/#primaryimage"},"thumbnailUrl":"https:\/\/www.actionproject.es\/wp-content\/uploads\/2026\/09\/retener-talento-fuga-empleados.jpg","keywords":["fuga de talento","gesti\u00f3n de equipos","Liderazgo","recursos humanos PYME","retenci\u00f3n de talento"],"articleSection":["Estrategia empresarial"],"inLanguage":"en-GB","potentialAction":[{"@type":"CommentAction","name":"Comment","target":["https:\/\/www.actionproject.es\/blog\/como-retener-talento-evitar-fuga-mejores-empleados\/#respond"]}]},{"@type":"WebPage","@id":"https:\/\/www.actionproject.es\/blog\/como-retener-talento-evitar-fuga-mejores-empleados\/","url":"https:\/\/www.actionproject.es\/blog\/como-retener-talento-evitar-fuga-mejores-empleados\/","name":"C\u00f3mo evitar la fuga de talento en tu PYME","isPartOf":{"@id":"https:\/\/www.actionproject.es\/#website"},"primaryImageOfPage":{"@id":"https:\/\/www.actionproject.es\/blog\/como-retener-talento-evitar-fuga-mejores-empleados\/#primaryimage"},"image":{"@id":"https:\/\/www.actionproject.es\/blog\/como-retener-talento-evitar-fuga-mejores-empleados\/#primaryimage"},"thumbnailUrl":"https:\/\/www.actionproject.es\/wp-content\/uploads\/2026\/09\/retener-talento-fuga-empleados.jpg","datePublished":"2026-08-18T07:00:00+00:00","dateModified":"2026-09-01T13:42:30+00:00","description":"Aprende a detectar las se\u00f1ales de fuga de talento antes de que tus mejores empleados se vayan y qu\u00e9 hacer para retenerlos a tiempo en tu PYME.","breadcrumb":{"@id":"https:\/\/www.actionproject.es\/blog\/como-retener-talento-evitar-fuga-mejores-empleados\/#breadcrumb"},"inLanguage":"en-GB","potentialAction":[{"@type":"ReadAction","target":["https:\/\/www.actionproject.es\/blog\/como-retener-talento-evitar-fuga-mejores-empleados\/"]}]},{"@type":"ImageObject","inLanguage":"en-GB","@id":"https:\/\/www.actionproject.es\/blog\/como-retener-talento-evitar-fuga-mejores-empleados\/#primaryimage","url":"https:\/\/www.actionproject.es\/wp-content\/uploads\/2026\/09\/retener-talento-fuga-empleados.jpg","contentUrl":"https:\/\/www.actionproject.es\/wp-content\/uploads\/2026\/09\/retener-talento-fuga-empleados.jpg","width":1600,"height":893,"caption":"C\u00f3mo evitar la fuga de talento"},{"@type":"BreadcrumbList","@id":"https:\/\/www.actionproject.es\/blog\/como-retener-talento-evitar-fuga-mejores-empleados\/#breadcrumb","itemListElement":[{"@type":"ListItem","position":1,"name":"Portada","item":"https:\/\/www.actionproject.es\/"},{"@type":"ListItem","position":2,"name":"C\u00f3mo retener talento y evitar la fuga de tus mejores empleados"}]},{"@type":"WebSite","@id":"https:\/\/www.actionproject.es\/#website","url":"https:\/\/www.actionproject.es\/","name":"ActionProject","description":"","publisher":{"@id":"https:\/\/www.actionproject.es\/#organization"},"potentialAction":[{"@type":"SearchAction","target":{"@type":"EntryPoint","urlTemplate":"https:\/\/www.actionproject.es\/?s={search_term_string}"},"query-input":{"@type":"PropertyValueSpecification","valueRequired":true,"valueName":"search_term_string"}}],"inLanguage":"en-GB"},{"@type":"Organization","@id":"https:\/\/www.actionproject.es\/#organization","name":"Action Project","url":"https:\/\/www.actionproject.es\/","logo":{"@type":"ImageObject","inLanguage":"en-GB","@id":"https:\/\/www.actionproject.es\/#\/schema\/logo\/image\/","url":"https:\/\/www.actionproject.es\/wp-content\/uploads\/2025\/02\/favicon-action.png","contentUrl":"https:\/\/www.actionproject.es\/wp-content\/uploads\/2025\/02\/favicon-action.png","width":512,"height":512,"caption":"Action Project"},"image":{"@id":"https:\/\/www.actionproject.es\/#\/schema\/logo\/image\/"}},{"@type":"Person","@id":"https:\/\/www.actionproject.es\/#\/schema\/person\/4633f258256b38e12daba9bddcd55c3b","name":"actionproject","image":{"@type":"ImageObject","inLanguage":"en-GB","@id":"https:\/\/secure.gravatar.com\/avatar\/94aa39178cd729cb00da5a97f7f64038ff9312f3bfa8105035616ceff087f47c?s=96&d=mm&r=g","url":"https:\/\/secure.gravatar.com\/avatar\/94aa39178cd729cb00da5a97f7f64038ff9312f3bfa8105035616ceff087f47c?s=96&d=mm&r=g","contentUrl":"https:\/\/secure.gravatar.com\/avatar\/94aa39178cd729cb00da5a97f7f64038ff9312f3bfa8105035616ceff087f47c?s=96&d=mm&r=g","caption":"actionproject"},"url":"https:\/\/www.actionproject.es\/en_gb\/blog\/author\/actionproject\/"}]}},"_links":{"self":[{"href":"https:\/\/www.actionproject.es\/en_gb\/wp-json\/wp\/v2\/posts\/2861","targetHints":{"allow":["GET"]}}],"collection":[{"href":"https:\/\/www.actionproject.es\/en_gb\/wp-json\/wp\/v2\/posts"}],"about":[{"href":"https:\/\/www.actionproject.es\/en_gb\/wp-json\/wp\/v2\/types\/post"}],"author":[{"embeddable":true,"href":"https:\/\/www.actionproject.es\/en_gb\/wp-json\/wp\/v2\/users\/3"}],"replies":[{"embeddable":true,"href":"https:\/\/www.actionproject.es\/en_gb\/wp-json\/wp\/v2\/comments?post=2861"}],"version-history":[{"count":1,"href":"https:\/\/www.actionproject.es\/en_gb\/wp-json\/wp\/v2\/posts\/2861\/revisions"}],"predecessor-version":[{"id":2862,"href":"https:\/\/www.actionproject.es\/en_gb\/wp-json\/wp\/v2\/posts\/2861\/revisions\/2862"}],"wp:featuredmedia":[{"embeddable":true,"href":"https:\/\/www.actionproject.es\/en_gb\/wp-json\/wp\/v2\/media\/2860"}],"wp:attachment":[{"href":"https:\/\/www.actionproject.es\/en_gb\/wp-json\/wp\/v2\/media?parent=2861"}],"wp:term":[{"taxonomy":"category","embeddable":true,"href":"https:\/\/www.actionproject.es\/en_gb\/wp-json\/wp\/v2\/categories?post=2861"},{"taxonomy":"post_tag","embeddable":true,"href":"https:\/\/www.actionproject.es\/en_gb\/wp-json\/wp\/v2\/tags?post=2861"}],"curies":[{"name":"wp","href":"https:\/\/api.w.org\/{rel}","templated":true}]}}