{"id":790,"date":"2024-01-23T14:19:44","date_gmt":"2024-01-23T13:19:44","guid":{"rendered":"https:\/\/jumpers.work\/actionproject\/?p=790"},"modified":"2025-07-02T11:13:14","modified_gmt":"2025-07-02T09:13:14","slug":"gestion-empresarial","status":"publish","type":"post","link":"https:\/\/www.actionproject.es\/en_gb\/blog\/gestion-empresarial\/","title":{"rendered":"The business management as a key to the success of your business"},"content":{"rendered":"<h2>\u00a0<\/h2>\n<h2>\u00bfDe qu\u00e9 trata la gesti\u00f3n empresarial?<\/h2>\n<p>\u00a0<\/p>\n<p>Cuando hablamos de gesti\u00f3n empresarial nos referimos al <strong>proceso por el que se organiza, gu\u00eda y dirige una empresa con el fin de alcanzar los objetivos fijados<\/strong>. El l\u00edder de la organizaci\u00f3n administra todos los recursos de la empresa para conseguir las metas marcadas.<\/p>\n<p>En este sentido, cabe destacar la importancia de que los l\u00edderes de tu organizaci\u00f3n tengan un buen <a href=\"\/en_gb\/servicios\/desarrollo-directivo\/\">management development<\/a> para una gesti\u00f3n empresarial eficaz. Ten en cuenta que los negocios a veces se enfrentan a adversidades y <a href=\"https:\/\/www.actionproject.es\/en_gb\/blog\/crisis-empresarial\/\">crisis empresariales<\/a> que requieren de personas que sepan afrontarlas de la mejor forma posible.<\/p>\n<p>Una buena gesti\u00f3n empresarial es sin\u00f3nimo de que se establezcan unos procesos de compra claros y se lleven a cabo de forma eficiente.<\/p>\n<p>\u00a0<\/p>\n<h3>\u00bfConoces algunos de los objetivos que persigue la gesti\u00f3n empresarial?<\/h3>\n<p>\u00a0<\/p>\n<ul>\n<li>Saber cu\u00e1les son los recursos disponibles de la empresa para coordinarlos.<\/li>\n<li>Analizar los procesos internos para evaluar las tareas realizadas.<\/li>\n<li>Determinar metas de seguimiento para comprobar si los objetivos empresariales se cumplen.<\/li>\n<li>Motivar al equipo de trabajo con el fin de generar un buen ambiente laboral y lograr las metas propuestas.<\/li>\n<\/ul>\n<p>\u00a0<\/p>\n<h2>\u00bfCu\u00e1les son las funciones de la gesti\u00f3n empresarial?<\/h2>\n<p>\u00a0<\/p>\n<ol>\n<li><strong>Organizaci\u00f3n<\/strong>. Se trata de coordinar los recursos y materiales que posee tu empresa: asignar roles, establecer objetivos, fijar tiempos de entrega&#8230;<\/li>\n<li><strong>Planificaci\u00f3n<\/strong>. En este punto, se determinan plazos para lograr los <a href=\"https:\/\/www.actionproject.es\/en_gb\/blog\/objetivos-empresariales-y-su-importancia\/\">objetivos empresariales<\/a>. Tambi\u00e9n se trazan estrategias claras con el fin de alcanzar las metas propuestas.<\/li>\n<li><strong>Direcci\u00f3n<\/strong>. La orientaci\u00f3n de la supervisi\u00f3n del trabajo del equipo resulta fundamental para aplicar mejoras y corregir errores. En este sentido, el responsable de la empresa debe adquirir <a href=\"https:\/\/www.actionproject.es\/en_gb\/blog\/8-habilidades-directivas-ser-un-buen-lider\/\">habilidades para ser un buen l\u00edder<\/a>.<\/li>\n<li><strong>Control<\/strong>. \u00bfLa estrategia se desarrolla seg\u00fan lo previsto? No se trata solo de dar indicaciones, sino tambi\u00e9n de estudiar y analizar el desempe\u00f1o de las tareas. De esta forma, se pueden detectar fortalezas y oportunidades para mejorar los procesos.<\/li>\n<\/ol>\n<p><strong>Una buena gesti\u00f3n empresarial es la f\u00f3rmula del \u00e9xito para un negocio<\/strong>. Si necesitas que te echemos una mano en la <a href=\"\/en_gb\/servicios\/gestion-de-proyectos\/\">gesti\u00f3n de tus proyectos empresariales<\/a>, <a href=\"https:\/\/www.actionproject.es\/en_gb\/contacto\/\">cont\u00e1ctanos <\/a>y dinos c\u00f3mo podemos ayudarte.<\/p>","protected":false},"excerpt":{"rendered":"<p>Una empresa sin gestionar es como ponerse a cocinar sin ingredientes: de nada sirve. Te contamos <strong>qu\u00e9 es la gesti\u00f3n empresarial<\/strong>, cu\u00e1l es su importancia y qu\u00e9 funciones tiene dentro de un negocio.<\/p>","protected":false},"author":2,"featured_media":1455,"comment_status":"closed","ping_status":"open","sticky":false,"template":"","format":"standard","meta":{"_acf_changed":false,"_joinchat":[],"footnotes":""},"categories":[10],"tags":[132,134,221],"class_list":["post-790","post","type-post","status-publish","format-standard","has-post-thumbnail","hentry","category-estrategia-empresarial","tag-gestion-de-empresas","tag-gestion-de-negocios","tag-gestion-de-procesos"],"acf":[],"aioseo_notices":[],"yoast_head":"<!-- This site is optimized with the Yoast SEO plugin v27.3 - https:\/\/yoast.com\/product\/yoast-seo-wordpress\/ -->\n<title>La gesti\u00f3n empresarial como clave para el \u00e9xito de tu negocio - Action Project<\/title>\n<meta name=\"robots\" content=\"index, follow, max-snippet:-1, max-image-preview:large, max-video-preview:-1\" \/>\n<link rel=\"canonical\" href=\"https:\/\/www.actionproject.es\/en_gb\/blog\/gestion-empresarial\/\" \/>\n<meta property=\"og:locale\" content=\"en_GB\" \/>\n<meta property=\"og:type\" content=\"article\" \/>\n<meta property=\"og:title\" content=\"La gesti\u00f3n empresarial como clave para el \u00e9xito de tu negocio - Action Project\" \/>\n<meta property=\"og:description\" content=\"Una empresa sin gestionar es como ponerse a cocinar sin ingredientes: de nada sirve. Te contamos qu\u00e9 es la gesti\u00f3n empresarial, cu\u00e1l es su importancia y qu\u00e9 funciones tiene dentro de un negocio.\" \/>\n<meta property=\"og:url\" content=\"https:\/\/www.actionproject.es\/en_gb\/blog\/gestion-empresarial\/\" \/>\n<meta property=\"og:site_name\" content=\"Action Project\" \/>\n<meta property=\"article:published_time\" content=\"2024-01-23T13:19:44+00:00\" \/>\n<meta property=\"article:modified_time\" content=\"2025-07-02T09:13:14+00:00\" \/>\n<meta property=\"og:image\" content=\"https:\/\/www.actionproject.es\/wp-content\/uploads\/2025\/07\/gestion-empresarial.jpg\" \/>\n\t<meta property=\"og:image:width\" content=\"1200\" \/>\n\t<meta property=\"og:image:height\" content=\"687\" \/>\n\t<meta property=\"og:image:type\" content=\"image\/jpeg\" \/>\n<meta name=\"author\" content=\"Juanma\" \/>\n<meta name=\"twitter:card\" content=\"summary_large_image\" \/>\n<meta name=\"twitter:label1\" content=\"Written by\" \/>\n\t<meta name=\"twitter:data1\" content=\"Juanma\" \/>\n\t<meta name=\"twitter:label2\" content=\"Estimated reading time\" \/>\n\t<meta name=\"twitter:data2\" content=\"2 minutes\" \/>\n<script type=\"application\/ld+json\" class=\"yoast-schema-graph\">{\"@context\":\"https:\\\/\\\/schema.org\",\"@graph\":[{\"@type\":\"Article\",\"@id\":\"https:\\\/\\\/www.actionproject.es\\\/blog\\\/gestion-empresarial\\\/#article\",\"isPartOf\":{\"@id\":\"https:\\\/\\\/www.actionproject.es\\\/blog\\\/gestion-empresarial\\\/\"},\"author\":{\"name\":\"Juanma\",\"@id\":\"https:\\\/\\\/www.actionproject.es\\\/#\\\/schema\\\/person\\\/01aa5bb80cabd3235975fa1fccb16e23\"},\"headline\":\"La gesti\u00f3n empresarial como clave para el \u00e9xito de tu negocio\",\"datePublished\":\"2024-01-23T13:19:44+00:00\",\"dateModified\":\"2025-07-02T09:13:14+00:00\",\"mainEntityOfPage\":{\"@id\":\"https:\\\/\\\/www.actionproject.es\\\/blog\\\/gestion-empresarial\\\/\"},\"wordCount\":385,\"publisher\":{\"@id\":\"https:\\\/\\\/www.actionproject.es\\\/#organization\"},\"image\":{\"@id\":\"https:\\\/\\\/www.actionproject.es\\\/blog\\\/gestion-empresarial\\\/#primaryimage\"},\"thumbnailUrl\":\"https:\\\/\\\/www.actionproject.es\\\/wp-content\\\/uploads\\\/2025\\\/07\\\/gestion-empresarial.jpg\",\"keywords\":[\"gesti\u00f3n de empresas\",\"gesti\u00f3n de negocios\",\"gesti\u00f3n de procesos\"],\"articleSection\":[\"Estrategia empresarial\"],\"inLanguage\":\"en-GB\"},{\"@type\":\"WebPage\",\"@id\":\"https:\\\/\\\/www.actionproject.es\\\/blog\\\/gestion-empresarial\\\/\",\"url\":\"https:\\\/\\\/www.actionproject.es\\\/blog\\\/gestion-empresarial\\\/\",\"name\":\"La gesti\u00f3n empresarial como clave para el \u00e9xito de tu negocio - Action Project\",\"isPartOf\":{\"@id\":\"https:\\\/\\\/www.actionproject.es\\\/#website\"},\"primaryImageOfPage\":{\"@id\":\"https:\\\/\\\/www.actionproject.es\\\/blog\\\/gestion-empresarial\\\/#primaryimage\"},\"image\":{\"@id\":\"https:\\\/\\\/www.actionproject.es\\\/blog\\\/gestion-empresarial\\\/#primaryimage\"},\"thumbnailUrl\":\"https:\\\/\\\/www.actionproject.es\\\/wp-content\\\/uploads\\\/2025\\\/07\\\/gestion-empresarial.jpg\",\"datePublished\":\"2024-01-23T13:19:44+00:00\",\"dateModified\":\"2025-07-02T09:13:14+00:00\",\"breadcrumb\":{\"@id\":\"https:\\\/\\\/www.actionproject.es\\\/blog\\\/gestion-empresarial\\\/#breadcrumb\"},\"inLanguage\":\"en-GB\",\"potentialAction\":[{\"@type\":\"ReadAction\",\"target\":[\"https:\\\/\\\/www.actionproject.es\\\/blog\\\/gestion-empresarial\\\/\"]}]},{\"@type\":\"ImageObject\",\"inLanguage\":\"en-GB\",\"@id\":\"https:\\\/\\\/www.actionproject.es\\\/blog\\\/gestion-empresarial\\\/#primaryimage\",\"url\":\"https:\\\/\\\/www.actionproject.es\\\/wp-content\\\/uploads\\\/2025\\\/07\\\/gestion-empresarial.jpg\",\"contentUrl\":\"https:\\\/\\\/www.actionproject.es\\\/wp-content\\\/uploads\\\/2025\\\/07\\\/gestion-empresarial.jpg\",\"width\":1200,\"height\":687},{\"@type\":\"BreadcrumbList\",\"@id\":\"https:\\\/\\\/www.actionproject.es\\\/blog\\\/gestion-empresarial\\\/#breadcrumb\",\"itemListElement\":[{\"@type\":\"ListItem\",\"position\":1,\"name\":\"Portada\",\"item\":\"https:\\\/\\\/www.actionproject.es\\\/\"},{\"@type\":\"ListItem\",\"position\":2,\"name\":\"La gesti\u00f3n empresarial como clave para el \u00e9xito de tu negocio\"}]},{\"@type\":\"WebSite\",\"@id\":\"https:\\\/\\\/www.actionproject.es\\\/#website\",\"url\":\"https:\\\/\\\/www.actionproject.es\\\/\",\"name\":\"Action Project\",\"description\":\"\",\"publisher\":{\"@id\":\"https:\\\/\\\/www.actionproject.es\\\/#organization\"},\"potentialAction\":[{\"@type\":\"SearchAction\",\"target\":{\"@type\":\"EntryPoint\",\"urlTemplate\":\"https:\\\/\\\/www.actionproject.es\\\/?s={search_term_string}\"},\"query-input\":{\"@type\":\"PropertyValueSpecification\",\"valueRequired\":true,\"valueName\":\"search_term_string\"}}],\"inLanguage\":\"en-GB\"},{\"@type\":\"Organization\",\"@id\":\"https:\\\/\\\/www.actionproject.es\\\/#organization\",\"name\":\"Action Project\",\"url\":\"https:\\\/\\\/www.actionproject.es\\\/\",\"logo\":{\"@type\":\"ImageObject\",\"inLanguage\":\"en-GB\",\"@id\":\"https:\\\/\\\/www.actionproject.es\\\/#\\\/schema\\\/logo\\\/image\\\/\",\"url\":\"https:\\\/\\\/www.actionproject.es\\\/wp-content\\\/uploads\\\/2025\\\/02\\\/favicon-action.png\",\"contentUrl\":\"https:\\\/\\\/www.actionproject.es\\\/wp-content\\\/uploads\\\/2025\\\/02\\\/favicon-action.png\",\"width\":512,\"height\":512,\"caption\":\"Action Project\"},\"image\":{\"@id\":\"https:\\\/\\\/www.actionproject.es\\\/#\\\/schema\\\/logo\\\/image\\\/\"}},{\"@type\":\"Person\",\"@id\":\"https:\\\/\\\/www.actionproject.es\\\/#\\\/schema\\\/person\\\/01aa5bb80cabd3235975fa1fccb16e23\",\"name\":\"Juanma\",\"image\":{\"@type\":\"ImageObject\",\"inLanguage\":\"en-GB\",\"@id\":\"https:\\\/\\\/secure.gravatar.com\\\/avatar\\\/85f0c3c9ba6a2b2ba51b0df3346eaf50cafa606989920561324eac0dd1c938f4?s=96&d=mm&r=g\",\"url\":\"https:\\\/\\\/secure.gravatar.com\\\/avatar\\\/85f0c3c9ba6a2b2ba51b0df3346eaf50cafa606989920561324eac0dd1c938f4?s=96&d=mm&r=g\",\"contentUrl\":\"https:\\\/\\\/secure.gravatar.com\\\/avatar\\\/85f0c3c9ba6a2b2ba51b0df3346eaf50cafa606989920561324eac0dd1c938f4?s=96&d=mm&r=g\",\"caption\":\"Juanma\"},\"url\":\"https:\\\/\\\/www.actionproject.es\\\/en_gb\\\/blog\\\/author\\\/juanma\\\/\"}]}<\/script>\n<!-- \/ Yoast SEO plugin. -->","yoast_head_json":{"title":"La gesti\u00f3n empresarial como clave para el \u00e9xito de tu negocio - Action Project","robots":{"index":"index","follow":"follow","max-snippet":"max-snippet:-1","max-image-preview":"max-image-preview:large","max-video-preview":"max-video-preview:-1"},"canonical":"https:\/\/www.actionproject.es\/en_gb\/blog\/gestion-empresarial\/","og_locale":"en_GB","og_type":"article","og_title":"La gesti\u00f3n empresarial como clave para el \u00e9xito de tu negocio - Action Project","og_description":"Una empresa sin gestionar es como ponerse a cocinar sin ingredientes: de nada sirve. Te contamos qu\u00e9 es la gesti\u00f3n empresarial, cu\u00e1l es su importancia y qu\u00e9 funciones tiene dentro de un negocio.","og_url":"https:\/\/www.actionproject.es\/en_gb\/blog\/gestion-empresarial\/","og_site_name":"Action Project","article_published_time":"2024-01-23T13:19:44+00:00","article_modified_time":"2025-07-02T09:13:14+00:00","og_image":[{"width":1200,"height":687,"url":"https:\/\/www.actionproject.es\/wp-content\/uploads\/2025\/07\/gestion-empresarial.jpg","type":"image\/jpeg"}],"author":"Juanma","twitter_card":"summary_large_image","twitter_misc":{"Written by":"Juanma","Estimated reading time":"2 minutes"},"schema":{"@context":"https:\/\/schema.org","@graph":[{"@type":"Article","@id":"https:\/\/www.actionproject.es\/blog\/gestion-empresarial\/#article","isPartOf":{"@id":"https:\/\/www.actionproject.es\/blog\/gestion-empresarial\/"},"author":{"name":"Juanma","@id":"https:\/\/www.actionproject.es\/#\/schema\/person\/01aa5bb80cabd3235975fa1fccb16e23"},"headline":"La gesti\u00f3n empresarial como clave para el \u00e9xito de tu negocio","datePublished":"2024-01-23T13:19:44+00:00","dateModified":"2025-07-02T09:13:14+00:00","mainEntityOfPage":{"@id":"https:\/\/www.actionproject.es\/blog\/gestion-empresarial\/"},"wordCount":385,"publisher":{"@id":"https:\/\/www.actionproject.es\/#organization"},"image":{"@id":"https:\/\/www.actionproject.es\/blog\/gestion-empresarial\/#primaryimage"},"thumbnailUrl":"https:\/\/www.actionproject.es\/wp-content\/uploads\/2025\/07\/gestion-empresarial.jpg","keywords":["gesti\u00f3n de empresas","gesti\u00f3n de negocios","gesti\u00f3n de procesos"],"articleSection":["Estrategia empresarial"],"inLanguage":"en-GB"},{"@type":"WebPage","@id":"https:\/\/www.actionproject.es\/blog\/gestion-empresarial\/","url":"https:\/\/www.actionproject.es\/blog\/gestion-empresarial\/","name":"La gesti\u00f3n empresarial como clave para el \u00e9xito de tu negocio - Action Project","isPartOf":{"@id":"https:\/\/www.actionproject.es\/#website"},"primaryImageOfPage":{"@id":"https:\/\/www.actionproject.es\/blog\/gestion-empresarial\/#primaryimage"},"image":{"@id":"https:\/\/www.actionproject.es\/blog\/gestion-empresarial\/#primaryimage"},"thumbnailUrl":"https:\/\/www.actionproject.es\/wp-content\/uploads\/2025\/07\/gestion-empresarial.jpg","datePublished":"2024-01-23T13:19:44+00:00","dateModified":"2025-07-02T09:13:14+00:00","breadcrumb":{"@id":"https:\/\/www.actionproject.es\/blog\/gestion-empresarial\/#breadcrumb"},"inLanguage":"en-GB","potentialAction":[{"@type":"ReadAction","target":["https:\/\/www.actionproject.es\/blog\/gestion-empresarial\/"]}]},{"@type":"ImageObject","inLanguage":"en-GB","@id":"https:\/\/www.actionproject.es\/blog\/gestion-empresarial\/#primaryimage","url":"https:\/\/www.actionproject.es\/wp-content\/uploads\/2025\/07\/gestion-empresarial.jpg","contentUrl":"https:\/\/www.actionproject.es\/wp-content\/uploads\/2025\/07\/gestion-empresarial.jpg","width":1200,"height":687},{"@type":"BreadcrumbList","@id":"https:\/\/www.actionproject.es\/blog\/gestion-empresarial\/#breadcrumb","itemListElement":[{"@type":"ListItem","position":1,"name":"Portada","item":"https:\/\/www.actionproject.es\/"},{"@type":"ListItem","position":2,"name":"La gesti\u00f3n empresarial como clave para el \u00e9xito de tu negocio"}]},{"@type":"WebSite","@id":"https:\/\/www.actionproject.es\/#website","url":"https:\/\/www.actionproject.es\/","name":"Action Project","description":"","publisher":{"@id":"https:\/\/www.actionproject.es\/#organization"},"potentialAction":[{"@type":"SearchAction","target":{"@type":"EntryPoint","urlTemplate":"https:\/\/www.actionproject.es\/?s={search_term_string}"},"query-input":{"@type":"PropertyValueSpecification","valueRequired":true,"valueName":"search_term_string"}}],"inLanguage":"en-GB"},{"@type":"Organization","@id":"https:\/\/www.actionproject.es\/#organization","name":"Action Project","url":"https:\/\/www.actionproject.es\/","logo":{"@type":"ImageObject","inLanguage":"en-GB","@id":"https:\/\/www.actionproject.es\/#\/schema\/logo\/image\/","url":"https:\/\/www.actionproject.es\/wp-content\/uploads\/2025\/02\/favicon-action.png","contentUrl":"https:\/\/www.actionproject.es\/wp-content\/uploads\/2025\/02\/favicon-action.png","width":512,"height":512,"caption":"Action Project"},"image":{"@id":"https:\/\/www.actionproject.es\/#\/schema\/logo\/image\/"}},{"@type":"Person","@id":"https:\/\/www.actionproject.es\/#\/schema\/person\/01aa5bb80cabd3235975fa1fccb16e23","name":"Juanma","image":{"@type":"ImageObject","inLanguage":"en-GB","@id":"https:\/\/secure.gravatar.com\/avatar\/85f0c3c9ba6a2b2ba51b0df3346eaf50cafa606989920561324eac0dd1c938f4?s=96&d=mm&r=g","url":"https:\/\/secure.gravatar.com\/avatar\/85f0c3c9ba6a2b2ba51b0df3346eaf50cafa606989920561324eac0dd1c938f4?s=96&d=mm&r=g","contentUrl":"https:\/\/secure.gravatar.com\/avatar\/85f0c3c9ba6a2b2ba51b0df3346eaf50cafa606989920561324eac0dd1c938f4?s=96&d=mm&r=g","caption":"Juanma"},"url":"https:\/\/www.actionproject.es\/en_gb\/blog\/author\/juanma\/"}]}},"_links":{"self":[{"href":"https:\/\/www.actionproject.es\/en_gb\/wp-json\/wp\/v2\/posts\/790","targetHints":{"allow":["GET"]}}],"collection":[{"href":"https:\/\/www.actionproject.es\/en_gb\/wp-json\/wp\/v2\/posts"}],"about":[{"href":"https:\/\/www.actionproject.es\/en_gb\/wp-json\/wp\/v2\/types\/post"}],"author":[{"embeddable":true,"href":"https:\/\/www.actionproject.es\/en_gb\/wp-json\/wp\/v2\/users\/2"}],"replies":[{"embeddable":true,"href":"https:\/\/www.actionproject.es\/en_gb\/wp-json\/wp\/v2\/comments?post=790"}],"version-history":[{"count":4,"href":"https:\/\/www.actionproject.es\/en_gb\/wp-json\/wp\/v2\/posts\/790\/revisions"}],"predecessor-version":[{"id":1755,"href":"https:\/\/www.actionproject.es\/en_gb\/wp-json\/wp\/v2\/posts\/790\/revisions\/1755"}],"wp:featuredmedia":[{"embeddable":true,"href":"https:\/\/www.actionproject.es\/en_gb\/wp-json\/wp\/v2\/media\/1455"}],"wp:attachment":[{"href":"https:\/\/www.actionproject.es\/en_gb\/wp-json\/wp\/v2\/media?parent=790"}],"wp:term":[{"taxonomy":"category","embeddable":true,"href":"https:\/\/www.actionproject.es\/en_gb\/wp-json\/wp\/v2\/categories?post=790"},{"taxonomy":"post_tag","embeddable":true,"href":"https:\/\/www.actionproject.es\/en_gb\/wp-json\/wp\/v2\/tags?post=790"}],"curies":[{"name":"wp","href":"https:\/\/api.w.org\/{rel}","templated":true}]}}