{"id":799,"date":"2024-03-04T07:43:48","date_gmt":"2024-03-04T06:43:48","guid":{"rendered":"https:\/\/jumpers.work\/actionproject\/?p=799"},"modified":"2025-07-02T11:13:14","modified_gmt":"2025-07-02T09:13:14","slug":"errores-de-liderazgo","status":"publish","type":"post","link":"https:\/\/www.actionproject.es\/en_gb\/blog\/errores-de-liderazgo\/","title":{"rendered":"Errors of leadership most common that are detrimental to your company"},"content":{"rendered":"<p>\u00a0<\/p>\n<p>Primero, vamos a ponernos en contexto: \u00bfqu\u00e9 entendemos por <a href=\"https:\/\/www.actionproject.es\/en_gb\/blog\/puede-haber-exito-buen-liderazgo-empresarial\/\">buen liderazgo empresarial<\/a>? No existe una sola definici\u00f3n para ello, pero podr\u00edamos decir que un buen l\u00edder es aquel que es consciente del potencial que tienen sus empleados, organiza bien sus tareas, motiva al equipo y optimiza los procesos productivos.<\/p>\n<p>\u00a0<\/p>\n<p>Quiz\u00e1s resulta sencillo de explicar, aunque a la hora de llevarlo a la pr\u00e1ctica, es m\u00e1s complejo. Sea como sea, en <a href=\"https:\/\/www.actionproject.es\/en_gb\/\">Action Project<\/a> tenemos una cosa clara: los l\u00edderes de diez ven los <strong>errores como oportunidades para crecer y tomar mejores decisiones<\/strong>.<\/p>\n<p>\u00a0<\/p>\n<h2>Los 8 errores del liderazgo m\u00e1s comunes<\/h2>\n<p>\u00a0<\/p>\n<ul>\n<li><strong>Mala <a href=\"https:\/\/www.actionproject.es\/en_gb\/blog\/como-mejorar-la-organizacion-de-una-empresa\/\">organizaci\u00f3n en la empresa<\/a>.<\/strong> El l\u00edder es la figura que debe ordenar por prioridades las tareas de su equipo. Diferenciar lo urgente de lo importante resulta clave para una buena organizaci\u00f3n. Este es un paso clave para lograr los <a href=\"https:\/\/www.actionproject.es\/en_gb\/blog\/objetivos-empresariales-y-su-importancia\/\">objetivos empresariales<\/a> marcados.<\/li>\n<\/ul>\n<p>\u00a0<\/p>\n<ul>\n<li><strong>Resistencia a la hora de delegar.<\/strong> A veces, no puedes con todo. Y delegar se convierte en algo fundamental para descargar trabajo. Adem\u00e1s, cuando un l\u00edder da tareas o mayores responsabilidades a sus empleados, estos pueden verlo como un aumento de su confianza y un reconocimiento a su trabajo bien hecho.<\/li>\n<\/ul>\n<p>\u00a0<\/p>\n<ul>\n<li><strong>Falta de <a href=\"https:\/\/www.actionproject.es\/en_gb\/blog\/comunicacion-en-la-empresa\/\">comunicaci\u00f3n en la empresa<\/a><\/strong>. Uno de los errores que m\u00e1s negocios cometen. Imagina que tu equipo no tiene claras las tareas o no se resuelven sus dudas de forma adecuada, por falta de tiempo o por emplear un lenguaje demasiado t\u00e9cnico, por ejemplo. Piensa que la <strong>calidad de la comunicaci\u00f3n<\/strong> resulta esencial.<\/li>\n<\/ul>\n<p>\u00a0<\/p>\n<ul>\n<li><strong>Ser inflexible.<\/strong> Muy caracter\u00edstico de los l\u00edderes autoritarios. Imponer decisiones de forma poco emp\u00e1tica puede provocar crispaci\u00f3n en los empleados, presi\u00f3n y desmotivaci\u00f3n. Cuando haya un conflicto, resulta esencial que se mantenga el respeto y una actitud de di\u00e1logo y escucha activa para llegar a un acuerdo.<\/li>\n<\/ul>\n<p>\u00a0<\/p>\n<ul>\n<li><strong>Miedo a salir de la zona de confort<\/strong>. El mercado est\u00e1 en constante evoluci\u00f3n, y m\u00e1s desde la irrupci\u00f3n de la tecnolog\u00eda. No reinventarse lleva a una falta de competencia profesional y a un estancamiento de la empresa (algo que puede aprovechar tu competencia).<\/li>\n<\/ul>\n<p>\u00a0<\/p>\n<p>The<a href=\"https:\/\/www.actionproject.es\/en_gb\/blog\/tipos-liderazgo-empresarial-negocio\/\"> liderazgo empresarial<\/a> puede aprenderse de la mano de los profesionales adecuados. Si quieres aumentar tus habilidades directivas, <a href=\"https:\/\/www.actionproject.es\/en_gb\/contacto\/\">preg\u00fantanos <\/a>y veremos la mejor forma de ayudarte.<\/p>","protected":false},"excerpt":{"rendered":"<p>Como humanos, todos podemos equivocarnos. Aunque detectar cu\u00e1les son esos fallos nos ayuda a mejorar, sobre todo cuando se trata de <strong>errores de liderazgo en un negocio<\/strong>.<\/p>","protected":false},"author":2,"featured_media":1442,"comment_status":"closed","ping_status":"open","sticky":false,"template":"","format":"standard","meta":{"_acf_changed":false,"_joinchat":[],"footnotes":""},"categories":[10],"tags":[],"class_list":["post-799","post","type-post","status-publish","format-standard","has-post-thumbnail","hentry","category-estrategia-empresarial"],"acf":[],"aioseo_notices":[],"yoast_head":"<!-- This site is optimized with the Yoast SEO plugin v27.3 - https:\/\/yoast.com\/product\/yoast-seo-wordpress\/ -->\n<title>Errores de liderazgo m\u00e1s comunes que perjudican a tu empresa - Action Project<\/title>\n<meta name=\"robots\" content=\"index, follow, max-snippet:-1, max-image-preview:large, max-video-preview:-1\" \/>\n<link rel=\"canonical\" href=\"https:\/\/www.actionproject.es\/en_gb\/blog\/errores-de-liderazgo\/\" \/>\n<meta property=\"og:locale\" content=\"en_GB\" \/>\n<meta property=\"og:type\" content=\"article\" \/>\n<meta property=\"og:title\" content=\"Errores de liderazgo m\u00e1s comunes que perjudican a tu empresa - Action Project\" \/>\n<meta property=\"og:description\" content=\"Como humanos, todos podemos equivocarnos. Aunque detectar cu\u00e1les son esos fallos nos ayuda a mejorar, sobre todo cuando se trata de errores de liderazgo en un negocio.\" \/>\n<meta property=\"og:url\" content=\"https:\/\/www.actionproject.es\/en_gb\/blog\/errores-de-liderazgo\/\" \/>\n<meta property=\"og:site_name\" content=\"Action Project\" \/>\n<meta property=\"article:published_time\" content=\"2024-03-04T06:43:48+00:00\" \/>\n<meta property=\"article:modified_time\" content=\"2025-07-02T09:13:14+00:00\" \/>\n<meta property=\"og:image\" content=\"https:\/\/www.actionproject.es\/wp-content\/uploads\/2025\/07\/errores-en-el-liderazgo.jpg\" \/>\n\t<meta property=\"og:image:width\" content=\"1200\" \/>\n\t<meta property=\"og:image:height\" content=\"800\" \/>\n\t<meta property=\"og:image:type\" content=\"image\/jpeg\" \/>\n<meta name=\"author\" content=\"Juanma\" \/>\n<meta name=\"twitter:card\" content=\"summary_large_image\" \/>\n<meta name=\"twitter:label1\" content=\"Written by\" \/>\n\t<meta name=\"twitter:data1\" content=\"Juanma\" \/>\n\t<meta name=\"twitter:label2\" content=\"Estimated reading time\" \/>\n\t<meta name=\"twitter:data2\" content=\"2 minutes\" \/>\n<script type=\"application\/ld+json\" class=\"yoast-schema-graph\">{\"@context\":\"https:\\\/\\\/schema.org\",\"@graph\":[{\"@type\":\"Article\",\"@id\":\"https:\\\/\\\/www.actionproject.es\\\/blog\\\/errores-de-liderazgo\\\/#article\",\"isPartOf\":{\"@id\":\"https:\\\/\\\/www.actionproject.es\\\/blog\\\/errores-de-liderazgo\\\/\"},\"author\":{\"name\":\"Juanma\",\"@id\":\"https:\\\/\\\/www.actionproject.es\\\/#\\\/schema\\\/person\\\/01aa5bb80cabd3235975fa1fccb16e23\"},\"headline\":\"Errores de liderazgo m\u00e1s comunes que perjudican a tu empresa\",\"datePublished\":\"2024-03-04T06:43:48+00:00\",\"dateModified\":\"2025-07-02T09:13:14+00:00\",\"mainEntityOfPage\":{\"@id\":\"https:\\\/\\\/www.actionproject.es\\\/blog\\\/errores-de-liderazgo\\\/\"},\"wordCount\":402,\"publisher\":{\"@id\":\"https:\\\/\\\/www.actionproject.es\\\/#organization\"},\"image\":{\"@id\":\"https:\\\/\\\/www.actionproject.es\\\/blog\\\/errores-de-liderazgo\\\/#primaryimage\"},\"thumbnailUrl\":\"https:\\\/\\\/www.actionproject.es\\\/wp-content\\\/uploads\\\/2025\\\/07\\\/errores-en-el-liderazgo.jpg\",\"articleSection\":[\"Estrategia empresarial\"],\"inLanguage\":\"en-GB\"},{\"@type\":\"WebPage\",\"@id\":\"https:\\\/\\\/www.actionproject.es\\\/blog\\\/errores-de-liderazgo\\\/\",\"url\":\"https:\\\/\\\/www.actionproject.es\\\/blog\\\/errores-de-liderazgo\\\/\",\"name\":\"Errores de liderazgo m\u00e1s comunes que perjudican a tu empresa - Action Project\",\"isPartOf\":{\"@id\":\"https:\\\/\\\/www.actionproject.es\\\/#website\"},\"primaryImageOfPage\":{\"@id\":\"https:\\\/\\\/www.actionproject.es\\\/blog\\\/errores-de-liderazgo\\\/#primaryimage\"},\"image\":{\"@id\":\"https:\\\/\\\/www.actionproject.es\\\/blog\\\/errores-de-liderazgo\\\/#primaryimage\"},\"thumbnailUrl\":\"https:\\\/\\\/www.actionproject.es\\\/wp-content\\\/uploads\\\/2025\\\/07\\\/errores-en-el-liderazgo.jpg\",\"datePublished\":\"2024-03-04T06:43:48+00:00\",\"dateModified\":\"2025-07-02T09:13:14+00:00\",\"breadcrumb\":{\"@id\":\"https:\\\/\\\/www.actionproject.es\\\/blog\\\/errores-de-liderazgo\\\/#breadcrumb\"},\"inLanguage\":\"en-GB\",\"potentialAction\":[{\"@type\":\"ReadAction\",\"target\":[\"https:\\\/\\\/www.actionproject.es\\\/blog\\\/errores-de-liderazgo\\\/\"]}]},{\"@type\":\"ImageObject\",\"inLanguage\":\"en-GB\",\"@id\":\"https:\\\/\\\/www.actionproject.es\\\/blog\\\/errores-de-liderazgo\\\/#primaryimage\",\"url\":\"https:\\\/\\\/www.actionproject.es\\\/wp-content\\\/uploads\\\/2025\\\/07\\\/errores-en-el-liderazgo.jpg\",\"contentUrl\":\"https:\\\/\\\/www.actionproject.es\\\/wp-content\\\/uploads\\\/2025\\\/07\\\/errores-en-el-liderazgo.jpg\",\"width\":1200,\"height\":800},{\"@type\":\"BreadcrumbList\",\"@id\":\"https:\\\/\\\/www.actionproject.es\\\/blog\\\/errores-de-liderazgo\\\/#breadcrumb\",\"itemListElement\":[{\"@type\":\"ListItem\",\"position\":1,\"name\":\"Portada\",\"item\":\"https:\\\/\\\/www.actionproject.es\\\/\"},{\"@type\":\"ListItem\",\"position\":2,\"name\":\"Errores de liderazgo m\u00e1s comunes que perjudican a tu empresa\"}]},{\"@type\":\"WebSite\",\"@id\":\"https:\\\/\\\/www.actionproject.es\\\/#website\",\"url\":\"https:\\\/\\\/www.actionproject.es\\\/\",\"name\":\"Action Project\",\"description\":\"\",\"publisher\":{\"@id\":\"https:\\\/\\\/www.actionproject.es\\\/#organization\"},\"potentialAction\":[{\"@type\":\"SearchAction\",\"target\":{\"@type\":\"EntryPoint\",\"urlTemplate\":\"https:\\\/\\\/www.actionproject.es\\\/?s={search_term_string}\"},\"query-input\":{\"@type\":\"PropertyValueSpecification\",\"valueRequired\":true,\"valueName\":\"search_term_string\"}}],\"inLanguage\":\"en-GB\"},{\"@type\":\"Organization\",\"@id\":\"https:\\\/\\\/www.actionproject.es\\\/#organization\",\"name\":\"Action Project\",\"url\":\"https:\\\/\\\/www.actionproject.es\\\/\",\"logo\":{\"@type\":\"ImageObject\",\"inLanguage\":\"en-GB\",\"@id\":\"https:\\\/\\\/www.actionproject.es\\\/#\\\/schema\\\/logo\\\/image\\\/\",\"url\":\"https:\\\/\\\/www.actionproject.es\\\/wp-content\\\/uploads\\\/2025\\\/02\\\/favicon-action.png\",\"contentUrl\":\"https:\\\/\\\/www.actionproject.es\\\/wp-content\\\/uploads\\\/2025\\\/02\\\/favicon-action.png\",\"width\":512,\"height\":512,\"caption\":\"Action Project\"},\"image\":{\"@id\":\"https:\\\/\\\/www.actionproject.es\\\/#\\\/schema\\\/logo\\\/image\\\/\"}},{\"@type\":\"Person\",\"@id\":\"https:\\\/\\\/www.actionproject.es\\\/#\\\/schema\\\/person\\\/01aa5bb80cabd3235975fa1fccb16e23\",\"name\":\"Juanma\",\"image\":{\"@type\":\"ImageObject\",\"inLanguage\":\"en-GB\",\"@id\":\"https:\\\/\\\/secure.gravatar.com\\\/avatar\\\/85f0c3c9ba6a2b2ba51b0df3346eaf50cafa606989920561324eac0dd1c938f4?s=96&d=mm&r=g\",\"url\":\"https:\\\/\\\/secure.gravatar.com\\\/avatar\\\/85f0c3c9ba6a2b2ba51b0df3346eaf50cafa606989920561324eac0dd1c938f4?s=96&d=mm&r=g\",\"contentUrl\":\"https:\\\/\\\/secure.gravatar.com\\\/avatar\\\/85f0c3c9ba6a2b2ba51b0df3346eaf50cafa606989920561324eac0dd1c938f4?s=96&d=mm&r=g\",\"caption\":\"Juanma\"},\"url\":\"https:\\\/\\\/www.actionproject.es\\\/en_gb\\\/blog\\\/author\\\/juanma\\\/\"}]}<\/script>\n<!-- \/ Yoast SEO plugin. -->","yoast_head_json":{"title":"Errores de liderazgo m\u00e1s comunes que perjudican a tu empresa - Action Project","robots":{"index":"index","follow":"follow","max-snippet":"max-snippet:-1","max-image-preview":"max-image-preview:large","max-video-preview":"max-video-preview:-1"},"canonical":"https:\/\/www.actionproject.es\/en_gb\/blog\/errores-de-liderazgo\/","og_locale":"en_GB","og_type":"article","og_title":"Errores de liderazgo m\u00e1s comunes que perjudican a tu empresa - Action Project","og_description":"Como humanos, todos podemos equivocarnos. Aunque detectar cu\u00e1les son esos fallos nos ayuda a mejorar, sobre todo cuando se trata de errores de liderazgo en un negocio.","og_url":"https:\/\/www.actionproject.es\/en_gb\/blog\/errores-de-liderazgo\/","og_site_name":"Action Project","article_published_time":"2024-03-04T06:43:48+00:00","article_modified_time":"2025-07-02T09:13:14+00:00","og_image":[{"width":1200,"height":800,"url":"https:\/\/www.actionproject.es\/wp-content\/uploads\/2025\/07\/errores-en-el-liderazgo.jpg","type":"image\/jpeg"}],"author":"Juanma","twitter_card":"summary_large_image","twitter_misc":{"Written by":"Juanma","Estimated reading time":"2 minutes"},"schema":{"@context":"https:\/\/schema.org","@graph":[{"@type":"Article","@id":"https:\/\/www.actionproject.es\/blog\/errores-de-liderazgo\/#article","isPartOf":{"@id":"https:\/\/www.actionproject.es\/blog\/errores-de-liderazgo\/"},"author":{"name":"Juanma","@id":"https:\/\/www.actionproject.es\/#\/schema\/person\/01aa5bb80cabd3235975fa1fccb16e23"},"headline":"Errores de liderazgo m\u00e1s comunes que perjudican a tu empresa","datePublished":"2024-03-04T06:43:48+00:00","dateModified":"2025-07-02T09:13:14+00:00","mainEntityOfPage":{"@id":"https:\/\/www.actionproject.es\/blog\/errores-de-liderazgo\/"},"wordCount":402,"publisher":{"@id":"https:\/\/www.actionproject.es\/#organization"},"image":{"@id":"https:\/\/www.actionproject.es\/blog\/errores-de-liderazgo\/#primaryimage"},"thumbnailUrl":"https:\/\/www.actionproject.es\/wp-content\/uploads\/2025\/07\/errores-en-el-liderazgo.jpg","articleSection":["Estrategia empresarial"],"inLanguage":"en-GB"},{"@type":"WebPage","@id":"https:\/\/www.actionproject.es\/blog\/errores-de-liderazgo\/","url":"https:\/\/www.actionproject.es\/blog\/errores-de-liderazgo\/","name":"Errores de liderazgo m\u00e1s comunes que perjudican a tu empresa - Action Project","isPartOf":{"@id":"https:\/\/www.actionproject.es\/#website"},"primaryImageOfPage":{"@id":"https:\/\/www.actionproject.es\/blog\/errores-de-liderazgo\/#primaryimage"},"image":{"@id":"https:\/\/www.actionproject.es\/blog\/errores-de-liderazgo\/#primaryimage"},"thumbnailUrl":"https:\/\/www.actionproject.es\/wp-content\/uploads\/2025\/07\/errores-en-el-liderazgo.jpg","datePublished":"2024-03-04T06:43:48+00:00","dateModified":"2025-07-02T09:13:14+00:00","breadcrumb":{"@id":"https:\/\/www.actionproject.es\/blog\/errores-de-liderazgo\/#breadcrumb"},"inLanguage":"en-GB","potentialAction":[{"@type":"ReadAction","target":["https:\/\/www.actionproject.es\/blog\/errores-de-liderazgo\/"]}]},{"@type":"ImageObject","inLanguage":"en-GB","@id":"https:\/\/www.actionproject.es\/blog\/errores-de-liderazgo\/#primaryimage","url":"https:\/\/www.actionproject.es\/wp-content\/uploads\/2025\/07\/errores-en-el-liderazgo.jpg","contentUrl":"https:\/\/www.actionproject.es\/wp-content\/uploads\/2025\/07\/errores-en-el-liderazgo.jpg","width":1200,"height":800},{"@type":"BreadcrumbList","@id":"https:\/\/www.actionproject.es\/blog\/errores-de-liderazgo\/#breadcrumb","itemListElement":[{"@type":"ListItem","position":1,"name":"Portada","item":"https:\/\/www.actionproject.es\/"},{"@type":"ListItem","position":2,"name":"Errores de liderazgo m\u00e1s comunes que perjudican a tu empresa"}]},{"@type":"WebSite","@id":"https:\/\/www.actionproject.es\/#website","url":"https:\/\/www.actionproject.es\/","name":"Action Project","description":"","publisher":{"@id":"https:\/\/www.actionproject.es\/#organization"},"potentialAction":[{"@type":"SearchAction","target":{"@type":"EntryPoint","urlTemplate":"https:\/\/www.actionproject.es\/?s={search_term_string}"},"query-input":{"@type":"PropertyValueSpecification","valueRequired":true,"valueName":"search_term_string"}}],"inLanguage":"en-GB"},{"@type":"Organization","@id":"https:\/\/www.actionproject.es\/#organization","name":"Action Project","url":"https:\/\/www.actionproject.es\/","logo":{"@type":"ImageObject","inLanguage":"en-GB","@id":"https:\/\/www.actionproject.es\/#\/schema\/logo\/image\/","url":"https:\/\/www.actionproject.es\/wp-content\/uploads\/2025\/02\/favicon-action.png","contentUrl":"https:\/\/www.actionproject.es\/wp-content\/uploads\/2025\/02\/favicon-action.png","width":512,"height":512,"caption":"Action Project"},"image":{"@id":"https:\/\/www.actionproject.es\/#\/schema\/logo\/image\/"}},{"@type":"Person","@id":"https:\/\/www.actionproject.es\/#\/schema\/person\/01aa5bb80cabd3235975fa1fccb16e23","name":"Juanma","image":{"@type":"ImageObject","inLanguage":"en-GB","@id":"https:\/\/secure.gravatar.com\/avatar\/85f0c3c9ba6a2b2ba51b0df3346eaf50cafa606989920561324eac0dd1c938f4?s=96&d=mm&r=g","url":"https:\/\/secure.gravatar.com\/avatar\/85f0c3c9ba6a2b2ba51b0df3346eaf50cafa606989920561324eac0dd1c938f4?s=96&d=mm&r=g","contentUrl":"https:\/\/secure.gravatar.com\/avatar\/85f0c3c9ba6a2b2ba51b0df3346eaf50cafa606989920561324eac0dd1c938f4?s=96&d=mm&r=g","caption":"Juanma"},"url":"https:\/\/www.actionproject.es\/en_gb\/blog\/author\/juanma\/"}]}},"_links":{"self":[{"href":"https:\/\/www.actionproject.es\/en_gb\/wp-json\/wp\/v2\/posts\/799","targetHints":{"allow":["GET"]}}],"collection":[{"href":"https:\/\/www.actionproject.es\/en_gb\/wp-json\/wp\/v2\/posts"}],"about":[{"href":"https:\/\/www.actionproject.es\/en_gb\/wp-json\/wp\/v2\/types\/post"}],"author":[{"embeddable":true,"href":"https:\/\/www.actionproject.es\/en_gb\/wp-json\/wp\/v2\/users\/2"}],"replies":[{"embeddable":true,"href":"https:\/\/www.actionproject.es\/en_gb\/wp-json\/wp\/v2\/comments?post=799"}],"version-history":[{"count":4,"href":"https:\/\/www.actionproject.es\/en_gb\/wp-json\/wp\/v2\/posts\/799\/revisions"}],"predecessor-version":[{"id":1758,"href":"https:\/\/www.actionproject.es\/en_gb\/wp-json\/wp\/v2\/posts\/799\/revisions\/1758"}],"wp:featuredmedia":[{"embeddable":true,"href":"https:\/\/www.actionproject.es\/en_gb\/wp-json\/wp\/v2\/media\/1442"}],"wp:attachment":[{"href":"https:\/\/www.actionproject.es\/en_gb\/wp-json\/wp\/v2\/media?parent=799"}],"wp:term":[{"taxonomy":"category","embeddable":true,"href":"https:\/\/www.actionproject.es\/en_gb\/wp-json\/wp\/v2\/categories?post=799"},{"taxonomy":"post_tag","embeddable":true,"href":"https:\/\/www.actionproject.es\/en_gb\/wp-json\/wp\/v2\/tags?post=799"}],"curies":[{"name":"wp","href":"https:\/\/api.w.org\/{rel}","templated":true}]}}