{"id":811,"date":"2024-05-07T07:05:31","date_gmt":"2024-05-07T05:05:31","guid":{"rendered":"https:\/\/jumpers.work\/actionproject\/?p=811"},"modified":"2025-07-02T11:13:14","modified_gmt":"2025-07-02T09:13:14","slug":"como-delegar-tareas","status":"publish","type":"post","link":"https:\/\/www.actionproject.es\/en_gb\/blog\/como-delegar-tareas\/","title":{"rendered":"How to delegate tasks in your business and its importance"},"content":{"rendered":"<p>\u00a0<\/p>\n<h2>\u00bfQu\u00e9 es delegar tareas?<\/h2>\n<p>\u00a0<\/p>\n<p>Delegar consiste en <strong>asignar tareas a otros miembros del equipo para mejorar los <a href=\"https:\/\/www.actionproject.es\/en_gb\/blog\/flujo-de-trabajo\/\">flujos de trabajo<\/a><\/strong>. Significa otorgar responsabilidades y autoridad a otra persona.<\/p>\n<p>Resulta positivo a la hora de <strong>aliviar carga de trabajo a directivos y gerentes y reorganizar las prioridades del equipo<\/strong>. Por ejemplo, si un empleado tiene mucha carga de trabajo y esa tarea podr\u00eda hacerla otro empleado con m\u00e1s tiempo libre, se equilibran las labores.<\/p>\n<p>Delegar tareas ayuda a mejorar la <a href=\"https:\/\/www.actionproject.es\/en_gb\/blog\/productividad-personal\/\">productividad personal<\/a>, pero tambi\u00e9n es un signo de confianza hacia el equipo.<\/p>\n<p>\u00a0<\/p>\n<h3>4 beneficios de delegar tareas<\/h3>\n<p>\u00a0<\/p>\n<ul>\n<li><strong>Optimizas el tiempo<\/strong>. La falta de tiempo es uno de los principales problemas que tienen muchas empresas. El motivo suele estar en una escasa organizaci\u00f3n o en una resistencia a delegar tareas.<\/li>\n<li><strong>Mejora\u00a0el reconocimiento de la <a href=\"https:\/\/www.actionproject.es\/en_gb\/blog\/motivacion-personal-en-entorno-empresarial-piramide-maslow\/\">motivaci\u00f3n personal<\/a> del equipo<\/strong>. Los l\u00edderes que delegan tareas transmiten confianza al equipo al darles nuevas responsabilidades.<\/li>\n<li><strong>Disminuye el estr\u00e9s<\/strong>. Las bajas laborales por salud mental no han parado de crecer desde 2016 (<a href=\"https:\/\/www.abc.es\/antropia\/salud-mental-espana-profesiones-acumulan-bajas-medicas-20240304000703-nt.html\" rel=\"nofollow\">como puedes ver en este art\u00edculo del ABC<\/a>). Uno de los motivos es el estr\u00e9s laboral. Delegar tareas ayuda a no saturar a tu equipo.<\/li>\n<li><strong>Aumenta la eficiencia.<\/strong> La delegaci\u00f3n de tareas y responsabilidades permite un reparto m\u00e1s equitativo del trabajo. Adem\u00e1s, si conoces bien las habilidades de tu equipo, es m\u00e1s f\u00e1cil asignarlas a las personas adecuadas.<\/li>\n<\/ul>\n<p>\u00a0<\/p>\n<h2><strong> \u00bfC\u00f3mo delegar tareas de forma eficaz?<\/strong><\/h2>\n<p>\u00a0<\/p>\n<p><strong> 1. Selecciona las tareas adecuadas que vas a delegar.<\/strong> Ten en cuenta las habilidades, experiencia y disponibilidad de tu equipo. <br \/> <strong>2. Comunica bien lo que necesitas.<\/strong> Clave para que un empleado sepa lo que se espera de \u00e9l y los objetivos que se persiguen.<br \/> <strong>3. Facilita a los miembros de tu equipo los recursos necesarios<\/strong> para llevar a cabo esa tarea. <br \/> <strong>4. Haz un seguimiento del trabajo<\/strong> para verificar que todo va bien y resolver posibles dudas.<\/p>\n<p>\u00a0<\/p>\n<h2>La importancia de la delegaci\u00f3n de tareas en el liderazgo<\/h2>\n<p>\u00a0<\/p>\n<p>La delegaci\u00f3n de tareas es una de las <a href=\"https:\/\/www.actionproject.es\/en_gb\/blog\/claves-liderazgo-efectivo-motivar-equipo\/\">claves en el liderazgo efectivo<\/a>. As\u00ed, los l\u00edderes aprovechan todo el potencial de su equipo. Adem\u00e1s, se fomenta un entorno de trabajo colaborativo y mejora el <a href=\"https:\/\/www.actionproject.es\/en_gb\/blog\/clima-laboral\/\">clima laboral<\/a> de la empresa.<\/p>\n<p>\u00bfSabes c\u00f3mo delegar tareas en tu organizaci\u00f3n? Si necesitas que te echemos una mano con ello, <a href=\"https:\/\/www.actionproject.es\/en_gb\/contacto\/\">cont\u00e1ctanos<\/a>.<\/p>","protected":false},"excerpt":{"rendered":"<p>Delegar tareas es una cuesti\u00f3n de confianza y necesario en cualquier organizaci\u00f3n. Si te cuesta este punto, te contamos <strong>c\u00f3mo delegar tareas y sus beneficios<\/strong>.<\/p>","protected":false},"author":2,"featured_media":1407,"comment_status":"closed","ping_status":"open","sticky":false,"template":"","format":"standard","meta":{"_acf_changed":false,"_joinchat":[],"footnotes":""},"categories":[10],"tags":[247,215,224],"class_list":["post-811","post","type-post","status-publish","format-standard","has-post-thumbnail","hentry","category-estrategia-empresarial","tag-delegar","tag-equipo","tag-organizacion-de-empresa"],"acf":[],"aioseo_notices":[],"yoast_head":"<!-- This site is optimized with the Yoast SEO plugin v27.3 - https:\/\/yoast.com\/product\/yoast-seo-wordpress\/ -->\n<title>C\u00f3mo delegar tareas en tu empresa y su importancia - Action Project<\/title>\n<meta name=\"robots\" content=\"index, follow, max-snippet:-1, max-image-preview:large, max-video-preview:-1\" \/>\n<link rel=\"canonical\" href=\"https:\/\/www.actionproject.es\/en_gb\/blog\/como-delegar-tareas\/\" \/>\n<meta property=\"og:locale\" content=\"en_GB\" \/>\n<meta property=\"og:type\" content=\"article\" \/>\n<meta property=\"og:title\" content=\"C\u00f3mo delegar tareas en tu empresa y su importancia - Action Project\" \/>\n<meta property=\"og:description\" content=\"Delegar tareas es una cuesti\u00f3n de confianza y necesario en cualquier organizaci\u00f3n. Si te cuesta este punto, te contamos c\u00f3mo delegar tareas y sus beneficios.\" \/>\n<meta property=\"og:url\" content=\"https:\/\/www.actionproject.es\/en_gb\/blog\/como-delegar-tareas\/\" \/>\n<meta property=\"og:site_name\" content=\"Action Project\" \/>\n<meta property=\"article:published_time\" content=\"2024-05-07T05:05:31+00:00\" \/>\n<meta property=\"article:modified_time\" content=\"2025-07-02T09:13:14+00:00\" \/>\n<meta property=\"og:image\" content=\"https:\/\/www.actionproject.es\/wp-content\/uploads\/2025\/07\/como-delegar-tareas.jpg\" \/>\n\t<meta property=\"og:image:width\" content=\"1200\" \/>\n\t<meta property=\"og:image:height\" content=\"800\" \/>\n\t<meta property=\"og:image:type\" content=\"image\/jpeg\" \/>\n<meta name=\"author\" content=\"Juanma\" \/>\n<meta name=\"twitter:card\" content=\"summary_large_image\" \/>\n<meta name=\"twitter:label1\" content=\"Written by\" \/>\n\t<meta name=\"twitter:data1\" content=\"Juanma\" \/>\n\t<meta name=\"twitter:label2\" content=\"Estimated reading time\" \/>\n\t<meta name=\"twitter:data2\" content=\"2 minutes\" \/>\n<script type=\"application\/ld+json\" class=\"yoast-schema-graph\">{\"@context\":\"https:\\\/\\\/schema.org\",\"@graph\":[{\"@type\":\"Article\",\"@id\":\"https:\\\/\\\/www.actionproject.es\\\/blog\\\/como-delegar-tareas\\\/#article\",\"isPartOf\":{\"@id\":\"https:\\\/\\\/www.actionproject.es\\\/blog\\\/como-delegar-tareas\\\/\"},\"author\":{\"name\":\"Juanma\",\"@id\":\"https:\\\/\\\/www.actionproject.es\\\/#\\\/schema\\\/person\\\/01aa5bb80cabd3235975fa1fccb16e23\"},\"headline\":\"C\u00f3mo delegar tareas en tu empresa y su importancia\",\"datePublished\":\"2024-05-07T05:05:31+00:00\",\"dateModified\":\"2025-07-02T09:13:14+00:00\",\"mainEntityOfPage\":{\"@id\":\"https:\\\/\\\/www.actionproject.es\\\/blog\\\/como-delegar-tareas\\\/\"},\"wordCount\":399,\"publisher\":{\"@id\":\"https:\\\/\\\/www.actionproject.es\\\/#organization\"},\"image\":{\"@id\":\"https:\\\/\\\/www.actionproject.es\\\/blog\\\/como-delegar-tareas\\\/#primaryimage\"},\"thumbnailUrl\":\"https:\\\/\\\/www.actionproject.es\\\/wp-content\\\/uploads\\\/2025\\\/07\\\/como-delegar-tareas.jpg\",\"keywords\":[\"delegar\",\"equipo\",\"organizaci\u00f3n de empresa\"],\"articleSection\":[\"Estrategia empresarial\"],\"inLanguage\":\"en-GB\"},{\"@type\":\"WebPage\",\"@id\":\"https:\\\/\\\/www.actionproject.es\\\/blog\\\/como-delegar-tareas\\\/\",\"url\":\"https:\\\/\\\/www.actionproject.es\\\/blog\\\/como-delegar-tareas\\\/\",\"name\":\"C\u00f3mo delegar tareas en tu empresa y su importancia - Action Project\",\"isPartOf\":{\"@id\":\"https:\\\/\\\/www.actionproject.es\\\/#website\"},\"primaryImageOfPage\":{\"@id\":\"https:\\\/\\\/www.actionproject.es\\\/blog\\\/como-delegar-tareas\\\/#primaryimage\"},\"image\":{\"@id\":\"https:\\\/\\\/www.actionproject.es\\\/blog\\\/como-delegar-tareas\\\/#primaryimage\"},\"thumbnailUrl\":\"https:\\\/\\\/www.actionproject.es\\\/wp-content\\\/uploads\\\/2025\\\/07\\\/como-delegar-tareas.jpg\",\"datePublished\":\"2024-05-07T05:05:31+00:00\",\"dateModified\":\"2025-07-02T09:13:14+00:00\",\"breadcrumb\":{\"@id\":\"https:\\\/\\\/www.actionproject.es\\\/blog\\\/como-delegar-tareas\\\/#breadcrumb\"},\"inLanguage\":\"en-GB\",\"potentialAction\":[{\"@type\":\"ReadAction\",\"target\":[\"https:\\\/\\\/www.actionproject.es\\\/blog\\\/como-delegar-tareas\\\/\"]}]},{\"@type\":\"ImageObject\",\"inLanguage\":\"en-GB\",\"@id\":\"https:\\\/\\\/www.actionproject.es\\\/blog\\\/como-delegar-tareas\\\/#primaryimage\",\"url\":\"https:\\\/\\\/www.actionproject.es\\\/wp-content\\\/uploads\\\/2025\\\/07\\\/como-delegar-tareas.jpg\",\"contentUrl\":\"https:\\\/\\\/www.actionproject.es\\\/wp-content\\\/uploads\\\/2025\\\/07\\\/como-delegar-tareas.jpg\",\"width\":1200,\"height\":800},{\"@type\":\"BreadcrumbList\",\"@id\":\"https:\\\/\\\/www.actionproject.es\\\/blog\\\/como-delegar-tareas\\\/#breadcrumb\",\"itemListElement\":[{\"@type\":\"ListItem\",\"position\":1,\"name\":\"Portada\",\"item\":\"https:\\\/\\\/www.actionproject.es\\\/\"},{\"@type\":\"ListItem\",\"position\":2,\"name\":\"C\u00f3mo delegar tareas en tu empresa y su importancia\"}]},{\"@type\":\"WebSite\",\"@id\":\"https:\\\/\\\/www.actionproject.es\\\/#website\",\"url\":\"https:\\\/\\\/www.actionproject.es\\\/\",\"name\":\"Action Project\",\"description\":\"\",\"publisher\":{\"@id\":\"https:\\\/\\\/www.actionproject.es\\\/#organization\"},\"potentialAction\":[{\"@type\":\"SearchAction\",\"target\":{\"@type\":\"EntryPoint\",\"urlTemplate\":\"https:\\\/\\\/www.actionproject.es\\\/?s={search_term_string}\"},\"query-input\":{\"@type\":\"PropertyValueSpecification\",\"valueRequired\":true,\"valueName\":\"search_term_string\"}}],\"inLanguage\":\"en-GB\"},{\"@type\":\"Organization\",\"@id\":\"https:\\\/\\\/www.actionproject.es\\\/#organization\",\"name\":\"Action Project\",\"url\":\"https:\\\/\\\/www.actionproject.es\\\/\",\"logo\":{\"@type\":\"ImageObject\",\"inLanguage\":\"en-GB\",\"@id\":\"https:\\\/\\\/www.actionproject.es\\\/#\\\/schema\\\/logo\\\/image\\\/\",\"url\":\"https:\\\/\\\/www.actionproject.es\\\/wp-content\\\/uploads\\\/2025\\\/02\\\/favicon-action.png\",\"contentUrl\":\"https:\\\/\\\/www.actionproject.es\\\/wp-content\\\/uploads\\\/2025\\\/02\\\/favicon-action.png\",\"width\":512,\"height\":512,\"caption\":\"Action Project\"},\"image\":{\"@id\":\"https:\\\/\\\/www.actionproject.es\\\/#\\\/schema\\\/logo\\\/image\\\/\"}},{\"@type\":\"Person\",\"@id\":\"https:\\\/\\\/www.actionproject.es\\\/#\\\/schema\\\/person\\\/01aa5bb80cabd3235975fa1fccb16e23\",\"name\":\"Juanma\",\"image\":{\"@type\":\"ImageObject\",\"inLanguage\":\"en-GB\",\"@id\":\"https:\\\/\\\/secure.gravatar.com\\\/avatar\\\/85f0c3c9ba6a2b2ba51b0df3346eaf50cafa606989920561324eac0dd1c938f4?s=96&d=mm&r=g\",\"url\":\"https:\\\/\\\/secure.gravatar.com\\\/avatar\\\/85f0c3c9ba6a2b2ba51b0df3346eaf50cafa606989920561324eac0dd1c938f4?s=96&d=mm&r=g\",\"contentUrl\":\"https:\\\/\\\/secure.gravatar.com\\\/avatar\\\/85f0c3c9ba6a2b2ba51b0df3346eaf50cafa606989920561324eac0dd1c938f4?s=96&d=mm&r=g\",\"caption\":\"Juanma\"},\"url\":\"https:\\\/\\\/www.actionproject.es\\\/en_gb\\\/blog\\\/author\\\/juanma\\\/\"}]}<\/script>\n<!-- \/ Yoast SEO plugin. -->","yoast_head_json":{"title":"C\u00f3mo delegar tareas en tu empresa y su importancia - Action Project","robots":{"index":"index","follow":"follow","max-snippet":"max-snippet:-1","max-image-preview":"max-image-preview:large","max-video-preview":"max-video-preview:-1"},"canonical":"https:\/\/www.actionproject.es\/en_gb\/blog\/como-delegar-tareas\/","og_locale":"en_GB","og_type":"article","og_title":"C\u00f3mo delegar tareas en tu empresa y su importancia - Action Project","og_description":"Delegar tareas es una cuesti\u00f3n de confianza y necesario en cualquier organizaci\u00f3n. Si te cuesta este punto, te contamos c\u00f3mo delegar tareas y sus beneficios.","og_url":"https:\/\/www.actionproject.es\/en_gb\/blog\/como-delegar-tareas\/","og_site_name":"Action Project","article_published_time":"2024-05-07T05:05:31+00:00","article_modified_time":"2025-07-02T09:13:14+00:00","og_image":[{"width":1200,"height":800,"url":"https:\/\/www.actionproject.es\/wp-content\/uploads\/2025\/07\/como-delegar-tareas.jpg","type":"image\/jpeg"}],"author":"Juanma","twitter_card":"summary_large_image","twitter_misc":{"Written by":"Juanma","Estimated reading time":"2 minutes"},"schema":{"@context":"https:\/\/schema.org","@graph":[{"@type":"Article","@id":"https:\/\/www.actionproject.es\/blog\/como-delegar-tareas\/#article","isPartOf":{"@id":"https:\/\/www.actionproject.es\/blog\/como-delegar-tareas\/"},"author":{"name":"Juanma","@id":"https:\/\/www.actionproject.es\/#\/schema\/person\/01aa5bb80cabd3235975fa1fccb16e23"},"headline":"C\u00f3mo delegar tareas en tu empresa y su importancia","datePublished":"2024-05-07T05:05:31+00:00","dateModified":"2025-07-02T09:13:14+00:00","mainEntityOfPage":{"@id":"https:\/\/www.actionproject.es\/blog\/como-delegar-tareas\/"},"wordCount":399,"publisher":{"@id":"https:\/\/www.actionproject.es\/#organization"},"image":{"@id":"https:\/\/www.actionproject.es\/blog\/como-delegar-tareas\/#primaryimage"},"thumbnailUrl":"https:\/\/www.actionproject.es\/wp-content\/uploads\/2025\/07\/como-delegar-tareas.jpg","keywords":["delegar","equipo","organizaci\u00f3n de empresa"],"articleSection":["Estrategia empresarial"],"inLanguage":"en-GB"},{"@type":"WebPage","@id":"https:\/\/www.actionproject.es\/blog\/como-delegar-tareas\/","url":"https:\/\/www.actionproject.es\/blog\/como-delegar-tareas\/","name":"C\u00f3mo delegar tareas en tu empresa y su importancia - Action Project","isPartOf":{"@id":"https:\/\/www.actionproject.es\/#website"},"primaryImageOfPage":{"@id":"https:\/\/www.actionproject.es\/blog\/como-delegar-tareas\/#primaryimage"},"image":{"@id":"https:\/\/www.actionproject.es\/blog\/como-delegar-tareas\/#primaryimage"},"thumbnailUrl":"https:\/\/www.actionproject.es\/wp-content\/uploads\/2025\/07\/como-delegar-tareas.jpg","datePublished":"2024-05-07T05:05:31+00:00","dateModified":"2025-07-02T09:13:14+00:00","breadcrumb":{"@id":"https:\/\/www.actionproject.es\/blog\/como-delegar-tareas\/#breadcrumb"},"inLanguage":"en-GB","potentialAction":[{"@type":"ReadAction","target":["https:\/\/www.actionproject.es\/blog\/como-delegar-tareas\/"]}]},{"@type":"ImageObject","inLanguage":"en-GB","@id":"https:\/\/www.actionproject.es\/blog\/como-delegar-tareas\/#primaryimage","url":"https:\/\/www.actionproject.es\/wp-content\/uploads\/2025\/07\/como-delegar-tareas.jpg","contentUrl":"https:\/\/www.actionproject.es\/wp-content\/uploads\/2025\/07\/como-delegar-tareas.jpg","width":1200,"height":800},{"@type":"BreadcrumbList","@id":"https:\/\/www.actionproject.es\/blog\/como-delegar-tareas\/#breadcrumb","itemListElement":[{"@type":"ListItem","position":1,"name":"Portada","item":"https:\/\/www.actionproject.es\/"},{"@type":"ListItem","position":2,"name":"C\u00f3mo delegar tareas en tu empresa y su importancia"}]},{"@type":"WebSite","@id":"https:\/\/www.actionproject.es\/#website","url":"https:\/\/www.actionproject.es\/","name":"Action Project","description":"","publisher":{"@id":"https:\/\/www.actionproject.es\/#organization"},"potentialAction":[{"@type":"SearchAction","target":{"@type":"EntryPoint","urlTemplate":"https:\/\/www.actionproject.es\/?s={search_term_string}"},"query-input":{"@type":"PropertyValueSpecification","valueRequired":true,"valueName":"search_term_string"}}],"inLanguage":"en-GB"},{"@type":"Organization","@id":"https:\/\/www.actionproject.es\/#organization","name":"Action Project","url":"https:\/\/www.actionproject.es\/","logo":{"@type":"ImageObject","inLanguage":"en-GB","@id":"https:\/\/www.actionproject.es\/#\/schema\/logo\/image\/","url":"https:\/\/www.actionproject.es\/wp-content\/uploads\/2025\/02\/favicon-action.png","contentUrl":"https:\/\/www.actionproject.es\/wp-content\/uploads\/2025\/02\/favicon-action.png","width":512,"height":512,"caption":"Action Project"},"image":{"@id":"https:\/\/www.actionproject.es\/#\/schema\/logo\/image\/"}},{"@type":"Person","@id":"https:\/\/www.actionproject.es\/#\/schema\/person\/01aa5bb80cabd3235975fa1fccb16e23","name":"Juanma","image":{"@type":"ImageObject","inLanguage":"en-GB","@id":"https:\/\/secure.gravatar.com\/avatar\/85f0c3c9ba6a2b2ba51b0df3346eaf50cafa606989920561324eac0dd1c938f4?s=96&d=mm&r=g","url":"https:\/\/secure.gravatar.com\/avatar\/85f0c3c9ba6a2b2ba51b0df3346eaf50cafa606989920561324eac0dd1c938f4?s=96&d=mm&r=g","contentUrl":"https:\/\/secure.gravatar.com\/avatar\/85f0c3c9ba6a2b2ba51b0df3346eaf50cafa606989920561324eac0dd1c938f4?s=96&d=mm&r=g","caption":"Juanma"},"url":"https:\/\/www.actionproject.es\/en_gb\/blog\/author\/juanma\/"}]}},"_links":{"self":[{"href":"https:\/\/www.actionproject.es\/en_gb\/wp-json\/wp\/v2\/posts\/811","targetHints":{"allow":["GET"]}}],"collection":[{"href":"https:\/\/www.actionproject.es\/en_gb\/wp-json\/wp\/v2\/posts"}],"about":[{"href":"https:\/\/www.actionproject.es\/en_gb\/wp-json\/wp\/v2\/types\/post"}],"author":[{"embeddable":true,"href":"https:\/\/www.actionproject.es\/en_gb\/wp-json\/wp\/v2\/users\/2"}],"replies":[{"embeddable":true,"href":"https:\/\/www.actionproject.es\/en_gb\/wp-json\/wp\/v2\/comments?post=811"}],"version-history":[{"count":4,"href":"https:\/\/www.actionproject.es\/en_gb\/wp-json\/wp\/v2\/posts\/811\/revisions"}],"predecessor-version":[{"id":1761,"href":"https:\/\/www.actionproject.es\/en_gb\/wp-json\/wp\/v2\/posts\/811\/revisions\/1761"}],"wp:featuredmedia":[{"embeddable":true,"href":"https:\/\/www.actionproject.es\/en_gb\/wp-json\/wp\/v2\/media\/1407"}],"wp:attachment":[{"href":"https:\/\/www.actionproject.es\/en_gb\/wp-json\/wp\/v2\/media?parent=811"}],"wp:term":[{"taxonomy":"category","embeddable":true,"href":"https:\/\/www.actionproject.es\/en_gb\/wp-json\/wp\/v2\/categories?post=811"},{"taxonomy":"post_tag","embeddable":true,"href":"https:\/\/www.actionproject.es\/en_gb\/wp-json\/wp\/v2\/tags?post=811"}],"curies":[{"name":"wp","href":"https:\/\/api.w.org\/{rel}","templated":true}]}}