{"id":823,"date":"2024-07-09T14:21:24","date_gmt":"2024-07-09T12:21:24","guid":{"rendered":"https:\/\/jumpers.work\/actionproject\/?p=823"},"modified":"2025-07-02T11:13:15","modified_gmt":"2025-07-02T09:13:15","slug":"liderazgo-inclusivo","status":"publish","type":"post","link":"https:\/\/www.actionproject.es\/en_gb\/blog\/liderazgo-inclusivo\/","title":{"rendered":"What is inclusive leadership and how to put it into practice"},"content":{"rendered":"","protected":false},"excerpt":{"rendered":"<p>Lejos queda ya la figura autoritaria del l\u00edder como sin\u00f3nimo de \u00e9xito empresarial. Ahora las personas y el buen <a href=\"https:\/\/www.actionproject.es\/en_gb\/blog\/clima-laboral\/\">clima laboral <\/a>est\u00e1n en el centro de la organizaci\u00f3n, como ocurre en el <strong>liderazgo inclusivo<\/strong>.<\/p>\n<p>\u00a0<\/p>\n<h2>\u00bfQu\u00e9 es el liderazgo inclusivo?<\/h2>\n<p>\u00a0<\/p>\n<p>El liderazgo inclusivo es un estilo de liderazgo que<strong> promueve la participaci\u00f3n y el valor de todos los miembros del equipo<\/strong>, independientemente de sus diferencias. Este <a href=\"https:\/\/www.actionproject.es\/en_gb\/blog\/tipos-liderazgo-empresarial-negocio\/\">tipo de liderazgo<\/a> reconoce y aprecia la diversidad en todas sus formas, desde las diferencias de g\u00e9nero y nacionalidad hasta las variaciones en experiencias y perspectivas.<\/p>\n<p>A diferencia de otros estilos de liderazgo, el inclusivo se centra en <strong>crear un entorno donde todos los empleados se sientan valorados y escuchados<\/strong>. Esto no solo mejora la moral del equipo, sino que tambi\u00e9n fomenta una cultura de innovaci\u00f3n y colaboraci\u00f3n.<\/p>\n<p>\u00a0<\/p>\n<h2>Beneficios del liderazgo inclusivo en las empresas<\/h2>\n<p>\u00a0<\/p>\n<p>Implementar el liderazgo inclusivo en las empresas trae numerosos beneficios:<\/p>\n<p>\u00a0<\/p>\n<ul>\n<li><strong>Mejora del rendimiento del equipo.<\/strong> Un equipo diverso y valorado tiende a ser m\u00e1s motivado y productivo.<\/li>\n<li><strong>Aumento de la creatividad y la innovaci\u00f3n<\/strong>. La inclusi\u00f3n de diversas perspectivas y experiencias en el proceso de<a href=\"https:\/\/www.actionproject.es\/en_gb\/blog\/toma-de-decisiones-en-la-empresa\/\"> toma de decisiones empresariales<\/a> conduce a soluciones m\u00e1s creativas y efectivas.<\/li>\n<li><strong>Mayor satisfacci\u00f3n laboral.<\/strong> Los empleados se sienten m\u00e1s comprometidos y satisfechos cuando trabajan en un entorno inclusivo que valora sus contribuciones.<\/li>\n<li><strong>Reducci\u00f3n de la rotaci\u00f3n de personal.<\/strong> Un ambiente inclusivo fomenta la lealtad y retenci\u00f3n de empleados, reduciendo los costes asociados con la alta rotaci\u00f3n de personal.<\/li>\n<\/ul>\n<p>\u00a0<\/p>\n<h3>C\u00f3mo implementar el liderazgo inclusivo<\/h3>\n<p>\u00a0<\/p>\n<p>Para llevar el liderazgo inclusivo a la pr\u00e1ctica, considera las siguientes estrategias:<\/p>\n<ul>\n<li><strong>Capacitaci\u00f3n y desarrollo<\/strong>. Ofrece programas de formaci\u00f3n para desarrollar habilidades inclusivas en los l\u00edderes.<\/li>\n<li><strong>Pol\u00edticas inclusivas.<\/strong> Establece pol\u00edticas que promuevan la inclusi\u00f3n y la diversidad en todos los niveles de la organizaci\u00f3n.<\/li>\n<li><strong>Cultura de <em>feedback<\/em><\/strong>. Fomenta una cultura donde el <em>feedback<\/em> sea continuo y valorado, permitiendo ajustes y mejoras constantes.<\/li>\n<\/ul>\n<p>\u00a0<\/p>\n<p>El liderazgo inclusivo es m\u00e1s que una tendencia: es una necesidad para las empresas que desean prosperar en el siglo XXI. Al adoptar pr\u00e1cticas inclusivas, las organizaciones pueden no solo <strong>mejorar su rendimiento<\/strong>, sino tambi\u00e9n crear un entorno donde todos los empleados se sientan valorados y capaces de contribuir al \u00e9xito colectivo.<\/p>\n<p>In <a href=\"https:\/\/www.actionproject.es\/en_gb\/\">Action Project <\/a>te ayudamos al desarrollo directivo de tu empresa. <a href=\"https:\/\/www.actionproject.es\/en_gb\/contacto\/\">Cont\u00e1ctanos ahora sin compromiso<\/a>.<\/p>\n<p>\u00a0<\/p>\n<p>\u00a0<\/p>","protected":false},"author":2,"featured_media":1482,"comment_status":"closed","ping_status":"open","sticky":false,"template":"","format":"standard","meta":{"_acf_changed":false,"_joinchat":[],"footnotes":""},"categories":[10],"tags":[],"class_list":["post-823","post","type-post","status-publish","format-standard","has-post-thumbnail","hentry","category-estrategia-empresarial"],"acf":[],"aioseo_notices":[],"yoast_head":"<!-- This site is optimized with the Yoast SEO plugin v27.3 - https:\/\/yoast.com\/product\/yoast-seo-wordpress\/ -->\n<title>Qu\u00e9 es el liderazgo inclusivo y c\u00f3mo llevarlo a la pr\u00e1ctica - Action Project<\/title>\n<meta name=\"robots\" content=\"index, follow, max-snippet:-1, max-image-preview:large, max-video-preview:-1\" \/>\n<link rel=\"canonical\" href=\"https:\/\/www.actionproject.es\/en_gb\/blog\/liderazgo-inclusivo\/\" \/>\n<meta property=\"og:locale\" content=\"en_GB\" \/>\n<meta property=\"og:type\" content=\"article\" \/>\n<meta property=\"og:title\" content=\"Qu\u00e9 es el liderazgo inclusivo y c\u00f3mo llevarlo a la pr\u00e1ctica - Action Project\" \/>\n<meta property=\"og:description\" content=\"Lejos queda ya la figura autoritaria del l\u00edder como sin\u00f3nimo de \u00e9xito empresarial. Ahora las personas y el buen clima laboral est\u00e1n en el centro de la organizaci\u00f3n, como ocurre en el liderazgo inclusivo. \u00a0 \u00bfQu\u00e9 es el liderazgo inclusivo? \u00a0 El liderazgo inclusivo es un estilo de liderazgo que promueve la participaci\u00f3n y el valor de todos los miembros del equipo, independientemente de sus diferencias. Este tipo de liderazgo reconoce y aprecia la diversidad en todas sus formas, desde las diferencias de g\u00e9nero y nacionalidad hasta las variaciones en experiencias y perspectivas. A diferencia de otros estilos de liderazgo, el inclusivo se centra en crear un entorno donde todos los empleados se sientan valorados y escuchados. Esto no solo mejora la moral del equipo, sino que tambi\u00e9n fomenta una cultura de innovaci\u00f3n y colaboraci\u00f3n. \u00a0 Beneficios del liderazgo inclusivo en las empresas \u00a0 Implementar el liderazgo inclusivo en las empresas trae numerosos beneficios: \u00a0 Mejora del rendimiento del equipo. Un equipo diverso y valorado tiende a ser m\u00e1s motivado y productivo. Aumento de la creatividad y la innovaci\u00f3n. La inclusi\u00f3n de diversas perspectivas y experiencias en el proceso de toma de decisiones empresariales conduce a soluciones m\u00e1s creativas y efectivas. Mayor satisfacci\u00f3n laboral. Los empleados se sienten m\u00e1s comprometidos y satisfechos cuando trabajan en un entorno inclusivo que valora sus contribuciones. Reducci\u00f3n de la rotaci\u00f3n de personal. Un ambiente inclusivo fomenta la lealtad y retenci\u00f3n de empleados, reduciendo los costes asociados con la alta rotaci\u00f3n de personal. \u00a0 C\u00f3mo implementar el liderazgo inclusivo \u00a0 Para llevar el liderazgo inclusivo a la pr\u00e1ctica, considera las siguientes estrategias: Capacitaci\u00f3n y desarrollo. Ofrece programas de formaci\u00f3n para desarrollar habilidades inclusivas en los l\u00edderes. Pol\u00edticas inclusivas. Establece pol\u00edticas que promuevan la inclusi\u00f3n y la diversidad en todos los niveles de la organizaci\u00f3n. Cultura de feedback. Fomenta una cultura donde el feedback sea continuo y valorado, permitiendo ajustes y mejoras constantes. \u00a0 El liderazgo inclusivo es m\u00e1s que una tendencia: es una necesidad para las empresas que desean prosperar en el siglo XXI. Al adoptar pr\u00e1cticas inclusivas, las organizaciones pueden no solo mejorar su rendimiento, sino tambi\u00e9n crear un entorno donde todos los empleados se sientan valorados y capaces de contribuir al \u00e9xito colectivo. En Action Project te ayudamos al desarrollo directivo de tu empresa. Cont\u00e1ctanos ahora sin compromiso. \u00a0 \u00a0\" \/>\n<meta property=\"og:url\" content=\"https:\/\/www.actionproject.es\/en_gb\/blog\/liderazgo-inclusivo\/\" \/>\n<meta property=\"og:site_name\" content=\"Action Project\" \/>\n<meta property=\"article:published_time\" content=\"2024-07-09T12:21:24+00:00\" \/>\n<meta property=\"article:modified_time\" content=\"2025-07-02T09:13:15+00:00\" \/>\n<meta property=\"og:image\" content=\"https:\/\/www.actionproject.es\/wp-content\/uploads\/2025\/07\/liderazgo-inclusivo.jpg\" \/>\n\t<meta property=\"og:image:width\" content=\"1200\" \/>\n\t<meta property=\"og:image:height\" content=\"800\" \/>\n\t<meta property=\"og:image:type\" content=\"image\/jpeg\" \/>\n<meta name=\"author\" content=\"Juanma\" \/>\n<meta name=\"twitter:card\" content=\"summary_large_image\" \/>\n<meta name=\"twitter:label1\" content=\"Written by\" \/>\n\t<meta name=\"twitter:data1\" content=\"Juanma\" \/>\n<script type=\"application\/ld+json\" class=\"yoast-schema-graph\">{\"@context\":\"https:\\\/\\\/schema.org\",\"@graph\":[{\"@type\":\"Article\",\"@id\":\"https:\\\/\\\/www.actionproject.es\\\/blog\\\/liderazgo-inclusivo\\\/#article\",\"isPartOf\":{\"@id\":\"https:\\\/\\\/www.actionproject.es\\\/blog\\\/liderazgo-inclusivo\\\/\"},\"author\":{\"name\":\"Juanma\",\"@id\":\"https:\\\/\\\/www.actionproject.es\\\/#\\\/schema\\\/person\\\/01aa5bb80cabd3235975fa1fccb16e23\"},\"headline\":\"Qu\u00e9 es el liderazgo inclusivo y c\u00f3mo llevarlo a la pr\u00e1ctica\",\"datePublished\":\"2024-07-09T12:21:24+00:00\",\"dateModified\":\"2025-07-02T09:13:15+00:00\",\"mainEntityOfPage\":{\"@id\":\"https:\\\/\\\/www.actionproject.es\\\/blog\\\/liderazgo-inclusivo\\\/\"},\"wordCount\":13,\"publisher\":{\"@id\":\"https:\\\/\\\/www.actionproject.es\\\/#organization\"},\"image\":{\"@id\":\"https:\\\/\\\/www.actionproject.es\\\/blog\\\/liderazgo-inclusivo\\\/#primaryimage\"},\"thumbnailUrl\":\"https:\\\/\\\/www.actionproject.es\\\/wp-content\\\/uploads\\\/2025\\\/07\\\/liderazgo-inclusivo.jpg\",\"articleSection\":[\"Estrategia empresarial\"],\"inLanguage\":\"en-GB\"},{\"@type\":\"WebPage\",\"@id\":\"https:\\\/\\\/www.actionproject.es\\\/blog\\\/liderazgo-inclusivo\\\/\",\"url\":\"https:\\\/\\\/www.actionproject.es\\\/blog\\\/liderazgo-inclusivo\\\/\",\"name\":\"Qu\u00e9 es el liderazgo inclusivo y c\u00f3mo llevarlo a la pr\u00e1ctica - Action Project\",\"isPartOf\":{\"@id\":\"https:\\\/\\\/www.actionproject.es\\\/#website\"},\"primaryImageOfPage\":{\"@id\":\"https:\\\/\\\/www.actionproject.es\\\/blog\\\/liderazgo-inclusivo\\\/#primaryimage\"},\"image\":{\"@id\":\"https:\\\/\\\/www.actionproject.es\\\/blog\\\/liderazgo-inclusivo\\\/#primaryimage\"},\"thumbnailUrl\":\"https:\\\/\\\/www.actionproject.es\\\/wp-content\\\/uploads\\\/2025\\\/07\\\/liderazgo-inclusivo.jpg\",\"datePublished\":\"2024-07-09T12:21:24+00:00\",\"dateModified\":\"2025-07-02T09:13:15+00:00\",\"breadcrumb\":{\"@id\":\"https:\\\/\\\/www.actionproject.es\\\/blog\\\/liderazgo-inclusivo\\\/#breadcrumb\"},\"inLanguage\":\"en-GB\",\"potentialAction\":[{\"@type\":\"ReadAction\",\"target\":[\"https:\\\/\\\/www.actionproject.es\\\/blog\\\/liderazgo-inclusivo\\\/\"]}]},{\"@type\":\"ImageObject\",\"inLanguage\":\"en-GB\",\"@id\":\"https:\\\/\\\/www.actionproject.es\\\/blog\\\/liderazgo-inclusivo\\\/#primaryimage\",\"url\":\"https:\\\/\\\/www.actionproject.es\\\/wp-content\\\/uploads\\\/2025\\\/07\\\/liderazgo-inclusivo.jpg\",\"contentUrl\":\"https:\\\/\\\/www.actionproject.es\\\/wp-content\\\/uploads\\\/2025\\\/07\\\/liderazgo-inclusivo.jpg\",\"width\":1200,\"height\":800},{\"@type\":\"BreadcrumbList\",\"@id\":\"https:\\\/\\\/www.actionproject.es\\\/blog\\\/liderazgo-inclusivo\\\/#breadcrumb\",\"itemListElement\":[{\"@type\":\"ListItem\",\"position\":1,\"name\":\"Portada\",\"item\":\"https:\\\/\\\/www.actionproject.es\\\/\"},{\"@type\":\"ListItem\",\"position\":2,\"name\":\"Qu\u00e9 es el liderazgo inclusivo y c\u00f3mo llevarlo a la pr\u00e1ctica\"}]},{\"@type\":\"WebSite\",\"@id\":\"https:\\\/\\\/www.actionproject.es\\\/#website\",\"url\":\"https:\\\/\\\/www.actionproject.es\\\/\",\"name\":\"Action Project\",\"description\":\"\",\"publisher\":{\"@id\":\"https:\\\/\\\/www.actionproject.es\\\/#organization\"},\"potentialAction\":[{\"@type\":\"SearchAction\",\"target\":{\"@type\":\"EntryPoint\",\"urlTemplate\":\"https:\\\/\\\/www.actionproject.es\\\/?s={search_term_string}\"},\"query-input\":{\"@type\":\"PropertyValueSpecification\",\"valueRequired\":true,\"valueName\":\"search_term_string\"}}],\"inLanguage\":\"en-GB\"},{\"@type\":\"Organization\",\"@id\":\"https:\\\/\\\/www.actionproject.es\\\/#organization\",\"name\":\"Action Project\",\"url\":\"https:\\\/\\\/www.actionproject.es\\\/\",\"logo\":{\"@type\":\"ImageObject\",\"inLanguage\":\"en-GB\",\"@id\":\"https:\\\/\\\/www.actionproject.es\\\/#\\\/schema\\\/logo\\\/image\\\/\",\"url\":\"https:\\\/\\\/www.actionproject.es\\\/wp-content\\\/uploads\\\/2025\\\/02\\\/favicon-action.png\",\"contentUrl\":\"https:\\\/\\\/www.actionproject.es\\\/wp-content\\\/uploads\\\/2025\\\/02\\\/favicon-action.png\",\"width\":512,\"height\":512,\"caption\":\"Action Project\"},\"image\":{\"@id\":\"https:\\\/\\\/www.actionproject.es\\\/#\\\/schema\\\/logo\\\/image\\\/\"}},{\"@type\":\"Person\",\"@id\":\"https:\\\/\\\/www.actionproject.es\\\/#\\\/schema\\\/person\\\/01aa5bb80cabd3235975fa1fccb16e23\",\"name\":\"Juanma\",\"image\":{\"@type\":\"ImageObject\",\"inLanguage\":\"en-GB\",\"@id\":\"https:\\\/\\\/secure.gravatar.com\\\/avatar\\\/85f0c3c9ba6a2b2ba51b0df3346eaf50cafa606989920561324eac0dd1c938f4?s=96&d=mm&r=g\",\"url\":\"https:\\\/\\\/secure.gravatar.com\\\/avatar\\\/85f0c3c9ba6a2b2ba51b0df3346eaf50cafa606989920561324eac0dd1c938f4?s=96&d=mm&r=g\",\"contentUrl\":\"https:\\\/\\\/secure.gravatar.com\\\/avatar\\\/85f0c3c9ba6a2b2ba51b0df3346eaf50cafa606989920561324eac0dd1c938f4?s=96&d=mm&r=g\",\"caption\":\"Juanma\"},\"url\":\"https:\\\/\\\/www.actionproject.es\\\/en_gb\\\/blog\\\/author\\\/juanma\\\/\"}]}<\/script>\n<!-- \/ Yoast SEO plugin. -->","yoast_head_json":{"title":"Qu\u00e9 es el liderazgo inclusivo y c\u00f3mo llevarlo a la pr\u00e1ctica - Action Project","robots":{"index":"index","follow":"follow","max-snippet":"max-snippet:-1","max-image-preview":"max-image-preview:large","max-video-preview":"max-video-preview:-1"},"canonical":"https:\/\/www.actionproject.es\/en_gb\/blog\/liderazgo-inclusivo\/","og_locale":"en_GB","og_type":"article","og_title":"Qu\u00e9 es el liderazgo inclusivo y c\u00f3mo llevarlo a la pr\u00e1ctica - Action Project","og_description":"Lejos queda ya la figura autoritaria del l\u00edder como sin\u00f3nimo de \u00e9xito empresarial. Ahora las personas y el buen clima laboral est\u00e1n en el centro de la organizaci\u00f3n, como ocurre en el liderazgo inclusivo. \u00a0 \u00bfQu\u00e9 es el liderazgo inclusivo? \u00a0 El liderazgo inclusivo es un estilo de liderazgo que promueve la participaci\u00f3n y el valor de todos los miembros del equipo, independientemente de sus diferencias. Este tipo de liderazgo reconoce y aprecia la diversidad en todas sus formas, desde las diferencias de g\u00e9nero y nacionalidad hasta las variaciones en experiencias y perspectivas. A diferencia de otros estilos de liderazgo, el inclusivo se centra en crear un entorno donde todos los empleados se sientan valorados y escuchados. Esto no solo mejora la moral del equipo, sino que tambi\u00e9n fomenta una cultura de innovaci\u00f3n y colaboraci\u00f3n. \u00a0 Beneficios del liderazgo inclusivo en las empresas \u00a0 Implementar el liderazgo inclusivo en las empresas trae numerosos beneficios: \u00a0 Mejora del rendimiento del equipo. Un equipo diverso y valorado tiende a ser m\u00e1s motivado y productivo. Aumento de la creatividad y la innovaci\u00f3n. La inclusi\u00f3n de diversas perspectivas y experiencias en el proceso de toma de decisiones empresariales conduce a soluciones m\u00e1s creativas y efectivas. Mayor satisfacci\u00f3n laboral. Los empleados se sienten m\u00e1s comprometidos y satisfechos cuando trabajan en un entorno inclusivo que valora sus contribuciones. Reducci\u00f3n de la rotaci\u00f3n de personal. Un ambiente inclusivo fomenta la lealtad y retenci\u00f3n de empleados, reduciendo los costes asociados con la alta rotaci\u00f3n de personal. \u00a0 C\u00f3mo implementar el liderazgo inclusivo \u00a0 Para llevar el liderazgo inclusivo a la pr\u00e1ctica, considera las siguientes estrategias: Capacitaci\u00f3n y desarrollo. Ofrece programas de formaci\u00f3n para desarrollar habilidades inclusivas en los l\u00edderes. Pol\u00edticas inclusivas. Establece pol\u00edticas que promuevan la inclusi\u00f3n y la diversidad en todos los niveles de la organizaci\u00f3n. Cultura de feedback. Fomenta una cultura donde el feedback sea continuo y valorado, permitiendo ajustes y mejoras constantes. \u00a0 El liderazgo inclusivo es m\u00e1s que una tendencia: es una necesidad para las empresas que desean prosperar en el siglo XXI. Al adoptar pr\u00e1cticas inclusivas, las organizaciones pueden no solo mejorar su rendimiento, sino tambi\u00e9n crear un entorno donde todos los empleados se sientan valorados y capaces de contribuir al \u00e9xito colectivo. En Action Project te ayudamos al desarrollo directivo de tu empresa. Cont\u00e1ctanos ahora sin compromiso. \u00a0 \u00a0","og_url":"https:\/\/www.actionproject.es\/en_gb\/blog\/liderazgo-inclusivo\/","og_site_name":"Action Project","article_published_time":"2024-07-09T12:21:24+00:00","article_modified_time":"2025-07-02T09:13:15+00:00","og_image":[{"width":1200,"height":800,"url":"https:\/\/www.actionproject.es\/wp-content\/uploads\/2025\/07\/liderazgo-inclusivo.jpg","type":"image\/jpeg"}],"author":"Juanma","twitter_card":"summary_large_image","twitter_misc":{"Written by":"Juanma"},"schema":{"@context":"https:\/\/schema.org","@graph":[{"@type":"Article","@id":"https:\/\/www.actionproject.es\/blog\/liderazgo-inclusivo\/#article","isPartOf":{"@id":"https:\/\/www.actionproject.es\/blog\/liderazgo-inclusivo\/"},"author":{"name":"Juanma","@id":"https:\/\/www.actionproject.es\/#\/schema\/person\/01aa5bb80cabd3235975fa1fccb16e23"},"headline":"Qu\u00e9 es el liderazgo inclusivo y c\u00f3mo llevarlo a la pr\u00e1ctica","datePublished":"2024-07-09T12:21:24+00:00","dateModified":"2025-07-02T09:13:15+00:00","mainEntityOfPage":{"@id":"https:\/\/www.actionproject.es\/blog\/liderazgo-inclusivo\/"},"wordCount":13,"publisher":{"@id":"https:\/\/www.actionproject.es\/#organization"},"image":{"@id":"https:\/\/www.actionproject.es\/blog\/liderazgo-inclusivo\/#primaryimage"},"thumbnailUrl":"https:\/\/www.actionproject.es\/wp-content\/uploads\/2025\/07\/liderazgo-inclusivo.jpg","articleSection":["Estrategia empresarial"],"inLanguage":"en-GB"},{"@type":"WebPage","@id":"https:\/\/www.actionproject.es\/blog\/liderazgo-inclusivo\/","url":"https:\/\/www.actionproject.es\/blog\/liderazgo-inclusivo\/","name":"Qu\u00e9 es el liderazgo inclusivo y c\u00f3mo llevarlo a la pr\u00e1ctica - Action Project","isPartOf":{"@id":"https:\/\/www.actionproject.es\/#website"},"primaryImageOfPage":{"@id":"https:\/\/www.actionproject.es\/blog\/liderazgo-inclusivo\/#primaryimage"},"image":{"@id":"https:\/\/www.actionproject.es\/blog\/liderazgo-inclusivo\/#primaryimage"},"thumbnailUrl":"https:\/\/www.actionproject.es\/wp-content\/uploads\/2025\/07\/liderazgo-inclusivo.jpg","datePublished":"2024-07-09T12:21:24+00:00","dateModified":"2025-07-02T09:13:15+00:00","breadcrumb":{"@id":"https:\/\/www.actionproject.es\/blog\/liderazgo-inclusivo\/#breadcrumb"},"inLanguage":"en-GB","potentialAction":[{"@type":"ReadAction","target":["https:\/\/www.actionproject.es\/blog\/liderazgo-inclusivo\/"]}]},{"@type":"ImageObject","inLanguage":"en-GB","@id":"https:\/\/www.actionproject.es\/blog\/liderazgo-inclusivo\/#primaryimage","url":"https:\/\/www.actionproject.es\/wp-content\/uploads\/2025\/07\/liderazgo-inclusivo.jpg","contentUrl":"https:\/\/www.actionproject.es\/wp-content\/uploads\/2025\/07\/liderazgo-inclusivo.jpg","width":1200,"height":800},{"@type":"BreadcrumbList","@id":"https:\/\/www.actionproject.es\/blog\/liderazgo-inclusivo\/#breadcrumb","itemListElement":[{"@type":"ListItem","position":1,"name":"Portada","item":"https:\/\/www.actionproject.es\/"},{"@type":"ListItem","position":2,"name":"Qu\u00e9 es el liderazgo inclusivo y c\u00f3mo llevarlo a la pr\u00e1ctica"}]},{"@type":"WebSite","@id":"https:\/\/www.actionproject.es\/#website","url":"https:\/\/www.actionproject.es\/","name":"Action Project","description":"","publisher":{"@id":"https:\/\/www.actionproject.es\/#organization"},"potentialAction":[{"@type":"SearchAction","target":{"@type":"EntryPoint","urlTemplate":"https:\/\/www.actionproject.es\/?s={search_term_string}"},"query-input":{"@type":"PropertyValueSpecification","valueRequired":true,"valueName":"search_term_string"}}],"inLanguage":"en-GB"},{"@type":"Organization","@id":"https:\/\/www.actionproject.es\/#organization","name":"Action Project","url":"https:\/\/www.actionproject.es\/","logo":{"@type":"ImageObject","inLanguage":"en-GB","@id":"https:\/\/www.actionproject.es\/#\/schema\/logo\/image\/","url":"https:\/\/www.actionproject.es\/wp-content\/uploads\/2025\/02\/favicon-action.png","contentUrl":"https:\/\/www.actionproject.es\/wp-content\/uploads\/2025\/02\/favicon-action.png","width":512,"height":512,"caption":"Action Project"},"image":{"@id":"https:\/\/www.actionproject.es\/#\/schema\/logo\/image\/"}},{"@type":"Person","@id":"https:\/\/www.actionproject.es\/#\/schema\/person\/01aa5bb80cabd3235975fa1fccb16e23","name":"Juanma","image":{"@type":"ImageObject","inLanguage":"en-GB","@id":"https:\/\/secure.gravatar.com\/avatar\/85f0c3c9ba6a2b2ba51b0df3346eaf50cafa606989920561324eac0dd1c938f4?s=96&d=mm&r=g","url":"https:\/\/secure.gravatar.com\/avatar\/85f0c3c9ba6a2b2ba51b0df3346eaf50cafa606989920561324eac0dd1c938f4?s=96&d=mm&r=g","contentUrl":"https:\/\/secure.gravatar.com\/avatar\/85f0c3c9ba6a2b2ba51b0df3346eaf50cafa606989920561324eac0dd1c938f4?s=96&d=mm&r=g","caption":"Juanma"},"url":"https:\/\/www.actionproject.es\/en_gb\/blog\/author\/juanma\/"}]}},"_links":{"self":[{"href":"https:\/\/www.actionproject.es\/en_gb\/wp-json\/wp\/v2\/posts\/823","targetHints":{"allow":["GET"]}}],"collection":[{"href":"https:\/\/www.actionproject.es\/en_gb\/wp-json\/wp\/v2\/posts"}],"about":[{"href":"https:\/\/www.actionproject.es\/en_gb\/wp-json\/wp\/v2\/types\/post"}],"author":[{"embeddable":true,"href":"https:\/\/www.actionproject.es\/en_gb\/wp-json\/wp\/v2\/users\/2"}],"replies":[{"embeddable":true,"href":"https:\/\/www.actionproject.es\/en_gb\/wp-json\/wp\/v2\/comments?post=823"}],"version-history":[{"count":4,"href":"https:\/\/www.actionproject.es\/en_gb\/wp-json\/wp\/v2\/posts\/823\/revisions"}],"predecessor-version":[{"id":1765,"href":"https:\/\/www.actionproject.es\/en_gb\/wp-json\/wp\/v2\/posts\/823\/revisions\/1765"}],"wp:featuredmedia":[{"embeddable":true,"href":"https:\/\/www.actionproject.es\/en_gb\/wp-json\/wp\/v2\/media\/1482"}],"wp:attachment":[{"href":"https:\/\/www.actionproject.es\/en_gb\/wp-json\/wp\/v2\/media?parent=823"}],"wp:term":[{"taxonomy":"category","embeddable":true,"href":"https:\/\/www.actionproject.es\/en_gb\/wp-json\/wp\/v2\/categories?post=823"},{"taxonomy":"post_tag","embeddable":true,"href":"https:\/\/www.actionproject.es\/en_gb\/wp-json\/wp\/v2\/tags?post=823"}],"curies":[{"name":"wp","href":"https:\/\/api.w.org\/{rel}","templated":true}]}}