{"id":826,"date":"2024-07-23T07:10:13","date_gmt":"2024-07-23T05:10:13","guid":{"rendered":"https:\/\/jumpers.work\/actionproject\/?p=826"},"modified":"2025-07-02T11:13:16","modified_gmt":"2025-07-02T09:13:16","slug":"cultura-empresarial","status":"publish","type":"post","link":"https:\/\/www.actionproject.es\/en_gb\/blog\/cultura-empresarial\/","title":{"rendered":"What is the business culture and how it affects?"},"content":{"rendered":"<p>\u00a0<\/p>\n<h2>Definici\u00f3n de cultura empresarial<\/h2>\n<p>\u00a0<\/p>\n<p>La cultura empresarial es el <strong>conjunto de valores, creencias y comportamientos compartidos que determinan c\u00f3mo los empleados de una organizaci\u00f3n interact\u00faan y trabajan juntos<\/strong>. Este concepto abarca la forma en que se toman decisiones, c\u00f3mo se abordan los problemas y c\u00f3mo se gestionan las relaciones tanto internas como externas.<\/p>\n<p>\u00a0<\/p>\n<h2>\u00bfCu\u00e1les son los tipos de cultura empresarial?<\/h2>\n<p>\u00a0<\/p>\n<ul>\n<li><strong>Cultura de poder<\/strong>. En este tipo de cultura el poder se concentra en unas pocas personas clave dentro de la organizaci\u00f3n. Las decisiones se toman r\u00e1pido, pero puede haber una falta de innovaci\u00f3n debido a la centralizaci\u00f3n del control.<\/li>\n<li><strong>Cultura de roles<\/strong>. Se basa en estructuras organizativas claras con roles y responsabilidades definidos. Es ideal para organizaciones grandes y estables, pero puede resultar r\u00edgida y lenta para adaptarse a cambios.<\/li>\n<li><strong>Cultura de tareas<\/strong>. Fomenta la flexibilidad y la colaboraci\u00f3n enfoc\u00e1ndose en equipos y proyectos. Es adecuada para entornos din\u00e1micos donde la innovaci\u00f3n y la rapidez de respuesta son cruciales.<\/li>\n<li><strong>Cultura de personas.<\/strong> Pone a los empleados en el centro, promoviendo su desarrollo personal y bienestar. Aunque fomenta un <a href=\"https:\/\/www.actionproject.es\/en_gb\/blog\/clima-laboral\/\">clima laboral<\/a> positivo, puede ser menos eficiente en la toma de decisiones r\u00e1pidas.<\/li>\n<\/ul>\n<p>\u00a0<\/p>\n<h2>\u00bfC\u00f3mo afecta la cultura empresarial a los negocios?<\/h2>\n<p>\u00a0<\/p>\n<ul>\n<li><strong>Productividad<\/strong>. Una cultura positiva puede aumentar la motivaci\u00f3n y el compromiso de los empleados, lo que mejora la productividad personal.<\/li>\n<li><strong>Retenci\u00f3n de empleados.<\/strong> Una cultura fuerte y atractiva ayuda a retener talento, reduciendo la rotaci\u00f3n y los costes asociados con la contrataci\u00f3n.<\/li>\n<li><strong>Imagen corporativa.<\/strong> Influye en la percepci\u00f3n externa de la empresa, atrayendo tanto a clientes como a posibles empleados.<\/li>\n<li><strong>Innovaci\u00f3n<\/strong>. Culturas que promueven la creatividad y la colaboraci\u00f3n tienden a ser m\u00e1s innovadoras y adaptables a cambios.<\/li>\n<\/ul>\n<p>\u00a0<\/p>\n<h3>Ejemplos de cultura empresarial<\/h3>\n<p>\u00a0<\/p>\n<p>Los negocios con una buena cultura empresarial con aquellas que:<\/p>\n<ul>\n<li><strong>Promueven la innovaci\u00f3n y la creatividad.<\/strong> Fomentan un ambiente donde los empleados tienen la libertad de experimentar y desarrollar nuevas ideas.<\/li>\n<li><strong>Enfocadas en la satisfacci\u00f3n del trabajador.<\/strong> Valoran el bienestar de los empleados, creando un ambiente de trabajo donde se sienten felices y motivados.<\/li>\n<li><strong>Centradas en la libertad y la responsabilidad.<\/strong> Conf\u00edan en que sus empleados tomen decisiones inteligentes, fomentando la independencia y el rendimiento.<\/li>\n<\/ul>\n<p>Y t\u00fa, \u00bfc\u00f3mo crees que afecta la cultura empresarial en tu negocio?<\/p>","protected":false},"excerpt":{"rendered":"<p>La cultura empresarial establece el tono para el ambiente de trabajo y gu\u00eda las interacciones y comportamientos dentro de la organizaci\u00f3n.<\/p>","protected":false},"author":2,"featured_media":1428,"comment_status":"closed","ping_status":"open","sticky":false,"template":"","format":"standard","meta":{"_acf_changed":false,"_joinchat":[],"footnotes":""},"categories":[10],"tags":[244,243,248],"class_list":["post-826","post","type-post","status-publish","format-standard","has-post-thumbnail","hentry","category-estrategia-empresarial","tag-ambiente-laboral","tag-clima-laboral","tag-cultura-de-empresa"],"acf":[],"aioseo_notices":[],"yoast_head":"<!-- This site is optimized with the Yoast SEO plugin v27.3 - https:\/\/yoast.com\/product\/yoast-seo-wordpress\/ -->\n<title>\u00bfQu\u00e9 es la cultura empresarial y c\u00f3mo afecta? - Action Project<\/title>\n<meta name=\"robots\" content=\"index, follow, max-snippet:-1, max-image-preview:large, max-video-preview:-1\" \/>\n<link rel=\"canonical\" href=\"https:\/\/www.actionproject.es\/en_gb\/blog\/cultura-empresarial\/\" \/>\n<meta property=\"og:locale\" content=\"en_GB\" \/>\n<meta property=\"og:type\" content=\"article\" \/>\n<meta property=\"og:title\" content=\"\u00bfQu\u00e9 es la cultura empresarial y c\u00f3mo afecta? - Action Project\" \/>\n<meta property=\"og:description\" content=\"La cultura empresarial establece el tono para el ambiente de trabajo y gu\u00eda las interacciones y comportamientos dentro de la organizaci\u00f3n.\" \/>\n<meta property=\"og:url\" content=\"https:\/\/www.actionproject.es\/en_gb\/blog\/cultura-empresarial\/\" \/>\n<meta property=\"og:site_name\" content=\"Action Project\" \/>\n<meta property=\"article:published_time\" content=\"2024-07-23T05:10:13+00:00\" \/>\n<meta property=\"article:modified_time\" content=\"2025-07-02T09:13:16+00:00\" \/>\n<meta property=\"og:image\" content=\"https:\/\/www.actionproject.es\/wp-content\/uploads\/2025\/07\/cultura-empresarial.jpg\" \/>\n\t<meta property=\"og:image:width\" content=\"1200\" \/>\n\t<meta property=\"og:image:height\" content=\"800\" \/>\n\t<meta property=\"og:image:type\" content=\"image\/jpeg\" \/>\n<meta name=\"author\" content=\"Juanma\" \/>\n<meta name=\"twitter:card\" content=\"summary_large_image\" \/>\n<meta name=\"twitter:label1\" content=\"Written by\" \/>\n\t<meta name=\"twitter:data1\" content=\"Juanma\" \/>\n\t<meta name=\"twitter:label2\" content=\"Estimated reading time\" \/>\n\t<meta name=\"twitter:data2\" content=\"2 minutes\" \/>\n<script type=\"application\/ld+json\" class=\"yoast-schema-graph\">{\"@context\":\"https:\\\/\\\/schema.org\",\"@graph\":[{\"@type\":\"Article\",\"@id\":\"https:\\\/\\\/www.actionproject.es\\\/blog\\\/cultura-empresarial\\\/#article\",\"isPartOf\":{\"@id\":\"https:\\\/\\\/www.actionproject.es\\\/blog\\\/cultura-empresarial\\\/\"},\"author\":{\"name\":\"Juanma\",\"@id\":\"https:\\\/\\\/www.actionproject.es\\\/#\\\/schema\\\/person\\\/01aa5bb80cabd3235975fa1fccb16e23\"},\"headline\":\"\u00bfQu\u00e9 es la cultura empresarial y c\u00f3mo afecta?\",\"datePublished\":\"2024-07-23T05:10:13+00:00\",\"dateModified\":\"2025-07-02T09:13:16+00:00\",\"mainEntityOfPage\":{\"@id\":\"https:\\\/\\\/www.actionproject.es\\\/blog\\\/cultura-empresarial\\\/\"},\"wordCount\":407,\"publisher\":{\"@id\":\"https:\\\/\\\/www.actionproject.es\\\/#organization\"},\"image\":{\"@id\":\"https:\\\/\\\/www.actionproject.es\\\/blog\\\/cultura-empresarial\\\/#primaryimage\"},\"thumbnailUrl\":\"https:\\\/\\\/www.actionproject.es\\\/wp-content\\\/uploads\\\/2025\\\/07\\\/cultura-empresarial.jpg\",\"keywords\":[\"ambiente laboral\",\"clima laboral\",\"cultura de empresa\"],\"articleSection\":[\"Estrategia empresarial\"],\"inLanguage\":\"en-GB\"},{\"@type\":\"WebPage\",\"@id\":\"https:\\\/\\\/www.actionproject.es\\\/blog\\\/cultura-empresarial\\\/\",\"url\":\"https:\\\/\\\/www.actionproject.es\\\/blog\\\/cultura-empresarial\\\/\",\"name\":\"\u00bfQu\u00e9 es la cultura empresarial y c\u00f3mo afecta? - Action Project\",\"isPartOf\":{\"@id\":\"https:\\\/\\\/www.actionproject.es\\\/#website\"},\"primaryImageOfPage\":{\"@id\":\"https:\\\/\\\/www.actionproject.es\\\/blog\\\/cultura-empresarial\\\/#primaryimage\"},\"image\":{\"@id\":\"https:\\\/\\\/www.actionproject.es\\\/blog\\\/cultura-empresarial\\\/#primaryimage\"},\"thumbnailUrl\":\"https:\\\/\\\/www.actionproject.es\\\/wp-content\\\/uploads\\\/2025\\\/07\\\/cultura-empresarial.jpg\",\"datePublished\":\"2024-07-23T05:10:13+00:00\",\"dateModified\":\"2025-07-02T09:13:16+00:00\",\"breadcrumb\":{\"@id\":\"https:\\\/\\\/www.actionproject.es\\\/blog\\\/cultura-empresarial\\\/#breadcrumb\"},\"inLanguage\":\"en-GB\",\"potentialAction\":[{\"@type\":\"ReadAction\",\"target\":[\"https:\\\/\\\/www.actionproject.es\\\/blog\\\/cultura-empresarial\\\/\"]}]},{\"@type\":\"ImageObject\",\"inLanguage\":\"en-GB\",\"@id\":\"https:\\\/\\\/www.actionproject.es\\\/blog\\\/cultura-empresarial\\\/#primaryimage\",\"url\":\"https:\\\/\\\/www.actionproject.es\\\/wp-content\\\/uploads\\\/2025\\\/07\\\/cultura-empresarial.jpg\",\"contentUrl\":\"https:\\\/\\\/www.actionproject.es\\\/wp-content\\\/uploads\\\/2025\\\/07\\\/cultura-empresarial.jpg\",\"width\":1200,\"height\":800},{\"@type\":\"BreadcrumbList\",\"@id\":\"https:\\\/\\\/www.actionproject.es\\\/blog\\\/cultura-empresarial\\\/#breadcrumb\",\"itemListElement\":[{\"@type\":\"ListItem\",\"position\":1,\"name\":\"Portada\",\"item\":\"https:\\\/\\\/www.actionproject.es\\\/\"},{\"@type\":\"ListItem\",\"position\":2,\"name\":\"\u00bfQu\u00e9 es la cultura empresarial y c\u00f3mo afecta?\"}]},{\"@type\":\"WebSite\",\"@id\":\"https:\\\/\\\/www.actionproject.es\\\/#website\",\"url\":\"https:\\\/\\\/www.actionproject.es\\\/\",\"name\":\"Action Project\",\"description\":\"\",\"publisher\":{\"@id\":\"https:\\\/\\\/www.actionproject.es\\\/#organization\"},\"potentialAction\":[{\"@type\":\"SearchAction\",\"target\":{\"@type\":\"EntryPoint\",\"urlTemplate\":\"https:\\\/\\\/www.actionproject.es\\\/?s={search_term_string}\"},\"query-input\":{\"@type\":\"PropertyValueSpecification\",\"valueRequired\":true,\"valueName\":\"search_term_string\"}}],\"inLanguage\":\"en-GB\"},{\"@type\":\"Organization\",\"@id\":\"https:\\\/\\\/www.actionproject.es\\\/#organization\",\"name\":\"Action Project\",\"url\":\"https:\\\/\\\/www.actionproject.es\\\/\",\"logo\":{\"@type\":\"ImageObject\",\"inLanguage\":\"en-GB\",\"@id\":\"https:\\\/\\\/www.actionproject.es\\\/#\\\/schema\\\/logo\\\/image\\\/\",\"url\":\"https:\\\/\\\/www.actionproject.es\\\/wp-content\\\/uploads\\\/2025\\\/02\\\/favicon-action.png\",\"contentUrl\":\"https:\\\/\\\/www.actionproject.es\\\/wp-content\\\/uploads\\\/2025\\\/02\\\/favicon-action.png\",\"width\":512,\"height\":512,\"caption\":\"Action Project\"},\"image\":{\"@id\":\"https:\\\/\\\/www.actionproject.es\\\/#\\\/schema\\\/logo\\\/image\\\/\"}},{\"@type\":\"Person\",\"@id\":\"https:\\\/\\\/www.actionproject.es\\\/#\\\/schema\\\/person\\\/01aa5bb80cabd3235975fa1fccb16e23\",\"name\":\"Juanma\",\"image\":{\"@type\":\"ImageObject\",\"inLanguage\":\"en-GB\",\"@id\":\"https:\\\/\\\/secure.gravatar.com\\\/avatar\\\/85f0c3c9ba6a2b2ba51b0df3346eaf50cafa606989920561324eac0dd1c938f4?s=96&d=mm&r=g\",\"url\":\"https:\\\/\\\/secure.gravatar.com\\\/avatar\\\/85f0c3c9ba6a2b2ba51b0df3346eaf50cafa606989920561324eac0dd1c938f4?s=96&d=mm&r=g\",\"contentUrl\":\"https:\\\/\\\/secure.gravatar.com\\\/avatar\\\/85f0c3c9ba6a2b2ba51b0df3346eaf50cafa606989920561324eac0dd1c938f4?s=96&d=mm&r=g\",\"caption\":\"Juanma\"},\"url\":\"https:\\\/\\\/www.actionproject.es\\\/en_gb\\\/blog\\\/author\\\/juanma\\\/\"}]}<\/script>\n<!-- \/ Yoast SEO plugin. -->","yoast_head_json":{"title":"\u00bfQu\u00e9 es la cultura empresarial y c\u00f3mo afecta? - Action Project","robots":{"index":"index","follow":"follow","max-snippet":"max-snippet:-1","max-image-preview":"max-image-preview:large","max-video-preview":"max-video-preview:-1"},"canonical":"https:\/\/www.actionproject.es\/en_gb\/blog\/cultura-empresarial\/","og_locale":"en_GB","og_type":"article","og_title":"\u00bfQu\u00e9 es la cultura empresarial y c\u00f3mo afecta? - Action Project","og_description":"La cultura empresarial establece el tono para el ambiente de trabajo y gu\u00eda las interacciones y comportamientos dentro de la organizaci\u00f3n.","og_url":"https:\/\/www.actionproject.es\/en_gb\/blog\/cultura-empresarial\/","og_site_name":"Action Project","article_published_time":"2024-07-23T05:10:13+00:00","article_modified_time":"2025-07-02T09:13:16+00:00","og_image":[{"width":1200,"height":800,"url":"https:\/\/www.actionproject.es\/wp-content\/uploads\/2025\/07\/cultura-empresarial.jpg","type":"image\/jpeg"}],"author":"Juanma","twitter_card":"summary_large_image","twitter_misc":{"Written by":"Juanma","Estimated reading time":"2 minutes"},"schema":{"@context":"https:\/\/schema.org","@graph":[{"@type":"Article","@id":"https:\/\/www.actionproject.es\/blog\/cultura-empresarial\/#article","isPartOf":{"@id":"https:\/\/www.actionproject.es\/blog\/cultura-empresarial\/"},"author":{"name":"Juanma","@id":"https:\/\/www.actionproject.es\/#\/schema\/person\/01aa5bb80cabd3235975fa1fccb16e23"},"headline":"\u00bfQu\u00e9 es la cultura empresarial y c\u00f3mo afecta?","datePublished":"2024-07-23T05:10:13+00:00","dateModified":"2025-07-02T09:13:16+00:00","mainEntityOfPage":{"@id":"https:\/\/www.actionproject.es\/blog\/cultura-empresarial\/"},"wordCount":407,"publisher":{"@id":"https:\/\/www.actionproject.es\/#organization"},"image":{"@id":"https:\/\/www.actionproject.es\/blog\/cultura-empresarial\/#primaryimage"},"thumbnailUrl":"https:\/\/www.actionproject.es\/wp-content\/uploads\/2025\/07\/cultura-empresarial.jpg","keywords":["ambiente laboral","clima laboral","cultura de empresa"],"articleSection":["Estrategia empresarial"],"inLanguage":"en-GB"},{"@type":"WebPage","@id":"https:\/\/www.actionproject.es\/blog\/cultura-empresarial\/","url":"https:\/\/www.actionproject.es\/blog\/cultura-empresarial\/","name":"\u00bfQu\u00e9 es la cultura empresarial y c\u00f3mo afecta? - Action Project","isPartOf":{"@id":"https:\/\/www.actionproject.es\/#website"},"primaryImageOfPage":{"@id":"https:\/\/www.actionproject.es\/blog\/cultura-empresarial\/#primaryimage"},"image":{"@id":"https:\/\/www.actionproject.es\/blog\/cultura-empresarial\/#primaryimage"},"thumbnailUrl":"https:\/\/www.actionproject.es\/wp-content\/uploads\/2025\/07\/cultura-empresarial.jpg","datePublished":"2024-07-23T05:10:13+00:00","dateModified":"2025-07-02T09:13:16+00:00","breadcrumb":{"@id":"https:\/\/www.actionproject.es\/blog\/cultura-empresarial\/#breadcrumb"},"inLanguage":"en-GB","potentialAction":[{"@type":"ReadAction","target":["https:\/\/www.actionproject.es\/blog\/cultura-empresarial\/"]}]},{"@type":"ImageObject","inLanguage":"en-GB","@id":"https:\/\/www.actionproject.es\/blog\/cultura-empresarial\/#primaryimage","url":"https:\/\/www.actionproject.es\/wp-content\/uploads\/2025\/07\/cultura-empresarial.jpg","contentUrl":"https:\/\/www.actionproject.es\/wp-content\/uploads\/2025\/07\/cultura-empresarial.jpg","width":1200,"height":800},{"@type":"BreadcrumbList","@id":"https:\/\/www.actionproject.es\/blog\/cultura-empresarial\/#breadcrumb","itemListElement":[{"@type":"ListItem","position":1,"name":"Portada","item":"https:\/\/www.actionproject.es\/"},{"@type":"ListItem","position":2,"name":"\u00bfQu\u00e9 es la cultura empresarial y c\u00f3mo afecta?"}]},{"@type":"WebSite","@id":"https:\/\/www.actionproject.es\/#website","url":"https:\/\/www.actionproject.es\/","name":"Action Project","description":"","publisher":{"@id":"https:\/\/www.actionproject.es\/#organization"},"potentialAction":[{"@type":"SearchAction","target":{"@type":"EntryPoint","urlTemplate":"https:\/\/www.actionproject.es\/?s={search_term_string}"},"query-input":{"@type":"PropertyValueSpecification","valueRequired":true,"valueName":"search_term_string"}}],"inLanguage":"en-GB"},{"@type":"Organization","@id":"https:\/\/www.actionproject.es\/#organization","name":"Action Project","url":"https:\/\/www.actionproject.es\/","logo":{"@type":"ImageObject","inLanguage":"en-GB","@id":"https:\/\/www.actionproject.es\/#\/schema\/logo\/image\/","url":"https:\/\/www.actionproject.es\/wp-content\/uploads\/2025\/02\/favicon-action.png","contentUrl":"https:\/\/www.actionproject.es\/wp-content\/uploads\/2025\/02\/favicon-action.png","width":512,"height":512,"caption":"Action Project"},"image":{"@id":"https:\/\/www.actionproject.es\/#\/schema\/logo\/image\/"}},{"@type":"Person","@id":"https:\/\/www.actionproject.es\/#\/schema\/person\/01aa5bb80cabd3235975fa1fccb16e23","name":"Juanma","image":{"@type":"ImageObject","inLanguage":"en-GB","@id":"https:\/\/secure.gravatar.com\/avatar\/85f0c3c9ba6a2b2ba51b0df3346eaf50cafa606989920561324eac0dd1c938f4?s=96&d=mm&r=g","url":"https:\/\/secure.gravatar.com\/avatar\/85f0c3c9ba6a2b2ba51b0df3346eaf50cafa606989920561324eac0dd1c938f4?s=96&d=mm&r=g","contentUrl":"https:\/\/secure.gravatar.com\/avatar\/85f0c3c9ba6a2b2ba51b0df3346eaf50cafa606989920561324eac0dd1c938f4?s=96&d=mm&r=g","caption":"Juanma"},"url":"https:\/\/www.actionproject.es\/en_gb\/blog\/author\/juanma\/"}]}},"_links":{"self":[{"href":"https:\/\/www.actionproject.es\/en_gb\/wp-json\/wp\/v2\/posts\/826","targetHints":{"allow":["GET"]}}],"collection":[{"href":"https:\/\/www.actionproject.es\/en_gb\/wp-json\/wp\/v2\/posts"}],"about":[{"href":"https:\/\/www.actionproject.es\/en_gb\/wp-json\/wp\/v2\/types\/post"}],"author":[{"embeddable":true,"href":"https:\/\/www.actionproject.es\/en_gb\/wp-json\/wp\/v2\/users\/2"}],"replies":[{"embeddable":true,"href":"https:\/\/www.actionproject.es\/en_gb\/wp-json\/wp\/v2\/comments?post=826"}],"version-history":[{"count":3,"href":"https:\/\/www.actionproject.es\/en_gb\/wp-json\/wp\/v2\/posts\/826\/revisions"}],"predecessor-version":[{"id":1730,"href":"https:\/\/www.actionproject.es\/en_gb\/wp-json\/wp\/v2\/posts\/826\/revisions\/1730"}],"wp:featuredmedia":[{"embeddable":true,"href":"https:\/\/www.actionproject.es\/en_gb\/wp-json\/wp\/v2\/media\/1428"}],"wp:attachment":[{"href":"https:\/\/www.actionproject.es\/en_gb\/wp-json\/wp\/v2\/media?parent=826"}],"wp:term":[{"taxonomy":"category","embeddable":true,"href":"https:\/\/www.actionproject.es\/en_gb\/wp-json\/wp\/v2\/categories?post=826"},{"taxonomy":"post_tag","embeddable":true,"href":"https:\/\/www.actionproject.es\/en_gb\/wp-json\/wp\/v2\/tags?post=826"}],"curies":[{"name":"wp","href":"https:\/\/api.w.org\/{rel}","templated":true}]}}